{"id":40926,"date":"2024-10-02T14:56:24","date_gmt":"2024-10-02T17:56:24","guid":{"rendered":"https:\/\/www.vagadeempregorj.com.br\/?p=40926"},"modified":"2025-06-15T14:46:42","modified_gmt":"2025-06-15T17:46:42","slug":"forklift-course-at-senai-who-can-take-it","status":"publish","type":"post","link":"https:\/\/www.vagadeempregorj.com.br\/en\/curso-de-empilhadeira-pelo-senai-quem-pode-fazer\/","title":{"rendered":"Forklift course by Senai: Who can take it?"},"content":{"rendered":"<p>The job market is constantly evolving, and one area that consistently offers good opportunities is that of forklift operators. <strong>forklift course at Senai<\/strong> It is an excellent option for those seeking professional qualification in this area, with the advantage of being offered by one of the most recognized institutions in Brazil in terms of technical and industrial education.<\/p>\n\n\n\n<p>Operating a forklift may seem simple, but it requires a range of specific skills and knowledge, especially regarding workplace safety and proper equipment handling.<\/p>\n\n\n\n<figure class=\"wp-block-image size-large\"><img loading=\"lazy\" decoding=\"async\" width=\"1024\" height=\"585\" src=\"https:\/\/www.vagadeempregorj.com.br\/wp-content\/uploads\/2024\/10\/image-13-1024x585.png\" alt=\"\" class=\"wp-image-40927\" srcset=\"https:\/\/www.vagadeempregorj.com.br\/wp-content\/uploads\/2024\/10\/image-13-1024x585.png 1024w, https:\/\/www.vagadeempregorj.com.br\/wp-content\/uploads\/2024\/10\/image-13-300x171.png 300w, https:\/\/www.vagadeempregorj.com.br\/wp-content\/uploads\/2024\/10\/image-13-768x439.png 768w, https:\/\/www.vagadeempregorj.com.br\/wp-content\/uploads\/2024\/10\/image-13-1536x878.png 1536w, https:\/\/www.vagadeempregorj.com.br\/wp-content\/uploads\/2024\/10\/image-13-150x86.png 150w, https:\/\/www.vagadeempregorj.com.br\/wp-content\/uploads\/2024\/10\/image-13.png 1792w\" sizes=\"auto, (max-width: 1024px) 100vw, 1024px\" \/><\/figure>\n\n\n\n<h2 class=\"wp-block-heading\">Why choose the forklift course at Senai?<\/h2>\n\n\n\n<p>THE <strong>Senai<\/strong> (National Service for Industrial Training) is known for the quality of its technical and vocational courses, which meet the demands of the Brazilian industrial sector. The forklift course, in particular, is an excellent choice for those wishing to enter or improve their skills in the area of logistics and industrial operations. Some of the reasons to choose the forklift course at SENAI include:<\/p>\n\n\n\n<ul class=\"wp-block-list\">\n<li><strong>Market recognition<\/strong>Senai is widely respected for its educational quality, and its courses are well-regarded by employers throughout the country.<\/li>\n\n\n\n<li><strong>Certification<\/strong>Upon completing the course, the student receives a certificate that can be a valuable addition to their resume and increase their chances of being hired.<\/li>\n\n\n\n<li><strong>Qualified teachers<\/strong>Senai has experienced and highly trained instructors who bring not only theoretical knowledge but also practical experience from the sector.<\/li>\n\n\n\n<li><strong>Focus on safety<\/strong>One of the main focuses of the course is to ensure that the student operates the forklift safely, avoiding accidents and guaranteeing the integrity of the equipment and cargo.<\/li>\n<\/ul>\n\n\n\n<h2 class=\"wp-block-heading\">What do you learn in the forklift course at Senai?<\/h2>\n\n\n\n<p>THE <strong>forklift course at Senai<\/strong> It is quite comprehensive and covers all the necessary aspects for the operator to perform their duties efficiently and safely. Below, we will detail some of the main topics covered during the course:<\/p>\n\n\n\n<h3 class=\"wp-block-heading\">1. Theoretical knowledge<\/h3>\n\n\n\n<p>The course begins with a strong theoretical foundation, which includes:<\/p>\n\n\n\n<ul class=\"wp-block-list\">\n<li><strong>Safety standards<\/strong>Learn about the regulatory standards (NRs) that govern the use of forklifts in Brazil, such as NR 11 (Transportation, Handling, Storage and Handling of Materials).<\/li>\n\n\n\n<li><strong>Types of forklifts<\/strong>The student learns about the different types of forklifts, such as electric, combustion, reach trucks, among others, and learns to identify which one is most suitable for each type of operation.<\/li>\n\n\n\n<li><strong>Basic mechanics<\/strong>Understanding the mechanical components of the forklift, so that the operator can recognize potential faults and perform basic preventive maintenance.<\/li>\n<\/ul>\n\n\n\n<h3 class=\"wp-block-heading\">2. Operational practices<\/h3>\n\n\n\n<p>In addition to theory, the forklift course at Senai also includes an essential practical component, where students put what they have learned into practice. Some of the topics covered include:<\/p>\n\n\n\n<ul class=\"wp-block-list\">\n<li><strong>Proper handling of loads<\/strong>Learn how to lift, transport, and stack loads efficiently, ensuring the stability of the material and preventing damage.<\/li>\n\n\n\n<li><strong>Operating techniques<\/strong>The student practices operating the forklift, focusing on steering, maneuvering in tight spaces, and height control when lifting loads.<\/li>\n\n\n\n<li><strong>Operational safety<\/strong>Practical training in situations that may occur during forklift operation, such as emergency braking, maneuvering on uneven surfaces, and in areas with pedestrian traffic.<\/li>\n<\/ul>\n\n\n\n<h2 class=\"wp-block-heading\">Who can take the forklift course at Senai?<\/h2>\n\n\n\n<p>The forklift course offered by SENAI is aimed at people who already work in logistics and cargo handling or who wish to enter this sector. However, there are some requirements that candidates must meet:<\/p>\n\n\n\n<ul class=\"wp-block-list\">\n<li><strong>Minimum age<\/strong>You must be at least 18 years old to enroll in the course.<\/li>\n\n\n\n<li><strong>Education<\/strong>Most courses require that the applicant has completed primary education, although some units may have specific requirements.<\/li>\n\n\n\n<li><strong>Driver&#039;s License<\/strong>Some Senai units may require students to possess a national driver&#039;s license (CNH) in categories B or C.<\/li>\n<\/ul>\n\n\n\n<h2 class=\"wp-block-heading\">What are the advantages of taking a forklift course at Senai?<\/h2>\n\n\n\n<p>When doing the <strong>forklift course at Senai<\/strong>, In this way, the student not only qualifies for a high-demand profession, but also gains a number of advantages:<\/p>\n\n\n\n<ul class=\"wp-block-list\">\n<li><strong>Better job opportunities<\/strong>With the growth of the logistics sector, companies of all sizes are looking for qualified forklift operators.<\/li>\n\n\n\n<li><strong>Competitive salaries<\/strong>A well-trained forklift operator can earn attractive salaries, which may vary depending on experience and company size.<\/li>\n\n\n\n<li><strong>Recognized certification<\/strong>The Senai certificate is widely accepted and valued in the job market, opening doors in various industries.<\/li>\n<\/ul>\n\n\n\n<p>Furthermore, many companies prefer to hire professionals who have already undergone quality training such as that offered by Senai, because they know that these professionals are ready to operate the equipment efficiently and safely.<\/p>\n\n\n\n<h2 class=\"wp-block-heading\">Where can I find a forklift operator course at SENAI?<\/h2>\n\n\n\n<p>THE <strong>forklift course at Senai<\/strong> It is available in several locations throughout Brazil. It is important to check the available spots at the location nearest to you. Some tips for finding and enrolling in the course include:<\/p>\n\n\n\n<ul class=\"wp-block-list\">\n<li><strong>Official website of Senai<\/strong>The <a href=\"https:\/\/www.sistemafiep.org.br\/cursos-tecnicos\/\">official website of Senai<\/a> It offers a search for courses in all regions of the country. Simply access the platform, select your city or state, and search for the forklift course.<\/li>\n\n\n\n<li><strong>Regional units<\/strong>Often, the course may be offered by regional units or even by companies partnered with Senai, which provide training directly at the workplace.<\/li>\n\n\n\n<li><strong>Free courses<\/strong>Some SENAI units offer forklift operator courses free of charge through social inclusion and professional training programs. Keep an eye out for opportunities!<\/li>\n<\/ul>\n\n\n\n<h2 class=\"wp-block-heading\">The next step in your career<\/h2>\n\n\n\n<p>Now that you know more about it <strong>forklift course at Senai<\/strong>, So, what are you waiting for to enroll? The forklift operator profession offers a solid career full of opportunities. With your SENAI certification in hand, you&#039;ll be ready to achieve a prominent position in the industrial and logistics sector. Don&#039;t let this chance pass you by \u2013 find a SENAI unit near you and take the next step in your professional journey!<\/p>\n\n\n\n<p><strong>See also: <a href=\"https:\/\/www.vagadeempregorj.com.br\/en\/free-online-computer-courses-see-options\/\">Free online computer courses; see options<\/a><\/strong><\/p>\n\n\n\n<p>October 2, 2024<\/p>\n\n\n\n<p><\/p>","protected":false},"excerpt":{"rendered":"<p>O mercado de trabalho est\u00e1 em constante evolu\u00e7\u00e3o, e uma das \u00e1reas que sempre apresenta boas oportunidades \u00e9 a de operadores de empilhadeira. O curso de empilhadeira pelo Senai \u00e9 uma excelente op\u00e7\u00e3o para quem busca qualifica\u00e7\u00e3o profissional nessa \u00e1rea, com a vantagem de ser oferecido por uma das institui\u00e7\u00f5es mais reconhecidas no Brasil em&hellip;&nbsp;<\/p>","protected":false},"author":16,"featured_media":40927,"comment_status":"closed","ping_status":"closed","sticky":false,"template":"","format":"standard","meta":{"neve_meta_sidebar":"","neve_meta_container":"","neve_meta_enable_content_width":"","neve_meta_content_width":0,"neve_meta_title_alignment":"","neve_meta_author_avatar":"","neve_post_elements_order":"","neve_meta_disable_header":"","neve_meta_disable_footer":"","neve_meta_disable_title":"","footnotes":""},"categories":[703],"tags":[],"class_list":["post-40926","post","type-post","status-publish","format-standard","has-post-thumbnail","hentry","category-informacao-tecnologica-e-curiosidades"],"yoast_head":"<!-- This site is optimized with the Yoast SEO plugin v27.5 - https:\/\/yoast.com\/product\/yoast-seo-wordpress\/ -->\n<title>Curso de empilhadeira pelo Senai: Quem pode fazer? -<\/title>\n<meta name=\"description\" content=\"Veja em Vagas de Emprego RJ as vagas de emprego com e sem experi\u00eancia no seu Estado e Regi\u00e3o!\" \/>\n<meta name=\"robots\" content=\"index, follow, max-snippet:-1, max-image-preview:large, max-video-preview:-1\" \/>\n<link rel=\"canonical\" href=\"https:\/\/www.vagadeempregorj.com.br\/en\/forklift-course-at-senai-who-can-take-it\/\" \/>\n<meta property=\"og:locale\" content=\"en_US\" \/>\n<meta property=\"og:type\" content=\"article\" \/>\n<meta property=\"og:title\" content=\"Curso de empilhadeira pelo Senai: Quem pode fazer? -\" \/>\n<meta property=\"og:description\" content=\"Veja em Vagas de Emprego RJ as vagas de emprego com e sem experi\u00eancia no seu Estado e Regi\u00e3o!\" \/>\n<meta property=\"og:url\" content=\"https:\/\/www.vagadeempregorj.com.br\/en\/forklift-course-at-senai-who-can-take-it\/\" \/>\n<meta property=\"article:publisher\" content=\"https:\/\/www.facebook.com\/empregobrasiloficial\" \/>\n<meta property=\"article:published_time\" content=\"2024-10-02T17:56:24+00:00\" \/>\n<meta property=\"article:modified_time\" content=\"2025-06-15T17:46:42+00:00\" \/>\n<meta property=\"og:image\" content=\"https:\/\/www.vagadeempregorj.com.br\/wp-content\/uploads\/2024\/10\/image-13-1024x585.png\" \/>\n\t<meta property=\"og:image:width\" content=\"1024\" \/>\n\t<meta property=\"og:image:height\" content=\"585\" \/>\n\t<meta property=\"og:image:type\" content=\"image\/png\" \/>\n<meta name=\"author\" content=\"Michele\" \/>\n<meta name=\"twitter:card\" content=\"summary_large_image\" \/>\n<meta name=\"twitter:label1\" content=\"Written by\" \/>\n\t<meta name=\"twitter:data1\" content=\"Michele\" \/>\n\t<meta name=\"twitter:label2\" content=\"Est. reading time\" \/>\n\t<meta name=\"twitter:data2\" content=\"5 minutes\" \/>\n<script type=\"application\/ld+json\" class=\"yoast-schema-graph\">{\"@context\":\"https:\\\/\\\/schema.org\",\"@graph\":[{\"@type\":\"Article\",\"@id\":\"https:\\\/\\\/www.vagadeempregorj.com.br\\\/curso-de-empilhadeira-pelo-senai-quem-pode-fazer\\\/#article\",\"isPartOf\":{\"@id\":\"https:\\\/\\\/www.vagadeempregorj.com.br\\\/curso-de-empilhadeira-pelo-senai-quem-pode-fazer\\\/\"},\"author\":{\"name\":\"Michele\",\"@id\":\"https:\\\/\\\/www.vagadeempregorj.com.br\\\/#\\\/schema\\\/person\\\/3ddb19fa0539706786e502152f3aae95\"},\"headline\":\"Curso de empilhadeira pelo Senai: Quem pode fazer?\",\"datePublished\":\"2024-10-02T17:56:24+00:00\",\"dateModified\":\"2025-06-15T17:46:42+00:00\",\"mainEntityOfPage\":{\"@id\":\"https:\\\/\\\/www.vagadeempregorj.com.br\\\/curso-de-empilhadeira-pelo-senai-quem-pode-fazer\\\/\"},\"wordCount\":1086,\"image\":{\"@id\":\"https:\\\/\\\/www.vagadeempregorj.com.br\\\/curso-de-empilhadeira-pelo-senai-quem-pode-fazer\\\/#primaryimage\"},\"thumbnailUrl\":\"https:\\\/\\\/www.vagadeempregorj.com.br\\\/wp-content\\\/uploads\\\/2024\\\/10\\\/image-13.png\",\"articleSection\":[\"Informa\u00e7\u00e3o Tecnol\u00f3gica, Curiosidades e Cursos\"],\"inLanguage\":\"en-US\"},{\"@type\":\"WebPage\",\"@id\":\"https:\\\/\\\/www.vagadeempregorj.com.br\\\/curso-de-empilhadeira-pelo-senai-quem-pode-fazer\\\/\",\"url\":\"https:\\\/\\\/www.vagadeempregorj.com.br\\\/curso-de-empilhadeira-pelo-senai-quem-pode-fazer\\\/\",\"name\":\"Curso de empilhadeira pelo Senai: Quem pode fazer? -\",\"isPartOf\":{\"@id\":\"https:\\\/\\\/www.vagadeempregorj.com.br\\\/#website\"},\"primaryImageOfPage\":{\"@id\":\"https:\\\/\\\/www.vagadeempregorj.com.br\\\/curso-de-empilhadeira-pelo-senai-quem-pode-fazer\\\/#primaryimage\"},\"image\":{\"@id\":\"https:\\\/\\\/www.vagadeempregorj.com.br\\\/curso-de-empilhadeira-pelo-senai-quem-pode-fazer\\\/#primaryimage\"},\"thumbnailUrl\":\"https:\\\/\\\/www.vagadeempregorj.com.br\\\/wp-content\\\/uploads\\\/2024\\\/10\\\/image-13.png\",\"datePublished\":\"2024-10-02T17:56:24+00:00\",\"dateModified\":\"2025-06-15T17:46:42+00:00\",\"author\":{\"@id\":\"https:\\\/\\\/www.vagadeempregorj.com.br\\\/#\\\/schema\\\/person\\\/3ddb19fa0539706786e502152f3aae95\"},\"description\":\"Veja em Vagas de Emprego RJ as vagas de emprego com e sem experi\u00eancia no seu Estado e Regi\u00e3o!\",\"breadcrumb\":{\"@id\":\"https:\\\/\\\/www.vagadeempregorj.com.br\\\/curso-de-empilhadeira-pelo-senai-quem-pode-fazer\\\/#breadcrumb\"},\"inLanguage\":\"en-US\",\"potentialAction\":[{\"@type\":\"ReadAction\",\"target\":[\"https:\\\/\\\/www.vagadeempregorj.com.br\\\/curso-de-empilhadeira-pelo-senai-quem-pode-fazer\\\/\"]}]},{\"@type\":\"ImageObject\",\"inLanguage\":\"en-US\",\"@id\":\"https:\\\/\\\/www.vagadeempregorj.com.br\\\/curso-de-empilhadeira-pelo-senai-quem-pode-fazer\\\/#primaryimage\",\"url\":\"https:\\\/\\\/www.vagadeempregorj.com.br\\\/wp-content\\\/uploads\\\/2024\\\/10\\\/image-13.png\",\"contentUrl\":\"https:\\\/\\\/www.vagadeempregorj.com.br\\\/wp-content\\\/uploads\\\/2024\\\/10\\\/image-13.png\",\"width\":1792,\"height\":1024},{\"@type\":\"BreadcrumbList\",\"@id\":\"https:\\\/\\\/www.vagadeempregorj.com.br\\\/curso-de-empilhadeira-pelo-senai-quem-pode-fazer\\\/#breadcrumb\",\"itemListElement\":[{\"@type\":\"ListItem\",\"position\":1,\"name\":\"In\u00edcio\",\"item\":\"https:\\\/\\\/www.vagadeempregorj.com.br\\\/\"},{\"@type\":\"ListItem\",\"position\":2,\"name\":\"Curso de empilhadeira pelo Senai: Quem pode fazer?\"}]},{\"@type\":\"WebSite\",\"@id\":\"https:\\\/\\\/www.vagadeempregorj.com.br\\\/#website\",\"url\":\"https:\\\/\\\/www.vagadeempregorj.com.br\\\/\",\"name\":\"\",\"description\":\"Conquiste Sonhos: Vagas, Benef\u00edcios e Economia para Transformar Vidas e Alcan\u00e7ar Melhorias Cotidianas\",\"potentialAction\":[{\"@type\":\"SearchAction\",\"target\":{\"@type\":\"EntryPoint\",\"urlTemplate\":\"https:\\\/\\\/www.vagadeempregorj.com.br\\\/?s={search_term_string}\"},\"query-input\":{\"@type\":\"PropertyValueSpecification\",\"valueRequired\":true,\"valueName\":\"search_term_string\"}}],\"inLanguage\":\"en-US\"},{\"@type\":\"Person\",\"@id\":\"https:\\\/\\\/www.vagadeempregorj.com.br\\\/#\\\/schema\\\/person\\\/3ddb19fa0539706786e502152f3aae95\",\"name\":\"Michele\",\"image\":{\"@type\":\"ImageObject\",\"inLanguage\":\"en-US\",\"@id\":\"https:\\\/\\\/secure.gravatar.com\\\/avatar\\\/6b0eb9d22841282815e2cd856a0061c45e1761cd54b22e952d98c4746939aa85?s=96&r=g\",\"url\":\"https:\\\/\\\/secure.gravatar.com\\\/avatar\\\/6b0eb9d22841282815e2cd856a0061c45e1761cd54b22e952d98c4746939aa85?s=96&r=g\",\"contentUrl\":\"https:\\\/\\\/secure.gravatar.com\\\/avatar\\\/6b0eb9d22841282815e2cd856a0061c45e1761cd54b22e952d98c4746939aa85?s=96&r=g\",\"caption\":\"Michele\"},\"description\":\"Formada em Letras - Portugu\u00eas\\\/ Ingl\u00eas, e idealizadora do site Escritora de Sucesso, busca expandir o conhecimento de todos com informa\u00e7\u00f5es relevantes sobre diversos assuntos, enquanto redatora. No Vaga de Emprego RJ, traz oportunidades e dicas sobre o mercado de trabalho.\",\"url\":\"https:\\\/\\\/www.vagadeempregorj.com.br\\\/en\\\/author\\\/michele\\\/\"}]}<\/script>\n<!-- \/ Yoast SEO plugin. -->","yoast_head_json":{"title":"Forklift course at SENAI: Who can take it?","description":"Check out Job Vacancies in RJ for job openings with and without experience in your state and region!","robots":{"index":"index","follow":"follow","max-snippet":"max-snippet:-1","max-image-preview":"max-image-preview:large","max-video-preview":"max-video-preview:-1"},"canonical":"https:\/\/www.vagadeempregorj.com.br\/en\/forklift-course-at-senai-who-can-take-it\/","og_locale":"en_US","og_type":"article","og_title":"Curso de empilhadeira pelo Senai: Quem pode fazer? -","og_description":"Veja em Vagas de Emprego RJ as vagas de emprego com e sem experi\u00eancia no seu Estado e Regi\u00e3o!","og_url":"https:\/\/www.vagadeempregorj.com.br\/en\/forklift-course-at-senai-who-can-take-it\/","article_publisher":"https:\/\/www.facebook.com\/empregobrasiloficial","article_published_time":"2024-10-02T17:56:24+00:00","article_modified_time":"2025-06-15T17:46:42+00:00","og_image":[{"width":1024,"height":585,"url":"https:\/\/www.vagadeempregorj.com.br\/wp-content\/uploads\/2024\/10\/image-13-1024x585.png","type":"image\/png"}],"author":"Michele","twitter_card":"summary_large_image","twitter_misc":{"Written by":"Michele","Est. reading time":"5 minutes"},"schema":{"@context":"https:\/\/schema.org","@graph":[{"@type":"Article","@id":"https:\/\/www.vagadeempregorj.com.br\/curso-de-empilhadeira-pelo-senai-quem-pode-fazer\/#article","isPartOf":{"@id":"https:\/\/www.vagadeempregorj.com.br\/curso-de-empilhadeira-pelo-senai-quem-pode-fazer\/"},"author":{"name":"Michele","@id":"https:\/\/www.vagadeempregorj.com.br\/#\/schema\/person\/3ddb19fa0539706786e502152f3aae95"},"headline":"Curso de empilhadeira pelo Senai: Quem pode fazer?","datePublished":"2024-10-02T17:56:24+00:00","dateModified":"2025-06-15T17:46:42+00:00","mainEntityOfPage":{"@id":"https:\/\/www.vagadeempregorj.com.br\/curso-de-empilhadeira-pelo-senai-quem-pode-fazer\/"},"wordCount":1086,"image":{"@id":"https:\/\/www.vagadeempregorj.com.br\/curso-de-empilhadeira-pelo-senai-quem-pode-fazer\/#primaryimage"},"thumbnailUrl":"https:\/\/www.vagadeempregorj.com.br\/wp-content\/uploads\/2024\/10\/image-13.png","articleSection":["Informa\u00e7\u00e3o Tecnol\u00f3gica, Curiosidades e Cursos"],"inLanguage":"en-US"},{"@type":"WebPage","@id":"https:\/\/www.vagadeempregorj.com.br\/curso-de-empilhadeira-pelo-senai-quem-pode-fazer\/","url":"https:\/\/www.vagadeempregorj.com.br\/curso-de-empilhadeira-pelo-senai-quem-pode-fazer\/","name":"Forklift course at SENAI: Who can take it?","isPartOf":{"@id":"https:\/\/www.vagadeempregorj.com.br\/#website"},"primaryImageOfPage":{"@id":"https:\/\/www.vagadeempregorj.com.br\/curso-de-empilhadeira-pelo-senai-quem-pode-fazer\/#primaryimage"},"image":{"@id":"https:\/\/www.vagadeempregorj.com.br\/curso-de-empilhadeira-pelo-senai-quem-pode-fazer\/#primaryimage"},"thumbnailUrl":"https:\/\/www.vagadeempregorj.com.br\/wp-content\/uploads\/2024\/10\/image-13.png","datePublished":"2024-10-02T17:56:24+00:00","dateModified":"2025-06-15T17:46:42+00:00","author":{"@id":"https:\/\/www.vagadeempregorj.com.br\/#\/schema\/person\/3ddb19fa0539706786e502152f3aae95"},"description":"Check out Job Vacancies in RJ for job openings with and without experience in your state and region!","breadcrumb":{"@id":"https:\/\/www.vagadeempregorj.com.br\/curso-de-empilhadeira-pelo-senai-quem-pode-fazer\/#breadcrumb"},"inLanguage":"en-US","potentialAction":[{"@type":"ReadAction","target":["https:\/\/www.vagadeempregorj.com.br\/curso-de-empilhadeira-pelo-senai-quem-pode-fazer\/"]}]},{"@type":"ImageObject","inLanguage":"en-US","@id":"https:\/\/www.vagadeempregorj.com.br\/curso-de-empilhadeira-pelo-senai-quem-pode-fazer\/#primaryimage","url":"https:\/\/www.vagadeempregorj.com.br\/wp-content\/uploads\/2024\/10\/image-13.png","contentUrl":"https:\/\/www.vagadeempregorj.com.br\/wp-content\/uploads\/2024\/10\/image-13.png","width":1792,"height":1024},{"@type":"BreadcrumbList","@id":"https:\/\/www.vagadeempregorj.com.br\/curso-de-empilhadeira-pelo-senai-quem-pode-fazer\/#breadcrumb","itemListElement":[{"@type":"ListItem","position":1,"name":"In\u00edcio","item":"https:\/\/www.vagadeempregorj.com.br\/"},{"@type":"ListItem","position":2,"name":"Curso de empilhadeira pelo Senai: Quem pode fazer?"}]},{"@type":"WebSite","@id":"https:\/\/www.vagadeempregorj.com.br\/#website","url":"https:\/\/www.vagadeempregorj.com.br\/","name":"","description":"Achieve Dreams: Jobs, Benefits, and Savings to Transform Lives and Achieve Everyday Improvements","potentialAction":[{"@type":"SearchAction","target":{"@type":"EntryPoint","urlTemplate":"https:\/\/www.vagadeempregorj.com.br\/?s={search_term_string}"},"query-input":{"@type":"PropertyValueSpecification","valueRequired":true,"valueName":"search_term_string"}}],"inLanguage":"en-US"},{"@type":"Person","@id":"https:\/\/www.vagadeempregorj.com.br\/#\/schema\/person\/3ddb19fa0539706786e502152f3aae95","name":"Michele","image":{"@type":"ImageObject","inLanguage":"en-US","@id":"https:\/\/secure.gravatar.com\/avatar\/6b0eb9d22841282815e2cd856a0061c45e1761cd54b22e952d98c4746939aa85?s=96&r=g","url":"https:\/\/secure.gravatar.com\/avatar\/6b0eb9d22841282815e2cd856a0061c45e1761cd54b22e952d98c4746939aa85?s=96&r=g","contentUrl":"https:\/\/secure.gravatar.com\/avatar\/6b0eb9d22841282815e2cd856a0061c45e1761cd54b22e952d98c4746939aa85?s=96&r=g","caption":"Michele"},"description":"With a degree in Literature (Portuguese\/English), and the creator of the website Escritora de Sucesso, she works as a writer to expand everyone&#039;s knowledge with relevant information on a variety of topics. At Vaga de Emprego RJ, she provides opportunities and tips on the job market.","url":"https:\/\/www.vagadeempregorj.com.br\/en\/author\/michele\/"}]}},"_links":{"self":[{"href":"https:\/\/www.vagadeempregorj.com.br\/en\/wp-json\/wp\/v2\/posts\/40926","targetHints":{"allow":["GET"]}}],"collection":[{"href":"https:\/\/www.vagadeempregorj.com.br\/en\/wp-json\/wp\/v2\/posts"}],"about":[{"href":"https:\/\/www.vagadeempregorj.com.br\/en\/wp-json\/wp\/v2\/types\/post"}],"author":[{"embeddable":true,"href":"https:\/\/www.vagadeempregorj.com.br\/en\/wp-json\/wp\/v2\/users\/16"}],"replies":[{"embeddable":true,"href":"https:\/\/www.vagadeempregorj.com.br\/en\/wp-json\/wp\/v2\/comments?post=40926"}],"version-history":[{"count":1,"href":"https:\/\/www.vagadeempregorj.com.br\/en\/wp-json\/wp\/v2\/posts\/40926\/revisions"}],"predecessor-version":[{"id":43629,"href":"https:\/\/www.vagadeempregorj.com.br\/en\/wp-json\/wp\/v2\/posts\/40926\/revisions\/43629"}],"wp:featuredmedia":[{"embeddable":true,"href":"https:\/\/www.vagadeempregorj.com.br\/en\/wp-json\/wp\/v2\/media\/40927"}],"wp:attachment":[{"href":"https:\/\/www.vagadeempregorj.com.br\/en\/wp-json\/wp\/v2\/media?parent=40926"}],"wp:term":[{"taxonomy":"category","embeddable":true,"href":"https:\/\/www.vagadeempregorj.com.br\/en\/wp-json\/wp\/v2\/categories?post=40926"},{"taxonomy":"post_tag","embeddable":true,"href":"https:\/\/www.vagadeempregorj.com.br\/en\/wp-json\/wp\/v2\/tags?post=40926"}],"curies":[{"name":"wp","href":"https:\/\/api.w.org\/{rel}","templated":true}]}}