{"id":41708,"date":"2025-01-07T09:24:25","date_gmt":"2025-01-07T12:24:25","guid":{"rendered":"https:\/\/www.vagadeempregorj.com.br\/?p=41708"},"modified":"2025-01-07T09:25:29","modified_gmt":"2025-01-07T12:25:29","slug":"opportunity-tutors-ead-ifnmg-scholarship-1100","status":"publish","type":"post","link":"https:\/\/www.vagadeempregorj.com.br\/en\/oportunidade-tutores-ead-ifnmg-bolsa-1100\/","title":{"rendered":"Opportunity: Distance Learning Tutors at IFNMG with a R$1,100 Scholarship"},"content":{"rendered":"<p class=\"has-medium-font-size\">THE <strong>Federal Institute of Northern Minas Gerais (IFNMG)<\/strong> recently launched an excellent opportunity for educators with the publication of <strong>Notice No. 242\/2024.<\/strong> Therefore, this selection aims to hire <strong>distance tutors<\/strong> for the extension course &#039;Teaching and Management Training for Education on Ethnic-Racial and Quilombola Relations&#039;, an innovative project that also seeks to promote inclusion and diversity in Brazilian schools.<\/p>\n\n\n\n<p class=\"has-medium-font-size\">In addition, those selected for the vacancies of <strong>Distance learning tutors at IFNMG<\/strong> will receive a <strong>monthly stipend of R$ 1,100<\/strong>, with a workload of only 20 hours per week. This is a valuable opportunity for those who wish to contribute to Brazilian education while also advancing their academic and professional careers.<\/p>\n\n\n\n<h3 class=\"wp-block-heading\">Opportunity for Distance Learning Tutors at IFNMG<\/h3>\n\n\n\n<p class=\"has-medium-font-size\">With the accession to the <strong>Open University of Brazil (UAB) Program<\/strong>, the IFNMG thus opens doors for educators seeking significant action in <strong>distance education<\/strong>. The objective of the extension course, therefore, is to train education professionals to work in teaching and managing ethnic-racial and quilombola relations, a topic that is undoubtedly extremely relevant in the current scenario of Brazilian education.<\/p>\n\n\n\n<p class=\"has-medium-font-size\">The selected tutors will work directly with the course students, assisting in the learning process and promoting enriching discussions on topics of diversity and inclusion. IFNMG, through its <strong>Reference Center for Distance Education and Training (CEAD)<\/strong>, is therefore looking for candidates who have the right profile to actively contribute to this distance learning environment.<\/p>\n\n\n\n<p class=\"has-medium-font-size\">The selection of tutors will be made through the analysis of documentation, and the <strong>R$ 1,100 bag<\/strong> will be paid monthly to those selected, as a form of recognition for the work performed.<\/p>\n\n\n\n<h3 class=\"wp-block-heading\">Application Requirements<\/h3>\n\n\n\n<p class=\"has-medium-font-size\">To apply for distance learning tutor positions at IFNMG, applicants must first meet certain specific requirements. These requirements ensure that the selected professionals have the necessary training and experience to work in the educational field with quality and efficiency.<\/p>\n\n\n\n<p class=\"has-medium-font-size\"><strong>Academic Background:<\/strong><br>The candidate must have <strong>complete graduation<\/strong> in any area, as long as it is accompanied by <strong>postgraduate degree lato sensu<\/strong> (specialization). This ensures that the tutor has the academic knowledge necessary to handle the complexity of the content covered in the training course.<\/p>\n\n\n\n<p class=\"has-medium-font-size\"><strong>Professional Experience:<\/strong><br>It is essential that the candidate has, at the very least, <strong>one year of experience<\/strong> in basic or higher education. This experience may include teaching or pedagogical roles, as well as demonstrating familiarity with the educational environment.<\/p>\n\n\n\n<p class=\"has-medium-font-size\"><strong>Time Availability:<\/strong><br>The commitment will be to <strong>20 hours per week<\/strong> dedicated to tutoring activities, which allows for good reconciliation with other professional or academic responsibilities.<\/p>\n\n\n\n<p class=\"has-medium-font-size\"><strong>Technical Skills and Internet Access:<\/strong><br>Due to the nature of the course, which will be conducted remotely, the tutor must have mastery of digital teaching tools and access to <strong>stable internet<\/strong>This is crucial to ensure that the tutor can keep up with students and interact with them effectively.<\/p>\n\n\n\n<div style=\"height:39px\" aria-hidden=\"true\" class=\"wp-block-spacer\"><\/div>\n\n\n\n<div class=\"wp-block-buttons is-content-justification-center is-layout-flex wp-container-core-buttons-is-layout-16018d1d wp-block-buttons-is-layout-flex\">\n<div class=\"wp-block-button has-custom-width wp-block-button__width-75 has-custom-font-size is-style-fill has-medium-font-size\"><a class=\"wp-block-button__link has-white-color has-vivid-cyan-blue-background-color has-text-color has-background has-link-color wp-element-button\" href=\"https:\/\/www.vagadeempregorj.com.br\/en\/cursos-que-mais-empregam\/\"><strong>LEARN MORE ABOUT FREE PROFESSIONAL COURSES<\/strong><\/a><\/div>\n<\/div>\n\n\n\n<div style=\"height:33px\" aria-hidden=\"true\" class=\"wp-block-spacer\"><\/div>\n\n\n\n<h3 class=\"wp-block-heading\">Attractive Compensation and Selection Process<\/h3>\n\n\n\n<p class=\"has-medium-font-size\">The monthly stipend of <strong>R$ 1.100<\/strong> is an excellent remuneration, especially considering the reduced workload of 20 hours per week. The scholarship will be paid according to the <strong>CAPES guidelines<\/strong>, and tutors must complete the activities planned in the course, respecting the established deadlines.<\/p>\n\n\n\n<p class=\"has-medium-font-size\">The selection process will be carried out in <strong>a single step<\/strong>, composed of <strong>document analysis<\/strong> of the candidates. Points will be awarded based on criteria such as:<\/p>\n\n\n\n<ul class=\"wp-block-list\">\n<li class=\"has-medium-font-size\">Academic improvement and postgraduate studies;<\/li>\n\n\n\n<li class=\"has-medium-font-size\">Experience as a tutor or teacher;<\/li>\n\n\n\n<li class=\"has-medium-font-size\">Experience in <strong>basic or higher education<\/strong>;<\/li>\n\n\n\n<li class=\"has-medium-font-size\">Performance in the area of <strong>ethnic-racial education<\/strong>;<\/li>\n\n\n\n<li class=\"has-medium-font-size\">Experience in <strong>distance modality<\/strong>;<\/li>\n\n\n\n<li class=\"has-medium-font-size\">Participation in <strong>Center for Afro-Brazilian and Indigenous Studies<\/strong>.<\/li>\n<\/ul>\n\n\n\n<p class=\"has-medium-font-size\">In the event of a tie, IFNMG will additionally consider performance on specific items and their age. CEAD\/IFNMG will then publish the results on its website.<\/p>\n\n\n\n<h3 class=\"wp-block-heading\">Registration and Schedule<\/h3>\n\n\n\n<p class=\"has-medium-font-size\">To the <strong>Registration for distance learning tutors at IFNMG<\/strong> will be open from <strong>January 8-31, 2025<\/strong>, and interested parties must register <strong>exclusively via the internet<\/strong>, on the portal of <strong>CEAD\/IFNMG<\/strong>Online registration facilitates the participation of candidates from different locations, since the work will be carried out remotely.<\/p>\n\n\n\n<p class=\"has-medium-font-size\">If necessary, the IFNMG <strong>will extend <\/strong>the deadline, depending on demand or operational issues. For more information about the selection process and to access the full notice, candidates should visit the official website of <strong>IFNMG<\/strong>.<\/p>\n\n\n\n<h3 class=\"wp-block-heading\">Conclusion: Participate in this Transformation in Education<\/h3>\n\n\n\n<p class=\"has-medium-font-size\">The extension course offered by IFNMG is an excellent opportunity for those who wish to work in <strong>distance education<\/strong> and promote the <strong>ethnic-racial inclusion<\/strong> in Brazil. When applying for the vacancies <strong>Distance learning tutors at IFNMG<\/strong>, you will not only contribute to social change, but also gain significant experience that can boost your career.<\/p>\n\n\n\n<p class=\"has-medium-font-size\">Don&#039;t miss this chance to be part of an innovative and transformative project. Sign up now and help <strong>transform education<\/strong> Brazilian for a more inclusive and diverse future.<\/p>\n\n\n\n<hr class=\"wp-block-separator has-alpha-channel-opacity\"\/>\n\n\n\n<p><em><a href=\"https:\/\/www.vagadeempregorj.com.br\/en\/national-job-vacancies\/\">Access other announcements and distance learning tutoring opportunities at IFNMG.<\/a><\/em><\/p>","protected":false},"excerpt":{"rendered":"<p>O Instituto Federal do Norte de Minas Gerais (IFNMG) lan\u00e7ou, recentemente, uma excelente oportunidade para educadores com a publica\u00e7\u00e3o do Edital n\u00ba 242\/2024. Dessa forma, esta sele\u00e7\u00e3o visa contratar tutores a dist\u00e2ncia para o curso de extens\u00e3o &#8216;Forma\u00e7\u00e3o para Doc\u00eancia e Gest\u00e3o para a Educa\u00e7\u00e3o das Rela\u00e7\u00f5es \u00c9tnico-Raciais e Quilombolas&#8217;, um projeto inovador que, al\u00e9m&hellip;&nbsp;<\/p>","protected":false},"author":1,"featured_media":41709,"comment_status":"closed","ping_status":"closed","sticky":false,"template":"","format":"standard","meta":{"neve_meta_sidebar":"","neve_meta_container":"","neve_meta_enable_content_width":"","neve_meta_content_width":0,"neve_meta_title_alignment":"","neve_meta_author_avatar":"","neve_post_elements_order":"","neve_meta_disable_header":"","neve_meta_disable_footer":"","neve_meta_disable_title":"","footnotes":""},"categories":[123],"tags":[871,867,869,868],"class_list":["post-41708","post","type-post","status-publish","format-standard","has-post-thumbnail","hentry","category-vagas-de-emprego-nacionais","tag-curso-de-extensao","tag-educacao-a-distancia","tag-ifnmg","tag-tutores-ead"],"yoast_head":"<!-- This site is optimized with the Yoast SEO plugin v27.5 - https:\/\/yoast.com\/product\/yoast-seo-wordpress\/ -->\n<title>Tutores EAD no IFNMG: Oportunidade com Bolsa de R$ 1.100 -<\/title>\n<meta name=\"description\" content=\"O IFNMG oferece vagas para tutores EAD no curso de extens\u00e3o \u00e9tnico-racial. Bolsa mensal de R$ 1.100. Inscreva-se at\u00e9 31 de janeiro!\" \/>\n<meta name=\"robots\" content=\"index, follow, max-snippet:-1, max-image-preview:large, max-video-preview:-1\" \/>\n<link rel=\"canonical\" href=\"https:\/\/www.vagadeempregorj.com.br\/en\/opportunity-tutors-ead-ifnmg-scholarship-1100\/\" \/>\n<meta property=\"og:locale\" content=\"en_US\" \/>\n<meta property=\"og:type\" content=\"article\" \/>\n<meta property=\"og:title\" content=\"Tutores EAD no IFNMG: Oportunidade com Bolsa de R$ 1.100 -\" \/>\n<meta property=\"og:description\" content=\"O IFNMG oferece vagas para tutores EAD no curso de extens\u00e3o \u00e9tnico-racial. Bolsa mensal de R$ 1.100. Inscreva-se at\u00e9 31 de janeiro!\" \/>\n<meta property=\"og:url\" content=\"https:\/\/www.vagadeempregorj.com.br\/en\/opportunity-tutors-ead-ifnmg-scholarship-1100\/\" \/>\n<meta property=\"article:publisher\" content=\"https:\/\/www.facebook.com\/empregobrasiloficial\" \/>\n<meta property=\"article:published_time\" content=\"2025-01-07T12:24:25+00:00\" \/>\n<meta property=\"article:modified_time\" content=\"2025-01-07T12:25:29+00:00\" \/>\n<meta property=\"og:image\" content=\"https:\/\/www.vagadeempregorj.com.br\/wp-content\/uploads\/2025\/01\/Tutores-EAD-no-IFNMG.jpeg\" \/>\n\t<meta property=\"og:image:width\" content=\"1312\" \/>\n\t<meta property=\"og:image:height\" content=\"736\" \/>\n\t<meta property=\"og:image:type\" content=\"image\/jpeg\" \/>\n<meta name=\"author\" content=\"Ana B.\" \/>\n<meta name=\"twitter:card\" content=\"summary_large_image\" \/>\n<meta name=\"twitter:label1\" content=\"Written by\" \/>\n\t<meta name=\"twitter:data1\" content=\"Ana B.\" \/>\n\t<meta name=\"twitter:label2\" content=\"Est. reading time\" \/>\n\t<meta name=\"twitter:data2\" content=\"5 minutes\" \/>\n<script type=\"application\/ld+json\" class=\"yoast-schema-graph\">{\"@context\":\"https:\\\/\\\/schema.org\",\"@graph\":[{\"@type\":\"Article\",\"@id\":\"https:\\\/\\\/www.vagadeempregorj.com.br\\\/oportunidade-tutores-ead-ifnmg-bolsa-1100\\\/#article\",\"isPartOf\":{\"@id\":\"https:\\\/\\\/www.vagadeempregorj.com.br\\\/oportunidade-tutores-ead-ifnmg-bolsa-1100\\\/\"},\"author\":{\"name\":\"Ana B.\",\"@id\":\"https:\\\/\\\/www.vagadeempregorj.com.br\\\/#\\\/schema\\\/person\\\/c0c38d5d765e86c3b7c8f12fb1ae6477\"},\"headline\":\"Oportunidade: Tutores EAD no IFNMG com Bolsa de R$ 1.100\",\"datePublished\":\"2025-01-07T12:24:25+00:00\",\"dateModified\":\"2025-01-07T12:25:29+00:00\",\"mainEntityOfPage\":{\"@id\":\"https:\\\/\\\/www.vagadeempregorj.com.br\\\/oportunidade-tutores-ead-ifnmg-bolsa-1100\\\/\"},\"wordCount\":929,\"image\":{\"@id\":\"https:\\\/\\\/www.vagadeempregorj.com.br\\\/oportunidade-tutores-ead-ifnmg-bolsa-1100\\\/#primaryimage\"},\"thumbnailUrl\":\"https:\\\/\\\/www.vagadeempregorj.com.br\\\/wp-content\\\/uploads\\\/2025\\\/01\\\/Tutores-EAD-no-IFNMG.jpeg\",\"keywords\":[\"curso de extens\u00e3o\",\"educa\u00e7\u00e3o a dist\u00e2ncia\",\"IFNMG\",\"tutores EAD\"],\"articleSection\":[\"Vagas de Emprego Nacionais\"],\"inLanguage\":\"en-US\"},{\"@type\":\"WebPage\",\"@id\":\"https:\\\/\\\/www.vagadeempregorj.com.br\\\/oportunidade-tutores-ead-ifnmg-bolsa-1100\\\/\",\"url\":\"https:\\\/\\\/www.vagadeempregorj.com.br\\\/oportunidade-tutores-ead-ifnmg-bolsa-1100\\\/\",\"name\":\"Tutores EAD no IFNMG: Oportunidade com Bolsa de R$ 1.100 -\",\"isPartOf\":{\"@id\":\"https:\\\/\\\/www.vagadeempregorj.com.br\\\/#website\"},\"primaryImageOfPage\":{\"@id\":\"https:\\\/\\\/www.vagadeempregorj.com.br\\\/oportunidade-tutores-ead-ifnmg-bolsa-1100\\\/#primaryimage\"},\"image\":{\"@id\":\"https:\\\/\\\/www.vagadeempregorj.com.br\\\/oportunidade-tutores-ead-ifnmg-bolsa-1100\\\/#primaryimage\"},\"thumbnailUrl\":\"https:\\\/\\\/www.vagadeempregorj.com.br\\\/wp-content\\\/uploads\\\/2025\\\/01\\\/Tutores-EAD-no-IFNMG.jpeg\",\"datePublished\":\"2025-01-07T12:24:25+00:00\",\"dateModified\":\"2025-01-07T12:25:29+00:00\",\"author\":{\"@id\":\"https:\\\/\\\/www.vagadeempregorj.com.br\\\/#\\\/schema\\\/person\\\/c0c38d5d765e86c3b7c8f12fb1ae6477\"},\"description\":\"O IFNMG oferece vagas para tutores EAD no curso de extens\u00e3o \u00e9tnico-racial. Bolsa mensal de R$ 1.100. Inscreva-se at\u00e9 31 de janeiro!\",\"breadcrumb\":{\"@id\":\"https:\\\/\\\/www.vagadeempregorj.com.br\\\/oportunidade-tutores-ead-ifnmg-bolsa-1100\\\/#breadcrumb\"},\"inLanguage\":\"en-US\",\"potentialAction\":[{\"@type\":\"ReadAction\",\"target\":[\"https:\\\/\\\/www.vagadeempregorj.com.br\\\/oportunidade-tutores-ead-ifnmg-bolsa-1100\\\/\"]}]},{\"@type\":\"ImageObject\",\"inLanguage\":\"en-US\",\"@id\":\"https:\\\/\\\/www.vagadeempregorj.com.br\\\/oportunidade-tutores-ead-ifnmg-bolsa-1100\\\/#primaryimage\",\"url\":\"https:\\\/\\\/www.vagadeempregorj.com.br\\\/wp-content\\\/uploads\\\/2025\\\/01\\\/Tutores-EAD-no-IFNMG.jpeg\",\"contentUrl\":\"https:\\\/\\\/www.vagadeempregorj.com.br\\\/wp-content\\\/uploads\\\/2025\\\/01\\\/Tutores-EAD-no-IFNMG.jpeg\",\"width\":1312,\"height\":736,\"caption\":\"Tutores EAD no IFNMG\"},{\"@type\":\"BreadcrumbList\",\"@id\":\"https:\\\/\\\/www.vagadeempregorj.com.br\\\/oportunidade-tutores-ead-ifnmg-bolsa-1100\\\/#breadcrumb\",\"itemListElement\":[{\"@type\":\"ListItem\",\"position\":1,\"name\":\"In\u00edcio\",\"item\":\"https:\\\/\\\/www.vagadeempregorj.com.br\\\/\"},{\"@type\":\"ListItem\",\"position\":2,\"name\":\"Vagas de Emprego Nacionais\",\"item\":\"https:\\\/\\\/www.vagadeempregorj.com.br\\\/vagas-de-emprego-nacionais\\\/\"},{\"@type\":\"ListItem\",\"position\":3,\"name\":\"Oportunidade: Tutores EAD no IFNMG com Bolsa de R$ 1.100\"}]},{\"@type\":\"WebSite\",\"@id\":\"https:\\\/\\\/www.vagadeempregorj.com.br\\\/#website\",\"url\":\"https:\\\/\\\/www.vagadeempregorj.com.br\\\/\",\"name\":\"\",\"description\":\"Conquiste Sonhos: Vagas, Benef\u00edcios e Economia para Transformar Vidas e Alcan\u00e7ar Melhorias Cotidianas\",\"potentialAction\":[{\"@type\":\"SearchAction\",\"target\":{\"@type\":\"EntryPoint\",\"urlTemplate\":\"https:\\\/\\\/www.vagadeempregorj.com.br\\\/?s={search_term_string}\"},\"query-input\":{\"@type\":\"PropertyValueSpecification\",\"valueRequired\":true,\"valueName\":\"search_term_string\"}}],\"inLanguage\":\"en-US\"},{\"@type\":\"Person\",\"@id\":\"https:\\\/\\\/www.vagadeempregorj.com.br\\\/#\\\/schema\\\/person\\\/c0c38d5d765e86c3b7c8f12fb1ae6477\",\"name\":\"Ana B.\",\"image\":{\"@type\":\"ImageObject\",\"inLanguage\":\"en-US\",\"@id\":\"https:\\\/\\\/secure.gravatar.com\\\/avatar\\\/f5efa58599e07f8dd92f26c7cfbc442fd115582bc681245452e503c2ef2334f3?s=96&r=g\",\"url\":\"https:\\\/\\\/secure.gravatar.com\\\/avatar\\\/f5efa58599e07f8dd92f26c7cfbc442fd115582bc681245452e503c2ef2334f3?s=96&r=g\",\"contentUrl\":\"https:\\\/\\\/secure.gravatar.com\\\/avatar\\\/f5efa58599e07f8dd92f26c7cfbc442fd115582bc681245452e503c2ef2334f3?s=96&r=g\",\"caption\":\"Ana B.\"},\"description\":\"Meu nome \u00e9 Ana e sou apaixonada em escrever. Dedico meu tempo escrevendo not\u00edcias e vagas de emprego diariamente no portal Vaga de Emprego RJ.\",\"url\":\"https:\\\/\\\/www.vagadeempregorj.com.br\\\/en\\\/author\\\/vgrj\\\/\"}]}<\/script>\n<!-- \/ Yoast SEO plugin. -->","yoast_head_json":{"title":"Distance Learning Tutors at IFNMG: Opportunity with a Scholarship of R$ 1,100 -","description":"The IFNMG is offering positions for distance learning tutors in the ethnic-racial extension course. The monthly stipend is R$1,100. Apply by January 31st!","robots":{"index":"index","follow":"follow","max-snippet":"max-snippet:-1","max-image-preview":"max-image-preview:large","max-video-preview":"max-video-preview:-1"},"canonical":"https:\/\/www.vagadeempregorj.com.br\/en\/opportunity-tutors-ead-ifnmg-scholarship-1100\/","og_locale":"en_US","og_type":"article","og_title":"Tutores EAD no IFNMG: Oportunidade com Bolsa de R$ 1.100 -","og_description":"O IFNMG oferece vagas para tutores EAD no curso de extens\u00e3o \u00e9tnico-racial. Bolsa mensal de R$ 1.100. Inscreva-se at\u00e9 31 de janeiro!","og_url":"https:\/\/www.vagadeempregorj.com.br\/en\/opportunity-tutors-ead-ifnmg-scholarship-1100\/","article_publisher":"https:\/\/www.facebook.com\/empregobrasiloficial","article_published_time":"2025-01-07T12:24:25+00:00","article_modified_time":"2025-01-07T12:25:29+00:00","og_image":[{"width":1312,"height":736,"url":"https:\/\/www.vagadeempregorj.com.br\/wp-content\/uploads\/2025\/01\/Tutores-EAD-no-IFNMG.jpeg","type":"image\/jpeg"}],"author":"Ana B.","twitter_card":"summary_large_image","twitter_misc":{"Written by":"Ana B.","Est. reading time":"5 minutes"},"schema":{"@context":"https:\/\/schema.org","@graph":[{"@type":"Article","@id":"https:\/\/www.vagadeempregorj.com.br\/oportunidade-tutores-ead-ifnmg-bolsa-1100\/#article","isPartOf":{"@id":"https:\/\/www.vagadeempregorj.com.br\/oportunidade-tutores-ead-ifnmg-bolsa-1100\/"},"author":{"name":"Ana B.","@id":"https:\/\/www.vagadeempregorj.com.br\/#\/schema\/person\/c0c38d5d765e86c3b7c8f12fb1ae6477"},"headline":"Oportunidade: Tutores EAD no IFNMG com Bolsa de R$ 1.100","datePublished":"2025-01-07T12:24:25+00:00","dateModified":"2025-01-07T12:25:29+00:00","mainEntityOfPage":{"@id":"https:\/\/www.vagadeempregorj.com.br\/oportunidade-tutores-ead-ifnmg-bolsa-1100\/"},"wordCount":929,"image":{"@id":"https:\/\/www.vagadeempregorj.com.br\/oportunidade-tutores-ead-ifnmg-bolsa-1100\/#primaryimage"},"thumbnailUrl":"https:\/\/www.vagadeempregorj.com.br\/wp-content\/uploads\/2025\/01\/Tutores-EAD-no-IFNMG.jpeg","keywords":["curso de extens\u00e3o","educa\u00e7\u00e3o a dist\u00e2ncia","IFNMG","tutores EAD"],"articleSection":["Vagas de Emprego Nacionais"],"inLanguage":"en-US"},{"@type":"WebPage","@id":"https:\/\/www.vagadeempregorj.com.br\/oportunidade-tutores-ead-ifnmg-bolsa-1100\/","url":"https:\/\/www.vagadeempregorj.com.br\/oportunidade-tutores-ead-ifnmg-bolsa-1100\/","name":"Distance Learning Tutors at IFNMG: Opportunity with a Scholarship of R$ 1,100 -","isPartOf":{"@id":"https:\/\/www.vagadeempregorj.com.br\/#website"},"primaryImageOfPage":{"@id":"https:\/\/www.vagadeempregorj.com.br\/oportunidade-tutores-ead-ifnmg-bolsa-1100\/#primaryimage"},"image":{"@id":"https:\/\/www.vagadeempregorj.com.br\/oportunidade-tutores-ead-ifnmg-bolsa-1100\/#primaryimage"},"thumbnailUrl":"https:\/\/www.vagadeempregorj.com.br\/wp-content\/uploads\/2025\/01\/Tutores-EAD-no-IFNMG.jpeg","datePublished":"2025-01-07T12:24:25+00:00","dateModified":"2025-01-07T12:25:29+00:00","author":{"@id":"https:\/\/www.vagadeempregorj.com.br\/#\/schema\/person\/c0c38d5d765e86c3b7c8f12fb1ae6477"},"description":"The IFNMG is offering positions for distance learning tutors in the ethnic-racial extension course. The monthly stipend is R$1,100. Apply by January 31st!","breadcrumb":{"@id":"https:\/\/www.vagadeempregorj.com.br\/oportunidade-tutores-ead-ifnmg-bolsa-1100\/#breadcrumb"},"inLanguage":"en-US","potentialAction":[{"@type":"ReadAction","target":["https:\/\/www.vagadeempregorj.com.br\/oportunidade-tutores-ead-ifnmg-bolsa-1100\/"]}]},{"@type":"ImageObject","inLanguage":"en-US","@id":"https:\/\/www.vagadeempregorj.com.br\/oportunidade-tutores-ead-ifnmg-bolsa-1100\/#primaryimage","url":"https:\/\/www.vagadeempregorj.com.br\/wp-content\/uploads\/2025\/01\/Tutores-EAD-no-IFNMG.jpeg","contentUrl":"https:\/\/www.vagadeempregorj.com.br\/wp-content\/uploads\/2025\/01\/Tutores-EAD-no-IFNMG.jpeg","width":1312,"height":736,"caption":"Tutores EAD no IFNMG"},{"@type":"BreadcrumbList","@id":"https:\/\/www.vagadeempregorj.com.br\/oportunidade-tutores-ead-ifnmg-bolsa-1100\/#breadcrumb","itemListElement":[{"@type":"ListItem","position":1,"name":"In\u00edcio","item":"https:\/\/www.vagadeempregorj.com.br\/"},{"@type":"ListItem","position":2,"name":"Vagas de Emprego Nacionais","item":"https:\/\/www.vagadeempregorj.com.br\/vagas-de-emprego-nacionais\/"},{"@type":"ListItem","position":3,"name":"Oportunidade: Tutores EAD no IFNMG com Bolsa de R$ 1.100"}]},{"@type":"WebSite","@id":"https:\/\/www.vagadeempregorj.com.br\/#website","url":"https:\/\/www.vagadeempregorj.com.br\/","name":"","description":"Achieve Dreams: Jobs, Benefits, and Savings to Transform Lives and Achieve Everyday Improvements","potentialAction":[{"@type":"SearchAction","target":{"@type":"EntryPoint","urlTemplate":"https:\/\/www.vagadeempregorj.com.br\/?s={search_term_string}"},"query-input":{"@type":"PropertyValueSpecification","valueRequired":true,"valueName":"search_term_string"}}],"inLanguage":"en-US"},{"@type":"Person","@id":"https:\/\/www.vagadeempregorj.com.br\/#\/schema\/person\/c0c38d5d765e86c3b7c8f12fb1ae6477","name":"Ana B.","image":{"@type":"ImageObject","inLanguage":"en-US","@id":"https:\/\/secure.gravatar.com\/avatar\/f5efa58599e07f8dd92f26c7cfbc442fd115582bc681245452e503c2ef2334f3?s=96&r=g","url":"https:\/\/secure.gravatar.com\/avatar\/f5efa58599e07f8dd92f26c7cfbc442fd115582bc681245452e503c2ef2334f3?s=96&r=g","contentUrl":"https:\/\/secure.gravatar.com\/avatar\/f5efa58599e07f8dd92f26c7cfbc442fd115582bc681245452e503c2ef2334f3?s=96&r=g","caption":"Ana B."},"description":"My name is Ana, and I&#039;m passionate about writing. I dedicate my time to posting news and job openings daily on the Vaga de Emprego RJ portal.","url":"https:\/\/www.vagadeempregorj.com.br\/en\/author\/vgrj\/"}]}},"_links":{"self":[{"href":"https:\/\/www.vagadeempregorj.com.br\/en\/wp-json\/wp\/v2\/posts\/41708","targetHints":{"allow":["GET"]}}],"collection":[{"href":"https:\/\/www.vagadeempregorj.com.br\/en\/wp-json\/wp\/v2\/posts"}],"about":[{"href":"https:\/\/www.vagadeempregorj.com.br\/en\/wp-json\/wp\/v2\/types\/post"}],"author":[{"embeddable":true,"href":"https:\/\/www.vagadeempregorj.com.br\/en\/wp-json\/wp\/v2\/users\/1"}],"replies":[{"embeddable":true,"href":"https:\/\/www.vagadeempregorj.com.br\/en\/wp-json\/wp\/v2\/comments?post=41708"}],"version-history":[{"count":0,"href":"https:\/\/www.vagadeempregorj.com.br\/en\/wp-json\/wp\/v2\/posts\/41708\/revisions"}],"wp:featuredmedia":[{"embeddable":true,"href":"https:\/\/www.vagadeempregorj.com.br\/en\/wp-json\/wp\/v2\/media\/41709"}],"wp:attachment":[{"href":"https:\/\/www.vagadeempregorj.com.br\/en\/wp-json\/wp\/v2\/media?parent=41708"}],"wp:term":[{"taxonomy":"category","embeddable":true,"href":"https:\/\/www.vagadeempregorj.com.br\/en\/wp-json\/wp\/v2\/categories?post=41708"},{"taxonomy":"post_tag","embeddable":true,"href":"https:\/\/www.vagadeempregorj.com.br\/en\/wp-json\/wp\/v2\/tags?post=41708"}],"curies":[{"name":"wp","href":"https:\/\/api.w.org\/{rel}","templated":true}]}}