{"id":41712,"date":"2025-01-08T09:36:44","date_gmt":"2025-01-08T12:36:44","guid":{"rendered":"https:\/\/www.vagadeempregorj.com.br\/?p=41712"},"modified":"2025-06-15T14:46:42","modified_gmt":"2025-06-15T17:46:42","slug":"inclusive-special-education","status":"publish","type":"post","link":"https:\/\/www.vagadeempregorj.com.br\/en\/educacao-especial-inclusiva\/","title":{"rendered":"Inclusive Special Education Course: Registration Open in Brazil"},"content":{"rendered":"<p class=\"has-medium-font-size\">Registration is open for the <strong>Inclusive Special Education Course<\/strong>, This is an essential training program for teachers and administrators in basic education. Furthermore, promoted by the Ministry of Education (MEC) through CAPES, the course is offered in partnership with various higher education institutions (HEIs) throughout Brazil. Focusing on pedagogical practices aligned with inclusive education, this training aims to empower educators to effectively meet the needs of students with specific educational requirements.<\/p>\n\n\n\n<h3 class=\"wp-block-heading\">Training Opportunity for Educators<\/h3>\n\n\n\n<p class=\"has-medium-font-size\">THE <strong>Inclusive Special Education Course<\/strong> This course is aimed at basic education professionals who wish to expand their knowledge of school inclusion. Furthermore, the training, with a workload of 120 hours, is conducted through distance education (EaD) via the Open University of Brazil (UAB) system, ensuring greater flexibility for participants. Currently, 16 institutions have open enrollment, including universities and federal institutes in various regions of the country. Therefore, the main objective is to empower educators to develop pedagogical concepts aligned with national special education policies.<\/p>\n\n\n\n<h3 class=\"wp-block-heading\">Institutions and Registration Deadlines<\/h3>\n\n\n\n<p class=\"has-medium-font-size\">Registration is available on various dates, depending on the institution. Check some deadlines below:<\/p>\n\n\n\n<ul class=\"wp-block-list\">\n<li class=\"has-medium-font-size\"><strong>Until January 10th<\/strong>UFSM, UFPel, Unipampa, Furg (RS).<\/li>\n\n\n\n<li class=\"has-medium-font-size\"><strong>Until January 12th<\/strong>UFRRJ, Unirio, UERJ (RJ) and UFSJ (MG).<\/li>\n\n\n\n<li class=\"has-medium-font-size\"><strong>Until January 15th<\/strong>IFSert\u00e3o (PE).<\/li>\n\n\n\n<li class=\"has-medium-font-size\"><strong>Until January 17th<\/strong>UFMG (MG).<\/li>\n\n\n\n<li class=\"has-medium-font-size\"><strong>Until January 31st<\/strong>UFPB and UEPB (PB).<\/li>\n\n\n\n<li class=\"has-medium-font-size\"><strong>Until February 3rd<\/strong>UFPA (PA) and UFT (TO).<\/li>\n\n\n\n<li class=\"has-medium-font-size\"><strong>Until February 5th<\/strong>UFRB (BA).<\/li>\n\n\n\n<li class=\"has-medium-font-size\"><strong>Continuous registration<\/strong>IFG (GO).<br>For more information, visit the websites of the participating universities (links available at the end of the article).<\/li>\n<\/ul>\n\n\n\n<h3 class=\"wp-block-heading\">Why Participate in the Inclusive Special Education Course?<\/h3>\n\n\n\n<p class=\"has-medium-font-size\">This training is a unique opportunity for educators interested in promoting school inclusion. Among the main benefits are:<\/p>\n\n\n\n<ul class=\"wp-block-list\">\n<li class=\"has-medium-font-size\"><strong>Practical training<\/strong>Development of inclusive pedagogical methodologies.<\/li>\n\n\n\n<li class=\"has-medium-font-size\"><strong>Distance Learning modality<\/strong>Flexibility to combine the course with other activities.<\/li>\n\n\n\n<li class=\"has-medium-font-size\"><strong>Recognition<\/strong>This course is coordinated by CAPES and conducted by renowned public universities.<br>Furthermore, the course is aligned with national inclusion guidelines, expanding educators&#039; skills to meet the needs of students with disabilities or learning difficulties.<\/li>\n<\/ul>\n\n\n\n<h3 class=\"wp-block-heading\">How to Register<\/h3>\n\n\n\n<p class=\"has-medium-font-size\">To apply, interested parties should visit the websites of the respective institutions and follow the instructions available in the announcements. Each institution has specific selection criteria and deadlines.<\/p>\n\n\n\n<h3 class=\"wp-block-heading\">Conclusion<\/h3>\n\n\n\n<p class=\"has-medium-font-size\">THE <strong>Inclusive Special Education Course<\/strong>, Therefore, it represents a fundamental initiative to promote inclusion in Brazilian schools. Furthermore, with places distributed across various institutions throughout the country, educators have the opportunity to acquire essential knowledge to transform the school environment. So don&#039;t miss this chance to contribute to a more inclusive and accessible education.<\/p>\n\n\n\n<hr class=\"wp-block-separator has-alpha-channel-opacity\"\/>\n\n\n\n<p><a href=\"https:\/\/www.vagadeempregorj.com.br\/en\/courses\/\">Continuing Education for Teachers: A Complete Training Guide<\/a><\/p>","protected":false},"excerpt":{"rendered":"<p>Enroll in the Special Education from an Inclusive Perspective course. Several universities offer places. Learn more and participate in this essential training.<\/p>","protected":false},"author":1,"featured_media":41713,"comment_status":"closed","ping_status":"closed","sticky":false,"template":"","format":"standard","meta":{"neve_meta_sidebar":"","neve_meta_container":"","neve_meta_enable_content_width":"","neve_meta_content_width":0,"neve_meta_title_alignment":"","neve_meta_author_avatar":"","neve_post_elements_order":"","neve_meta_disable_header":"","neve_meta_disable_footer":"","neve_meta_disable_title":"","footnotes":""},"categories":[703],"tags":[873,867,874,872,875],"class_list":["post-41712","post","type-post","status-publish","format-standard","has-post-thumbnail","hentry","category-informacao-tecnologica-e-curiosidades","tag-curso-para-educadores","tag-educacao-a-distancia","tag-educacao-especial-inclusiva","tag-formacao-continuada","tag-politicas-de-educacao-especial"],"yoast_head":"<!-- This site is optimized with the Yoast SEO plugin v27.5 - https:\/\/yoast.com\/product\/yoast-seo-wordpress\/ -->\n<title>Curso de Educa\u00e7\u00e3o Especial Inclusiva: Inscri\u00e7\u00f5es Abertas no Brasil -<\/title>\n<meta name=\"description\" content=\"Curso de Educa\u00e7\u00e3o Especial Inclusiva: vagas abertas em todo o Brasil para educadores. Capacite-se para promover inclus\u00e3o escolar!\" \/>\n<meta name=\"robots\" content=\"index, follow, max-snippet:-1, max-image-preview:large, max-video-preview:-1\" \/>\n<link rel=\"canonical\" href=\"https:\/\/www.vagadeempregorj.com.br\/en\/inclusive-special-education\/\" \/>\n<meta property=\"og:locale\" content=\"en_US\" \/>\n<meta property=\"og:type\" content=\"article\" \/>\n<meta property=\"og:title\" content=\"Curso de Educa\u00e7\u00e3o Especial Inclusiva: Inscri\u00e7\u00f5es Abertas no Brasil -\" \/>\n<meta property=\"og:description\" content=\"Curso de Educa\u00e7\u00e3o Especial Inclusiva: vagas abertas em todo o Brasil para educadores. Capacite-se para promover inclus\u00e3o escolar!\" \/>\n<meta property=\"og:url\" content=\"https:\/\/www.vagadeempregorj.com.br\/en\/inclusive-special-education\/\" \/>\n<meta property=\"article:publisher\" content=\"https:\/\/www.facebook.com\/empregobrasiloficial\" \/>\n<meta property=\"article:published_time\" content=\"2025-01-08T12:36:44+00:00\" \/>\n<meta property=\"article:modified_time\" content=\"2025-06-15T17:46:42+00:00\" \/>\n<meta property=\"og:image\" content=\"https:\/\/www.vagadeempregorj.com.br\/wp-content\/uploads\/2025\/01\/Curso-1.jpeg\" \/>\n\t<meta property=\"og:image:width\" content=\"468\" \/>\n\t<meta property=\"og:image:height\" content=\"311\" \/>\n\t<meta property=\"og:image:type\" content=\"image\/jpeg\" \/>\n<meta name=\"author\" content=\"Ana B.\" \/>\n<meta name=\"twitter:card\" content=\"summary_large_image\" \/>\n<meta name=\"twitter:label1\" content=\"Written by\" \/>\n\t<meta name=\"twitter:data1\" content=\"Ana B.\" \/>\n\t<meta name=\"twitter:label2\" content=\"Est. reading time\" \/>\n\t<meta name=\"twitter:data2\" content=\"3 minutes\" \/>\n<script type=\"application\/ld+json\" class=\"yoast-schema-graph\">{\"@context\":\"https:\\\/\\\/schema.org\",\"@graph\":[{\"@type\":\"Article\",\"@id\":\"https:\\\/\\\/www.vagadeempregorj.com.br\\\/educacao-especial-inclusiva\\\/#article\",\"isPartOf\":{\"@id\":\"https:\\\/\\\/www.vagadeempregorj.com.br\\\/educacao-especial-inclusiva\\\/\"},\"author\":{\"name\":\"Ana B.\",\"@id\":\"https:\\\/\\\/www.vagadeempregorj.com.br\\\/#\\\/schema\\\/person\\\/c0c38d5d765e86c3b7c8f12fb1ae6477\"},\"headline\":\"Curso de Educa\u00e7\u00e3o Especial Inclusiva: Inscri\u00e7\u00f5es Abertas no Brasil\",\"datePublished\":\"2025-01-08T12:36:44+00:00\",\"dateModified\":\"2025-06-15T17:46:42+00:00\",\"mainEntityOfPage\":{\"@id\":\"https:\\\/\\\/www.vagadeempregorj.com.br\\\/educacao-especial-inclusiva\\\/\"},\"wordCount\":528,\"image\":{\"@id\":\"https:\\\/\\\/www.vagadeempregorj.com.br\\\/educacao-especial-inclusiva\\\/#primaryimage\"},\"thumbnailUrl\":\"https:\\\/\\\/www.vagadeempregorj.com.br\\\/wp-content\\\/uploads\\\/2025\\\/01\\\/Curso-1.jpeg\",\"keywords\":[\"Curso para Educadores\",\"educa\u00e7\u00e3o a dist\u00e2ncia\",\"Educa\u00e7\u00e3o Especial Inclusiva\",\"Forma\u00e7\u00e3o Continuada\",\"Pol\u00edticas de Educa\u00e7\u00e3o Especial.\"],\"articleSection\":[\"Informa\u00e7\u00e3o Tecnol\u00f3gica, Curiosidades e Cursos\"],\"inLanguage\":\"en-US\"},{\"@type\":\"WebPage\",\"@id\":\"https:\\\/\\\/www.vagadeempregorj.com.br\\\/educacao-especial-inclusiva\\\/\",\"url\":\"https:\\\/\\\/www.vagadeempregorj.com.br\\\/educacao-especial-inclusiva\\\/\",\"name\":\"Curso de Educa\u00e7\u00e3o Especial Inclusiva: Inscri\u00e7\u00f5es Abertas no Brasil -\",\"isPartOf\":{\"@id\":\"https:\\\/\\\/www.vagadeempregorj.com.br\\\/#website\"},\"primaryImageOfPage\":{\"@id\":\"https:\\\/\\\/www.vagadeempregorj.com.br\\\/educacao-especial-inclusiva\\\/#primaryimage\"},\"image\":{\"@id\":\"https:\\\/\\\/www.vagadeempregorj.com.br\\\/educacao-especial-inclusiva\\\/#primaryimage\"},\"thumbnailUrl\":\"https:\\\/\\\/www.vagadeempregorj.com.br\\\/wp-content\\\/uploads\\\/2025\\\/01\\\/Curso-1.jpeg\",\"datePublished\":\"2025-01-08T12:36:44+00:00\",\"dateModified\":\"2025-06-15T17:46:42+00:00\",\"author\":{\"@id\":\"https:\\\/\\\/www.vagadeempregorj.com.br\\\/#\\\/schema\\\/person\\\/c0c38d5d765e86c3b7c8f12fb1ae6477\"},\"description\":\"Curso de Educa\u00e7\u00e3o Especial Inclusiva: vagas abertas em todo o Brasil para educadores. Capacite-se para promover inclus\u00e3o escolar!\",\"breadcrumb\":{\"@id\":\"https:\\\/\\\/www.vagadeempregorj.com.br\\\/educacao-especial-inclusiva\\\/#breadcrumb\"},\"inLanguage\":\"en-US\",\"potentialAction\":[{\"@type\":\"ReadAction\",\"target\":[\"https:\\\/\\\/www.vagadeempregorj.com.br\\\/educacao-especial-inclusiva\\\/\"]}]},{\"@type\":\"ImageObject\",\"inLanguage\":\"en-US\",\"@id\":\"https:\\\/\\\/www.vagadeempregorj.com.br\\\/educacao-especial-inclusiva\\\/#primaryimage\",\"url\":\"https:\\\/\\\/www.vagadeempregorj.com.br\\\/wp-content\\\/uploads\\\/2025\\\/01\\\/Curso-1.jpeg\",\"contentUrl\":\"https:\\\/\\\/www.vagadeempregorj.com.br\\\/wp-content\\\/uploads\\\/2025\\\/01\\\/Curso-1.jpeg\",\"width\":468,\"height\":311,\"caption\":\"Curso de Educa\u00e7\u00e3o Especial Inclusiva\"},{\"@type\":\"BreadcrumbList\",\"@id\":\"https:\\\/\\\/www.vagadeempregorj.com.br\\\/educacao-especial-inclusiva\\\/#breadcrumb\",\"itemListElement\":[{\"@type\":\"ListItem\",\"position\":1,\"name\":\"In\u00edcio\",\"item\":\"https:\\\/\\\/www.vagadeempregorj.com.br\\\/\"},{\"@type\":\"ListItem\",\"position\":2,\"name\":\"Curso de Educa\u00e7\u00e3o Especial Inclusiva: Inscri\u00e7\u00f5es Abertas no Brasil\"}]},{\"@type\":\"WebSite\",\"@id\":\"https:\\\/\\\/www.vagadeempregorj.com.br\\\/#website\",\"url\":\"https:\\\/\\\/www.vagadeempregorj.com.br\\\/\",\"name\":\"\",\"description\":\"Conquiste Sonhos: Vagas, Benef\u00edcios e Economia para Transformar Vidas e Alcan\u00e7ar Melhorias Cotidianas\",\"potentialAction\":[{\"@type\":\"SearchAction\",\"target\":{\"@type\":\"EntryPoint\",\"urlTemplate\":\"https:\\\/\\\/www.vagadeempregorj.com.br\\\/?s={search_term_string}\"},\"query-input\":{\"@type\":\"PropertyValueSpecification\",\"valueRequired\":true,\"valueName\":\"search_term_string\"}}],\"inLanguage\":\"en-US\"},{\"@type\":\"Person\",\"@id\":\"https:\\\/\\\/www.vagadeempregorj.com.br\\\/#\\\/schema\\\/person\\\/c0c38d5d765e86c3b7c8f12fb1ae6477\",\"name\":\"Ana B.\",\"image\":{\"@type\":\"ImageObject\",\"inLanguage\":\"en-US\",\"@id\":\"https:\\\/\\\/secure.gravatar.com\\\/avatar\\\/f5efa58599e07f8dd92f26c7cfbc442fd115582bc681245452e503c2ef2334f3?s=96&r=g\",\"url\":\"https:\\\/\\\/secure.gravatar.com\\\/avatar\\\/f5efa58599e07f8dd92f26c7cfbc442fd115582bc681245452e503c2ef2334f3?s=96&r=g\",\"contentUrl\":\"https:\\\/\\\/secure.gravatar.com\\\/avatar\\\/f5efa58599e07f8dd92f26c7cfbc442fd115582bc681245452e503c2ef2334f3?s=96&r=g\",\"caption\":\"Ana B.\"},\"description\":\"Meu nome \u00e9 Ana e sou apaixonada em escrever. Dedico meu tempo escrevendo not\u00edcias e vagas de emprego diariamente no portal Vaga de Emprego RJ.\",\"url\":\"https:\\\/\\\/www.vagadeempregorj.com.br\\\/en\\\/author\\\/vgrj\\\/\"}]}<\/script>\n<!-- \/ Yoast SEO plugin. -->","yoast_head_json":{"title":"Special Inclusive Education Course: Registration Open in Brazil -","description":"Special Inclusive Education Course: open positions throughout Brazil for educators. Get trained to promote school inclusion!","robots":{"index":"index","follow":"follow","max-snippet":"max-snippet:-1","max-image-preview":"max-image-preview:large","max-video-preview":"max-video-preview:-1"},"canonical":"https:\/\/www.vagadeempregorj.com.br\/en\/inclusive-special-education\/","og_locale":"en_US","og_type":"article","og_title":"Curso de Educa\u00e7\u00e3o Especial Inclusiva: Inscri\u00e7\u00f5es Abertas no Brasil -","og_description":"Curso de Educa\u00e7\u00e3o Especial Inclusiva: vagas abertas em todo o Brasil para educadores. Capacite-se para promover inclus\u00e3o escolar!","og_url":"https:\/\/www.vagadeempregorj.com.br\/en\/inclusive-special-education\/","article_publisher":"https:\/\/www.facebook.com\/empregobrasiloficial","article_published_time":"2025-01-08T12:36:44+00:00","article_modified_time":"2025-06-15T17:46:42+00:00","og_image":[{"width":468,"height":311,"url":"https:\/\/www.vagadeempregorj.com.br\/wp-content\/uploads\/2025\/01\/Curso-1.jpeg","type":"image\/jpeg"}],"author":"Ana B.","twitter_card":"summary_large_image","twitter_misc":{"Written by":"Ana B.","Est. reading time":"3 minutes"},"schema":{"@context":"https:\/\/schema.org","@graph":[{"@type":"Article","@id":"https:\/\/www.vagadeempregorj.com.br\/educacao-especial-inclusiva\/#article","isPartOf":{"@id":"https:\/\/www.vagadeempregorj.com.br\/educacao-especial-inclusiva\/"},"author":{"name":"Ana B.","@id":"https:\/\/www.vagadeempregorj.com.br\/#\/schema\/person\/c0c38d5d765e86c3b7c8f12fb1ae6477"},"headline":"Curso de Educa\u00e7\u00e3o Especial Inclusiva: Inscri\u00e7\u00f5es Abertas no Brasil","datePublished":"2025-01-08T12:36:44+00:00","dateModified":"2025-06-15T17:46:42+00:00","mainEntityOfPage":{"@id":"https:\/\/www.vagadeempregorj.com.br\/educacao-especial-inclusiva\/"},"wordCount":528,"image":{"@id":"https:\/\/www.vagadeempregorj.com.br\/educacao-especial-inclusiva\/#primaryimage"},"thumbnailUrl":"https:\/\/www.vagadeempregorj.com.br\/wp-content\/uploads\/2025\/01\/Curso-1.jpeg","keywords":["Curso para Educadores","educa\u00e7\u00e3o a dist\u00e2ncia","Educa\u00e7\u00e3o Especial Inclusiva","Forma\u00e7\u00e3o Continuada","Pol\u00edticas de Educa\u00e7\u00e3o Especial."],"articleSection":["Informa\u00e7\u00e3o Tecnol\u00f3gica, Curiosidades e Cursos"],"inLanguage":"en-US"},{"@type":"WebPage","@id":"https:\/\/www.vagadeempregorj.com.br\/educacao-especial-inclusiva\/","url":"https:\/\/www.vagadeempregorj.com.br\/educacao-especial-inclusiva\/","name":"Special Inclusive Education Course: Registration Open in Brazil -","isPartOf":{"@id":"https:\/\/www.vagadeempregorj.com.br\/#website"},"primaryImageOfPage":{"@id":"https:\/\/www.vagadeempregorj.com.br\/educacao-especial-inclusiva\/#primaryimage"},"image":{"@id":"https:\/\/www.vagadeempregorj.com.br\/educacao-especial-inclusiva\/#primaryimage"},"thumbnailUrl":"https:\/\/www.vagadeempregorj.com.br\/wp-content\/uploads\/2025\/01\/Curso-1.jpeg","datePublished":"2025-01-08T12:36:44+00:00","dateModified":"2025-06-15T17:46:42+00:00","author":{"@id":"https:\/\/www.vagadeempregorj.com.br\/#\/schema\/person\/c0c38d5d765e86c3b7c8f12fb1ae6477"},"description":"Special Inclusive Education Course: open positions throughout Brazil for educators. Get trained to promote school inclusion!","breadcrumb":{"@id":"https:\/\/www.vagadeempregorj.com.br\/educacao-especial-inclusiva\/#breadcrumb"},"inLanguage":"en-US","potentialAction":[{"@type":"ReadAction","target":["https:\/\/www.vagadeempregorj.com.br\/educacao-especial-inclusiva\/"]}]},{"@type":"ImageObject","inLanguage":"en-US","@id":"https:\/\/www.vagadeempregorj.com.br\/educacao-especial-inclusiva\/#primaryimage","url":"https:\/\/www.vagadeempregorj.com.br\/wp-content\/uploads\/2025\/01\/Curso-1.jpeg","contentUrl":"https:\/\/www.vagadeempregorj.com.br\/wp-content\/uploads\/2025\/01\/Curso-1.jpeg","width":468,"height":311,"caption":"Curso de Educa\u00e7\u00e3o Especial Inclusiva"},{"@type":"BreadcrumbList","@id":"https:\/\/www.vagadeempregorj.com.br\/educacao-especial-inclusiva\/#breadcrumb","itemListElement":[{"@type":"ListItem","position":1,"name":"In\u00edcio","item":"https:\/\/www.vagadeempregorj.com.br\/"},{"@type":"ListItem","position":2,"name":"Curso de Educa\u00e7\u00e3o Especial Inclusiva: Inscri\u00e7\u00f5es Abertas no Brasil"}]},{"@type":"WebSite","@id":"https:\/\/www.vagadeempregorj.com.br\/#website","url":"https:\/\/www.vagadeempregorj.com.br\/","name":"","description":"Achieve Dreams: Jobs, Benefits, and Savings to Transform Lives and Achieve Everyday Improvements","potentialAction":[{"@type":"SearchAction","target":{"@type":"EntryPoint","urlTemplate":"https:\/\/www.vagadeempregorj.com.br\/?s={search_term_string}"},"query-input":{"@type":"PropertyValueSpecification","valueRequired":true,"valueName":"search_term_string"}}],"inLanguage":"en-US"},{"@type":"Person","@id":"https:\/\/www.vagadeempregorj.com.br\/#\/schema\/person\/c0c38d5d765e86c3b7c8f12fb1ae6477","name":"Ana B.","image":{"@type":"ImageObject","inLanguage":"en-US","@id":"https:\/\/secure.gravatar.com\/avatar\/f5efa58599e07f8dd92f26c7cfbc442fd115582bc681245452e503c2ef2334f3?s=96&r=g","url":"https:\/\/secure.gravatar.com\/avatar\/f5efa58599e07f8dd92f26c7cfbc442fd115582bc681245452e503c2ef2334f3?s=96&r=g","contentUrl":"https:\/\/secure.gravatar.com\/avatar\/f5efa58599e07f8dd92f26c7cfbc442fd115582bc681245452e503c2ef2334f3?s=96&r=g","caption":"Ana B."},"description":"My name is Ana, and I&#039;m passionate about writing. I dedicate my time to posting news and job openings daily on the Vaga de Emprego RJ portal.","url":"https:\/\/www.vagadeempregorj.com.br\/en\/author\/vgrj\/"}]}},"_links":{"self":[{"href":"https:\/\/www.vagadeempregorj.com.br\/en\/wp-json\/wp\/v2\/posts\/41712","targetHints":{"allow":["GET"]}}],"collection":[{"href":"https:\/\/www.vagadeempregorj.com.br\/en\/wp-json\/wp\/v2\/posts"}],"about":[{"href":"https:\/\/www.vagadeempregorj.com.br\/en\/wp-json\/wp\/v2\/types\/post"}],"author":[{"embeddable":true,"href":"https:\/\/www.vagadeempregorj.com.br\/en\/wp-json\/wp\/v2\/users\/1"}],"replies":[{"embeddable":true,"href":"https:\/\/www.vagadeempregorj.com.br\/en\/wp-json\/wp\/v2\/comments?post=41712"}],"version-history":[{"count":1,"href":"https:\/\/www.vagadeempregorj.com.br\/en\/wp-json\/wp\/v2\/posts\/41712\/revisions"}],"predecessor-version":[{"id":43619,"href":"https:\/\/www.vagadeempregorj.com.br\/en\/wp-json\/wp\/v2\/posts\/41712\/revisions\/43619"}],"wp:featuredmedia":[{"embeddable":true,"href":"https:\/\/www.vagadeempregorj.com.br\/en\/wp-json\/wp\/v2\/media\/41713"}],"wp:attachment":[{"href":"https:\/\/www.vagadeempregorj.com.br\/en\/wp-json\/wp\/v2\/media?parent=41712"}],"wp:term":[{"taxonomy":"category","embeddable":true,"href":"https:\/\/www.vagadeempregorj.com.br\/en\/wp-json\/wp\/v2\/categories?post=41712"},{"taxonomy":"post_tag","embeddable":true,"href":"https:\/\/www.vagadeempregorj.com.br\/en\/wp-json\/wp\/v2\/tags?post=41712"}],"curies":[{"name":"wp","href":"https:\/\/api.w.org\/{rel}","templated":true}]}}