{"id":41769,"date":"2025-01-14T11:25:42","date_gmt":"2025-01-14T14:25:42","guid":{"rendered":"https:\/\/www.vagadeempregorj.com.br\/?p=41769"},"modified":"2025-01-14T11:25:44","modified_gmt":"2025-01-14T14:25:44","slug":"reintegration-50-job-market-parana","status":"publish","type":"post","link":"https:\/\/www.vagadeempregorj.com.br\/en\/reinsercao-50-mais-mercado-trabalho-parana\/","title":{"rendered":"Reintegration of 50+ into the Job Market: Tips and Opportunities"},"content":{"rendered":"<h2 class=\"wp-block-heading\">Progress in the Reintegration of the 50+ Public<\/h2>\n\n\n\n<p class=\"has-medium-font-size\">The reintegration of people over 50 into the job market has gained momentum in Paran\u00e1, where initiatives promoted by the State Secretariat of Labor, Qualification and Income (SETR) are helping to transform lives. Between 2023 and 2024, the number of job openings mediated by the Sine Network for this demographic grew by 38%, increasing from 8,994 to 12,440 positions. In two years, more than 21,000 placements were made, highlighting the positive impact of public policies focused on this group.<\/p>\n\n\n\n<p class=\"has-medium-font-size\">The job fair held in 2024 at the Curitiba Employment Agency exemplifies these advances. The event resulted in the formal placement of approximately 500 people over the age of 50. &quot;The goal is to promote inclusion and reduce the barriers faced by this age group in the job market,&quot; states a spokesperson for SETR.<\/p>\n\n\n\n<h2 class=\"wp-block-heading\">Qualification to Compete for Vacancies<\/h2>\n\n\n\n<p class=\"has-medium-font-size\">By 2025, SETR plans to intensify its training offerings through programs such as Bora Paran\u00e1, Qualifica Paran\u00e1, and Carretas do Conhecimento. These projects provide free or affordable courses geared towards current market demands, such as technology and services. The goal is to level the playing field between older and younger generations, who generally have greater access to up-to-date education.<\/p>\n\n\n\n<p class=\"has-medium-font-size\">\u201cThese initiatives are essential because many experienced professionals need to acquire new skills to meet the demands of companies. Our focus is on generating equal opportunities,\u201d explains Ilsis Cristine da Silva, supervisor of the Paran\u00e1 Business-School Integration Center (CIEE\/PR).<\/p>\n\n\n\n<h2 class=\"wp-block-heading\">Success Stories<\/h2>\n\n\n\n<p class=\"has-medium-font-size\">An inspiring example is that of M\u00e1rcia Espinosa, 62 years old. A trained teacher with experience in the municipal education system, she faced difficulties re-entering the job market after returning from the United States. In 2020, encouraged by her daughter, M\u00e1rcia resumed her studies, enrolling in a pedagogy course. During the course, she interned in various areas of education, accumulating valuable experience. \u201cIt was a challenging but very rewarding restart. Today I feel prepared for new opportunities,\u201d she says.<\/p>\n\n\n\n<p class=\"has-medium-font-size\">M\u00e1rcia&#039;s internship was facilitated by CIEE\/PR, which in 2024 offered more than 8,700 internship positions for all age groups and plans to increase that number by 10% in 2025. According to the institution, interest in internships among people over 50 has been increasing, especially in areas such as administration and pedagogy.<\/p>\n\n\n\n<h2 class=\"wp-block-heading\">Valuing Experience in the Market<\/h2>\n\n\n\n<p class=\"has-medium-font-size\">The job market has shown greater receptiveness to older workers, valuing the experience and commitment of this demographic. Companies in various sectors have identified competitive advantages in hiring professionals over 50, who generally have high motivation and lower turnover rates.<\/p>\n\n\n\n<p class=\"has-medium-font-size\">\u201cDuring the pandemic, we noticed a significant change in the hiring profile. While many young people opted for remote work, companies sought older professionals for their reliability and willingness to work in person,\u201d explains Ilsis.<\/p>\n\n\n\n<h2 class=\"wp-block-heading\">The Future of Reintegration<\/h2>\n\n\n\n<p class=\"has-medium-font-size\">Data from the General Registry of Employed and Unemployed Workers (Caged) shows a significant reduction in the job deficit for people aged 50+ in Paran\u00e1. Between January and September 2023, the negative balance was 6,175 jobs. In the same period of 2024, the number fell to 1,420. Although challenges remain, the results point to a promising scenario.<\/p>\n\n\n\n<h2 class=\"wp-block-heading\">Conclusion<\/h2>\n\n\n\n<p class=\"has-medium-font-size\">The reintegration of people over 50 into the job market is not just a matter of social inclusion, but also a great opportunity to leverage the potential of experienced professionals. In Paran\u00e1, for example, initiatives such as job fairs, qualification courses, and internship programs are not only changing lives but also promoting significant transformations. Furthermore, with the continuation of these actions, it is expected that there will be greater inclusion and appreciation of experience in the job market.<\/p>\n\n\n\n<hr class=\"wp-block-separator has-alpha-channel-opacity\"\/>\n\n\n\n<p class=\"has-medium-font-size\"><a href=\"https:\/\/www.vagadeempregorj.com.br\/en\/national-job-vacancies\/\">To learn more about professional qualification options in the state, read our complete article on the subject. <strong>Qualifica Paran\u00e1<\/strong>.<\/a><\/p>","protected":false},"excerpt":{"rendered":"<p>Avan\u00e7os na Reinser\u00e7\u00e3o do P\u00fablico 50+ A reinser\u00e7\u00e3o de pessoas com mais de 50 anos no mercado de trabalho tem ganhado for\u00e7a no Paran\u00e1, onde iniciativas promovidas pela Secretaria de Estado do Trabalho, Qualifica\u00e7\u00e3o e Renda (SETR) est\u00e3o ajudando a transformar vidas. Entre 2023 e 2024, o n\u00famero de vagas intermediadas pela Rede Sine para&hellip;&nbsp;<\/p>","protected":false},"author":1,"featured_media":41777,"comment_status":"closed","ping_status":"closed","sticky":false,"template":"","format":"standard","meta":{"neve_meta_sidebar":"","neve_meta_container":"","neve_meta_enable_content_width":"","neve_meta_content_width":0,"neve_meta_title_alignment":"","neve_meta_author_avatar":"","neve_post_elements_order":"","neve_meta_disable_header":"","neve_meta_disable_footer":"","neve_meta_disable_title":"","footnotes":""},"categories":[123],"tags":[891,894,883,893,892],"class_list":["post-41769","post","type-post","status-publish","format-standard","has-post-thumbnail","hentry","category-vagas-de-emprego-nacionais","tag-pessoas-50","tag-programas-de-qualificacao","tag-qualificacao-profissional","tag-reinsercao-no-mercado-de-trabalho","tag-vagas-de-emprego-parana"],"yoast_head":"<!-- This site is optimized with the Yoast SEO plugin v27.5 - https:\/\/yoast.com\/product\/yoast-seo-wordpress\/ -->\n<title>Reinser\u00e7\u00e3o 50+ no Mercado de Trabalho: Dicas e Oportunidades -<\/title>\n<meta name=\"description\" content=\"Descubra como iniciativas no Paran\u00e1 est\u00e3o promovendo a reinser\u00e7\u00e3o de pessoas 50+ no mercado de trabalho, com vagas, cursos e qualifica\u00e7\u00e3o.\" \/>\n<meta name=\"robots\" content=\"index, follow, max-snippet:-1, max-image-preview:large, max-video-preview:-1\" \/>\n<link rel=\"canonical\" href=\"https:\/\/www.vagadeempregorj.com.br\/en\/reintegration-50-job-market-parana\/\" \/>\n<meta property=\"og:locale\" content=\"en_US\" \/>\n<meta property=\"og:type\" content=\"article\" \/>\n<meta property=\"og:title\" content=\"Reinser\u00e7\u00e3o 50+ no Mercado de Trabalho: Dicas e Oportunidades -\" \/>\n<meta property=\"og:description\" content=\"Descubra como iniciativas no Paran\u00e1 est\u00e3o promovendo a reinser\u00e7\u00e3o de pessoas 50+ no mercado de trabalho, com vagas, cursos e qualifica\u00e7\u00e3o.\" \/>\n<meta property=\"og:url\" content=\"https:\/\/www.vagadeempregorj.com.br\/en\/reintegration-50-job-market-parana\/\" \/>\n<meta property=\"article:publisher\" content=\"https:\/\/www.facebook.com\/empregobrasiloficial\" \/>\n<meta property=\"article:published_time\" content=\"2025-01-14T14:25:42+00:00\" \/>\n<meta property=\"article:modified_time\" content=\"2025-01-14T14:25:44+00:00\" \/>\n<meta property=\"og:image\" content=\"https:\/\/www.vagadeempregorj.com.br\/wp-content\/uploads\/2025\/01\/Para.webp\" \/>\n\t<meta property=\"og:image:width\" content=\"1024\" \/>\n\t<meta property=\"og:image:height\" content=\"682\" \/>\n\t<meta property=\"og:image:type\" content=\"image\/webp\" \/>\n<meta name=\"author\" content=\"Ana B.\" \/>\n<meta name=\"twitter:card\" content=\"summary_large_image\" \/>\n<meta name=\"twitter:label1\" content=\"Written by\" \/>\n\t<meta name=\"twitter:data1\" content=\"Ana B.\" \/>\n\t<meta name=\"twitter:label2\" content=\"Est. reading time\" \/>\n\t<meta name=\"twitter:data2\" content=\"3 minutes\" \/>\n<script type=\"application\/ld+json\" class=\"yoast-schema-graph\">{\"@context\":\"https:\\\/\\\/schema.org\",\"@graph\":[{\"@type\":\"Article\",\"@id\":\"https:\\\/\\\/www.vagadeempregorj.com.br\\\/reinsercao-50-mais-mercado-trabalho-parana\\\/#article\",\"isPartOf\":{\"@id\":\"https:\\\/\\\/www.vagadeempregorj.com.br\\\/reinsercao-50-mais-mercado-trabalho-parana\\\/\"},\"author\":{\"name\":\"Ana B.\",\"@id\":\"https:\\\/\\\/www.vagadeempregorj.com.br\\\/#\\\/schema\\\/person\\\/c0c38d5d765e86c3b7c8f12fb1ae6477\"},\"headline\":\"Reinser\u00e7\u00e3o 50+ no Mercado de Trabalho: Dicas e Oportunidades\",\"datePublished\":\"2025-01-14T14:25:42+00:00\",\"dateModified\":\"2025-01-14T14:25:44+00:00\",\"mainEntityOfPage\":{\"@id\":\"https:\\\/\\\/www.vagadeempregorj.com.br\\\/reinsercao-50-mais-mercado-trabalho-parana\\\/\"},\"wordCount\":672,\"image\":{\"@id\":\"https:\\\/\\\/www.vagadeempregorj.com.br\\\/reinsercao-50-mais-mercado-trabalho-parana\\\/#primaryimage\"},\"thumbnailUrl\":\"https:\\\/\\\/www.vagadeempregorj.com.br\\\/wp-content\\\/uploads\\\/2025\\\/01\\\/Para.webp\",\"keywords\":[\"pessoas 50+\",\"programas de qualifica\u00e7\u00e3o\",\"qualifica\u00e7\u00e3o profissional\",\"reinser\u00e7\u00e3o no mercado de trabalho\",\"vagas de emprego Paran\u00e1\"],\"articleSection\":[\"Vagas de Emprego Nacionais\"],\"inLanguage\":\"en-US\"},{\"@type\":\"WebPage\",\"@id\":\"https:\\\/\\\/www.vagadeempregorj.com.br\\\/reinsercao-50-mais-mercado-trabalho-parana\\\/\",\"url\":\"https:\\\/\\\/www.vagadeempregorj.com.br\\\/reinsercao-50-mais-mercado-trabalho-parana\\\/\",\"name\":\"Reinser\u00e7\u00e3o 50+ no Mercado de Trabalho: Dicas e Oportunidades -\",\"isPartOf\":{\"@id\":\"https:\\\/\\\/www.vagadeempregorj.com.br\\\/#website\"},\"primaryImageOfPage\":{\"@id\":\"https:\\\/\\\/www.vagadeempregorj.com.br\\\/reinsercao-50-mais-mercado-trabalho-parana\\\/#primaryimage\"},\"image\":{\"@id\":\"https:\\\/\\\/www.vagadeempregorj.com.br\\\/reinsercao-50-mais-mercado-trabalho-parana\\\/#primaryimage\"},\"thumbnailUrl\":\"https:\\\/\\\/www.vagadeempregorj.com.br\\\/wp-content\\\/uploads\\\/2025\\\/01\\\/Para.webp\",\"datePublished\":\"2025-01-14T14:25:42+00:00\",\"dateModified\":\"2025-01-14T14:25:44+00:00\",\"author\":{\"@id\":\"https:\\\/\\\/www.vagadeempregorj.com.br\\\/#\\\/schema\\\/person\\\/c0c38d5d765e86c3b7c8f12fb1ae6477\"},\"description\":\"Descubra como iniciativas no Paran\u00e1 est\u00e3o promovendo a reinser\u00e7\u00e3o de pessoas 50+ no mercado de trabalho, com vagas, cursos e qualifica\u00e7\u00e3o.\",\"breadcrumb\":{\"@id\":\"https:\\\/\\\/www.vagadeempregorj.com.br\\\/reinsercao-50-mais-mercado-trabalho-parana\\\/#breadcrumb\"},\"inLanguage\":\"en-US\",\"potentialAction\":[{\"@type\":\"ReadAction\",\"target\":[\"https:\\\/\\\/www.vagadeempregorj.com.br\\\/reinsercao-50-mais-mercado-trabalho-parana\\\/\"]}]},{\"@type\":\"ImageObject\",\"inLanguage\":\"en-US\",\"@id\":\"https:\\\/\\\/www.vagadeempregorj.com.br\\\/reinsercao-50-mais-mercado-trabalho-parana\\\/#primaryimage\",\"url\":\"https:\\\/\\\/www.vagadeempregorj.com.br\\\/wp-content\\\/uploads\\\/2025\\\/01\\\/Para.webp\",\"contentUrl\":\"https:\\\/\\\/www.vagadeempregorj.com.br\\\/wp-content\\\/uploads\\\/2025\\\/01\\\/Para.webp\",\"width\":1024,\"height\":682,\"caption\":\"Reinser\u00e7\u00e3o 50+ no mercado\"},{\"@type\":\"BreadcrumbList\",\"@id\":\"https:\\\/\\\/www.vagadeempregorj.com.br\\\/reinsercao-50-mais-mercado-trabalho-parana\\\/#breadcrumb\",\"itemListElement\":[{\"@type\":\"ListItem\",\"position\":1,\"name\":\"In\u00edcio\",\"item\":\"https:\\\/\\\/www.vagadeempregorj.com.br\\\/\"},{\"@type\":\"ListItem\",\"position\":2,\"name\":\"Vagas de Emprego Nacionais\",\"item\":\"https:\\\/\\\/www.vagadeempregorj.com.br\\\/vagas-de-emprego-nacionais\\\/\"},{\"@type\":\"ListItem\",\"position\":3,\"name\":\"Reinser\u00e7\u00e3o 50+ no Mercado de Trabalho: Dicas e Oportunidades\"}]},{\"@type\":\"WebSite\",\"@id\":\"https:\\\/\\\/www.vagadeempregorj.com.br\\\/#website\",\"url\":\"https:\\\/\\\/www.vagadeempregorj.com.br\\\/\",\"name\":\"\",\"description\":\"Conquiste Sonhos: Vagas, Benef\u00edcios e Economia para Transformar Vidas e Alcan\u00e7ar Melhorias Cotidianas\",\"potentialAction\":[{\"@type\":\"SearchAction\",\"target\":{\"@type\":\"EntryPoint\",\"urlTemplate\":\"https:\\\/\\\/www.vagadeempregorj.com.br\\\/?s={search_term_string}\"},\"query-input\":{\"@type\":\"PropertyValueSpecification\",\"valueRequired\":true,\"valueName\":\"search_term_string\"}}],\"inLanguage\":\"en-US\"},{\"@type\":\"Person\",\"@id\":\"https:\\\/\\\/www.vagadeempregorj.com.br\\\/#\\\/schema\\\/person\\\/c0c38d5d765e86c3b7c8f12fb1ae6477\",\"name\":\"Ana B.\",\"image\":{\"@type\":\"ImageObject\",\"inLanguage\":\"en-US\",\"@id\":\"https:\\\/\\\/secure.gravatar.com\\\/avatar\\\/f5efa58599e07f8dd92f26c7cfbc442fd115582bc681245452e503c2ef2334f3?s=96&r=g\",\"url\":\"https:\\\/\\\/secure.gravatar.com\\\/avatar\\\/f5efa58599e07f8dd92f26c7cfbc442fd115582bc681245452e503c2ef2334f3?s=96&r=g\",\"contentUrl\":\"https:\\\/\\\/secure.gravatar.com\\\/avatar\\\/f5efa58599e07f8dd92f26c7cfbc442fd115582bc681245452e503c2ef2334f3?s=96&r=g\",\"caption\":\"Ana B.\"},\"description\":\"Meu nome \u00e9 Ana e sou apaixonada em escrever. Dedico meu tempo escrevendo not\u00edcias e vagas de emprego diariamente no portal Vaga de Emprego RJ.\",\"url\":\"https:\\\/\\\/www.vagadeempregorj.com.br\\\/en\\\/author\\\/vgrj\\\/\"}]}<\/script>\n<!-- \/ Yoast SEO plugin. -->","yoast_head_json":{"title":"Reintegration of those 50+ into the Job Market: Tips and Opportunities","description":"Discover how initiatives in Paran\u00e1 are promoting the reintegration of people aged 50+ into the job market, with job openings, courses, and training.","robots":{"index":"index","follow":"follow","max-snippet":"max-snippet:-1","max-image-preview":"max-image-preview:large","max-video-preview":"max-video-preview:-1"},"canonical":"https:\/\/www.vagadeempregorj.com.br\/en\/reintegration-50-job-market-parana\/","og_locale":"en_US","og_type":"article","og_title":"Reinser\u00e7\u00e3o 50+ no Mercado de Trabalho: Dicas e Oportunidades -","og_description":"Descubra como iniciativas no Paran\u00e1 est\u00e3o promovendo a reinser\u00e7\u00e3o de pessoas 50+ no mercado de trabalho, com vagas, cursos e qualifica\u00e7\u00e3o.","og_url":"https:\/\/www.vagadeempregorj.com.br\/en\/reintegration-50-job-market-parana\/","article_publisher":"https:\/\/www.facebook.com\/empregobrasiloficial","article_published_time":"2025-01-14T14:25:42+00:00","article_modified_time":"2025-01-14T14:25:44+00:00","og_image":[{"width":1024,"height":682,"url":"https:\/\/www.vagadeempregorj.com.br\/wp-content\/uploads\/2025\/01\/Para.webp","type":"image\/webp"}],"author":"Ana B.","twitter_card":"summary_large_image","twitter_misc":{"Written by":"Ana B.","Est. reading time":"3 minutes"},"schema":{"@context":"https:\/\/schema.org","@graph":[{"@type":"Article","@id":"https:\/\/www.vagadeempregorj.com.br\/reinsercao-50-mais-mercado-trabalho-parana\/#article","isPartOf":{"@id":"https:\/\/www.vagadeempregorj.com.br\/reinsercao-50-mais-mercado-trabalho-parana\/"},"author":{"name":"Ana B.","@id":"https:\/\/www.vagadeempregorj.com.br\/#\/schema\/person\/c0c38d5d765e86c3b7c8f12fb1ae6477"},"headline":"Reinser\u00e7\u00e3o 50+ no Mercado de Trabalho: Dicas e Oportunidades","datePublished":"2025-01-14T14:25:42+00:00","dateModified":"2025-01-14T14:25:44+00:00","mainEntityOfPage":{"@id":"https:\/\/www.vagadeempregorj.com.br\/reinsercao-50-mais-mercado-trabalho-parana\/"},"wordCount":672,"image":{"@id":"https:\/\/www.vagadeempregorj.com.br\/reinsercao-50-mais-mercado-trabalho-parana\/#primaryimage"},"thumbnailUrl":"https:\/\/www.vagadeempregorj.com.br\/wp-content\/uploads\/2025\/01\/Para.webp","keywords":["pessoas 50+","programas de qualifica\u00e7\u00e3o","qualifica\u00e7\u00e3o profissional","reinser\u00e7\u00e3o no mercado de trabalho","vagas de emprego Paran\u00e1"],"articleSection":["Vagas de Emprego Nacionais"],"inLanguage":"en-US"},{"@type":"WebPage","@id":"https:\/\/www.vagadeempregorj.com.br\/reinsercao-50-mais-mercado-trabalho-parana\/","url":"https:\/\/www.vagadeempregorj.com.br\/reinsercao-50-mais-mercado-trabalho-parana\/","name":"Reintegration of those 50+ into the Job Market: Tips and Opportunities","isPartOf":{"@id":"https:\/\/www.vagadeempregorj.com.br\/#website"},"primaryImageOfPage":{"@id":"https:\/\/www.vagadeempregorj.com.br\/reinsercao-50-mais-mercado-trabalho-parana\/#primaryimage"},"image":{"@id":"https:\/\/www.vagadeempregorj.com.br\/reinsercao-50-mais-mercado-trabalho-parana\/#primaryimage"},"thumbnailUrl":"https:\/\/www.vagadeempregorj.com.br\/wp-content\/uploads\/2025\/01\/Para.webp","datePublished":"2025-01-14T14:25:42+00:00","dateModified":"2025-01-14T14:25:44+00:00","author":{"@id":"https:\/\/www.vagadeempregorj.com.br\/#\/schema\/person\/c0c38d5d765e86c3b7c8f12fb1ae6477"},"description":"Discover how initiatives in Paran\u00e1 are promoting the reintegration of people aged 50+ into the job market, with job openings, courses, and training.","breadcrumb":{"@id":"https:\/\/www.vagadeempregorj.com.br\/reinsercao-50-mais-mercado-trabalho-parana\/#breadcrumb"},"inLanguage":"en-US","potentialAction":[{"@type":"ReadAction","target":["https:\/\/www.vagadeempregorj.com.br\/reinsercao-50-mais-mercado-trabalho-parana\/"]}]},{"@type":"ImageObject","inLanguage":"en-US","@id":"https:\/\/www.vagadeempregorj.com.br\/reinsercao-50-mais-mercado-trabalho-parana\/#primaryimage","url":"https:\/\/www.vagadeempregorj.com.br\/wp-content\/uploads\/2025\/01\/Para.webp","contentUrl":"https:\/\/www.vagadeempregorj.com.br\/wp-content\/uploads\/2025\/01\/Para.webp","width":1024,"height":682,"caption":"Reinser\u00e7\u00e3o 50+ no mercado"},{"@type":"BreadcrumbList","@id":"https:\/\/www.vagadeempregorj.com.br\/reinsercao-50-mais-mercado-trabalho-parana\/#breadcrumb","itemListElement":[{"@type":"ListItem","position":1,"name":"In\u00edcio","item":"https:\/\/www.vagadeempregorj.com.br\/"},{"@type":"ListItem","position":2,"name":"Vagas de Emprego Nacionais","item":"https:\/\/www.vagadeempregorj.com.br\/vagas-de-emprego-nacionais\/"},{"@type":"ListItem","position":3,"name":"Reinser\u00e7\u00e3o 50+ no Mercado de Trabalho: Dicas e Oportunidades"}]},{"@type":"WebSite","@id":"https:\/\/www.vagadeempregorj.com.br\/#website","url":"https:\/\/www.vagadeempregorj.com.br\/","name":"","description":"Achieve Dreams: Jobs, Benefits, and Savings to Transform Lives and Achieve Everyday Improvements","potentialAction":[{"@type":"SearchAction","target":{"@type":"EntryPoint","urlTemplate":"https:\/\/www.vagadeempregorj.com.br\/?s={search_term_string}"},"query-input":{"@type":"PropertyValueSpecification","valueRequired":true,"valueName":"search_term_string"}}],"inLanguage":"en-US"},{"@type":"Person","@id":"https:\/\/www.vagadeempregorj.com.br\/#\/schema\/person\/c0c38d5d765e86c3b7c8f12fb1ae6477","name":"Ana B.","image":{"@type":"ImageObject","inLanguage":"en-US","@id":"https:\/\/secure.gravatar.com\/avatar\/f5efa58599e07f8dd92f26c7cfbc442fd115582bc681245452e503c2ef2334f3?s=96&r=g","url":"https:\/\/secure.gravatar.com\/avatar\/f5efa58599e07f8dd92f26c7cfbc442fd115582bc681245452e503c2ef2334f3?s=96&r=g","contentUrl":"https:\/\/secure.gravatar.com\/avatar\/f5efa58599e07f8dd92f26c7cfbc442fd115582bc681245452e503c2ef2334f3?s=96&r=g","caption":"Ana B."},"description":"My name is Ana, and I&#039;m passionate about writing. I dedicate my time to posting news and job openings daily on the Vaga de Emprego RJ portal.","url":"https:\/\/www.vagadeempregorj.com.br\/en\/author\/vgrj\/"}]}},"_links":{"self":[{"href":"https:\/\/www.vagadeempregorj.com.br\/en\/wp-json\/wp\/v2\/posts\/41769","targetHints":{"allow":["GET"]}}],"collection":[{"href":"https:\/\/www.vagadeempregorj.com.br\/en\/wp-json\/wp\/v2\/posts"}],"about":[{"href":"https:\/\/www.vagadeempregorj.com.br\/en\/wp-json\/wp\/v2\/types\/post"}],"author":[{"embeddable":true,"href":"https:\/\/www.vagadeempregorj.com.br\/en\/wp-json\/wp\/v2\/users\/1"}],"replies":[{"embeddable":true,"href":"https:\/\/www.vagadeempregorj.com.br\/en\/wp-json\/wp\/v2\/comments?post=41769"}],"version-history":[{"count":0,"href":"https:\/\/www.vagadeempregorj.com.br\/en\/wp-json\/wp\/v2\/posts\/41769\/revisions"}],"wp:featuredmedia":[{"embeddable":true,"href":"https:\/\/www.vagadeempregorj.com.br\/en\/wp-json\/wp\/v2\/media\/41777"}],"wp:attachment":[{"href":"https:\/\/www.vagadeempregorj.com.br\/en\/wp-json\/wp\/v2\/media?parent=41769"}],"wp:term":[{"taxonomy":"category","embeddable":true,"href":"https:\/\/www.vagadeempregorj.com.br\/en\/wp-json\/wp\/v2\/categories?post=41769"},{"taxonomy":"post_tag","embeddable":true,"href":"https:\/\/www.vagadeempregorj.com.br\/en\/wp-json\/wp\/v2\/tags?post=41769"}],"curies":[{"name":"wp","href":"https:\/\/api.w.org\/{rel}","templated":true}]}}