{"id":42108,"date":"2025-03-18T06:00:00","date_gmt":"2025-03-18T09:00:00","guid":{"rendered":"https:\/\/www.vagadeempregorj.com.br\/?p=42108"},"modified":"2025-03-16T17:11:48","modified_gmt":"2025-03-16T20:11:48","slug":"raizen-476-job-openings-across-the-country","status":"publish","type":"post","link":"https:\/\/www.vagadeempregorj.com.br\/en\/raizen-476-vagas-de-emprego-abertas-pelo-pais\/","title":{"rendered":"Ra\u00edzen: 476 job openings across the country"},"content":{"rendered":"<p>Are you looking for an opportunity to advance your career at a company that values innovation and sustainable growth? <strong>Ra\u00edzen<\/strong>, one of the largest energy companies in Brazil, has just opened <strong>476 job openings<\/strong> spread across several cities. This is the perfect time for anyone who wants to be part of an organization that positively impacts the country with its energy solutions and focus on the future.<\/p>\n\n\n\n<figure class=\"wp-block-image size-large\"><img loading=\"lazy\" decoding=\"async\" width=\"1024\" height=\"683\" src=\"https:\/\/www.vagadeempregorj.com.br\/wp-content\/uploads\/2025\/01\/image-13-1024x683.png\" alt=\"Ra\u00edzen\" class=\"wp-image-42119\" srcset=\"https:\/\/www.vagadeempregorj.com.br\/wp-content\/uploads\/2025\/01\/image-13-1024x683.png 1024w, https:\/\/www.vagadeempregorj.com.br\/wp-content\/uploads\/2025\/01\/image-13-300x200.png 300w, https:\/\/www.vagadeempregorj.com.br\/wp-content\/uploads\/2025\/01\/image-13-768x512.png 768w, https:\/\/www.vagadeempregorj.com.br\/wp-content\/uploads\/2025\/01\/image-13-150x100.png 150w, https:\/\/www.vagadeempregorj.com.br\/wp-content\/uploads\/2025\/01\/image-13.png 1200w\" sizes=\"auto, (max-width: 1024px) 100vw, 1024px\" \/><\/figure>\n\n\n\n<h2 class=\"wp-block-heading\">What are the career opportunities at Ra\u00edzen?<\/h2>\n\n\n\n<p>Ra\u00edzen has openings for different experience levels and areas of expertise. Whether you&#039;re a recent graduate, a seasoned professional, or someone looking for your first job, there&#039;s a position that fits your profile. Let&#039;s take a look at the main categories and positions available.<\/p>\n\n\n\n<h3 class=\"wp-block-heading\">1# <strong>Operations<\/strong><\/h3>\n\n\n\n<p>If you enjoy working in the field and participating directly in production processes, operations positions may be ideal. Some of the available positions include:<\/p>\n\n\n\n<ul class=\"wp-block-list\">\n<li><strong>Production Operator<\/strong>: You will be responsible for operating essential equipment for the production of biofuels and other products. Previous industrial experience may be an advantage.<\/li>\n\n\n\n<li><strong>Maintenance Technician<\/strong>: Your work will be focused on the preventive and corrective maintenance of machines and equipment, ensuring that everything works perfectly.<\/li>\n<\/ul>\n\n\n\n<h3 class=\"wp-block-heading\">2# <strong>Technology and Innovation<\/strong><\/h3>\n\n\n\n<p>For those who enjoy technology, Ra\u00edzen also offers exciting opportunities:<\/p>\n\n\n\n<ul class=\"wp-block-list\">\n<li><strong>Systems Analyst<\/strong>: You will develop and support systems that optimize company processes. Knowledge of programming languages and databases is a plus.<\/li>\n\n\n\n<li><strong>Industrial Automation Specialist<\/strong>: Work with cutting-edge technologies to automate processes and improve production efficiency.<\/li>\n<\/ul>\n\n\n\n<h3 class=\"wp-block-heading\">3# <strong>Commercial and Marketing<\/strong><\/h3>\n\n\n\n<p>If you have a communicative profile and enjoy building relationships, this area is for you:<\/p>\n\n\n\n<ul class=\"wp-block-list\">\n<li><strong>Sales Executive<\/strong>: The focus will be on acquiring new customers and expanding Ra\u00edzen&#039;s presence in the energy market.<\/li>\n\n\n\n<li><strong>Marketing Analyst<\/strong>: Responsible for developing campaigns and communication strategies to strengthen the brand.<\/li>\n<\/ul>\n\n\n\n<h3 class=\"wp-block-heading\">4# <strong>Sustainability and Environment<\/strong><\/h3>\n\n\n\n<p>Ra\u00edzen is strongly committed to sustainable practices, and you can be a part of it:<\/p>\n\n\n\n<ul class=\"wp-block-list\">\n<li><strong>Sustainability Specialist<\/strong>: Will work on projects aimed at reducing environmental impacts and promoting clean energy.<\/li>\n\n\n\n<li><strong>Environmental Analyst<\/strong>: Your role will be to monitor the impacts of operations and propose improvements for environmental preservation.<\/li>\n<\/ul>\n\n\n\n<h3 class=\"wp-block-heading\">5# <strong>Programs for Young Talents<\/strong><\/h3>\n\n\n\n<p>If you&#039;re just starting your professional journey, Ra\u00edzen&#039;s internship and trainee programs can be a great starting point:<\/p>\n\n\n\n<ul class=\"wp-block-list\">\n<li><strong>Ra\u00edzen Internship<\/strong>: Aimed at undergraduate students, it offers practical development and training for future leaders.<\/li>\n\n\n\n<li><strong>Ra\u00edzen Trainee<\/strong>: For recent graduates, it is an opportunity to accelerate your career in a structured learning and practice program.<\/li>\n<\/ul>\n\n\n\n<p>As you can see, the opportunities are vast and varied. It&#039;s a matter of finding the one that best aligns with your profile and going for it!<\/p>\n\n\n\n<h2 class=\"wp-block-heading\">How to apply?<\/h2>\n\n\n\n<p>Now that you have an idea of the available areas, you might be wondering how to take the first step, right? Don&#039;t worry, the process is simple and straightforward. Ra\u00edzen uses the platform <strong>Gupy<\/strong> to manage your vacancies and facilitate the submission of resumes.<\/p>\n\n\n\n<p>Here&#039;s the step-by-step guide to applying:<\/p>\n\n\n\n<ul class=\"wp-block-list\">\n<li>Copy and paste the address<strong> https:\/\/raizen.gupy.io <\/strong>in your browser.<\/li>\n\n\n\n<li><strong>Visit the page and find an opportunity<\/strong> that matches your profile and experience. Use the filters to search for vacancies by area, location, or type of work.<\/li>\n\n\n\n<li><strong>Click on the vacancy of interest<\/strong> and read the description carefully.<\/li>\n\n\n\n<li><strong>Fill out the form and send your resume<\/strong>. Make sure all information is up to date and meets the job requirements.<\/li>\n<\/ul>\n\n\n\n<p>Once you&#039;ve completed these steps, just wait for the recruitment team to get back to you. Remember to keep an eye on your email and spam folders, as these are often where recruitments are sent.<\/p>\n\n\n\n<h3 class=\"wp-block-heading\">Why work at Ra\u00edzen?<\/h3>\n\n\n\n<p>In addition to offering countless opportunities for professional growth, Ra\u00edzen stands out as a company that values its employees. It invests in talent development, promotes diversity in the workplace, and has a strong commitment to sustainable practices.<\/p>\n\n\n\n<p>Working at Ra\u00edzen means being part of something bigger: transforming the Brazilian energy sector and building a cleaner, more efficient future. If you&#039;re looking for more than just a job and want to contribute to a positive impact on society, this is your chance.<\/p>\n\n\n\n<p><strong>See also: <a href=\"https:\/\/www.vagadeempregorj.com.br\/en\/assai-wholesaler-1700-job-openings-across-the-country\/\">Assa\u00ed Atacadista: 1,700 job openings across the country<\/a><\/strong><\/p>\n\n\n\n<p>March 18, 2025<\/p>","protected":false},"excerpt":{"rendered":"<p>Voc\u00ea est\u00e1 em busca de uma oportunidade para alavancar sua carreira em uma empresa que valoriza inova\u00e7\u00e3o e crescimento sustent\u00e1vel? A Ra\u00edzen, uma das maiores empresas de energia do Brasil, acaba de abrir 476 vagas de emprego espalhadas por diversas cidades. Este \u00e9 o momento perfeito para quem quer fazer parte de uma organiza\u00e7\u00e3o que&hellip;&nbsp;<\/p>","protected":false},"author":16,"featured_media":42119,"comment_status":"closed","ping_status":"closed","sticky":false,"template":"","format":"standard","meta":{"neve_meta_sidebar":"","neve_meta_container":"","neve_meta_enable_content_width":"","neve_meta_content_width":0,"neve_meta_title_alignment":"","neve_meta_author_avatar":"","neve_post_elements_order":"","neve_meta_disable_header":"","neve_meta_disable_footer":"","neve_meta_disable_title":"","footnotes":""},"categories":[123],"tags":[830,608],"class_list":["post-42108","post","type-post","status-publish","format-standard","has-post-thumbnail","hentry","category-vagas-de-emprego-nacionais","tag-empregos","tag-oportunidades"],"yoast_head":"<!-- This site is optimized with the Yoast SEO plugin v27.5 - https:\/\/yoast.com\/product\/yoast-seo-wordpress\/ -->\n<title>Ra\u00edzen: 476 vagas de emprego abertas pelo pa\u00eds -<\/title>\n<meta name=\"description\" content=\"Veja em Vagas de Emprego RJ as vagas de emprego com e sem experi\u00eancia no seu Estado e Regi\u00e3o!\" \/>\n<meta name=\"robots\" content=\"index, follow, max-snippet:-1, max-image-preview:large, max-video-preview:-1\" \/>\n<link rel=\"canonical\" href=\"https:\/\/www.vagadeempregorj.com.br\/en\/raizen-476-job-openings-across-the-country\/\" \/>\n<meta property=\"og:locale\" content=\"en_US\" \/>\n<meta property=\"og:type\" content=\"article\" \/>\n<meta property=\"og:title\" content=\"Ra\u00edzen: 476 vagas de emprego abertas pelo pa\u00eds -\" \/>\n<meta property=\"og:description\" content=\"Veja em Vagas de Emprego RJ as vagas de emprego com e sem experi\u00eancia no seu Estado e Regi\u00e3o!\" \/>\n<meta property=\"og:url\" content=\"https:\/\/www.vagadeempregorj.com.br\/en\/raizen-476-job-openings-across-the-country\/\" \/>\n<meta property=\"article:publisher\" content=\"https:\/\/www.facebook.com\/empregobrasiloficial\" \/>\n<meta property=\"article:published_time\" content=\"2025-03-18T09:00:00+00:00\" \/>\n<meta property=\"og:image\" content=\"https:\/\/www.vagadeempregorj.com.br\/wp-content\/uploads\/2025\/01\/image-13.png\" \/>\n\t<meta property=\"og:image:width\" content=\"1200\" \/>\n\t<meta property=\"og:image:height\" content=\"800\" \/>\n\t<meta property=\"og:image:type\" content=\"image\/png\" \/>\n<meta name=\"author\" content=\"Michele\" \/>\n<meta name=\"twitter:card\" content=\"summary_large_image\" \/>\n<meta name=\"twitter:label1\" content=\"Written by\" \/>\n\t<meta name=\"twitter:data1\" content=\"Michele\" \/>\n\t<meta name=\"twitter:label2\" content=\"Est. reading time\" \/>\n\t<meta name=\"twitter:data2\" content=\"4 minutes\" \/>\n<script type=\"application\/ld+json\" class=\"yoast-schema-graph\">{\"@context\":\"https:\\\/\\\/schema.org\",\"@graph\":[{\"@type\":\"Article\",\"@id\":\"https:\\\/\\\/www.vagadeempregorj.com.br\\\/raizen-476-vagas-de-emprego-abertas-pelo-pais\\\/#article\",\"isPartOf\":{\"@id\":\"https:\\\/\\\/www.vagadeempregorj.com.br\\\/raizen-476-vagas-de-emprego-abertas-pelo-pais\\\/\"},\"author\":{\"name\":\"Michele\",\"@id\":\"https:\\\/\\\/www.vagadeempregorj.com.br\\\/#\\\/schema\\\/person\\\/3ddb19fa0539706786e502152f3aae95\"},\"headline\":\"Ra\u00edzen: 476 vagas de emprego abertas pelo pa\u00eds\",\"datePublished\":\"2025-03-18T09:00:00+00:00\",\"mainEntityOfPage\":{\"@id\":\"https:\\\/\\\/www.vagadeempregorj.com.br\\\/raizen-476-vagas-de-emprego-abertas-pelo-pais\\\/\"},\"wordCount\":804,\"image\":{\"@id\":\"https:\\\/\\\/www.vagadeempregorj.com.br\\\/raizen-476-vagas-de-emprego-abertas-pelo-pais\\\/#primaryimage\"},\"thumbnailUrl\":\"https:\\\/\\\/www.vagadeempregorj.com.br\\\/wp-content\\\/uploads\\\/2025\\\/01\\\/image-13.png\",\"keywords\":[\"empregos\",\"oportunidades\"],\"articleSection\":[\"Vagas de Emprego Nacionais\"],\"inLanguage\":\"en-US\"},{\"@type\":\"WebPage\",\"@id\":\"https:\\\/\\\/www.vagadeempregorj.com.br\\\/raizen-476-vagas-de-emprego-abertas-pelo-pais\\\/\",\"url\":\"https:\\\/\\\/www.vagadeempregorj.com.br\\\/raizen-476-vagas-de-emprego-abertas-pelo-pais\\\/\",\"name\":\"Ra\u00edzen: 476 vagas de emprego abertas pelo pa\u00eds -\",\"isPartOf\":{\"@id\":\"https:\\\/\\\/www.vagadeempregorj.com.br\\\/#website\"},\"primaryImageOfPage\":{\"@id\":\"https:\\\/\\\/www.vagadeempregorj.com.br\\\/raizen-476-vagas-de-emprego-abertas-pelo-pais\\\/#primaryimage\"},\"image\":{\"@id\":\"https:\\\/\\\/www.vagadeempregorj.com.br\\\/raizen-476-vagas-de-emprego-abertas-pelo-pais\\\/#primaryimage\"},\"thumbnailUrl\":\"https:\\\/\\\/www.vagadeempregorj.com.br\\\/wp-content\\\/uploads\\\/2025\\\/01\\\/image-13.png\",\"datePublished\":\"2025-03-18T09:00:00+00:00\",\"author\":{\"@id\":\"https:\\\/\\\/www.vagadeempregorj.com.br\\\/#\\\/schema\\\/person\\\/3ddb19fa0539706786e502152f3aae95\"},\"description\":\"Veja em Vagas de Emprego RJ as vagas de emprego com e sem experi\u00eancia no seu Estado e Regi\u00e3o!\",\"breadcrumb\":{\"@id\":\"https:\\\/\\\/www.vagadeempregorj.com.br\\\/raizen-476-vagas-de-emprego-abertas-pelo-pais\\\/#breadcrumb\"},\"inLanguage\":\"en-US\",\"potentialAction\":[{\"@type\":\"ReadAction\",\"target\":[\"https:\\\/\\\/www.vagadeempregorj.com.br\\\/raizen-476-vagas-de-emprego-abertas-pelo-pais\\\/\"]}]},{\"@type\":\"ImageObject\",\"inLanguage\":\"en-US\",\"@id\":\"https:\\\/\\\/www.vagadeempregorj.com.br\\\/raizen-476-vagas-de-emprego-abertas-pelo-pais\\\/#primaryimage\",\"url\":\"https:\\\/\\\/www.vagadeempregorj.com.br\\\/wp-content\\\/uploads\\\/2025\\\/01\\\/image-13.png\",\"contentUrl\":\"https:\\\/\\\/www.vagadeempregorj.com.br\\\/wp-content\\\/uploads\\\/2025\\\/01\\\/image-13.png\",\"width\":1200,\"height\":800,\"caption\":\"Ra\u00edzen\"},{\"@type\":\"BreadcrumbList\",\"@id\":\"https:\\\/\\\/www.vagadeempregorj.com.br\\\/raizen-476-vagas-de-emprego-abertas-pelo-pais\\\/#breadcrumb\",\"itemListElement\":[{\"@type\":\"ListItem\",\"position\":1,\"name\":\"In\u00edcio\",\"item\":\"https:\\\/\\\/www.vagadeempregorj.com.br\\\/\"},{\"@type\":\"ListItem\",\"position\":2,\"name\":\"Vagas de Emprego Nacionais\",\"item\":\"https:\\\/\\\/www.vagadeempregorj.com.br\\\/vagas-de-emprego-nacionais\\\/\"},{\"@type\":\"ListItem\",\"position\":3,\"name\":\"Ra\u00edzen: 476 vagas de emprego abertas pelo pa\u00eds\"}]},{\"@type\":\"WebSite\",\"@id\":\"https:\\\/\\\/www.vagadeempregorj.com.br\\\/#website\",\"url\":\"https:\\\/\\\/www.vagadeempregorj.com.br\\\/\",\"name\":\"\",\"description\":\"Conquiste Sonhos: Vagas, Benef\u00edcios e Economia para Transformar Vidas e Alcan\u00e7ar Melhorias Cotidianas\",\"potentialAction\":[{\"@type\":\"SearchAction\",\"target\":{\"@type\":\"EntryPoint\",\"urlTemplate\":\"https:\\\/\\\/www.vagadeempregorj.com.br\\\/?s={search_term_string}\"},\"query-input\":{\"@type\":\"PropertyValueSpecification\",\"valueRequired\":true,\"valueName\":\"search_term_string\"}}],\"inLanguage\":\"en-US\"},{\"@type\":\"Person\",\"@id\":\"https:\\\/\\\/www.vagadeempregorj.com.br\\\/#\\\/schema\\\/person\\\/3ddb19fa0539706786e502152f3aae95\",\"name\":\"Michele\",\"image\":{\"@type\":\"ImageObject\",\"inLanguage\":\"en-US\",\"@id\":\"https:\\\/\\\/secure.gravatar.com\\\/avatar\\\/6b0eb9d22841282815e2cd856a0061c45e1761cd54b22e952d98c4746939aa85?s=96&r=g\",\"url\":\"https:\\\/\\\/secure.gravatar.com\\\/avatar\\\/6b0eb9d22841282815e2cd856a0061c45e1761cd54b22e952d98c4746939aa85?s=96&r=g\",\"contentUrl\":\"https:\\\/\\\/secure.gravatar.com\\\/avatar\\\/6b0eb9d22841282815e2cd856a0061c45e1761cd54b22e952d98c4746939aa85?s=96&r=g\",\"caption\":\"Michele\"},\"description\":\"Formada em Letras - Portugu\u00eas\\\/ Ingl\u00eas, e idealizadora do site Escritora de Sucesso, busca expandir o conhecimento de todos com informa\u00e7\u00f5es relevantes sobre diversos assuntos, enquanto redatora. No Vaga de Emprego RJ, traz oportunidades e dicas sobre o mercado de trabalho.\",\"url\":\"https:\\\/\\\/www.vagadeempregorj.com.br\\\/en\\\/author\\\/michele\\\/\"}]}<\/script>\n<!-- \/ Yoast SEO plugin. -->","yoast_head_json":{"title":"Ra\u00edzen: 476 job openings across the country -","description":"Check out Job Vacancies in RJ for job openings with and without experience in your state and region!","robots":{"index":"index","follow":"follow","max-snippet":"max-snippet:-1","max-image-preview":"max-image-preview:large","max-video-preview":"max-video-preview:-1"},"canonical":"https:\/\/www.vagadeempregorj.com.br\/en\/raizen-476-job-openings-across-the-country\/","og_locale":"en_US","og_type":"article","og_title":"Ra\u00edzen: 476 vagas de emprego abertas pelo pa\u00eds -","og_description":"Veja em Vagas de Emprego RJ as vagas de emprego com e sem experi\u00eancia no seu Estado e Regi\u00e3o!","og_url":"https:\/\/www.vagadeempregorj.com.br\/en\/raizen-476-job-openings-across-the-country\/","article_publisher":"https:\/\/www.facebook.com\/empregobrasiloficial","article_published_time":"2025-03-18T09:00:00+00:00","og_image":[{"width":1200,"height":800,"url":"https:\/\/www.vagadeempregorj.com.br\/wp-content\/uploads\/2025\/01\/image-13.png","type":"image\/png"}],"author":"Michele","twitter_card":"summary_large_image","twitter_misc":{"Written by":"Michele","Est. reading time":"4 minutes"},"schema":{"@context":"https:\/\/schema.org","@graph":[{"@type":"Article","@id":"https:\/\/www.vagadeempregorj.com.br\/raizen-476-vagas-de-emprego-abertas-pelo-pais\/#article","isPartOf":{"@id":"https:\/\/www.vagadeempregorj.com.br\/raizen-476-vagas-de-emprego-abertas-pelo-pais\/"},"author":{"name":"Michele","@id":"https:\/\/www.vagadeempregorj.com.br\/#\/schema\/person\/3ddb19fa0539706786e502152f3aae95"},"headline":"Ra\u00edzen: 476 vagas de emprego abertas pelo pa\u00eds","datePublished":"2025-03-18T09:00:00+00:00","mainEntityOfPage":{"@id":"https:\/\/www.vagadeempregorj.com.br\/raizen-476-vagas-de-emprego-abertas-pelo-pais\/"},"wordCount":804,"image":{"@id":"https:\/\/www.vagadeempregorj.com.br\/raizen-476-vagas-de-emprego-abertas-pelo-pais\/#primaryimage"},"thumbnailUrl":"https:\/\/www.vagadeempregorj.com.br\/wp-content\/uploads\/2025\/01\/image-13.png","keywords":["empregos","oportunidades"],"articleSection":["Vagas de Emprego Nacionais"],"inLanguage":"en-US"},{"@type":"WebPage","@id":"https:\/\/www.vagadeempregorj.com.br\/raizen-476-vagas-de-emprego-abertas-pelo-pais\/","url":"https:\/\/www.vagadeempregorj.com.br\/raizen-476-vagas-de-emprego-abertas-pelo-pais\/","name":"Ra\u00edzen: 476 job openings across the country -","isPartOf":{"@id":"https:\/\/www.vagadeempregorj.com.br\/#website"},"primaryImageOfPage":{"@id":"https:\/\/www.vagadeempregorj.com.br\/raizen-476-vagas-de-emprego-abertas-pelo-pais\/#primaryimage"},"image":{"@id":"https:\/\/www.vagadeempregorj.com.br\/raizen-476-vagas-de-emprego-abertas-pelo-pais\/#primaryimage"},"thumbnailUrl":"https:\/\/www.vagadeempregorj.com.br\/wp-content\/uploads\/2025\/01\/image-13.png","datePublished":"2025-03-18T09:00:00+00:00","author":{"@id":"https:\/\/www.vagadeempregorj.com.br\/#\/schema\/person\/3ddb19fa0539706786e502152f3aae95"},"description":"Check out Job Vacancies in RJ for job openings with and without experience in your state and region!","breadcrumb":{"@id":"https:\/\/www.vagadeempregorj.com.br\/raizen-476-vagas-de-emprego-abertas-pelo-pais\/#breadcrumb"},"inLanguage":"en-US","potentialAction":[{"@type":"ReadAction","target":["https:\/\/www.vagadeempregorj.com.br\/raizen-476-vagas-de-emprego-abertas-pelo-pais\/"]}]},{"@type":"ImageObject","inLanguage":"en-US","@id":"https:\/\/www.vagadeempregorj.com.br\/raizen-476-vagas-de-emprego-abertas-pelo-pais\/#primaryimage","url":"https:\/\/www.vagadeempregorj.com.br\/wp-content\/uploads\/2025\/01\/image-13.png","contentUrl":"https:\/\/www.vagadeempregorj.com.br\/wp-content\/uploads\/2025\/01\/image-13.png","width":1200,"height":800,"caption":"Ra\u00edzen"},{"@type":"BreadcrumbList","@id":"https:\/\/www.vagadeempregorj.com.br\/raizen-476-vagas-de-emprego-abertas-pelo-pais\/#breadcrumb","itemListElement":[{"@type":"ListItem","position":1,"name":"In\u00edcio","item":"https:\/\/www.vagadeempregorj.com.br\/"},{"@type":"ListItem","position":2,"name":"Vagas de Emprego Nacionais","item":"https:\/\/www.vagadeempregorj.com.br\/vagas-de-emprego-nacionais\/"},{"@type":"ListItem","position":3,"name":"Ra\u00edzen: 476 vagas de emprego abertas pelo pa\u00eds"}]},{"@type":"WebSite","@id":"https:\/\/www.vagadeempregorj.com.br\/#website","url":"https:\/\/www.vagadeempregorj.com.br\/","name":"","description":"Achieve Dreams: Jobs, Benefits, and Savings to Transform Lives and Achieve Everyday Improvements","potentialAction":[{"@type":"SearchAction","target":{"@type":"EntryPoint","urlTemplate":"https:\/\/www.vagadeempregorj.com.br\/?s={search_term_string}"},"query-input":{"@type":"PropertyValueSpecification","valueRequired":true,"valueName":"search_term_string"}}],"inLanguage":"en-US"},{"@type":"Person","@id":"https:\/\/www.vagadeempregorj.com.br\/#\/schema\/person\/3ddb19fa0539706786e502152f3aae95","name":"Michele","image":{"@type":"ImageObject","inLanguage":"en-US","@id":"https:\/\/secure.gravatar.com\/avatar\/6b0eb9d22841282815e2cd856a0061c45e1761cd54b22e952d98c4746939aa85?s=96&r=g","url":"https:\/\/secure.gravatar.com\/avatar\/6b0eb9d22841282815e2cd856a0061c45e1761cd54b22e952d98c4746939aa85?s=96&r=g","contentUrl":"https:\/\/secure.gravatar.com\/avatar\/6b0eb9d22841282815e2cd856a0061c45e1761cd54b22e952d98c4746939aa85?s=96&r=g","caption":"Michele"},"description":"With a degree in Literature (Portuguese\/English), and the creator of the website Escritora de Sucesso, she works as a writer to expand everyone&#039;s knowledge with relevant information on a variety of topics. At Vaga de Emprego RJ, she provides opportunities and tips on the job market.","url":"https:\/\/www.vagadeempregorj.com.br\/en\/author\/michele\/"}]}},"_links":{"self":[{"href":"https:\/\/www.vagadeempregorj.com.br\/en\/wp-json\/wp\/v2\/posts\/42108","targetHints":{"allow":["GET"]}}],"collection":[{"href":"https:\/\/www.vagadeempregorj.com.br\/en\/wp-json\/wp\/v2\/posts"}],"about":[{"href":"https:\/\/www.vagadeempregorj.com.br\/en\/wp-json\/wp\/v2\/types\/post"}],"author":[{"embeddable":true,"href":"https:\/\/www.vagadeempregorj.com.br\/en\/wp-json\/wp\/v2\/users\/16"}],"replies":[{"embeddable":true,"href":"https:\/\/www.vagadeempregorj.com.br\/en\/wp-json\/wp\/v2\/comments?post=42108"}],"version-history":[{"count":0,"href":"https:\/\/www.vagadeempregorj.com.br\/en\/wp-json\/wp\/v2\/posts\/42108\/revisions"}],"wp:featuredmedia":[{"embeddable":true,"href":"https:\/\/www.vagadeempregorj.com.br\/en\/wp-json\/wp\/v2\/media\/42119"}],"wp:attachment":[{"href":"https:\/\/www.vagadeempregorj.com.br\/en\/wp-json\/wp\/v2\/media?parent=42108"}],"wp:term":[{"taxonomy":"category","embeddable":true,"href":"https:\/\/www.vagadeempregorj.com.br\/en\/wp-json\/wp\/v2\/categories?post=42108"},{"taxonomy":"post_tag","embeddable":true,"href":"https:\/\/www.vagadeempregorj.com.br\/en\/wp-json\/wp\/v2\/tags?post=42108"}],"curies":[{"name":"wp","href":"https:\/\/api.w.org\/{rel}","templated":true}]}}