{"id":42146,"date":"2025-02-03T06:00:00","date_gmt":"2025-02-03T09:00:00","guid":{"rendered":"https:\/\/www.vagadeempregorj.com.br\/?p=42146"},"modified":"2025-06-15T14:30:30","modified_gmt":"2025-06-15T17:30:30","slug":"i-lost-my-job-now-see-what-to-do","status":"publish","type":"post","link":"https:\/\/www.vagadeempregorj.com.br\/en\/perdi-meu-emprego-e-agora-veja-o-que-fazer\/","title":{"rendered":"I lost my job, what now? Here&#039;s what to do"},"content":{"rendered":"<p>Losing a job is a challenging situation, and you may be feeling insecure or even scared. This experience raises questions about how to move forward, both financially and professionally. The good news is that it&#039;s possible to overcome this moment and open new paths in your career.<\/p>\n\n\n\n<figure class=\"wp-block-image size-large\"><img loading=\"lazy\" decoding=\"async\" width=\"1024\" height=\"684\" src=\"https:\/\/www.vagadeempregorj.com.br\/wp-content\/uploads\/2025\/01\/image-17-1024x684.png\" alt=\"\" class=\"wp-image-42159\" srcset=\"https:\/\/www.vagadeempregorj.com.br\/wp-content\/uploads\/2025\/01\/image-17-1024x684.png 1024w, https:\/\/www.vagadeempregorj.com.br\/wp-content\/uploads\/2025\/01\/image-17-300x201.png 300w, https:\/\/www.vagadeempregorj.com.br\/wp-content\/uploads\/2025\/01\/image-17-768x513.png 768w, https:\/\/www.vagadeempregorj.com.br\/wp-content\/uploads\/2025\/01\/image-17-150x100.png 150w, https:\/\/www.vagadeempregorj.com.br\/wp-content\/uploads\/2025\/01\/image-17.png 1122w\" sizes=\"auto, (max-width: 1024px) 100vw, 1024px\" \/><\/figure>\n\n\n\n<h2 class=\"wp-block-heading\">The first step: stay calm.<\/h2>\n\n\n\n<p>It&#039;s natural to feel a whirlwind of emotions when losing your job. However, the first step in dealing with this situation is to remain calm. This allows you to make rational decisions and avoid impulsive actions.<\/p>\n\n\n\n<p>Take a moment to process what happened and reflect on your next steps. Understanding that losing your job doesn&#039;t define your worth as a professional is essential to regaining confidence and moving forward.<\/p>\n\n\n\n<h2 class=\"wp-block-heading\">Organize your finances.<\/h2>\n\n\n\n<p>One of the biggest concerns when losing a job is the financial aspect. To prevent this from becoming an even greater burden, it&#039;s important to organize your expenses and find ways to manage your income during this period. Here are some tips:<\/p>\n\n\n\n<p>1# <strong>Analyze your fixed and variable expenses.<\/strong><br>List all your monthly expenses, such as rent, utility bills, and essential purchases. Identify where you can cut or reduce spending.<\/p>\n\n\n\n<p>2# <strong>Use your emergency fund.<\/strong><br>If you have savings, now is the time to use them wisely. Prioritize essential expenses and avoid spending everything at once.<\/p>\n\n\n\n<p>3# <strong>Check labor rights<\/strong><br>Check if you are entitled to benefits such as unemployment insurance, FGTS (Brazilian severance pay fund), and contract termination pay. These amounts can help maintain your stability while you look for a new opportunity.<\/p>\n\n\n\n<p>4# <strong>Seek alternative sources of income.<\/strong><br>Assess skills that can be transformed into extra income, such as temporary jobs, freelancing, or selling products and services.<\/p>\n\n\n\n<h2 class=\"wp-block-heading\">Update your resume and online presence.<\/h2>\n\n\n\n<p>With your finances in order, it&#039;s time to focus on the next step in your career. Having a well-structured and up-to-date resume is essential to attract recruiters&#039; attention. In addition, social media, especially LinkedIn, are powerful tools for standing out in the market.<\/p>\n\n\n\n<p>1# <strong>Review your resume.<\/strong><br>Include your most recent experiences, relevant skills, and achievements. Use keywords related to your field to increase your chances of being found.<\/p>\n\n\n\n<p>2# <strong>Invest in LinkedIn.<\/strong><br>Update your profile with clear and objective information. Connect with people in your field, participate in groups, and engage with relevant posts.<\/p>\n\n\n\n<p>3# <strong>Create a portfolio (if applicable).<\/strong><br>For creative or technical fields, a well-crafted portfolio can be a major asset. Include examples of projects that showcase your skills.<\/p>\n\n\n\n<h2 class=\"wp-block-heading\">Plan your job search.<\/h2>\n\n\n\n<p>Finding a new job requires organization and dedication. Setting goals and following a routine helps maintain focus and increase your chances of success.<\/p>\n\n\n\n<p>1# <strong>Define your goals.<\/strong><br>Determine what types of positions you are seeking, considering your experience, skills, and salary expectations.<\/p>\n\n\n\n<p>2# <strong>Create a daily routine.<\/strong><br>Set aside specific times to research job openings, send resumes, and attend interviews. This prevents procrastination and maintains your productivity.<\/p>\n\n\n\n<p>3# <strong>Diversify your search channels.<\/strong><br>Access job websites, participate in LinkedIn and Facebook groups, and consider recruitment agencies. Networking is also an excellent way to discover opportunities.<\/p>\n\n\n\n<p>4# <strong>Invest in training.<\/strong><br>Take advantage of this time to learn new skills or update your knowledge. Free online courses are great options to enrich your resume.<\/p>\n\n\n\n<h2 class=\"wp-block-heading\">How to deal with emotions during the process?<\/h2>\n\n\n\n<p>In addition to taking care of the practical aspects, it&#039;s important not to neglect the emotional side. Losing a job can bring feelings of frustration, sadness, and anxiety. But there are ways to cope with this:<\/p>\n\n\n\n<p>1# <strong>Talk about your feelings.<\/strong><br>Talk to friends, family, or even mental health professionals. Expressing what you feel helps to alleviate the emotional burden.<\/p>\n\n\n\n<p>2# <strong>Practice self-care.<\/strong><br>Set aside time for activities that relax your mind, such as physical exercise, reading, or hobbies.<\/p>\n\n\n\n<p>3# <strong>Cultivate resilience.<\/strong><br>Remember that challenges are part of life and can be overcome. Embrace this moment as an opportunity for growth and learning.<\/p>\n\n\n\n<h2 class=\"wp-block-heading\">Starting over is possible.<\/h2>\n\n\n\n<p>Losing a job isn&#039;t the end of the line, but rather an opportunity to start over. With organization, focus, and resilience, you can transform this experience into something positive. Remember that new doors open when you are willing to seek them out and prepare for them.<\/p>\n\n\n\n<p>The important thing is to take one step at a time, without losing confidence in your potential. This phase will pass, and the right opportunities will come. Stay strong and keep moving forward!<\/p>\n\n\n\n<p><strong>See also: <a href=\"https:\/\/www.vagadeempregorj.com.br\/en\/bolsa-do-povo-everything-you-need-to-know-about-the-program-and-how-to-access-it\/\">Bolsa do Povo: Everything You Need to Know About the Program and How to Access It<\/a><\/strong><\/p>\n\n\n\n<p>February 3, 2025<\/p>","protected":false},"excerpt":{"rendered":"<p>Perder um emprego \u00e9 uma situa\u00e7\u00e3o desafiadora, e voc\u00ea pode estar se sentindo inseguro ou at\u00e9 mesmo assustado. Essa experi\u00eancia traz d\u00favidas sobre como seguir em frente, tanto financeiramente quanto profissionalmente. A boa not\u00edcia \u00e9 que \u00e9 poss\u00edvel superar esse momento e abrir novos caminhos na sua carreira. O primeiro passo: mantenha a calma \u00c9&hellip;&nbsp;<\/p>","protected":false},"author":16,"featured_media":42159,"comment_status":"closed","ping_status":"closed","sticky":false,"template":"","format":"standard","meta":{"neve_meta_sidebar":"","neve_meta_container":"","neve_meta_enable_content_width":"","neve_meta_content_width":0,"neve_meta_title_alignment":"","neve_meta_author_avatar":"","neve_post_elements_order":"","neve_meta_disable_header":"","neve_meta_disable_footer":"","neve_meta_disable_title":"","footnotes":""},"categories":[123],"tags":[],"class_list":["post-42146","post","type-post","status-publish","format-standard","has-post-thumbnail","hentry","category-vagas-de-emprego-nacionais"],"yoast_head":"<!-- This site is optimized with the Yoast SEO plugin v27.5 - https:\/\/yoast.com\/product\/yoast-seo-wordpress\/ -->\n<title>Perdi meu emprego, e agora? Veja o que fazer -<\/title>\n<meta name=\"description\" content=\"Veja em Vagas de Emprego RJ as vagas de emprego com e sem experi\u00eancia no seu Estado e Regi\u00e3o!\" \/>\n<meta name=\"robots\" content=\"index, follow, max-snippet:-1, max-image-preview:large, max-video-preview:-1\" \/>\n<link rel=\"canonical\" href=\"https:\/\/www.vagadeempregorj.com.br\/en\/i-lost-my-job-now-see-what-to-do\/\" \/>\n<meta property=\"og:locale\" content=\"en_US\" \/>\n<meta property=\"og:type\" content=\"article\" \/>\n<meta property=\"og:title\" content=\"Perdi meu emprego, e agora? Veja o que fazer -\" \/>\n<meta property=\"og:description\" content=\"Veja em Vagas de Emprego RJ as vagas de emprego com e sem experi\u00eancia no seu Estado e Regi\u00e3o!\" \/>\n<meta property=\"og:url\" content=\"https:\/\/www.vagadeempregorj.com.br\/en\/i-lost-my-job-now-see-what-to-do\/\" \/>\n<meta property=\"article:publisher\" content=\"https:\/\/www.facebook.com\/empregobrasiloficial\" \/>\n<meta property=\"article:published_time\" content=\"2025-02-03T09:00:00+00:00\" \/>\n<meta property=\"article:modified_time\" content=\"2025-06-15T17:30:30+00:00\" \/>\n<meta property=\"og:image\" content=\"https:\/\/www.vagadeempregorj.com.br\/wp-content\/uploads\/2025\/01\/image-17.png\" \/>\n\t<meta property=\"og:image:width\" content=\"1122\" \/>\n\t<meta property=\"og:image:height\" content=\"750\" \/>\n\t<meta property=\"og:image:type\" content=\"image\/png\" \/>\n<meta name=\"author\" content=\"Michele\" \/>\n<meta name=\"twitter:card\" content=\"summary_large_image\" \/>\n<meta name=\"twitter:label1\" content=\"Written by\" \/>\n\t<meta name=\"twitter:data1\" content=\"Michele\" \/>\n\t<meta name=\"twitter:label2\" content=\"Est. reading time\" \/>\n\t<meta name=\"twitter:data2\" content=\"4 minutes\" \/>\n<script type=\"application\/ld+json\" class=\"yoast-schema-graph\">{\"@context\":\"https:\\\/\\\/schema.org\",\"@graph\":[{\"@type\":\"Article\",\"@id\":\"https:\\\/\\\/www.vagadeempregorj.com.br\\\/perdi-meu-emprego-e-agora-veja-o-que-fazer\\\/#article\",\"isPartOf\":{\"@id\":\"https:\\\/\\\/www.vagadeempregorj.com.br\\\/perdi-meu-emprego-e-agora-veja-o-que-fazer\\\/\"},\"author\":{\"name\":\"Michele\",\"@id\":\"https:\\\/\\\/www.vagadeempregorj.com.br\\\/#\\\/schema\\\/person\\\/3ddb19fa0539706786e502152f3aae95\"},\"headline\":\"Perdi meu emprego, e agora? Veja o que fazer\",\"datePublished\":\"2025-02-03T09:00:00+00:00\",\"dateModified\":\"2025-06-15T17:30:30+00:00\",\"mainEntityOfPage\":{\"@id\":\"https:\\\/\\\/www.vagadeempregorj.com.br\\\/perdi-meu-emprego-e-agora-veja-o-que-fazer\\\/\"},\"wordCount\":811,\"image\":{\"@id\":\"https:\\\/\\\/www.vagadeempregorj.com.br\\\/perdi-meu-emprego-e-agora-veja-o-que-fazer\\\/#primaryimage\"},\"thumbnailUrl\":\"https:\\\/\\\/www.vagadeempregorj.com.br\\\/wp-content\\\/uploads\\\/2025\\\/01\\\/image-17.png\",\"articleSection\":[\"Vagas de Emprego Nacionais\"],\"inLanguage\":\"en-US\"},{\"@type\":\"WebPage\",\"@id\":\"https:\\\/\\\/www.vagadeempregorj.com.br\\\/perdi-meu-emprego-e-agora-veja-o-que-fazer\\\/\",\"url\":\"https:\\\/\\\/www.vagadeempregorj.com.br\\\/perdi-meu-emprego-e-agora-veja-o-que-fazer\\\/\",\"name\":\"Perdi meu emprego, e agora? Veja o que fazer -\",\"isPartOf\":{\"@id\":\"https:\\\/\\\/www.vagadeempregorj.com.br\\\/#website\"},\"primaryImageOfPage\":{\"@id\":\"https:\\\/\\\/www.vagadeempregorj.com.br\\\/perdi-meu-emprego-e-agora-veja-o-que-fazer\\\/#primaryimage\"},\"image\":{\"@id\":\"https:\\\/\\\/www.vagadeempregorj.com.br\\\/perdi-meu-emprego-e-agora-veja-o-que-fazer\\\/#primaryimage\"},\"thumbnailUrl\":\"https:\\\/\\\/www.vagadeempregorj.com.br\\\/wp-content\\\/uploads\\\/2025\\\/01\\\/image-17.png\",\"datePublished\":\"2025-02-03T09:00:00+00:00\",\"dateModified\":\"2025-06-15T17:30:30+00:00\",\"author\":{\"@id\":\"https:\\\/\\\/www.vagadeempregorj.com.br\\\/#\\\/schema\\\/person\\\/3ddb19fa0539706786e502152f3aae95\"},\"description\":\"Veja em Vagas de Emprego RJ as vagas de emprego com e sem experi\u00eancia no seu Estado e Regi\u00e3o!\",\"breadcrumb\":{\"@id\":\"https:\\\/\\\/www.vagadeempregorj.com.br\\\/perdi-meu-emprego-e-agora-veja-o-que-fazer\\\/#breadcrumb\"},\"inLanguage\":\"en-US\",\"potentialAction\":[{\"@type\":\"ReadAction\",\"target\":[\"https:\\\/\\\/www.vagadeempregorj.com.br\\\/perdi-meu-emprego-e-agora-veja-o-que-fazer\\\/\"]}]},{\"@type\":\"ImageObject\",\"inLanguage\":\"en-US\",\"@id\":\"https:\\\/\\\/www.vagadeempregorj.com.br\\\/perdi-meu-emprego-e-agora-veja-o-que-fazer\\\/#primaryimage\",\"url\":\"https:\\\/\\\/www.vagadeempregorj.com.br\\\/wp-content\\\/uploads\\\/2025\\\/01\\\/image-17.png\",\"contentUrl\":\"https:\\\/\\\/www.vagadeempregorj.com.br\\\/wp-content\\\/uploads\\\/2025\\\/01\\\/image-17.png\",\"width\":1122,\"height\":750},{\"@type\":\"BreadcrumbList\",\"@id\":\"https:\\\/\\\/www.vagadeempregorj.com.br\\\/perdi-meu-emprego-e-agora-veja-o-que-fazer\\\/#breadcrumb\",\"itemListElement\":[{\"@type\":\"ListItem\",\"position\":1,\"name\":\"In\u00edcio\",\"item\":\"https:\\\/\\\/www.vagadeempregorj.com.br\\\/\"},{\"@type\":\"ListItem\",\"position\":2,\"name\":\"Perdi meu emprego, e agora? Veja o que fazer\"}]},{\"@type\":\"WebSite\",\"@id\":\"https:\\\/\\\/www.vagadeempregorj.com.br\\\/#website\",\"url\":\"https:\\\/\\\/www.vagadeempregorj.com.br\\\/\",\"name\":\"\",\"description\":\"Conquiste Sonhos: Vagas, Benef\u00edcios e Economia para Transformar Vidas e Alcan\u00e7ar Melhorias Cotidianas\",\"potentialAction\":[{\"@type\":\"SearchAction\",\"target\":{\"@type\":\"EntryPoint\",\"urlTemplate\":\"https:\\\/\\\/www.vagadeempregorj.com.br\\\/?s={search_term_string}\"},\"query-input\":{\"@type\":\"PropertyValueSpecification\",\"valueRequired\":true,\"valueName\":\"search_term_string\"}}],\"inLanguage\":\"en-US\"},{\"@type\":\"Person\",\"@id\":\"https:\\\/\\\/www.vagadeempregorj.com.br\\\/#\\\/schema\\\/person\\\/3ddb19fa0539706786e502152f3aae95\",\"name\":\"Michele\",\"image\":{\"@type\":\"ImageObject\",\"inLanguage\":\"en-US\",\"@id\":\"https:\\\/\\\/secure.gravatar.com\\\/avatar\\\/6b0eb9d22841282815e2cd856a0061c45e1761cd54b22e952d98c4746939aa85?s=96&r=g\",\"url\":\"https:\\\/\\\/secure.gravatar.com\\\/avatar\\\/6b0eb9d22841282815e2cd856a0061c45e1761cd54b22e952d98c4746939aa85?s=96&r=g\",\"contentUrl\":\"https:\\\/\\\/secure.gravatar.com\\\/avatar\\\/6b0eb9d22841282815e2cd856a0061c45e1761cd54b22e952d98c4746939aa85?s=96&r=g\",\"caption\":\"Michele\"},\"description\":\"Formada em Letras - Portugu\u00eas\\\/ Ingl\u00eas, e idealizadora do site Escritora de Sucesso, busca expandir o conhecimento de todos com informa\u00e7\u00f5es relevantes sobre diversos assuntos, enquanto redatora. No Vaga de Emprego RJ, traz oportunidades e dicas sobre o mercado de trabalho.\",\"url\":\"https:\\\/\\\/www.vagadeempregorj.com.br\\\/en\\\/author\\\/michele\\\/\"}]}<\/script>\n<!-- \/ Yoast SEO plugin. -->","yoast_head_json":{"title":"I lost my job, what now? Here&#039;s what to do -","description":"Check out Job Vacancies in RJ for job openings with and without experience in your state and region!","robots":{"index":"index","follow":"follow","max-snippet":"max-snippet:-1","max-image-preview":"max-image-preview:large","max-video-preview":"max-video-preview:-1"},"canonical":"https:\/\/www.vagadeempregorj.com.br\/en\/i-lost-my-job-now-see-what-to-do\/","og_locale":"en_US","og_type":"article","og_title":"Perdi meu emprego, e agora? Veja o que fazer -","og_description":"Veja em Vagas de Emprego RJ as vagas de emprego com e sem experi\u00eancia no seu Estado e Regi\u00e3o!","og_url":"https:\/\/www.vagadeempregorj.com.br\/en\/i-lost-my-job-now-see-what-to-do\/","article_publisher":"https:\/\/www.facebook.com\/empregobrasiloficial","article_published_time":"2025-02-03T09:00:00+00:00","article_modified_time":"2025-06-15T17:30:30+00:00","og_image":[{"width":1122,"height":750,"url":"https:\/\/www.vagadeempregorj.com.br\/wp-content\/uploads\/2025\/01\/image-17.png","type":"image\/png"}],"author":"Michele","twitter_card":"summary_large_image","twitter_misc":{"Written by":"Michele","Est. reading time":"4 minutes"},"schema":{"@context":"https:\/\/schema.org","@graph":[{"@type":"Article","@id":"https:\/\/www.vagadeempregorj.com.br\/perdi-meu-emprego-e-agora-veja-o-que-fazer\/#article","isPartOf":{"@id":"https:\/\/www.vagadeempregorj.com.br\/perdi-meu-emprego-e-agora-veja-o-que-fazer\/"},"author":{"name":"Michele","@id":"https:\/\/www.vagadeempregorj.com.br\/#\/schema\/person\/3ddb19fa0539706786e502152f3aae95"},"headline":"Perdi meu emprego, e agora? Veja o que fazer","datePublished":"2025-02-03T09:00:00+00:00","dateModified":"2025-06-15T17:30:30+00:00","mainEntityOfPage":{"@id":"https:\/\/www.vagadeempregorj.com.br\/perdi-meu-emprego-e-agora-veja-o-que-fazer\/"},"wordCount":811,"image":{"@id":"https:\/\/www.vagadeempregorj.com.br\/perdi-meu-emprego-e-agora-veja-o-que-fazer\/#primaryimage"},"thumbnailUrl":"https:\/\/www.vagadeempregorj.com.br\/wp-content\/uploads\/2025\/01\/image-17.png","articleSection":["Vagas de Emprego Nacionais"],"inLanguage":"en-US"},{"@type":"WebPage","@id":"https:\/\/www.vagadeempregorj.com.br\/perdi-meu-emprego-e-agora-veja-o-que-fazer\/","url":"https:\/\/www.vagadeempregorj.com.br\/perdi-meu-emprego-e-agora-veja-o-que-fazer\/","name":"I lost my job, what now? Here&#039;s what to do -","isPartOf":{"@id":"https:\/\/www.vagadeempregorj.com.br\/#website"},"primaryImageOfPage":{"@id":"https:\/\/www.vagadeempregorj.com.br\/perdi-meu-emprego-e-agora-veja-o-que-fazer\/#primaryimage"},"image":{"@id":"https:\/\/www.vagadeempregorj.com.br\/perdi-meu-emprego-e-agora-veja-o-que-fazer\/#primaryimage"},"thumbnailUrl":"https:\/\/www.vagadeempregorj.com.br\/wp-content\/uploads\/2025\/01\/image-17.png","datePublished":"2025-02-03T09:00:00+00:00","dateModified":"2025-06-15T17:30:30+00:00","author":{"@id":"https:\/\/www.vagadeempregorj.com.br\/#\/schema\/person\/3ddb19fa0539706786e502152f3aae95"},"description":"Check out Job Vacancies in RJ for job openings with and without experience in your state and region!","breadcrumb":{"@id":"https:\/\/www.vagadeempregorj.com.br\/perdi-meu-emprego-e-agora-veja-o-que-fazer\/#breadcrumb"},"inLanguage":"en-US","potentialAction":[{"@type":"ReadAction","target":["https:\/\/www.vagadeempregorj.com.br\/perdi-meu-emprego-e-agora-veja-o-que-fazer\/"]}]},{"@type":"ImageObject","inLanguage":"en-US","@id":"https:\/\/www.vagadeempregorj.com.br\/perdi-meu-emprego-e-agora-veja-o-que-fazer\/#primaryimage","url":"https:\/\/www.vagadeempregorj.com.br\/wp-content\/uploads\/2025\/01\/image-17.png","contentUrl":"https:\/\/www.vagadeempregorj.com.br\/wp-content\/uploads\/2025\/01\/image-17.png","width":1122,"height":750},{"@type":"BreadcrumbList","@id":"https:\/\/www.vagadeempregorj.com.br\/perdi-meu-emprego-e-agora-veja-o-que-fazer\/#breadcrumb","itemListElement":[{"@type":"ListItem","position":1,"name":"In\u00edcio","item":"https:\/\/www.vagadeempregorj.com.br\/"},{"@type":"ListItem","position":2,"name":"Perdi meu emprego, e agora? Veja o que fazer"}]},{"@type":"WebSite","@id":"https:\/\/www.vagadeempregorj.com.br\/#website","url":"https:\/\/www.vagadeempregorj.com.br\/","name":"","description":"Achieve Dreams: Jobs, Benefits, and Savings to Transform Lives and Achieve Everyday Improvements","potentialAction":[{"@type":"SearchAction","target":{"@type":"EntryPoint","urlTemplate":"https:\/\/www.vagadeempregorj.com.br\/?s={search_term_string}"},"query-input":{"@type":"PropertyValueSpecification","valueRequired":true,"valueName":"search_term_string"}}],"inLanguage":"en-US"},{"@type":"Person","@id":"https:\/\/www.vagadeempregorj.com.br\/#\/schema\/person\/3ddb19fa0539706786e502152f3aae95","name":"Michele","image":{"@type":"ImageObject","inLanguage":"en-US","@id":"https:\/\/secure.gravatar.com\/avatar\/6b0eb9d22841282815e2cd856a0061c45e1761cd54b22e952d98c4746939aa85?s=96&r=g","url":"https:\/\/secure.gravatar.com\/avatar\/6b0eb9d22841282815e2cd856a0061c45e1761cd54b22e952d98c4746939aa85?s=96&r=g","contentUrl":"https:\/\/secure.gravatar.com\/avatar\/6b0eb9d22841282815e2cd856a0061c45e1761cd54b22e952d98c4746939aa85?s=96&r=g","caption":"Michele"},"description":"With a degree in Literature (Portuguese\/English), and the creator of the website Escritora de Sucesso, she works as a writer to expand everyone&#039;s knowledge with relevant information on a variety of topics. At Vaga de Emprego RJ, she provides opportunities and tips on the job market.","url":"https:\/\/www.vagadeempregorj.com.br\/en\/author\/michele\/"}]}},"_links":{"self":[{"href":"https:\/\/www.vagadeempregorj.com.br\/en\/wp-json\/wp\/v2\/posts\/42146","targetHints":{"allow":["GET"]}}],"collection":[{"href":"https:\/\/www.vagadeempregorj.com.br\/en\/wp-json\/wp\/v2\/posts"}],"about":[{"href":"https:\/\/www.vagadeempregorj.com.br\/en\/wp-json\/wp\/v2\/types\/post"}],"author":[{"embeddable":true,"href":"https:\/\/www.vagadeempregorj.com.br\/en\/wp-json\/wp\/v2\/users\/16"}],"replies":[{"embeddable":true,"href":"https:\/\/www.vagadeempregorj.com.br\/en\/wp-json\/wp\/v2\/comments?post=42146"}],"version-history":[{"count":1,"href":"https:\/\/www.vagadeempregorj.com.br\/en\/wp-json\/wp\/v2\/posts\/42146\/revisions"}],"predecessor-version":[{"id":43546,"href":"https:\/\/www.vagadeempregorj.com.br\/en\/wp-json\/wp\/v2\/posts\/42146\/revisions\/43546"}],"wp:featuredmedia":[{"embeddable":true,"href":"https:\/\/www.vagadeempregorj.com.br\/en\/wp-json\/wp\/v2\/media\/42159"}],"wp:attachment":[{"href":"https:\/\/www.vagadeempregorj.com.br\/en\/wp-json\/wp\/v2\/media?parent=42146"}],"wp:term":[{"taxonomy":"category","embeddable":true,"href":"https:\/\/www.vagadeempregorj.com.br\/en\/wp-json\/wp\/v2\/categories?post=42146"},{"taxonomy":"post_tag","embeddable":true,"href":"https:\/\/www.vagadeempregorj.com.br\/en\/wp-json\/wp\/v2\/tags?post=42146"}],"curies":[{"name":"wp","href":"https:\/\/api.w.org\/{rel}","templated":true}]}}