{"id":42239,"date":"2025-01-23T08:32:04","date_gmt":"2025-01-23T11:32:04","guid":{"rendered":"https:\/\/www.vagadeempregorj.com.br\/?p=42239"},"modified":"2025-06-15T14:46:42","modified_gmt":"2025-06-15T17:46:42","slug":"masters-degree-in-electrical-engineering-cefet-rj","status":"publish","type":"post","link":"https:\/\/www.vagadeempregorj.com.br\/en\/mestrado-engenharia-eletrica-cefet-rj\/","title":{"rendered":"Master&#039;s Degree in Electrical Engineering from CEFET\/RJ: Apply Now"},"content":{"rendered":"<h2 class=\"wp-block-heading\">Master&#039;s Degree in Electrical Engineering from CEFET\/RJ: Advanced Training<\/h2>\n\n\n\n<p class=\"has-medium-font-size\">The Celso Suckow da Fonseca Federal Center for Technological Education (CEFET\/RJ) is therefore accepting registrations for the free course in <strong>Master&#039;s Degree in Electrical Engineering<\/strong>This program, a benchmark in the field, is scheduled to begin in 2025 at the Maracan\u00e3 Campus in Rio de Janeiro. With up to 15 spots available, the course represents an excellent choice for engineers and technology professionals who wish to enhance their knowledge and qualify for research and development.<\/p>\n\n\n\n<p class=\"has-medium-font-size\">Notice 03\/2024 (PPEEL\/DEPOG\/DIPPG\/CEFET\/RJ) regulates the selection process, which includes specific criteria and the offer of vacancies for affirmative actions.<\/p>\n\n\n\n<h2 class=\"wp-block-heading\">Objectives of the Master&#039;s Degree in Electrical Engineering at CEFET\/RJ<\/h2>\n\n\n\n<p class=\"has-medium-font-size\">THE <strong>Master&#039;s Degree in Electrical Engineering from CEFET\/RJ<\/strong> seeks, above all, to train professionals capable of working in research and technological innovation. Furthermore, its main objective is to contribute to scientific advancement while simultaneously preparing engineers to face challenges in both the industrial and academic sectors.<\/p>\n\n\n\n<p class=\"has-medium-font-size\">The 24-month course offers a robust approach, including:<\/p>\n\n\n\n<ul class=\"wp-block-list\">\n<li class=\"has-medium-font-size\">Quarterly courses that integrate theoretical and practical concepts;<\/li>\n\n\n\n<li class=\"has-medium-font-size\">Participation in seminars and academic forums;<\/li>\n\n\n\n<li class=\"has-medium-font-size\">Regular assessments to monitor student progress.<\/li>\n<\/ul>\n\n\n\n<p class=\"has-medium-font-size\">The program is in-person and features modern infrastructure on the Maracan\u00e3 Campus, ensuring an enriching and collaborative academic experience.<\/p>\n\n\n\n<h2 class=\"wp-block-heading\">Available Positions and Location<\/h2>\n\n\n\n<p class=\"has-medium-font-size\">CEFET\/RJ offers up to 15 places for the course and distributes these places among the program&#039;s research lines. The course takes place on the Maracan\u00e3 Campus, located at 229 Maracan\u00e3 Avenue, in Rio de Janeiro.<\/p>\n\n\n\n<p class=\"has-medium-font-size\">In addition to being easily accessible, this location offers proximity to academic and industrial centers, favoring the exchange of ideas and experiences.<\/p>\n\n\n\n<h2 class=\"wp-block-heading\">Selection Process<\/h2>\n\n\n\n<p class=\"has-medium-font-size\">The selection process for the <strong>Master&#039;s Degree in Electrical Engineering from CEFET\/RJ<\/strong> is comprehensive and aims to ensure the selection of the most prepared candidates. It includes:<\/p>\n\n\n\n<ul class=\"wp-block-list\">\n<li class=\"has-medium-font-size\"><strong>Resume analysis:<\/strong> Assessment of academic and professional qualifications;<\/li>\n\n\n\n<li class=\"has-medium-font-size\"><strong>Proof of titles:<\/strong> Score based on academic achievements and experience in the field;<\/li>\n\n\n\n<li class=\"has-medium-font-size\"><strong>Oral argument:<\/strong> Interview where the candidate presents their interests and perspectives for the program.<\/li>\n<\/ul>\n\n\n\n<p class=\"has-medium-font-size\">Positions reserved for affirmative action are available to candidates who self-identify as Black, mixed race, Indigenous, Quilombola, and people with disabilities. Interested parties must submit the required documentation to apply.<\/p>\n\n\n\n<h2 class=\"wp-block-heading\">Registration Requirements<\/h2>\n\n\n\n<p class=\"has-medium-font-size\">To apply, candidates must meet the following criteria:<\/p>\n\n\n\n<ul class=\"wp-block-list\">\n<li class=\"has-medium-font-size\">Hold a higher education degree in Engineering or related fields, recognized by the MEC;<\/li>\n\n\n\n<li class=\"has-medium-font-size\">Present an updated CV;<\/li>\n\n\n\n<li class=\"has-medium-font-size\">Write a letter of intent detailing your reasons for participating in the program;<\/li>\n\n\n\n<li class=\"has-medium-font-size\">Submit personal documents and, if applicable, proof of affirmative vacancies.<\/li>\n<\/ul>\n\n\n\n<p class=\"has-medium-font-size\">Furthermore, it is recommended that applicants have access to basic technological resources, such as a computer and the internet, to follow possible complementary activities.<\/p>\n\n\n\n<h2 class=\"wp-block-heading\">How to Register<\/h2>\n\n\n\n<p class=\"has-medium-font-size\">Registration is open and must be completed through the official CEFET\/RJ website by the date <strong>January 24, 2024<\/strong>The entire process is online, making it easier to submit documents and access the full notice.<\/p>\n\n\n\n<p class=\"has-medium-font-size\">The course thus offers the opportunity to obtain a nationally valid certificate that is widely recognized in the job market. Furthermore, this qualification can open doors in both academia and the technology and industrial sectors, providing new opportunities for graduates.<\/p>\n\n\n\n<h2 class=\"wp-block-heading\">Why Choose the Master&#039;s in Electrical Engineering at CEFET\/RJ?<\/h2>\n\n\n\n<p class=\"has-medium-font-size\">Studying at CEFET\/RJ is synonymous with academic quality. The institution is recognized for its excellence in teaching, research, and outreach. The master&#039;s program provides not only a solid technical background but also opportunities for networking and involvement in impactful projects.<\/p>\n\n\n\n<p class=\"has-medium-font-size\">The market demands highly qualified professionals, and <strong>Master&#039;s Degree in Electrical Engineering from CEFET\/RJ<\/strong> offers the tools needed to meet these demands.<\/p>\n\n\n\n<h2 class=\"wp-block-heading\">Conclusion<\/h2>\n\n\n\n<p class=\"has-medium-font-size\">THE <strong>Master&#039;s Degree in Electrical Engineering from CEFET\/RJ<\/strong> is undoubtedly a valuable opportunity for engineers who wish to deepen their knowledge and, furthermore, excel in their careers. Since vacancies are limited and the selection process is rigorous, interested parties should register as soon as possible. This way, they can seize the opportunity to qualify at a leading institution, nationally recognized for its academic excellence and high-level professional development.<\/p>\n\n\n\n<hr class=\"wp-block-separator has-alpha-channel-opacity\"\/>\n\n\n\n<p class=\"has-medium-font-size\">If you&#039;d like to explore more free course options and training opportunities, check out our about page. <strong>free postgraduate courses in Brazil<\/strong>.<\/p>","protected":false},"excerpt":{"rendered":"<p>Mestrado em Engenharia El\u00e9trica do CEFET\/RJ: Capacita\u00e7\u00e3o Avan\u00e7ada O Centro Federal de Educa\u00e7\u00e3o Tecnol\u00f3gica Celso Suckow da Fonseca (CEFET\/RJ) est\u00e1, portanto, com inscri\u00e7\u00f5es abertas para o curso gratuito de Mestrado em Engenharia El\u00e9trica. Este programa, que \u00e9 uma refer\u00eancia na \u00e1rea, est\u00e1 previsto para iniciar em 2025 no Campus Maracan\u00e3, no Rio de Janeiro. Com&hellip;&nbsp;<\/p>","protected":false},"author":1,"featured_media":42240,"comment_status":"closed","ping_status":"closed","sticky":false,"template":"","format":"standard","meta":{"neve_meta_sidebar":"","neve_meta_container":"","neve_meta_enable_content_width":"","neve_meta_content_width":0,"neve_meta_title_alignment":"","neve_meta_author_avatar":"","neve_post_elements_order":"","neve_meta_disable_header":"","neve_meta_disable_footer":"","neve_meta_disable_title":"","footnotes":""},"categories":[703],"tags":[954,955,953,952,951],"class_list":["post-42239","post","type-post","status-publish","format-standard","has-post-thumbnail","hentry","category-informacao-tecnologica-e-curiosidades","tag-cefet-rj","tag-educacao-superior","tag-engenharia-eletrica","tag-mestrado-gratuito","tag-pos-graduacao"],"yoast_head":"<!-- This site is optimized with the Yoast SEO plugin v27.5 - https:\/\/yoast.com\/product\/yoast-seo-wordpress\/ -->\n<title>Mestrado em Engenharia El\u00e9trica do CEFET\/RJ: Inscreva-se J\u00e1 -<\/title>\n<meta name=\"description\" content=\"Curso gratuito de Mestrado em Engenharia El\u00e9trica no CEFET\/RJ. Inscri\u00e7\u00f5es abertas at\u00e9 24\/01\/2024. Vagas limitadas. Confira todos os detalhes!\" \/>\n<meta name=\"robots\" content=\"index, follow, max-snippet:-1, max-image-preview:large, max-video-preview:-1\" \/>\n<link rel=\"canonical\" href=\"https:\/\/www.vagadeempregorj.com.br\/en\/masters-degree-in-electrical-engineering-cefet-rj\/\" \/>\n<meta property=\"og:locale\" content=\"en_US\" \/>\n<meta property=\"og:type\" content=\"article\" \/>\n<meta property=\"og:title\" content=\"Mestrado em Engenharia El\u00e9trica do CEFET\/RJ: Inscreva-se J\u00e1 -\" \/>\n<meta property=\"og:description\" content=\"Curso gratuito de Mestrado em Engenharia El\u00e9trica no CEFET\/RJ. Inscri\u00e7\u00f5es abertas at\u00e9 24\/01\/2024. Vagas limitadas. Confira todos os detalhes!\" \/>\n<meta property=\"og:url\" content=\"https:\/\/www.vagadeempregorj.com.br\/en\/masters-degree-in-electrical-engineering-cefet-rj\/\" \/>\n<meta property=\"article:publisher\" content=\"https:\/\/www.facebook.com\/empregobrasiloficial\" \/>\n<meta property=\"article:published_time\" content=\"2025-01-23T11:32:04+00:00\" \/>\n<meta property=\"article:modified_time\" content=\"2025-06-15T17:46:42+00:00\" \/>\n<meta property=\"og:image\" content=\"https:\/\/www.vagadeempregorj.com.br\/wp-content\/uploads\/2025\/01\/Mestrado-em-Engenharia-Eletrica-do-CEFETRJ.webp\" \/>\n\t<meta property=\"og:image:width\" content=\"1280\" \/>\n\t<meta property=\"og:image:height\" content=\"720\" \/>\n\t<meta property=\"og:image:type\" content=\"image\/webp\" \/>\n<meta name=\"author\" content=\"Ana B.\" \/>\n<meta name=\"twitter:card\" content=\"summary_large_image\" \/>\n<meta name=\"twitter:label1\" content=\"Written by\" \/>\n\t<meta name=\"twitter:data1\" content=\"Ana B.\" \/>\n\t<meta name=\"twitter:label2\" content=\"Est. reading time\" \/>\n\t<meta name=\"twitter:data2\" content=\"4 minutes\" \/>\n<script type=\"application\/ld+json\" class=\"yoast-schema-graph\">{\"@context\":\"https:\\\/\\\/schema.org\",\"@graph\":[{\"@type\":\"Article\",\"@id\":\"https:\\\/\\\/www.vagadeempregorj.com.br\\\/mestrado-engenharia-eletrica-cefet-rj\\\/#article\",\"isPartOf\":{\"@id\":\"https:\\\/\\\/www.vagadeempregorj.com.br\\\/mestrado-engenharia-eletrica-cefet-rj\\\/\"},\"author\":{\"name\":\"Ana B.\",\"@id\":\"https:\\\/\\\/www.vagadeempregorj.com.br\\\/#\\\/schema\\\/person\\\/c0c38d5d765e86c3b7c8f12fb1ae6477\"},\"headline\":\"Mestrado em Engenharia El\u00e9trica do CEFET\\\/RJ: Inscreva-se J\u00e1\",\"datePublished\":\"2025-01-23T11:32:04+00:00\",\"dateModified\":\"2025-06-15T17:46:42+00:00\",\"mainEntityOfPage\":{\"@id\":\"https:\\\/\\\/www.vagadeempregorj.com.br\\\/mestrado-engenharia-eletrica-cefet-rj\\\/\"},\"wordCount\":814,\"image\":{\"@id\":\"https:\\\/\\\/www.vagadeempregorj.com.br\\\/mestrado-engenharia-eletrica-cefet-rj\\\/#primaryimage\"},\"thumbnailUrl\":\"https:\\\/\\\/www.vagadeempregorj.com.br\\\/wp-content\\\/uploads\\\/2025\\\/01\\\/Mestrado-em-Engenharia-Eletrica-do-CEFETRJ.webp\",\"keywords\":[\"CEFET\\\/RJ\",\"educa\u00e7\u00e3o superior\",\"engenharia el\u00e9trica\",\"mestrado gratuito\",\"p\u00f3s-gradua\u00e7\u00e3o\"],\"articleSection\":[\"Informa\u00e7\u00e3o Tecnol\u00f3gica, Curiosidades e Cursos\"],\"inLanguage\":\"en-US\"},{\"@type\":\"WebPage\",\"@id\":\"https:\\\/\\\/www.vagadeempregorj.com.br\\\/mestrado-engenharia-eletrica-cefet-rj\\\/\",\"url\":\"https:\\\/\\\/www.vagadeempregorj.com.br\\\/mestrado-engenharia-eletrica-cefet-rj\\\/\",\"name\":\"Mestrado em Engenharia El\u00e9trica do CEFET\\\/RJ: Inscreva-se J\u00e1 -\",\"isPartOf\":{\"@id\":\"https:\\\/\\\/www.vagadeempregorj.com.br\\\/#website\"},\"primaryImageOfPage\":{\"@id\":\"https:\\\/\\\/www.vagadeempregorj.com.br\\\/mestrado-engenharia-eletrica-cefet-rj\\\/#primaryimage\"},\"image\":{\"@id\":\"https:\\\/\\\/www.vagadeempregorj.com.br\\\/mestrado-engenharia-eletrica-cefet-rj\\\/#primaryimage\"},\"thumbnailUrl\":\"https:\\\/\\\/www.vagadeempregorj.com.br\\\/wp-content\\\/uploads\\\/2025\\\/01\\\/Mestrado-em-Engenharia-Eletrica-do-CEFETRJ.webp\",\"datePublished\":\"2025-01-23T11:32:04+00:00\",\"dateModified\":\"2025-06-15T17:46:42+00:00\",\"author\":{\"@id\":\"https:\\\/\\\/www.vagadeempregorj.com.br\\\/#\\\/schema\\\/person\\\/c0c38d5d765e86c3b7c8f12fb1ae6477\"},\"description\":\"Curso gratuito de Mestrado em Engenharia El\u00e9trica no CEFET\\\/RJ. Inscri\u00e7\u00f5es abertas at\u00e9 24\\\/01\\\/2024. Vagas limitadas. Confira todos os detalhes!\",\"breadcrumb\":{\"@id\":\"https:\\\/\\\/www.vagadeempregorj.com.br\\\/mestrado-engenharia-eletrica-cefet-rj\\\/#breadcrumb\"},\"inLanguage\":\"en-US\",\"potentialAction\":[{\"@type\":\"ReadAction\",\"target\":[\"https:\\\/\\\/www.vagadeempregorj.com.br\\\/mestrado-engenharia-eletrica-cefet-rj\\\/\"]}]},{\"@type\":\"ImageObject\",\"inLanguage\":\"en-US\",\"@id\":\"https:\\\/\\\/www.vagadeempregorj.com.br\\\/mestrado-engenharia-eletrica-cefet-rj\\\/#primaryimage\",\"url\":\"https:\\\/\\\/www.vagadeempregorj.com.br\\\/wp-content\\\/uploads\\\/2025\\\/01\\\/Mestrado-em-Engenharia-Eletrica-do-CEFETRJ.webp\",\"contentUrl\":\"https:\\\/\\\/www.vagadeempregorj.com.br\\\/wp-content\\\/uploads\\\/2025\\\/01\\\/Mestrado-em-Engenharia-Eletrica-do-CEFETRJ.webp\",\"width\":1280,\"height\":720,\"caption\":\"Mestrado em Engenharia El\u00e9trica do CEFET\\\/RJ.\"},{\"@type\":\"BreadcrumbList\",\"@id\":\"https:\\\/\\\/www.vagadeempregorj.com.br\\\/mestrado-engenharia-eletrica-cefet-rj\\\/#breadcrumb\",\"itemListElement\":[{\"@type\":\"ListItem\",\"position\":1,\"name\":\"In\u00edcio\",\"item\":\"https:\\\/\\\/www.vagadeempregorj.com.br\\\/\"},{\"@type\":\"ListItem\",\"position\":2,\"name\":\"Mestrado em Engenharia El\u00e9trica do CEFET\\\/RJ: Inscreva-se J\u00e1\"}]},{\"@type\":\"WebSite\",\"@id\":\"https:\\\/\\\/www.vagadeempregorj.com.br\\\/#website\",\"url\":\"https:\\\/\\\/www.vagadeempregorj.com.br\\\/\",\"name\":\"\",\"description\":\"Conquiste Sonhos: Vagas, Benef\u00edcios e Economia para Transformar Vidas e Alcan\u00e7ar Melhorias Cotidianas\",\"potentialAction\":[{\"@type\":\"SearchAction\",\"target\":{\"@type\":\"EntryPoint\",\"urlTemplate\":\"https:\\\/\\\/www.vagadeempregorj.com.br\\\/?s={search_term_string}\"},\"query-input\":{\"@type\":\"PropertyValueSpecification\",\"valueRequired\":true,\"valueName\":\"search_term_string\"}}],\"inLanguage\":\"en-US\"},{\"@type\":\"Person\",\"@id\":\"https:\\\/\\\/www.vagadeempregorj.com.br\\\/#\\\/schema\\\/person\\\/c0c38d5d765e86c3b7c8f12fb1ae6477\",\"name\":\"Ana B.\",\"image\":{\"@type\":\"ImageObject\",\"inLanguage\":\"en-US\",\"@id\":\"https:\\\/\\\/secure.gravatar.com\\\/avatar\\\/f5efa58599e07f8dd92f26c7cfbc442fd115582bc681245452e503c2ef2334f3?s=96&r=g\",\"url\":\"https:\\\/\\\/secure.gravatar.com\\\/avatar\\\/f5efa58599e07f8dd92f26c7cfbc442fd115582bc681245452e503c2ef2334f3?s=96&r=g\",\"contentUrl\":\"https:\\\/\\\/secure.gravatar.com\\\/avatar\\\/f5efa58599e07f8dd92f26c7cfbc442fd115582bc681245452e503c2ef2334f3?s=96&r=g\",\"caption\":\"Ana B.\"},\"description\":\"Meu nome \u00e9 Ana e sou apaixonada em escrever. Dedico meu tempo escrevendo not\u00edcias e vagas de emprego diariamente no portal Vaga de Emprego RJ.\",\"url\":\"https:\\\/\\\/www.vagadeempregorj.com.br\\\/en\\\/author\\\/vgrj\\\/\"}]}<\/script>\n<!-- \/ Yoast SEO plugin. -->","yoast_head_json":{"title":"Master&#039;s Degree in Electrical Engineering at CEFET\/RJ: Apply Now!","description":"Free Master&#039;s Degree in Electrical Engineering at CEFET\/RJ. Registration open until January 24, 2024. Spaces are limited. Check out all the details!","robots":{"index":"index","follow":"follow","max-snippet":"max-snippet:-1","max-image-preview":"max-image-preview:large","max-video-preview":"max-video-preview:-1"},"canonical":"https:\/\/www.vagadeempregorj.com.br\/en\/masters-degree-in-electrical-engineering-cefet-rj\/","og_locale":"en_US","og_type":"article","og_title":"Mestrado em Engenharia El\u00e9trica do CEFET\/RJ: Inscreva-se J\u00e1 -","og_description":"Curso gratuito de Mestrado em Engenharia El\u00e9trica no CEFET\/RJ. Inscri\u00e7\u00f5es abertas at\u00e9 24\/01\/2024. Vagas limitadas. Confira todos os detalhes!","og_url":"https:\/\/www.vagadeempregorj.com.br\/en\/masters-degree-in-electrical-engineering-cefet-rj\/","article_publisher":"https:\/\/www.facebook.com\/empregobrasiloficial","article_published_time":"2025-01-23T11:32:04+00:00","article_modified_time":"2025-06-15T17:46:42+00:00","og_image":[{"width":1280,"height":720,"url":"https:\/\/www.vagadeempregorj.com.br\/wp-content\/uploads\/2025\/01\/Mestrado-em-Engenharia-Eletrica-do-CEFETRJ.webp","type":"image\/webp"}],"author":"Ana B.","twitter_card":"summary_large_image","twitter_misc":{"Written by":"Ana B.","Est. reading time":"4 minutes"},"schema":{"@context":"https:\/\/schema.org","@graph":[{"@type":"Article","@id":"https:\/\/www.vagadeempregorj.com.br\/mestrado-engenharia-eletrica-cefet-rj\/#article","isPartOf":{"@id":"https:\/\/www.vagadeempregorj.com.br\/mestrado-engenharia-eletrica-cefet-rj\/"},"author":{"name":"Ana B.","@id":"https:\/\/www.vagadeempregorj.com.br\/#\/schema\/person\/c0c38d5d765e86c3b7c8f12fb1ae6477"},"headline":"Mestrado em Engenharia El\u00e9trica do CEFET\/RJ: Inscreva-se J\u00e1","datePublished":"2025-01-23T11:32:04+00:00","dateModified":"2025-06-15T17:46:42+00:00","mainEntityOfPage":{"@id":"https:\/\/www.vagadeempregorj.com.br\/mestrado-engenharia-eletrica-cefet-rj\/"},"wordCount":814,"image":{"@id":"https:\/\/www.vagadeempregorj.com.br\/mestrado-engenharia-eletrica-cefet-rj\/#primaryimage"},"thumbnailUrl":"https:\/\/www.vagadeempregorj.com.br\/wp-content\/uploads\/2025\/01\/Mestrado-em-Engenharia-Eletrica-do-CEFETRJ.webp","keywords":["CEFET\/RJ","educa\u00e7\u00e3o superior","engenharia el\u00e9trica","mestrado gratuito","p\u00f3s-gradua\u00e7\u00e3o"],"articleSection":["Informa\u00e7\u00e3o Tecnol\u00f3gica, Curiosidades e Cursos"],"inLanguage":"en-US"},{"@type":"WebPage","@id":"https:\/\/www.vagadeempregorj.com.br\/mestrado-engenharia-eletrica-cefet-rj\/","url":"https:\/\/www.vagadeempregorj.com.br\/mestrado-engenharia-eletrica-cefet-rj\/","name":"Master&#039;s Degree in Electrical Engineering at CEFET\/RJ: Apply Now!","isPartOf":{"@id":"https:\/\/www.vagadeempregorj.com.br\/#website"},"primaryImageOfPage":{"@id":"https:\/\/www.vagadeempregorj.com.br\/mestrado-engenharia-eletrica-cefet-rj\/#primaryimage"},"image":{"@id":"https:\/\/www.vagadeempregorj.com.br\/mestrado-engenharia-eletrica-cefet-rj\/#primaryimage"},"thumbnailUrl":"https:\/\/www.vagadeempregorj.com.br\/wp-content\/uploads\/2025\/01\/Mestrado-em-Engenharia-Eletrica-do-CEFETRJ.webp","datePublished":"2025-01-23T11:32:04+00:00","dateModified":"2025-06-15T17:46:42+00:00","author":{"@id":"https:\/\/www.vagadeempregorj.com.br\/#\/schema\/person\/c0c38d5d765e86c3b7c8f12fb1ae6477"},"description":"Free Master&#039;s Degree in Electrical Engineering at CEFET\/RJ. Registration open until January 24, 2024. Spaces are limited. Check out all the details!","breadcrumb":{"@id":"https:\/\/www.vagadeempregorj.com.br\/mestrado-engenharia-eletrica-cefet-rj\/#breadcrumb"},"inLanguage":"en-US","potentialAction":[{"@type":"ReadAction","target":["https:\/\/www.vagadeempregorj.com.br\/mestrado-engenharia-eletrica-cefet-rj\/"]}]},{"@type":"ImageObject","inLanguage":"en-US","@id":"https:\/\/www.vagadeempregorj.com.br\/mestrado-engenharia-eletrica-cefet-rj\/#primaryimage","url":"https:\/\/www.vagadeempregorj.com.br\/wp-content\/uploads\/2025\/01\/Mestrado-em-Engenharia-Eletrica-do-CEFETRJ.webp","contentUrl":"https:\/\/www.vagadeempregorj.com.br\/wp-content\/uploads\/2025\/01\/Mestrado-em-Engenharia-Eletrica-do-CEFETRJ.webp","width":1280,"height":720,"caption":"Mestrado em Engenharia El\u00e9trica do CEFET\/RJ."},{"@type":"BreadcrumbList","@id":"https:\/\/www.vagadeempregorj.com.br\/mestrado-engenharia-eletrica-cefet-rj\/#breadcrumb","itemListElement":[{"@type":"ListItem","position":1,"name":"In\u00edcio","item":"https:\/\/www.vagadeempregorj.com.br\/"},{"@type":"ListItem","position":2,"name":"Mestrado em Engenharia El\u00e9trica do CEFET\/RJ: Inscreva-se J\u00e1"}]},{"@type":"WebSite","@id":"https:\/\/www.vagadeempregorj.com.br\/#website","url":"https:\/\/www.vagadeempregorj.com.br\/","name":"","description":"Achieve Dreams: Jobs, Benefits, and Savings to Transform Lives and Achieve Everyday Improvements","potentialAction":[{"@type":"SearchAction","target":{"@type":"EntryPoint","urlTemplate":"https:\/\/www.vagadeempregorj.com.br\/?s={search_term_string}"},"query-input":{"@type":"PropertyValueSpecification","valueRequired":true,"valueName":"search_term_string"}}],"inLanguage":"en-US"},{"@type":"Person","@id":"https:\/\/www.vagadeempregorj.com.br\/#\/schema\/person\/c0c38d5d765e86c3b7c8f12fb1ae6477","name":"Ana B.","image":{"@type":"ImageObject","inLanguage":"en-US","@id":"https:\/\/secure.gravatar.com\/avatar\/f5efa58599e07f8dd92f26c7cfbc442fd115582bc681245452e503c2ef2334f3?s=96&r=g","url":"https:\/\/secure.gravatar.com\/avatar\/f5efa58599e07f8dd92f26c7cfbc442fd115582bc681245452e503c2ef2334f3?s=96&r=g","contentUrl":"https:\/\/secure.gravatar.com\/avatar\/f5efa58599e07f8dd92f26c7cfbc442fd115582bc681245452e503c2ef2334f3?s=96&r=g","caption":"Ana B."},"description":"My name is Ana, and I&#039;m passionate about writing. I dedicate my time to posting news and job openings daily on the Vaga de Emprego RJ portal.","url":"https:\/\/www.vagadeempregorj.com.br\/en\/author\/vgrj\/"}]}},"_links":{"self":[{"href":"https:\/\/www.vagadeempregorj.com.br\/en\/wp-json\/wp\/v2\/posts\/42239","targetHints":{"allow":["GET"]}}],"collection":[{"href":"https:\/\/www.vagadeempregorj.com.br\/en\/wp-json\/wp\/v2\/posts"}],"about":[{"href":"https:\/\/www.vagadeempregorj.com.br\/en\/wp-json\/wp\/v2\/types\/post"}],"author":[{"embeddable":true,"href":"https:\/\/www.vagadeempregorj.com.br\/en\/wp-json\/wp\/v2\/users\/1"}],"replies":[{"embeddable":true,"href":"https:\/\/www.vagadeempregorj.com.br\/en\/wp-json\/wp\/v2\/comments?post=42239"}],"version-history":[{"count":1,"href":"https:\/\/www.vagadeempregorj.com.br\/en\/wp-json\/wp\/v2\/posts\/42239\/revisions"}],"predecessor-version":[{"id":43613,"href":"https:\/\/www.vagadeempregorj.com.br\/en\/wp-json\/wp\/v2\/posts\/42239\/revisions\/43613"}],"wp:featuredmedia":[{"embeddable":true,"href":"https:\/\/www.vagadeempregorj.com.br\/en\/wp-json\/wp\/v2\/media\/42240"}],"wp:attachment":[{"href":"https:\/\/www.vagadeempregorj.com.br\/en\/wp-json\/wp\/v2\/media?parent=42239"}],"wp:term":[{"taxonomy":"category","embeddable":true,"href":"https:\/\/www.vagadeempregorj.com.br\/en\/wp-json\/wp\/v2\/categories?post=42239"},{"taxonomy":"post_tag","embeddable":true,"href":"https:\/\/www.vagadeempregorj.com.br\/en\/wp-json\/wp\/v2\/tags?post=42239"}],"curies":[{"name":"wp","href":"https:\/\/api.w.org\/{rel}","templated":true}]}}