{"id":42242,"date":"2025-01-24T08:35:50","date_gmt":"2025-01-24T11:35:50","guid":{"rendered":"https:\/\/www.vagadeempregorj.com.br\/?p=42242"},"modified":"2025-01-24T08:35:51","modified_gmt":"2025-01-24T11:35:51","slug":"sine-uberlandia-new-headquarters-and-leadership-in-jobs","status":"publish","type":"post","link":"https:\/\/www.vagadeempregorj.com.br\/en\/sine-uberlandia-nova-sede-e-lideranca-em-empregos\/","title":{"rendered":"Sine Uberl\u00e2ndia: New Headquarters and Employment Generation Highlight"},"content":{"rendered":"<p class=\"has-medium-font-size\">Sine Uberl\u00e2ndia reinforces its position as the main job generator in Minas Gerais, leading the state&#039;s job openings for the fourth consecutive year. In January 2025, more than 2,500 opportunities were brokered, highlighting the unit&#039;s efficiency. Now, with the opening of a new headquarters in the city center, the service promises to expand services and facilitate access for the population, offering a modern and accessible structure.<\/p>\n\n\n\n<h2 class=\"wp-block-heading\"><strong>Sine Uberl\u00e2ndia: Leadership in the Job Market in Minas Gerais<\/strong><\/h2>\n\n\n\n<p class=\"has-medium-font-size\">The city of Uberl\u00e2ndia has distinguished itself in the state for its efficient job placement. In the first half of 2025 alone, the local Sine offered 2,517 vacancies, 80 of which were exclusively for People with Disabilities (PwD). This significant volume demonstrates the unit&#039;s relevance to the job market and employers&#039; confidence in the municipal administration.<\/p>\n\n\n\n<p class=\"has-medium-font-size\">According to the State Secretariat for Social Development (Sedese-MG) dashboard, Sine Uberl\u00e2ndia has been the leading provider of job openings in Minas Gerais for four years. Since 2020, the unit has proven to be an essential tool for economic and social development, directly contributing to reducing unemployment and including diverse profiles in the job market.<\/p>\n\n\n\n<p class=\"has-medium-font-size\">According to Mayor Paulo S\u00e9rgio, the excellence of Uberl\u00e2ndia&#039;s Sine is the result of an administration focused on recruiting jobs and providing quality services to the population. &quot;Our goal is to ensure a better quality of life, promoting employability and strengthening the local economy,&quot; he stated.<\/p>\n\n\n\n<h2 class=\"wp-block-heading\"><strong>New Sine Uberl\u00e2ndia Headquarters: Greater Accessibility and Expanded Services<\/strong><\/h2>\n\n\n\n<p class=\"has-medium-font-size\">The new SINE Uberl\u00e2ndia headquarters, inaugurated on December 17, 2024, and open to the public on January 27, 2025, is located at Pra\u00e7a Tubal Vilela, 60, downtown. The location was designed to offer greater comfort and accessibility, better serving both candidates and employers.<\/p>\n\n\n\n<p class=\"has-medium-font-size\">The new unit is open Monday through Friday, 8 a.m. to 5 p.m. Services include:<\/p>\n\n\n\n<ul class=\"wp-block-list\">\n<li class=\"has-medium-font-size\"><strong>Referral to job openings:<\/strong> direct connection between candidates and employers;<\/li>\n\n\n\n<li class=\"has-medium-font-size\"><strong>Professional guidance:<\/strong> support for career planning;<\/li>\n\n\n\n<li class=\"has-medium-font-size\"><strong>Curriculum Vitae Preparation:<\/strong> assistance in creating strategic curricula;<\/li>\n\n\n\n<li class=\"has-medium-font-size\"><strong>Unemployment Insurance Posting:<\/strong> support in bureaucratic processes;<\/li>\n\n\n\n<li class=\"has-medium-font-size\"><strong>Information about the digital work card:<\/strong> updating and guidance;<\/li>\n\n\n\n<li class=\"has-medium-font-size\"><strong>Exclusive rooms for selection processes:<\/strong> space reserved for interviews and selections.<\/li>\n<\/ul>\n\n\n\n<p class=\"has-medium-font-size\">To make this new structure possible, the Uberl\u00e2ndia City Hall partnered with the Minas Gerais State Government, which granted the property to the municipality. The construction was carried out by Trium Construtora Ltda., using the municipality&#039;s own resources, ensuring that the space met the public&#039;s needs.<\/p>\n\n\n\n<h2 class=\"wp-block-heading\"><strong>Social Inclusion and Job Creation<\/strong><\/h2>\n\n\n\n<p class=\"has-medium-font-size\">The new unit also reflects Sine Uberl\u00e2ndia&#039;s commitment to social inclusion. Offering exclusive spaces for people with disabilities and adapted services demonstrates the unit&#039;s preparedness to serve all audiences. Furthermore, initiatives such as professional guidance and personalized resumes contribute to the inclusion of workers at different stages of their careers.<\/p>\n\n\n\n<p class=\"has-medium-font-size\">The role of the new headquarters goes beyond job placement. It acts as a hub of opportunities, connecting people to their vocations and companies to the talent needed to grow their businesses. This collaborative effort strengthens the local economy and promotes a more just and balanced society.<\/p>\n\n\n\n<h2 class=\"wp-block-heading\"><strong>Impacts on the Local Economy<\/strong><\/h2>\n\n\n\n<p class=\"has-medium-font-size\">With the expansion of services, Sine Uberl\u00e2ndia aims to further positively impact the local economy. The modern and well-located structure facilitates access for workers and business owners, fostering a favorable environment for new hires. Furthermore, the qualified and diverse service encourages companies and professionals to remain in the region, strengthening the community.<\/p>\n\n\n\n<p class=\"has-medium-font-size\">Sine Uberl\u00e2ndia reaffirms its prominent position in Minas Gerais, connecting workers and companies efficiently and with quality. Furthermore, the new headquarters represents a milestone in service, promoting accessibility, inclusion, and expanded services. Consequently, Uberl\u00e2ndia maintains its leadership in job creation and, thus, reinforces its commitment to the state&#039;s economic and social development.<\/p>\n\n\n\n<hr class=\"wp-block-separator has-alpha-channel-opacity\"\/>\n\n\n\n<p class=\"has-medium-font-size\"><a href=\"https:\/\/www.vagadeempregorj.com.br\/en\/national-job-vacancies\/\">\u201c<strong>Tips for optimizing your resume at Sine Uberl\u00e2ndia\u201d<\/strong>: A guide to making your profile stand out and increasing your chances of getting hired.<\/a><\/p>","protected":false},"excerpt":{"rendered":"<p>O Sine Uberl\u00e2ndia refor\u00e7a sua posi\u00e7\u00e3o como o principal gerador de empregos em Minas Gerais, liderando pelo quarto ano consecutivo a oferta de vagas no estado. Em janeiro de 2025, mais de 2,5 mil oportunidades foram intermediadas, destacando a efici\u00eancia da unidade. Agora, com a inaugura\u00e7\u00e3o de uma nova sede no Centro, o servi\u00e7o promete&hellip;&nbsp;<\/p>","protected":false},"author":1,"featured_media":42243,"comment_status":"closed","ping_status":"closed","sticky":false,"template":"","format":"standard","meta":{"neve_meta_sidebar":"","neve_meta_container":"","neve_meta_enable_content_width":"","neve_meta_content_width":0,"neve_meta_title_alignment":"","neve_meta_author_avatar":"","neve_post_elements_order":"","neve_meta_disable_header":"","neve_meta_disable_footer":"","neve_meta_disable_title":"","footnotes":""},"categories":[123],"tags":[957,941,958,956,211],"class_list":["post-42242","post","type-post","status-publish","format-standard","has-post-thumbnail","hentry","category-vagas-de-emprego-nacionais","tag-geracao-de-empregos","tag-mercado-de-trabalho","tag-nova-sede-sine","tag-sine-uberlandia","tag-vagas-de-emprego"],"yoast_head":"<!-- This site is optimized with the Yoast SEO plugin v27.5 - https:\/\/yoast.com\/product\/yoast-seo-wordpress\/ -->\n<title>Sine Uberl\u00e2ndia: Nova Sede e Destaque em Gera\u00e7\u00e3o de Empregos -<\/title>\n<meta name=\"description\" content=\"Sine Uberl\u00e2ndia lidera gera\u00e7\u00e3o de empregos em Minas Gerais e inaugura nova sede no Centro, com servi\u00e7os ampliados e espa\u00e7o acess\u00edvel.\" \/>\n<meta name=\"robots\" content=\"index, follow, max-snippet:-1, max-image-preview:large, max-video-preview:-1\" \/>\n<link rel=\"canonical\" href=\"https:\/\/www.vagadeempregorj.com.br\/en\/sine-uberlandia-new-headquarters-and-leadership-in-jobs\/\" \/>\n<meta property=\"og:locale\" content=\"en_US\" \/>\n<meta property=\"og:type\" content=\"article\" \/>\n<meta property=\"og:title\" content=\"Sine Uberl\u00e2ndia: Nova Sede e Destaque em Gera\u00e7\u00e3o de Empregos -\" \/>\n<meta property=\"og:description\" content=\"Sine Uberl\u00e2ndia lidera gera\u00e7\u00e3o de empregos em Minas Gerais e inaugura nova sede no Centro, com servi\u00e7os ampliados e espa\u00e7o acess\u00edvel.\" \/>\n<meta property=\"og:url\" content=\"https:\/\/www.vagadeempregorj.com.br\/en\/sine-uberlandia-new-headquarters-and-leadership-in-jobs\/\" \/>\n<meta property=\"article:publisher\" content=\"https:\/\/www.facebook.com\/empregobrasiloficial\" \/>\n<meta property=\"article:published_time\" content=\"2025-01-24T11:35:50+00:00\" \/>\n<meta property=\"article:modified_time\" content=\"2025-01-24T11:35:51+00:00\" \/>\n<meta property=\"og:image\" content=\"https:\/\/www.vagadeempregorj.com.br\/wp-content\/uploads\/2025\/01\/Sine-Uberlandia.jpg\" \/>\n\t<meta property=\"og:image:width\" content=\"1536\" \/>\n\t<meta property=\"og:image:height\" content=\"1024\" \/>\n\t<meta property=\"og:image:type\" content=\"image\/jpeg\" \/>\n<meta name=\"author\" content=\"Ana B.\" \/>\n<meta name=\"twitter:card\" content=\"summary_large_image\" \/>\n<meta name=\"twitter:label1\" content=\"Written by\" \/>\n\t<meta name=\"twitter:data1\" content=\"Ana B.\" \/>\n\t<meta name=\"twitter:label2\" content=\"Est. reading time\" \/>\n\t<meta name=\"twitter:data2\" content=\"4 minutes\" \/>\n<script type=\"application\/ld+json\" class=\"yoast-schema-graph\">{\"@context\":\"https:\\\/\\\/schema.org\",\"@graph\":[{\"@type\":\"Article\",\"@id\":\"https:\\\/\\\/www.vagadeempregorj.com.br\\\/sine-uberlandia-nova-sede-e-lideranca-em-empregos\\\/#article\",\"isPartOf\":{\"@id\":\"https:\\\/\\\/www.vagadeempregorj.com.br\\\/sine-uberlandia-nova-sede-e-lideranca-em-empregos\\\/\"},\"author\":{\"name\":\"Ana B.\",\"@id\":\"https:\\\/\\\/www.vagadeempregorj.com.br\\\/#\\\/schema\\\/person\\\/c0c38d5d765e86c3b7c8f12fb1ae6477\"},\"headline\":\"Sine Uberl\u00e2ndia: Nova Sede e Destaque em Gera\u00e7\u00e3o de Empregos\",\"datePublished\":\"2025-01-24T11:35:50+00:00\",\"dateModified\":\"2025-01-24T11:35:51+00:00\",\"mainEntityOfPage\":{\"@id\":\"https:\\\/\\\/www.vagadeempregorj.com.br\\\/sine-uberlandia-nova-sede-e-lideranca-em-empregos\\\/\"},\"wordCount\":776,\"image\":{\"@id\":\"https:\\\/\\\/www.vagadeempregorj.com.br\\\/sine-uberlandia-nova-sede-e-lideranca-em-empregos\\\/#primaryimage\"},\"thumbnailUrl\":\"https:\\\/\\\/www.vagadeempregorj.com.br\\\/wp-content\\\/uploads\\\/2025\\\/01\\\/Sine-Uberlandia.jpg\",\"keywords\":[\"gera\u00e7\u00e3o de empregos\",\"mercado de trabalho\",\"nova sede Sine\",\"Sine Uberl\u00e2ndia\",\"vagas de emprego\"],\"articleSection\":[\"Vagas de Emprego Nacionais\"],\"inLanguage\":\"en-US\"},{\"@type\":\"WebPage\",\"@id\":\"https:\\\/\\\/www.vagadeempregorj.com.br\\\/sine-uberlandia-nova-sede-e-lideranca-em-empregos\\\/\",\"url\":\"https:\\\/\\\/www.vagadeempregorj.com.br\\\/sine-uberlandia-nova-sede-e-lideranca-em-empregos\\\/\",\"name\":\"Sine Uberl\u00e2ndia: Nova Sede e Destaque em Gera\u00e7\u00e3o de Empregos -\",\"isPartOf\":{\"@id\":\"https:\\\/\\\/www.vagadeempregorj.com.br\\\/#website\"},\"primaryImageOfPage\":{\"@id\":\"https:\\\/\\\/www.vagadeempregorj.com.br\\\/sine-uberlandia-nova-sede-e-lideranca-em-empregos\\\/#primaryimage\"},\"image\":{\"@id\":\"https:\\\/\\\/www.vagadeempregorj.com.br\\\/sine-uberlandia-nova-sede-e-lideranca-em-empregos\\\/#primaryimage\"},\"thumbnailUrl\":\"https:\\\/\\\/www.vagadeempregorj.com.br\\\/wp-content\\\/uploads\\\/2025\\\/01\\\/Sine-Uberlandia.jpg\",\"datePublished\":\"2025-01-24T11:35:50+00:00\",\"dateModified\":\"2025-01-24T11:35:51+00:00\",\"author\":{\"@id\":\"https:\\\/\\\/www.vagadeempregorj.com.br\\\/#\\\/schema\\\/person\\\/c0c38d5d765e86c3b7c8f12fb1ae6477\"},\"description\":\"Sine Uberl\u00e2ndia lidera gera\u00e7\u00e3o de empregos em Minas Gerais e inaugura nova sede no Centro, com servi\u00e7os ampliados e espa\u00e7o acess\u00edvel.\",\"breadcrumb\":{\"@id\":\"https:\\\/\\\/www.vagadeempregorj.com.br\\\/sine-uberlandia-nova-sede-e-lideranca-em-empregos\\\/#breadcrumb\"},\"inLanguage\":\"en-US\",\"potentialAction\":[{\"@type\":\"ReadAction\",\"target\":[\"https:\\\/\\\/www.vagadeempregorj.com.br\\\/sine-uberlandia-nova-sede-e-lideranca-em-empregos\\\/\"]}]},{\"@type\":\"ImageObject\",\"inLanguage\":\"en-US\",\"@id\":\"https:\\\/\\\/www.vagadeempregorj.com.br\\\/sine-uberlandia-nova-sede-e-lideranca-em-empregos\\\/#primaryimage\",\"url\":\"https:\\\/\\\/www.vagadeempregorj.com.br\\\/wp-content\\\/uploads\\\/2025\\\/01\\\/Sine-Uberlandia.jpg\",\"contentUrl\":\"https:\\\/\\\/www.vagadeempregorj.com.br\\\/wp-content\\\/uploads\\\/2025\\\/01\\\/Sine-Uberlandia.jpg\",\"width\":1536,\"height\":1024,\"caption\":\"Sine Uberl\u00e2ndia\"},{\"@type\":\"BreadcrumbList\",\"@id\":\"https:\\\/\\\/www.vagadeempregorj.com.br\\\/sine-uberlandia-nova-sede-e-lideranca-em-empregos\\\/#breadcrumb\",\"itemListElement\":[{\"@type\":\"ListItem\",\"position\":1,\"name\":\"In\u00edcio\",\"item\":\"https:\\\/\\\/www.vagadeempregorj.com.br\\\/\"},{\"@type\":\"ListItem\",\"position\":2,\"name\":\"Vagas de Emprego Nacionais\",\"item\":\"https:\\\/\\\/www.vagadeempregorj.com.br\\\/vagas-de-emprego-nacionais\\\/\"},{\"@type\":\"ListItem\",\"position\":3,\"name\":\"Sine Uberl\u00e2ndia: Nova Sede e Destaque em Gera\u00e7\u00e3o de Empregos\"}]},{\"@type\":\"WebSite\",\"@id\":\"https:\\\/\\\/www.vagadeempregorj.com.br\\\/#website\",\"url\":\"https:\\\/\\\/www.vagadeempregorj.com.br\\\/\",\"name\":\"\",\"description\":\"Conquiste Sonhos: Vagas, Benef\u00edcios e Economia para Transformar Vidas e Alcan\u00e7ar Melhorias Cotidianas\",\"potentialAction\":[{\"@type\":\"SearchAction\",\"target\":{\"@type\":\"EntryPoint\",\"urlTemplate\":\"https:\\\/\\\/www.vagadeempregorj.com.br\\\/?s={search_term_string}\"},\"query-input\":{\"@type\":\"PropertyValueSpecification\",\"valueRequired\":true,\"valueName\":\"search_term_string\"}}],\"inLanguage\":\"en-US\"},{\"@type\":\"Person\",\"@id\":\"https:\\\/\\\/www.vagadeempregorj.com.br\\\/#\\\/schema\\\/person\\\/c0c38d5d765e86c3b7c8f12fb1ae6477\",\"name\":\"Ana B.\",\"image\":{\"@type\":\"ImageObject\",\"inLanguage\":\"en-US\",\"@id\":\"https:\\\/\\\/secure.gravatar.com\\\/avatar\\\/f5efa58599e07f8dd92f26c7cfbc442fd115582bc681245452e503c2ef2334f3?s=96&r=g\",\"url\":\"https:\\\/\\\/secure.gravatar.com\\\/avatar\\\/f5efa58599e07f8dd92f26c7cfbc442fd115582bc681245452e503c2ef2334f3?s=96&r=g\",\"contentUrl\":\"https:\\\/\\\/secure.gravatar.com\\\/avatar\\\/f5efa58599e07f8dd92f26c7cfbc442fd115582bc681245452e503c2ef2334f3?s=96&r=g\",\"caption\":\"Ana B.\"},\"description\":\"Meu nome \u00e9 Ana e sou apaixonada em escrever. Dedico meu tempo escrevendo not\u00edcias e vagas de emprego diariamente no portal Vaga de Emprego RJ.\",\"url\":\"https:\\\/\\\/www.vagadeempregorj.com.br\\\/en\\\/author\\\/vgrj\\\/\"}]}<\/script>\n<!-- \/ Yoast SEO plugin. -->","yoast_head_json":{"title":"Sine Uberl\u00e2ndia: New Headquarters and Emphasis in Job Creation -","description":"Sine Uberl\u00e2ndia leads job creation in Minas Gerais and opens new headquarters in the city center, with expanded services and accessible space.","robots":{"index":"index","follow":"follow","max-snippet":"max-snippet:-1","max-image-preview":"max-image-preview:large","max-video-preview":"max-video-preview:-1"},"canonical":"https:\/\/www.vagadeempregorj.com.br\/en\/sine-uberlandia-new-headquarters-and-leadership-in-jobs\/","og_locale":"en_US","og_type":"article","og_title":"Sine Uberl\u00e2ndia: Nova Sede e Destaque em Gera\u00e7\u00e3o de Empregos -","og_description":"Sine Uberl\u00e2ndia lidera gera\u00e7\u00e3o de empregos em Minas Gerais e inaugura nova sede no Centro, com servi\u00e7os ampliados e espa\u00e7o acess\u00edvel.","og_url":"https:\/\/www.vagadeempregorj.com.br\/en\/sine-uberlandia-new-headquarters-and-leadership-in-jobs\/","article_publisher":"https:\/\/www.facebook.com\/empregobrasiloficial","article_published_time":"2025-01-24T11:35:50+00:00","article_modified_time":"2025-01-24T11:35:51+00:00","og_image":[{"width":1536,"height":1024,"url":"https:\/\/www.vagadeempregorj.com.br\/wp-content\/uploads\/2025\/01\/Sine-Uberlandia.jpg","type":"image\/jpeg"}],"author":"Ana B.","twitter_card":"summary_large_image","twitter_misc":{"Written by":"Ana B.","Est. reading time":"4 minutes"},"schema":{"@context":"https:\/\/schema.org","@graph":[{"@type":"Article","@id":"https:\/\/www.vagadeempregorj.com.br\/sine-uberlandia-nova-sede-e-lideranca-em-empregos\/#article","isPartOf":{"@id":"https:\/\/www.vagadeempregorj.com.br\/sine-uberlandia-nova-sede-e-lideranca-em-empregos\/"},"author":{"name":"Ana B.","@id":"https:\/\/www.vagadeempregorj.com.br\/#\/schema\/person\/c0c38d5d765e86c3b7c8f12fb1ae6477"},"headline":"Sine Uberl\u00e2ndia: Nova Sede e Destaque em Gera\u00e7\u00e3o de Empregos","datePublished":"2025-01-24T11:35:50+00:00","dateModified":"2025-01-24T11:35:51+00:00","mainEntityOfPage":{"@id":"https:\/\/www.vagadeempregorj.com.br\/sine-uberlandia-nova-sede-e-lideranca-em-empregos\/"},"wordCount":776,"image":{"@id":"https:\/\/www.vagadeempregorj.com.br\/sine-uberlandia-nova-sede-e-lideranca-em-empregos\/#primaryimage"},"thumbnailUrl":"https:\/\/www.vagadeempregorj.com.br\/wp-content\/uploads\/2025\/01\/Sine-Uberlandia.jpg","keywords":["gera\u00e7\u00e3o de empregos","mercado de trabalho","nova sede Sine","Sine Uberl\u00e2ndia","vagas de emprego"],"articleSection":["Vagas de Emprego Nacionais"],"inLanguage":"en-US"},{"@type":"WebPage","@id":"https:\/\/www.vagadeempregorj.com.br\/sine-uberlandia-nova-sede-e-lideranca-em-empregos\/","url":"https:\/\/www.vagadeempregorj.com.br\/sine-uberlandia-nova-sede-e-lideranca-em-empregos\/","name":"Sine Uberl\u00e2ndia: New Headquarters and Emphasis in Job Creation -","isPartOf":{"@id":"https:\/\/www.vagadeempregorj.com.br\/#website"},"primaryImageOfPage":{"@id":"https:\/\/www.vagadeempregorj.com.br\/sine-uberlandia-nova-sede-e-lideranca-em-empregos\/#primaryimage"},"image":{"@id":"https:\/\/www.vagadeempregorj.com.br\/sine-uberlandia-nova-sede-e-lideranca-em-empregos\/#primaryimage"},"thumbnailUrl":"https:\/\/www.vagadeempregorj.com.br\/wp-content\/uploads\/2025\/01\/Sine-Uberlandia.jpg","datePublished":"2025-01-24T11:35:50+00:00","dateModified":"2025-01-24T11:35:51+00:00","author":{"@id":"https:\/\/www.vagadeempregorj.com.br\/#\/schema\/person\/c0c38d5d765e86c3b7c8f12fb1ae6477"},"description":"Sine Uberl\u00e2ndia leads job creation in Minas Gerais and opens new headquarters in the city center, with expanded services and accessible space.","breadcrumb":{"@id":"https:\/\/www.vagadeempregorj.com.br\/sine-uberlandia-nova-sede-e-lideranca-em-empregos\/#breadcrumb"},"inLanguage":"en-US","potentialAction":[{"@type":"ReadAction","target":["https:\/\/www.vagadeempregorj.com.br\/sine-uberlandia-nova-sede-e-lideranca-em-empregos\/"]}]},{"@type":"ImageObject","inLanguage":"en-US","@id":"https:\/\/www.vagadeempregorj.com.br\/sine-uberlandia-nova-sede-e-lideranca-em-empregos\/#primaryimage","url":"https:\/\/www.vagadeempregorj.com.br\/wp-content\/uploads\/2025\/01\/Sine-Uberlandia.jpg","contentUrl":"https:\/\/www.vagadeempregorj.com.br\/wp-content\/uploads\/2025\/01\/Sine-Uberlandia.jpg","width":1536,"height":1024,"caption":"Sine Uberl\u00e2ndia"},{"@type":"BreadcrumbList","@id":"https:\/\/www.vagadeempregorj.com.br\/sine-uberlandia-nova-sede-e-lideranca-em-empregos\/#breadcrumb","itemListElement":[{"@type":"ListItem","position":1,"name":"In\u00edcio","item":"https:\/\/www.vagadeempregorj.com.br\/"},{"@type":"ListItem","position":2,"name":"Vagas de Emprego Nacionais","item":"https:\/\/www.vagadeempregorj.com.br\/vagas-de-emprego-nacionais\/"},{"@type":"ListItem","position":3,"name":"Sine Uberl\u00e2ndia: Nova Sede e Destaque em Gera\u00e7\u00e3o de Empregos"}]},{"@type":"WebSite","@id":"https:\/\/www.vagadeempregorj.com.br\/#website","url":"https:\/\/www.vagadeempregorj.com.br\/","name":"","description":"Achieve Dreams: Jobs, Benefits, and Savings to Transform Lives and Achieve Everyday Improvements","potentialAction":[{"@type":"SearchAction","target":{"@type":"EntryPoint","urlTemplate":"https:\/\/www.vagadeempregorj.com.br\/?s={search_term_string}"},"query-input":{"@type":"PropertyValueSpecification","valueRequired":true,"valueName":"search_term_string"}}],"inLanguage":"en-US"},{"@type":"Person","@id":"https:\/\/www.vagadeempregorj.com.br\/#\/schema\/person\/c0c38d5d765e86c3b7c8f12fb1ae6477","name":"Ana B.","image":{"@type":"ImageObject","inLanguage":"en-US","@id":"https:\/\/secure.gravatar.com\/avatar\/f5efa58599e07f8dd92f26c7cfbc442fd115582bc681245452e503c2ef2334f3?s=96&r=g","url":"https:\/\/secure.gravatar.com\/avatar\/f5efa58599e07f8dd92f26c7cfbc442fd115582bc681245452e503c2ef2334f3?s=96&r=g","contentUrl":"https:\/\/secure.gravatar.com\/avatar\/f5efa58599e07f8dd92f26c7cfbc442fd115582bc681245452e503c2ef2334f3?s=96&r=g","caption":"Ana B."},"description":"My name is Ana, and I&#039;m passionate about writing. I dedicate my time to posting news and job openings daily on the Vaga de Emprego RJ portal.","url":"https:\/\/www.vagadeempregorj.com.br\/en\/author\/vgrj\/"}]}},"_links":{"self":[{"href":"https:\/\/www.vagadeempregorj.com.br\/en\/wp-json\/wp\/v2\/posts\/42242","targetHints":{"allow":["GET"]}}],"collection":[{"href":"https:\/\/www.vagadeempregorj.com.br\/en\/wp-json\/wp\/v2\/posts"}],"about":[{"href":"https:\/\/www.vagadeempregorj.com.br\/en\/wp-json\/wp\/v2\/types\/post"}],"author":[{"embeddable":true,"href":"https:\/\/www.vagadeempregorj.com.br\/en\/wp-json\/wp\/v2\/users\/1"}],"replies":[{"embeddable":true,"href":"https:\/\/www.vagadeempregorj.com.br\/en\/wp-json\/wp\/v2\/comments?post=42242"}],"version-history":[{"count":0,"href":"https:\/\/www.vagadeempregorj.com.br\/en\/wp-json\/wp\/v2\/posts\/42242\/revisions"}],"wp:featuredmedia":[{"embeddable":true,"href":"https:\/\/www.vagadeempregorj.com.br\/en\/wp-json\/wp\/v2\/media\/42243"}],"wp:attachment":[{"href":"https:\/\/www.vagadeempregorj.com.br\/en\/wp-json\/wp\/v2\/media?parent=42242"}],"wp:term":[{"taxonomy":"category","embeddable":true,"href":"https:\/\/www.vagadeempregorj.com.br\/en\/wp-json\/wp\/v2\/categories?post=42242"},{"taxonomy":"post_tag","embeddable":true,"href":"https:\/\/www.vagadeempregorj.com.br\/en\/wp-json\/wp\/v2\/tags?post=42242"}],"curies":[{"name":"wp","href":"https:\/\/api.w.org\/{rel}","templated":true}]}}