{"id":42342,"date":"2025-01-29T17:00:33","date_gmt":"2025-01-29T20:00:33","guid":{"rendered":"https:\/\/www.vagadeempregorj.com.br\/?p=42342"},"modified":"2025-01-31T09:18:04","modified_gmt":"2025-01-31T12:18:04","slug":"light-for-all-electricity-for-all-in-brazil","status":"publish","type":"post","link":"https:\/\/www.vagadeempregorj.com.br\/en\/luz-para-todos-energia-eletrica-para-todos-no-brasil\/","title":{"rendered":"Light for All: Electricity for Everyone in Brazil"},"content":{"rendered":"<h2 class=\"wp-block-heading\"><strong>Introduction to the Light for All Program<\/strong><\/h2>\n\n\n\n<p class=\"has-medium-font-size\">The National Program for Universal Access to and Use of Electricity, better known as <em>Light for All<\/em>, This is a public policy with a significant impact in Brazil. Its main objective is to bring electricity to all regions of the country, especially to rural areas and isolated communities. With the expansion of this infrastructure, the program has promoted social inclusion, improved quality of life, and boosted the economic development of millions of Brazilians.<\/p>\n\n\n\n<h2 class=\"wp-block-heading\"><strong>The Social Impact of the &quot;Light for All&quot; Program<\/strong><\/h2>\n\n\n\n<p class=\"has-medium-font-size\">Electricity goes far beyond providing light to illuminate a home. It is a powerful tool that transforms people&#039;s lives, promoting social and economic development. The arrival of electricity to a community or residence can be a game-changer, providing significant improvements in the quality of life for families. Below, we highlight how the program... <em>Light for All<\/em> It has had a positive impact on various areas of society:<\/p>\n\n\n\n<ol class=\"wp-block-list\">\n<li class=\"has-medium-font-size\"><strong>Improving quality of life:<\/strong> With the provision of electricity, families experience greater comfort, safety, and health. Everyday tasks, such as cooking, studying, and working, become easier and safer. Furthermore, electrification reduces the risk of accidents, such as those caused by gas lamps or candles.<\/li>\n\n\n\n<li class=\"has-medium-font-size\"><strong>Increasing productivity in the field:<\/strong> For farmers, access to electricity means greater productivity. Machinery, irrigation systems, and product processing equipment are now accessible, allowing small farms to become more efficient and competitive in the market. This, in turn, contributes to increased income and a significant improvement in the quality of life for families in rural areas.<\/li>\n\n\n\n<li class=\"has-medium-font-size\"><strong>Facilitating access to education:<\/strong> Electricity plays a fundamental role in education. The use of computers, internet access, and the possibility of watching educational programs on TV or using digital learning materials opens new doors for students. Furthermore, schools and community centers have more resources at their disposal to offer a higher quality education.<\/li>\n\n\n\n<li class=\"has-medium-font-size\"><strong>Strengthening the local economy:<\/strong> When a community receives electricity, small local businesses, such as markets, bakeries, and workshops, can expand their operations. Using electrical equipment, it&#039;s possible to increase production and serve more customers, contributing to the region&#039;s economic growth.<\/li>\n<\/ol>\n\n\n\n<h2 class=\"wp-block-heading\"><strong>Light for All: Results and Numbers<\/strong><\/h2>\n\n\n\n<p class=\"has-medium-font-size\">The program&#039;s numbers <em>Light for All<\/em> They speak for themselves. Since its launch, the program has achieved significant results in terms of coverage and impact. With millions of families benefiting, the program has directly contributed to:<\/p>\n\n\n\n<ul class=\"wp-block-list\">\n<li class=\"has-medium-font-size\"><strong>Reducing energy poverty:<\/strong> The electrification of remote communities has reduced the number of Brazilians living without access to electricity, improving quality of life and enabling the development of the regions served.<\/li>\n\n\n\n<li class=\"has-medium-font-size\"><strong>Promoting social inclusion:<\/strong> Access to electricity is considered a basic right, and the program has played a fundamental role in promoting equal opportunities for all Brazilians, regardless of class or location.<\/li>\n\n\n\n<li class=\"has-medium-font-size\"><strong>Sustainable development:<\/strong> Electrical energy is an important enabler for the use of cleaner and more efficient technologies, especially in rural areas. This contributes to more sustainable development, aligned with environmental preservation goals.<\/li>\n<\/ul>\n\n\n\n<h2 class=\"wp-block-heading\"><strong>How to Get to Luz para Todos<\/strong><\/h2>\n\n\n\n<p class=\"has-medium-font-size\">If you would like more information or to see how the program can benefit you or your community, please visit the program&#039;s official website. <a href=\"https:\/\/www.gov.br\/mme\/pt-br\/destaques\/Programa%20Luz%20para%20Todos\">Light for All<\/a> Discover details about membership and ongoing initiatives.<\/p>\n\n\n\n<h2 class=\"wp-block-heading\"><strong>Challenges and Future Perspectives<\/strong><\/h2>\n\n\n\n<p class=\"has-medium-font-size\">Although the <em>Light for All<\/em> Although it has brought undeniable benefits, Brazil still faces challenges in universalizing access to electricity, especially in more remote or hard-to-reach regions. Expanding the electrical infrastructure remains one of the program&#039;s biggest challenges, requiring constant investment in new technologies and more efficient methods of energy distribution.<\/p>\n\n\n\n<p class=\"has-medium-font-size\">However, the outlook for the future is promising. With technological advancements and continued investment in renewable energies, such as solar and wind power, new solutions are being explored to bring electricity to more isolated areas. The goal is to ensure that, by 2030, all Brazilians have access to electricity in a safe, efficient, and sustainable way.<\/p>\n\n\n\n<h2 class=\"wp-block-heading\"><strong>Conclusion: Light for All and the Future of Brazil<\/strong><\/h2>\n\n\n\n<p class=\"has-medium-font-size\">THE <em>Light for All<\/em> This is a clear example of how well-designed public policies can generate profound and lasting changes in people&#039;s lives. By bringing electricity to millions of Brazilians, the program not only transforms the reality of many families, but also contributes to Brazil&#039;s economic and sustainable development.<\/p>\n\n\n\n<p class=\"has-medium-font-size\">Access to electricity is undoubtedly a fundamental right, and the program <em>Light for All<\/em> This is an important step towards ensuring that this right is universal. With the continuation and expansion of the program, Brazil is moving towards a brighter and fairer future for all its citizens.<\/p>\n\n\n\n<hr class=\"wp-block-separator has-alpha-channel-opacity\"\/>\n\n\n\n<p class=\"has-medium-font-size\"><a href=\"https:\/\/www.vagadeempregorj.com.br\/en\/social-benefits\/\">The Importance of Renewable Energy in Brazil: Sustainability and the Future.<\/a><\/p>\n\n\n\n<p><\/p>","protected":false},"excerpt":{"rendered":"<p>Introdu\u00e7\u00e3o ao Programa Luz para Todos O Programa Nacional de Universaliza\u00e7\u00e3o do Acesso e Uso da Energia El\u00e9trica, mais conhecido como Luz para Todos, \u00e9 uma pol\u00edtica p\u00fablica de grande impacto no Brasil. Seu principal objetivo \u00e9 levar energia el\u00e9trica a todas as regi\u00f5es do pa\u00eds, especialmente para \u00e1reas rurais e comunidades isoladas. Com a&hellip;&nbsp;<\/p>","protected":false},"author":1,"featured_media":42343,"comment_status":"closed","ping_status":"closed","sticky":false,"template":"","format":"standard","meta":{"neve_meta_sidebar":"","neve_meta_container":"","neve_meta_enable_content_width":"","neve_meta_content_width":0,"neve_meta_title_alignment":"","neve_meta_author_avatar":"","neve_post_elements_order":"","neve_meta_disable_header":"","neve_meta_disable_footer":"","neve_meta_disable_title":"","footnotes":""},"categories":[1],"tags":[991,993,992,994,995],"class_list":["post-42342","post","type-post","status-publish","format-standard","has-post-thumbnail","hentry","category-beneficios-sociais","tag-desenvolvimento-sustentavel","tag-energia-eletrica","tag-inclusao-social","tag-luz-para-todos","tag-programa-social"],"yoast_head":"<!-- This site is optimized with the Yoast SEO plugin v27.5 - https:\/\/yoast.com\/product\/yoast-seo-wordpress\/ -->\n<title>Luz para Todos: Energia El\u00e9trica para Todos no Brasil -<\/title>\n<meta name=\"description\" content=\"Descubra como o programa Luz para Todos transforma vidas ao levar energia el\u00e9trica a comunidades isoladas e rurais no Brasil.\" \/>\n<meta name=\"robots\" content=\"index, follow, max-snippet:-1, max-image-preview:large, max-video-preview:-1\" \/>\n<link rel=\"canonical\" href=\"https:\/\/www.vagadeempregorj.com.br\/en\/light-for-all-electricity-for-all-in-brazil\/\" \/>\n<meta property=\"og:locale\" content=\"en_US\" \/>\n<meta property=\"og:type\" content=\"article\" \/>\n<meta property=\"og:title\" content=\"Luz para Todos: Energia El\u00e9trica para Todos no Brasil -\" \/>\n<meta property=\"og:description\" content=\"Descubra como o programa Luz para Todos transforma vidas ao levar energia el\u00e9trica a comunidades isoladas e rurais no Brasil.\" \/>\n<meta property=\"og:url\" content=\"https:\/\/www.vagadeempregorj.com.br\/en\/light-for-all-electricity-for-all-in-brazil\/\" \/>\n<meta property=\"article:publisher\" content=\"https:\/\/www.facebook.com\/empregobrasiloficial\" \/>\n<meta property=\"article:published_time\" content=\"2025-01-29T20:00:33+00:00\" \/>\n<meta property=\"article:modified_time\" content=\"2025-01-31T12:18:04+00:00\" \/>\n<meta property=\"og:image\" content=\"https:\/\/www.vagadeempregorj.com.br\/wp-content\/uploads\/2025\/01\/luz-para-todos.jpg\" \/>\n\t<meta property=\"og:image:width\" content=\"1472\" \/>\n\t<meta property=\"og:image:height\" content=\"1265\" \/>\n\t<meta property=\"og:image:type\" content=\"image\/jpeg\" \/>\n<meta name=\"author\" content=\"Ana B.\" \/>\n<meta name=\"twitter:card\" content=\"summary_large_image\" \/>\n<meta name=\"twitter:label1\" content=\"Written by\" \/>\n\t<meta name=\"twitter:data1\" content=\"Ana B.\" \/>\n\t<meta name=\"twitter:label2\" content=\"Est. reading time\" \/>\n\t<meta name=\"twitter:data2\" content=\"5 minutes\" \/>\n<script type=\"application\/ld+json\" class=\"yoast-schema-graph\">{\"@context\":\"https:\\\/\\\/schema.org\",\"@graph\":[{\"@type\":\"Article\",\"@id\":\"https:\\\/\\\/www.vagadeempregorj.com.br\\\/luz-para-todos-energia-eletrica-para-todos-no-brasil\\\/#article\",\"isPartOf\":{\"@id\":\"https:\\\/\\\/www.vagadeempregorj.com.br\\\/luz-para-todos-energia-eletrica-para-todos-no-brasil\\\/\"},\"author\":{\"name\":\"Ana B.\",\"@id\":\"https:\\\/\\\/www.vagadeempregorj.com.br\\\/#\\\/schema\\\/person\\\/c0c38d5d765e86c3b7c8f12fb1ae6477\"},\"headline\":\"Luz para Todos: Energia El\u00e9trica para Todos no Brasil\",\"datePublished\":\"2025-01-29T20:00:33+00:00\",\"dateModified\":\"2025-01-31T12:18:04+00:00\",\"mainEntityOfPage\":{\"@id\":\"https:\\\/\\\/www.vagadeempregorj.com.br\\\/luz-para-todos-energia-eletrica-para-todos-no-brasil\\\/\"},\"wordCount\":917,\"image\":{\"@id\":\"https:\\\/\\\/www.vagadeempregorj.com.br\\\/luz-para-todos-energia-eletrica-para-todos-no-brasil\\\/#primaryimage\"},\"thumbnailUrl\":\"https:\\\/\\\/www.vagadeempregorj.com.br\\\/wp-content\\\/uploads\\\/2025\\\/01\\\/luz-para-todos.jpg\",\"keywords\":[\"desenvolvimento sustent\u00e1vel\",\"energia el\u00e9trica\",\"inclus\u00e3o social\",\"luz para todos\",\"programa social\"],\"articleSection\":[\"Benef\u00edcios Sociais\"],\"inLanguage\":\"en-US\"},{\"@type\":\"WebPage\",\"@id\":\"https:\\\/\\\/www.vagadeempregorj.com.br\\\/luz-para-todos-energia-eletrica-para-todos-no-brasil\\\/\",\"url\":\"https:\\\/\\\/www.vagadeempregorj.com.br\\\/luz-para-todos-energia-eletrica-para-todos-no-brasil\\\/\",\"name\":\"Luz para Todos: Energia El\u00e9trica para Todos no Brasil -\",\"isPartOf\":{\"@id\":\"https:\\\/\\\/www.vagadeempregorj.com.br\\\/#website\"},\"primaryImageOfPage\":{\"@id\":\"https:\\\/\\\/www.vagadeempregorj.com.br\\\/luz-para-todos-energia-eletrica-para-todos-no-brasil\\\/#primaryimage\"},\"image\":{\"@id\":\"https:\\\/\\\/www.vagadeempregorj.com.br\\\/luz-para-todos-energia-eletrica-para-todos-no-brasil\\\/#primaryimage\"},\"thumbnailUrl\":\"https:\\\/\\\/www.vagadeempregorj.com.br\\\/wp-content\\\/uploads\\\/2025\\\/01\\\/luz-para-todos.jpg\",\"datePublished\":\"2025-01-29T20:00:33+00:00\",\"dateModified\":\"2025-01-31T12:18:04+00:00\",\"author\":{\"@id\":\"https:\\\/\\\/www.vagadeempregorj.com.br\\\/#\\\/schema\\\/person\\\/c0c38d5d765e86c3b7c8f12fb1ae6477\"},\"description\":\"Descubra como o programa Luz para Todos transforma vidas ao levar energia el\u00e9trica a comunidades isoladas e rurais no Brasil.\",\"breadcrumb\":{\"@id\":\"https:\\\/\\\/www.vagadeempregorj.com.br\\\/luz-para-todos-energia-eletrica-para-todos-no-brasil\\\/#breadcrumb\"},\"inLanguage\":\"en-US\",\"potentialAction\":[{\"@type\":\"ReadAction\",\"target\":[\"https:\\\/\\\/www.vagadeempregorj.com.br\\\/luz-para-todos-energia-eletrica-para-todos-no-brasil\\\/\"]}]},{\"@type\":\"ImageObject\",\"inLanguage\":\"en-US\",\"@id\":\"https:\\\/\\\/www.vagadeempregorj.com.br\\\/luz-para-todos-energia-eletrica-para-todos-no-brasil\\\/#primaryimage\",\"url\":\"https:\\\/\\\/www.vagadeempregorj.com.br\\\/wp-content\\\/uploads\\\/2025\\\/01\\\/luz-para-todos.jpg\",\"contentUrl\":\"https:\\\/\\\/www.vagadeempregorj.com.br\\\/wp-content\\\/uploads\\\/2025\\\/01\\\/luz-para-todos.jpg\",\"width\":1472,\"height\":1265,\"caption\":\"Luz para Todos\"},{\"@type\":\"BreadcrumbList\",\"@id\":\"https:\\\/\\\/www.vagadeempregorj.com.br\\\/luz-para-todos-energia-eletrica-para-todos-no-brasil\\\/#breadcrumb\",\"itemListElement\":[{\"@type\":\"ListItem\",\"position\":1,\"name\":\"In\u00edcio\",\"item\":\"https:\\\/\\\/www.vagadeempregorj.com.br\\\/\"},{\"@type\":\"ListItem\",\"position\":2,\"name\":\"Benef\u00edcios Sociais\",\"item\":\"https:\\\/\\\/www.vagadeempregorj.com.br\\\/beneficios-sociais\\\/\"},{\"@type\":\"ListItem\",\"position\":3,\"name\":\"Luz para Todos: Energia El\u00e9trica para Todos no Brasil\"}]},{\"@type\":\"WebSite\",\"@id\":\"https:\\\/\\\/www.vagadeempregorj.com.br\\\/#website\",\"url\":\"https:\\\/\\\/www.vagadeempregorj.com.br\\\/\",\"name\":\"\",\"description\":\"Conquiste Sonhos: Vagas, Benef\u00edcios e Economia para Transformar Vidas e Alcan\u00e7ar Melhorias Cotidianas\",\"potentialAction\":[{\"@type\":\"SearchAction\",\"target\":{\"@type\":\"EntryPoint\",\"urlTemplate\":\"https:\\\/\\\/www.vagadeempregorj.com.br\\\/?s={search_term_string}\"},\"query-input\":{\"@type\":\"PropertyValueSpecification\",\"valueRequired\":true,\"valueName\":\"search_term_string\"}}],\"inLanguage\":\"en-US\"},{\"@type\":\"Person\",\"@id\":\"https:\\\/\\\/www.vagadeempregorj.com.br\\\/#\\\/schema\\\/person\\\/c0c38d5d765e86c3b7c8f12fb1ae6477\",\"name\":\"Ana B.\",\"image\":{\"@type\":\"ImageObject\",\"inLanguage\":\"en-US\",\"@id\":\"https:\\\/\\\/secure.gravatar.com\\\/avatar\\\/f5efa58599e07f8dd92f26c7cfbc442fd115582bc681245452e503c2ef2334f3?s=96&r=g\",\"url\":\"https:\\\/\\\/secure.gravatar.com\\\/avatar\\\/f5efa58599e07f8dd92f26c7cfbc442fd115582bc681245452e503c2ef2334f3?s=96&r=g\",\"contentUrl\":\"https:\\\/\\\/secure.gravatar.com\\\/avatar\\\/f5efa58599e07f8dd92f26c7cfbc442fd115582bc681245452e503c2ef2334f3?s=96&r=g\",\"caption\":\"Ana B.\"},\"description\":\"Meu nome \u00e9 Ana e sou apaixonada em escrever. Dedico meu tempo escrevendo not\u00edcias e vagas de emprego diariamente no portal Vaga de Emprego RJ.\",\"url\":\"https:\\\/\\\/www.vagadeempregorj.com.br\\\/en\\\/author\\\/vgrj\\\/\"}]}<\/script>\n<!-- \/ Yoast SEO plugin. -->","yoast_head_json":{"title":"Light for All: Electricity for All in Brazil","description":"Discover how the &quot;Light for All&quot; program transforms lives by bringing electricity to isolated and rural communities in Brazil.","robots":{"index":"index","follow":"follow","max-snippet":"max-snippet:-1","max-image-preview":"max-image-preview:large","max-video-preview":"max-video-preview:-1"},"canonical":"https:\/\/www.vagadeempregorj.com.br\/en\/light-for-all-electricity-for-all-in-brazil\/","og_locale":"en_US","og_type":"article","og_title":"Luz para Todos: Energia El\u00e9trica para Todos no Brasil -","og_description":"Descubra como o programa Luz para Todos transforma vidas ao levar energia el\u00e9trica a comunidades isoladas e rurais no Brasil.","og_url":"https:\/\/www.vagadeempregorj.com.br\/en\/light-for-all-electricity-for-all-in-brazil\/","article_publisher":"https:\/\/www.facebook.com\/empregobrasiloficial","article_published_time":"2025-01-29T20:00:33+00:00","article_modified_time":"2025-01-31T12:18:04+00:00","og_image":[{"width":1472,"height":1265,"url":"https:\/\/www.vagadeempregorj.com.br\/wp-content\/uploads\/2025\/01\/luz-para-todos.jpg","type":"image\/jpeg"}],"author":"Ana B.","twitter_card":"summary_large_image","twitter_misc":{"Written by":"Ana B.","Est. reading time":"5 minutes"},"schema":{"@context":"https:\/\/schema.org","@graph":[{"@type":"Article","@id":"https:\/\/www.vagadeempregorj.com.br\/luz-para-todos-energia-eletrica-para-todos-no-brasil\/#article","isPartOf":{"@id":"https:\/\/www.vagadeempregorj.com.br\/luz-para-todos-energia-eletrica-para-todos-no-brasil\/"},"author":{"name":"Ana B.","@id":"https:\/\/www.vagadeempregorj.com.br\/#\/schema\/person\/c0c38d5d765e86c3b7c8f12fb1ae6477"},"headline":"Luz para Todos: Energia El\u00e9trica para Todos no Brasil","datePublished":"2025-01-29T20:00:33+00:00","dateModified":"2025-01-31T12:18:04+00:00","mainEntityOfPage":{"@id":"https:\/\/www.vagadeempregorj.com.br\/luz-para-todos-energia-eletrica-para-todos-no-brasil\/"},"wordCount":917,"image":{"@id":"https:\/\/www.vagadeempregorj.com.br\/luz-para-todos-energia-eletrica-para-todos-no-brasil\/#primaryimage"},"thumbnailUrl":"https:\/\/www.vagadeempregorj.com.br\/wp-content\/uploads\/2025\/01\/luz-para-todos.jpg","keywords":["desenvolvimento sustent\u00e1vel","energia el\u00e9trica","inclus\u00e3o social","luz para todos","programa social"],"articleSection":["Benef\u00edcios Sociais"],"inLanguage":"en-US"},{"@type":"WebPage","@id":"https:\/\/www.vagadeempregorj.com.br\/luz-para-todos-energia-eletrica-para-todos-no-brasil\/","url":"https:\/\/www.vagadeempregorj.com.br\/luz-para-todos-energia-eletrica-para-todos-no-brasil\/","name":"Light for All: Electricity for All in Brazil","isPartOf":{"@id":"https:\/\/www.vagadeempregorj.com.br\/#website"},"primaryImageOfPage":{"@id":"https:\/\/www.vagadeempregorj.com.br\/luz-para-todos-energia-eletrica-para-todos-no-brasil\/#primaryimage"},"image":{"@id":"https:\/\/www.vagadeempregorj.com.br\/luz-para-todos-energia-eletrica-para-todos-no-brasil\/#primaryimage"},"thumbnailUrl":"https:\/\/www.vagadeempregorj.com.br\/wp-content\/uploads\/2025\/01\/luz-para-todos.jpg","datePublished":"2025-01-29T20:00:33+00:00","dateModified":"2025-01-31T12:18:04+00:00","author":{"@id":"https:\/\/www.vagadeempregorj.com.br\/#\/schema\/person\/c0c38d5d765e86c3b7c8f12fb1ae6477"},"description":"Discover how the &quot;Light for All&quot; program transforms lives by bringing electricity to isolated and rural communities in Brazil.","breadcrumb":{"@id":"https:\/\/www.vagadeempregorj.com.br\/luz-para-todos-energia-eletrica-para-todos-no-brasil\/#breadcrumb"},"inLanguage":"en-US","potentialAction":[{"@type":"ReadAction","target":["https:\/\/www.vagadeempregorj.com.br\/luz-para-todos-energia-eletrica-para-todos-no-brasil\/"]}]},{"@type":"ImageObject","inLanguage":"en-US","@id":"https:\/\/www.vagadeempregorj.com.br\/luz-para-todos-energia-eletrica-para-todos-no-brasil\/#primaryimage","url":"https:\/\/www.vagadeempregorj.com.br\/wp-content\/uploads\/2025\/01\/luz-para-todos.jpg","contentUrl":"https:\/\/www.vagadeempregorj.com.br\/wp-content\/uploads\/2025\/01\/luz-para-todos.jpg","width":1472,"height":1265,"caption":"Luz para Todos"},{"@type":"BreadcrumbList","@id":"https:\/\/www.vagadeempregorj.com.br\/luz-para-todos-energia-eletrica-para-todos-no-brasil\/#breadcrumb","itemListElement":[{"@type":"ListItem","position":1,"name":"In\u00edcio","item":"https:\/\/www.vagadeempregorj.com.br\/"},{"@type":"ListItem","position":2,"name":"Benef\u00edcios Sociais","item":"https:\/\/www.vagadeempregorj.com.br\/beneficios-sociais\/"},{"@type":"ListItem","position":3,"name":"Luz para Todos: Energia El\u00e9trica para Todos no Brasil"}]},{"@type":"WebSite","@id":"https:\/\/www.vagadeempregorj.com.br\/#website","url":"https:\/\/www.vagadeempregorj.com.br\/","name":"","description":"Achieve Dreams: Jobs, Benefits, and Savings to Transform Lives and Achieve Everyday Improvements","potentialAction":[{"@type":"SearchAction","target":{"@type":"EntryPoint","urlTemplate":"https:\/\/www.vagadeempregorj.com.br\/?s={search_term_string}"},"query-input":{"@type":"PropertyValueSpecification","valueRequired":true,"valueName":"search_term_string"}}],"inLanguage":"en-US"},{"@type":"Person","@id":"https:\/\/www.vagadeempregorj.com.br\/#\/schema\/person\/c0c38d5d765e86c3b7c8f12fb1ae6477","name":"Ana B.","image":{"@type":"ImageObject","inLanguage":"en-US","@id":"https:\/\/secure.gravatar.com\/avatar\/f5efa58599e07f8dd92f26c7cfbc442fd115582bc681245452e503c2ef2334f3?s=96&r=g","url":"https:\/\/secure.gravatar.com\/avatar\/f5efa58599e07f8dd92f26c7cfbc442fd115582bc681245452e503c2ef2334f3?s=96&r=g","contentUrl":"https:\/\/secure.gravatar.com\/avatar\/f5efa58599e07f8dd92f26c7cfbc442fd115582bc681245452e503c2ef2334f3?s=96&r=g","caption":"Ana B."},"description":"My name is Ana, and I&#039;m passionate about writing. I dedicate my time to posting news and job openings daily on the Vaga de Emprego RJ portal.","url":"https:\/\/www.vagadeempregorj.com.br\/en\/author\/vgrj\/"}]}},"_links":{"self":[{"href":"https:\/\/www.vagadeempregorj.com.br\/en\/wp-json\/wp\/v2\/posts\/42342","targetHints":{"allow":["GET"]}}],"collection":[{"href":"https:\/\/www.vagadeempregorj.com.br\/en\/wp-json\/wp\/v2\/posts"}],"about":[{"href":"https:\/\/www.vagadeempregorj.com.br\/en\/wp-json\/wp\/v2\/types\/post"}],"author":[{"embeddable":true,"href":"https:\/\/www.vagadeempregorj.com.br\/en\/wp-json\/wp\/v2\/users\/1"}],"replies":[{"embeddable":true,"href":"https:\/\/www.vagadeempregorj.com.br\/en\/wp-json\/wp\/v2\/comments?post=42342"}],"version-history":[{"count":0,"href":"https:\/\/www.vagadeempregorj.com.br\/en\/wp-json\/wp\/v2\/posts\/42342\/revisions"}],"wp:featuredmedia":[{"embeddable":true,"href":"https:\/\/www.vagadeempregorj.com.br\/en\/wp-json\/wp\/v2\/media\/42343"}],"wp:attachment":[{"href":"https:\/\/www.vagadeempregorj.com.br\/en\/wp-json\/wp\/v2\/media?parent=42342"}],"wp:term":[{"taxonomy":"category","embeddable":true,"href":"https:\/\/www.vagadeempregorj.com.br\/en\/wp-json\/wp\/v2\/categories?post=42342"},{"taxonomy":"post_tag","embeddable":true,"href":"https:\/\/www.vagadeempregorj.com.br\/en\/wp-json\/wp\/v2\/tags?post=42342"}],"curies":[{"name":"wp","href":"https:\/\/api.w.org\/{rel}","templated":true}]}}