{"id":42412,"date":"2025-01-31T08:27:39","date_gmt":"2025-01-31T11:27:39","guid":{"rendered":"https:\/\/www.vagadeempregorj.com.br\/?p=42412"},"modified":"2025-06-15T14:46:34","modified_gmt":"2025-06-15T17:46:34","slug":"second-call-etec-2025-documents-dates","status":"publish","type":"post","link":"https:\/\/www.vagadeempregorj.com.br\/en\/segunda-chamada-etec-2025-documentos-datas\/","title":{"rendered":"Second Call Etec 2025: Important Documents and Dates"},"content":{"rendered":"<p class=\"has-medium-font-size\">The second call for Etec 2025 enrollment in online courses takes place this Thursday (30). Therefore, candidates called must submit documentation by Friday (31). In addition, all stages of the process will take place via email, including sending and analyzing documents, appeals and new calls, if there are still vacancies.<\/p>\n\n\n\n<h2 class=\"wp-block-heading\">Documents Required for Enrollment<\/h2>\n\n\n\n<h3 class=\"wp-block-heading\">Technical Education \u2013 First Module<\/h3>\n\n\n\n<p class=\"has-medium-font-size\">To enter the first module of Technical Education, the candidate must present the following documents:<\/p>\n\n\n\n<ul class=\"wp-block-list\">\n<li class=\"has-medium-font-size\">Identity document (RG, CRNM or CNH);<\/li>\n\n\n\n<li class=\"has-medium-font-size\">CPF or document with CPF number;<\/li>\n\n\n\n<li class=\"has-medium-font-size\">Recent 3\u00d74 photo, with a neutral background;<\/li>\n\n\n\n<li class=\"has-medium-font-size\">Academic transcript or declaration of completion of high school;<\/li>\n\n\n\n<li class=\"has-medium-font-size\">For EJA or Encceja students, completion or enrollment document.<\/li>\n<\/ul>\n\n\n\n<h3 class=\"wp-block-heading\">Technical Courses \u2013 Second Module and Remaining Places<\/h3>\n\n\n\n<p class=\"has-medium-font-size\">To enroll in the second module or remaining places, the required documents are:<\/p>\n\n\n\n<ul class=\"wp-block-list\">\n<li class=\"has-medium-font-size\">Identity document (RG, CRNM or CNH);<\/li>\n\n\n\n<li class=\"has-medium-font-size\">CPF or document with CPF number;<\/li>\n\n\n\n<li class=\"has-medium-font-size\">Recent 3\u00d74 photo;<\/li>\n\n\n\n<li class=\"has-medium-font-size\">Academic transcript with high school completion certificate;<\/li>\n\n\n\n<li class=\"has-medium-font-size\">For candidates via Enem (until 2016) or Encceja, presentation of the corresponding certificate.<\/li>\n<\/ul>\n\n\n\n<h3 class=\"wp-block-heading\">Intermediate Level Technical Specialization<\/h3>\n\n\n\n<p class=\"has-medium-font-size\">Candidates who opt for specialization courses must present:<\/p>\n\n\n\n<ul class=\"wp-block-list\">\n<li class=\"has-medium-font-size\">Identity document (RG, CRNM or CNH);<\/li>\n\n\n\n<li class=\"has-medium-font-size\">CPF or document with CPF number;<\/li>\n\n\n\n<li class=\"has-medium-font-size\">Recent 3\u00d74 photo;<\/li>\n\n\n\n<li class=\"has-medium-font-size\">Certificate of Completion of a Technical Course equivalent to the chosen course;<\/li>\n\n\n\n<li class=\"has-medium-font-size\">For the Online Project Management course, a higher education certificate is also accepted.<\/li>\n<\/ul>\n\n\n\n<h2 class=\"wp-block-heading\">Increased Point System<\/h2>\n\n\n\n<p class=\"has-medium-font-size\">Candidates who used this system must submit a detailed academic transcript, proving that they completed 5th through 8th grade or 6th through 9th grade in public schools. This will validate their eligibility for the position.<\/p>\n\n\n\n<h2 class=\"wp-block-heading\">Etec 2025 Second Call Calendar<\/h2>\n\n\n\n<ul class=\"wp-block-list\">\n<li class=\"has-medium-font-size\"><strong>January 30th and 31st:<\/strong> Submission of documents for enrollment. Therefore, candidates must pay attention to deadlines and ensure they submit the correct documentation to confirm their placement.<\/li>\n\n\n\n<li class=\"has-medium-font-size\"><strong>February 5th<\/strong>: Result of documentation analysis, by email;<\/li>\n\n\n\n<li class=\"has-medium-font-size\"><strong>February 5th and 6th<\/strong>: Period for appeals for rejected registrations;<\/li>\n\n\n\n<li class=\"has-medium-font-size\"><strong>February 7th<\/strong>: Result of appeals and third call (if there are vacancies);<\/li>\n\n\n\n<li class=\"has-medium-font-size\"><strong>February 8th<\/strong>: Submission of documentation for the third call;<\/li>\n\n\n\n<li class=\"has-medium-font-size\"><strong>February 10th<\/strong>: Result of the analysis of the third call and deadline for appeal;<\/li>\n\n\n\n<li class=\"has-medium-font-size\"><strong>February 11th<\/strong>: Publication of the results of the appeals and fourth call (if there are vacancies);<\/li>\n\n\n\n<li class=\"has-medium-font-size\"><strong>February 12th<\/strong>: Submission of documentation for the fourth call.<\/li>\n<\/ul>\n\n\n\n<h2 class=\"wp-block-heading\">How to Get More Information<\/h2>\n\n\n\n<p class=\"has-medium-font-size\">Questions can be clarified by calling (11) 3471-4071 (capital and Greater S\u00e3o Paulo) and 0800-772-2829 (other locations). Additionally, the official Etec website provides detailed information about the entire process, including deadlines, required documents, and next steps.<\/p>\n\n\n\n<h2 class=\"wp-block-heading\">Importance of Enrollment in the Second Call<\/h2>\n\n\n\n<p class=\"has-medium-font-size\">The second call is essential to ensure all vacancies are filled. This is because many candidates fail to register during the first call, which creates space for new applicants. Therefore, it&#039;s crucial to monitor deadlines and prepare documentation in advance.<\/p>\n\n\n\n<h2 class=\"wp-block-heading\">Benefits of Etecs Courses<\/h2>\n\n\n\n<p class=\"has-medium-font-size\">The courses offered by State Technical Schools (Etecs) are recognized for their quality and high employability rates. Furthermore, with technical training, students graduate prepared for the job market and can work in a variety of fields.<\/p>\n\n\n\n<h2 class=\"wp-block-heading\">Conclusion<\/h2>\n\n\n\n<p class=\"has-medium-font-size\">The second call for Etec 2025 is an excellent option for those wishing to enroll in technical courses. Therefore, it&#039;s crucial to be aware of deadlines and ensure all necessary documentation is completed. This way, candidates avoid missing out on the opportunity to study at a leading institution.<\/p>\n\n\n\n<hr class=\"wp-block-separator has-alpha-channel-opacity\"\/>\n\n\n\n<p class=\"has-medium-font-size\"><a href=\"https:\/\/www.vagadeempregorj.com.br\/en\/courses\/\">Complete Calendar for the Etec 2025 Entrance Exam.<\/a><\/p>","protected":false},"excerpt":{"rendered":"<p>A segunda chamada da Etec 2025 para matr\u00edculas nos cursos online acontece nesta quinta-feira (30). Portanto, os candidatos convocados devem apresentar a documenta\u00e7\u00e3o at\u00e9 sexta-feira (31). Al\u00e9m disso, todas as etapas do processo ocorrer\u00e3o por e-mail, incluindo o envio e a an\u00e1lise de documentos, recursos e novas chamadas, caso ainda restem vagas. Documentos Necess\u00e1rios para&hellip;&nbsp;<\/p>","protected":false},"author":1,"featured_media":42413,"comment_status":"closed","ping_status":"closed","sticky":false,"template":"","format":"standard","meta":{"neve_meta_sidebar":"","neve_meta_container":"","neve_meta_enable_content_width":"","neve_meta_content_width":0,"neve_meta_title_alignment":"","neve_meta_author_avatar":"","neve_post_elements_order":"","neve_meta_disable_header":"","neve_meta_disable_footer":"","neve_meta_disable_title":"","footnotes":""},"categories":[703],"tags":[1016,1017,1013,1015,1014],"class_list":["post-42412","post","type-post","status-publish","format-standard","has-post-thumbnail","hentry","category-informacao-tecnologica-e-curiosidades","tag-cursos-tecnicos","tag-documentacao-etec","tag-etec-2025","tag-matricula-etec","tag-segunda-chamada"],"yoast_head":"<!-- This site is optimized with the Yoast SEO plugin v27.5 - https:\/\/yoast.com\/product\/yoast-seo-wordpress\/ -->\n<title>Segunda Chamada Etec 2025: Documentos e Datas Importantes -<\/title>\n<meta name=\"description\" content=\"Confira os prazos e documentos para a segunda chamada Etec 2025. Garanta sua matr\u00edcula e n\u00e3o perca essa oportunidade!\" \/>\n<meta name=\"robots\" content=\"index, follow, max-snippet:-1, max-image-preview:large, max-video-preview:-1\" \/>\n<link rel=\"canonical\" href=\"https:\/\/www.vagadeempregorj.com.br\/en\/second-call-etec-2025-documents-dates\/\" \/>\n<meta property=\"og:locale\" content=\"en_US\" \/>\n<meta property=\"og:type\" content=\"article\" \/>\n<meta property=\"og:title\" content=\"Segunda Chamada Etec 2025: Documentos e Datas Importantes -\" \/>\n<meta property=\"og:description\" content=\"Confira os prazos e documentos para a segunda chamada Etec 2025. Garanta sua matr\u00edcula e n\u00e3o perca essa oportunidade!\" \/>\n<meta property=\"og:url\" content=\"https:\/\/www.vagadeempregorj.com.br\/en\/second-call-etec-2025-documents-dates\/\" \/>\n<meta property=\"article:publisher\" content=\"https:\/\/www.facebook.com\/empregobrasiloficial\" \/>\n<meta property=\"article:published_time\" content=\"2025-01-31T11:27:39+00:00\" \/>\n<meta property=\"article:modified_time\" content=\"2025-06-15T17:46:34+00:00\" \/>\n<meta property=\"og:image\" content=\"https:\/\/www.vagadeempregorj.com.br\/wp-content\/uploads\/2025\/01\/Segunda-chamada-Etec-2025.jpg\" \/>\n\t<meta property=\"og:image:width\" content=\"766\" \/>\n\t<meta property=\"og:image:height\" content=\"514\" \/>\n\t<meta property=\"og:image:type\" content=\"image\/jpeg\" \/>\n<meta name=\"author\" content=\"Ana B.\" \/>\n<meta name=\"twitter:card\" content=\"summary_large_image\" \/>\n<meta name=\"twitter:label1\" content=\"Written by\" \/>\n\t<meta name=\"twitter:data1\" content=\"Ana B.\" \/>\n\t<meta name=\"twitter:label2\" content=\"Est. reading time\" \/>\n\t<meta name=\"twitter:data2\" content=\"3 minutes\" \/>\n<script type=\"application\/ld+json\" class=\"yoast-schema-graph\">{\"@context\":\"https:\\\/\\\/schema.org\",\"@graph\":[{\"@type\":\"Article\",\"@id\":\"https:\\\/\\\/www.vagadeempregorj.com.br\\\/segunda-chamada-etec-2025-documentos-datas\\\/#article\",\"isPartOf\":{\"@id\":\"https:\\\/\\\/www.vagadeempregorj.com.br\\\/segunda-chamada-etec-2025-documentos-datas\\\/\"},\"author\":{\"name\":\"Ana B.\",\"@id\":\"https:\\\/\\\/www.vagadeempregorj.com.br\\\/#\\\/schema\\\/person\\\/c0c38d5d765e86c3b7c8f12fb1ae6477\"},\"headline\":\"Segunda Chamada Etec 2025: Documentos e Datas Importantes\",\"datePublished\":\"2025-01-31T11:27:39+00:00\",\"dateModified\":\"2025-06-15T17:46:34+00:00\",\"mainEntityOfPage\":{\"@id\":\"https:\\\/\\\/www.vagadeempregorj.com.br\\\/segunda-chamada-etec-2025-documentos-datas\\\/\"},\"wordCount\":656,\"image\":{\"@id\":\"https:\\\/\\\/www.vagadeempregorj.com.br\\\/segunda-chamada-etec-2025-documentos-datas\\\/#primaryimage\"},\"thumbnailUrl\":\"https:\\\/\\\/www.vagadeempregorj.com.br\\\/wp-content\\\/uploads\\\/2025\\\/01\\\/Segunda-chamada-Etec-2025.jpg\",\"keywords\":[\"cursos t\u00e9cnicos\",\"documenta\u00e7\u00e3o Etec\",\"Etec 2025\",\"matr\u00edcula Etec\",\"segunda chamada\"],\"articleSection\":[\"Informa\u00e7\u00e3o Tecnol\u00f3gica, Curiosidades e Cursos\"],\"inLanguage\":\"en-US\"},{\"@type\":\"WebPage\",\"@id\":\"https:\\\/\\\/www.vagadeempregorj.com.br\\\/segunda-chamada-etec-2025-documentos-datas\\\/\",\"url\":\"https:\\\/\\\/www.vagadeempregorj.com.br\\\/segunda-chamada-etec-2025-documentos-datas\\\/\",\"name\":\"Segunda Chamada Etec 2025: Documentos e Datas Importantes -\",\"isPartOf\":{\"@id\":\"https:\\\/\\\/www.vagadeempregorj.com.br\\\/#website\"},\"primaryImageOfPage\":{\"@id\":\"https:\\\/\\\/www.vagadeempregorj.com.br\\\/segunda-chamada-etec-2025-documentos-datas\\\/#primaryimage\"},\"image\":{\"@id\":\"https:\\\/\\\/www.vagadeempregorj.com.br\\\/segunda-chamada-etec-2025-documentos-datas\\\/#primaryimage\"},\"thumbnailUrl\":\"https:\\\/\\\/www.vagadeempregorj.com.br\\\/wp-content\\\/uploads\\\/2025\\\/01\\\/Segunda-chamada-Etec-2025.jpg\",\"datePublished\":\"2025-01-31T11:27:39+00:00\",\"dateModified\":\"2025-06-15T17:46:34+00:00\",\"author\":{\"@id\":\"https:\\\/\\\/www.vagadeempregorj.com.br\\\/#\\\/schema\\\/person\\\/c0c38d5d765e86c3b7c8f12fb1ae6477\"},\"description\":\"Confira os prazos e documentos para a segunda chamada Etec 2025. Garanta sua matr\u00edcula e n\u00e3o perca essa oportunidade!\",\"breadcrumb\":{\"@id\":\"https:\\\/\\\/www.vagadeempregorj.com.br\\\/segunda-chamada-etec-2025-documentos-datas\\\/#breadcrumb\"},\"inLanguage\":\"en-US\",\"potentialAction\":[{\"@type\":\"ReadAction\",\"target\":[\"https:\\\/\\\/www.vagadeempregorj.com.br\\\/segunda-chamada-etec-2025-documentos-datas\\\/\"]}]},{\"@type\":\"ImageObject\",\"inLanguage\":\"en-US\",\"@id\":\"https:\\\/\\\/www.vagadeempregorj.com.br\\\/segunda-chamada-etec-2025-documentos-datas\\\/#primaryimage\",\"url\":\"https:\\\/\\\/www.vagadeempregorj.com.br\\\/wp-content\\\/uploads\\\/2025\\\/01\\\/Segunda-chamada-Etec-2025.jpg\",\"contentUrl\":\"https:\\\/\\\/www.vagadeempregorj.com.br\\\/wp-content\\\/uploads\\\/2025\\\/01\\\/Segunda-chamada-Etec-2025.jpg\",\"width\":766,\"height\":514,\"caption\":\"Segunda chamada Etec 2025\"},{\"@type\":\"BreadcrumbList\",\"@id\":\"https:\\\/\\\/www.vagadeempregorj.com.br\\\/segunda-chamada-etec-2025-documentos-datas\\\/#breadcrumb\",\"itemListElement\":[{\"@type\":\"ListItem\",\"position\":1,\"name\":\"In\u00edcio\",\"item\":\"https:\\\/\\\/www.vagadeempregorj.com.br\\\/\"},{\"@type\":\"ListItem\",\"position\":2,\"name\":\"Segunda Chamada Etec 2025: Documentos e Datas Importantes\"}]},{\"@type\":\"WebSite\",\"@id\":\"https:\\\/\\\/www.vagadeempregorj.com.br\\\/#website\",\"url\":\"https:\\\/\\\/www.vagadeempregorj.com.br\\\/\",\"name\":\"\",\"description\":\"Conquiste Sonhos: Vagas, Benef\u00edcios e Economia para Transformar Vidas e Alcan\u00e7ar Melhorias Cotidianas\",\"potentialAction\":[{\"@type\":\"SearchAction\",\"target\":{\"@type\":\"EntryPoint\",\"urlTemplate\":\"https:\\\/\\\/www.vagadeempregorj.com.br\\\/?s={search_term_string}\"},\"query-input\":{\"@type\":\"PropertyValueSpecification\",\"valueRequired\":true,\"valueName\":\"search_term_string\"}}],\"inLanguage\":\"en-US\"},{\"@type\":\"Person\",\"@id\":\"https:\\\/\\\/www.vagadeempregorj.com.br\\\/#\\\/schema\\\/person\\\/c0c38d5d765e86c3b7c8f12fb1ae6477\",\"name\":\"Ana B.\",\"image\":{\"@type\":\"ImageObject\",\"inLanguage\":\"en-US\",\"@id\":\"https:\\\/\\\/secure.gravatar.com\\\/avatar\\\/f5efa58599e07f8dd92f26c7cfbc442fd115582bc681245452e503c2ef2334f3?s=96&r=g\",\"url\":\"https:\\\/\\\/secure.gravatar.com\\\/avatar\\\/f5efa58599e07f8dd92f26c7cfbc442fd115582bc681245452e503c2ef2334f3?s=96&r=g\",\"contentUrl\":\"https:\\\/\\\/secure.gravatar.com\\\/avatar\\\/f5efa58599e07f8dd92f26c7cfbc442fd115582bc681245452e503c2ef2334f3?s=96&r=g\",\"caption\":\"Ana B.\"},\"description\":\"Meu nome \u00e9 Ana e sou apaixonada em escrever. Dedico meu tempo escrevendo not\u00edcias e vagas de emprego diariamente no portal Vaga de Emprego RJ.\",\"url\":\"https:\\\/\\\/www.vagadeempregorj.com.br\\\/en\\\/author\\\/vgrj\\\/\"}]}<\/script>\n<!-- \/ Yoast SEO plugin. -->","yoast_head_json":{"title":"Second Call for Etec 2025: Important Documents and Dates -","description":"Check the deadlines and documents for the second call for Etec 2025. Secure your enrollment and don&#039;t miss this opportunity!","robots":{"index":"index","follow":"follow","max-snippet":"max-snippet:-1","max-image-preview":"max-image-preview:large","max-video-preview":"max-video-preview:-1"},"canonical":"https:\/\/www.vagadeempregorj.com.br\/en\/second-call-etec-2025-documents-dates\/","og_locale":"en_US","og_type":"article","og_title":"Segunda Chamada Etec 2025: Documentos e Datas Importantes -","og_description":"Confira os prazos e documentos para a segunda chamada Etec 2025. Garanta sua matr\u00edcula e n\u00e3o perca essa oportunidade!","og_url":"https:\/\/www.vagadeempregorj.com.br\/en\/second-call-etec-2025-documents-dates\/","article_publisher":"https:\/\/www.facebook.com\/empregobrasiloficial","article_published_time":"2025-01-31T11:27:39+00:00","article_modified_time":"2025-06-15T17:46:34+00:00","og_image":[{"width":766,"height":514,"url":"https:\/\/www.vagadeempregorj.com.br\/wp-content\/uploads\/2025\/01\/Segunda-chamada-Etec-2025.jpg","type":"image\/jpeg"}],"author":"Ana B.","twitter_card":"summary_large_image","twitter_misc":{"Written by":"Ana B.","Est. reading time":"3 minutes"},"schema":{"@context":"https:\/\/schema.org","@graph":[{"@type":"Article","@id":"https:\/\/www.vagadeempregorj.com.br\/segunda-chamada-etec-2025-documentos-datas\/#article","isPartOf":{"@id":"https:\/\/www.vagadeempregorj.com.br\/segunda-chamada-etec-2025-documentos-datas\/"},"author":{"name":"Ana B.","@id":"https:\/\/www.vagadeempregorj.com.br\/#\/schema\/person\/c0c38d5d765e86c3b7c8f12fb1ae6477"},"headline":"Segunda Chamada Etec 2025: Documentos e Datas Importantes","datePublished":"2025-01-31T11:27:39+00:00","dateModified":"2025-06-15T17:46:34+00:00","mainEntityOfPage":{"@id":"https:\/\/www.vagadeempregorj.com.br\/segunda-chamada-etec-2025-documentos-datas\/"},"wordCount":656,"image":{"@id":"https:\/\/www.vagadeempregorj.com.br\/segunda-chamada-etec-2025-documentos-datas\/#primaryimage"},"thumbnailUrl":"https:\/\/www.vagadeempregorj.com.br\/wp-content\/uploads\/2025\/01\/Segunda-chamada-Etec-2025.jpg","keywords":["cursos t\u00e9cnicos","documenta\u00e7\u00e3o Etec","Etec 2025","matr\u00edcula Etec","segunda chamada"],"articleSection":["Informa\u00e7\u00e3o Tecnol\u00f3gica, Curiosidades e Cursos"],"inLanguage":"en-US"},{"@type":"WebPage","@id":"https:\/\/www.vagadeempregorj.com.br\/segunda-chamada-etec-2025-documentos-datas\/","url":"https:\/\/www.vagadeempregorj.com.br\/segunda-chamada-etec-2025-documentos-datas\/","name":"Second Call for Etec 2025: Important Documents and Dates -","isPartOf":{"@id":"https:\/\/www.vagadeempregorj.com.br\/#website"},"primaryImageOfPage":{"@id":"https:\/\/www.vagadeempregorj.com.br\/segunda-chamada-etec-2025-documentos-datas\/#primaryimage"},"image":{"@id":"https:\/\/www.vagadeempregorj.com.br\/segunda-chamada-etec-2025-documentos-datas\/#primaryimage"},"thumbnailUrl":"https:\/\/www.vagadeempregorj.com.br\/wp-content\/uploads\/2025\/01\/Segunda-chamada-Etec-2025.jpg","datePublished":"2025-01-31T11:27:39+00:00","dateModified":"2025-06-15T17:46:34+00:00","author":{"@id":"https:\/\/www.vagadeempregorj.com.br\/#\/schema\/person\/c0c38d5d765e86c3b7c8f12fb1ae6477"},"description":"Check the deadlines and documents for the second call for Etec 2025. Secure your enrollment and don&#039;t miss this opportunity!","breadcrumb":{"@id":"https:\/\/www.vagadeempregorj.com.br\/segunda-chamada-etec-2025-documentos-datas\/#breadcrumb"},"inLanguage":"en-US","potentialAction":[{"@type":"ReadAction","target":["https:\/\/www.vagadeempregorj.com.br\/segunda-chamada-etec-2025-documentos-datas\/"]}]},{"@type":"ImageObject","inLanguage":"en-US","@id":"https:\/\/www.vagadeempregorj.com.br\/segunda-chamada-etec-2025-documentos-datas\/#primaryimage","url":"https:\/\/www.vagadeempregorj.com.br\/wp-content\/uploads\/2025\/01\/Segunda-chamada-Etec-2025.jpg","contentUrl":"https:\/\/www.vagadeempregorj.com.br\/wp-content\/uploads\/2025\/01\/Segunda-chamada-Etec-2025.jpg","width":766,"height":514,"caption":"Segunda chamada Etec 2025"},{"@type":"BreadcrumbList","@id":"https:\/\/www.vagadeempregorj.com.br\/segunda-chamada-etec-2025-documentos-datas\/#breadcrumb","itemListElement":[{"@type":"ListItem","position":1,"name":"In\u00edcio","item":"https:\/\/www.vagadeempregorj.com.br\/"},{"@type":"ListItem","position":2,"name":"Segunda Chamada Etec 2025: Documentos e Datas Importantes"}]},{"@type":"WebSite","@id":"https:\/\/www.vagadeempregorj.com.br\/#website","url":"https:\/\/www.vagadeempregorj.com.br\/","name":"","description":"Achieve Dreams: Jobs, Benefits, and Savings to Transform Lives and Achieve Everyday Improvements","potentialAction":[{"@type":"SearchAction","target":{"@type":"EntryPoint","urlTemplate":"https:\/\/www.vagadeempregorj.com.br\/?s={search_term_string}"},"query-input":{"@type":"PropertyValueSpecification","valueRequired":true,"valueName":"search_term_string"}}],"inLanguage":"en-US"},{"@type":"Person","@id":"https:\/\/www.vagadeempregorj.com.br\/#\/schema\/person\/c0c38d5d765e86c3b7c8f12fb1ae6477","name":"Ana B.","image":{"@type":"ImageObject","inLanguage":"en-US","@id":"https:\/\/secure.gravatar.com\/avatar\/f5efa58599e07f8dd92f26c7cfbc442fd115582bc681245452e503c2ef2334f3?s=96&r=g","url":"https:\/\/secure.gravatar.com\/avatar\/f5efa58599e07f8dd92f26c7cfbc442fd115582bc681245452e503c2ef2334f3?s=96&r=g","contentUrl":"https:\/\/secure.gravatar.com\/avatar\/f5efa58599e07f8dd92f26c7cfbc442fd115582bc681245452e503c2ef2334f3?s=96&r=g","caption":"Ana B."},"description":"My name is Ana, and I&#039;m passionate about writing. I dedicate my time to posting news and job openings daily on the Vaga de Emprego RJ portal.","url":"https:\/\/www.vagadeempregorj.com.br\/en\/author\/vgrj\/"}]}},"_links":{"self":[{"href":"https:\/\/www.vagadeempregorj.com.br\/en\/wp-json\/wp\/v2\/posts\/42412","targetHints":{"allow":["GET"]}}],"collection":[{"href":"https:\/\/www.vagadeempregorj.com.br\/en\/wp-json\/wp\/v2\/posts"}],"about":[{"href":"https:\/\/www.vagadeempregorj.com.br\/en\/wp-json\/wp\/v2\/types\/post"}],"author":[{"embeddable":true,"href":"https:\/\/www.vagadeempregorj.com.br\/en\/wp-json\/wp\/v2\/users\/1"}],"replies":[{"embeddable":true,"href":"https:\/\/www.vagadeempregorj.com.br\/en\/wp-json\/wp\/v2\/comments?post=42412"}],"version-history":[{"count":1,"href":"https:\/\/www.vagadeempregorj.com.br\/en\/wp-json\/wp\/v2\/posts\/42412\/revisions"}],"predecessor-version":[{"id":43605,"href":"https:\/\/www.vagadeempregorj.com.br\/en\/wp-json\/wp\/v2\/posts\/42412\/revisions\/43605"}],"wp:featuredmedia":[{"embeddable":true,"href":"https:\/\/www.vagadeempregorj.com.br\/en\/wp-json\/wp\/v2\/media\/42413"}],"wp:attachment":[{"href":"https:\/\/www.vagadeempregorj.com.br\/en\/wp-json\/wp\/v2\/media?parent=42412"}],"wp:term":[{"taxonomy":"category","embeddable":true,"href":"https:\/\/www.vagadeempregorj.com.br\/en\/wp-json\/wp\/v2\/categories?post=42412"},{"taxonomy":"post_tag","embeddable":true,"href":"https:\/\/www.vagadeempregorj.com.br\/en\/wp-json\/wp\/v2\/tags?post=42412"}],"curies":[{"name":"wp","href":"https:\/\/api.w.org\/{rel}","templated":true}]}}