{"id":42447,"date":"2025-02-06T09:21:07","date_gmt":"2025-02-06T12:21:07","guid":{"rendered":"https:\/\/www.vagadeempregorj.com.br\/?p=42447"},"modified":"2025-02-06T09:21:08","modified_gmt":"2025-02-06T12:21:08","slug":"legal-internship-vacancy-free-sound","status":"publish","type":"post","link":"https:\/\/www.vagadeempregorj.com.br\/en\/vaga-estagio-juridico-som-livre\/","title":{"rendered":"Legal Internship at Som Livre: Benefits and Registration"},"content":{"rendered":"<p class=\"has-medium-font-size\">Som Livre has a <strong>Legal Internship vacancy<\/strong> Open. Selected candidates will enjoy a dynamic environment, continuous learning, and a variety of benefits, including a stipend, transportation vouchers, health insurance, and life insurance. See below for details on the selection process and how to apply.<\/p>\n\n\n\n<h2 class=\"wp-block-heading\">Som Livre Selection Process<\/h2>\n\n\n\n<p class=\"has-medium-font-size\">The selection process of <strong>Legal Internship vacancy at Som Livre<\/strong> follows well-structured steps. First, interested parties must register online, filling out all the information correctly and attaching an updated resume.<\/p>\n\n\n\n<p class=\"has-medium-font-size\">After this phase, the Human Resources team reviews the resumes to select the profiles most closely aligned with the position. Those approved will then be invited for interviews, where both technical and behavioral skills will be assessed. Furthermore, the process may include specific or practical tests, ensuring a more accurate selection process.<\/p>\n\n\n\n<p class=\"has-medium-font-size\">Additionally, candidates will participate in a group dynamic, where their interaction and problem-solving skills will be assessed. Finally, successful candidates will be informed of the next steps and the necessary documentation for hiring.<\/p>\n\n\n\n<h2 class=\"wp-block-heading\">Legal Internship Vacancy Details<\/h2>\n\n\n\n<p class=\"has-medium-font-size\">The opportunity is to work in a hybrid model, based in Rio de Janeiro, RJ. Responsibilities include:<\/p>\n\n\n\n<ul class=\"wp-block-list\">\n<li class=\"has-medium-font-size\">Drafting and analysis of contracts;<\/li>\n\n\n\n<li class=\"has-medium-font-size\">Handling of global systems for document management;<\/li>\n\n\n\n<li class=\"has-medium-font-size\">Support in the construction of evidence for legal proceedings;<\/li>\n\n\n\n<li class=\"has-medium-font-size\">Support to the legal department in daily demands;<\/li>\n\n\n\n<li class=\"has-medium-font-size\">Interaction with different areas of the company to align with legal standards;<\/li>\n\n\n\n<li class=\"has-medium-font-size\">Monitoring processes and organizing legal files;<\/li>\n\n\n\n<li class=\"has-medium-font-size\">Participation in meetings to discuss legal strategies.<\/li>\n<\/ul>\n\n\n\n<h2 class=\"wp-block-heading\">About Som Livre<\/h2>\n\n\n\n<p class=\"has-medium-font-size\">Som Livre is part of the Sony Music Group and is one of the largest record labels in Brazil. In addition to having a strong presence in the music market, the company also works in music production and copyright management for major artists. As such, its dynamic and innovative environment provides diverse opportunities for learning and professional growth.<\/p>\n\n\n\n<p class=\"has-medium-font-size\">With a history of releasing major hits and investing in new talent, Som Livre has established itself as a benchmark in the music industry. Furthermore, working at the company provides direct exposure to the world of music and copyright management, providing learning and professional development.<\/p>\n\n\n\n<h2 class=\"wp-block-heading\">Job Requirements<\/h2>\n\n\n\n<p class=\"has-medium-font-size\">To compete for <strong>Legal Internship vacancy at Som Livre<\/strong>, the candidate must:<\/p>\n\n\n\n<ul class=\"wp-block-list\">\n<li class=\"has-medium-font-size\">Be studying Law from the 4th period onwards;<\/li>\n\n\n\n<li class=\"has-medium-font-size\">Have good analytical skills and attention to detail;<\/li>\n\n\n\n<li class=\"has-medium-font-size\">Possess efficient verbal and written communication;<\/li>\n\n\n\n<li class=\"has-medium-font-size\">Demonstrate interest in Copyright, the Recording Market and Contracts;<\/li>\n\n\n\n<li class=\"has-medium-font-size\">Have intermediate knowledge of Office Package;<\/li>\n\n\n\n<li class=\"has-medium-font-size\">Knowledge of English will be a plus.<\/li>\n<\/ul>\n\n\n\n<h2 class=\"wp-block-heading\">Job Benefits<\/h2>\n\n\n\n<p class=\"has-medium-font-size\">Selected interns will have the following benefits:<\/p>\n\n\n\n<ul class=\"wp-block-list\">\n<li class=\"has-medium-font-size\">Market-compatible aid grant;<\/li>\n\n\n\n<li class=\"has-medium-font-size\">Transportation voucher;<\/li>\n\n\n\n<li class=\"has-medium-font-size\">Food assistance;<\/li>\n\n\n\n<li class=\"has-medium-font-size\">Health plan;<\/li>\n\n\n\n<li class=\"has-medium-font-size\">Life insurance;<\/li>\n\n\n\n<li class=\"has-medium-font-size\">Learning opportunity in a large company;<\/li>\n\n\n\n<li class=\"has-medium-font-size\">Possibility of becoming permanent at the end of the internship.<\/li>\n<\/ul>\n\n\n\n<h2 class=\"wp-block-heading\">How to Apply<\/h2>\n\n\n\n<p class=\"has-medium-font-size\">Interested parties must access the official Som Livre website and register by April 1, 2025. In addition, it is essential to attach an updated resume and fill out all information correctly to ensure participation in the selection process.<\/p>\n\n\n\n<p class=\"has-medium-font-size\">After registering, candidates are advised to monitor their emails, as the company will contact them to schedule the next steps of the selection process.<\/p>\n\n\n\n<h2 class=\"wp-block-heading\">Conclusion<\/h2>\n\n\n\n<p class=\"has-medium-font-size\">The Legal Internship at Som Livre is an excellent opportunity for law students looking to gain experience in a dynamic and innovative environment. Furthermore, the selection process is structured, ensuring greater transparency and organization. Furthermore, the benefits are attractive, making this an interesting opportunity for those seeking professional growth at one of Brazil&#039;s largest record labels.<\/p>\n\n\n\n<p class=\"has-medium-font-size\">Take advantage of this opportunity and sign up!<\/p>\n\n\n\n<hr class=\"wp-block-separator has-alpha-channel-opacity\"\/>\n\n\n\n<p class=\"has-medium-font-size\"><a href=\"https:\/\/www.vagadeempregorj.com.br\/en\/national-job-vacancies\/\">If you want to learn about other opportunities in the legal field, also check out our article on <strong>How to get an internship in Law and stand out in the market<\/strong>.<\/a><\/p>","protected":false},"excerpt":{"rendered":"<p>A Som Livre est\u00e1 com uma vaga de Est\u00e1gio Jur\u00eddico aberta. Os candidatos selecionados contar\u00e3o com um ambiente din\u00e2mico, aprendizado cont\u00ednuo e diversos benef\u00edcios, como bolsa aux\u00edlio, vale-transporte, plano de sa\u00fade e seguro de vida. Veja abaixo os detalhes do processo seletivo e como se inscrever. Processo Seletivo Som Livre O processo seletivo da vaga&hellip;&nbsp;<\/p>","protected":false},"author":1,"featured_media":42450,"comment_status":"closed","ping_status":"closed","sticky":false,"template":"","format":"standard","meta":{"neve_meta_sidebar":"","neve_meta_container":"","neve_meta_enable_content_width":"","neve_meta_content_width":0,"neve_meta_title_alignment":"","neve_meta_author_avatar":"","neve_post_elements_order":"","neve_meta_disable_header":"","neve_meta_disable_footer":"","neve_meta_disable_title":"","footnotes":""},"categories":[123],"tags":[919,1028,1030,863,1029],"class_list":["post-42447","post","type-post","status-publish","format-standard","has-post-thumbnail","hentry","category-vagas-de-emprego-nacionais","tag-beneficios","tag-estagio-juridico","tag-inscricao","tag-processo-seletivo","tag-som-livre"],"yoast_head":"<!-- This site is optimized with the Yoast SEO plugin v27.5 - https:\/\/yoast.com\/product\/yoast-seo-wordpress\/ -->\n<title>Vaga de Est\u00e1gio Jur\u00eddico na Som Livre: Benef\u00edcios e Inscri\u00e7\u00e3o -<\/title>\n<meta name=\"description\" content=\"Som Livre oferece vaga de Est\u00e1gio Jur\u00eddico com bolsa e benef\u00edcios. Inscreva-se e participe do processo seletivo!\" \/>\n<meta name=\"robots\" content=\"index, follow, max-snippet:-1, max-image-preview:large, max-video-preview:-1\" \/>\n<link rel=\"canonical\" href=\"https:\/\/www.vagadeempregorj.com.br\/en\/legal-internship-vacancy-free-sound\/\" \/>\n<meta property=\"og:locale\" content=\"en_US\" \/>\n<meta property=\"og:type\" content=\"article\" \/>\n<meta property=\"og:title\" content=\"Vaga de Est\u00e1gio Jur\u00eddico na Som Livre: Benef\u00edcios e Inscri\u00e7\u00e3o -\" \/>\n<meta property=\"og:description\" content=\"Som Livre oferece vaga de Est\u00e1gio Jur\u00eddico com bolsa e benef\u00edcios. Inscreva-se e participe do processo seletivo!\" \/>\n<meta property=\"og:url\" content=\"https:\/\/www.vagadeempregorj.com.br\/en\/legal-internship-vacancy-free-sound\/\" \/>\n<meta property=\"article:publisher\" content=\"https:\/\/www.facebook.com\/empregobrasiloficial\" \/>\n<meta property=\"article:published_time\" content=\"2025-02-06T12:21:07+00:00\" \/>\n<meta property=\"article:modified_time\" content=\"2025-02-06T12:21:08+00:00\" \/>\n<meta property=\"og:image\" content=\"https:\/\/www.vagadeempregorj.com.br\/wp-content\/uploads\/2025\/02\/Vaga-de-Estagio-Juridico-na-Som-Livre.webp\" \/>\n\t<meta property=\"og:image:width\" content=\"1280\" \/>\n\t<meta property=\"og:image:height\" content=\"720\" \/>\n\t<meta property=\"og:image:type\" content=\"image\/webp\" \/>\n<meta name=\"author\" content=\"Ana B.\" \/>\n<meta name=\"twitter:card\" content=\"summary_large_image\" \/>\n<meta name=\"twitter:label1\" content=\"Written by\" \/>\n\t<meta name=\"twitter:data1\" content=\"Ana B.\" \/>\n\t<meta name=\"twitter:label2\" content=\"Est. reading time\" \/>\n\t<meta name=\"twitter:data2\" content=\"4 minutes\" \/>\n<script type=\"application\/ld+json\" class=\"yoast-schema-graph\">{\"@context\":\"https:\\\/\\\/schema.org\",\"@graph\":[{\"@type\":\"Article\",\"@id\":\"https:\\\/\\\/www.vagadeempregorj.com.br\\\/vaga-estagio-juridico-som-livre\\\/#article\",\"isPartOf\":{\"@id\":\"https:\\\/\\\/www.vagadeempregorj.com.br\\\/vaga-estagio-juridico-som-livre\\\/\"},\"author\":{\"name\":\"Ana B.\",\"@id\":\"https:\\\/\\\/www.vagadeempregorj.com.br\\\/#\\\/schema\\\/person\\\/c0c38d5d765e86c3b7c8f12fb1ae6477\"},\"headline\":\"Vaga de Est\u00e1gio Jur\u00eddico na Som Livre: Benef\u00edcios e Inscri\u00e7\u00e3o\",\"datePublished\":\"2025-02-06T12:21:07+00:00\",\"dateModified\":\"2025-02-06T12:21:08+00:00\",\"mainEntityOfPage\":{\"@id\":\"https:\\\/\\\/www.vagadeempregorj.com.br\\\/vaga-estagio-juridico-som-livre\\\/\"},\"wordCount\":735,\"image\":{\"@id\":\"https:\\\/\\\/www.vagadeempregorj.com.br\\\/vaga-estagio-juridico-som-livre\\\/#primaryimage\"},\"thumbnailUrl\":\"https:\\\/\\\/www.vagadeempregorj.com.br\\\/wp-content\\\/uploads\\\/2025\\\/02\\\/Vaga-de-Estagio-Juridico-na-Som-Livre.webp\",\"keywords\":[\"benef\u00edcios\",\"est\u00e1gio jur\u00eddico\",\"inscri\u00e7\u00e3o\",\"processo seletivo\",\"Som Livre\"],\"articleSection\":[\"Vagas de Emprego Nacionais\"],\"inLanguage\":\"en-US\"},{\"@type\":\"WebPage\",\"@id\":\"https:\\\/\\\/www.vagadeempregorj.com.br\\\/vaga-estagio-juridico-som-livre\\\/\",\"url\":\"https:\\\/\\\/www.vagadeempregorj.com.br\\\/vaga-estagio-juridico-som-livre\\\/\",\"name\":\"Vaga de Est\u00e1gio Jur\u00eddico na Som Livre: Benef\u00edcios e Inscri\u00e7\u00e3o -\",\"isPartOf\":{\"@id\":\"https:\\\/\\\/www.vagadeempregorj.com.br\\\/#website\"},\"primaryImageOfPage\":{\"@id\":\"https:\\\/\\\/www.vagadeempregorj.com.br\\\/vaga-estagio-juridico-som-livre\\\/#primaryimage\"},\"image\":{\"@id\":\"https:\\\/\\\/www.vagadeempregorj.com.br\\\/vaga-estagio-juridico-som-livre\\\/#primaryimage\"},\"thumbnailUrl\":\"https:\\\/\\\/www.vagadeempregorj.com.br\\\/wp-content\\\/uploads\\\/2025\\\/02\\\/Vaga-de-Estagio-Juridico-na-Som-Livre.webp\",\"datePublished\":\"2025-02-06T12:21:07+00:00\",\"dateModified\":\"2025-02-06T12:21:08+00:00\",\"author\":{\"@id\":\"https:\\\/\\\/www.vagadeempregorj.com.br\\\/#\\\/schema\\\/person\\\/c0c38d5d765e86c3b7c8f12fb1ae6477\"},\"description\":\"Som Livre oferece vaga de Est\u00e1gio Jur\u00eddico com bolsa e benef\u00edcios. Inscreva-se e participe do processo seletivo!\",\"breadcrumb\":{\"@id\":\"https:\\\/\\\/www.vagadeempregorj.com.br\\\/vaga-estagio-juridico-som-livre\\\/#breadcrumb\"},\"inLanguage\":\"en-US\",\"potentialAction\":[{\"@type\":\"ReadAction\",\"target\":[\"https:\\\/\\\/www.vagadeempregorj.com.br\\\/vaga-estagio-juridico-som-livre\\\/\"]}]},{\"@type\":\"ImageObject\",\"inLanguage\":\"en-US\",\"@id\":\"https:\\\/\\\/www.vagadeempregorj.com.br\\\/vaga-estagio-juridico-som-livre\\\/#primaryimage\",\"url\":\"https:\\\/\\\/www.vagadeempregorj.com.br\\\/wp-content\\\/uploads\\\/2025\\\/02\\\/Vaga-de-Estagio-Juridico-na-Som-Livre.webp\",\"contentUrl\":\"https:\\\/\\\/www.vagadeempregorj.com.br\\\/wp-content\\\/uploads\\\/2025\\\/02\\\/Vaga-de-Estagio-Juridico-na-Som-Livre.webp\",\"width\":1280,\"height\":720,\"caption\":\"Vaga de Est\u00e1gio Jur\u00eddico na Som Livre\"},{\"@type\":\"BreadcrumbList\",\"@id\":\"https:\\\/\\\/www.vagadeempregorj.com.br\\\/vaga-estagio-juridico-som-livre\\\/#breadcrumb\",\"itemListElement\":[{\"@type\":\"ListItem\",\"position\":1,\"name\":\"In\u00edcio\",\"item\":\"https:\\\/\\\/www.vagadeempregorj.com.br\\\/\"},{\"@type\":\"ListItem\",\"position\":2,\"name\":\"Vagas de Emprego Nacionais\",\"item\":\"https:\\\/\\\/www.vagadeempregorj.com.br\\\/vagas-de-emprego-nacionais\\\/\"},{\"@type\":\"ListItem\",\"position\":3,\"name\":\"Vaga de Est\u00e1gio Jur\u00eddico na Som Livre: Benef\u00edcios e Inscri\u00e7\u00e3o\"}]},{\"@type\":\"WebSite\",\"@id\":\"https:\\\/\\\/www.vagadeempregorj.com.br\\\/#website\",\"url\":\"https:\\\/\\\/www.vagadeempregorj.com.br\\\/\",\"name\":\"\",\"description\":\"Conquiste Sonhos: Vagas, Benef\u00edcios e Economia para Transformar Vidas e Alcan\u00e7ar Melhorias Cotidianas\",\"potentialAction\":[{\"@type\":\"SearchAction\",\"target\":{\"@type\":\"EntryPoint\",\"urlTemplate\":\"https:\\\/\\\/www.vagadeempregorj.com.br\\\/?s={search_term_string}\"},\"query-input\":{\"@type\":\"PropertyValueSpecification\",\"valueRequired\":true,\"valueName\":\"search_term_string\"}}],\"inLanguage\":\"en-US\"},{\"@type\":\"Person\",\"@id\":\"https:\\\/\\\/www.vagadeempregorj.com.br\\\/#\\\/schema\\\/person\\\/c0c38d5d765e86c3b7c8f12fb1ae6477\",\"name\":\"Ana B.\",\"image\":{\"@type\":\"ImageObject\",\"inLanguage\":\"en-US\",\"@id\":\"https:\\\/\\\/secure.gravatar.com\\\/avatar\\\/f5efa58599e07f8dd92f26c7cfbc442fd115582bc681245452e503c2ef2334f3?s=96&r=g\",\"url\":\"https:\\\/\\\/secure.gravatar.com\\\/avatar\\\/f5efa58599e07f8dd92f26c7cfbc442fd115582bc681245452e503c2ef2334f3?s=96&r=g\",\"contentUrl\":\"https:\\\/\\\/secure.gravatar.com\\\/avatar\\\/f5efa58599e07f8dd92f26c7cfbc442fd115582bc681245452e503c2ef2334f3?s=96&r=g\",\"caption\":\"Ana B.\"},\"description\":\"Meu nome \u00e9 Ana e sou apaixonada em escrever. Dedico meu tempo escrevendo not\u00edcias e vagas de emprego diariamente no portal Vaga de Emprego RJ.\",\"url\":\"https:\\\/\\\/www.vagadeempregorj.com.br\\\/en\\\/author\\\/vgrj\\\/\"}]}<\/script>\n<!-- \/ Yoast SEO plugin. -->","yoast_head_json":{"title":"Legal Internship Opportunity at Som Livre: Benefits and Application -","description":"Som Livre is offering a legal internship with a scholarship and benefits. Apply and participate in the selection process!","robots":{"index":"index","follow":"follow","max-snippet":"max-snippet:-1","max-image-preview":"max-image-preview:large","max-video-preview":"max-video-preview:-1"},"canonical":"https:\/\/www.vagadeempregorj.com.br\/en\/legal-internship-vacancy-free-sound\/","og_locale":"en_US","og_type":"article","og_title":"Vaga de Est\u00e1gio Jur\u00eddico na Som Livre: Benef\u00edcios e Inscri\u00e7\u00e3o -","og_description":"Som Livre oferece vaga de Est\u00e1gio Jur\u00eddico com bolsa e benef\u00edcios. Inscreva-se e participe do processo seletivo!","og_url":"https:\/\/www.vagadeempregorj.com.br\/en\/legal-internship-vacancy-free-sound\/","article_publisher":"https:\/\/www.facebook.com\/empregobrasiloficial","article_published_time":"2025-02-06T12:21:07+00:00","article_modified_time":"2025-02-06T12:21:08+00:00","og_image":[{"width":1280,"height":720,"url":"https:\/\/www.vagadeempregorj.com.br\/wp-content\/uploads\/2025\/02\/Vaga-de-Estagio-Juridico-na-Som-Livre.webp","type":"image\/webp"}],"author":"Ana B.","twitter_card":"summary_large_image","twitter_misc":{"Written by":"Ana B.","Est. reading time":"4 minutes"},"schema":{"@context":"https:\/\/schema.org","@graph":[{"@type":"Article","@id":"https:\/\/www.vagadeempregorj.com.br\/vaga-estagio-juridico-som-livre\/#article","isPartOf":{"@id":"https:\/\/www.vagadeempregorj.com.br\/vaga-estagio-juridico-som-livre\/"},"author":{"name":"Ana B.","@id":"https:\/\/www.vagadeempregorj.com.br\/#\/schema\/person\/c0c38d5d765e86c3b7c8f12fb1ae6477"},"headline":"Vaga de Est\u00e1gio Jur\u00eddico na Som Livre: Benef\u00edcios e Inscri\u00e7\u00e3o","datePublished":"2025-02-06T12:21:07+00:00","dateModified":"2025-02-06T12:21:08+00:00","mainEntityOfPage":{"@id":"https:\/\/www.vagadeempregorj.com.br\/vaga-estagio-juridico-som-livre\/"},"wordCount":735,"image":{"@id":"https:\/\/www.vagadeempregorj.com.br\/vaga-estagio-juridico-som-livre\/#primaryimage"},"thumbnailUrl":"https:\/\/www.vagadeempregorj.com.br\/wp-content\/uploads\/2025\/02\/Vaga-de-Estagio-Juridico-na-Som-Livre.webp","keywords":["benef\u00edcios","est\u00e1gio jur\u00eddico","inscri\u00e7\u00e3o","processo seletivo","Som Livre"],"articleSection":["Vagas de Emprego Nacionais"],"inLanguage":"en-US"},{"@type":"WebPage","@id":"https:\/\/www.vagadeempregorj.com.br\/vaga-estagio-juridico-som-livre\/","url":"https:\/\/www.vagadeempregorj.com.br\/vaga-estagio-juridico-som-livre\/","name":"Legal Internship Opportunity at Som Livre: Benefits and Application -","isPartOf":{"@id":"https:\/\/www.vagadeempregorj.com.br\/#website"},"primaryImageOfPage":{"@id":"https:\/\/www.vagadeempregorj.com.br\/vaga-estagio-juridico-som-livre\/#primaryimage"},"image":{"@id":"https:\/\/www.vagadeempregorj.com.br\/vaga-estagio-juridico-som-livre\/#primaryimage"},"thumbnailUrl":"https:\/\/www.vagadeempregorj.com.br\/wp-content\/uploads\/2025\/02\/Vaga-de-Estagio-Juridico-na-Som-Livre.webp","datePublished":"2025-02-06T12:21:07+00:00","dateModified":"2025-02-06T12:21:08+00:00","author":{"@id":"https:\/\/www.vagadeempregorj.com.br\/#\/schema\/person\/c0c38d5d765e86c3b7c8f12fb1ae6477"},"description":"Som Livre is offering a legal internship with a scholarship and benefits. Apply and participate in the selection process!","breadcrumb":{"@id":"https:\/\/www.vagadeempregorj.com.br\/vaga-estagio-juridico-som-livre\/#breadcrumb"},"inLanguage":"en-US","potentialAction":[{"@type":"ReadAction","target":["https:\/\/www.vagadeempregorj.com.br\/vaga-estagio-juridico-som-livre\/"]}]},{"@type":"ImageObject","inLanguage":"en-US","@id":"https:\/\/www.vagadeempregorj.com.br\/vaga-estagio-juridico-som-livre\/#primaryimage","url":"https:\/\/www.vagadeempregorj.com.br\/wp-content\/uploads\/2025\/02\/Vaga-de-Estagio-Juridico-na-Som-Livre.webp","contentUrl":"https:\/\/www.vagadeempregorj.com.br\/wp-content\/uploads\/2025\/02\/Vaga-de-Estagio-Juridico-na-Som-Livre.webp","width":1280,"height":720,"caption":"Vaga de Est\u00e1gio Jur\u00eddico na Som Livre"},{"@type":"BreadcrumbList","@id":"https:\/\/www.vagadeempregorj.com.br\/vaga-estagio-juridico-som-livre\/#breadcrumb","itemListElement":[{"@type":"ListItem","position":1,"name":"In\u00edcio","item":"https:\/\/www.vagadeempregorj.com.br\/"},{"@type":"ListItem","position":2,"name":"Vagas de Emprego Nacionais","item":"https:\/\/www.vagadeempregorj.com.br\/vagas-de-emprego-nacionais\/"},{"@type":"ListItem","position":3,"name":"Vaga de Est\u00e1gio Jur\u00eddico na Som Livre: Benef\u00edcios e Inscri\u00e7\u00e3o"}]},{"@type":"WebSite","@id":"https:\/\/www.vagadeempregorj.com.br\/#website","url":"https:\/\/www.vagadeempregorj.com.br\/","name":"","description":"Achieve Dreams: Jobs, Benefits, and Savings to Transform Lives and Achieve Everyday Improvements","potentialAction":[{"@type":"SearchAction","target":{"@type":"EntryPoint","urlTemplate":"https:\/\/www.vagadeempregorj.com.br\/?s={search_term_string}"},"query-input":{"@type":"PropertyValueSpecification","valueRequired":true,"valueName":"search_term_string"}}],"inLanguage":"en-US"},{"@type":"Person","@id":"https:\/\/www.vagadeempregorj.com.br\/#\/schema\/person\/c0c38d5d765e86c3b7c8f12fb1ae6477","name":"Ana B.","image":{"@type":"ImageObject","inLanguage":"en-US","@id":"https:\/\/secure.gravatar.com\/avatar\/f5efa58599e07f8dd92f26c7cfbc442fd115582bc681245452e503c2ef2334f3?s=96&r=g","url":"https:\/\/secure.gravatar.com\/avatar\/f5efa58599e07f8dd92f26c7cfbc442fd115582bc681245452e503c2ef2334f3?s=96&r=g","contentUrl":"https:\/\/secure.gravatar.com\/avatar\/f5efa58599e07f8dd92f26c7cfbc442fd115582bc681245452e503c2ef2334f3?s=96&r=g","caption":"Ana B."},"description":"My name is Ana, and I&#039;m passionate about writing. I dedicate my time to posting news and job openings daily on the Vaga de Emprego RJ portal.","url":"https:\/\/www.vagadeempregorj.com.br\/en\/author\/vgrj\/"}]}},"_links":{"self":[{"href":"https:\/\/www.vagadeempregorj.com.br\/en\/wp-json\/wp\/v2\/posts\/42447","targetHints":{"allow":["GET"]}}],"collection":[{"href":"https:\/\/www.vagadeempregorj.com.br\/en\/wp-json\/wp\/v2\/posts"}],"about":[{"href":"https:\/\/www.vagadeempregorj.com.br\/en\/wp-json\/wp\/v2\/types\/post"}],"author":[{"embeddable":true,"href":"https:\/\/www.vagadeempregorj.com.br\/en\/wp-json\/wp\/v2\/users\/1"}],"replies":[{"embeddable":true,"href":"https:\/\/www.vagadeempregorj.com.br\/en\/wp-json\/wp\/v2\/comments?post=42447"}],"version-history":[{"count":0,"href":"https:\/\/www.vagadeempregorj.com.br\/en\/wp-json\/wp\/v2\/posts\/42447\/revisions"}],"wp:featuredmedia":[{"embeddable":true,"href":"https:\/\/www.vagadeempregorj.com.br\/en\/wp-json\/wp\/v2\/media\/42450"}],"wp:attachment":[{"href":"https:\/\/www.vagadeempregorj.com.br\/en\/wp-json\/wp\/v2\/media?parent=42447"}],"wp:term":[{"taxonomy":"category","embeddable":true,"href":"https:\/\/www.vagadeempregorj.com.br\/en\/wp-json\/wp\/v2\/categories?post=42447"},{"taxonomy":"post_tag","embeddable":true,"href":"https:\/\/www.vagadeempregorj.com.br\/en\/wp-json\/wp\/v2\/tags?post=42447"}],"curies":[{"name":"wp","href":"https:\/\/api.w.org\/{rel}","templated":true}]}}