{"id":42468,"date":"2025-02-11T06:00:00","date_gmt":"2025-02-11T09:00:00","guid":{"rendered":"https:\/\/www.vagadeempregorj.com.br\/?p=42468"},"modified":"2025-02-07T00:41:04","modified_gmt":"2025-02-07T03:41:04","slug":"telemont-has-349-job-openings-across-the-country","status":"publish","type":"post","link":"https:\/\/www.vagadeempregorj.com.br\/en\/telemont-349-vagas-de-emprego-pelo-pais\/","title":{"rendered":"TELEMONT: 349 JOB vacancies across the country"},"content":{"rendered":"<p>THE <strong>Telemont<\/strong>, [Company Name], a leading company in the telecommunications sector, is announcing 349 job openings in various regions of Brazil. If you want to be part of a team committed to innovation and excellence, this could be your chance.<\/p>\n\n\n\n<figure class=\"wp-block-image size-full\"><img loading=\"lazy\" decoding=\"async\" width=\"1000\" height=\"533\" src=\"https:\/\/www.vagadeempregorj.com.br\/wp-content\/uploads\/2025\/02\/image-2.png\" alt=\"\" class=\"wp-image-42492\" srcset=\"https:\/\/www.vagadeempregorj.com.br\/wp-content\/uploads\/2025\/02\/image-2.png 1000w, https:\/\/www.vagadeempregorj.com.br\/wp-content\/uploads\/2025\/02\/image-2-300x160.png 300w, https:\/\/www.vagadeempregorj.com.br\/wp-content\/uploads\/2025\/02\/image-2-768x409.png 768w, https:\/\/www.vagadeempregorj.com.br\/wp-content\/uploads\/2025\/02\/image-2-150x80.png 150w\" sizes=\"auto, (max-width: 1000px) 100vw, 1000px\" \/><\/figure>\n\n\n\n<h2 class=\"wp-block-heading\">What are the career opportunities at TELEMONT?<\/h2>\n\n\n\n<p>Telemont offers a variety of positions across different areas of expertise. Below, we highlight some of the main opportunities available:<\/p>\n\n\n\n<h3 class=\"wp-block-heading\">Technical Assistant I (Campinas)<\/h3>\n\n\n\n<p>As a Technical Assistant I, you will be responsible for providing technical support in telecommunications projects, assisting in the implementation and maintenance of systems. This role is ideal for those with technical knowledge and a desire to grow in the field.<\/p>\n\n\n\n<h3 class=\"wp-block-heading\">Technical Support Operator I<\/h3>\n\n\n\n<p>In this area, the professional will work in providing support and resolving technical problems related to the services offered by the company. If you have skills in technical support and enjoy solving challenges, this position may be for you.<\/p>\n\n\n\n<h3 class=\"wp-block-heading\">Warehouse Assistant \u2013 Barbalha\/CE<\/h3>\n\n\n\n<p>The Warehouse Assistant is responsible for controlling and organizing materials and equipment, ensuring that everything is in order for daily operations. Organization and attention to detail are essential for this role.<\/p>\n\n\n\n<h3 class=\"wp-block-heading\">FTTH connector<\/h3>\n\n\n\n<p>The FTTH Connecter is responsible for the installation and maintenance of fiber optic networks to the customer&#039;s residence. If you have experience with fiber optics and are looking for a hands-on opportunity in the field, consider this position.<\/p>\n\n\n\n<h3 class=\"wp-block-heading\">Construction Planner \u2013 Barbalha\/CE<\/h3>\n\n\n\n<p>As a Project Planner, you will be responsible for planning and monitoring telecommunications projects, ensuring that activities are executed according to the established schedule.<\/p>\n\n\n\n<h3 class=\"wp-block-heading\">Building maintenance technician<\/h3>\n\n\n\n<p>The Building Maintenance Technician performs electrical, mechanical, and hydraulic maintenance services on company facilities, ensuring the proper functioning of physical structures.<\/p>\n\n\n\n<h3 class=\"wp-block-heading\">Telephone cable repairman \u2013 Campo Grande\/MS<\/h3>\n\n\n\n<p>In this role, the professional works on splicing and repairing telephone cables, ensuring the quality and continuity of telephone services.<\/p>\n\n\n\n<h3 class=\"wp-block-heading\">Internet installer \u2013 Dourados\/MS<\/h3>\n\n\n\n<p>The Internet Installer is responsible for installing and configuring internet services in customers&#039; homes, ensuring a high-quality experience.<\/p>\n\n\n\n<h3 class=\"wp-block-heading\">Telecommunications Solutions Agent I \u2013 Campo Grande\/MS<\/h3>\n\n\n\n<p>This professional works in the implementation of telecommunications solutions, meeting customer needs and ensuring satisfaction with the services provided.<\/p>\n\n\n\n<h3 class=\"wp-block-heading\">Field Team Supervisor<\/h3>\n\n\n\n<p>The Field Team Supervisor is responsible for leading and coordinating technical teams in external activities, ensuring that services are performed within the company&#039;s quality and safety standards. This role requires leadership skills, organizational abilities, and technical knowledge in the telecommunications field.<\/p>\n\n\n\n<h3 class=\"wp-block-heading\">Trainee \u2013 Inspection of consumer units<\/h3>\n\n\n\n<p>The trainee program provides the opportunity to develop skills in inspecting energy consumer units, identifying and correcting potential irregularities.<\/p>\n\n\n\n<h2 class=\"wp-block-heading\">How to apply?<\/h2>\n\n\n\n<p>Interested in any of these opportunities? The application process is simple and straightforward. Follow the steps below to apply:<\/p>\n\n\n\n<ul class=\"wp-block-list\">\n<li>Visit the Telemont careers page: <strong>https:\/\/telemont.gupy.io\/<\/strong><\/li>\n\n\n\n<li>Browse the available vacancies and choose the one that best matches your profile.<\/li>\n\n\n\n<li>Click on the desired position to learn more about the requirements and responsibilities.<\/li>\n\n\n\n<li>If this position is a good fit for you, click &quot;Apply&quot; and follow the instructions to submit your resume and fill in the required information.<\/li>\n<\/ul>\n\n\n\n<p>Remember that it&#039;s important to review your resume and ensure all information is up-to-date before submitting it. Also, pay attention to application deadlines and prepare for potential stages of the selection process, such as interviews or technical tests.<\/p>\n\n\n\n<p>Telemont values committed, innovative professionals focused on results. If you identify with these values, don&#039;t miss the opportunity to be part of this team. Good luck with your application!<\/p>\n\n\n\n<p><strong>See also: <a href=\"https:\/\/www.vagadeempregorj.com.br\/en\/amazon-job-vacancies-career-opportunities\/\">Amazon Job Openings: Career Opportunities 2025<\/a><\/strong><\/p>\n\n\n\n<p>February 11, 2025<\/p>","protected":false},"excerpt":{"rendered":"<p>A Telemont, empresa de destaque no setor de telecomunica\u00e7\u00f5es, est\u00e1 anunciando 349 vagas de emprego abertas em diversas regi\u00f5es do Brasil. Se voc\u00ea deseja fazer parte de uma equipe comprometida com a inova\u00e7\u00e3o e a excel\u00eancia, esta pode ser a sua chance. Quais s\u00e3o as oportunidades de carreira na TELEMONT? A Telemont proporciona uma variedade&hellip;&nbsp;<\/p>","protected":false},"author":16,"featured_media":42492,"comment_status":"closed","ping_status":"closed","sticky":false,"template":"","format":"standard","meta":{"neve_meta_sidebar":"","neve_meta_container":"","neve_meta_enable_content_width":"","neve_meta_content_width":0,"neve_meta_title_alignment":"","neve_meta_author_avatar":"","neve_post_elements_order":"","neve_meta_disable_header":"","neve_meta_disable_footer":"","neve_meta_disable_title":"","footnotes":""},"categories":[123],"tags":[],"class_list":["post-42468","post","type-post","status-publish","format-standard","has-post-thumbnail","hentry","category-vagas-de-emprego-nacionais"],"yoast_head":"<!-- This site is optimized with the Yoast SEO plugin v27.5 - https:\/\/yoast.com\/product\/yoast-seo-wordpress\/ -->\n<title>TELEMONT: 349 vagas de EMPREGO pelo pa\u00eds -<\/title>\n<meta name=\"description\" content=\"Veja em Vagas de Emprego RJ as vagas de emprego com e sem experi\u00eancia no seu Estado e Regi\u00e3o!\" \/>\n<meta name=\"robots\" content=\"index, follow, max-snippet:-1, max-image-preview:large, max-video-preview:-1\" \/>\n<link rel=\"canonical\" href=\"https:\/\/www.vagadeempregorj.com.br\/en\/telemont-has-349-job-openings-across-the-country\/\" \/>\n<meta property=\"og:locale\" content=\"en_US\" \/>\n<meta property=\"og:type\" content=\"article\" \/>\n<meta property=\"og:title\" content=\"TELEMONT: 349 vagas de EMPREGO pelo pa\u00eds -\" \/>\n<meta property=\"og:description\" content=\"Veja em Vagas de Emprego RJ as vagas de emprego com e sem experi\u00eancia no seu Estado e Regi\u00e3o!\" \/>\n<meta property=\"og:url\" content=\"https:\/\/www.vagadeempregorj.com.br\/en\/telemont-has-349-job-openings-across-the-country\/\" \/>\n<meta property=\"article:publisher\" content=\"https:\/\/www.facebook.com\/empregobrasiloficial\" \/>\n<meta property=\"article:published_time\" content=\"2025-02-11T09:00:00+00:00\" \/>\n<meta property=\"og:image\" content=\"https:\/\/www.vagadeempregorj.com.br\/wp-content\/uploads\/2025\/02\/image-2.png\" \/>\n\t<meta property=\"og:image:width\" content=\"1000\" \/>\n\t<meta property=\"og:image:height\" content=\"533\" \/>\n\t<meta property=\"og:image:type\" content=\"image\/png\" \/>\n<meta name=\"author\" content=\"Michele\" \/>\n<meta name=\"twitter:card\" content=\"summary_large_image\" \/>\n<meta name=\"twitter:label1\" content=\"Written by\" \/>\n\t<meta name=\"twitter:data1\" content=\"Michele\" \/>\n\t<meta name=\"twitter:label2\" content=\"Est. reading time\" \/>\n\t<meta name=\"twitter:data2\" content=\"4 minutes\" \/>\n<script type=\"application\/ld+json\" class=\"yoast-schema-graph\">{\"@context\":\"https:\\\/\\\/schema.org\",\"@graph\":[{\"@type\":\"Article\",\"@id\":\"https:\\\/\\\/www.vagadeempregorj.com.br\\\/telemont-349-vagas-de-emprego-pelo-pais\\\/#article\",\"isPartOf\":{\"@id\":\"https:\\\/\\\/www.vagadeempregorj.com.br\\\/telemont-349-vagas-de-emprego-pelo-pais\\\/\"},\"author\":{\"name\":\"Michele\",\"@id\":\"https:\\\/\\\/www.vagadeempregorj.com.br\\\/#\\\/schema\\\/person\\\/3ddb19fa0539706786e502152f3aae95\"},\"headline\":\"TELEMONT: 349 vagas de EMPREGO pelo pa\u00eds\",\"datePublished\":\"2025-02-11T09:00:00+00:00\",\"mainEntityOfPage\":{\"@id\":\"https:\\\/\\\/www.vagadeempregorj.com.br\\\/telemont-349-vagas-de-emprego-pelo-pais\\\/\"},\"wordCount\":719,\"image\":{\"@id\":\"https:\\\/\\\/www.vagadeempregorj.com.br\\\/telemont-349-vagas-de-emprego-pelo-pais\\\/#primaryimage\"},\"thumbnailUrl\":\"https:\\\/\\\/www.vagadeempregorj.com.br\\\/wp-content\\\/uploads\\\/2025\\\/02\\\/image-2.png\",\"articleSection\":[\"Vagas de Emprego Nacionais\"],\"inLanguage\":\"en-US\"},{\"@type\":\"WebPage\",\"@id\":\"https:\\\/\\\/www.vagadeempregorj.com.br\\\/telemont-349-vagas-de-emprego-pelo-pais\\\/\",\"url\":\"https:\\\/\\\/www.vagadeempregorj.com.br\\\/telemont-349-vagas-de-emprego-pelo-pais\\\/\",\"name\":\"TELEMONT: 349 vagas de EMPREGO pelo pa\u00eds -\",\"isPartOf\":{\"@id\":\"https:\\\/\\\/www.vagadeempregorj.com.br\\\/#website\"},\"primaryImageOfPage\":{\"@id\":\"https:\\\/\\\/www.vagadeempregorj.com.br\\\/telemont-349-vagas-de-emprego-pelo-pais\\\/#primaryimage\"},\"image\":{\"@id\":\"https:\\\/\\\/www.vagadeempregorj.com.br\\\/telemont-349-vagas-de-emprego-pelo-pais\\\/#primaryimage\"},\"thumbnailUrl\":\"https:\\\/\\\/www.vagadeempregorj.com.br\\\/wp-content\\\/uploads\\\/2025\\\/02\\\/image-2.png\",\"datePublished\":\"2025-02-11T09:00:00+00:00\",\"author\":{\"@id\":\"https:\\\/\\\/www.vagadeempregorj.com.br\\\/#\\\/schema\\\/person\\\/3ddb19fa0539706786e502152f3aae95\"},\"description\":\"Veja em Vagas de Emprego RJ as vagas de emprego com e sem experi\u00eancia no seu Estado e Regi\u00e3o!\",\"breadcrumb\":{\"@id\":\"https:\\\/\\\/www.vagadeempregorj.com.br\\\/telemont-349-vagas-de-emprego-pelo-pais\\\/#breadcrumb\"},\"inLanguage\":\"en-US\",\"potentialAction\":[{\"@type\":\"ReadAction\",\"target\":[\"https:\\\/\\\/www.vagadeempregorj.com.br\\\/telemont-349-vagas-de-emprego-pelo-pais\\\/\"]}]},{\"@type\":\"ImageObject\",\"inLanguage\":\"en-US\",\"@id\":\"https:\\\/\\\/www.vagadeempregorj.com.br\\\/telemont-349-vagas-de-emprego-pelo-pais\\\/#primaryimage\",\"url\":\"https:\\\/\\\/www.vagadeempregorj.com.br\\\/wp-content\\\/uploads\\\/2025\\\/02\\\/image-2.png\",\"contentUrl\":\"https:\\\/\\\/www.vagadeempregorj.com.br\\\/wp-content\\\/uploads\\\/2025\\\/02\\\/image-2.png\",\"width\":1000,\"height\":533},{\"@type\":\"BreadcrumbList\",\"@id\":\"https:\\\/\\\/www.vagadeempregorj.com.br\\\/telemont-349-vagas-de-emprego-pelo-pais\\\/#breadcrumb\",\"itemListElement\":[{\"@type\":\"ListItem\",\"position\":1,\"name\":\"In\u00edcio\",\"item\":\"https:\\\/\\\/www.vagadeempregorj.com.br\\\/\"},{\"@type\":\"ListItem\",\"position\":2,\"name\":\"Vagas de Emprego Nacionais\",\"item\":\"https:\\\/\\\/www.vagadeempregorj.com.br\\\/vagas-de-emprego-nacionais\\\/\"},{\"@type\":\"ListItem\",\"position\":3,\"name\":\"TELEMONT: 349 vagas de EMPREGO pelo pa\u00eds\"}]},{\"@type\":\"WebSite\",\"@id\":\"https:\\\/\\\/www.vagadeempregorj.com.br\\\/#website\",\"url\":\"https:\\\/\\\/www.vagadeempregorj.com.br\\\/\",\"name\":\"\",\"description\":\"Conquiste Sonhos: Vagas, Benef\u00edcios e Economia para Transformar Vidas e Alcan\u00e7ar Melhorias Cotidianas\",\"potentialAction\":[{\"@type\":\"SearchAction\",\"target\":{\"@type\":\"EntryPoint\",\"urlTemplate\":\"https:\\\/\\\/www.vagadeempregorj.com.br\\\/?s={search_term_string}\"},\"query-input\":{\"@type\":\"PropertyValueSpecification\",\"valueRequired\":true,\"valueName\":\"search_term_string\"}}],\"inLanguage\":\"en-US\"},{\"@type\":\"Person\",\"@id\":\"https:\\\/\\\/www.vagadeempregorj.com.br\\\/#\\\/schema\\\/person\\\/3ddb19fa0539706786e502152f3aae95\",\"name\":\"Michele\",\"image\":{\"@type\":\"ImageObject\",\"inLanguage\":\"en-US\",\"@id\":\"https:\\\/\\\/secure.gravatar.com\\\/avatar\\\/6b0eb9d22841282815e2cd856a0061c45e1761cd54b22e952d98c4746939aa85?s=96&r=g\",\"url\":\"https:\\\/\\\/secure.gravatar.com\\\/avatar\\\/6b0eb9d22841282815e2cd856a0061c45e1761cd54b22e952d98c4746939aa85?s=96&r=g\",\"contentUrl\":\"https:\\\/\\\/secure.gravatar.com\\\/avatar\\\/6b0eb9d22841282815e2cd856a0061c45e1761cd54b22e952d98c4746939aa85?s=96&r=g\",\"caption\":\"Michele\"},\"description\":\"Formada em Letras - Portugu\u00eas\\\/ Ingl\u00eas, e idealizadora do site Escritora de Sucesso, busca expandir o conhecimento de todos com informa\u00e7\u00f5es relevantes sobre diversos assuntos, enquanto redatora. No Vaga de Emprego RJ, traz oportunidades e dicas sobre o mercado de trabalho.\",\"url\":\"https:\\\/\\\/www.vagadeempregorj.com.br\\\/en\\\/author\\\/michele\\\/\"}]}<\/script>\n<!-- \/ Yoast SEO plugin. -->","yoast_head_json":{"title":"TELEMONT: 349 job openings across the country -","description":"Check out Job Vacancies in RJ for job openings with and without experience in your state and region!","robots":{"index":"index","follow":"follow","max-snippet":"max-snippet:-1","max-image-preview":"max-image-preview:large","max-video-preview":"max-video-preview:-1"},"canonical":"https:\/\/www.vagadeempregorj.com.br\/en\/telemont-has-349-job-openings-across-the-country\/","og_locale":"en_US","og_type":"article","og_title":"TELEMONT: 349 vagas de EMPREGO pelo pa\u00eds -","og_description":"Veja em Vagas de Emprego RJ as vagas de emprego com e sem experi\u00eancia no seu Estado e Regi\u00e3o!","og_url":"https:\/\/www.vagadeempregorj.com.br\/en\/telemont-has-349-job-openings-across-the-country\/","article_publisher":"https:\/\/www.facebook.com\/empregobrasiloficial","article_published_time":"2025-02-11T09:00:00+00:00","og_image":[{"width":1000,"height":533,"url":"https:\/\/www.vagadeempregorj.com.br\/wp-content\/uploads\/2025\/02\/image-2.png","type":"image\/png"}],"author":"Michele","twitter_card":"summary_large_image","twitter_misc":{"Written by":"Michele","Est. reading time":"4 minutes"},"schema":{"@context":"https:\/\/schema.org","@graph":[{"@type":"Article","@id":"https:\/\/www.vagadeempregorj.com.br\/telemont-349-vagas-de-emprego-pelo-pais\/#article","isPartOf":{"@id":"https:\/\/www.vagadeempregorj.com.br\/telemont-349-vagas-de-emprego-pelo-pais\/"},"author":{"name":"Michele","@id":"https:\/\/www.vagadeempregorj.com.br\/#\/schema\/person\/3ddb19fa0539706786e502152f3aae95"},"headline":"TELEMONT: 349 vagas de EMPREGO pelo pa\u00eds","datePublished":"2025-02-11T09:00:00+00:00","mainEntityOfPage":{"@id":"https:\/\/www.vagadeempregorj.com.br\/telemont-349-vagas-de-emprego-pelo-pais\/"},"wordCount":719,"image":{"@id":"https:\/\/www.vagadeempregorj.com.br\/telemont-349-vagas-de-emprego-pelo-pais\/#primaryimage"},"thumbnailUrl":"https:\/\/www.vagadeempregorj.com.br\/wp-content\/uploads\/2025\/02\/image-2.png","articleSection":["Vagas de Emprego Nacionais"],"inLanguage":"en-US"},{"@type":"WebPage","@id":"https:\/\/www.vagadeempregorj.com.br\/telemont-349-vagas-de-emprego-pelo-pais\/","url":"https:\/\/www.vagadeempregorj.com.br\/telemont-349-vagas-de-emprego-pelo-pais\/","name":"TELEMONT: 349 job openings across the country -","isPartOf":{"@id":"https:\/\/www.vagadeempregorj.com.br\/#website"},"primaryImageOfPage":{"@id":"https:\/\/www.vagadeempregorj.com.br\/telemont-349-vagas-de-emprego-pelo-pais\/#primaryimage"},"image":{"@id":"https:\/\/www.vagadeempregorj.com.br\/telemont-349-vagas-de-emprego-pelo-pais\/#primaryimage"},"thumbnailUrl":"https:\/\/www.vagadeempregorj.com.br\/wp-content\/uploads\/2025\/02\/image-2.png","datePublished":"2025-02-11T09:00:00+00:00","author":{"@id":"https:\/\/www.vagadeempregorj.com.br\/#\/schema\/person\/3ddb19fa0539706786e502152f3aae95"},"description":"Check out Job Vacancies in RJ for job openings with and without experience in your state and region!","breadcrumb":{"@id":"https:\/\/www.vagadeempregorj.com.br\/telemont-349-vagas-de-emprego-pelo-pais\/#breadcrumb"},"inLanguage":"en-US","potentialAction":[{"@type":"ReadAction","target":["https:\/\/www.vagadeempregorj.com.br\/telemont-349-vagas-de-emprego-pelo-pais\/"]}]},{"@type":"ImageObject","inLanguage":"en-US","@id":"https:\/\/www.vagadeempregorj.com.br\/telemont-349-vagas-de-emprego-pelo-pais\/#primaryimage","url":"https:\/\/www.vagadeempregorj.com.br\/wp-content\/uploads\/2025\/02\/image-2.png","contentUrl":"https:\/\/www.vagadeempregorj.com.br\/wp-content\/uploads\/2025\/02\/image-2.png","width":1000,"height":533},{"@type":"BreadcrumbList","@id":"https:\/\/www.vagadeempregorj.com.br\/telemont-349-vagas-de-emprego-pelo-pais\/#breadcrumb","itemListElement":[{"@type":"ListItem","position":1,"name":"In\u00edcio","item":"https:\/\/www.vagadeempregorj.com.br\/"},{"@type":"ListItem","position":2,"name":"Vagas de Emprego Nacionais","item":"https:\/\/www.vagadeempregorj.com.br\/vagas-de-emprego-nacionais\/"},{"@type":"ListItem","position":3,"name":"TELEMONT: 349 vagas de EMPREGO pelo pa\u00eds"}]},{"@type":"WebSite","@id":"https:\/\/www.vagadeempregorj.com.br\/#website","url":"https:\/\/www.vagadeempregorj.com.br\/","name":"","description":"Achieve Dreams: Jobs, Benefits, and Savings to Transform Lives and Achieve Everyday Improvements","potentialAction":[{"@type":"SearchAction","target":{"@type":"EntryPoint","urlTemplate":"https:\/\/www.vagadeempregorj.com.br\/?s={search_term_string}"},"query-input":{"@type":"PropertyValueSpecification","valueRequired":true,"valueName":"search_term_string"}}],"inLanguage":"en-US"},{"@type":"Person","@id":"https:\/\/www.vagadeempregorj.com.br\/#\/schema\/person\/3ddb19fa0539706786e502152f3aae95","name":"Michele","image":{"@type":"ImageObject","inLanguage":"en-US","@id":"https:\/\/secure.gravatar.com\/avatar\/6b0eb9d22841282815e2cd856a0061c45e1761cd54b22e952d98c4746939aa85?s=96&r=g","url":"https:\/\/secure.gravatar.com\/avatar\/6b0eb9d22841282815e2cd856a0061c45e1761cd54b22e952d98c4746939aa85?s=96&r=g","contentUrl":"https:\/\/secure.gravatar.com\/avatar\/6b0eb9d22841282815e2cd856a0061c45e1761cd54b22e952d98c4746939aa85?s=96&r=g","caption":"Michele"},"description":"With a degree in Literature (Portuguese\/English), and the creator of the website Escritora de Sucesso, she works as a writer to expand everyone&#039;s knowledge with relevant information on a variety of topics. At Vaga de Emprego RJ, she provides opportunities and tips on the job market.","url":"https:\/\/www.vagadeempregorj.com.br\/en\/author\/michele\/"}]}},"_links":{"self":[{"href":"https:\/\/www.vagadeempregorj.com.br\/en\/wp-json\/wp\/v2\/posts\/42468","targetHints":{"allow":["GET"]}}],"collection":[{"href":"https:\/\/www.vagadeempregorj.com.br\/en\/wp-json\/wp\/v2\/posts"}],"about":[{"href":"https:\/\/www.vagadeempregorj.com.br\/en\/wp-json\/wp\/v2\/types\/post"}],"author":[{"embeddable":true,"href":"https:\/\/www.vagadeempregorj.com.br\/en\/wp-json\/wp\/v2\/users\/16"}],"replies":[{"embeddable":true,"href":"https:\/\/www.vagadeempregorj.com.br\/en\/wp-json\/wp\/v2\/comments?post=42468"}],"version-history":[{"count":0,"href":"https:\/\/www.vagadeempregorj.com.br\/en\/wp-json\/wp\/v2\/posts\/42468\/revisions"}],"wp:featuredmedia":[{"embeddable":true,"href":"https:\/\/www.vagadeempregorj.com.br\/en\/wp-json\/wp\/v2\/media\/42492"}],"wp:attachment":[{"href":"https:\/\/www.vagadeempregorj.com.br\/en\/wp-json\/wp\/v2\/media?parent=42468"}],"wp:term":[{"taxonomy":"category","embeddable":true,"href":"https:\/\/www.vagadeempregorj.com.br\/en\/wp-json\/wp\/v2\/categories?post=42468"},{"taxonomy":"post_tag","embeddable":true,"href":"https:\/\/www.vagadeempregorj.com.br\/en\/wp-json\/wp\/v2\/tags?post=42468"}],"curies":[{"name":"wp","href":"https:\/\/api.w.org\/{rel}","templated":true}]}}