{"id":42472,"date":"2025-02-13T06:00:00","date_gmt":"2025-02-13T09:00:00","guid":{"rendered":"https:\/\/www.vagadeempregorj.com.br\/?p=42472"},"modified":"2025-02-07T00:47:26","modified_gmt":"2025-02-07T03:47:26","slug":"estacio-384-job-openings-across-the-country","status":"publish","type":"post","link":"https:\/\/www.vagadeempregorj.com.br\/en\/estacio-384-vagas-de-emprego-abertas-pelo-pais\/","title":{"rendered":"Est\u00e1cio: 384 job openings across the country"},"content":{"rendered":"<p>THE <strong>Estacio<\/strong>, one of Brazil&#039;s largest educational institutions, is offering 384 job openings across various regions of the country. If you&#039;re interested in joining a team committed to education and professional development, this could be the opportunity you&#039;ve been waiting for.<\/p>\n\n\n\n<figure class=\"wp-block-image size-large\"><img loading=\"lazy\" decoding=\"async\" width=\"1024\" height=\"361\" src=\"https:\/\/www.vagadeempregorj.com.br\/wp-content\/uploads\/2025\/02\/image-5-1024x361.png\" alt=\"\" class=\"wp-image-42496\" srcset=\"https:\/\/www.vagadeempregorj.com.br\/wp-content\/uploads\/2025\/02\/image-5-1024x361.png 1024w, https:\/\/www.vagadeempregorj.com.br\/wp-content\/uploads\/2025\/02\/image-5-300x106.png 300w, https:\/\/www.vagadeempregorj.com.br\/wp-content\/uploads\/2025\/02\/image-5-768x271.png 768w, https:\/\/www.vagadeempregorj.com.br\/wp-content\/uploads\/2025\/02\/image-5-1536x541.png 1536w, https:\/\/www.vagadeempregorj.com.br\/wp-content\/uploads\/2025\/02\/image-5-150x53.png 150w, https:\/\/www.vagadeempregorj.com.br\/wp-content\/uploads\/2025\/02\/image-5.png 1600w\" sizes=\"auto, (max-width: 1024px) 100vw, 1024px\" \/><\/figure>\n\n\n\n<h2 class=\"wp-block-heading\">What are the career opportunities at Est\u00e1cio?<\/h2>\n\n\n\n<p>The institution values diverse talent and offers a variety of opportunities for different professional profiles. Below, we highlight some of the areas with available positions:<\/p>\n\n\n\n<h3 class=\"wp-block-heading\">Administrative area<\/h3>\n\n\n\n<p>If you have organizational skills and enjoy working with internal processes, administrative positions may be ideal for you. Some opportunities include:<\/p>\n\n\n\n<ul class=\"wp-block-list\">\n<li><strong>Administrative Assistant<\/strong>: Responsible for supporting administrative routines, assisting students and teachers, as well as helping to organize documents and files.<\/li>\n\n\n\n<li><strong>Administrative Assistant II \u2013 Student Secretariat<\/strong>: Works in the management of academic records, student services and support for the secretariat&#039;s activities.<\/li>\n<\/ul>\n\n\n\n<h3 class=\"wp-block-heading\">Academic area<\/h3>\n\n\n\n<p>For those who are passionate about teaching and want to contribute directly to the training of new professionals, Est\u00e1cio offers academic positions, such as:<\/p>\n\n\n\n<ul class=\"wp-block-list\">\n<li><strong>Assistant Professor I<\/strong>: Responsible for teaching classes, developing teaching plans and evaluating student performance.<\/li>\n\n\n\n<li><strong>Technical Course Preceptor<\/strong>: Works by guiding and supervising students during practical activities, ensuring the application of theoretical knowledge.<\/li>\n<\/ul>\n\n\n\n<h3 class=\"wp-block-heading\">Information Technology<\/h3>\n\n\n\n<p>If you&#039;re passionate about technology and looking for an environment that values innovation, IT jobs could be your opportunity:<\/p>\n\n\n\n<ul class=\"wp-block-list\">\n<li><strong>Computer Assistant I<\/strong>: Responsible for technical support to users, equipment maintenance and management of institutional software.<\/li>\n<\/ul>\n\n\n\n<h3 class=\"wp-block-heading\">Commercial<\/h3>\n\n\n\n<p>For professionals with a dynamic profile and negotiation skills, the sales area offers positions such as:<\/p>\n\n\n\n<ul class=\"wp-block-list\">\n<li><strong>Commercial Consultant<\/strong>: Works on attracting new students, providing customer service and developing strategies to increase enrollment.<\/li>\n<\/ul>\n\n\n\n<h3 class=\"wp-block-heading\">Diversity and inclusion<\/h3>\n\n\n\n<p>Est\u00e1cio believes in the importance of diversity and has specific programs for inclusion:<\/p>\n\n\n\n<ul class=\"wp-block-list\">\n<li><strong>Talent Bank \u2013 Exclusively for People with Disabilities<\/strong>: Space for PCD professionals interested in different areas within the institution.<\/li>\n<\/ul>\n\n\n\n<h2 class=\"wp-block-heading\">How to apply?<\/h2>\n\n\n\n<p>Interested in any of the opportunities mentioned? The application process is simple and straightforward. Follow the steps below to apply:<\/p>\n\n\n\n<ol class=\"wp-block-list\">\n<li>Visit Est\u00e1cio&#039;s careers website:<a href=\"https:\/\/vempraestacio.gupy.io\/?utm_source=chatgpt.com\"> <\/a><strong>come to estacio.gupy.io<\/strong><\/li>\n\n\n\n<li>Browse available positions: Use the filters to find the opportunity that best matches your profile and location.<\/li>\n\n\n\n<li>Select the desired vacancy: Click on the position of interest to view details and requirements.<\/li>\n\n\n\n<li>Click \u201cApply\u201d: Fill out the form with your personal information, professional experience and attach your updated resume.<\/li>\n\n\n\n<li>Submit your application: After reviewing all the information, confirm your application and wait for the recruitment team to contact you.<\/li>\n<\/ol>\n\n\n\n<p>Remember that each position has specific requirements, so it&#039;s important to carefully read the descriptions and ensure your profile meets the requirements of the position. Furthermore, keeping your resume updated and customized for each opportunity increases your chances of success in the selection process.<\/p>\n\n\n\n<h2 class=\"wp-block-heading\">Why work at Est\u00e1cio?<\/h2>\n\n\n\n<p>Est\u00e1cio is not just an educational institution; it&#039;s an environment that fosters the professional and personal growth of its employees. When you join the team, you&#039;ll find:<\/p>\n\n\n\n<ul class=\"wp-block-list\">\n<li><strong>Collaborative Environment<\/strong>: Valuing teamwork and encouraging the exchange of knowledge.<\/li>\n\n\n\n<li><strong>Professional Development<\/strong>: Opportunities for continuous training and structured career plans.<\/li>\n\n\n\n<li><strong>Innovation<\/strong>: Intensive use of technology to improve educational processes and experiences.<\/li>\n\n\n\n<li><strong>Diversity and Inclusion<\/strong>: Commitment to valuing differences and promoting an inclusive environment.<\/li>\n\n\n\n<li><strong>Attractive Benefits<\/strong>: Benefits packages that include medical and dental assistance, food vouchers, among others.<\/li>\n<\/ul>\n\n\n\n<p>Working at the institution means being part of a greater mission: transforming lives through education. If you share this passion and want to contribute to a better future, don&#039;t miss the opportunity to apply for one of the available positions.<\/p>\n\n\n\n<p>Take advantage of this moment to take a new step in your career and be part of an institution that values the talent and development of its employees.&nbsp;<\/p>\n\n\n\n<p><strong>See also: <a href=\"https:\/\/www.vagadeempregorj.com.br\/en\/telemont-263-job-openings-across-the-country\/\">TELEMONT: 263 job openings across the country<\/a><\/strong><\/p>\n\n\n\n<p>February 13, 2025<\/p>","protected":false},"excerpt":{"rendered":"<p>A Est\u00e1cio, uma das maiores institui\u00e7\u00f5es de ensino do Brasil, est\u00e1 ofertando 384 vagas de emprego abertas em diversas regi\u00f5es do pa\u00eds. Se voc\u00ea deseja fazer parte de uma equipe comprometida com a educa\u00e7\u00e3o e o desenvolvimento profissional, esta pode ser a chance que voc\u00ea esperava. Quais s\u00e3o as oportunidades de carreira na Est\u00e1cio? A&hellip;&nbsp;<\/p>","protected":false},"author":16,"featured_media":42496,"comment_status":"closed","ping_status":"closed","sticky":false,"template":"","format":"standard","meta":{"neve_meta_sidebar":"","neve_meta_container":"","neve_meta_enable_content_width":"","neve_meta_content_width":0,"neve_meta_title_alignment":"","neve_meta_author_avatar":"","neve_post_elements_order":"","neve_meta_disable_header":"","neve_meta_disable_footer":"","neve_meta_disable_title":"","footnotes":""},"categories":[123],"tags":[],"class_list":["post-42472","post","type-post","status-publish","format-standard","has-post-thumbnail","hentry","category-vagas-de-emprego-nacionais"],"yoast_head":"<!-- This site is optimized with the Yoast SEO plugin v27.5 - https:\/\/yoast.com\/product\/yoast-seo-wordpress\/ -->\n<title>Est\u00e1cio: 384 vagas de EMPREGO abertas pelo pa\u00eds -<\/title>\n<meta name=\"description\" content=\"Veja em Vagas de Emprego RJ as vagas de emprego com e sem experi\u00eancia no seu Estado e Regi\u00e3o!\" \/>\n<meta name=\"robots\" content=\"index, follow, max-snippet:-1, max-image-preview:large, max-video-preview:-1\" \/>\n<link rel=\"canonical\" href=\"https:\/\/www.vagadeempregorj.com.br\/en\/estacio-384-job-openings-across-the-country\/\" \/>\n<meta property=\"og:locale\" content=\"en_US\" \/>\n<meta property=\"og:type\" content=\"article\" \/>\n<meta property=\"og:title\" content=\"Est\u00e1cio: 384 vagas de EMPREGO abertas pelo pa\u00eds -\" \/>\n<meta property=\"og:description\" content=\"Veja em Vagas de Emprego RJ as vagas de emprego com e sem experi\u00eancia no seu Estado e Regi\u00e3o!\" \/>\n<meta property=\"og:url\" content=\"https:\/\/www.vagadeempregorj.com.br\/en\/estacio-384-job-openings-across-the-country\/\" \/>\n<meta property=\"article:publisher\" content=\"https:\/\/www.facebook.com\/empregobrasiloficial\" \/>\n<meta property=\"article:published_time\" content=\"2025-02-13T09:00:00+00:00\" \/>\n<meta property=\"og:image\" content=\"https:\/\/www.vagadeempregorj.com.br\/wp-content\/uploads\/2025\/02\/image-5.png\" \/>\n\t<meta property=\"og:image:width\" content=\"1600\" \/>\n\t<meta property=\"og:image:height\" content=\"564\" \/>\n\t<meta property=\"og:image:type\" content=\"image\/png\" \/>\n<meta name=\"author\" content=\"Michele\" \/>\n<meta name=\"twitter:card\" content=\"summary_large_image\" \/>\n<meta name=\"twitter:label1\" content=\"Written by\" \/>\n\t<meta name=\"twitter:data1\" content=\"Michele\" \/>\n\t<meta name=\"twitter:label2\" content=\"Est. reading time\" \/>\n\t<meta name=\"twitter:data2\" content=\"4 minutes\" \/>\n<script type=\"application\/ld+json\" class=\"yoast-schema-graph\">{\"@context\":\"https:\\\/\\\/schema.org\",\"@graph\":[{\"@type\":\"Article\",\"@id\":\"https:\\\/\\\/www.vagadeempregorj.com.br\\\/estacio-384-vagas-de-emprego-abertas-pelo-pais\\\/#article\",\"isPartOf\":{\"@id\":\"https:\\\/\\\/www.vagadeempregorj.com.br\\\/estacio-384-vagas-de-emprego-abertas-pelo-pais\\\/\"},\"author\":{\"name\":\"Michele\",\"@id\":\"https:\\\/\\\/www.vagadeempregorj.com.br\\\/#\\\/schema\\\/person\\\/3ddb19fa0539706786e502152f3aae95\"},\"headline\":\"Est\u00e1cio: 384 vagas de EMPREGO abertas pelo pa\u00eds\",\"datePublished\":\"2025-02-13T09:00:00+00:00\",\"mainEntityOfPage\":{\"@id\":\"https:\\\/\\\/www.vagadeempregorj.com.br\\\/estacio-384-vagas-de-emprego-abertas-pelo-pais\\\/\"},\"wordCount\":753,\"image\":{\"@id\":\"https:\\\/\\\/www.vagadeempregorj.com.br\\\/estacio-384-vagas-de-emprego-abertas-pelo-pais\\\/#primaryimage\"},\"thumbnailUrl\":\"https:\\\/\\\/www.vagadeempregorj.com.br\\\/wp-content\\\/uploads\\\/2025\\\/02\\\/image-5.png\",\"articleSection\":[\"Vagas de Emprego Nacionais\"],\"inLanguage\":\"en-US\"},{\"@type\":\"WebPage\",\"@id\":\"https:\\\/\\\/www.vagadeempregorj.com.br\\\/estacio-384-vagas-de-emprego-abertas-pelo-pais\\\/\",\"url\":\"https:\\\/\\\/www.vagadeempregorj.com.br\\\/estacio-384-vagas-de-emprego-abertas-pelo-pais\\\/\",\"name\":\"Est\u00e1cio: 384 vagas de EMPREGO abertas pelo pa\u00eds -\",\"isPartOf\":{\"@id\":\"https:\\\/\\\/www.vagadeempregorj.com.br\\\/#website\"},\"primaryImageOfPage\":{\"@id\":\"https:\\\/\\\/www.vagadeempregorj.com.br\\\/estacio-384-vagas-de-emprego-abertas-pelo-pais\\\/#primaryimage\"},\"image\":{\"@id\":\"https:\\\/\\\/www.vagadeempregorj.com.br\\\/estacio-384-vagas-de-emprego-abertas-pelo-pais\\\/#primaryimage\"},\"thumbnailUrl\":\"https:\\\/\\\/www.vagadeempregorj.com.br\\\/wp-content\\\/uploads\\\/2025\\\/02\\\/image-5.png\",\"datePublished\":\"2025-02-13T09:00:00+00:00\",\"author\":{\"@id\":\"https:\\\/\\\/www.vagadeempregorj.com.br\\\/#\\\/schema\\\/person\\\/3ddb19fa0539706786e502152f3aae95\"},\"description\":\"Veja em Vagas de Emprego RJ as vagas de emprego com e sem experi\u00eancia no seu Estado e Regi\u00e3o!\",\"breadcrumb\":{\"@id\":\"https:\\\/\\\/www.vagadeempregorj.com.br\\\/estacio-384-vagas-de-emprego-abertas-pelo-pais\\\/#breadcrumb\"},\"inLanguage\":\"en-US\",\"potentialAction\":[{\"@type\":\"ReadAction\",\"target\":[\"https:\\\/\\\/www.vagadeempregorj.com.br\\\/estacio-384-vagas-de-emprego-abertas-pelo-pais\\\/\"]}]},{\"@type\":\"ImageObject\",\"inLanguage\":\"en-US\",\"@id\":\"https:\\\/\\\/www.vagadeempregorj.com.br\\\/estacio-384-vagas-de-emprego-abertas-pelo-pais\\\/#primaryimage\",\"url\":\"https:\\\/\\\/www.vagadeempregorj.com.br\\\/wp-content\\\/uploads\\\/2025\\\/02\\\/image-5.png\",\"contentUrl\":\"https:\\\/\\\/www.vagadeempregorj.com.br\\\/wp-content\\\/uploads\\\/2025\\\/02\\\/image-5.png\",\"width\":1600,\"height\":564},{\"@type\":\"BreadcrumbList\",\"@id\":\"https:\\\/\\\/www.vagadeempregorj.com.br\\\/estacio-384-vagas-de-emprego-abertas-pelo-pais\\\/#breadcrumb\",\"itemListElement\":[{\"@type\":\"ListItem\",\"position\":1,\"name\":\"In\u00edcio\",\"item\":\"https:\\\/\\\/www.vagadeempregorj.com.br\\\/\"},{\"@type\":\"ListItem\",\"position\":2,\"name\":\"Vagas de Emprego Nacionais\",\"item\":\"https:\\\/\\\/www.vagadeempregorj.com.br\\\/vagas-de-emprego-nacionais\\\/\"},{\"@type\":\"ListItem\",\"position\":3,\"name\":\"Est\u00e1cio: 384 vagas de EMPREGO abertas pelo pa\u00eds\"}]},{\"@type\":\"WebSite\",\"@id\":\"https:\\\/\\\/www.vagadeempregorj.com.br\\\/#website\",\"url\":\"https:\\\/\\\/www.vagadeempregorj.com.br\\\/\",\"name\":\"\",\"description\":\"Conquiste Sonhos: Vagas, Benef\u00edcios e Economia para Transformar Vidas e Alcan\u00e7ar Melhorias Cotidianas\",\"potentialAction\":[{\"@type\":\"SearchAction\",\"target\":{\"@type\":\"EntryPoint\",\"urlTemplate\":\"https:\\\/\\\/www.vagadeempregorj.com.br\\\/?s={search_term_string}\"},\"query-input\":{\"@type\":\"PropertyValueSpecification\",\"valueRequired\":true,\"valueName\":\"search_term_string\"}}],\"inLanguage\":\"en-US\"},{\"@type\":\"Person\",\"@id\":\"https:\\\/\\\/www.vagadeempregorj.com.br\\\/#\\\/schema\\\/person\\\/3ddb19fa0539706786e502152f3aae95\",\"name\":\"Michele\",\"image\":{\"@type\":\"ImageObject\",\"inLanguage\":\"en-US\",\"@id\":\"https:\\\/\\\/secure.gravatar.com\\\/avatar\\\/6b0eb9d22841282815e2cd856a0061c45e1761cd54b22e952d98c4746939aa85?s=96&r=g\",\"url\":\"https:\\\/\\\/secure.gravatar.com\\\/avatar\\\/6b0eb9d22841282815e2cd856a0061c45e1761cd54b22e952d98c4746939aa85?s=96&r=g\",\"contentUrl\":\"https:\\\/\\\/secure.gravatar.com\\\/avatar\\\/6b0eb9d22841282815e2cd856a0061c45e1761cd54b22e952d98c4746939aa85?s=96&r=g\",\"caption\":\"Michele\"},\"description\":\"Formada em Letras - Portugu\u00eas\\\/ Ingl\u00eas, e idealizadora do site Escritora de Sucesso, busca expandir o conhecimento de todos com informa\u00e7\u00f5es relevantes sobre diversos assuntos, enquanto redatora. No Vaga de Emprego RJ, traz oportunidades e dicas sobre o mercado de trabalho.\",\"url\":\"https:\\\/\\\/www.vagadeempregorj.com.br\\\/en\\\/author\\\/michele\\\/\"}]}<\/script>\n<!-- \/ Yoast SEO plugin. -->","yoast_head_json":{"title":"Est\u00e1cio: 384 job openings across the country -","description":"Check out Job Vacancies in RJ for job openings with and without experience in your state and region!","robots":{"index":"index","follow":"follow","max-snippet":"max-snippet:-1","max-image-preview":"max-image-preview:large","max-video-preview":"max-video-preview:-1"},"canonical":"https:\/\/www.vagadeempregorj.com.br\/en\/estacio-384-job-openings-across-the-country\/","og_locale":"en_US","og_type":"article","og_title":"Est\u00e1cio: 384 vagas de EMPREGO abertas pelo pa\u00eds -","og_description":"Veja em Vagas de Emprego RJ as vagas de emprego com e sem experi\u00eancia no seu Estado e Regi\u00e3o!","og_url":"https:\/\/www.vagadeempregorj.com.br\/en\/estacio-384-job-openings-across-the-country\/","article_publisher":"https:\/\/www.facebook.com\/empregobrasiloficial","article_published_time":"2025-02-13T09:00:00+00:00","og_image":[{"width":1600,"height":564,"url":"https:\/\/www.vagadeempregorj.com.br\/wp-content\/uploads\/2025\/02\/image-5.png","type":"image\/png"}],"author":"Michele","twitter_card":"summary_large_image","twitter_misc":{"Written by":"Michele","Est. reading time":"4 minutes"},"schema":{"@context":"https:\/\/schema.org","@graph":[{"@type":"Article","@id":"https:\/\/www.vagadeempregorj.com.br\/estacio-384-vagas-de-emprego-abertas-pelo-pais\/#article","isPartOf":{"@id":"https:\/\/www.vagadeempregorj.com.br\/estacio-384-vagas-de-emprego-abertas-pelo-pais\/"},"author":{"name":"Michele","@id":"https:\/\/www.vagadeempregorj.com.br\/#\/schema\/person\/3ddb19fa0539706786e502152f3aae95"},"headline":"Est\u00e1cio: 384 vagas de EMPREGO abertas pelo pa\u00eds","datePublished":"2025-02-13T09:00:00+00:00","mainEntityOfPage":{"@id":"https:\/\/www.vagadeempregorj.com.br\/estacio-384-vagas-de-emprego-abertas-pelo-pais\/"},"wordCount":753,"image":{"@id":"https:\/\/www.vagadeempregorj.com.br\/estacio-384-vagas-de-emprego-abertas-pelo-pais\/#primaryimage"},"thumbnailUrl":"https:\/\/www.vagadeempregorj.com.br\/wp-content\/uploads\/2025\/02\/image-5.png","articleSection":["Vagas de Emprego Nacionais"],"inLanguage":"en-US"},{"@type":"WebPage","@id":"https:\/\/www.vagadeempregorj.com.br\/estacio-384-vagas-de-emprego-abertas-pelo-pais\/","url":"https:\/\/www.vagadeempregorj.com.br\/estacio-384-vagas-de-emprego-abertas-pelo-pais\/","name":"Est\u00e1cio: 384 job openings across the country -","isPartOf":{"@id":"https:\/\/www.vagadeempregorj.com.br\/#website"},"primaryImageOfPage":{"@id":"https:\/\/www.vagadeempregorj.com.br\/estacio-384-vagas-de-emprego-abertas-pelo-pais\/#primaryimage"},"image":{"@id":"https:\/\/www.vagadeempregorj.com.br\/estacio-384-vagas-de-emprego-abertas-pelo-pais\/#primaryimage"},"thumbnailUrl":"https:\/\/www.vagadeempregorj.com.br\/wp-content\/uploads\/2025\/02\/image-5.png","datePublished":"2025-02-13T09:00:00+00:00","author":{"@id":"https:\/\/www.vagadeempregorj.com.br\/#\/schema\/person\/3ddb19fa0539706786e502152f3aae95"},"description":"Check out Job Vacancies in RJ for job openings with and without experience in your state and region!","breadcrumb":{"@id":"https:\/\/www.vagadeempregorj.com.br\/estacio-384-vagas-de-emprego-abertas-pelo-pais\/#breadcrumb"},"inLanguage":"en-US","potentialAction":[{"@type":"ReadAction","target":["https:\/\/www.vagadeempregorj.com.br\/estacio-384-vagas-de-emprego-abertas-pelo-pais\/"]}]},{"@type":"ImageObject","inLanguage":"en-US","@id":"https:\/\/www.vagadeempregorj.com.br\/estacio-384-vagas-de-emprego-abertas-pelo-pais\/#primaryimage","url":"https:\/\/www.vagadeempregorj.com.br\/wp-content\/uploads\/2025\/02\/image-5.png","contentUrl":"https:\/\/www.vagadeempregorj.com.br\/wp-content\/uploads\/2025\/02\/image-5.png","width":1600,"height":564},{"@type":"BreadcrumbList","@id":"https:\/\/www.vagadeempregorj.com.br\/estacio-384-vagas-de-emprego-abertas-pelo-pais\/#breadcrumb","itemListElement":[{"@type":"ListItem","position":1,"name":"In\u00edcio","item":"https:\/\/www.vagadeempregorj.com.br\/"},{"@type":"ListItem","position":2,"name":"Vagas de Emprego Nacionais","item":"https:\/\/www.vagadeempregorj.com.br\/vagas-de-emprego-nacionais\/"},{"@type":"ListItem","position":3,"name":"Est\u00e1cio: 384 vagas de EMPREGO abertas pelo pa\u00eds"}]},{"@type":"WebSite","@id":"https:\/\/www.vagadeempregorj.com.br\/#website","url":"https:\/\/www.vagadeempregorj.com.br\/","name":"","description":"Achieve Dreams: Jobs, Benefits, and Savings to Transform Lives and Achieve Everyday Improvements","potentialAction":[{"@type":"SearchAction","target":{"@type":"EntryPoint","urlTemplate":"https:\/\/www.vagadeempregorj.com.br\/?s={search_term_string}"},"query-input":{"@type":"PropertyValueSpecification","valueRequired":true,"valueName":"search_term_string"}}],"inLanguage":"en-US"},{"@type":"Person","@id":"https:\/\/www.vagadeempregorj.com.br\/#\/schema\/person\/3ddb19fa0539706786e502152f3aae95","name":"Michele","image":{"@type":"ImageObject","inLanguage":"en-US","@id":"https:\/\/secure.gravatar.com\/avatar\/6b0eb9d22841282815e2cd856a0061c45e1761cd54b22e952d98c4746939aa85?s=96&r=g","url":"https:\/\/secure.gravatar.com\/avatar\/6b0eb9d22841282815e2cd856a0061c45e1761cd54b22e952d98c4746939aa85?s=96&r=g","contentUrl":"https:\/\/secure.gravatar.com\/avatar\/6b0eb9d22841282815e2cd856a0061c45e1761cd54b22e952d98c4746939aa85?s=96&r=g","caption":"Michele"},"description":"With a degree in Literature (Portuguese\/English), and the creator of the website Escritora de Sucesso, she works as a writer to expand everyone&#039;s knowledge with relevant information on a variety of topics. At Vaga de Emprego RJ, she provides opportunities and tips on the job market.","url":"https:\/\/www.vagadeempregorj.com.br\/en\/author\/michele\/"}]}},"_links":{"self":[{"href":"https:\/\/www.vagadeempregorj.com.br\/en\/wp-json\/wp\/v2\/posts\/42472","targetHints":{"allow":["GET"]}}],"collection":[{"href":"https:\/\/www.vagadeempregorj.com.br\/en\/wp-json\/wp\/v2\/posts"}],"about":[{"href":"https:\/\/www.vagadeempregorj.com.br\/en\/wp-json\/wp\/v2\/types\/post"}],"author":[{"embeddable":true,"href":"https:\/\/www.vagadeempregorj.com.br\/en\/wp-json\/wp\/v2\/users\/16"}],"replies":[{"embeddable":true,"href":"https:\/\/www.vagadeempregorj.com.br\/en\/wp-json\/wp\/v2\/comments?post=42472"}],"version-history":[{"count":0,"href":"https:\/\/www.vagadeempregorj.com.br\/en\/wp-json\/wp\/v2\/posts\/42472\/revisions"}],"wp:featuredmedia":[{"embeddable":true,"href":"https:\/\/www.vagadeempregorj.com.br\/en\/wp-json\/wp\/v2\/media\/42496"}],"wp:attachment":[{"href":"https:\/\/www.vagadeempregorj.com.br\/en\/wp-json\/wp\/v2\/media?parent=42472"}],"wp:term":[{"taxonomy":"category","embeddable":true,"href":"https:\/\/www.vagadeempregorj.com.br\/en\/wp-json\/wp\/v2\/categories?post=42472"},{"taxonomy":"post_tag","embeddable":true,"href":"https:\/\/www.vagadeempregorj.com.br\/en\/wp-json\/wp\/v2\/tags?post=42472"}],"curies":[{"name":"wp","href":"https:\/\/api.w.org\/{rel}","templated":true}]}}