{"id":42518,"date":"2025-02-09T07:00:00","date_gmt":"2025-02-09T10:00:00","guid":{"rendered":"https:\/\/www.vagadeempregorj.com.br\/?p=42518"},"modified":"2025-02-08T02:19:36","modified_gmt":"2025-02-08T05:19:36","slug":"the-government-will-bring-forward-the-fgts-anniversary-withdrawal-find-out-more-here","status":"publish","type":"post","link":"https:\/\/www.vagadeempregorj.com.br\/en\/governo-vai-antecipar-saque-aniversario-do-fgts-saiba-aqui\/","title":{"rendered":"Will the government bring forward the FGTS anniversary withdrawal? Find out here."},"content":{"rendered":"<p>The government can indeed bring forward the FGTS anniversary withdrawal. But before celebrating or making any decision, it&#039;s essential to understand how it works, what the rules are, and whether this is a good option for your finances.<\/p>\n\n\n\n<figure class=\"wp-block-image size-full is-resized\"><img loading=\"lazy\" decoding=\"async\" width=\"740\" height=\"493\" src=\"https:\/\/www.vagadeempregorj.com.br\/wp-content\/uploads\/2025\/02\/image-13.png\" alt=\"\" class=\"wp-image-42528\" style=\"width:840px;height:auto\" srcset=\"https:\/\/www.vagadeempregorj.com.br\/wp-content\/uploads\/2025\/02\/image-13.png 740w, https:\/\/www.vagadeempregorj.com.br\/wp-content\/uploads\/2025\/02\/image-13-300x200.png 300w, https:\/\/www.vagadeempregorj.com.br\/wp-content\/uploads\/2025\/02\/image-13-150x100.png 150w\" sizes=\"auto, (max-width: 740px) 100vw, 740px\" \/><\/figure>\n\n\n\n<h2 class=\"wp-block-heading\">What is the FGTS anniversary withdrawal?<\/h2>\n\n\n\n<p>The birthday withdrawal is a modality that allows workers to withdraw part of their FGTS balance every year, in the month of their birthday. Unlike the termination withdrawal, this option prevents the worker from withdrawing the total balance of the account in case of dismissal without just cause, leaving only the severance penalty of 40%.<\/p>\n\n\n\n<p>Created in 2019, this option emerged as a way to give workers more financial freedom, allowing them to use part of their FGTS balance without needing an emergency situation. However, enrollment is not automatic, and the worker must request this option.<\/p>\n\n\n\n<h2 class=\"wp-block-heading\">How does the early withdrawal of the birthday benefit work?<\/h2>\n\n\n\n<p>The early withdrawal of the anniversary benefit works like a loan. The worker can advance the amounts they would receive in the coming years, using their FGTS balance as collateral. This type of operation is offered by banks and has lower interest rates than other loans, since the payment is guaranteed by the FGTS balance.<\/p>\n\n\n\n<p>This option is gaining popularity because it allows quick access to money held in the FGTS (Brazilian employee severance fund). Banks release the amount according to the available balance, and payment occurs automatically, reducing the risk of default.<\/p>\n\n\n\n<h2 class=\"wp-block-heading\">Will the government bring it forward?<\/h2>\n\n\n\n<p>In recent months, rumors have surfaced about a possible government measure to facilitate early withdrawal of birthday benefits. This could mean better conditions for workers to access the money or even a relaxation of current rules. However, at the moment, any change depends on official measures that are still under discussion.<\/p>\n\n\n\n<p>If the measure is approved, it is expected that more workers will be able to access their FGTS (Brazilian severance pay fund) balance in advance, with less bureaucracy. This move is part of an effort to stimulate the economy and ensure that more people can cope with their financial difficulties without resorting to loans with abusive interest rates.<\/p>\n\n\n\n<h2 class=\"wp-block-heading\">Is it worth planning ahead?<\/h2>\n\n\n\n<p>That depends on your financial situation. If you have high-interest debts, such as credit card debt, it may be advantageous to use the advance payment to pay them off. However, if you are financially stable, it may be better to keep the balance in your FGTS (Brazilian employee severance fund), which earns interest and can be used in emergencies.<\/p>\n\n\n\n<p>Another point to consider is that, by anticipating the withdrawal, the worker gives up part of the balance that could be available in the future. It is important to assess whether the amount released now will truly bring benefits or if it will only be a momentary relief without proper planning.<\/p>\n\n\n\n<p>Experts recommend that early withdrawal of birthday benefits be done cautiously and, if possible, used for investments or paying off urgent debts. Otherwise, it may not be worth giving up that balance.<\/p>\n\n\n\n<h2 class=\"wp-block-heading\">How do I request an advance?<\/h2>\n\n\n\n<p>If you decide to withdraw the funds early, the process is simple. Just check if your bank offers this option, review the interest rates, and authorize the transaction through the FGTS app or directly with your chosen financial institution.<\/p>\n\n\n\n<p>Each bank has its own terms and conditions, such as minimum installment amounts and applicable fees. It&#039;s essential to compare the available options to ensure you make the best choice.<\/p>\n\n\n\n<h2 class=\"wp-block-heading\">Alternatives to the birthday withdrawal<\/h2>\n\n\n\n<p>If withdrawing your birthday benefits early doesn&#039;t seem like a good option for you, there are other ways to access financial resources without compromising your FGTS balance. Some alternatives include:<\/p>\n\n\n\n<ul class=\"wp-block-list\">\n<li><strong>Payroll loans<\/strong>Option with lower interest rates, deducted directly from payroll.<\/li>\n\n\n\n<li><strong>Debt renegotiation<\/strong>If the goal is to settle outstanding debts, negotiating directly with creditors may be more advantageous.<\/li>\n\n\n\n<li><strong>Emergency fund<\/strong>Building up savings for unexpected events avoids the need to pay money upfront.<\/li>\n<\/ul>\n\n\n\n<p>Evaluating all available options helps in making a more informed and beneficial decision in the long run.<\/p>\n\n\n\n<p>The government may announce new developments regarding the early withdrawal of FGTS (Brazilian severance fund) anniversary payments, but it&#039;s essential to pay attention to the rules and carefully evaluate them before making any decision. If you need the money and the conditions are advantageous, it could be a good option.&nbsp;<\/p>\n\n\n\n<p>The most important thing is to ensure that any financial decision is made with planning and awareness. Keep an eye on updates and always evaluate what makes the most sense for your financial future!<\/p>\n\n\n\n<p><strong>See also: <a href=\"https:\/\/www.vagadeempregorj.com.br\/en\/bolsa-familia-benefits-can-be-blocked-by-court-order-due-to-debt\/\">Can Bolsa Fam\u00edlia be judicially blocked due to debt?<\/a><\/strong><\/p>\n\n\n\n<p>February 9, 2025<\/p>","protected":false},"excerpt":{"rendered":"<p>O governo pode, sim, antecipar o saque-anivers\u00e1rio do FGTS. Mas antes de comemorar ou tomar qualquer decis\u00e3o, \u00e9 essencial entender como isso funciona, quais s\u00e3o as regras envolvidas e se essa \u00e9 uma boa op\u00e7\u00e3o para o seu bolso. O que \u00e9 o saque-anivers\u00e1rio do FGTS? O saque-anivers\u00e1rio \u00e9 uma modalidade que permite ao trabalhador&hellip;&nbsp;<\/p>","protected":false},"author":16,"featured_media":42528,"comment_status":"closed","ping_status":"closed","sticky":false,"template":"","format":"standard","meta":{"neve_meta_sidebar":"","neve_meta_container":"","neve_meta_enable_content_width":"","neve_meta_content_width":0,"neve_meta_title_alignment":"","neve_meta_author_avatar":"","neve_post_elements_order":"","neve_meta_disable_header":"","neve_meta_disable_footer":"","neve_meta_disable_title":"","footnotes":""},"categories":[1],"tags":[],"class_list":["post-42518","post","type-post","status-publish","format-standard","has-post-thumbnail","hentry","category-beneficios-sociais"],"yoast_head":"<!-- This site is optimized with the Yoast SEO plugin v27.5 - https:\/\/yoast.com\/product\/yoast-seo-wordpress\/ -->\n<title>Governo vai antecipar saque-anivers\u00e1rio do FGTS? Saiba aqui -<\/title>\n<meta name=\"description\" content=\"Veja em Vagas de Emprego RJ as vagas de emprego com e sem experi\u00eancia no seu Estado e Regi\u00e3o!\" \/>\n<meta name=\"robots\" content=\"index, follow, max-snippet:-1, max-image-preview:large, max-video-preview:-1\" \/>\n<link rel=\"canonical\" href=\"https:\/\/www.vagadeempregorj.com.br\/en\/the-government-will-bring-forward-the-fgts-anniversary-withdrawal-find-out-more-here\/\" \/>\n<meta property=\"og:locale\" content=\"en_US\" \/>\n<meta property=\"og:type\" content=\"article\" \/>\n<meta property=\"og:title\" content=\"Governo vai antecipar saque-anivers\u00e1rio do FGTS? Saiba aqui -\" \/>\n<meta property=\"og:description\" content=\"Veja em Vagas de Emprego RJ as vagas de emprego com e sem experi\u00eancia no seu Estado e Regi\u00e3o!\" \/>\n<meta property=\"og:url\" content=\"https:\/\/www.vagadeempregorj.com.br\/en\/the-government-will-bring-forward-the-fgts-anniversary-withdrawal-find-out-more-here\/\" \/>\n<meta property=\"article:publisher\" content=\"https:\/\/www.facebook.com\/empregobrasiloficial\" \/>\n<meta property=\"article:published_time\" content=\"2025-02-09T10:00:00+00:00\" \/>\n<meta property=\"og:image\" content=\"https:\/\/www.vagadeempregorj.com.br\/wp-content\/uploads\/2025\/02\/image-13.png\" \/>\n\t<meta property=\"og:image:width\" content=\"740\" \/>\n\t<meta property=\"og:image:height\" content=\"493\" \/>\n\t<meta property=\"og:image:type\" content=\"image\/png\" \/>\n<meta name=\"author\" content=\"Michele\" \/>\n<meta name=\"twitter:card\" content=\"summary_large_image\" \/>\n<meta name=\"twitter:label1\" content=\"Written by\" \/>\n\t<meta name=\"twitter:data1\" content=\"Michele\" \/>\n\t<meta name=\"twitter:label2\" content=\"Est. reading time\" \/>\n\t<meta name=\"twitter:data2\" content=\"4 minutes\" \/>\n<script type=\"application\/ld+json\" class=\"yoast-schema-graph\">{\"@context\":\"https:\\\/\\\/schema.org\",\"@graph\":[{\"@type\":\"Article\",\"@id\":\"https:\\\/\\\/www.vagadeempregorj.com.br\\\/governo-vai-antecipar-saque-aniversario-do-fgts-saiba-aqui\\\/#article\",\"isPartOf\":{\"@id\":\"https:\\\/\\\/www.vagadeempregorj.com.br\\\/governo-vai-antecipar-saque-aniversario-do-fgts-saiba-aqui\\\/\"},\"author\":{\"name\":\"Michele\",\"@id\":\"https:\\\/\\\/www.vagadeempregorj.com.br\\\/#\\\/schema\\\/person\\\/3ddb19fa0539706786e502152f3aae95\"},\"headline\":\"Governo vai antecipar saque-anivers\u00e1rio do FGTS? Saiba aqui\",\"datePublished\":\"2025-02-09T10:00:00+00:00\",\"mainEntityOfPage\":{\"@id\":\"https:\\\/\\\/www.vagadeempregorj.com.br\\\/governo-vai-antecipar-saque-aniversario-do-fgts-saiba-aqui\\\/\"},\"wordCount\":810,\"image\":{\"@id\":\"https:\\\/\\\/www.vagadeempregorj.com.br\\\/governo-vai-antecipar-saque-aniversario-do-fgts-saiba-aqui\\\/#primaryimage\"},\"thumbnailUrl\":\"https:\\\/\\\/www.vagadeempregorj.com.br\\\/wp-content\\\/uploads\\\/2025\\\/02\\\/image-13.png\",\"articleSection\":[\"Benef\u00edcios Sociais\"],\"inLanguage\":\"en-US\"},{\"@type\":\"WebPage\",\"@id\":\"https:\\\/\\\/www.vagadeempregorj.com.br\\\/governo-vai-antecipar-saque-aniversario-do-fgts-saiba-aqui\\\/\",\"url\":\"https:\\\/\\\/www.vagadeempregorj.com.br\\\/governo-vai-antecipar-saque-aniversario-do-fgts-saiba-aqui\\\/\",\"name\":\"Governo vai antecipar saque-anivers\u00e1rio do FGTS? Saiba aqui -\",\"isPartOf\":{\"@id\":\"https:\\\/\\\/www.vagadeempregorj.com.br\\\/#website\"},\"primaryImageOfPage\":{\"@id\":\"https:\\\/\\\/www.vagadeempregorj.com.br\\\/governo-vai-antecipar-saque-aniversario-do-fgts-saiba-aqui\\\/#primaryimage\"},\"image\":{\"@id\":\"https:\\\/\\\/www.vagadeempregorj.com.br\\\/governo-vai-antecipar-saque-aniversario-do-fgts-saiba-aqui\\\/#primaryimage\"},\"thumbnailUrl\":\"https:\\\/\\\/www.vagadeempregorj.com.br\\\/wp-content\\\/uploads\\\/2025\\\/02\\\/image-13.png\",\"datePublished\":\"2025-02-09T10:00:00+00:00\",\"author\":{\"@id\":\"https:\\\/\\\/www.vagadeempregorj.com.br\\\/#\\\/schema\\\/person\\\/3ddb19fa0539706786e502152f3aae95\"},\"description\":\"Veja em Vagas de Emprego RJ as vagas de emprego com e sem experi\u00eancia no seu Estado e Regi\u00e3o!\",\"breadcrumb\":{\"@id\":\"https:\\\/\\\/www.vagadeempregorj.com.br\\\/governo-vai-antecipar-saque-aniversario-do-fgts-saiba-aqui\\\/#breadcrumb\"},\"inLanguage\":\"en-US\",\"potentialAction\":[{\"@type\":\"ReadAction\",\"target\":[\"https:\\\/\\\/www.vagadeempregorj.com.br\\\/governo-vai-antecipar-saque-aniversario-do-fgts-saiba-aqui\\\/\"]}]},{\"@type\":\"ImageObject\",\"inLanguage\":\"en-US\",\"@id\":\"https:\\\/\\\/www.vagadeempregorj.com.br\\\/governo-vai-antecipar-saque-aniversario-do-fgts-saiba-aqui\\\/#primaryimage\",\"url\":\"https:\\\/\\\/www.vagadeempregorj.com.br\\\/wp-content\\\/uploads\\\/2025\\\/02\\\/image-13.png\",\"contentUrl\":\"https:\\\/\\\/www.vagadeempregorj.com.br\\\/wp-content\\\/uploads\\\/2025\\\/02\\\/image-13.png\",\"width\":740,\"height\":493},{\"@type\":\"BreadcrumbList\",\"@id\":\"https:\\\/\\\/www.vagadeempregorj.com.br\\\/governo-vai-antecipar-saque-aniversario-do-fgts-saiba-aqui\\\/#breadcrumb\",\"itemListElement\":[{\"@type\":\"ListItem\",\"position\":1,\"name\":\"In\u00edcio\",\"item\":\"https:\\\/\\\/www.vagadeempregorj.com.br\\\/\"},{\"@type\":\"ListItem\",\"position\":2,\"name\":\"Benef\u00edcios Sociais\",\"item\":\"https:\\\/\\\/www.vagadeempregorj.com.br\\\/beneficios-sociais\\\/\"},{\"@type\":\"ListItem\",\"position\":3,\"name\":\"Governo vai antecipar saque-anivers\u00e1rio do FGTS? Saiba aqui\"}]},{\"@type\":\"WebSite\",\"@id\":\"https:\\\/\\\/www.vagadeempregorj.com.br\\\/#website\",\"url\":\"https:\\\/\\\/www.vagadeempregorj.com.br\\\/\",\"name\":\"\",\"description\":\"Conquiste Sonhos: Vagas, Benef\u00edcios e Economia para Transformar Vidas e Alcan\u00e7ar Melhorias Cotidianas\",\"potentialAction\":[{\"@type\":\"SearchAction\",\"target\":{\"@type\":\"EntryPoint\",\"urlTemplate\":\"https:\\\/\\\/www.vagadeempregorj.com.br\\\/?s={search_term_string}\"},\"query-input\":{\"@type\":\"PropertyValueSpecification\",\"valueRequired\":true,\"valueName\":\"search_term_string\"}}],\"inLanguage\":\"en-US\"},{\"@type\":\"Person\",\"@id\":\"https:\\\/\\\/www.vagadeempregorj.com.br\\\/#\\\/schema\\\/person\\\/3ddb19fa0539706786e502152f3aae95\",\"name\":\"Michele\",\"image\":{\"@type\":\"ImageObject\",\"inLanguage\":\"en-US\",\"@id\":\"https:\\\/\\\/secure.gravatar.com\\\/avatar\\\/6b0eb9d22841282815e2cd856a0061c45e1761cd54b22e952d98c4746939aa85?s=96&r=g\",\"url\":\"https:\\\/\\\/secure.gravatar.com\\\/avatar\\\/6b0eb9d22841282815e2cd856a0061c45e1761cd54b22e952d98c4746939aa85?s=96&r=g\",\"contentUrl\":\"https:\\\/\\\/secure.gravatar.com\\\/avatar\\\/6b0eb9d22841282815e2cd856a0061c45e1761cd54b22e952d98c4746939aa85?s=96&r=g\",\"caption\":\"Michele\"},\"description\":\"Formada em Letras - Portugu\u00eas\\\/ Ingl\u00eas, e idealizadora do site Escritora de Sucesso, busca expandir o conhecimento de todos com informa\u00e7\u00f5es relevantes sobre diversos assuntos, enquanto redatora. No Vaga de Emprego RJ, traz oportunidades e dicas sobre o mercado de trabalho.\",\"url\":\"https:\\\/\\\/www.vagadeempregorj.com.br\\\/en\\\/author\\\/michele\\\/\"}]}<\/script>\n<!-- \/ Yoast SEO plugin. -->","yoast_head_json":{"title":"Will the government bring forward the FGTS anniversary withdrawal? Find out here -","description":"Check out Job Vacancies in RJ for job openings with and without experience in your state and region!","robots":{"index":"index","follow":"follow","max-snippet":"max-snippet:-1","max-image-preview":"max-image-preview:large","max-video-preview":"max-video-preview:-1"},"canonical":"https:\/\/www.vagadeempregorj.com.br\/en\/the-government-will-bring-forward-the-fgts-anniversary-withdrawal-find-out-more-here\/","og_locale":"en_US","og_type":"article","og_title":"Governo vai antecipar saque-anivers\u00e1rio do FGTS? Saiba aqui -","og_description":"Veja em Vagas de Emprego RJ as vagas de emprego com e sem experi\u00eancia no seu Estado e Regi\u00e3o!","og_url":"https:\/\/www.vagadeempregorj.com.br\/en\/the-government-will-bring-forward-the-fgts-anniversary-withdrawal-find-out-more-here\/","article_publisher":"https:\/\/www.facebook.com\/empregobrasiloficial","article_published_time":"2025-02-09T10:00:00+00:00","og_image":[{"width":740,"height":493,"url":"https:\/\/www.vagadeempregorj.com.br\/wp-content\/uploads\/2025\/02\/image-13.png","type":"image\/png"}],"author":"Michele","twitter_card":"summary_large_image","twitter_misc":{"Written by":"Michele","Est. reading time":"4 minutes"},"schema":{"@context":"https:\/\/schema.org","@graph":[{"@type":"Article","@id":"https:\/\/www.vagadeempregorj.com.br\/governo-vai-antecipar-saque-aniversario-do-fgts-saiba-aqui\/#article","isPartOf":{"@id":"https:\/\/www.vagadeempregorj.com.br\/governo-vai-antecipar-saque-aniversario-do-fgts-saiba-aqui\/"},"author":{"name":"Michele","@id":"https:\/\/www.vagadeempregorj.com.br\/#\/schema\/person\/3ddb19fa0539706786e502152f3aae95"},"headline":"Governo vai antecipar saque-anivers\u00e1rio do FGTS? Saiba aqui","datePublished":"2025-02-09T10:00:00+00:00","mainEntityOfPage":{"@id":"https:\/\/www.vagadeempregorj.com.br\/governo-vai-antecipar-saque-aniversario-do-fgts-saiba-aqui\/"},"wordCount":810,"image":{"@id":"https:\/\/www.vagadeempregorj.com.br\/governo-vai-antecipar-saque-aniversario-do-fgts-saiba-aqui\/#primaryimage"},"thumbnailUrl":"https:\/\/www.vagadeempregorj.com.br\/wp-content\/uploads\/2025\/02\/image-13.png","articleSection":["Benef\u00edcios Sociais"],"inLanguage":"en-US"},{"@type":"WebPage","@id":"https:\/\/www.vagadeempregorj.com.br\/governo-vai-antecipar-saque-aniversario-do-fgts-saiba-aqui\/","url":"https:\/\/www.vagadeempregorj.com.br\/governo-vai-antecipar-saque-aniversario-do-fgts-saiba-aqui\/","name":"Will the government bring forward the FGTS anniversary withdrawal? Find out here -","isPartOf":{"@id":"https:\/\/www.vagadeempregorj.com.br\/#website"},"primaryImageOfPage":{"@id":"https:\/\/www.vagadeempregorj.com.br\/governo-vai-antecipar-saque-aniversario-do-fgts-saiba-aqui\/#primaryimage"},"image":{"@id":"https:\/\/www.vagadeempregorj.com.br\/governo-vai-antecipar-saque-aniversario-do-fgts-saiba-aqui\/#primaryimage"},"thumbnailUrl":"https:\/\/www.vagadeempregorj.com.br\/wp-content\/uploads\/2025\/02\/image-13.png","datePublished":"2025-02-09T10:00:00+00:00","author":{"@id":"https:\/\/www.vagadeempregorj.com.br\/#\/schema\/person\/3ddb19fa0539706786e502152f3aae95"},"description":"Check out Job Vacancies in RJ for job openings with and without experience in your state and region!","breadcrumb":{"@id":"https:\/\/www.vagadeempregorj.com.br\/governo-vai-antecipar-saque-aniversario-do-fgts-saiba-aqui\/#breadcrumb"},"inLanguage":"en-US","potentialAction":[{"@type":"ReadAction","target":["https:\/\/www.vagadeempregorj.com.br\/governo-vai-antecipar-saque-aniversario-do-fgts-saiba-aqui\/"]}]},{"@type":"ImageObject","inLanguage":"en-US","@id":"https:\/\/www.vagadeempregorj.com.br\/governo-vai-antecipar-saque-aniversario-do-fgts-saiba-aqui\/#primaryimage","url":"https:\/\/www.vagadeempregorj.com.br\/wp-content\/uploads\/2025\/02\/image-13.png","contentUrl":"https:\/\/www.vagadeempregorj.com.br\/wp-content\/uploads\/2025\/02\/image-13.png","width":740,"height":493},{"@type":"BreadcrumbList","@id":"https:\/\/www.vagadeempregorj.com.br\/governo-vai-antecipar-saque-aniversario-do-fgts-saiba-aqui\/#breadcrumb","itemListElement":[{"@type":"ListItem","position":1,"name":"In\u00edcio","item":"https:\/\/www.vagadeempregorj.com.br\/"},{"@type":"ListItem","position":2,"name":"Benef\u00edcios Sociais","item":"https:\/\/www.vagadeempregorj.com.br\/beneficios-sociais\/"},{"@type":"ListItem","position":3,"name":"Governo vai antecipar saque-anivers\u00e1rio do FGTS? Saiba aqui"}]},{"@type":"WebSite","@id":"https:\/\/www.vagadeempregorj.com.br\/#website","url":"https:\/\/www.vagadeempregorj.com.br\/","name":"","description":"Achieve Dreams: Jobs, Benefits, and Savings to Transform Lives and Achieve Everyday Improvements","potentialAction":[{"@type":"SearchAction","target":{"@type":"EntryPoint","urlTemplate":"https:\/\/www.vagadeempregorj.com.br\/?s={search_term_string}"},"query-input":{"@type":"PropertyValueSpecification","valueRequired":true,"valueName":"search_term_string"}}],"inLanguage":"en-US"},{"@type":"Person","@id":"https:\/\/www.vagadeempregorj.com.br\/#\/schema\/person\/3ddb19fa0539706786e502152f3aae95","name":"Michele","image":{"@type":"ImageObject","inLanguage":"en-US","@id":"https:\/\/secure.gravatar.com\/avatar\/6b0eb9d22841282815e2cd856a0061c45e1761cd54b22e952d98c4746939aa85?s=96&r=g","url":"https:\/\/secure.gravatar.com\/avatar\/6b0eb9d22841282815e2cd856a0061c45e1761cd54b22e952d98c4746939aa85?s=96&r=g","contentUrl":"https:\/\/secure.gravatar.com\/avatar\/6b0eb9d22841282815e2cd856a0061c45e1761cd54b22e952d98c4746939aa85?s=96&r=g","caption":"Michele"},"description":"With a degree in Literature (Portuguese\/English), and the creator of the website Escritora de Sucesso, she works as a writer to expand everyone&#039;s knowledge with relevant information on a variety of topics. At Vaga de Emprego RJ, she provides opportunities and tips on the job market.","url":"https:\/\/www.vagadeempregorj.com.br\/en\/author\/michele\/"}]}},"_links":{"self":[{"href":"https:\/\/www.vagadeempregorj.com.br\/en\/wp-json\/wp\/v2\/posts\/42518","targetHints":{"allow":["GET"]}}],"collection":[{"href":"https:\/\/www.vagadeempregorj.com.br\/en\/wp-json\/wp\/v2\/posts"}],"about":[{"href":"https:\/\/www.vagadeempregorj.com.br\/en\/wp-json\/wp\/v2\/types\/post"}],"author":[{"embeddable":true,"href":"https:\/\/www.vagadeempregorj.com.br\/en\/wp-json\/wp\/v2\/users\/16"}],"replies":[{"embeddable":true,"href":"https:\/\/www.vagadeempregorj.com.br\/en\/wp-json\/wp\/v2\/comments?post=42518"}],"version-history":[{"count":0,"href":"https:\/\/www.vagadeempregorj.com.br\/en\/wp-json\/wp\/v2\/posts\/42518\/revisions"}],"wp:featuredmedia":[{"embeddable":true,"href":"https:\/\/www.vagadeempregorj.com.br\/en\/wp-json\/wp\/v2\/media\/42528"}],"wp:attachment":[{"href":"https:\/\/www.vagadeempregorj.com.br\/en\/wp-json\/wp\/v2\/media?parent=42518"}],"wp:term":[{"taxonomy":"category","embeddable":true,"href":"https:\/\/www.vagadeempregorj.com.br\/en\/wp-json\/wp\/v2\/categories?post=42518"},{"taxonomy":"post_tag","embeddable":true,"href":"https:\/\/www.vagadeempregorj.com.br\/en\/wp-json\/wp\/v2\/tags?post=42518"}],"curies":[{"name":"wp","href":"https:\/\/api.w.org\/{rel}","templated":true}]}}