{"id":42655,"date":"2025-03-03T06:00:00","date_gmt":"2025-03-03T09:00:00","guid":{"rendered":"https:\/\/www.vagadeempregorj.com.br\/?p=42655"},"modified":"2025-02-18T19:01:19","modified_gmt":"2025-02-18T22:01:19","slug":"shoulder-138-job-openings-across-the-country","status":"publish","type":"post","link":"https:\/\/www.vagadeempregorj.com.br\/en\/shoulder-138-vagas-de-emprego-abertas-pelo-pais\/","title":{"rendered":"Shoulder: 138 job openings across the country"},"content":{"rendered":"<p>If you are looking for new job opportunities, I have some news that might interest you. A <strong>Shoulder<\/strong>, [Brand Name], a renowned women&#039;s fashion brand, has 138 job openings in various regions of Brazil. This could be the opportunity you&#039;ve been waiting for to join a dynamic and constantly growing company.<\/p>\n\n\n\n<figure class=\"wp-block-image size-full\"><img loading=\"lazy\" decoding=\"async\" width=\"1000\" height=\"750\" src=\"https:\/\/www.vagadeempregorj.com.br\/wp-content\/uploads\/2025\/02\/image-42.png\" alt=\"\" class=\"wp-image-42674\" srcset=\"https:\/\/www.vagadeempregorj.com.br\/wp-content\/uploads\/2025\/02\/image-42.png 1000w, https:\/\/www.vagadeempregorj.com.br\/wp-content\/uploads\/2025\/02\/image-42-300x225.png 300w, https:\/\/www.vagadeempregorj.com.br\/wp-content\/uploads\/2025\/02\/image-42-768x576.png 768w, https:\/\/www.vagadeempregorj.com.br\/wp-content\/uploads\/2025\/02\/image-42-150x113.png 150w\" sizes=\"auto, (max-width: 1000px) 100vw, 1000px\" \/><\/figure>\n\n\n\n<h2 class=\"wp-block-heading\">What career opportunities are available at Shoulder?<\/h2>\n\n\n\n<p>Shoulder values diversity and seeks professionals passionate about fashion and retail. Opportunities span different areas and experience levels. Below, I highlight some of the main roles available:<\/p>\n\n\n\n<h3 class=\"wp-block-heading\">Responsible Salesperson<\/h3>\n\n\n\n<p>As a Sales Manager, you will be the point of reference for the sales team, ensuring that goals are met and customer service is excellent. Your main responsibilities include:<\/p>\n\n\n\n<ul class=\"wp-block-list\">\n<li><strong>Fashion consulting<\/strong>: Assisting clients in choosing clothing items, offering suggestions for outfits that meet their needs and personal style.<\/li>\n\n\n\n<li><strong>Customer loyalty<\/strong>Maintain a close relationship with customers, using digital tools for communication and promotions.<\/li>\n\n\n\n<li><strong>Indicator management<\/strong>Monitor and act upon store performance indicators, such as conversion rate and average order value.<\/li>\n\n\n\n<li><strong>Visual Merchandising<\/strong>Ensure that product displays align with brand guidelines, making the store attractive and inviting.<\/li>\n<\/ul>\n\n\n\n<p>To apply for this position, prior sales experience and a high school diploma are required. The company offers benefits such as uniform, transportation allowance, meal allowance, health insurance, and discounts on company products.<\/p>\n\n\n\n<h3 class=\"wp-block-heading\">Fashion Content Analyst (Mid-level\/Senior)<\/h3>\n\n\n\n<p>If you have a passion for fashion and strong communication skills, this position could be ideal for you. The Fashion Content Analyst is responsible for:<\/p>\n\n\n\n<ul class=\"wp-block-list\">\n<li><strong>Content creation<\/strong>Develop materials that reflect the brand identity and engage the target audience.<\/li>\n\n\n\n<li><strong>Trend research<\/strong>Staying up-to-date on industry news to produce relevant and innovative content.<\/li>\n\n\n\n<li><strong>Collaboration with internal teams<\/strong>Working together with the marketing and design departments to ensure consistency across campaigns.<\/li>\n<\/ul>\n\n\n\n<p>For this position, a degree in Fashion, Communication, or related fields is desirable, as well as experience in the role.<\/p>\n\n\n\n<h3 class=\"wp-block-heading\">Customer Experience Assistant<\/h3>\n\n\n\n<p>The Customer Experience Assistant focuses on ensuring that customers have a positive and memorable experience with the brand. Their responsibilities include:<\/p>\n\n\n\n<ul class=\"wp-block-list\">\n<li><strong>Customer service<\/strong>Answering questions and solving problems through various communication channels.<\/li>\n\n\n\n<li><strong>Monitoring feedback<\/strong>Collect and analyze customer feedback to propose process improvements.<\/li>\n\n\n\n<li><strong>Support in campaigns<\/strong>: To assist in implementing actions aimed at increasing customer satisfaction and loyalty.<\/li>\n<\/ul>\n\n\n\n<p>Candidates for this position should possess communication skills, empathy, and proactivity.<\/p>\n\n\n\n<h3 class=\"wp-block-heading\">Stockist<\/h3>\n\n\n\n<p>The Stock Clerk plays a crucial role in the organization and efficiency of the store. Their main functions are:<\/p>\n\n\n\n<ul class=\"wp-block-list\">\n<li><strong>Inventory management<\/strong>Receiving, checking, and organizing products in the stockroom, ensuring availability for replenishment.<\/li>\n\n\n\n<li><strong>Inventory control<\/strong>Perform periodic counts and keep the system updated with information on the entry and exit of goods.<\/li>\n\n\n\n<li><strong>Sales team support<\/strong>To ensure that products are always available on the sales floor, contributing to a better customer experience.<\/li>\n<\/ul>\n\n\n\n<p>No prior experience is required for this role, but organization and attention to detail are essential.<\/p>\n\n\n\n<h3 class=\"wp-block-heading\">Junior Transportation Analyst<\/h3>\n\n\n\n<p>For those seeking an opportunity in the logistics field, the Junior Transportation Analyst position involves:<\/p>\n\n\n\n<ul class=\"wp-block-list\">\n<li><strong>Delivery coordination<\/strong>Monitor the product distribution flow, ensuring deadlines and quality.<\/li>\n\n\n\n<li><strong>Relationship with carriers<\/strong>Negotiate and monitor the performance of logistics partners.<\/li>\n\n\n\n<li><strong>Cost analysis<\/strong>Control transportation-related expenses and seek solutions for optimization.<\/li>\n<\/ul>\n\n\n\n<p>A degree in Logistics, Business Administration, or related fields is recommended, as well as analytical and negotiation skills.<\/p>\n\n\n\n<h2 class=\"wp-block-heading\">How to apply?<\/h2>\n\n\n\n<p>Interested in joining the Shoulder team? The application process is simple and can be done online. Follow the steps below:<\/p>\n\n\n\n<ol class=\"wp-block-list\">\n<li>Visit the Shoulder careers website: <strong>https:\/\/shoulder.gupy.io\/<\/strong><\/li>\n\n\n\n<li>Use the filters to find opportunities that match your profile and location.<\/li>\n\n\n\n<li>Click on the desired position to get more details about the responsibilities and requirements.<\/li>\n\n\n\n<li>Fill out the form with your personal information, work experience, and attach your updated resume.<\/li>\n\n\n\n<li>After reviewing all the information, confirm the submission and wait for the recruitment team to contact you.<\/li>\n<\/ol>\n\n\n\n<p>In addition to specific job openings, Shoulder maintains a talent pool for future opportunities. If you don&#039;t find a position that matches your profile at the moment, you can register to be considered for future selection processes.<\/p>\n\n\n\n<p>Take this opportunity to join a company that values its employees and is constantly expanding. Good luck with your application!<\/p>\n\n\n\n<p><strong>See also: <a href=\"https:\/\/www.vagadeempregorj.com.br\/en\/leading-group-64-job-openings-across-the-country\/\">Lider Group: 64 job openings across the country<\/a><\/strong><\/p>\n\n\n\n<p>March 3, 2025<\/p>","protected":false},"excerpt":{"rendered":"<p>Se voc\u00ea est\u00e1 em busca de novas oportunidades no mercado de trabalho, tenho uma not\u00edcia que pode te interessar. A Shoulder, renomada marca de moda feminina, est\u00e1 com 138 vagas de emprego abertas em diversas regi\u00f5es do Brasil. Esta pode ser a chance que voc\u00ea esperava para ingressar em uma empresa din\u00e2mica e em constante&hellip;&nbsp;<\/p>","protected":false},"author":16,"featured_media":42674,"comment_status":"closed","ping_status":"closed","sticky":false,"template":"","format":"standard","meta":{"neve_meta_sidebar":"","neve_meta_container":"","neve_meta_enable_content_width":"","neve_meta_content_width":0,"neve_meta_title_alignment":"","neve_meta_author_avatar":"","neve_post_elements_order":"","neve_meta_disable_header":"","neve_meta_disable_footer":"","neve_meta_disable_title":"","footnotes":""},"categories":[123],"tags":[],"class_list":["post-42655","post","type-post","status-publish","format-standard","has-post-thumbnail","hentry","category-vagas-de-emprego-nacionais"],"yoast_head":"<!-- This site is optimized with the Yoast SEO plugin v27.4 - https:\/\/yoast.com\/product\/yoast-seo-wordpress\/ -->\n<title>Shoulder: 138 vagas de emprego abertas pelo pa\u00eds -<\/title>\n<meta name=\"description\" content=\"Veja em Vagas de Emprego RJ as vagas de emprego com e sem experi\u00eancia no seu Estado e Regi\u00e3o!\" \/>\n<meta name=\"robots\" content=\"index, follow, max-snippet:-1, max-image-preview:large, max-video-preview:-1\" \/>\n<link rel=\"canonical\" href=\"https:\/\/www.vagadeempregorj.com.br\/en\/shoulder-138-job-openings-across-the-country\/\" \/>\n<meta property=\"og:locale\" content=\"en_US\" \/>\n<meta property=\"og:type\" content=\"article\" \/>\n<meta property=\"og:title\" content=\"Shoulder: 138 vagas de emprego abertas pelo pa\u00eds -\" \/>\n<meta property=\"og:description\" content=\"Veja em Vagas de Emprego RJ as vagas de emprego com e sem experi\u00eancia no seu Estado e Regi\u00e3o!\" \/>\n<meta property=\"og:url\" content=\"https:\/\/www.vagadeempregorj.com.br\/en\/shoulder-138-job-openings-across-the-country\/\" \/>\n<meta property=\"article:publisher\" content=\"https:\/\/www.facebook.com\/empregobrasiloficial\" \/>\n<meta property=\"article:published_time\" content=\"2025-03-03T09:00:00+00:00\" \/>\n<meta property=\"og:image\" content=\"https:\/\/www.vagadeempregorj.com.br\/wp-content\/uploads\/2025\/02\/image-42.png\" \/>\n\t<meta property=\"og:image:width\" content=\"1000\" \/>\n\t<meta property=\"og:image:height\" content=\"750\" \/>\n\t<meta property=\"og:image:type\" content=\"image\/png\" \/>\n<meta name=\"author\" content=\"Michele\" \/>\n<meta name=\"twitter:card\" content=\"summary_large_image\" \/>\n<meta name=\"twitter:label1\" content=\"Written by\" \/>\n\t<meta name=\"twitter:data1\" content=\"Michele\" \/>\n\t<meta name=\"twitter:label2\" content=\"Est. reading time\" \/>\n\t<meta name=\"twitter:data2\" content=\"4 minutes\" \/>\n<script type=\"application\/ld+json\" class=\"yoast-schema-graph\">{\"@context\":\"https:\\\/\\\/schema.org\",\"@graph\":[{\"@type\":\"Article\",\"@id\":\"https:\\\/\\\/www.vagadeempregorj.com.br\\\/shoulder-138-vagas-de-emprego-abertas-pelo-pais\\\/#article\",\"isPartOf\":{\"@id\":\"https:\\\/\\\/www.vagadeempregorj.com.br\\\/shoulder-138-vagas-de-emprego-abertas-pelo-pais\\\/\"},\"author\":{\"name\":\"Michele\",\"@id\":\"https:\\\/\\\/www.vagadeempregorj.com.br\\\/#\\\/schema\\\/person\\\/3ddb19fa0539706786e502152f3aae95\"},\"headline\":\"Shoulder: 138 vagas de emprego abertas pelo pa\u00eds\",\"datePublished\":\"2025-03-03T09:00:00+00:00\",\"mainEntityOfPage\":{\"@id\":\"https:\\\/\\\/www.vagadeempregorj.com.br\\\/shoulder-138-vagas-de-emprego-abertas-pelo-pais\\\/\"},\"wordCount\":868,\"image\":{\"@id\":\"https:\\\/\\\/www.vagadeempregorj.com.br\\\/shoulder-138-vagas-de-emprego-abertas-pelo-pais\\\/#primaryimage\"},\"thumbnailUrl\":\"https:\\\/\\\/www.vagadeempregorj.com.br\\\/wp-content\\\/uploads\\\/2025\\\/02\\\/image-42.png\",\"articleSection\":[\"Vagas de Emprego Nacionais\"],\"inLanguage\":\"en-US\"},{\"@type\":\"WebPage\",\"@id\":\"https:\\\/\\\/www.vagadeempregorj.com.br\\\/shoulder-138-vagas-de-emprego-abertas-pelo-pais\\\/\",\"url\":\"https:\\\/\\\/www.vagadeempregorj.com.br\\\/shoulder-138-vagas-de-emprego-abertas-pelo-pais\\\/\",\"name\":\"Shoulder: 138 vagas de emprego abertas pelo pa\u00eds -\",\"isPartOf\":{\"@id\":\"https:\\\/\\\/www.vagadeempregorj.com.br\\\/#website\"},\"primaryImageOfPage\":{\"@id\":\"https:\\\/\\\/www.vagadeempregorj.com.br\\\/shoulder-138-vagas-de-emprego-abertas-pelo-pais\\\/#primaryimage\"},\"image\":{\"@id\":\"https:\\\/\\\/www.vagadeempregorj.com.br\\\/shoulder-138-vagas-de-emprego-abertas-pelo-pais\\\/#primaryimage\"},\"thumbnailUrl\":\"https:\\\/\\\/www.vagadeempregorj.com.br\\\/wp-content\\\/uploads\\\/2025\\\/02\\\/image-42.png\",\"datePublished\":\"2025-03-03T09:00:00+00:00\",\"author\":{\"@id\":\"https:\\\/\\\/www.vagadeempregorj.com.br\\\/#\\\/schema\\\/person\\\/3ddb19fa0539706786e502152f3aae95\"},\"description\":\"Veja em Vagas de Emprego RJ as vagas de emprego com e sem experi\u00eancia no seu Estado e Regi\u00e3o!\",\"breadcrumb\":{\"@id\":\"https:\\\/\\\/www.vagadeempregorj.com.br\\\/shoulder-138-vagas-de-emprego-abertas-pelo-pais\\\/#breadcrumb\"},\"inLanguage\":\"en-US\",\"potentialAction\":[{\"@type\":\"ReadAction\",\"target\":[\"https:\\\/\\\/www.vagadeempregorj.com.br\\\/shoulder-138-vagas-de-emprego-abertas-pelo-pais\\\/\"]}]},{\"@type\":\"ImageObject\",\"inLanguage\":\"en-US\",\"@id\":\"https:\\\/\\\/www.vagadeempregorj.com.br\\\/shoulder-138-vagas-de-emprego-abertas-pelo-pais\\\/#primaryimage\",\"url\":\"https:\\\/\\\/www.vagadeempregorj.com.br\\\/wp-content\\\/uploads\\\/2025\\\/02\\\/image-42.png\",\"contentUrl\":\"https:\\\/\\\/www.vagadeempregorj.com.br\\\/wp-content\\\/uploads\\\/2025\\\/02\\\/image-42.png\",\"width\":1000,\"height\":750},{\"@type\":\"BreadcrumbList\",\"@id\":\"https:\\\/\\\/www.vagadeempregorj.com.br\\\/shoulder-138-vagas-de-emprego-abertas-pelo-pais\\\/#breadcrumb\",\"itemListElement\":[{\"@type\":\"ListItem\",\"position\":1,\"name\":\"In\u00edcio\",\"item\":\"https:\\\/\\\/www.vagadeempregorj.com.br\\\/\"},{\"@type\":\"ListItem\",\"position\":2,\"name\":\"Vagas de Emprego Nacionais\",\"item\":\"https:\\\/\\\/www.vagadeempregorj.com.br\\\/vagas-de-emprego-nacionais\\\/\"},{\"@type\":\"ListItem\",\"position\":3,\"name\":\"Shoulder: 138 vagas de emprego abertas pelo pa\u00eds\"}]},{\"@type\":\"WebSite\",\"@id\":\"https:\\\/\\\/www.vagadeempregorj.com.br\\\/#website\",\"url\":\"https:\\\/\\\/www.vagadeempregorj.com.br\\\/\",\"name\":\"\",\"description\":\"Conquiste Sonhos: Vagas, Benef\u00edcios e Economia para Transformar Vidas e Alcan\u00e7ar Melhorias Cotidianas\",\"potentialAction\":[{\"@type\":\"SearchAction\",\"target\":{\"@type\":\"EntryPoint\",\"urlTemplate\":\"https:\\\/\\\/www.vagadeempregorj.com.br\\\/?s={search_term_string}\"},\"query-input\":{\"@type\":\"PropertyValueSpecification\",\"valueRequired\":true,\"valueName\":\"search_term_string\"}}],\"inLanguage\":\"en-US\"},{\"@type\":\"Person\",\"@id\":\"https:\\\/\\\/www.vagadeempregorj.com.br\\\/#\\\/schema\\\/person\\\/3ddb19fa0539706786e502152f3aae95\",\"name\":\"Michele\",\"image\":{\"@type\":\"ImageObject\",\"inLanguage\":\"en-US\",\"@id\":\"https:\\\/\\\/secure.gravatar.com\\\/avatar\\\/6b0eb9d22841282815e2cd856a0061c45e1761cd54b22e952d98c4746939aa85?s=96&r=g\",\"url\":\"https:\\\/\\\/secure.gravatar.com\\\/avatar\\\/6b0eb9d22841282815e2cd856a0061c45e1761cd54b22e952d98c4746939aa85?s=96&r=g\",\"contentUrl\":\"https:\\\/\\\/secure.gravatar.com\\\/avatar\\\/6b0eb9d22841282815e2cd856a0061c45e1761cd54b22e952d98c4746939aa85?s=96&r=g\",\"caption\":\"Michele\"},\"description\":\"Formada em Letras - Portugu\u00eas\\\/ Ingl\u00eas, e idealizadora do site Escritora de Sucesso, busca expandir o conhecimento de todos com informa\u00e7\u00f5es relevantes sobre diversos assuntos, enquanto redatora. No Vaga de Emprego RJ, traz oportunidades e dicas sobre o mercado de trabalho.\",\"url\":\"https:\\\/\\\/www.vagadeempregorj.com.br\\\/en\\\/author\\\/michele\\\/\"}]}<\/script>\n<!-- \/ Yoast SEO plugin. -->","yoast_head_json":{"title":"Shoulder: 138 job openings across the country -","description":"Check out Job Vacancies in RJ for job openings with and without experience in your state and region!","robots":{"index":"index","follow":"follow","max-snippet":"max-snippet:-1","max-image-preview":"max-image-preview:large","max-video-preview":"max-video-preview:-1"},"canonical":"https:\/\/www.vagadeempregorj.com.br\/en\/shoulder-138-job-openings-across-the-country\/","og_locale":"en_US","og_type":"article","og_title":"Shoulder: 138 vagas de emprego abertas pelo pa\u00eds -","og_description":"Veja em Vagas de Emprego RJ as vagas de emprego com e sem experi\u00eancia no seu Estado e Regi\u00e3o!","og_url":"https:\/\/www.vagadeempregorj.com.br\/en\/shoulder-138-job-openings-across-the-country\/","article_publisher":"https:\/\/www.facebook.com\/empregobrasiloficial","article_published_time":"2025-03-03T09:00:00+00:00","og_image":[{"width":1000,"height":750,"url":"https:\/\/www.vagadeempregorj.com.br\/wp-content\/uploads\/2025\/02\/image-42.png","type":"image\/png"}],"author":"Michele","twitter_card":"summary_large_image","twitter_misc":{"Written by":"Michele","Est. reading time":"4 minutes"},"schema":{"@context":"https:\/\/schema.org","@graph":[{"@type":"Article","@id":"https:\/\/www.vagadeempregorj.com.br\/shoulder-138-vagas-de-emprego-abertas-pelo-pais\/#article","isPartOf":{"@id":"https:\/\/www.vagadeempregorj.com.br\/shoulder-138-vagas-de-emprego-abertas-pelo-pais\/"},"author":{"name":"Michele","@id":"https:\/\/www.vagadeempregorj.com.br\/#\/schema\/person\/3ddb19fa0539706786e502152f3aae95"},"headline":"Shoulder: 138 vagas de emprego abertas pelo pa\u00eds","datePublished":"2025-03-03T09:00:00+00:00","mainEntityOfPage":{"@id":"https:\/\/www.vagadeempregorj.com.br\/shoulder-138-vagas-de-emprego-abertas-pelo-pais\/"},"wordCount":868,"image":{"@id":"https:\/\/www.vagadeempregorj.com.br\/shoulder-138-vagas-de-emprego-abertas-pelo-pais\/#primaryimage"},"thumbnailUrl":"https:\/\/www.vagadeempregorj.com.br\/wp-content\/uploads\/2025\/02\/image-42.png","articleSection":["Vagas de Emprego Nacionais"],"inLanguage":"en-US"},{"@type":"WebPage","@id":"https:\/\/www.vagadeempregorj.com.br\/shoulder-138-vagas-de-emprego-abertas-pelo-pais\/","url":"https:\/\/www.vagadeempregorj.com.br\/shoulder-138-vagas-de-emprego-abertas-pelo-pais\/","name":"Shoulder: 138 job openings across the country -","isPartOf":{"@id":"https:\/\/www.vagadeempregorj.com.br\/#website"},"primaryImageOfPage":{"@id":"https:\/\/www.vagadeempregorj.com.br\/shoulder-138-vagas-de-emprego-abertas-pelo-pais\/#primaryimage"},"image":{"@id":"https:\/\/www.vagadeempregorj.com.br\/shoulder-138-vagas-de-emprego-abertas-pelo-pais\/#primaryimage"},"thumbnailUrl":"https:\/\/www.vagadeempregorj.com.br\/wp-content\/uploads\/2025\/02\/image-42.png","datePublished":"2025-03-03T09:00:00+00:00","author":{"@id":"https:\/\/www.vagadeempregorj.com.br\/#\/schema\/person\/3ddb19fa0539706786e502152f3aae95"},"description":"Check out Job Vacancies in RJ for job openings with and without experience in your state and region!","breadcrumb":{"@id":"https:\/\/www.vagadeempregorj.com.br\/shoulder-138-vagas-de-emprego-abertas-pelo-pais\/#breadcrumb"},"inLanguage":"en-US","potentialAction":[{"@type":"ReadAction","target":["https:\/\/www.vagadeempregorj.com.br\/shoulder-138-vagas-de-emprego-abertas-pelo-pais\/"]}]},{"@type":"ImageObject","inLanguage":"en-US","@id":"https:\/\/www.vagadeempregorj.com.br\/shoulder-138-vagas-de-emprego-abertas-pelo-pais\/#primaryimage","url":"https:\/\/www.vagadeempregorj.com.br\/wp-content\/uploads\/2025\/02\/image-42.png","contentUrl":"https:\/\/www.vagadeempregorj.com.br\/wp-content\/uploads\/2025\/02\/image-42.png","width":1000,"height":750},{"@type":"BreadcrumbList","@id":"https:\/\/www.vagadeempregorj.com.br\/shoulder-138-vagas-de-emprego-abertas-pelo-pais\/#breadcrumb","itemListElement":[{"@type":"ListItem","position":1,"name":"In\u00edcio","item":"https:\/\/www.vagadeempregorj.com.br\/"},{"@type":"ListItem","position":2,"name":"Vagas de Emprego Nacionais","item":"https:\/\/www.vagadeempregorj.com.br\/vagas-de-emprego-nacionais\/"},{"@type":"ListItem","position":3,"name":"Shoulder: 138 vagas de emprego abertas pelo pa\u00eds"}]},{"@type":"WebSite","@id":"https:\/\/www.vagadeempregorj.com.br\/#website","url":"https:\/\/www.vagadeempregorj.com.br\/","name":"","description":"Achieve Dreams: Jobs, Benefits, and Savings to Transform Lives and Achieve Everyday Improvements","potentialAction":[{"@type":"SearchAction","target":{"@type":"EntryPoint","urlTemplate":"https:\/\/www.vagadeempregorj.com.br\/?s={search_term_string}"},"query-input":{"@type":"PropertyValueSpecification","valueRequired":true,"valueName":"search_term_string"}}],"inLanguage":"en-US"},{"@type":"Person","@id":"https:\/\/www.vagadeempregorj.com.br\/#\/schema\/person\/3ddb19fa0539706786e502152f3aae95","name":"Michele","image":{"@type":"ImageObject","inLanguage":"en-US","@id":"https:\/\/secure.gravatar.com\/avatar\/6b0eb9d22841282815e2cd856a0061c45e1761cd54b22e952d98c4746939aa85?s=96&r=g","url":"https:\/\/secure.gravatar.com\/avatar\/6b0eb9d22841282815e2cd856a0061c45e1761cd54b22e952d98c4746939aa85?s=96&r=g","contentUrl":"https:\/\/secure.gravatar.com\/avatar\/6b0eb9d22841282815e2cd856a0061c45e1761cd54b22e952d98c4746939aa85?s=96&r=g","caption":"Michele"},"description":"With a degree in Literature (Portuguese\/English), and the creator of the website Escritora de Sucesso, she works as a writer to expand everyone&#039;s knowledge with relevant information on a variety of topics. At Vaga de Emprego RJ, she provides opportunities and tips on the job market.","url":"https:\/\/www.vagadeempregorj.com.br\/en\/author\/michele\/"}]}},"_links":{"self":[{"href":"https:\/\/www.vagadeempregorj.com.br\/en\/wp-json\/wp\/v2\/posts\/42655","targetHints":{"allow":["GET"]}}],"collection":[{"href":"https:\/\/www.vagadeempregorj.com.br\/en\/wp-json\/wp\/v2\/posts"}],"about":[{"href":"https:\/\/www.vagadeempregorj.com.br\/en\/wp-json\/wp\/v2\/types\/post"}],"author":[{"embeddable":true,"href":"https:\/\/www.vagadeempregorj.com.br\/en\/wp-json\/wp\/v2\/users\/16"}],"replies":[{"embeddable":true,"href":"https:\/\/www.vagadeempregorj.com.br\/en\/wp-json\/wp\/v2\/comments?post=42655"}],"version-history":[{"count":0,"href":"https:\/\/www.vagadeempregorj.com.br\/en\/wp-json\/wp\/v2\/posts\/42655\/revisions"}],"wp:featuredmedia":[{"embeddable":true,"href":"https:\/\/www.vagadeempregorj.com.br\/en\/wp-json\/wp\/v2\/media\/42674"}],"wp:attachment":[{"href":"https:\/\/www.vagadeempregorj.com.br\/en\/wp-json\/wp\/v2\/media?parent=42655"}],"wp:term":[{"taxonomy":"category","embeddable":true,"href":"https:\/\/www.vagadeempregorj.com.br\/en\/wp-json\/wp\/v2\/categories?post=42655"},{"taxonomy":"post_tag","embeddable":true,"href":"https:\/\/www.vagadeempregorj.com.br\/en\/wp-json\/wp\/v2\/tags?post=42655"}],"curies":[{"name":"wp","href":"https:\/\/api.w.org\/{rel}","templated":true}]}}