{"id":43787,"date":"2025-09-16T21:45:37","date_gmt":"2025-09-17T00:45:37","guid":{"rendered":"https:\/\/www.vagadeempregorj.com.br\/?p=43787"},"modified":"2025-09-16T21:45:38","modified_gmt":"2025-09-17T00:45:38","slug":"booming-job-market-areas-that-will-hire-the-most-in-2025","status":"publish","type":"post","link":"https:\/\/www.vagadeempregorj.com.br\/en\/mercado-de-trabalho-em-alta-areas-que-mais-contratam-em-2025\/","title":{"rendered":"Booming job market: areas that will hire the most in 2025"},"content":{"rendered":"<p class=\"has-text-align-center\"><strong>Become a contractor in one of the most prominent areas this year<\/strong><\/p>\n\n\n\n<p>The Brazilian job market in 2025 is teeming with activity and promises many opportunities for those seeking career advancement or even a career change. Digital transformations, the quest for sustainability, and corporate restructuring after years of adapting to technology and new consumption patterns have created a new list of professions on the rise. While some careers were once seen as the future, today they are already a reality and are hiring at a high rate.<\/p>\n\n\n\n<h2 class=\"wp-block-heading\">Technology and artificial intelligence<\/h2>\n\n\n\n<p>It&#039;s no surprise that the technology sector continues to boom. Companies of all sizes are seeking professionals capable of handling artificial intelligence, cybersecurity, data analysis, and software development. Roles such as data engineers, AI scientists, and cybersecurity specialists are increasingly in demand. This is because digitalization continues, and information protection has become a global priority. Furthermore, the advancement of automation requires professionals who know how to create, monitor, and maintain intelligent systems.<\/p>\n\n\n\n<h2 class=\"wp-block-heading\">Health and well-being<\/h2>\n\n\n\n<p>The healthcare sector remains one of the largest employers. By 2025, demand will grow not only for doctors and nurses, but also for physical therapists, psychologists, nutritionists, and mental health professionals. Popular clinics and online services have expanded, and with them, new hiring methods have emerged. Another point is that the aging of the Brazilian population generates a greater need for caregivers, geriatric professionals, and specialists in long-term therapies.<\/p>\n\n\n\n<h2 class=\"wp-block-heading\">Sustainability and the environment<\/h2>\n\n\n\n<p>The search for sustainable solutions is one of the biggest drivers of hiring this year. Professionals working with renewable energy, environmental management, sustainable agriculture, and green logistics are in demand at companies across a variety of sectors. The push for environmental goals and the appreciation of environmentally friendly businesses have created opportunities for previously under-recognized positions, such as ESG (environmental, social, and governance) managers and carbon analysts.<\/p>\n\n\n\n<h2 class=\"wp-block-heading\">Logistics and e-commerce<\/h2>\n\n\n\n<p>With the growth of e-commerce, logistics has gained even more prominence. By 2025, the demand for delivery drivers, distribution center professionals, logistics analysts, and inventory management specialists has increased significantly. Companies are investing in technology to improve delivery efficiency, but they still need teams prepared to handle the high volume of orders. This is an area that is expected to continue growing in the coming years.<\/p>\n\n\n\n<h2 class=\"wp-block-heading\">Digital education and training<\/h2>\n\n\n\n<p>Education has also transformed, opening up space for teachers and instructors who work in a hybrid format, combining in-person and online classes. Language teaching, programming, and short technical courses are on the rise. Digital learning platforms have expanded, creating demand for tutors, educational content creators, and even virtual course coordinators. The need for constant updating in the job market generates a continuous hiring cycle in this sector.<\/p>\n\n\n\n<h2 class=\"wp-block-heading\">Creative economy and digital marketing<\/h2>\n\n\n\n<p>Digital marketing, design, content production, and social media management professionals remain in high demand in 2025. Companies have realized that simply being online isn&#039;t enough; they need to stand out from the competition. This has created opportunities for specialists in paid traffic, SEO, short video creation, and metrics analysis. Furthermore, the creative economy, which encompasses music, visual arts, fashion, and entertainment, is also driving hiring and opening doors for new talent.<\/p>\n\n\n\n<h2 class=\"wp-block-heading\">Civil construction and infrastructure<\/h2>\n\n\n\n<p>With increased investment in public and private projects, construction has once again become one of the largest employers in Brazil. Bricklayers, engineers, architects, electricians, and building technicians are being called upon in large numbers. Affordable housing projects, urban infrastructure, and highway expansion are generating numerous opportunities throughout the country.<\/p>\n\n\n\n<h2 class=\"wp-block-heading\">Energy and electrical transition<\/h2>\n\n\n\n<p>The search for clean energy sources has created a space for professionals specializing in solar, wind, and electric power. Solar panel installation technicians, energy engineers, and environmental consultants are among the most sought-after positions. This energy transition is considered a global trend and is expected to continue creating jobs for years to come.<\/p>\n\n\n\n<h2 class=\"wp-block-heading\">Conclusion<\/h2>\n\n\n\n<p>THE <strong>job market in 2025<\/strong> shows that technology, healthcare, sustainability, logistics, digital education, marketing, and construction are areas that remain dynamic and prosperous. For those seeking new opportunities, now is the time to evaluate which sectors best suit their profile and invest in training. After all, companies are looking for professionals prepared for the challenges of a constantly changing world.<\/p>\n\n\n\n<p><strong>See also: <a href=\"https:\/\/www.vagadeempregorj.com.br\/en\/the-job-market-wants-professionals-from-these-courses-find-out-which-ones-they-are\/\">The job market wants professionals in these courses \u2013 find out which ones they are!<\/a><\/strong><\/p>\n\n\n\n<p>Published on September 16, 2025<\/p>","protected":false},"excerpt":{"rendered":"<p>Seja um contratado em uma das \u00e1reas que mais est\u00e3o em destaque esse ano O mercado de trabalho brasileiro em 2025 est\u00e1 cheio de movimenta\u00e7\u00f5es e promete muitas oportunidades para quem deseja crescer na carreira ou at\u00e9 mesmo mudar de \u00e1rea. As transforma\u00e7\u00f5es digitais, a busca por sustentabilidade e a reestrutura\u00e7\u00e3o das empresas ap\u00f3s anos&hellip;&nbsp;<\/p>","protected":false},"author":16,"featured_media":43788,"comment_status":"closed","ping_status":"closed","sticky":false,"template":"","format":"standard","meta":{"neve_meta_sidebar":"","neve_meta_container":"","neve_meta_enable_content_width":"","neve_meta_content_width":0,"neve_meta_title_alignment":"","neve_meta_author_avatar":"","neve_post_elements_order":"","neve_meta_disable_header":"","neve_meta_disable_footer":"","neve_meta_disable_title":"","footnotes":""},"categories":[804],"tags":[],"class_list":["post-43787","post","type-post","status-publish","format-standard","has-post-thumbnail","hentry","category-economia"],"yoast_head":"<!-- This site is optimized with the Yoast SEO plugin v27.5 - https:\/\/yoast.com\/product\/yoast-seo-wordpress\/ -->\n<title>Mercado de trabalho em alta: \u00e1reas que mais contratam em 2025 -<\/title>\n<meta name=\"description\" content=\"Veja em Vagas de Emprego RJ as vagas de emprego com e sem experi\u00eancia no seu Estado e Regi\u00e3o!\" \/>\n<meta name=\"robots\" content=\"index, follow, max-snippet:-1, max-image-preview:large, max-video-preview:-1\" \/>\n<link rel=\"canonical\" href=\"https:\/\/www.vagadeempregorj.com.br\/en\/booming-job-market-areas-that-will-hire-the-most-in-2025\/\" \/>\n<meta property=\"og:locale\" content=\"en_US\" \/>\n<meta property=\"og:type\" content=\"article\" \/>\n<meta property=\"og:title\" content=\"Mercado de trabalho em alta: \u00e1reas que mais contratam em 2025 -\" \/>\n<meta property=\"og:description\" content=\"Veja em Vagas de Emprego RJ as vagas de emprego com e sem experi\u00eancia no seu Estado e Regi\u00e3o!\" \/>\n<meta property=\"og:url\" content=\"https:\/\/www.vagadeempregorj.com.br\/en\/booming-job-market-areas-that-will-hire-the-most-in-2025\/\" \/>\n<meta property=\"article:publisher\" content=\"https:\/\/www.facebook.com\/empregobrasiloficial\" \/>\n<meta property=\"article:published_time\" content=\"2025-09-17T00:45:37+00:00\" \/>\n<meta property=\"article:modified_time\" content=\"2025-09-17T00:45:38+00:00\" \/>\n<meta property=\"og:image\" content=\"https:\/\/www.vagadeempregorj.com.br\/wp-content\/uploads\/2025\/09\/mercado-de-trabalho-2025-1024x683.png\" \/>\n\t<meta property=\"og:image:width\" content=\"1024\" \/>\n\t<meta property=\"og:image:height\" content=\"683\" \/>\n\t<meta property=\"og:image:type\" content=\"image\/png\" \/>\n<meta name=\"author\" content=\"Michele\" \/>\n<meta name=\"twitter:card\" content=\"summary_large_image\" \/>\n<meta name=\"twitter:label1\" content=\"Written by\" \/>\n\t<meta name=\"twitter:data1\" content=\"Michele\" \/>\n\t<meta name=\"twitter:label2\" content=\"Est. reading time\" \/>\n\t<meta name=\"twitter:data2\" content=\"4 minutes\" \/>\n<script type=\"application\/ld+json\" class=\"yoast-schema-graph\">{\"@context\":\"https:\\\/\\\/schema.org\",\"@graph\":[{\"@type\":\"Article\",\"@id\":\"https:\\\/\\\/www.vagadeempregorj.com.br\\\/mercado-de-trabalho-em-alta-areas-que-mais-contratam-em-2025\\\/#article\",\"isPartOf\":{\"@id\":\"https:\\\/\\\/www.vagadeempregorj.com.br\\\/mercado-de-trabalho-em-alta-areas-que-mais-contratam-em-2025\\\/\"},\"author\":{\"name\":\"Michele\",\"@id\":\"https:\\\/\\\/www.vagadeempregorj.com.br\\\/#\\\/schema\\\/person\\\/3ddb19fa0539706786e502152f3aae95\"},\"headline\":\"Mercado de trabalho em alta: \u00e1reas que mais contratam em 2025\",\"datePublished\":\"2025-09-17T00:45:37+00:00\",\"dateModified\":\"2025-09-17T00:45:38+00:00\",\"mainEntityOfPage\":{\"@id\":\"https:\\\/\\\/www.vagadeempregorj.com.br\\\/mercado-de-trabalho-em-alta-areas-que-mais-contratam-em-2025\\\/\"},\"wordCount\":877,\"image\":{\"@id\":\"https:\\\/\\\/www.vagadeempregorj.com.br\\\/mercado-de-trabalho-em-alta-areas-que-mais-contratam-em-2025\\\/#primaryimage\"},\"thumbnailUrl\":\"https:\\\/\\\/www.vagadeempregorj.com.br\\\/wp-content\\\/uploads\\\/2025\\\/09\\\/mercado-de-trabalho-2025.png\",\"articleSection\":[\"Economia\"],\"inLanguage\":\"en-US\"},{\"@type\":\"WebPage\",\"@id\":\"https:\\\/\\\/www.vagadeempregorj.com.br\\\/mercado-de-trabalho-em-alta-areas-que-mais-contratam-em-2025\\\/\",\"url\":\"https:\\\/\\\/www.vagadeempregorj.com.br\\\/mercado-de-trabalho-em-alta-areas-que-mais-contratam-em-2025\\\/\",\"name\":\"Mercado de trabalho em alta: \u00e1reas que mais contratam em 2025 -\",\"isPartOf\":{\"@id\":\"https:\\\/\\\/www.vagadeempregorj.com.br\\\/#website\"},\"primaryImageOfPage\":{\"@id\":\"https:\\\/\\\/www.vagadeempregorj.com.br\\\/mercado-de-trabalho-em-alta-areas-que-mais-contratam-em-2025\\\/#primaryimage\"},\"image\":{\"@id\":\"https:\\\/\\\/www.vagadeempregorj.com.br\\\/mercado-de-trabalho-em-alta-areas-que-mais-contratam-em-2025\\\/#primaryimage\"},\"thumbnailUrl\":\"https:\\\/\\\/www.vagadeempregorj.com.br\\\/wp-content\\\/uploads\\\/2025\\\/09\\\/mercado-de-trabalho-2025.png\",\"datePublished\":\"2025-09-17T00:45:37+00:00\",\"dateModified\":\"2025-09-17T00:45:38+00:00\",\"author\":{\"@id\":\"https:\\\/\\\/www.vagadeempregorj.com.br\\\/#\\\/schema\\\/person\\\/3ddb19fa0539706786e502152f3aae95\"},\"description\":\"Veja em Vagas de Emprego RJ as vagas de emprego com e sem experi\u00eancia no seu Estado e Regi\u00e3o!\",\"breadcrumb\":{\"@id\":\"https:\\\/\\\/www.vagadeempregorj.com.br\\\/mercado-de-trabalho-em-alta-areas-que-mais-contratam-em-2025\\\/#breadcrumb\"},\"inLanguage\":\"en-US\",\"potentialAction\":[{\"@type\":\"ReadAction\",\"target\":[\"https:\\\/\\\/www.vagadeempregorj.com.br\\\/mercado-de-trabalho-em-alta-areas-que-mais-contratam-em-2025\\\/\"]}]},{\"@type\":\"ImageObject\",\"inLanguage\":\"en-US\",\"@id\":\"https:\\\/\\\/www.vagadeempregorj.com.br\\\/mercado-de-trabalho-em-alta-areas-que-mais-contratam-em-2025\\\/#primaryimage\",\"url\":\"https:\\\/\\\/www.vagadeempregorj.com.br\\\/wp-content\\\/uploads\\\/2025\\\/09\\\/mercado-de-trabalho-2025.png\",\"contentUrl\":\"https:\\\/\\\/www.vagadeempregorj.com.br\\\/wp-content\\\/uploads\\\/2025\\\/09\\\/mercado-de-trabalho-2025.png\",\"width\":1536,\"height\":1024,\"caption\":\"mercado de trabalho 2025\"},{\"@type\":\"BreadcrumbList\",\"@id\":\"https:\\\/\\\/www.vagadeempregorj.com.br\\\/mercado-de-trabalho-em-alta-areas-que-mais-contratam-em-2025\\\/#breadcrumb\",\"itemListElement\":[{\"@type\":\"ListItem\",\"position\":1,\"name\":\"In\u00edcio\",\"item\":\"https:\\\/\\\/www.vagadeempregorj.com.br\\\/\"},{\"@type\":\"ListItem\",\"position\":2,\"name\":\"Economia\",\"item\":\"https:\\\/\\\/www.vagadeempregorj.com.br\\\/economia\\\/\"},{\"@type\":\"ListItem\",\"position\":3,\"name\":\"Mercado de trabalho em alta: \u00e1reas que mais contratam em 2025\"}]},{\"@type\":\"WebSite\",\"@id\":\"https:\\\/\\\/www.vagadeempregorj.com.br\\\/#website\",\"url\":\"https:\\\/\\\/www.vagadeempregorj.com.br\\\/\",\"name\":\"\",\"description\":\"Conquiste Sonhos: Vagas, Benef\u00edcios e Economia para Transformar Vidas e Alcan\u00e7ar Melhorias Cotidianas\",\"potentialAction\":[{\"@type\":\"SearchAction\",\"target\":{\"@type\":\"EntryPoint\",\"urlTemplate\":\"https:\\\/\\\/www.vagadeempregorj.com.br\\\/?s={search_term_string}\"},\"query-input\":{\"@type\":\"PropertyValueSpecification\",\"valueRequired\":true,\"valueName\":\"search_term_string\"}}],\"inLanguage\":\"en-US\"},{\"@type\":\"Person\",\"@id\":\"https:\\\/\\\/www.vagadeempregorj.com.br\\\/#\\\/schema\\\/person\\\/3ddb19fa0539706786e502152f3aae95\",\"name\":\"Michele\",\"image\":{\"@type\":\"ImageObject\",\"inLanguage\":\"en-US\",\"@id\":\"https:\\\/\\\/secure.gravatar.com\\\/avatar\\\/6b0eb9d22841282815e2cd856a0061c45e1761cd54b22e952d98c4746939aa85?s=96&r=g\",\"url\":\"https:\\\/\\\/secure.gravatar.com\\\/avatar\\\/6b0eb9d22841282815e2cd856a0061c45e1761cd54b22e952d98c4746939aa85?s=96&r=g\",\"contentUrl\":\"https:\\\/\\\/secure.gravatar.com\\\/avatar\\\/6b0eb9d22841282815e2cd856a0061c45e1761cd54b22e952d98c4746939aa85?s=96&r=g\",\"caption\":\"Michele\"},\"description\":\"Formada em Letras - Portugu\u00eas\\\/ Ingl\u00eas, e idealizadora do site Escritora de Sucesso, busca expandir o conhecimento de todos com informa\u00e7\u00f5es relevantes sobre diversos assuntos, enquanto redatora. No Vaga de Emprego RJ, traz oportunidades e dicas sobre o mercado de trabalho.\",\"url\":\"https:\\\/\\\/www.vagadeempregorj.com.br\\\/en\\\/author\\\/michele\\\/\"}]}<\/script>\n<!-- \/ Yoast SEO plugin. -->","yoast_head_json":{"title":"Job market booming: areas that will hire the most in 2025 -","description":"Check out Job Vacancies in RJ for job openings with and without experience in your state and region!","robots":{"index":"index","follow":"follow","max-snippet":"max-snippet:-1","max-image-preview":"max-image-preview:large","max-video-preview":"max-video-preview:-1"},"canonical":"https:\/\/www.vagadeempregorj.com.br\/en\/booming-job-market-areas-that-will-hire-the-most-in-2025\/","og_locale":"en_US","og_type":"article","og_title":"Mercado de trabalho em alta: \u00e1reas que mais contratam em 2025 -","og_description":"Veja em Vagas de Emprego RJ as vagas de emprego com e sem experi\u00eancia no seu Estado e Regi\u00e3o!","og_url":"https:\/\/www.vagadeempregorj.com.br\/en\/booming-job-market-areas-that-will-hire-the-most-in-2025\/","article_publisher":"https:\/\/www.facebook.com\/empregobrasiloficial","article_published_time":"2025-09-17T00:45:37+00:00","article_modified_time":"2025-09-17T00:45:38+00:00","og_image":[{"width":1024,"height":683,"url":"https:\/\/www.vagadeempregorj.com.br\/wp-content\/uploads\/2025\/09\/mercado-de-trabalho-2025-1024x683.png","type":"image\/png"}],"author":"Michele","twitter_card":"summary_large_image","twitter_misc":{"Written by":"Michele","Est. reading time":"4 minutes"},"schema":{"@context":"https:\/\/schema.org","@graph":[{"@type":"Article","@id":"https:\/\/www.vagadeempregorj.com.br\/mercado-de-trabalho-em-alta-areas-que-mais-contratam-em-2025\/#article","isPartOf":{"@id":"https:\/\/www.vagadeempregorj.com.br\/mercado-de-trabalho-em-alta-areas-que-mais-contratam-em-2025\/"},"author":{"name":"Michele","@id":"https:\/\/www.vagadeempregorj.com.br\/#\/schema\/person\/3ddb19fa0539706786e502152f3aae95"},"headline":"Mercado de trabalho em alta: \u00e1reas que mais contratam em 2025","datePublished":"2025-09-17T00:45:37+00:00","dateModified":"2025-09-17T00:45:38+00:00","mainEntityOfPage":{"@id":"https:\/\/www.vagadeempregorj.com.br\/mercado-de-trabalho-em-alta-areas-que-mais-contratam-em-2025\/"},"wordCount":877,"image":{"@id":"https:\/\/www.vagadeempregorj.com.br\/mercado-de-trabalho-em-alta-areas-que-mais-contratam-em-2025\/#primaryimage"},"thumbnailUrl":"https:\/\/www.vagadeempregorj.com.br\/wp-content\/uploads\/2025\/09\/mercado-de-trabalho-2025.png","articleSection":["Economia"],"inLanguage":"en-US"},{"@type":"WebPage","@id":"https:\/\/www.vagadeempregorj.com.br\/mercado-de-trabalho-em-alta-areas-que-mais-contratam-em-2025\/","url":"https:\/\/www.vagadeempregorj.com.br\/mercado-de-trabalho-em-alta-areas-que-mais-contratam-em-2025\/","name":"Job market booming: areas that will hire the most in 2025 -","isPartOf":{"@id":"https:\/\/www.vagadeempregorj.com.br\/#website"},"primaryImageOfPage":{"@id":"https:\/\/www.vagadeempregorj.com.br\/mercado-de-trabalho-em-alta-areas-que-mais-contratam-em-2025\/#primaryimage"},"image":{"@id":"https:\/\/www.vagadeempregorj.com.br\/mercado-de-trabalho-em-alta-areas-que-mais-contratam-em-2025\/#primaryimage"},"thumbnailUrl":"https:\/\/www.vagadeempregorj.com.br\/wp-content\/uploads\/2025\/09\/mercado-de-trabalho-2025.png","datePublished":"2025-09-17T00:45:37+00:00","dateModified":"2025-09-17T00:45:38+00:00","author":{"@id":"https:\/\/www.vagadeempregorj.com.br\/#\/schema\/person\/3ddb19fa0539706786e502152f3aae95"},"description":"Check out Job Vacancies in RJ for job openings with and without experience in your state and region!","breadcrumb":{"@id":"https:\/\/www.vagadeempregorj.com.br\/mercado-de-trabalho-em-alta-areas-que-mais-contratam-em-2025\/#breadcrumb"},"inLanguage":"en-US","potentialAction":[{"@type":"ReadAction","target":["https:\/\/www.vagadeempregorj.com.br\/mercado-de-trabalho-em-alta-areas-que-mais-contratam-em-2025\/"]}]},{"@type":"ImageObject","inLanguage":"en-US","@id":"https:\/\/www.vagadeempregorj.com.br\/mercado-de-trabalho-em-alta-areas-que-mais-contratam-em-2025\/#primaryimage","url":"https:\/\/www.vagadeempregorj.com.br\/wp-content\/uploads\/2025\/09\/mercado-de-trabalho-2025.png","contentUrl":"https:\/\/www.vagadeempregorj.com.br\/wp-content\/uploads\/2025\/09\/mercado-de-trabalho-2025.png","width":1536,"height":1024,"caption":"mercado de trabalho 2025"},{"@type":"BreadcrumbList","@id":"https:\/\/www.vagadeempregorj.com.br\/mercado-de-trabalho-em-alta-areas-que-mais-contratam-em-2025\/#breadcrumb","itemListElement":[{"@type":"ListItem","position":1,"name":"In\u00edcio","item":"https:\/\/www.vagadeempregorj.com.br\/"},{"@type":"ListItem","position":2,"name":"Economia","item":"https:\/\/www.vagadeempregorj.com.br\/economia\/"},{"@type":"ListItem","position":3,"name":"Mercado de trabalho em alta: \u00e1reas que mais contratam em 2025"}]},{"@type":"WebSite","@id":"https:\/\/www.vagadeempregorj.com.br\/#website","url":"https:\/\/www.vagadeempregorj.com.br\/","name":"","description":"Achieve Dreams: Jobs, Benefits, and Savings to Transform Lives and Achieve Everyday Improvements","potentialAction":[{"@type":"SearchAction","target":{"@type":"EntryPoint","urlTemplate":"https:\/\/www.vagadeempregorj.com.br\/?s={search_term_string}"},"query-input":{"@type":"PropertyValueSpecification","valueRequired":true,"valueName":"search_term_string"}}],"inLanguage":"en-US"},{"@type":"Person","@id":"https:\/\/www.vagadeempregorj.com.br\/#\/schema\/person\/3ddb19fa0539706786e502152f3aae95","name":"Michele","image":{"@type":"ImageObject","inLanguage":"en-US","@id":"https:\/\/secure.gravatar.com\/avatar\/6b0eb9d22841282815e2cd856a0061c45e1761cd54b22e952d98c4746939aa85?s=96&r=g","url":"https:\/\/secure.gravatar.com\/avatar\/6b0eb9d22841282815e2cd856a0061c45e1761cd54b22e952d98c4746939aa85?s=96&r=g","contentUrl":"https:\/\/secure.gravatar.com\/avatar\/6b0eb9d22841282815e2cd856a0061c45e1761cd54b22e952d98c4746939aa85?s=96&r=g","caption":"Michele"},"description":"With a degree in Literature (Portuguese\/English), and the creator of the website Escritora de Sucesso, she works as a writer to expand everyone&#039;s knowledge with relevant information on a variety of topics. At Vaga de Emprego RJ, she provides opportunities and tips on the job market.","url":"https:\/\/www.vagadeempregorj.com.br\/en\/author\/michele\/"}]}},"_links":{"self":[{"href":"https:\/\/www.vagadeempregorj.com.br\/en\/wp-json\/wp\/v2\/posts\/43787","targetHints":{"allow":["GET"]}}],"collection":[{"href":"https:\/\/www.vagadeempregorj.com.br\/en\/wp-json\/wp\/v2\/posts"}],"about":[{"href":"https:\/\/www.vagadeempregorj.com.br\/en\/wp-json\/wp\/v2\/types\/post"}],"author":[{"embeddable":true,"href":"https:\/\/www.vagadeempregorj.com.br\/en\/wp-json\/wp\/v2\/users\/16"}],"replies":[{"embeddable":true,"href":"https:\/\/www.vagadeempregorj.com.br\/en\/wp-json\/wp\/v2\/comments?post=43787"}],"version-history":[{"count":1,"href":"https:\/\/www.vagadeempregorj.com.br\/en\/wp-json\/wp\/v2\/posts\/43787\/revisions"}],"predecessor-version":[{"id":43789,"href":"https:\/\/www.vagadeempregorj.com.br\/en\/wp-json\/wp\/v2\/posts\/43787\/revisions\/43789"}],"wp:featuredmedia":[{"embeddable":true,"href":"https:\/\/www.vagadeempregorj.com.br\/en\/wp-json\/wp\/v2\/media\/43788"}],"wp:attachment":[{"href":"https:\/\/www.vagadeempregorj.com.br\/en\/wp-json\/wp\/v2\/media?parent=43787"}],"wp:term":[{"taxonomy":"category","embeddable":true,"href":"https:\/\/www.vagadeempregorj.com.br\/en\/wp-json\/wp\/v2\/categories?post=43787"},{"taxonomy":"post_tag","embeddable":true,"href":"https:\/\/www.vagadeempregorj.com.br\/en\/wp-json\/wp\/v2\/tags?post=43787"}],"curies":[{"name":"wp","href":"https:\/\/api.w.org\/{rel}","templated":true}]}}