{"id":43936,"date":"2026-02-01T12:46:15","date_gmt":"2026-02-01T15:46:15","guid":{"rendered":"https:\/\/www.vagadeempregorj.com.br\/?p=43936"},"modified":"2025-12-21T12:48:07","modified_gmt":"2025-12-21T15:48:07","slug":"social-benefits-aimed-at-families-and-children-protection-development-and-social-inclusion","status":"publish","type":"post","link":"https:\/\/www.vagadeempregorj.com.br\/en\/beneficios-sociais-voltados-a-familia-e-as-criancas-protecao-desenvolvimento-e-inclusao-social\/","title":{"rendered":"Social Benefits Focused on Families and Children: Protection, Development, and Social Inclusion"},"content":{"rendered":"<p>The family is the central core of social organization, and children represent the future of any country. Therefore, a large part of public social welfare policies in Brazil is directed towards family protection and child development. These programs exist to ensure that children grow up in conditions of minimum dignity, with access to food, health, education, and security, especially in contexts of social vulnerability.<\/p>\n\n\n\n<p>In this article, you will understand how social benefits aimed at families and children work, why they are fundamental to the social development of the country, and how they contribute to reducing inequalities and building opportunities throughout life.<\/p>\n\n\n\n<h2 class=\"wp-block-heading\">Why are children and families a priority in social policies?<\/h2>\n\n\n\n<p>Children are entirely dependent on the environment in which they live. When a family faces financial, emotional, or structural difficulties, the impacts directly affect child development. Problems such as school dropout, malnutrition, child labor, and lack of access to healthcare are directly linked to family vulnerability.<\/p>\n\n\n\n<p>Public policies aimed at families and children seek to break this cycle. By strengthening the family structure, the State acts preventively, avoiding more serious social problems in the future and promoting conditions for children to develop in a healthy and safe way.<\/p>\n\n\n\n<h2 class=\"wp-block-heading\">What are social benefits aimed at families and children?<\/h2>\n\n\n\n<p>These benefits include financial support programs, access to public services, social monitoring, and protection policies that focus on ensuring the well-being of children and the stability of families.<\/p>\n\n\n\n<p>They are not limited to income transfer. They involve integrated actions in the areas of health, education, social assistance, and protection against situations of risk, such as neglect and violence.<\/p>\n\n\n\n<p>The goal is to create a support network that accompanies the family through different stages of life.<\/p>\n\n\n\n<h2 class=\"wp-block-heading\">Financial Support and Basic Security<\/h2>\n\n\n\n<p>Financial support for families with children is primarily intended to guarantee food security and minimum living conditions. This type of benefit helps families cover basic expenses such as food, clothing, and transportation.<\/p>\n\n\n\n<p>When a family has access to a minimum income, children tend to stay in school longer, show better health indicators, and are less exposed to situations of social risk. The impact goes beyond the financial, directly reflecting on emotional and cognitive development.<\/p>\n\n\n\n<h2 class=\"wp-block-heading\">Maternal and Child Health as a Social Pillar<\/h2>\n\n\n\n<p>The health of pregnant women and children is one of the central pillars of social benefits. Prenatal care, access to safe childbirth, childhood vaccination, and growth monitoring are essential measures to reduce infant mortality and ensure healthy development.<\/p>\n\n\n\n<p>These policies not only save lives, but also reduce future costs to the healthcare system, since prevention is always more effective than the late treatment of diseases.<\/p>\n\n\n\n<h2 class=\"wp-block-heading\">Early Childhood Education and School Attendance<\/h2>\n\n\n\n<p>Another key point is education. Social benefits aimed at families encourage children to stay in school, reducing dropout rates and promoting equal opportunities.<\/p>\n\n\n\n<p>When the state creates mechanisms that help families keep their children in school, it invests directly in the country&#039;s human capital. Quality education is one of the main factors in social mobility and poverty reduction across generations.<\/p>\n\n\n\n<h2 class=\"wp-block-heading\">Social Protection and Combating Vulnerability<\/h2>\n\n\n\n<p>In addition to financial and educational support, social benefits also act as protection against at-risk situations such as domestic violence, child labor, and neglect. Social assistance services support families in vulnerable situations, offering guidance, psychological support, and referrals when necessary.<\/p>\n\n\n\n<p>This integrated approach seeks not only to solve immediate problems, but also to strengthen family autonomy and the capacity to care for children.<\/p>\n\n\n\n<h2 class=\"wp-block-heading\">The Importance of Family Registration and Monitoring<\/h2>\n\n\n\n<p>For benefits to reach those who truly need them, it is essential that families are properly registered in official systems. Social monitoring allows for the identification of changes in family circumstances and the adjustment of support as needed.<\/p>\n\n\n\n<p>This monitoring is not punitive, but preventive. It allows for early intervention, preventing the worsening of risk situations and ensuring that children&#039;s rights are preserved.<\/p>\n\n\n\n<h2 class=\"wp-block-heading\">Long-Term Impacts of Family Benefits<\/h2>\n\n\n\n<p>The effects of policies aimed at families and children are not immediate, but cumulative. Children who grow up with access to adequate food, health, and education have a greater chance of completing their studies, entering the job market, and breaking cycles of poverty.<\/p>\n\n\n\n<p>These benefits represent a long-term social investment, the results of which are reflected in a more balanced, productive, and less unequal society.<\/p>\n\n\n\n<h2 class=\"wp-block-heading\">Challenges in Implementing the Benefits<\/h2>\n\n\n\n<p>Despite the importance of these policies, implementation challenges remain, such as difficulty accessing information, problems with updating registration data, and limitations in service capacity in some regions.<\/p>\n\n\n\n<p>Combating misinformation and expanding access to official guidance channels are fundamental measures to ensure that benefits fulfill their social role.<\/p>\n\n\n\n<h2 class=\"wp-block-heading\">Social Benefits and Shared Responsibility<\/h2>\n\n\n\n<p>Although social benefits are the responsibility of the state, the protection of children and families is a collective commitment. Communities, institutions, and families also play an important role in promoting safe and healthy environments for children.<\/p>\n\n\n\n<p>Working together strengthens public policies and expands their reach.<\/p>\n\n\n\n<h2 class=\"wp-block-heading\">Conclusion<\/h2>\n\n\n\n<p>Social benefits aimed at families and children are fundamental pillars of social protection in Brazil. They guarantee basic security, promote child development, and help build opportunities for the future.<\/p>\n\n\n\n<p>By investing in family and childhood, the State not only combats immediate poverty, but also builds solid foundations for a more just, balanced and sustainable society over time.<\/p>","protected":false},"excerpt":{"rendered":"<p>A fam\u00edlia \u00e9 o n\u00facleo central da organiza\u00e7\u00e3o social, e as crian\u00e7as representam o futuro de qualquer pa\u00eds. Por isso, grande parte das pol\u00edticas p\u00fablicas de benef\u00edcios sociais no Brasil \u00e9 direcionada \u00e0 prote\u00e7\u00e3o familiar e ao desenvolvimento infantil. Esses programas existem para garantir que crian\u00e7as cres\u00e7am em condi\u00e7\u00f5es m\u00ednimas de dignidade, com acesso \u00e0&hellip;&nbsp;<\/p>","protected":false},"author":1,"featured_media":43937,"comment_status":"closed","ping_status":"closed","sticky":false,"template":"","format":"standard","meta":{"neve_meta_sidebar":"","neve_meta_container":"","neve_meta_enable_content_width":"","neve_meta_content_width":0,"neve_meta_title_alignment":"","neve_meta_author_avatar":"","neve_post_elements_order":"","neve_meta_disable_header":"","neve_meta_disable_footer":"","neve_meta_disable_title":"","footnotes":""},"categories":[1],"tags":[],"class_list":["post-43936","post","type-post","status-publish","format-standard","has-post-thumbnail","hentry","category-beneficios-sociais"],"yoast_head":"<!-- This site is optimized with the Yoast SEO plugin v27.5 - https:\/\/yoast.com\/product\/yoast-seo-wordpress\/ -->\n<title>Benef\u00edcios Sociais Voltados \u00e0 Fam\u00edlia e \u00e0s Crian\u00e7as: Prote\u00e7\u00e3o, Desenvolvimento e Inclus\u00e3o Social -<\/title>\n<meta name=\"description\" content=\"Veja em Vagas de Emprego RJ as vagas de emprego com e sem experi\u00eancia no seu Estado e Regi\u00e3o!\" \/>\n<meta name=\"robots\" content=\"index, follow, max-snippet:-1, max-image-preview:large, max-video-preview:-1\" \/>\n<link rel=\"canonical\" href=\"https:\/\/www.vagadeempregorj.com.br\/en\/social-benefits-aimed-at-families-and-children-protection-development-and-social-inclusion\/\" \/>\n<meta property=\"og:locale\" content=\"en_US\" \/>\n<meta property=\"og:type\" content=\"article\" \/>\n<meta property=\"og:title\" content=\"Benef\u00edcios Sociais Voltados \u00e0 Fam\u00edlia e \u00e0s Crian\u00e7as: Prote\u00e7\u00e3o, Desenvolvimento e Inclus\u00e3o Social -\" \/>\n<meta property=\"og:description\" content=\"Veja em Vagas de Emprego RJ as vagas de emprego com e sem experi\u00eancia no seu Estado e Regi\u00e3o!\" \/>\n<meta property=\"og:url\" content=\"https:\/\/www.vagadeempregorj.com.br\/en\/social-benefits-aimed-at-families-and-children-protection-development-and-social-inclusion\/\" \/>\n<meta property=\"article:publisher\" content=\"https:\/\/www.facebook.com\/empregobrasiloficial\" \/>\n<meta property=\"article:published_time\" content=\"2026-02-01T15:46:15+00:00\" \/>\n<meta property=\"og:image\" content=\"https:\/\/www.vagadeempregorj.com.br\/wp-content\/uploads\/2025\/12\/beneficio-3-1024x683.png\" \/>\n\t<meta property=\"og:image:width\" content=\"1024\" \/>\n\t<meta property=\"og:image:height\" content=\"683\" \/>\n\t<meta property=\"og:image:type\" content=\"image\/png\" \/>\n<meta name=\"author\" content=\"Ana B.\" \/>\n<meta name=\"twitter:card\" content=\"summary_large_image\" \/>\n<meta name=\"twitter:label1\" content=\"Written by\" \/>\n\t<meta name=\"twitter:data1\" content=\"Ana B.\" \/>\n\t<meta name=\"twitter:label2\" content=\"Est. reading time\" \/>\n\t<meta name=\"twitter:data2\" content=\"5 minutes\" \/>\n<script type=\"application\/ld+json\" class=\"yoast-schema-graph\">{\"@context\":\"https:\\\/\\\/schema.org\",\"@graph\":[{\"@type\":\"Article\",\"@id\":\"https:\\\/\\\/www.vagadeempregorj.com.br\\\/beneficios-sociais-voltados-a-familia-e-as-criancas-protecao-desenvolvimento-e-inclusao-social\\\/#article\",\"isPartOf\":{\"@id\":\"https:\\\/\\\/www.vagadeempregorj.com.br\\\/beneficios-sociais-voltados-a-familia-e-as-criancas-protecao-desenvolvimento-e-inclusao-social\\\/\"},\"author\":{\"name\":\"Ana B.\",\"@id\":\"https:\\\/\\\/www.vagadeempregorj.com.br\\\/#\\\/schema\\\/person\\\/c0c38d5d765e86c3b7c8f12fb1ae6477\"},\"headline\":\"Benef\u00edcios Sociais Voltados \u00e0 Fam\u00edlia e \u00e0s Crian\u00e7as: Prote\u00e7\u00e3o, Desenvolvimento e Inclus\u00e3o Social\",\"datePublished\":\"2026-02-01T15:46:15+00:00\",\"mainEntityOfPage\":{\"@id\":\"https:\\\/\\\/www.vagadeempregorj.com.br\\\/beneficios-sociais-voltados-a-familia-e-as-criancas-protecao-desenvolvimento-e-inclusao-social\\\/\"},\"wordCount\":1111,\"image\":{\"@id\":\"https:\\\/\\\/www.vagadeempregorj.com.br\\\/beneficios-sociais-voltados-a-familia-e-as-criancas-protecao-desenvolvimento-e-inclusao-social\\\/#primaryimage\"},\"thumbnailUrl\":\"https:\\\/\\\/www.vagadeempregorj.com.br\\\/wp-content\\\/uploads\\\/2025\\\/12\\\/beneficio-3.png\",\"articleSection\":[\"Benef\u00edcios Sociais\"],\"inLanguage\":\"en-US\"},{\"@type\":\"WebPage\",\"@id\":\"https:\\\/\\\/www.vagadeempregorj.com.br\\\/beneficios-sociais-voltados-a-familia-e-as-criancas-protecao-desenvolvimento-e-inclusao-social\\\/\",\"url\":\"https:\\\/\\\/www.vagadeempregorj.com.br\\\/beneficios-sociais-voltados-a-familia-e-as-criancas-protecao-desenvolvimento-e-inclusao-social\\\/\",\"name\":\"Benef\u00edcios Sociais Voltados \u00e0 Fam\u00edlia e \u00e0s Crian\u00e7as: Prote\u00e7\u00e3o, Desenvolvimento e Inclus\u00e3o Social -\",\"isPartOf\":{\"@id\":\"https:\\\/\\\/www.vagadeempregorj.com.br\\\/#website\"},\"primaryImageOfPage\":{\"@id\":\"https:\\\/\\\/www.vagadeempregorj.com.br\\\/beneficios-sociais-voltados-a-familia-e-as-criancas-protecao-desenvolvimento-e-inclusao-social\\\/#primaryimage\"},\"image\":{\"@id\":\"https:\\\/\\\/www.vagadeempregorj.com.br\\\/beneficios-sociais-voltados-a-familia-e-as-criancas-protecao-desenvolvimento-e-inclusao-social\\\/#primaryimage\"},\"thumbnailUrl\":\"https:\\\/\\\/www.vagadeempregorj.com.br\\\/wp-content\\\/uploads\\\/2025\\\/12\\\/beneficio-3.png\",\"datePublished\":\"2026-02-01T15:46:15+00:00\",\"author\":{\"@id\":\"https:\\\/\\\/www.vagadeempregorj.com.br\\\/#\\\/schema\\\/person\\\/c0c38d5d765e86c3b7c8f12fb1ae6477\"},\"description\":\"Veja em Vagas de Emprego RJ as vagas de emprego com e sem experi\u00eancia no seu Estado e Regi\u00e3o!\",\"breadcrumb\":{\"@id\":\"https:\\\/\\\/www.vagadeempregorj.com.br\\\/beneficios-sociais-voltados-a-familia-e-as-criancas-protecao-desenvolvimento-e-inclusao-social\\\/#breadcrumb\"},\"inLanguage\":\"en-US\",\"potentialAction\":[{\"@type\":\"ReadAction\",\"target\":[\"https:\\\/\\\/www.vagadeempregorj.com.br\\\/beneficios-sociais-voltados-a-familia-e-as-criancas-protecao-desenvolvimento-e-inclusao-social\\\/\"]}]},{\"@type\":\"ImageObject\",\"inLanguage\":\"en-US\",\"@id\":\"https:\\\/\\\/www.vagadeempregorj.com.br\\\/beneficios-sociais-voltados-a-familia-e-as-criancas-protecao-desenvolvimento-e-inclusao-social\\\/#primaryimage\",\"url\":\"https:\\\/\\\/www.vagadeempregorj.com.br\\\/wp-content\\\/uploads\\\/2025\\\/12\\\/beneficio-3.png\",\"contentUrl\":\"https:\\\/\\\/www.vagadeempregorj.com.br\\\/wp-content\\\/uploads\\\/2025\\\/12\\\/beneficio-3.png\",\"width\":1536,\"height\":1024},{\"@type\":\"BreadcrumbList\",\"@id\":\"https:\\\/\\\/www.vagadeempregorj.com.br\\\/beneficios-sociais-voltados-a-familia-e-as-criancas-protecao-desenvolvimento-e-inclusao-social\\\/#breadcrumb\",\"itemListElement\":[{\"@type\":\"ListItem\",\"position\":1,\"name\":\"In\u00edcio\",\"item\":\"https:\\\/\\\/www.vagadeempregorj.com.br\\\/\"},{\"@type\":\"ListItem\",\"position\":2,\"name\":\"Benef\u00edcios Sociais\",\"item\":\"https:\\\/\\\/www.vagadeempregorj.com.br\\\/beneficios-sociais\\\/\"},{\"@type\":\"ListItem\",\"position\":3,\"name\":\"Benef\u00edcios Sociais Voltados \u00e0 Fam\u00edlia e \u00e0s Crian\u00e7as: Prote\u00e7\u00e3o, Desenvolvimento e Inclus\u00e3o Social\"}]},{\"@type\":\"WebSite\",\"@id\":\"https:\\\/\\\/www.vagadeempregorj.com.br\\\/#website\",\"url\":\"https:\\\/\\\/www.vagadeempregorj.com.br\\\/\",\"name\":\"\",\"description\":\"Conquiste Sonhos: Vagas, Benef\u00edcios e Economia para Transformar Vidas e Alcan\u00e7ar Melhorias Cotidianas\",\"potentialAction\":[{\"@type\":\"SearchAction\",\"target\":{\"@type\":\"EntryPoint\",\"urlTemplate\":\"https:\\\/\\\/www.vagadeempregorj.com.br\\\/?s={search_term_string}\"},\"query-input\":{\"@type\":\"PropertyValueSpecification\",\"valueRequired\":true,\"valueName\":\"search_term_string\"}}],\"inLanguage\":\"en-US\"},{\"@type\":\"Person\",\"@id\":\"https:\\\/\\\/www.vagadeempregorj.com.br\\\/#\\\/schema\\\/person\\\/c0c38d5d765e86c3b7c8f12fb1ae6477\",\"name\":\"Ana B.\",\"image\":{\"@type\":\"ImageObject\",\"inLanguage\":\"en-US\",\"@id\":\"https:\\\/\\\/secure.gravatar.com\\\/avatar\\\/f5efa58599e07f8dd92f26c7cfbc442fd115582bc681245452e503c2ef2334f3?s=96&r=g\",\"url\":\"https:\\\/\\\/secure.gravatar.com\\\/avatar\\\/f5efa58599e07f8dd92f26c7cfbc442fd115582bc681245452e503c2ef2334f3?s=96&r=g\",\"contentUrl\":\"https:\\\/\\\/secure.gravatar.com\\\/avatar\\\/f5efa58599e07f8dd92f26c7cfbc442fd115582bc681245452e503c2ef2334f3?s=96&r=g\",\"caption\":\"Ana B.\"},\"description\":\"Meu nome \u00e9 Ana e sou apaixonada em escrever. Dedico meu tempo escrevendo not\u00edcias e vagas de emprego diariamente no portal Vaga de Emprego RJ.\",\"url\":\"https:\\\/\\\/www.vagadeempregorj.com.br\\\/en\\\/author\\\/vgrj\\\/\"}]}<\/script>\n<!-- \/ Yoast SEO plugin. -->","yoast_head_json":{"title":"Social Benefits Focused on Families and Children: Protection, Development, and Social Inclusion","description":"Check out Job Vacancies in RJ for job openings with and without experience in your state and region!","robots":{"index":"index","follow":"follow","max-snippet":"max-snippet:-1","max-image-preview":"max-image-preview:large","max-video-preview":"max-video-preview:-1"},"canonical":"https:\/\/www.vagadeempregorj.com.br\/en\/social-benefits-aimed-at-families-and-children-protection-development-and-social-inclusion\/","og_locale":"en_US","og_type":"article","og_title":"Benef\u00edcios Sociais Voltados \u00e0 Fam\u00edlia e \u00e0s Crian\u00e7as: Prote\u00e7\u00e3o, Desenvolvimento e Inclus\u00e3o Social -","og_description":"Veja em Vagas de Emprego RJ as vagas de emprego com e sem experi\u00eancia no seu Estado e Regi\u00e3o!","og_url":"https:\/\/www.vagadeempregorj.com.br\/en\/social-benefits-aimed-at-families-and-children-protection-development-and-social-inclusion\/","article_publisher":"https:\/\/www.facebook.com\/empregobrasiloficial","article_published_time":"2026-02-01T15:46:15+00:00","og_image":[{"width":1024,"height":683,"url":"https:\/\/www.vagadeempregorj.com.br\/wp-content\/uploads\/2025\/12\/beneficio-3-1024x683.png","type":"image\/png"}],"author":"Ana B.","twitter_card":"summary_large_image","twitter_misc":{"Written by":"Ana B.","Est. reading time":"5 minutes"},"schema":{"@context":"https:\/\/schema.org","@graph":[{"@type":"Article","@id":"https:\/\/www.vagadeempregorj.com.br\/beneficios-sociais-voltados-a-familia-e-as-criancas-protecao-desenvolvimento-e-inclusao-social\/#article","isPartOf":{"@id":"https:\/\/www.vagadeempregorj.com.br\/beneficios-sociais-voltados-a-familia-e-as-criancas-protecao-desenvolvimento-e-inclusao-social\/"},"author":{"name":"Ana B.","@id":"https:\/\/www.vagadeempregorj.com.br\/#\/schema\/person\/c0c38d5d765e86c3b7c8f12fb1ae6477"},"headline":"Benef\u00edcios Sociais Voltados \u00e0 Fam\u00edlia e \u00e0s Crian\u00e7as: Prote\u00e7\u00e3o, Desenvolvimento e Inclus\u00e3o Social","datePublished":"2026-02-01T15:46:15+00:00","mainEntityOfPage":{"@id":"https:\/\/www.vagadeempregorj.com.br\/beneficios-sociais-voltados-a-familia-e-as-criancas-protecao-desenvolvimento-e-inclusao-social\/"},"wordCount":1111,"image":{"@id":"https:\/\/www.vagadeempregorj.com.br\/beneficios-sociais-voltados-a-familia-e-as-criancas-protecao-desenvolvimento-e-inclusao-social\/#primaryimage"},"thumbnailUrl":"https:\/\/www.vagadeempregorj.com.br\/wp-content\/uploads\/2025\/12\/beneficio-3.png","articleSection":["Benef\u00edcios Sociais"],"inLanguage":"en-US"},{"@type":"WebPage","@id":"https:\/\/www.vagadeempregorj.com.br\/beneficios-sociais-voltados-a-familia-e-as-criancas-protecao-desenvolvimento-e-inclusao-social\/","url":"https:\/\/www.vagadeempregorj.com.br\/beneficios-sociais-voltados-a-familia-e-as-criancas-protecao-desenvolvimento-e-inclusao-social\/","name":"Social Benefits Focused on Families and Children: Protection, Development, and Social Inclusion","isPartOf":{"@id":"https:\/\/www.vagadeempregorj.com.br\/#website"},"primaryImageOfPage":{"@id":"https:\/\/www.vagadeempregorj.com.br\/beneficios-sociais-voltados-a-familia-e-as-criancas-protecao-desenvolvimento-e-inclusao-social\/#primaryimage"},"image":{"@id":"https:\/\/www.vagadeempregorj.com.br\/beneficios-sociais-voltados-a-familia-e-as-criancas-protecao-desenvolvimento-e-inclusao-social\/#primaryimage"},"thumbnailUrl":"https:\/\/www.vagadeempregorj.com.br\/wp-content\/uploads\/2025\/12\/beneficio-3.png","datePublished":"2026-02-01T15:46:15+00:00","author":{"@id":"https:\/\/www.vagadeempregorj.com.br\/#\/schema\/person\/c0c38d5d765e86c3b7c8f12fb1ae6477"},"description":"Check out Job Vacancies in RJ for job openings with and without experience in your state and region!","breadcrumb":{"@id":"https:\/\/www.vagadeempregorj.com.br\/beneficios-sociais-voltados-a-familia-e-as-criancas-protecao-desenvolvimento-e-inclusao-social\/#breadcrumb"},"inLanguage":"en-US","potentialAction":[{"@type":"ReadAction","target":["https:\/\/www.vagadeempregorj.com.br\/beneficios-sociais-voltados-a-familia-e-as-criancas-protecao-desenvolvimento-e-inclusao-social\/"]}]},{"@type":"ImageObject","inLanguage":"en-US","@id":"https:\/\/www.vagadeempregorj.com.br\/beneficios-sociais-voltados-a-familia-e-as-criancas-protecao-desenvolvimento-e-inclusao-social\/#primaryimage","url":"https:\/\/www.vagadeempregorj.com.br\/wp-content\/uploads\/2025\/12\/beneficio-3.png","contentUrl":"https:\/\/www.vagadeempregorj.com.br\/wp-content\/uploads\/2025\/12\/beneficio-3.png","width":1536,"height":1024},{"@type":"BreadcrumbList","@id":"https:\/\/www.vagadeempregorj.com.br\/beneficios-sociais-voltados-a-familia-e-as-criancas-protecao-desenvolvimento-e-inclusao-social\/#breadcrumb","itemListElement":[{"@type":"ListItem","position":1,"name":"In\u00edcio","item":"https:\/\/www.vagadeempregorj.com.br\/"},{"@type":"ListItem","position":2,"name":"Benef\u00edcios Sociais","item":"https:\/\/www.vagadeempregorj.com.br\/beneficios-sociais\/"},{"@type":"ListItem","position":3,"name":"Benef\u00edcios Sociais Voltados \u00e0 Fam\u00edlia e \u00e0s Crian\u00e7as: Prote\u00e7\u00e3o, Desenvolvimento e Inclus\u00e3o Social"}]},{"@type":"WebSite","@id":"https:\/\/www.vagadeempregorj.com.br\/#website","url":"https:\/\/www.vagadeempregorj.com.br\/","name":"","description":"Achieve Dreams: Jobs, Benefits, and Savings to Transform Lives and Achieve Everyday Improvements","potentialAction":[{"@type":"SearchAction","target":{"@type":"EntryPoint","urlTemplate":"https:\/\/www.vagadeempregorj.com.br\/?s={search_term_string}"},"query-input":{"@type":"PropertyValueSpecification","valueRequired":true,"valueName":"search_term_string"}}],"inLanguage":"en-US"},{"@type":"Person","@id":"https:\/\/www.vagadeempregorj.com.br\/#\/schema\/person\/c0c38d5d765e86c3b7c8f12fb1ae6477","name":"Ana B.","image":{"@type":"ImageObject","inLanguage":"en-US","@id":"https:\/\/secure.gravatar.com\/avatar\/f5efa58599e07f8dd92f26c7cfbc442fd115582bc681245452e503c2ef2334f3?s=96&r=g","url":"https:\/\/secure.gravatar.com\/avatar\/f5efa58599e07f8dd92f26c7cfbc442fd115582bc681245452e503c2ef2334f3?s=96&r=g","contentUrl":"https:\/\/secure.gravatar.com\/avatar\/f5efa58599e07f8dd92f26c7cfbc442fd115582bc681245452e503c2ef2334f3?s=96&r=g","caption":"Ana B."},"description":"My name is Ana, and I&#039;m passionate about writing. I dedicate my time to posting news and job openings daily on the Vaga de Emprego RJ portal.","url":"https:\/\/www.vagadeempregorj.com.br\/en\/author\/vgrj\/"}]}},"_links":{"self":[{"href":"https:\/\/www.vagadeempregorj.com.br\/en\/wp-json\/wp\/v2\/posts\/43936","targetHints":{"allow":["GET"]}}],"collection":[{"href":"https:\/\/www.vagadeempregorj.com.br\/en\/wp-json\/wp\/v2\/posts"}],"about":[{"href":"https:\/\/www.vagadeempregorj.com.br\/en\/wp-json\/wp\/v2\/types\/post"}],"author":[{"embeddable":true,"href":"https:\/\/www.vagadeempregorj.com.br\/en\/wp-json\/wp\/v2\/users\/1"}],"replies":[{"embeddable":true,"href":"https:\/\/www.vagadeempregorj.com.br\/en\/wp-json\/wp\/v2\/comments?post=43936"}],"version-history":[{"count":1,"href":"https:\/\/www.vagadeempregorj.com.br\/en\/wp-json\/wp\/v2\/posts\/43936\/revisions"}],"predecessor-version":[{"id":43938,"href":"https:\/\/www.vagadeempregorj.com.br\/en\/wp-json\/wp\/v2\/posts\/43936\/revisions\/43938"}],"wp:featuredmedia":[{"embeddable":true,"href":"https:\/\/www.vagadeempregorj.com.br\/en\/wp-json\/wp\/v2\/media\/43937"}],"wp:attachment":[{"href":"https:\/\/www.vagadeempregorj.com.br\/en\/wp-json\/wp\/v2\/media?parent=43936"}],"wp:term":[{"taxonomy":"category","embeddable":true,"href":"https:\/\/www.vagadeempregorj.com.br\/en\/wp-json\/wp\/v2\/categories?post=43936"},{"taxonomy":"post_tag","embeddable":true,"href":"https:\/\/www.vagadeempregorj.com.br\/en\/wp-json\/wp\/v2\/tags?post=43936"}],"curies":[{"name":"wp","href":"https:\/\/api.w.org\/{rel}","templated":true}]}}