{"id":43948,"date":"2026-06-07T13:00:01","date_gmt":"2026-06-07T16:00:01","guid":{"rendered":"https:\/\/www.vagadeempregorj.com.br\/?p=43948"},"modified":"2025-12-21T13:03:19","modified_gmt":"2025-12-21T16:03:19","slug":"social-benefits-related-to-health-access-to-treatment-prevention-and-quality-of-life","status":"publish","type":"post","link":"https:\/\/www.vagadeempregorj.com.br\/en\/beneficios-sociais-ligados-a-saude-acesso-a-tratamentos-prevencao-e-qualidade-de-vida\/","title":{"rendered":"Social Benefits Related to Health: Access to Treatment, Prevention, and Quality of Life"},"content":{"rendered":"<p class=\"wp-block-paragraph\">Health is one of the most important pillars of human dignity. Without access to adequate medical care, any other right becomes fragile. Therefore, social benefits related to health occupy a central position in Brazilian public policies, ensuring that the population has access to care, treatment, and preventive actions regardless of their financial condition.<\/p>\n\n\n\n<p class=\"wp-block-paragraph\">In this article, you will understand how social health benefits work, the importance of these policies for society, and how they contribute to reducing inequalities and improving the quality of life for the population.<\/p>\n\n\n\n<h2 class=\"wp-block-heading\">Health as a Fundamental Social Right<\/h2>\n\n\n\n<p class=\"wp-block-paragraph\">In Brazil, health is recognized as a social right guaranteed by the Federal Constitution. This means that access to health services should not depend exclusively on an individual&#039;s income or ability to pay.<\/p>\n\n\n\n<p class=\"wp-block-paragraph\">Social health benefits exist to ensure that all people have access to basic and specialized care, promoting physical, mental, and social well-being. This protection is essential to prevent treatable illnesses from becoming serious problems due to lack of care.<\/p>\n\n\n\n<h2 class=\"wp-block-heading\">What are health-related social benefits?<\/h2>\n\n\n\n<p class=\"wp-block-paragraph\">Social benefits in this area include free or subsidized access to medical consultations, examinations, hospitalizations, medications, vaccines, ongoing treatments, and preventive measures.<\/p>\n\n\n\n<p class=\"wp-block-paragraph\">They also include follow-up programs for specific groups, such as pregnant women, children, the elderly, people with disabilities, and individuals with chronic illnesses. The goal is to ensure comprehensive and continuous care, not just one-off interventions.<\/p>\n\n\n\n<h2 class=\"wp-block-heading\">The Importance of Prevention in Health Policy<\/h2>\n\n\n\n<p class=\"wp-block-paragraph\">One of the most important aspects of social benefits related to health is the focus on prevention. Vaccination campaigns, prenatal care, routine check-ups, and educational initiatives significantly reduce the incidence of serious and preventable diseases.<\/p>\n\n\n\n<p class=\"wp-block-paragraph\">Prevention not only saves lives, but also reduces costs for the healthcare system, since treating diseases in their early stages is more efficient than dealing with advanced complications.<\/p>\n\n\n\n<h2 class=\"wp-block-heading\">Access to Ongoing Medications and Treatments<\/h2>\n\n\n\n<p class=\"wp-block-paragraph\">For many people, especially those with chronic illnesses, regular access to medication is essential for maintaining quality of life. Social benefits ensure the supply of essential medications, preventing interruptions in treatment due to lack of financial resources.<\/p>\n\n\n\n<p class=\"wp-block-paragraph\">This continuous access reduces hospitalizations, improves adherence to treatment, and provides greater stability to the lives of patients and their families.<\/p>\n\n\n\n<h2 class=\"wp-block-heading\">Mental Health Care<\/h2>\n\n\n\n<p class=\"wp-block-paragraph\">Mental health is a fundamental part of well-being, but it has been neglected for too long. Social benefits linked to health include psychological and psychiatric care, and initiatives to promote mental health.<\/p>\n\n\n\n<p class=\"wp-block-paragraph\">Access to these services is especially important in contexts of social vulnerability, unemployment, violence, and exclusion, which increase the risk of psychological distress.<\/p>\n\n\n\n<p class=\"wp-block-paragraph\">Ensuring mental health care is an investment in quality of life and the prevention of more serious problems.<\/p>\n\n\n\n<h2 class=\"wp-block-heading\">Assistance to Vulnerable Populations<\/h2>\n\n\n\n<p class=\"wp-block-paragraph\">People in situations of social vulnerability face greater health risks due to poor housing conditions, inadequate nutrition, and difficulty accessing services.<\/p>\n\n\n\n<p class=\"wp-block-paragraph\">Social benefits focused on health aim to reduce these inequalities by bringing care to more remote regions, underserved communities, and historically excluded populations.<\/p>\n\n\n\n<p class=\"wp-block-paragraph\">This action broadens the reach of the health system and strengthens the principle of equity.<\/p>\n\n\n\n<h2 class=\"wp-block-heading\">Integration Between Health and Social Assistance<\/h2>\n\n\n\n<p class=\"wp-block-paragraph\">Health cannot be treated in isolation. Effective social benefits integrate health actions with social assistance, education, and income policies.<\/p>\n\n\n\n<p class=\"wp-block-paragraph\">This integrated approach makes it possible to identify social factors that influence health, such as food insecurity and housing conditions, offering more comprehensive and effective responses.<\/p>\n\n\n\n<h2 class=\"wp-block-heading\">Importance of Information and Access to Services<\/h2>\n\n\n\n<p class=\"wp-block-paragraph\">Many people fail to utilize health benefits due to lack of information or difficulty accessing them. Barriers such as lack of awareness of rights, mobility difficulties, and excessive bureaucracy still limit the reach of public policies.<\/p>\n\n\n\n<p class=\"wp-block-paragraph\">Ensuring clear information, accessible guidance, and decentralized services is essential for health-related social benefits to fulfill their purpose.<\/p>\n\n\n\n<h2 class=\"wp-block-heading\">Impact of Health Benefits on Society<\/h2>\n\n\n\n<p class=\"wp-block-paragraph\">Social benefits in the area of health do not only benefit individuals. They strengthen the whole of society by reducing the spread of disease, improving productivity, and promoting greater social stability.<\/p>\n\n\n\n<p class=\"wp-block-paragraph\">A healthy population requires fewer emergency interventions and contributes more actively to economic and social development.<\/p>\n\n\n\n<h2 class=\"wp-block-heading\">Challenges in Ensuring Access to Healthcare<\/h2>\n\n\n\n<p class=\"wp-block-paragraph\">Despite the progress, significant challenges remain, such as waiting lists, regional inequalities, and limited resources. Continuously strengthening public policies is essential to expand access and improve the quality of services.<\/p>\n\n\n\n<p class=\"wp-block-paragraph\">Investing in health is investing in the future.<\/p>\n\n\n\n<h2 class=\"wp-block-heading\">Conclusion<\/h2>\n\n\n\n<p class=\"wp-block-paragraph\">Social benefits related to health are fundamental to guaranteeing dignity, prevention, and quality of life for the population. They ensure access to treatments, promote preventive actions, and reduce historical inequalities in healthcare.<\/p>\n\n\n\n<p class=\"wp-block-paragraph\">By recognizing health as a social right, the State reaffirms its commitment to collective well-being and to building a more just and healthy society.<\/p>","protected":false},"excerpt":{"rendered":"<p>A sa\u00fade \u00e9 um dos pilares mais importantes da dignidade humana. Sem acesso a cuidados m\u00e9dicos adequados, qualquer outro direito se torna fr\u00e1gil. Por isso, os benef\u00edcios sociais ligados \u00e0 sa\u00fade ocupam uma posi\u00e7\u00e3o central nas pol\u00edticas p\u00fablicas brasileiras, garantindo que a popula\u00e7\u00e3o tenha acesso a atendimentos, tratamentos e a\u00e7\u00f5es preventivas independentemente da condi\u00e7\u00e3o financeira.&hellip;&nbsp;<\/p>","protected":false},"author":1,"featured_media":43955,"comment_status":"closed","ping_status":"closed","sticky":false,"template":"","format":"standard","meta":{"neve_meta_sidebar":"","neve_meta_container":"","neve_meta_enable_content_width":"","neve_meta_content_width":0,"neve_meta_title_alignment":"","neve_meta_author_avatar":"","neve_post_elements_order":"","neve_meta_disable_header":"","neve_meta_disable_footer":"","neve_meta_disable_title":"","footnotes":""},"categories":[1],"tags":[],"class_list":["post-43948","post","type-post","status-publish","format-standard","has-post-thumbnail","hentry","category-beneficios-sociais"],"yoast_head":"<!-- This site is optimized with the Yoast SEO plugin v28.3 - https:\/\/yoast.com\/product\/yoast-seo-wordpress\/ -->\n<title>Benef\u00edcios Sociais Ligados \u00e0 Sa\u00fade: Acesso a Tratamentos, Preven\u00e7\u00e3o e Qualidade de Vida -<\/title>\n<meta name=\"description\" content=\"Veja em Vagas de Emprego RJ as vagas de emprego com e sem experi\u00eancia no seu Estado e Regi\u00e3o!\" \/>\n<meta name=\"robots\" content=\"index, follow, max-snippet:-1, max-image-preview:large, max-video-preview:-1\" \/>\n<link rel=\"canonical\" href=\"https:\/\/www.vagadeempregorj.com.br\/en\/social-benefits-related-to-health-access-to-treatment-prevention-and-quality-of-life\/\" \/>\n<meta property=\"og:locale\" content=\"en_US\" \/>\n<meta property=\"og:type\" content=\"article\" \/>\n<meta property=\"og:title\" content=\"Benef\u00edcios Sociais Ligados \u00e0 Sa\u00fade: Acesso a Tratamentos, Preven\u00e7\u00e3o e Qualidade de Vida -\" \/>\n<meta property=\"og:description\" content=\"Veja em Vagas de Emprego RJ as vagas de emprego com e sem experi\u00eancia no seu Estado e Regi\u00e3o!\" \/>\n<meta property=\"og:url\" content=\"https:\/\/www.vagadeempregorj.com.br\/en\/social-benefits-related-to-health-access-to-treatment-prevention-and-quality-of-life\/\" \/>\n<meta property=\"article:publisher\" content=\"https:\/\/www.facebook.com\/empregobrasiloficial\" \/>\n<meta property=\"article:published_time\" content=\"2026-06-07T16:00:01+00:00\" \/>\n<meta property=\"og:image\" content=\"https:\/\/www.vagadeempregorj.com.br\/wp-content\/uploads\/2025\/12\/beneficiios-saude-1024x683.png\" \/>\n\t<meta property=\"og:image:width\" content=\"1024\" \/>\n\t<meta property=\"og:image:height\" content=\"683\" \/>\n\t<meta property=\"og:image:type\" content=\"image\/png\" \/>\n<meta name=\"author\" content=\"Ana B.\" \/>\n<meta name=\"twitter:card\" content=\"summary_large_image\" \/>\n<meta name=\"twitter:label1\" content=\"Written by\" \/>\n\t<meta name=\"twitter:data1\" content=\"Ana B.\" \/>\n\t<meta name=\"twitter:label2\" content=\"Est. reading time\" \/>\n\t<meta name=\"twitter:data2\" content=\"5 minutes\" \/>\n<script type=\"application\/ld+json\" class=\"yoast-schema-graph\">{\"@context\":\"https:\\\/\\\/schema.org\",\"@graph\":[{\"@type\":\"Article\",\"@id\":\"https:\\\/\\\/www.vagadeempregorj.com.br\\\/beneficios-sociais-ligados-a-saude-acesso-a-tratamentos-prevencao-e-qualidade-de-vida\\\/#article\",\"isPartOf\":{\"@id\":\"https:\\\/\\\/www.vagadeempregorj.com.br\\\/beneficios-sociais-ligados-a-saude-acesso-a-tratamentos-prevencao-e-qualidade-de-vida\\\/\"},\"author\":{\"name\":\"Ana B.\",\"@id\":\"https:\\\/\\\/www.vagadeempregorj.com.br\\\/#\\\/schema\\\/person\\\/c0c38d5d765e86c3b7c8f12fb1ae6477\"},\"headline\":\"Benef\u00edcios Sociais Ligados \u00e0 Sa\u00fade: Acesso a Tratamentos, Preven\u00e7\u00e3o e Qualidade de Vida\",\"datePublished\":\"2026-06-07T16:00:01+00:00\",\"mainEntityOfPage\":{\"@id\":\"https:\\\/\\\/www.vagadeempregorj.com.br\\\/beneficios-sociais-ligados-a-saude-acesso-a-tratamentos-prevencao-e-qualidade-de-vida\\\/\"},\"wordCount\":978,\"image\":{\"@id\":\"https:\\\/\\\/www.vagadeempregorj.com.br\\\/beneficios-sociais-ligados-a-saude-acesso-a-tratamentos-prevencao-e-qualidade-de-vida\\\/#primaryimage\"},\"thumbnailUrl\":\"https:\\\/\\\/www.vagadeempregorj.com.br\\\/wp-content\\\/uploads\\\/2025\\\/12\\\/beneficiios-saude.png\",\"articleSection\":[\"Benef\u00edcios Sociais\"],\"inLanguage\":\"en-US\"},{\"@type\":\"WebPage\",\"@id\":\"https:\\\/\\\/www.vagadeempregorj.com.br\\\/beneficios-sociais-ligados-a-saude-acesso-a-tratamentos-prevencao-e-qualidade-de-vida\\\/\",\"url\":\"https:\\\/\\\/www.vagadeempregorj.com.br\\\/beneficios-sociais-ligados-a-saude-acesso-a-tratamentos-prevencao-e-qualidade-de-vida\\\/\",\"name\":\"Benef\u00edcios Sociais Ligados \u00e0 Sa\u00fade: Acesso a Tratamentos, Preven\u00e7\u00e3o e Qualidade de Vida -\",\"isPartOf\":{\"@id\":\"https:\\\/\\\/www.vagadeempregorj.com.br\\\/#website\"},\"primaryImageOfPage\":{\"@id\":\"https:\\\/\\\/www.vagadeempregorj.com.br\\\/beneficios-sociais-ligados-a-saude-acesso-a-tratamentos-prevencao-e-qualidade-de-vida\\\/#primaryimage\"},\"image\":{\"@id\":\"https:\\\/\\\/www.vagadeempregorj.com.br\\\/beneficios-sociais-ligados-a-saude-acesso-a-tratamentos-prevencao-e-qualidade-de-vida\\\/#primaryimage\"},\"thumbnailUrl\":\"https:\\\/\\\/www.vagadeempregorj.com.br\\\/wp-content\\\/uploads\\\/2025\\\/12\\\/beneficiios-saude.png\",\"datePublished\":\"2026-06-07T16:00:01+00:00\",\"author\":{\"@id\":\"https:\\\/\\\/www.vagadeempregorj.com.br\\\/#\\\/schema\\\/person\\\/c0c38d5d765e86c3b7c8f12fb1ae6477\"},\"description\":\"Veja em Vagas de Emprego RJ as vagas de emprego com e sem experi\u00eancia no seu Estado e Regi\u00e3o!\",\"breadcrumb\":{\"@id\":\"https:\\\/\\\/www.vagadeempregorj.com.br\\\/beneficios-sociais-ligados-a-saude-acesso-a-tratamentos-prevencao-e-qualidade-de-vida\\\/#breadcrumb\"},\"inLanguage\":\"en-US\",\"potentialAction\":[{\"@type\":\"ReadAction\",\"target\":[\"https:\\\/\\\/www.vagadeempregorj.com.br\\\/beneficios-sociais-ligados-a-saude-acesso-a-tratamentos-prevencao-e-qualidade-de-vida\\\/\"]}]},{\"@type\":\"ImageObject\",\"inLanguage\":\"en-US\",\"@id\":\"https:\\\/\\\/www.vagadeempregorj.com.br\\\/beneficios-sociais-ligados-a-saude-acesso-a-tratamentos-prevencao-e-qualidade-de-vida\\\/#primaryimage\",\"url\":\"https:\\\/\\\/www.vagadeempregorj.com.br\\\/wp-content\\\/uploads\\\/2025\\\/12\\\/beneficiios-saude.png\",\"contentUrl\":\"https:\\\/\\\/www.vagadeempregorj.com.br\\\/wp-content\\\/uploads\\\/2025\\\/12\\\/beneficiios-saude.png\",\"width\":1536,\"height\":1024},{\"@type\":\"BreadcrumbList\",\"@id\":\"https:\\\/\\\/www.vagadeempregorj.com.br\\\/beneficios-sociais-ligados-a-saude-acesso-a-tratamentos-prevencao-e-qualidade-de-vida\\\/#breadcrumb\",\"itemListElement\":[{\"@type\":\"ListItem\",\"position\":1,\"name\":\"In\u00edcio\",\"item\":\"https:\\\/\\\/www.vagadeempregorj.com.br\\\/\"},{\"@type\":\"ListItem\",\"position\":2,\"name\":\"Benef\u00edcios Sociais\",\"item\":\"https:\\\/\\\/www.vagadeempregorj.com.br\\\/beneficios-sociais\\\/\"},{\"@type\":\"ListItem\",\"position\":3,\"name\":\"Benef\u00edcios Sociais Ligados \u00e0 Sa\u00fade: Acesso a Tratamentos, Preven\u00e7\u00e3o e Qualidade de Vida\"}]},{\"@type\":\"WebSite\",\"@id\":\"https:\\\/\\\/www.vagadeempregorj.com.br\\\/#website\",\"url\":\"https:\\\/\\\/www.vagadeempregorj.com.br\\\/\",\"name\":\"\",\"description\":\"Conquiste Sonhos: Vagas, Benef\u00edcios e Economia para Transformar Vidas e Alcan\u00e7ar Melhorias Cotidianas\",\"potentialAction\":[{\"@type\":\"SearchAction\",\"target\":{\"@type\":\"EntryPoint\",\"urlTemplate\":\"https:\\\/\\\/www.vagadeempregorj.com.br\\\/?s={search_term_string}\"},\"query-input\":{\"@type\":\"PropertyValueSpecification\",\"valueRequired\":true,\"valueName\":\"search_term_string\"}}],\"inLanguage\":\"en-US\"},{\"@type\":\"Person\",\"@id\":\"https:\\\/\\\/www.vagadeempregorj.com.br\\\/#\\\/schema\\\/person\\\/c0c38d5d765e86c3b7c8f12fb1ae6477\",\"name\":\"Ana B.\",\"image\":{\"@type\":\"ImageObject\",\"inLanguage\":\"en-US\",\"@id\":\"https:\\\/\\\/secure.gravatar.com\\\/avatar\\\/f5efa58599e07f8dd92f26c7cfbc442fd115582bc681245452e503c2ef2334f3?s=96&r=g\",\"url\":\"https:\\\/\\\/secure.gravatar.com\\\/avatar\\\/f5efa58599e07f8dd92f26c7cfbc442fd115582bc681245452e503c2ef2334f3?s=96&r=g\",\"contentUrl\":\"https:\\\/\\\/secure.gravatar.com\\\/avatar\\\/f5efa58599e07f8dd92f26c7cfbc442fd115582bc681245452e503c2ef2334f3?s=96&r=g\",\"caption\":\"Ana B.\"},\"description\":\"Meu nome \u00e9 Ana e sou apaixonada por escrita, comunica\u00e7\u00e3o e informa\u00e7\u00e3o digital. Dedico meu tempo \u00e0 produ\u00e7\u00e3o de conte\u00fados di\u00e1rios para o portal Vaga de Emprego RJ, criando not\u00edcias, artigos e publica\u00e7\u00f5es sobre oportunidades de emprego, tecnologia, mercado de trabalho, tend\u00eancias globais e assuntos relevantes do mundo atual. Tenho como objetivo levar informa\u00e7\u00f5es claras, \u00fateis e atualizadas para os leitores, ajudando pessoas a se manterem informadas sobre carreira, inova\u00e7\u00e3o, economia digital e acontecimentos que impactam o dia a dia no Brasil e no mundo. Todos os conte\u00fados publicados s\u00e3o desenvolvidos com responsabilidade, pesquisa e compromisso com a qualidade da informa\u00e7\u00e3o, sempre buscando oferecer uma experi\u00eancia confi\u00e1vel e relevante para o p\u00fablico.\",\"url\":\"https:\\\/\\\/www.vagadeempregorj.com.br\\\/en\\\/author\\\/vgrj\\\/\"}]}<\/script>\n<!-- \/ Yoast SEO plugin. -->","yoast_head_json":{"title":"Social Benefits Related to Health: Access to Treatment, Prevention, and Quality of Life","description":"Check out Job Vacancies in RJ for job openings with and without experience in your state and region!","robots":{"index":"index","follow":"follow","max-snippet":"max-snippet:-1","max-image-preview":"max-image-preview:large","max-video-preview":"max-video-preview:-1"},"canonical":"https:\/\/www.vagadeempregorj.com.br\/en\/social-benefits-related-to-health-access-to-treatment-prevention-and-quality-of-life\/","og_locale":"en_US","og_type":"article","og_title":"Benef\u00edcios Sociais Ligados \u00e0 Sa\u00fade: Acesso a Tratamentos, Preven\u00e7\u00e3o e Qualidade de Vida -","og_description":"Veja em Vagas de Emprego RJ as vagas de emprego com e sem experi\u00eancia no seu Estado e Regi\u00e3o!","og_url":"https:\/\/www.vagadeempregorj.com.br\/en\/social-benefits-related-to-health-access-to-treatment-prevention-and-quality-of-life\/","article_publisher":"https:\/\/www.facebook.com\/empregobrasiloficial","article_published_time":"2026-06-07T16:00:01+00:00","og_image":[{"width":1024,"height":683,"url":"https:\/\/www.vagadeempregorj.com.br\/wp-content\/uploads\/2025\/12\/beneficiios-saude-1024x683.png","type":"image\/png"}],"author":"Ana B.","twitter_card":"summary_large_image","twitter_misc":{"Written by":"Ana B.","Est. reading time":"5 minutes"},"schema":{"@context":"https:\/\/schema.org","@graph":[{"@type":"Article","@id":"https:\/\/www.vagadeempregorj.com.br\/beneficios-sociais-ligados-a-saude-acesso-a-tratamentos-prevencao-e-qualidade-de-vida\/#article","isPartOf":{"@id":"https:\/\/www.vagadeempregorj.com.br\/beneficios-sociais-ligados-a-saude-acesso-a-tratamentos-prevencao-e-qualidade-de-vida\/"},"author":{"name":"Ana B.","@id":"https:\/\/www.vagadeempregorj.com.br\/#\/schema\/person\/c0c38d5d765e86c3b7c8f12fb1ae6477"},"headline":"Benef\u00edcios Sociais Ligados \u00e0 Sa\u00fade: Acesso a Tratamentos, Preven\u00e7\u00e3o e Qualidade de Vida","datePublished":"2026-06-07T16:00:01+00:00","mainEntityOfPage":{"@id":"https:\/\/www.vagadeempregorj.com.br\/beneficios-sociais-ligados-a-saude-acesso-a-tratamentos-prevencao-e-qualidade-de-vida\/"},"wordCount":978,"image":{"@id":"https:\/\/www.vagadeempregorj.com.br\/beneficios-sociais-ligados-a-saude-acesso-a-tratamentos-prevencao-e-qualidade-de-vida\/#primaryimage"},"thumbnailUrl":"https:\/\/www.vagadeempregorj.com.br\/wp-content\/uploads\/2025\/12\/beneficiios-saude.png","articleSection":["Benef\u00edcios Sociais"],"inLanguage":"en-US"},{"@type":"WebPage","@id":"https:\/\/www.vagadeempregorj.com.br\/beneficios-sociais-ligados-a-saude-acesso-a-tratamentos-prevencao-e-qualidade-de-vida\/","url":"https:\/\/www.vagadeempregorj.com.br\/beneficios-sociais-ligados-a-saude-acesso-a-tratamentos-prevencao-e-qualidade-de-vida\/","name":"Social Benefits Related to Health: Access to Treatment, Prevention, and Quality of Life","isPartOf":{"@id":"https:\/\/www.vagadeempregorj.com.br\/#website"},"primaryImageOfPage":{"@id":"https:\/\/www.vagadeempregorj.com.br\/beneficios-sociais-ligados-a-saude-acesso-a-tratamentos-prevencao-e-qualidade-de-vida\/#primaryimage"},"image":{"@id":"https:\/\/www.vagadeempregorj.com.br\/beneficios-sociais-ligados-a-saude-acesso-a-tratamentos-prevencao-e-qualidade-de-vida\/#primaryimage"},"thumbnailUrl":"https:\/\/www.vagadeempregorj.com.br\/wp-content\/uploads\/2025\/12\/beneficiios-saude.png","datePublished":"2026-06-07T16:00:01+00:00","author":{"@id":"https:\/\/www.vagadeempregorj.com.br\/#\/schema\/person\/c0c38d5d765e86c3b7c8f12fb1ae6477"},"description":"Check out Job Vacancies in RJ for job openings with and without experience in your state and region!","breadcrumb":{"@id":"https:\/\/www.vagadeempregorj.com.br\/beneficios-sociais-ligados-a-saude-acesso-a-tratamentos-prevencao-e-qualidade-de-vida\/#breadcrumb"},"inLanguage":"en-US","potentialAction":[{"@type":"ReadAction","target":["https:\/\/www.vagadeempregorj.com.br\/beneficios-sociais-ligados-a-saude-acesso-a-tratamentos-prevencao-e-qualidade-de-vida\/"]}]},{"@type":"ImageObject","inLanguage":"en-US","@id":"https:\/\/www.vagadeempregorj.com.br\/beneficios-sociais-ligados-a-saude-acesso-a-tratamentos-prevencao-e-qualidade-de-vida\/#primaryimage","url":"https:\/\/www.vagadeempregorj.com.br\/wp-content\/uploads\/2025\/12\/beneficiios-saude.png","contentUrl":"https:\/\/www.vagadeempregorj.com.br\/wp-content\/uploads\/2025\/12\/beneficiios-saude.png","width":1536,"height":1024},{"@type":"BreadcrumbList","@id":"https:\/\/www.vagadeempregorj.com.br\/beneficios-sociais-ligados-a-saude-acesso-a-tratamentos-prevencao-e-qualidade-de-vida\/#breadcrumb","itemListElement":[{"@type":"ListItem","position":1,"name":"In\u00edcio","item":"https:\/\/www.vagadeempregorj.com.br\/"},{"@type":"ListItem","position":2,"name":"Benef\u00edcios Sociais","item":"https:\/\/www.vagadeempregorj.com.br\/beneficios-sociais\/"},{"@type":"ListItem","position":3,"name":"Benef\u00edcios Sociais Ligados \u00e0 Sa\u00fade: Acesso a Tratamentos, Preven\u00e7\u00e3o e Qualidade de Vida"}]},{"@type":"WebSite","@id":"https:\/\/www.vagadeempregorj.com.br\/#website","url":"https:\/\/www.vagadeempregorj.com.br\/","name":"","description":"Achieve Dreams: Jobs, Benefits, and Savings to Transform Lives and Achieve Everyday Improvements","potentialAction":[{"@type":"SearchAction","target":{"@type":"EntryPoint","urlTemplate":"https:\/\/www.vagadeempregorj.com.br\/?s={search_term_string}"},"query-input":{"@type":"PropertyValueSpecification","valueRequired":true,"valueName":"search_term_string"}}],"inLanguage":"en-US"},{"@type":"Person","@id":"https:\/\/www.vagadeempregorj.com.br\/#\/schema\/person\/c0c38d5d765e86c3b7c8f12fb1ae6477","name":"Ana B.","image":{"@type":"ImageObject","inLanguage":"en-US","@id":"https:\/\/secure.gravatar.com\/avatar\/f5efa58599e07f8dd92f26c7cfbc442fd115582bc681245452e503c2ef2334f3?s=96&r=g","url":"https:\/\/secure.gravatar.com\/avatar\/f5efa58599e07f8dd92f26c7cfbc442fd115582bc681245452e503c2ef2334f3?s=96&r=g","contentUrl":"https:\/\/secure.gravatar.com\/avatar\/f5efa58599e07f8dd92f26c7cfbc442fd115582bc681245452e503c2ef2334f3?s=96&r=g","caption":"Ana B."},"description":"My name is Ana, and I am passionate about writing, communication, and digital information. I dedicate my time to producing daily content for the Vaga de Emprego RJ portal, creating news, articles, and publications about job opportunities, technology, the job market, global trends, and relevant current affairs. My goal is to provide clear, useful, and up-to-date information to readers, helping people stay informed about careers, innovation, the digital economy, and events that impact daily life in Brazil and around the world. All published content is developed responsibly, with research and a commitment to quality information, always striving to offer a reliable and relevant experience for the audience.","url":"https:\/\/www.vagadeempregorj.com.br\/en\/author\/vgrj\/"}]}},"_links":{"self":[{"href":"https:\/\/www.vagadeempregorj.com.br\/en\/wp-json\/wp\/v2\/posts\/43948","targetHints":{"allow":["GET"]}}],"collection":[{"href":"https:\/\/www.vagadeempregorj.com.br\/en\/wp-json\/wp\/v2\/posts"}],"about":[{"href":"https:\/\/www.vagadeempregorj.com.br\/en\/wp-json\/wp\/v2\/types\/post"}],"author":[{"embeddable":true,"href":"https:\/\/www.vagadeempregorj.com.br\/en\/wp-json\/wp\/v2\/users\/1"}],"replies":[{"embeddable":true,"href":"https:\/\/www.vagadeempregorj.com.br\/en\/wp-json\/wp\/v2\/comments?post=43948"}],"version-history":[{"count":1,"href":"https:\/\/www.vagadeempregorj.com.br\/en\/wp-json\/wp\/v2\/posts\/43948\/revisions"}],"predecessor-version":[{"id":43956,"href":"https:\/\/www.vagadeempregorj.com.br\/en\/wp-json\/wp\/v2\/posts\/43948\/revisions\/43956"}],"wp:featuredmedia":[{"embeddable":true,"href":"https:\/\/www.vagadeempregorj.com.br\/en\/wp-json\/wp\/v2\/media\/43955"}],"wp:attachment":[{"href":"https:\/\/www.vagadeempregorj.com.br\/en\/wp-json\/wp\/v2\/media?parent=43948"}],"wp:term":[{"taxonomy":"category","embeddable":true,"href":"https:\/\/www.vagadeempregorj.com.br\/en\/wp-json\/wp\/v2\/categories?post=43948"},{"taxonomy":"post_tag","embeddable":true,"href":"https:\/\/www.vagadeempregorj.com.br\/en\/wp-json\/wp\/v2\/tags?post=43948"}],"curies":[{"name":"wp","href":"https:\/\/api.w.org\/{rel}","templated":true}]}}