{"id":17418,"date":"2021-10-01T00:00:16","date_gmt":"2021-10-01T03:00:16","guid":{"rendered":"https:\/\/www.vagadeempregorj.com.br\/?p=17418"},"modified":"2025-06-15T14:31:42","modified_gmt":"2025-06-15T17:31:42","slug":"como-criar-um-curriculo-chamativo","status":"publish","type":"post","link":"https:\/\/www.vagadeempregorj.com.br\/es\/como-criar-um-curriculo-chamativo\/","title":{"rendered":"Como criar um curr\u00edculo chamativo?"},"content":{"rendered":"<p>Buscar emprego hoje em dia n\u00e3o \u00e9 nada f\u00e1cil. Com muitos concorrentes e pouca demanda, pequenos detalhes fazem a diferen\u00e7a ao buscar uma nova oportunidade. Sendo o curr\u00edculo a primeira apresenta\u00e7\u00e3o do profissional, deixa-lo em evid\u00eancia ser\u00e1 uma vantagem. Pensando nisso, trouxemos aqui algumas dicas de como criar um curr\u00edculo chamativo, aumentando sua chance de \u00eaxito.<\/p>\n\n\n\n<p>A organiza\u00e7\u00e3o faz diferen\u00e7a!Erros chamam bastante aten\u00e7\u00e3o negativa! Por isso, ser minucioso em rela\u00e7\u00e3o a apar\u00eancia e organiza\u00e7\u00e3o do seu curr\u00edculo \u00e9 imprescind\u00edvel. Itens como a formata\u00e7\u00e3o, gram\u00e1tica e ordem das informa\u00e7\u00f5es precisam ser respeitados.<\/p>\n\n\n\n<p>Tentar inovar no formato do curr\u00edculo n\u00e3o \u00e9 uma boa op\u00e7\u00e3o, a n\u00e3o ser que a \u00e1rea exija, como design, artes, cinema, etc. Em folha suficiente A4 e com margens fixas, a formata\u00e7\u00e3o padr\u00e3o para esse tipo de documento s\u00e3o as fontes Arial ou Times New Roman, tamanho 12. N\u00e3o deve colocar fotos, ilustra\u00e7\u00f5es ou gravuras e nem assinar.<\/p>\n\n\n\n<p>N\u00e3o se engane, um curr\u00edculo tem que ser direto. As informa\u00e7\u00f5es devem ocupar 1 ou no m\u00e1ximo duas p\u00e1ginas. Ao envia-lo de forma virtual, \u00e9 preciso garantir as vers\u00f5es recentes do Word e o ideal \u00e9 envia-lo com PDF (Portable Document Format).<\/p>\n\n\n\n<p>Revisar o curr\u00edculo \u00e9 necess\u00e1rio para evitar que seja mandado com erros gramaticais. Com o aux\u00edlio dos softwares atuais fica mais f\u00e1cil, mas sempre \u00e9 bom se certificar, al\u00e9m de garantir que todas as informa\u00e7\u00f5es estejam corretas. Leia e releia antes de enviar! Seguir uma ordem padr\u00e3o de informa\u00e7\u00f5es influenciar\u00e1 na leitura de seu curr\u00edculo. Lembre-se de sempre se manter objetivo, come\u00e7ando pelas informa\u00e7\u00f5es pessoais. N\u00e3o h\u00e1 necessidade de foto pessoal, g\u00eanero, endere\u00e7o ou estado civil.<\/p>\n\n\n\n<div class=\"wp-block-buttons is-horizontal is-content-justification-center is-layout-flex wp-container-core-buttons-is-layout-499968f5 wp-block-buttons-is-layout-flex\">\n<div class=\"wp-block-button\"><a class=\"wp-block-button__link has-black-color has-text-color has-background wp-element-button\" href=\"https:\/\/www.vagadeempregorj.com.br\/es\/enviando-seu-curriculo-rapidamente\/\" style=\"background:linear-gradient(2deg,rgb(255,134,50) 59%,rgb(255,197,71) 100%)\"><strong>VEJA COMO SE CANDIDATAR<\/strong><\/a><\/div>\n<\/div>\n\n\n\n<p>O ideal \u00e9 come\u00e7ar com o nome completo, seguindo por data de nascimento, endere\u00e7o completo, e-mail (um endere\u00e7o de e-mail que tenha um nome ou palavra neutras, sem adjetivos, apelidos ou diminutivos) e n\u00famero de telefone. As demais informa\u00e7\u00f5es seguem da seguinte maneira:<\/p>\n\n\n\n<p>\u2022 Informa\u00e7\u00f5es Pessoais;<br>\u2022 Forma\u00e7\u00e3o Acad\u00eamica (cursos t\u00e9cnicos tamb\u00e9m precisam ser descritos aqui e as informa\u00e7\u00e3o devem estar em ordem cronol\u00f3gica);<br>\u2022 Objetivo profissional (indicar qual \u00e9 a sua fun\u00e7\u00e3o);<br>\u2022 Experi\u00eancia Profissional (descrever todos os trabalhos exercidos at\u00e9 ent\u00e3o. Ordenar come\u00e7ando do \u00faltimo emprego ao primeiro e n\u00e3o ocultar nenhuma experi\u00eancia, mesmo que curta);<br>\u2022 Cursos Complementares (qualquer curso que tenha exercido, com rela\u00e7\u00e3o a sua \u00e1rea e que contenha certificado);<br>\u2022 Informa\u00e7\u00f5es Adicionais (Idiomas e softwares que domina, projetos desenvolvidos ou experi\u00eancia com intercambio, por exemplo).<\/p>\n\n\n\n<p>Se mantenha no caminho.N\u00e3o envie e-mails com seu curr\u00edculo para qualquer endere\u00e7o que encontrar. Faz diferen\u00e7a, por exemplo, elaborar um texto curto apresentando-se e informando como conseguiu o contato ou o porqu\u00ea gostaria de que seu curr\u00edculo fosse analisado. \u00c9 importante sempre enviar o curr\u00edculo para oportunidades para a qual voc\u00ea esteja qualificado.<\/p>\n\n\n\n<p>Al\u00e9m do curr\u00edculo&#8230; Muitas vezes, de acordo com a vaga em quest\u00e3o ou sua \u00e1rea de atua\u00e7\u00e3o, documentos como a carta de apresenta\u00e7\u00e3o ou um portf\u00f3lio tamb\u00e9m fazem a diferen\u00e7a. A carta de apresenta\u00e7\u00e3o, por exemplo, \u00e9 um texto que relata, de maneira discursiva, que o profissional em quest\u00e3o atende aos requisitos da vaga e que pode contribuir com o empregador. Cont\u00e9m um breve relato das experi\u00eancias, conhecimentos e principais habilidades. O objetivo da carta de apresenta\u00e7\u00e3o \u00e9 contar diretamente do porqu\u00ea o profissional deve ser contratado.&nbsp; O portf\u00f3lio \u00e9 mais comum em \u00e1reas como artes, cinema ou comunica\u00e7\u00e3o. Muitas vagas dispon\u00edveis para esses profissionais pedem para enviar, al\u00e9m do curr\u00edculo, o portf\u00f3lio. O documento \u00e9 um apanhado dos melhores trabalhos do profissional na \u00e1rea pleiteada. Fotos e v\u00eddeos s\u00e3o comuns em portf\u00f3lios e muitos profissionais costumam cri\u00e1-los online e enviar o link junto com o curr\u00edculo.<\/p>\n\n\n\n<div class=\"wp-block-buttons is-horizontal is-content-justification-center is-layout-flex wp-container-core-buttons-is-layout-499968f5 wp-block-buttons-is-layout-flex\">\n<div class=\"wp-block-button\"><a class=\"wp-block-button__link has-black-color has-text-color has-background wp-element-button\" href=\"https:\/\/www.vagadeempregorj.com.br\/es\/\" style=\"border-radius:29px;background:linear-gradient(2deg,rgb(255,134,50) 60%,rgb(255,197,71) 100%)\"><strong>VEJA NOVAS VAGAS PARA SE CANDIDATAR<\/strong><\/a><\/div>\n<\/div>","protected":false},"excerpt":{"rendered":"<p>Buscar emprego hoje em dia n\u00e3o \u00e9 nada f\u00e1cil. Com muitos concorrentes e pouca demanda, pequenos detalhes fazem a diferen\u00e7a ao buscar uma nova oportunidade&#8230;.<\/p>","protected":false},"author":1,"featured_media":24474,"comment_status":"closed","ping_status":"closed","sticky":false,"template":"","format":"standard","meta":{"neve_meta_sidebar":"","neve_meta_container":"","neve_meta_enable_content_width":"","neve_meta_content_width":0,"neve_meta_title_alignment":"","neve_meta_author_avatar":"","neve_post_elements_order":"","neve_meta_disable_header":"","neve_meta_disable_footer":"","neve_meta_disable_title":"","footnotes":""},"categories":[123],"tags":[],"class_list":["post-17418","post","type-post","status-publish","format-standard","has-post-thumbnail","hentry","category-vagas-de-emprego-nacionais"],"yoast_head":"<!-- This site is optimized with the Yoast SEO plugin v27.5 - https:\/\/yoast.com\/product\/yoast-seo-wordpress\/ -->\n<title>Como criar um curr\u00edculo chamativo? -<\/title>\n<meta name=\"description\" content=\"Veja em Vagas de Emprego RJ as vagas de emprego com e sem experi\u00eancia no seu Estado e Regi\u00e3o!\" \/>\n<meta name=\"robots\" content=\"index, follow, max-snippet:-1, max-image-preview:large, max-video-preview:-1\" \/>\n<link rel=\"canonical\" href=\"https:\/\/www.vagadeempregorj.com.br\/es\/como-criar-um-curriculo-chamativo\/\" \/>\n<meta property=\"og:locale\" content=\"es_MX\" \/>\n<meta property=\"og:type\" content=\"article\" \/>\n<meta property=\"og:title\" content=\"Como criar um curr\u00edculo chamativo? -\" \/>\n<meta property=\"og:description\" content=\"Veja em Vagas de Emprego RJ as vagas de emprego com e sem experi\u00eancia no seu Estado e Regi\u00e3o!\" \/>\n<meta property=\"og:url\" content=\"https:\/\/www.vagadeempregorj.com.br\/es\/como-criar-um-curriculo-chamativo\/\" \/>\n<meta property=\"article:publisher\" content=\"https:\/\/www.facebook.com\/empregobrasiloficial\" \/>\n<meta property=\"article:published_time\" content=\"2021-10-01T03:00:16+00:00\" \/>\n<meta property=\"article:modified_time\" content=\"2025-06-15T17:31:42+00:00\" \/>\n<meta property=\"og:image\" content=\"https:\/\/www.vagadeempregorj.com.br\/wp-content\/uploads\/2021\/10\/COMO-CRIAR-UM-CURRICULO-CHAMATIVO-1.jpg\" \/>\n\t<meta property=\"og:image:width\" content=\"1200\" \/>\n\t<meta property=\"og:image:height\" content=\"675\" \/>\n\t<meta property=\"og:image:type\" content=\"image\/jpeg\" \/>\n<meta name=\"author\" content=\"Ana B.\" \/>\n<meta name=\"twitter:card\" content=\"summary_large_image\" \/>\n<meta name=\"twitter:label1\" content=\"Written by\" \/>\n\t<meta name=\"twitter:data1\" content=\"Ana B.\" \/>\n\t<meta name=\"twitter:label2\" content=\"Est. reading time\" \/>\n\t<meta name=\"twitter:data2\" content=\"4 minutos\" \/>\n<script type=\"application\/ld+json\" class=\"yoast-schema-graph\">{\"@context\":\"https:\\\/\\\/schema.org\",\"@graph\":[{\"@type\":\"Article\",\"@id\":\"https:\\\/\\\/www.vagadeempregorj.com.br\\\/como-criar-um-curriculo-chamativo\\\/#article\",\"isPartOf\":{\"@id\":\"https:\\\/\\\/www.vagadeempregorj.com.br\\\/como-criar-um-curriculo-chamativo\\\/\"},\"author\":{\"name\":\"Ana B.\",\"@id\":\"https:\\\/\\\/www.vagadeempregorj.com.br\\\/#\\\/schema\\\/person\\\/c0c38d5d765e86c3b7c8f12fb1ae6477\"},\"headline\":\"Como criar um curr\u00edculo chamativo?\",\"datePublished\":\"2021-10-01T03:00:16+00:00\",\"dateModified\":\"2025-06-15T17:31:42+00:00\",\"mainEntityOfPage\":{\"@id\":\"https:\\\/\\\/www.vagadeempregorj.com.br\\\/como-criar-um-curriculo-chamativo\\\/\"},\"wordCount\":694,\"image\":{\"@id\":\"https:\\\/\\\/www.vagadeempregorj.com.br\\\/como-criar-um-curriculo-chamativo\\\/#primaryimage\"},\"thumbnailUrl\":\"https:\\\/\\\/www.vagadeempregorj.com.br\\\/wp-content\\\/uploads\\\/2021\\\/10\\\/COMO-CRIAR-UM-CURRICULO-CHAMATIVO-1.jpg\",\"articleSection\":[\"Vagas de Emprego Nacionais\"],\"inLanguage\":\"es\"},{\"@type\":\"WebPage\",\"@id\":\"https:\\\/\\\/www.vagadeempregorj.com.br\\\/como-criar-um-curriculo-chamativo\\\/\",\"url\":\"https:\\\/\\\/www.vagadeempregorj.com.br\\\/como-criar-um-curriculo-chamativo\\\/\",\"name\":\"Como criar um curr\u00edculo chamativo? -\",\"isPartOf\":{\"@id\":\"https:\\\/\\\/www.vagadeempregorj.com.br\\\/#website\"},\"primaryImageOfPage\":{\"@id\":\"https:\\\/\\\/www.vagadeempregorj.com.br\\\/como-criar-um-curriculo-chamativo\\\/#primaryimage\"},\"image\":{\"@id\":\"https:\\\/\\\/www.vagadeempregorj.com.br\\\/como-criar-um-curriculo-chamativo\\\/#primaryimage\"},\"thumbnailUrl\":\"https:\\\/\\\/www.vagadeempregorj.com.br\\\/wp-content\\\/uploads\\\/2021\\\/10\\\/COMO-CRIAR-UM-CURRICULO-CHAMATIVO-1.jpg\",\"datePublished\":\"2021-10-01T03:00:16+00:00\",\"dateModified\":\"2025-06-15T17:31:42+00:00\",\"author\":{\"@id\":\"https:\\\/\\\/www.vagadeempregorj.com.br\\\/#\\\/schema\\\/person\\\/c0c38d5d765e86c3b7c8f12fb1ae6477\"},\"description\":\"Veja em Vagas de Emprego RJ as vagas de emprego com e sem experi\u00eancia no seu Estado e Regi\u00e3o!\",\"breadcrumb\":{\"@id\":\"https:\\\/\\\/www.vagadeempregorj.com.br\\\/como-criar-um-curriculo-chamativo\\\/#breadcrumb\"},\"inLanguage\":\"es\",\"potentialAction\":[{\"@type\":\"ReadAction\",\"target\":[\"https:\\\/\\\/www.vagadeempregorj.com.br\\\/como-criar-um-curriculo-chamativo\\\/\"]}]},{\"@type\":\"ImageObject\",\"inLanguage\":\"es\",\"@id\":\"https:\\\/\\\/www.vagadeempregorj.com.br\\\/como-criar-um-curriculo-chamativo\\\/#primaryimage\",\"url\":\"https:\\\/\\\/www.vagadeempregorj.com.br\\\/wp-content\\\/uploads\\\/2021\\\/10\\\/COMO-CRIAR-UM-CURRICULO-CHAMATIVO-1.jpg\",\"contentUrl\":\"https:\\\/\\\/www.vagadeempregorj.com.br\\\/wp-content\\\/uploads\\\/2021\\\/10\\\/COMO-CRIAR-UM-CURRICULO-CHAMATIVO-1.jpg\",\"width\":1200,\"height\":675,\"caption\":\"COMO CRIAR UM CURR\u00cdCULO CHAMATIVO\"},{\"@type\":\"BreadcrumbList\",\"@id\":\"https:\\\/\\\/www.vagadeempregorj.com.br\\\/como-criar-um-curriculo-chamativo\\\/#breadcrumb\",\"itemListElement\":[{\"@type\":\"ListItem\",\"position\":1,\"name\":\"In\u00edcio\",\"item\":\"https:\\\/\\\/www.vagadeempregorj.com.br\\\/\"},{\"@type\":\"ListItem\",\"position\":2,\"name\":\"Como criar um curr\u00edculo chamativo?\"}]},{\"@type\":\"WebSite\",\"@id\":\"https:\\\/\\\/www.vagadeempregorj.com.br\\\/#website\",\"url\":\"https:\\\/\\\/www.vagadeempregorj.com.br\\\/\",\"name\":\"\",\"description\":\"Conquiste Sonhos: Vagas, Benef\u00edcios e Economia para Transformar Vidas e Alcan\u00e7ar Melhorias Cotidianas\",\"potentialAction\":[{\"@type\":\"SearchAction\",\"target\":{\"@type\":\"EntryPoint\",\"urlTemplate\":\"https:\\\/\\\/www.vagadeempregorj.com.br\\\/?s={search_term_string}\"},\"query-input\":{\"@type\":\"PropertyValueSpecification\",\"valueRequired\":true,\"valueName\":\"search_term_string\"}}],\"inLanguage\":\"es\"},{\"@type\":\"Person\",\"@id\":\"https:\\\/\\\/www.vagadeempregorj.com.br\\\/#\\\/schema\\\/person\\\/c0c38d5d765e86c3b7c8f12fb1ae6477\",\"name\":\"Ana B.\",\"image\":{\"@type\":\"ImageObject\",\"inLanguage\":\"es\",\"@id\":\"https:\\\/\\\/secure.gravatar.com\\\/avatar\\\/f5efa58599e07f8dd92f26c7cfbc442fd115582bc681245452e503c2ef2334f3?s=96&r=g\",\"url\":\"https:\\\/\\\/secure.gravatar.com\\\/avatar\\\/f5efa58599e07f8dd92f26c7cfbc442fd115582bc681245452e503c2ef2334f3?s=96&r=g\",\"contentUrl\":\"https:\\\/\\\/secure.gravatar.com\\\/avatar\\\/f5efa58599e07f8dd92f26c7cfbc442fd115582bc681245452e503c2ef2334f3?s=96&r=g\",\"caption\":\"Ana B.\"},\"description\":\"Meu nome \u00e9 Ana e sou apaixonada em escrever. Dedico meu tempo escrevendo not\u00edcias e vagas de emprego diariamente no portal Vaga de Emprego RJ.\",\"url\":\"https:\\\/\\\/www.vagadeempregorj.com.br\\\/es\\\/author\\\/vgrj\\\/\"}]}<\/script>\n<!-- \/ Yoast SEO plugin. -->","yoast_head_json":{"title":"Como criar um curr\u00edculo chamativo? -","description":"Veja em Vagas de Emprego RJ as vagas de emprego com e sem experi\u00eancia no seu Estado e Regi\u00e3o!","robots":{"index":"index","follow":"follow","max-snippet":"max-snippet:-1","max-image-preview":"max-image-preview:large","max-video-preview":"max-video-preview:-1"},"canonical":"https:\/\/www.vagadeempregorj.com.br\/es\/como-criar-um-curriculo-chamativo\/","og_locale":"es_MX","og_type":"article","og_title":"Como criar um curr\u00edculo chamativo? -","og_description":"Veja em Vagas de Emprego RJ as vagas de emprego com e sem experi\u00eancia no seu Estado e Regi\u00e3o!","og_url":"https:\/\/www.vagadeempregorj.com.br\/es\/como-criar-um-curriculo-chamativo\/","article_publisher":"https:\/\/www.facebook.com\/empregobrasiloficial","article_published_time":"2021-10-01T03:00:16+00:00","article_modified_time":"2025-06-15T17:31:42+00:00","og_image":[{"width":1200,"height":675,"url":"https:\/\/www.vagadeempregorj.com.br\/wp-content\/uploads\/2021\/10\/COMO-CRIAR-UM-CURRICULO-CHAMATIVO-1.jpg","type":"image\/jpeg"}],"author":"Ana B.","twitter_card":"summary_large_image","twitter_misc":{"Written by":"Ana B.","Est. reading time":"4 minutos"},"schema":{"@context":"https:\/\/schema.org","@graph":[{"@type":"Article","@id":"https:\/\/www.vagadeempregorj.com.br\/como-criar-um-curriculo-chamativo\/#article","isPartOf":{"@id":"https:\/\/www.vagadeempregorj.com.br\/como-criar-um-curriculo-chamativo\/"},"author":{"name":"Ana B.","@id":"https:\/\/www.vagadeempregorj.com.br\/#\/schema\/person\/c0c38d5d765e86c3b7c8f12fb1ae6477"},"headline":"Como criar um curr\u00edculo chamativo?","datePublished":"2021-10-01T03:00:16+00:00","dateModified":"2025-06-15T17:31:42+00:00","mainEntityOfPage":{"@id":"https:\/\/www.vagadeempregorj.com.br\/como-criar-um-curriculo-chamativo\/"},"wordCount":694,"image":{"@id":"https:\/\/www.vagadeempregorj.com.br\/como-criar-um-curriculo-chamativo\/#primaryimage"},"thumbnailUrl":"https:\/\/www.vagadeempregorj.com.br\/wp-content\/uploads\/2021\/10\/COMO-CRIAR-UM-CURRICULO-CHAMATIVO-1.jpg","articleSection":["Vagas de Emprego Nacionais"],"inLanguage":"es"},{"@type":"WebPage","@id":"https:\/\/www.vagadeempregorj.com.br\/como-criar-um-curriculo-chamativo\/","url":"https:\/\/www.vagadeempregorj.com.br\/como-criar-um-curriculo-chamativo\/","name":"Como criar um curr\u00edculo chamativo? -","isPartOf":{"@id":"https:\/\/www.vagadeempregorj.com.br\/#website"},"primaryImageOfPage":{"@id":"https:\/\/www.vagadeempregorj.com.br\/como-criar-um-curriculo-chamativo\/#primaryimage"},"image":{"@id":"https:\/\/www.vagadeempregorj.com.br\/como-criar-um-curriculo-chamativo\/#primaryimage"},"thumbnailUrl":"https:\/\/www.vagadeempregorj.com.br\/wp-content\/uploads\/2021\/10\/COMO-CRIAR-UM-CURRICULO-CHAMATIVO-1.jpg","datePublished":"2021-10-01T03:00:16+00:00","dateModified":"2025-06-15T17:31:42+00:00","author":{"@id":"https:\/\/www.vagadeempregorj.com.br\/#\/schema\/person\/c0c38d5d765e86c3b7c8f12fb1ae6477"},"description":"Veja em Vagas de Emprego RJ as vagas de emprego com e sem experi\u00eancia no seu Estado e Regi\u00e3o!","breadcrumb":{"@id":"https:\/\/www.vagadeempregorj.com.br\/como-criar-um-curriculo-chamativo\/#breadcrumb"},"inLanguage":"es","potentialAction":[{"@type":"ReadAction","target":["https:\/\/www.vagadeempregorj.com.br\/como-criar-um-curriculo-chamativo\/"]}]},{"@type":"ImageObject","inLanguage":"es","@id":"https:\/\/www.vagadeempregorj.com.br\/como-criar-um-curriculo-chamativo\/#primaryimage","url":"https:\/\/www.vagadeempregorj.com.br\/wp-content\/uploads\/2021\/10\/COMO-CRIAR-UM-CURRICULO-CHAMATIVO-1.jpg","contentUrl":"https:\/\/www.vagadeempregorj.com.br\/wp-content\/uploads\/2021\/10\/COMO-CRIAR-UM-CURRICULO-CHAMATIVO-1.jpg","width":1200,"height":675,"caption":"COMO CRIAR UM CURR\u00cdCULO CHAMATIVO"},{"@type":"BreadcrumbList","@id":"https:\/\/www.vagadeempregorj.com.br\/como-criar-um-curriculo-chamativo\/#breadcrumb","itemListElement":[{"@type":"ListItem","position":1,"name":"In\u00edcio","item":"https:\/\/www.vagadeempregorj.com.br\/"},{"@type":"ListItem","position":2,"name":"Como criar um curr\u00edculo chamativo?"}]},{"@type":"WebSite","@id":"https:\/\/www.vagadeempregorj.com.br\/#website","url":"https:\/\/www.vagadeempregorj.com.br\/","name":"","description":"Conquiste Sonhos: Vagas, Benef\u00edcios e Economia para Transformar Vidas e Alcan\u00e7ar Melhorias Cotidianas","potentialAction":[{"@type":"SearchAction","target":{"@type":"EntryPoint","urlTemplate":"https:\/\/www.vagadeempregorj.com.br\/?s={search_term_string}"},"query-input":{"@type":"PropertyValueSpecification","valueRequired":true,"valueName":"search_term_string"}}],"inLanguage":"es"},{"@type":"Person","@id":"https:\/\/www.vagadeempregorj.com.br\/#\/schema\/person\/c0c38d5d765e86c3b7c8f12fb1ae6477","name":"Ana B.","image":{"@type":"ImageObject","inLanguage":"es","@id":"https:\/\/secure.gravatar.com\/avatar\/f5efa58599e07f8dd92f26c7cfbc442fd115582bc681245452e503c2ef2334f3?s=96&r=g","url":"https:\/\/secure.gravatar.com\/avatar\/f5efa58599e07f8dd92f26c7cfbc442fd115582bc681245452e503c2ef2334f3?s=96&r=g","contentUrl":"https:\/\/secure.gravatar.com\/avatar\/f5efa58599e07f8dd92f26c7cfbc442fd115582bc681245452e503c2ef2334f3?s=96&r=g","caption":"Ana B."},"description":"Meu nome \u00e9 Ana e sou apaixonada em escrever. Dedico meu tempo escrevendo not\u00edcias e vagas de emprego diariamente no portal Vaga de Emprego RJ.","url":"https:\/\/www.vagadeempregorj.com.br\/es\/author\/vgrj\/"}]}},"_links":{"self":[{"href":"https:\/\/www.vagadeempregorj.com.br\/es\/wp-json\/wp\/v2\/posts\/17418","targetHints":{"allow":["GET"]}}],"collection":[{"href":"https:\/\/www.vagadeempregorj.com.br\/es\/wp-json\/wp\/v2\/posts"}],"about":[{"href":"https:\/\/www.vagadeempregorj.com.br\/es\/wp-json\/wp\/v2\/types\/post"}],"author":[{"embeddable":true,"href":"https:\/\/www.vagadeempregorj.com.br\/es\/wp-json\/wp\/v2\/users\/1"}],"replies":[{"embeddable":true,"href":"https:\/\/www.vagadeempregorj.com.br\/es\/wp-json\/wp\/v2\/comments?post=17418"}],"version-history":[{"count":1,"href":"https:\/\/www.vagadeempregorj.com.br\/es\/wp-json\/wp\/v2\/posts\/17418\/revisions"}],"predecessor-version":[{"id":43575,"href":"https:\/\/www.vagadeempregorj.com.br\/es\/wp-json\/wp\/v2\/posts\/17418\/revisions\/43575"}],"wp:featuredmedia":[{"embeddable":true,"href":"https:\/\/www.vagadeempregorj.com.br\/es\/wp-json\/wp\/v2\/media\/24474"}],"wp:attachment":[{"href":"https:\/\/www.vagadeempregorj.com.br\/es\/wp-json\/wp\/v2\/media?parent=17418"}],"wp:term":[{"taxonomy":"category","embeddable":true,"href":"https:\/\/www.vagadeempregorj.com.br\/es\/wp-json\/wp\/v2\/categories?post=17418"},{"taxonomy":"post_tag","embeddable":true,"href":"https:\/\/www.vagadeempregorj.com.br\/es\/wp-json\/wp\/v2\/tags?post=17418"}],"curies":[{"name":"wp","href":"https:\/\/api.w.org\/{rel}","templated":true}]}}