{"id":25271,"date":"2023-08-10T00:05:00","date_gmt":"2023-08-10T03:05:00","guid":{"rendered":"https:\/\/www.vagadeempregorj.com.br\/?p=25271"},"modified":"2023-09-18T20:12:35","modified_gmt":"2023-09-18T23:12:35","slug":"vagas-na-suzano-papel-e-celulose","status":"publish","type":"post","link":"https:\/\/www.vagadeempregorj.com.br\/es\/vagas-na-suzano-papel-e-celulose\/","title":{"rendered":"Vagas na Suzano Papel e Celulose, veja"},"content":{"rendered":"<p>Atualizado<\/p>\n\n\n<div class=\"wp-block-post-date\"><time datetime=\"2023-08-10T00:05:00-03:00\">10\/08\/2023<\/time><\/div>\n\n\n<p>Vagas na Suzano Papel e Celulose, a empresa que est\u00e1 quase um s\u00e9culo de experi\u00eancia e est\u00e1 cheia de oportunidades para quem est\u00e1 come\u00e7ando tamb\u00e9m.<\/p>\n\n\n\n<p>Ent\u00e3o, dedicado a oferecer\u00e3o p\u00fablico solu\u00e7\u00f5es em papel e celulose para o dia a dia e at\u00e9 para uso industrial.<br><br>Contudo, a Suzano \u00e9 uma corpora\u00e7\u00e3o de destaque na economia por v\u00e1rios motivos.<br><br>Sendo assim, um deles \u00e9 a sua quantidade enorme de vagas atrativas de emprego e a possibilidade de uma carreira de sucesso.<br><br>Dessa forma, para trabalhar na empresa, \u00e9 preciso se candidatar a uma das vagas que est\u00e3o abertas atualmente:<\/p>\n\n\n\n<ul class=\"wp-block-list\">\n<li>Analista de controle junior<\/li>\n\n\n\n<li>Engenheiro de dados senior<\/li>\n\n\n\n<li>Assistente administrativo<\/li>\n\n\n\n<li>Mec\u00e2nico<\/li>\n\n\n\n<li>T\u00e9cnico log\u00edstica florestal<\/li>\n\n\n\n<li>Aprendiz<\/li>\n\n\n\n<li>Consultor excel\u00eancia operacional<\/li>\n\n\n\n<li>Analista de opera\u00e7\u00f5es log\u00edsticas, Marketing e suprimentos<\/li>\n\n\n\n<li>Consultor de auditoria<\/li>\n\n\n\n<li>Operador de colheita<\/li>\n\n\n\n<li>Retificador corrente<\/li>\n\n\n\n<li>Consultor de neg\u00f3cios<\/li>\n\n\n\n<li>Analista de recebimento fiscal<\/li>\n\n\n\n<li>Comboista<\/li>\n\n\n\n<li>Supervisor de opera\u00e7\u00f5es florestais<\/li>\n\n\n\n<li>Auxiliar de produ\u00e7\u00e3o<\/li>\n\n\n\n<li>Gerente de planejamento<\/li>\n\n\n\n<li>Enfermeiro do trabalho<\/li>\n\n\n\n<li>E muito mais<\/li>\n<\/ul>\n\n\n\n<p>A Suzano Papel e Celulose concede benef\u00edcios como: alimenta\u00e7\u00e3o, previd\u00eancia privada, e-learning, clube de benef\u00edcios, conv\u00eanio m\u00e9dico, plano de remunera\u00e7\u00e3o vari\u00e1vel anual, conv\u00eanio odontol\u00f3gico, home office, seguro de vida, no Dress code e mais.<\/p>\n\n\n\n<div class=\"wp-block-buttons is-horizontal is-content-justification-center is-layout-flex wp-container-core-buttons-is-layout-499968f5 wp-block-buttons-is-layout-flex\">\n<div class=\"wp-block-button\"><a class=\"wp-block-button__link has-black-color has-text-color has-background wp-element-button\" href=\"https:\/\/www.vagadeempregorj.com.br\/es\/enviando-seu-curriculo-rapidamente\/\" style=\"background:linear-gradient(2deg,rgb(255,134,50) 64%,rgb(255,197,71) 100%)\"><strong>VEJA COMO SE CANDIDATAR<\/strong><\/a><\/div>\n<\/div>\n\n\n\n<h2 class=\"wp-block-heading\"><strong>Como se inscrever nas Vagas na Suzano Papel e Celulose<\/strong><\/h2>\n\n\n\n<p>Todas as vagas na Suzano Papel e Celulose est\u00e3o dispon\u00edveis para consulta e candidatura no link <strong><a href=\"https:\/\/suzano.gupy.io\/\">https:\/\/suzano.gupy.io\/<\/a><\/strong><\/p>\n\n\n\n<p>Entretanto, a plataforma \u00e9 a Kenoby e, portanto, quem j\u00e1 tem um curr\u00edculo cadastrado l\u00e1 s\u00f3 precisa fazer eventuais atualiza\u00e7\u00f5es; contudo, n\u00e3o h\u00e1 problema em cadastrar um curr\u00edculo 100% novo.<\/p>\n\n\n\n<p>Dessa forma, a empresa tamb\u00e9m est\u00e1 no LinkedIn: <a href=\"https:\/\/www.linkedin.com\/company\/suzano\/\">https:\/\/www.linkedin.com\/company\/suzano\/<\/a>.<\/p>\n\n\n\n<h2 class=\"wp-block-heading\"><strong>Descubra mais da Suzano Papel e Celulose<\/strong><\/h2>\n\n\n\n<p>Com um site acess\u00edvel em LIBRAS demonstrando como a diversidade \u00e9 fundamental para a empresa.<\/p>\n\n\n\n<p>Assim, a empresa surgiu em 1924 e, hoje em dia, est\u00e1 instalada em todos os Estados brasileiros, na Argentina, Su\u00ed\u00e7a, \u00c1ustria, Israel, China e outros pa\u00edses.<\/p>\n\n\n\n<p>Muitos compromissos foram assumidos pela companhia com a inten\u00e7\u00e3o de promover sustentabilidade, incluindo impulsionar a educa\u00e7\u00e3o, reduzir res\u00edduos, aumentar a inclus\u00e3o.<\/p>\n\n\n\n<p>Al\u00e9m disso, preservar a biodiversidade, reduzir a pobreza, gerar energia limpa e muito mais.<\/p>\n\n\n\n<p>Dentre as marcas criadas pela Suzano Papel e Celulose e que est\u00e3o no cotidiano dos consumidores, destaca-se Scala.<\/p>\n\n\n\n<p>Contudo, destaca-se que a empresa tem at\u00e9 produtos hospitalares e fraldas para crian\u00e7as.<\/p>\n\n\n\n<div class=\"wp-block-buttons is-horizontal is-content-justification-center is-layout-flex wp-container-core-buttons-is-layout-499968f5 wp-block-buttons-is-layout-flex\">\n<div class=\"wp-block-button\"><a class=\"wp-block-button__link has-black-color has-text-color has-background wp-element-button\" href=\"https:\/\/www.vagadeempregorj.com.br\/es\/vagas-de-emprego\/rio-de-janeiro\/\" style=\"border-radius:29px;background:linear-gradient(2deg,rgb(255,134,50) 60%,rgb(255,197,71) 100%)\"><strong>VEJA NOVAS VAGAS PARA SE CANDIDATAR<\/strong><\/a><\/div>\n<\/div>","protected":false},"excerpt":{"rendered":"<p>Vagas na Suzano Papel e Celulose, a empresa que est\u00e1 quase um s\u00e9culo de experi\u00eancia e est\u00e1 cheia de oportunidades para quem est\u00e1 come\u00e7ando tamb\u00e9m.<\/p>","protected":false},"author":1,"featured_media":26077,"comment_status":"closed","ping_status":"closed","sticky":false,"template":"","format":"standard","meta":{"neve_meta_sidebar":"","neve_meta_container":"","neve_meta_enable_content_width":"","neve_meta_content_width":0,"neve_meta_title_alignment":"","neve_meta_author_avatar":"","neve_post_elements_order":"","neve_meta_disable_header":"","neve_meta_disable_footer":"","neve_meta_disable_title":"","footnotes":""},"categories":[123],"tags":[217,147],"class_list":["post-25271","post","type-post","status-publish","format-standard","has-post-thumbnail","hentry","category-vagas-de-emprego-nacionais","tag-suzano-papel-e-celulose","tag-vaga-de-emprego"],"yoast_head":"<!-- This site is optimized with the Yoast SEO plugin v27.5 - https:\/\/yoast.com\/product\/yoast-seo-wordpress\/ -->\n<title>Vagas na Suzano Papel e Celulose, veja -<\/title>\n<meta name=\"description\" content=\"Vagas na Suzano Papel e Celulose, a empresa que est\u00e1 quase um s\u00e9culo de experi\u00eancia e est\u00e1 cheia de oportunidades para quem ...\" \/>\n<meta name=\"robots\" content=\"index, follow, max-snippet:-1, max-image-preview:large, max-video-preview:-1\" \/>\n<link rel=\"canonical\" href=\"https:\/\/www.vagadeempregorj.com.br\/es\/vagas-na-suzano-papel-e-celulose\/\" \/>\n<meta property=\"og:locale\" content=\"es_MX\" \/>\n<meta property=\"og:type\" content=\"article\" \/>\n<meta property=\"og:title\" content=\"Vagas na Suzano Papel e Celulose, veja -\" \/>\n<meta property=\"og:description\" content=\"Vagas na Suzano Papel e Celulose, a empresa que est\u00e1 quase um s\u00e9culo de experi\u00eancia e est\u00e1 cheia de oportunidades para quem ...\" \/>\n<meta property=\"og:url\" content=\"https:\/\/www.vagadeempregorj.com.br\/es\/vagas-na-suzano-papel-e-celulose\/\" \/>\n<meta property=\"article:publisher\" content=\"https:\/\/www.facebook.com\/empregobrasiloficial\" \/>\n<meta property=\"article:published_time\" content=\"2023-08-10T03:05:00+00:00\" \/>\n<meta property=\"article:modified_time\" content=\"2023-09-18T23:12:35+00:00\" \/>\n<meta property=\"og:image\" content=\"https:\/\/www.vagadeempregorj.com.br\/wp-content\/uploads\/2022\/12\/suzano-papel-e-celulose.jpg\" \/>\n\t<meta property=\"og:image:width\" content=\"1200\" \/>\n\t<meta property=\"og:image:height\" content=\"675\" \/>\n\t<meta property=\"og:image:type\" content=\"image\/jpeg\" \/>\n<meta name=\"author\" content=\"Ana B.\" \/>\n<meta name=\"twitter:card\" content=\"summary_large_image\" \/>\n<meta name=\"twitter:label1\" content=\"Written by\" \/>\n\t<meta name=\"twitter:data1\" content=\"Ana B.\" \/>\n\t<meta name=\"twitter:label2\" content=\"Est. reading time\" \/>\n\t<meta name=\"twitter:data2\" content=\"3 minutos\" \/>\n<script type=\"application\/ld+json\" class=\"yoast-schema-graph\">{\"@context\":\"https:\\\/\\\/schema.org\",\"@graph\":[{\"@type\":\"Article\",\"@id\":\"https:\\\/\\\/www.vagadeempregorj.com.br\\\/vagas-na-suzano-papel-e-celulose\\\/#article\",\"isPartOf\":{\"@id\":\"https:\\\/\\\/www.vagadeempregorj.com.br\\\/vagas-na-suzano-papel-e-celulose\\\/\"},\"author\":{\"name\":\"Ana B.\",\"@id\":\"https:\\\/\\\/www.vagadeempregorj.com.br\\\/#\\\/schema\\\/person\\\/c0c38d5d765e86c3b7c8f12fb1ae6477\"},\"headline\":\"Vagas na Suzano Papel e Celulose, veja\",\"datePublished\":\"2023-08-10T03:05:00+00:00\",\"dateModified\":\"2023-09-18T23:12:35+00:00\",\"mainEntityOfPage\":{\"@id\":\"https:\\\/\\\/www.vagadeempregorj.com.br\\\/vagas-na-suzano-papel-e-celulose\\\/\"},\"wordCount\":435,\"image\":{\"@id\":\"https:\\\/\\\/www.vagadeempregorj.com.br\\\/vagas-na-suzano-papel-e-celulose\\\/#primaryimage\"},\"thumbnailUrl\":\"https:\\\/\\\/www.vagadeempregorj.com.br\\\/wp-content\\\/uploads\\\/2022\\\/12\\\/suzano-papel-e-celulose.jpg\",\"keywords\":[\"suzano papel e celulose\",\"vaga de emprego\"],\"articleSection\":[\"Vagas de Emprego Nacionais\"],\"inLanguage\":\"es\"},{\"@type\":\"WebPage\",\"@id\":\"https:\\\/\\\/www.vagadeempregorj.com.br\\\/vagas-na-suzano-papel-e-celulose\\\/\",\"url\":\"https:\\\/\\\/www.vagadeempregorj.com.br\\\/vagas-na-suzano-papel-e-celulose\\\/\",\"name\":\"Vagas na Suzano Papel e Celulose, veja -\",\"isPartOf\":{\"@id\":\"https:\\\/\\\/www.vagadeempregorj.com.br\\\/#website\"},\"primaryImageOfPage\":{\"@id\":\"https:\\\/\\\/www.vagadeempregorj.com.br\\\/vagas-na-suzano-papel-e-celulose\\\/#primaryimage\"},\"image\":{\"@id\":\"https:\\\/\\\/www.vagadeempregorj.com.br\\\/vagas-na-suzano-papel-e-celulose\\\/#primaryimage\"},\"thumbnailUrl\":\"https:\\\/\\\/www.vagadeempregorj.com.br\\\/wp-content\\\/uploads\\\/2022\\\/12\\\/suzano-papel-e-celulose.jpg\",\"datePublished\":\"2023-08-10T03:05:00+00:00\",\"dateModified\":\"2023-09-18T23:12:35+00:00\",\"author\":{\"@id\":\"https:\\\/\\\/www.vagadeempregorj.com.br\\\/#\\\/schema\\\/person\\\/c0c38d5d765e86c3b7c8f12fb1ae6477\"},\"description\":\"Vagas na Suzano Papel e Celulose, a empresa que est\u00e1 quase um s\u00e9culo de experi\u00eancia e est\u00e1 cheia de oportunidades para quem ...\",\"breadcrumb\":{\"@id\":\"https:\\\/\\\/www.vagadeempregorj.com.br\\\/vagas-na-suzano-papel-e-celulose\\\/#breadcrumb\"},\"inLanguage\":\"es\",\"potentialAction\":[{\"@type\":\"ReadAction\",\"target\":[\"https:\\\/\\\/www.vagadeempregorj.com.br\\\/vagas-na-suzano-papel-e-celulose\\\/\"]}]},{\"@type\":\"ImageObject\",\"inLanguage\":\"es\",\"@id\":\"https:\\\/\\\/www.vagadeempregorj.com.br\\\/vagas-na-suzano-papel-e-celulose\\\/#primaryimage\",\"url\":\"https:\\\/\\\/www.vagadeempregorj.com.br\\\/wp-content\\\/uploads\\\/2022\\\/12\\\/suzano-papel-e-celulose.jpg\",\"contentUrl\":\"https:\\\/\\\/www.vagadeempregorj.com.br\\\/wp-content\\\/uploads\\\/2022\\\/12\\\/suzano-papel-e-celulose.jpg\",\"width\":1200,\"height\":675,\"caption\":\"suzano papel e celulose\"},{\"@type\":\"BreadcrumbList\",\"@id\":\"https:\\\/\\\/www.vagadeempregorj.com.br\\\/vagas-na-suzano-papel-e-celulose\\\/#breadcrumb\",\"itemListElement\":[{\"@type\":\"ListItem\",\"position\":1,\"name\":\"In\u00edcio\",\"item\":\"https:\\\/\\\/www.vagadeempregorj.com.br\\\/\"},{\"@type\":\"ListItem\",\"position\":2,\"name\":\"Vagas de Emprego Nacionais\",\"item\":\"https:\\\/\\\/www.vagadeempregorj.com.br\\\/vagas-de-emprego-nacionais\\\/\"},{\"@type\":\"ListItem\",\"position\":3,\"name\":\"Vagas na Suzano Papel e Celulose, veja\"}]},{\"@type\":\"WebSite\",\"@id\":\"https:\\\/\\\/www.vagadeempregorj.com.br\\\/#website\",\"url\":\"https:\\\/\\\/www.vagadeempregorj.com.br\\\/\",\"name\":\"\",\"description\":\"Conquiste Sonhos: Vagas, Benef\u00edcios e Economia para Transformar Vidas e Alcan\u00e7ar Melhorias Cotidianas\",\"potentialAction\":[{\"@type\":\"SearchAction\",\"target\":{\"@type\":\"EntryPoint\",\"urlTemplate\":\"https:\\\/\\\/www.vagadeempregorj.com.br\\\/?s={search_term_string}\"},\"query-input\":{\"@type\":\"PropertyValueSpecification\",\"valueRequired\":true,\"valueName\":\"search_term_string\"}}],\"inLanguage\":\"es\"},{\"@type\":\"Person\",\"@id\":\"https:\\\/\\\/www.vagadeempregorj.com.br\\\/#\\\/schema\\\/person\\\/c0c38d5d765e86c3b7c8f12fb1ae6477\",\"name\":\"Ana B.\",\"image\":{\"@type\":\"ImageObject\",\"inLanguage\":\"es\",\"@id\":\"https:\\\/\\\/secure.gravatar.com\\\/avatar\\\/f5efa58599e07f8dd92f26c7cfbc442fd115582bc681245452e503c2ef2334f3?s=96&r=g\",\"url\":\"https:\\\/\\\/secure.gravatar.com\\\/avatar\\\/f5efa58599e07f8dd92f26c7cfbc442fd115582bc681245452e503c2ef2334f3?s=96&r=g\",\"contentUrl\":\"https:\\\/\\\/secure.gravatar.com\\\/avatar\\\/f5efa58599e07f8dd92f26c7cfbc442fd115582bc681245452e503c2ef2334f3?s=96&r=g\",\"caption\":\"Ana B.\"},\"description\":\"Meu nome \u00e9 Ana e sou apaixonada em escrever. Dedico meu tempo escrevendo not\u00edcias e vagas de emprego diariamente no portal Vaga de Emprego RJ.\",\"url\":\"https:\\\/\\\/www.vagadeempregorj.com.br\\\/es\\\/author\\\/vgrj\\\/\"}]}<\/script>\n<!-- \/ Yoast SEO plugin. -->","yoast_head_json":{"title":"Vagas na Suzano Papel e Celulose, veja -","description":"Vagas na Suzano Papel e Celulose, a empresa que est\u00e1 quase um s\u00e9culo de experi\u00eancia e est\u00e1 cheia de oportunidades para quem ...","robots":{"index":"index","follow":"follow","max-snippet":"max-snippet:-1","max-image-preview":"max-image-preview:large","max-video-preview":"max-video-preview:-1"},"canonical":"https:\/\/www.vagadeempregorj.com.br\/es\/vagas-na-suzano-papel-e-celulose\/","og_locale":"es_MX","og_type":"article","og_title":"Vagas na Suzano Papel e Celulose, veja -","og_description":"Vagas na Suzano Papel e Celulose, a empresa que est\u00e1 quase um s\u00e9culo de experi\u00eancia e est\u00e1 cheia de oportunidades para quem ...","og_url":"https:\/\/www.vagadeempregorj.com.br\/es\/vagas-na-suzano-papel-e-celulose\/","article_publisher":"https:\/\/www.facebook.com\/empregobrasiloficial","article_published_time":"2023-08-10T03:05:00+00:00","article_modified_time":"2023-09-18T23:12:35+00:00","og_image":[{"width":1200,"height":675,"url":"https:\/\/www.vagadeempregorj.com.br\/wp-content\/uploads\/2022\/12\/suzano-papel-e-celulose.jpg","type":"image\/jpeg"}],"author":"Ana B.","twitter_card":"summary_large_image","twitter_misc":{"Written by":"Ana B.","Est. reading time":"3 minutos"},"schema":{"@context":"https:\/\/schema.org","@graph":[{"@type":"Article","@id":"https:\/\/www.vagadeempregorj.com.br\/vagas-na-suzano-papel-e-celulose\/#article","isPartOf":{"@id":"https:\/\/www.vagadeempregorj.com.br\/vagas-na-suzano-papel-e-celulose\/"},"author":{"name":"Ana B.","@id":"https:\/\/www.vagadeempregorj.com.br\/#\/schema\/person\/c0c38d5d765e86c3b7c8f12fb1ae6477"},"headline":"Vagas na Suzano Papel e Celulose, veja","datePublished":"2023-08-10T03:05:00+00:00","dateModified":"2023-09-18T23:12:35+00:00","mainEntityOfPage":{"@id":"https:\/\/www.vagadeempregorj.com.br\/vagas-na-suzano-papel-e-celulose\/"},"wordCount":435,"image":{"@id":"https:\/\/www.vagadeempregorj.com.br\/vagas-na-suzano-papel-e-celulose\/#primaryimage"},"thumbnailUrl":"https:\/\/www.vagadeempregorj.com.br\/wp-content\/uploads\/2022\/12\/suzano-papel-e-celulose.jpg","keywords":["suzano papel e celulose","vaga de emprego"],"articleSection":["Vagas de Emprego Nacionais"],"inLanguage":"es"},{"@type":"WebPage","@id":"https:\/\/www.vagadeempregorj.com.br\/vagas-na-suzano-papel-e-celulose\/","url":"https:\/\/www.vagadeempregorj.com.br\/vagas-na-suzano-papel-e-celulose\/","name":"Vagas na Suzano Papel e Celulose, veja -","isPartOf":{"@id":"https:\/\/www.vagadeempregorj.com.br\/#website"},"primaryImageOfPage":{"@id":"https:\/\/www.vagadeempregorj.com.br\/vagas-na-suzano-papel-e-celulose\/#primaryimage"},"image":{"@id":"https:\/\/www.vagadeempregorj.com.br\/vagas-na-suzano-papel-e-celulose\/#primaryimage"},"thumbnailUrl":"https:\/\/www.vagadeempregorj.com.br\/wp-content\/uploads\/2022\/12\/suzano-papel-e-celulose.jpg","datePublished":"2023-08-10T03:05:00+00:00","dateModified":"2023-09-18T23:12:35+00:00","author":{"@id":"https:\/\/www.vagadeempregorj.com.br\/#\/schema\/person\/c0c38d5d765e86c3b7c8f12fb1ae6477"},"description":"Vagas na Suzano Papel e Celulose, a empresa que est\u00e1 quase um s\u00e9culo de experi\u00eancia e est\u00e1 cheia de oportunidades para quem ...","breadcrumb":{"@id":"https:\/\/www.vagadeempregorj.com.br\/vagas-na-suzano-papel-e-celulose\/#breadcrumb"},"inLanguage":"es","potentialAction":[{"@type":"ReadAction","target":["https:\/\/www.vagadeempregorj.com.br\/vagas-na-suzano-papel-e-celulose\/"]}]},{"@type":"ImageObject","inLanguage":"es","@id":"https:\/\/www.vagadeempregorj.com.br\/vagas-na-suzano-papel-e-celulose\/#primaryimage","url":"https:\/\/www.vagadeempregorj.com.br\/wp-content\/uploads\/2022\/12\/suzano-papel-e-celulose.jpg","contentUrl":"https:\/\/www.vagadeempregorj.com.br\/wp-content\/uploads\/2022\/12\/suzano-papel-e-celulose.jpg","width":1200,"height":675,"caption":"suzano papel e celulose"},{"@type":"BreadcrumbList","@id":"https:\/\/www.vagadeempregorj.com.br\/vagas-na-suzano-papel-e-celulose\/#breadcrumb","itemListElement":[{"@type":"ListItem","position":1,"name":"In\u00edcio","item":"https:\/\/www.vagadeempregorj.com.br\/"},{"@type":"ListItem","position":2,"name":"Vagas de Emprego Nacionais","item":"https:\/\/www.vagadeempregorj.com.br\/vagas-de-emprego-nacionais\/"},{"@type":"ListItem","position":3,"name":"Vagas na Suzano Papel e Celulose, veja"}]},{"@type":"WebSite","@id":"https:\/\/www.vagadeempregorj.com.br\/#website","url":"https:\/\/www.vagadeempregorj.com.br\/","name":"","description":"Conquiste Sonhos: Vagas, Benef\u00edcios e Economia para Transformar Vidas e Alcan\u00e7ar Melhorias Cotidianas","potentialAction":[{"@type":"SearchAction","target":{"@type":"EntryPoint","urlTemplate":"https:\/\/www.vagadeempregorj.com.br\/?s={search_term_string}"},"query-input":{"@type":"PropertyValueSpecification","valueRequired":true,"valueName":"search_term_string"}}],"inLanguage":"es"},{"@type":"Person","@id":"https:\/\/www.vagadeempregorj.com.br\/#\/schema\/person\/c0c38d5d765e86c3b7c8f12fb1ae6477","name":"Ana B.","image":{"@type":"ImageObject","inLanguage":"es","@id":"https:\/\/secure.gravatar.com\/avatar\/f5efa58599e07f8dd92f26c7cfbc442fd115582bc681245452e503c2ef2334f3?s=96&r=g","url":"https:\/\/secure.gravatar.com\/avatar\/f5efa58599e07f8dd92f26c7cfbc442fd115582bc681245452e503c2ef2334f3?s=96&r=g","contentUrl":"https:\/\/secure.gravatar.com\/avatar\/f5efa58599e07f8dd92f26c7cfbc442fd115582bc681245452e503c2ef2334f3?s=96&r=g","caption":"Ana B."},"description":"Meu nome \u00e9 Ana e sou apaixonada em escrever. Dedico meu tempo escrevendo not\u00edcias e vagas de emprego diariamente no portal Vaga de Emprego RJ.","url":"https:\/\/www.vagadeempregorj.com.br\/es\/author\/vgrj\/"}]}},"_links":{"self":[{"href":"https:\/\/www.vagadeempregorj.com.br\/es\/wp-json\/wp\/v2\/posts\/25271","targetHints":{"allow":["GET"]}}],"collection":[{"href":"https:\/\/www.vagadeempregorj.com.br\/es\/wp-json\/wp\/v2\/posts"}],"about":[{"href":"https:\/\/www.vagadeempregorj.com.br\/es\/wp-json\/wp\/v2\/types\/post"}],"author":[{"embeddable":true,"href":"https:\/\/www.vagadeempregorj.com.br\/es\/wp-json\/wp\/v2\/users\/1"}],"replies":[{"embeddable":true,"href":"https:\/\/www.vagadeempregorj.com.br\/es\/wp-json\/wp\/v2\/comments?post=25271"}],"version-history":[{"count":0,"href":"https:\/\/www.vagadeempregorj.com.br\/es\/wp-json\/wp\/v2\/posts\/25271\/revisions"}],"wp:featuredmedia":[{"embeddable":true,"href":"https:\/\/www.vagadeempregorj.com.br\/es\/wp-json\/wp\/v2\/media\/26077"}],"wp:attachment":[{"href":"https:\/\/www.vagadeempregorj.com.br\/es\/wp-json\/wp\/v2\/media?parent=25271"}],"wp:term":[{"taxonomy":"category","embeddable":true,"href":"https:\/\/www.vagadeempregorj.com.br\/es\/wp-json\/wp\/v2\/categories?post=25271"},{"taxonomy":"post_tag","embeddable":true,"href":"https:\/\/www.vagadeempregorj.com.br\/es\/wp-json\/wp\/v2\/tags?post=25271"}],"curies":[{"name":"wp","href":"https:\/\/api.w.org\/{rel}","templated":true}]}}