{"id":25676,"date":"2023-11-17T00:03:00","date_gmt":"2023-11-17T03:03:00","guid":{"rendered":"https:\/\/www.vagadeempregorj.com.br\/?p=25676"},"modified":"2024-11-01T23:27:37","modified_gmt":"2024-11-02T02:27:37","slug":"vagas-de-emprego-na-oracle","status":"publish","type":"post","link":"https:\/\/www.vagadeempregorj.com.br\/es\/vagas-de-emprego-na-oracle\/","title":{"rendered":"Vagas de emprego na Oracle, candidate-se"},"content":{"rendered":"<p>Atualizado<\/p>\n\n\n<div class=\"wp-block-post-date\"><time datetime=\"2023-11-17T00:03:00-03:00\">17\/11\/2023<\/time><\/div>\n\n\n<p>Confira as vagas de emprego na Oracle, a empresa que tem servi\u00e7os de tecnologia e trabalho para quem \u00e9 formado na \u00e1rea.<\/p>\n\n\n\n<p>Dedicada a oferecer servi\u00e7os de tecnologia, a Oracle \u00e9 conhecida por oferecer diversas chances de trabalho a pessoas com muitas escolaridades.<br><br>Primordialmente para quem tem a forma\u00e7\u00e3o, mas n\u00e3o tem a experi\u00eancia.<br><br>Assim sendo, as vagas em aberto agora s\u00e3o as que seguem:<\/p>\n\n\n\n<ul class=\"wp-block-list\">\n<li>Consultor de vendas<\/li>\n\n\n\n<li>T\u00e9cnico de suporte<\/li>\n\n\n\n<li>Especialista de solu\u00e7\u00f5es<\/li>\n\n\n\n<li>Analista de finan\u00e7as<\/li>\n\n\n\n<li>Engenheiro de software senior<\/li>\n\n\n\n<li>Arquiteto de Supply Chain<\/li>\n\n\n\n<li>Representante de vendas<\/li>\n\n\n\n<li>Engenheiro de solu\u00e7\u00f5es Cloud<\/li>\n\n\n\n<li>E muitas outras<\/li>\n<\/ul>\n\n\n\n<p>Entretanto, destaca-se que as vagas anunciadas pela Oracle est\u00e3o em Ingl\u00eas e que \u00e9 preciso estar atento \u00e0 localidade.<\/p>\n\n\n\n<p>Dessa forma \u00e9 bom ter certeza de que se trata de uma oportunidade para o Brasil e n\u00e3o para outras \u00e1reas do mundo onde a empresa tamb\u00e9m tem unidades.<\/p>\n\n\n\n<div class=\"wp-block-buttons is-horizontal is-content-justification-center is-layout-flex wp-container-core-buttons-is-layout-499968f5 wp-block-buttons-is-layout-flex\">\n<div class=\"wp-block-button\"><a class=\"wp-block-button__link has-black-color has-text-color has-background wp-element-button\" href=\"https:\/\/www.vagadeempregorj.com.br\/es\/enviando-seu-curriculo-rapidamente\/\" style=\"background:linear-gradient(2deg,rgb(255,134,50) 64%,rgb(255,197,71) 100%)\"><strong>VEJA COMO SE CANDIDATAR<\/strong><\/a><\/div>\n<\/div>\n\n\n\n<h2 class=\"wp-block-heading\"><strong>Como se inscrever nas Vagas de emprego na Oracle<\/strong><\/h2>\n\n\n\n<p>Primordialmente, o cadastro do curr\u00edculo para as oportunidades na Oracle pode ser feito acessando <strong><mark style=\"background-color:rgba(0, 0, 0, 0)\" class=\"has-inline-color has-vivid-cyan-blue-color\">https:\/\/www.oracle.com\/br\/careers\/<\/mark>.<\/strong><\/p>\n\n\n\n<p>Contudo, \u00e9 s\u00f3 escolher a vaga, tendo aten\u00e7\u00e3o \u00e0 localidade a qual ela \u00e9 correspondente, e clicar em Apply Online para se candidatar.<\/p>\n\n\n\n<p>Sites de empregos, como o Infojobs, tamb\u00e9m costumam ter an\u00fancios de oportunidades para a Oracle, sendo gratuito para se inscrever (na maioria das vezes).<\/p>\n\n\n\n<p><\/p>\n\n\n\n<h2 class=\"wp-block-heading\"><strong>Descubra um pouco mais da Oracle<\/strong><\/h2>\n\n\n\n<p>Com diversos cases de sucesso, a empresa fornece os seus servi\u00e7os de tecnologia a setores como comunica\u00e7\u00f5es, bens de consumo, servi\u00e7os financeiros, governo e educa\u00e7\u00e3o.<\/p>\n\n\n\n<p>Al\u00e9m tamb\u00e9m da alta tecnologia, fabrica\u00e7\u00e3o industrial, m\u00eddia e entretenimento, servi\u00e7os profissionais, transporte e viagem, automotivo, constru\u00e7\u00e3o e Engenharia, energia e \u00e1gua, alimentos e bebidas.<\/p>\n\n\n\n<p>Assim tamb\u00e9m, tem assist\u00eancia m\u00e9dica, hospitalidade, ci\u00eancias biol\u00f3gicas, petr\u00f3leo e g\u00e1s e muito mais.<\/p>\n\n\n\n<p>Dessa forma, os parceiros da empresa podem desfrutar de Marketplace, al\u00e9m de integra\u00e7\u00f5es com os sistemas da Oracle e um acesso exclusivo com recursos \u00fanicos.<\/p>\n\n\n\n<p>Sendo t\u00e3o inovadora na \u00e1rea de tecnologia, \u00e9 claro que a Oracle sempre marca presen\u00e7a em eventos do segmento.<\/p>\n\n\n\n<p>Dessa forma, s\u00e3o oportunidades que ela usa para expor ainda mais os seus servi\u00e7os, que s\u00e3o:<\/p>\n\n\n\n<ul class=\"wp-block-list\">\n<li>Machine Learning<\/li>\n\n\n\n<li>Big Data<\/li>\n\n\n\n<li>Conformidade<\/li>\n\n\n\n<li>Servi\u00e7o de Banco de Dados<\/li>\n\n\n\n<li>Nuvem para \u00f3rg\u00e3os do governo<\/li>\n\n\n\n<li>outros<\/li>\n<\/ul>\n\n\n\n<p>Em suma, salientam-se as pr\u00e1ticas de seguran\u00e7a adotadas pela companhia, tudo voltado para que o cliente tenha a sua confidencialidade preservada.<\/p>\n\n\n\n<div class=\"wp-block-buttons is-horizontal is-content-justification-center is-layout-flex wp-container-core-buttons-is-layout-499968f5 wp-block-buttons-is-layout-flex\">\n<div class=\"wp-block-button\"><a class=\"wp-block-button__link has-black-color has-text-color has-background wp-element-button\" href=\"https:\/\/www.vagadeempregorj.com.br\/es\/vagas-de-emprego\/rio-de-janeiro\/\" style=\"border-radius:29px;background:linear-gradient(2deg,rgb(255,134,50) 60%,rgb(255,197,71) 100%)\"><strong>VEJA NOVAS VAGAS PARA SE CANDIDATAR<\/strong><\/a><\/div>\n<\/div>","protected":false},"excerpt":{"rendered":"<p>Confira as vagas de emprego na Oracle, a empresa que tem servi\u00e7os de tecnologia e trabalho para quem \u00e9 formado na \u00e1rea.<\/p>","protected":false},"author":1,"featured_media":25708,"comment_status":"closed","ping_status":"closed","sticky":false,"template":"","format":"standard","meta":{"neve_meta_sidebar":"","neve_meta_container":"","neve_meta_enable_content_width":"","neve_meta_content_width":0,"neve_meta_title_alignment":"","neve_meta_author_avatar":"","neve_post_elements_order":"","neve_meta_disable_header":"","neve_meta_disable_footer":"","neve_meta_disable_title":"","footnotes":""},"categories":[123],"tags":[194,147],"class_list":["post-25676","post","type-post","status-publish","format-standard","has-post-thumbnail","hentry","category-vagas-de-emprego-nacionais","tag-oracle","tag-vaga-de-emprego"],"yoast_head":"<!-- This site is optimized with the Yoast SEO plugin v27.5 - https:\/\/yoast.com\/product\/yoast-seo-wordpress\/ -->\n<title>Vagas de emprego na Oracle, candidate-se -<\/title>\n<meta name=\"description\" content=\"Confira as vagas de emprego na Oracle, a empresa que tem servi\u00e7os de tecnologia e trabalho para quem \u00e9 formado na \u00e1rea.\" \/>\n<meta name=\"robots\" content=\"index, follow, max-snippet:-1, max-image-preview:large, max-video-preview:-1\" \/>\n<link rel=\"canonical\" href=\"https:\/\/www.vagadeempregorj.com.br\/es\/vagas-de-emprego-na-oracle\/\" \/>\n<meta property=\"og:locale\" content=\"es_MX\" \/>\n<meta property=\"og:type\" content=\"article\" \/>\n<meta property=\"og:title\" content=\"Vagas de emprego na Oracle, candidate-se -\" \/>\n<meta property=\"og:description\" content=\"Confira as vagas de emprego na Oracle, a empresa que tem servi\u00e7os de tecnologia e trabalho para quem \u00e9 formado na \u00e1rea.\" \/>\n<meta property=\"og:url\" content=\"https:\/\/www.vagadeempregorj.com.br\/es\/vagas-de-emprego-na-oracle\/\" \/>\n<meta property=\"article:publisher\" content=\"https:\/\/www.facebook.com\/empregobrasiloficial\" \/>\n<meta property=\"article:published_time\" content=\"2023-11-17T03:03:00+00:00\" \/>\n<meta property=\"article:modified_time\" content=\"2024-11-02T02:27:37+00:00\" \/>\n<meta property=\"og:image\" content=\"https:\/\/www.vagadeempregorj.com.br\/wp-content\/uploads\/2022\/03\/ORACLE.jpg\" \/>\n\t<meta property=\"og:image:width\" content=\"1200\" \/>\n\t<meta property=\"og:image:height\" content=\"675\" \/>\n\t<meta property=\"og:image:type\" content=\"image\/jpeg\" \/>\n<meta name=\"author\" content=\"Ana B.\" \/>\n<meta name=\"twitter:card\" content=\"summary_large_image\" \/>\n<meta name=\"twitter:label1\" content=\"Written by\" \/>\n\t<meta name=\"twitter:data1\" content=\"Ana B.\" \/>\n\t<meta name=\"twitter:label2\" content=\"Est. reading time\" \/>\n\t<meta name=\"twitter:data2\" content=\"3 minutos\" \/>\n<script type=\"application\/ld+json\" class=\"yoast-schema-graph\">{\"@context\":\"https:\\\/\\\/schema.org\",\"@graph\":[{\"@type\":\"Article\",\"@id\":\"https:\\\/\\\/www.vagadeempregorj.com.br\\\/vagas-de-emprego-na-oracle\\\/#article\",\"isPartOf\":{\"@id\":\"https:\\\/\\\/www.vagadeempregorj.com.br\\\/vagas-de-emprego-na-oracle\\\/\"},\"author\":{\"name\":\"Ana B.\",\"@id\":\"https:\\\/\\\/www.vagadeempregorj.com.br\\\/#\\\/schema\\\/person\\\/c0c38d5d765e86c3b7c8f12fb1ae6477\"},\"headline\":\"Vagas de emprego na Oracle, candidate-se\",\"datePublished\":\"2023-11-17T03:03:00+00:00\",\"dateModified\":\"2024-11-02T02:27:37+00:00\",\"mainEntityOfPage\":{\"@id\":\"https:\\\/\\\/www.vagadeempregorj.com.br\\\/vagas-de-emprego-na-oracle\\\/\"},\"wordCount\":440,\"image\":{\"@id\":\"https:\\\/\\\/www.vagadeempregorj.com.br\\\/vagas-de-emprego-na-oracle\\\/#primaryimage\"},\"thumbnailUrl\":\"https:\\\/\\\/www.vagadeempregorj.com.br\\\/wp-content\\\/uploads\\\/2022\\\/03\\\/ORACLE.jpg\",\"keywords\":[\"ORACLE\",\"vaga de emprego\"],\"articleSection\":[\"Vagas de Emprego Nacionais\"],\"inLanguage\":\"es\"},{\"@type\":\"WebPage\",\"@id\":\"https:\\\/\\\/www.vagadeempregorj.com.br\\\/vagas-de-emprego-na-oracle\\\/\",\"url\":\"https:\\\/\\\/www.vagadeempregorj.com.br\\\/vagas-de-emprego-na-oracle\\\/\",\"name\":\"Vagas de emprego na Oracle, candidate-se -\",\"isPartOf\":{\"@id\":\"https:\\\/\\\/www.vagadeempregorj.com.br\\\/#website\"},\"primaryImageOfPage\":{\"@id\":\"https:\\\/\\\/www.vagadeempregorj.com.br\\\/vagas-de-emprego-na-oracle\\\/#primaryimage\"},\"image\":{\"@id\":\"https:\\\/\\\/www.vagadeempregorj.com.br\\\/vagas-de-emprego-na-oracle\\\/#primaryimage\"},\"thumbnailUrl\":\"https:\\\/\\\/www.vagadeempregorj.com.br\\\/wp-content\\\/uploads\\\/2022\\\/03\\\/ORACLE.jpg\",\"datePublished\":\"2023-11-17T03:03:00+00:00\",\"dateModified\":\"2024-11-02T02:27:37+00:00\",\"author\":{\"@id\":\"https:\\\/\\\/www.vagadeempregorj.com.br\\\/#\\\/schema\\\/person\\\/c0c38d5d765e86c3b7c8f12fb1ae6477\"},\"description\":\"Confira as vagas de emprego na Oracle, a empresa que tem servi\u00e7os de tecnologia e trabalho para quem \u00e9 formado na \u00e1rea.\",\"breadcrumb\":{\"@id\":\"https:\\\/\\\/www.vagadeempregorj.com.br\\\/vagas-de-emprego-na-oracle\\\/#breadcrumb\"},\"inLanguage\":\"es\",\"potentialAction\":[{\"@type\":\"ReadAction\",\"target\":[\"https:\\\/\\\/www.vagadeempregorj.com.br\\\/vagas-de-emprego-na-oracle\\\/\"]}]},{\"@type\":\"ImageObject\",\"inLanguage\":\"es\",\"@id\":\"https:\\\/\\\/www.vagadeempregorj.com.br\\\/vagas-de-emprego-na-oracle\\\/#primaryimage\",\"url\":\"https:\\\/\\\/www.vagadeempregorj.com.br\\\/wp-content\\\/uploads\\\/2022\\\/03\\\/ORACLE.jpg\",\"contentUrl\":\"https:\\\/\\\/www.vagadeempregorj.com.br\\\/wp-content\\\/uploads\\\/2022\\\/03\\\/ORACLE.jpg\",\"width\":1200,\"height\":675,\"caption\":\"ORACLE\"},{\"@type\":\"BreadcrumbList\",\"@id\":\"https:\\\/\\\/www.vagadeempregorj.com.br\\\/vagas-de-emprego-na-oracle\\\/#breadcrumb\",\"itemListElement\":[{\"@type\":\"ListItem\",\"position\":1,\"name\":\"In\u00edcio\",\"item\":\"https:\\\/\\\/www.vagadeempregorj.com.br\\\/\"},{\"@type\":\"ListItem\",\"position\":2,\"name\":\"Vagas de Emprego Nacionais\",\"item\":\"https:\\\/\\\/www.vagadeempregorj.com.br\\\/vagas-de-emprego-nacionais\\\/\"},{\"@type\":\"ListItem\",\"position\":3,\"name\":\"Vagas de emprego na Oracle, candidate-se\"}]},{\"@type\":\"WebSite\",\"@id\":\"https:\\\/\\\/www.vagadeempregorj.com.br\\\/#website\",\"url\":\"https:\\\/\\\/www.vagadeempregorj.com.br\\\/\",\"name\":\"\",\"description\":\"Conquiste Sonhos: Vagas, Benef\u00edcios e Economia para Transformar Vidas e Alcan\u00e7ar Melhorias Cotidianas\",\"potentialAction\":[{\"@type\":\"SearchAction\",\"target\":{\"@type\":\"EntryPoint\",\"urlTemplate\":\"https:\\\/\\\/www.vagadeempregorj.com.br\\\/?s={search_term_string}\"},\"query-input\":{\"@type\":\"PropertyValueSpecification\",\"valueRequired\":true,\"valueName\":\"search_term_string\"}}],\"inLanguage\":\"es\"},{\"@type\":\"Person\",\"@id\":\"https:\\\/\\\/www.vagadeempregorj.com.br\\\/#\\\/schema\\\/person\\\/c0c38d5d765e86c3b7c8f12fb1ae6477\",\"name\":\"Ana B.\",\"image\":{\"@type\":\"ImageObject\",\"inLanguage\":\"es\",\"@id\":\"https:\\\/\\\/secure.gravatar.com\\\/avatar\\\/f5efa58599e07f8dd92f26c7cfbc442fd115582bc681245452e503c2ef2334f3?s=96&r=g\",\"url\":\"https:\\\/\\\/secure.gravatar.com\\\/avatar\\\/f5efa58599e07f8dd92f26c7cfbc442fd115582bc681245452e503c2ef2334f3?s=96&r=g\",\"contentUrl\":\"https:\\\/\\\/secure.gravatar.com\\\/avatar\\\/f5efa58599e07f8dd92f26c7cfbc442fd115582bc681245452e503c2ef2334f3?s=96&r=g\",\"caption\":\"Ana B.\"},\"description\":\"Meu nome \u00e9 Ana e sou apaixonada em escrever. Dedico meu tempo escrevendo not\u00edcias e vagas de emprego diariamente no portal Vaga de Emprego RJ.\",\"url\":\"https:\\\/\\\/www.vagadeempregorj.com.br\\\/es\\\/author\\\/vgrj\\\/\"}]}<\/script>\n<!-- \/ Yoast SEO plugin. -->","yoast_head_json":{"title":"Vagas de emprego na Oracle, candidate-se -","description":"Confira as vagas de emprego na Oracle, a empresa que tem servi\u00e7os de tecnologia e trabalho para quem \u00e9 formado na \u00e1rea.","robots":{"index":"index","follow":"follow","max-snippet":"max-snippet:-1","max-image-preview":"max-image-preview:large","max-video-preview":"max-video-preview:-1"},"canonical":"https:\/\/www.vagadeempregorj.com.br\/es\/vagas-de-emprego-na-oracle\/","og_locale":"es_MX","og_type":"article","og_title":"Vagas de emprego na Oracle, candidate-se -","og_description":"Confira as vagas de emprego na Oracle, a empresa que tem servi\u00e7os de tecnologia e trabalho para quem \u00e9 formado na \u00e1rea.","og_url":"https:\/\/www.vagadeempregorj.com.br\/es\/vagas-de-emprego-na-oracle\/","article_publisher":"https:\/\/www.facebook.com\/empregobrasiloficial","article_published_time":"2023-11-17T03:03:00+00:00","article_modified_time":"2024-11-02T02:27:37+00:00","og_image":[{"width":1200,"height":675,"url":"https:\/\/www.vagadeempregorj.com.br\/wp-content\/uploads\/2022\/03\/ORACLE.jpg","type":"image\/jpeg"}],"author":"Ana B.","twitter_card":"summary_large_image","twitter_misc":{"Written by":"Ana B.","Est. reading time":"3 minutos"},"schema":{"@context":"https:\/\/schema.org","@graph":[{"@type":"Article","@id":"https:\/\/www.vagadeempregorj.com.br\/vagas-de-emprego-na-oracle\/#article","isPartOf":{"@id":"https:\/\/www.vagadeempregorj.com.br\/vagas-de-emprego-na-oracle\/"},"author":{"name":"Ana B.","@id":"https:\/\/www.vagadeempregorj.com.br\/#\/schema\/person\/c0c38d5d765e86c3b7c8f12fb1ae6477"},"headline":"Vagas de emprego na Oracle, candidate-se","datePublished":"2023-11-17T03:03:00+00:00","dateModified":"2024-11-02T02:27:37+00:00","mainEntityOfPage":{"@id":"https:\/\/www.vagadeempregorj.com.br\/vagas-de-emprego-na-oracle\/"},"wordCount":440,"image":{"@id":"https:\/\/www.vagadeempregorj.com.br\/vagas-de-emprego-na-oracle\/#primaryimage"},"thumbnailUrl":"https:\/\/www.vagadeempregorj.com.br\/wp-content\/uploads\/2022\/03\/ORACLE.jpg","keywords":["ORACLE","vaga de emprego"],"articleSection":["Vagas de Emprego Nacionais"],"inLanguage":"es"},{"@type":"WebPage","@id":"https:\/\/www.vagadeempregorj.com.br\/vagas-de-emprego-na-oracle\/","url":"https:\/\/www.vagadeempregorj.com.br\/vagas-de-emprego-na-oracle\/","name":"Vagas de emprego na Oracle, candidate-se -","isPartOf":{"@id":"https:\/\/www.vagadeempregorj.com.br\/#website"},"primaryImageOfPage":{"@id":"https:\/\/www.vagadeempregorj.com.br\/vagas-de-emprego-na-oracle\/#primaryimage"},"image":{"@id":"https:\/\/www.vagadeempregorj.com.br\/vagas-de-emprego-na-oracle\/#primaryimage"},"thumbnailUrl":"https:\/\/www.vagadeempregorj.com.br\/wp-content\/uploads\/2022\/03\/ORACLE.jpg","datePublished":"2023-11-17T03:03:00+00:00","dateModified":"2024-11-02T02:27:37+00:00","author":{"@id":"https:\/\/www.vagadeempregorj.com.br\/#\/schema\/person\/c0c38d5d765e86c3b7c8f12fb1ae6477"},"description":"Confira as vagas de emprego na Oracle, a empresa que tem servi\u00e7os de tecnologia e trabalho para quem \u00e9 formado na \u00e1rea.","breadcrumb":{"@id":"https:\/\/www.vagadeempregorj.com.br\/vagas-de-emprego-na-oracle\/#breadcrumb"},"inLanguage":"es","potentialAction":[{"@type":"ReadAction","target":["https:\/\/www.vagadeempregorj.com.br\/vagas-de-emprego-na-oracle\/"]}]},{"@type":"ImageObject","inLanguage":"es","@id":"https:\/\/www.vagadeempregorj.com.br\/vagas-de-emprego-na-oracle\/#primaryimage","url":"https:\/\/www.vagadeempregorj.com.br\/wp-content\/uploads\/2022\/03\/ORACLE.jpg","contentUrl":"https:\/\/www.vagadeempregorj.com.br\/wp-content\/uploads\/2022\/03\/ORACLE.jpg","width":1200,"height":675,"caption":"ORACLE"},{"@type":"BreadcrumbList","@id":"https:\/\/www.vagadeempregorj.com.br\/vagas-de-emprego-na-oracle\/#breadcrumb","itemListElement":[{"@type":"ListItem","position":1,"name":"In\u00edcio","item":"https:\/\/www.vagadeempregorj.com.br\/"},{"@type":"ListItem","position":2,"name":"Vagas de Emprego Nacionais","item":"https:\/\/www.vagadeempregorj.com.br\/vagas-de-emprego-nacionais\/"},{"@type":"ListItem","position":3,"name":"Vagas de emprego na Oracle, candidate-se"}]},{"@type":"WebSite","@id":"https:\/\/www.vagadeempregorj.com.br\/#website","url":"https:\/\/www.vagadeempregorj.com.br\/","name":"","description":"Conquiste Sonhos: Vagas, Benef\u00edcios e Economia para Transformar Vidas e Alcan\u00e7ar Melhorias Cotidianas","potentialAction":[{"@type":"SearchAction","target":{"@type":"EntryPoint","urlTemplate":"https:\/\/www.vagadeempregorj.com.br\/?s={search_term_string}"},"query-input":{"@type":"PropertyValueSpecification","valueRequired":true,"valueName":"search_term_string"}}],"inLanguage":"es"},{"@type":"Person","@id":"https:\/\/www.vagadeempregorj.com.br\/#\/schema\/person\/c0c38d5d765e86c3b7c8f12fb1ae6477","name":"Ana B.","image":{"@type":"ImageObject","inLanguage":"es","@id":"https:\/\/secure.gravatar.com\/avatar\/f5efa58599e07f8dd92f26c7cfbc442fd115582bc681245452e503c2ef2334f3?s=96&r=g","url":"https:\/\/secure.gravatar.com\/avatar\/f5efa58599e07f8dd92f26c7cfbc442fd115582bc681245452e503c2ef2334f3?s=96&r=g","contentUrl":"https:\/\/secure.gravatar.com\/avatar\/f5efa58599e07f8dd92f26c7cfbc442fd115582bc681245452e503c2ef2334f3?s=96&r=g","caption":"Ana B."},"description":"Meu nome \u00e9 Ana e sou apaixonada em escrever. Dedico meu tempo escrevendo not\u00edcias e vagas de emprego diariamente no portal Vaga de Emprego RJ.","url":"https:\/\/www.vagadeempregorj.com.br\/es\/author\/vgrj\/"}]}},"_links":{"self":[{"href":"https:\/\/www.vagadeempregorj.com.br\/es\/wp-json\/wp\/v2\/posts\/25676","targetHints":{"allow":["GET"]}}],"collection":[{"href":"https:\/\/www.vagadeempregorj.com.br\/es\/wp-json\/wp\/v2\/posts"}],"about":[{"href":"https:\/\/www.vagadeempregorj.com.br\/es\/wp-json\/wp\/v2\/types\/post"}],"author":[{"embeddable":true,"href":"https:\/\/www.vagadeempregorj.com.br\/es\/wp-json\/wp\/v2\/users\/1"}],"replies":[{"embeddable":true,"href":"https:\/\/www.vagadeempregorj.com.br\/es\/wp-json\/wp\/v2\/comments?post=25676"}],"version-history":[{"count":0,"href":"https:\/\/www.vagadeempregorj.com.br\/es\/wp-json\/wp\/v2\/posts\/25676\/revisions"}],"wp:featuredmedia":[{"embeddable":true,"href":"https:\/\/www.vagadeempregorj.com.br\/es\/wp-json\/wp\/v2\/media\/25708"}],"wp:attachment":[{"href":"https:\/\/www.vagadeempregorj.com.br\/es\/wp-json\/wp\/v2\/media?parent=25676"}],"wp:term":[{"taxonomy":"category","embeddable":true,"href":"https:\/\/www.vagadeempregorj.com.br\/es\/wp-json\/wp\/v2\/categories?post=25676"},{"taxonomy":"post_tag","embeddable":true,"href":"https:\/\/www.vagadeempregorj.com.br\/es\/wp-json\/wp\/v2\/tags?post=25676"}],"curies":[{"name":"wp","href":"https:\/\/api.w.org\/{rel}","templated":true}]}}