{"id":26217,"date":"2023-08-11T00:02:00","date_gmt":"2023-08-11T03:02:00","guid":{"rendered":"https:\/\/www.vagadeempregorj.com.br\/?p=26217"},"modified":"2023-12-12T15:46:58","modified_gmt":"2023-12-12T18:46:58","slug":"trabalhe-conosco-o-boticario","status":"publish","type":"post","link":"https:\/\/www.vagadeempregorj.com.br\/es\/trabalhe-conosco-o-boticario\/","title":{"rendered":"Trabalhe Conosco O Botic\u00e1rio, verifique"},"content":{"rendered":"<p>Atualizado em<\/p>\n\n\n<div class=\"wp-block-post-date\"><time datetime=\"2023-08-11T00:02:00-03:00\">11\/08\/2023<\/time><\/div>\n\n\n<p>Trabalhe Conosco O Botic\u00e1rio, oportunidades para trainees e estagi\u00e1rios em um grande conglomerado da cosm\u00e9tica.<\/p>\n\n\n\n<p>Estando h\u00e1 anos dentre os l\u00edderes de mercado de beleza e autocuidado.<br><br>O Botic\u00e1rio \u00e9 a dona de v\u00e1rias outras companhias de cosm\u00e9tico e n\u00e3o h\u00e1 d\u00favida com rela\u00e7\u00e3o \u00e0 qualidade de tudo o que ela fabrica.<br><br>Por isso, ser parte da equipe \u00e9 algo que acrescenta muito \u00e0 carreira de cada um e \u00e0 sua imagem perante o mercado de trabalho. <br>A seguir, as vagas que est\u00e3o abertas agora:<\/p>\n\n\n\n<ul class=\"wp-block-list\">\n<li>Assistente administrativo<\/li>\n\n\n\n<li>Especialista em desenvolvimento<\/li>\n\n\n\n<li>Especialista de vendas<\/li>\n\n\n\n<li>Especialista de demanda<\/li>\n\n\n\n<li>Assistente comercial<\/li>\n\n\n\n<li>Especialista em desenvolvimento humano<\/li>\n\n\n\n<li>Analista de social media<\/li>\n\n\n\n<li>Estoquista<\/li>\n\n\n\n<li>Trainee<\/li>\n\n\n\n<li>Estagi\u00e1rio<\/li>\n\n\n\n<li>E outros<\/li>\n<\/ul>\n\n\n\n<p>O grupo O Botic\u00e1rio n\u00e3o especifica os tipos de benef\u00edcios concedidos aos seus funcion\u00e1rios, \u00e9 consenso que vale a pena trabalhar nesse conglomerado de cosm\u00e9ticos.<\/p>\n\n\n\n<div class=\"wp-block-buttons is-horizontal is-content-justification-center is-layout-flex wp-container-core-buttons-is-layout-499968f5 wp-block-buttons-is-layout-flex\">\n<div class=\"wp-block-button\"><a class=\"wp-block-button__link has-black-color has-text-color has-background wp-element-button\" href=\"https:\/\/www.vagadeempregorj.com.br\/es\/enviando-seu-curriculo-rapidamente\/\" style=\"background:linear-gradient(2deg,rgb(255,134,50) 64%,rgb(255,197,71) 100%)\"><strong>VEJA COMO SE CANDIDATAR<\/strong><\/a><\/div>\n<\/div>\n\n\n\n<h2 class=\"wp-block-heading\"><strong>Trabalhe Conosco O Botic\u00e1rio, como se inscrever<\/strong><\/h2>\n\n\n\n<p>Os profissionais podem acompanhar os sites especializados, como o pr\u00f3prio Google, ou ir at\u00e9 o site do O Botic\u00e1rio: <a href=\"https:\/\/www.grupoboticario.com.br\/carreiras\/\">https:\/\/www.grupoboticario.com.br\/vagas\/<\/a>.<\/p>\n\n\n\n<p>Descendo at\u00e9 a parte de baixo, encontra-se o \u201cTrabalhe Conosco\u201d e as vagas atualmente dispon\u00edveis, bem como programas de trainee e de est\u00e1gio.<\/p>\n\n\n\n<p>O LinkedIn do grupo empresarial \u00e9 outra forma de saber se h\u00e1 vagas em aberto e de fazer a sua candidatura: <a href=\"https:\/\/br.linkedin.com\/company\/grupo-boticario\">https:\/\/br.linkedin.com\/company\/grupo-boticario<\/a>.<\/p>\n\n\n\n<h2 class=\"wp-block-heading\"><strong>Descubra mais de O Botic\u00e1rio<\/strong><\/h2>\n\n\n\n<p>Normalmente, as pessoas acham que O Botic\u00e1rio \u00e9 somente uma marca de produtos cosm\u00e9ticos.<\/p>\n\n\n\n<p>A verdade \u00e9 que esse grupo empresarial tem diversas marcas que est\u00e3o na maleta de maquiagem de milh\u00f5es de pessoas.<\/p>\n\n\n\n<p>Algumas das marcas que foram criadas por essa empresa s\u00e3o Eudora, BeautyBox, Botic\u00e1rio Internacional, Quem disse Berenice, Beleza na Web e Vult.<\/p>\n\n\n\n<p>Algo em comum nessas empresas, \u00e9 o tipo de produto comercializado: s\u00e3o maquiagens, itens para as unhas, produtos para cuidado da pele e muito mais.<\/p>\n\n\n\n<p>O grupo tem um diferencial, diversos produtos veganos, que s\u00e3o indispens\u00e1veis para quem tem esse estilo de vida e at\u00e9 para lactantes e gestantes.<\/p>\n\n\n\n<p>O app desse grupo tem os produtos das suas marcas e facilita a compra e a consulta de novidades.<\/p>\n\n\n\n<div class=\"wp-block-buttons is-horizontal is-content-justification-center is-layout-flex wp-container-core-buttons-is-layout-499968f5 wp-block-buttons-is-layout-flex\">\n<div class=\"wp-block-button\"><a class=\"wp-block-button__link has-black-color has-text-color has-background wp-element-button\" href=\"https:\/\/www.vagadeempregorj.com.br\/es\/vagas-de-emprego\/rio-de-janeiro\/\" style=\"border-radius:29px;background:linear-gradient(2deg,rgb(255,134,50) 60%,rgb(255,197,71) 100%)\"><strong>VEJA NOVAS VAGAS PARA SE CANDIDATAR<\/strong><\/a><\/div>\n<\/div>","protected":false},"excerpt":{"rendered":"<p>Trabalhe Conosco O Botic\u00e1rio, oportunidades para trainees e estagi\u00e1rios em um grande conglomerado da cosm\u00e9tica.<\/p>","protected":false},"author":10,"featured_media":26267,"comment_status":"closed","ping_status":"closed","sticky":false,"template":"","format":"standard","meta":{"neve_meta_sidebar":"","neve_meta_container":"","neve_meta_enable_content_width":"","neve_meta_content_width":0,"neve_meta_title_alignment":"","neve_meta_author_avatar":"","neve_post_elements_order":"","neve_meta_disable_header":"","neve_meta_disable_footer":"","neve_meta_disable_title":"","footnotes":""},"categories":[123],"tags":[226,147],"class_list":["post-26217","post","type-post","status-publish","format-standard","has-post-thumbnail","hentry","category-vagas-de-emprego-nacionais","tag-boticario","tag-vaga-de-emprego"],"yoast_head":"<!-- This site is optimized with the Yoast SEO plugin v27.5 - https:\/\/yoast.com\/product\/yoast-seo-wordpress\/ -->\n<title>Trabalhe Conosco O Botic\u00e1rio, verifique -<\/title>\n<meta name=\"description\" content=\"Trabalhe Conosco O Botic\u00e1rio, oportunidades para trainees e estagi\u00e1rios em um grande conglomerado da cosm\u00e9tica.\" \/>\n<meta name=\"robots\" content=\"index, follow, max-snippet:-1, max-image-preview:large, max-video-preview:-1\" \/>\n<link rel=\"canonical\" href=\"https:\/\/www.vagadeempregorj.com.br\/es\/trabalhe-conosco-o-boticario\/\" \/>\n<meta property=\"og:locale\" content=\"es_MX\" \/>\n<meta property=\"og:type\" content=\"article\" \/>\n<meta property=\"og:title\" content=\"Trabalhe Conosco O Botic\u00e1rio, verifique -\" \/>\n<meta property=\"og:description\" content=\"Trabalhe Conosco O Botic\u00e1rio, oportunidades para trainees e estagi\u00e1rios em um grande conglomerado da cosm\u00e9tica.\" \/>\n<meta property=\"og:url\" content=\"https:\/\/www.vagadeempregorj.com.br\/es\/trabalhe-conosco-o-boticario\/\" \/>\n<meta property=\"article:publisher\" content=\"https:\/\/www.facebook.com\/empregobrasiloficial\" \/>\n<meta property=\"article:published_time\" content=\"2023-08-11T03:02:00+00:00\" \/>\n<meta property=\"article:modified_time\" content=\"2023-12-12T18:46:58+00:00\" \/>\n<meta property=\"og:image\" content=\"https:\/\/www.vagadeempregorj.com.br\/wp-content\/uploads\/2022\/03\/boticario.jpg\" \/>\n\t<meta property=\"og:image:width\" content=\"1200\" \/>\n\t<meta property=\"og:image:height\" content=\"675\" \/>\n\t<meta property=\"og:image:type\" content=\"image\/jpeg\" \/>\n<meta name=\"author\" content=\"Pedro Santos\" \/>\n<meta name=\"twitter:card\" content=\"summary_large_image\" \/>\n<meta name=\"twitter:label1\" content=\"Written by\" \/>\n\t<meta name=\"twitter:data1\" content=\"Pedro Santos\" \/>\n\t<meta name=\"twitter:label2\" content=\"Est. reading time\" \/>\n\t<meta name=\"twitter:data2\" content=\"2 minutos\" \/>\n<script type=\"application\/ld+json\" class=\"yoast-schema-graph\">{\"@context\":\"https:\\\/\\\/schema.org\",\"@graph\":[{\"@type\":\"Article\",\"@id\":\"https:\\\/\\\/www.vagadeempregorj.com.br\\\/trabalhe-conosco-o-boticario\\\/#article\",\"isPartOf\":{\"@id\":\"https:\\\/\\\/www.vagadeempregorj.com.br\\\/trabalhe-conosco-o-boticario\\\/\"},\"author\":{\"name\":\"Pedro Santos\",\"@id\":\"https:\\\/\\\/www.vagadeempregorj.com.br\\\/#\\\/schema\\\/person\\\/ff7c1ede281066d35b2813eb13f662ef\"},\"headline\":\"Trabalhe Conosco O Botic\u00e1rio, verifique\",\"datePublished\":\"2023-08-11T03:02:00+00:00\",\"dateModified\":\"2023-12-12T18:46:58+00:00\",\"mainEntityOfPage\":{\"@id\":\"https:\\\/\\\/www.vagadeempregorj.com.br\\\/trabalhe-conosco-o-boticario\\\/\"},\"wordCount\":387,\"image\":{\"@id\":\"https:\\\/\\\/www.vagadeempregorj.com.br\\\/trabalhe-conosco-o-boticario\\\/#primaryimage\"},\"thumbnailUrl\":\"https:\\\/\\\/www.vagadeempregorj.com.br\\\/wp-content\\\/uploads\\\/2022\\\/03\\\/boticario.jpg\",\"keywords\":[\"boticario\",\"vaga de emprego\"],\"articleSection\":[\"Vagas de Emprego Nacionais\"],\"inLanguage\":\"es\"},{\"@type\":\"WebPage\",\"@id\":\"https:\\\/\\\/www.vagadeempregorj.com.br\\\/trabalhe-conosco-o-boticario\\\/\",\"url\":\"https:\\\/\\\/www.vagadeempregorj.com.br\\\/trabalhe-conosco-o-boticario\\\/\",\"name\":\"Trabalhe Conosco O Botic\u00e1rio, verifique -\",\"isPartOf\":{\"@id\":\"https:\\\/\\\/www.vagadeempregorj.com.br\\\/#website\"},\"primaryImageOfPage\":{\"@id\":\"https:\\\/\\\/www.vagadeempregorj.com.br\\\/trabalhe-conosco-o-boticario\\\/#primaryimage\"},\"image\":{\"@id\":\"https:\\\/\\\/www.vagadeempregorj.com.br\\\/trabalhe-conosco-o-boticario\\\/#primaryimage\"},\"thumbnailUrl\":\"https:\\\/\\\/www.vagadeempregorj.com.br\\\/wp-content\\\/uploads\\\/2022\\\/03\\\/boticario.jpg\",\"datePublished\":\"2023-08-11T03:02:00+00:00\",\"dateModified\":\"2023-12-12T18:46:58+00:00\",\"author\":{\"@id\":\"https:\\\/\\\/www.vagadeempregorj.com.br\\\/#\\\/schema\\\/person\\\/ff7c1ede281066d35b2813eb13f662ef\"},\"description\":\"Trabalhe Conosco O Botic\u00e1rio, oportunidades para trainees e estagi\u00e1rios em um grande conglomerado da cosm\u00e9tica.\",\"breadcrumb\":{\"@id\":\"https:\\\/\\\/www.vagadeempregorj.com.br\\\/trabalhe-conosco-o-boticario\\\/#breadcrumb\"},\"inLanguage\":\"es\",\"potentialAction\":[{\"@type\":\"ReadAction\",\"target\":[\"https:\\\/\\\/www.vagadeempregorj.com.br\\\/trabalhe-conosco-o-boticario\\\/\"]}]},{\"@type\":\"ImageObject\",\"inLanguage\":\"es\",\"@id\":\"https:\\\/\\\/www.vagadeempregorj.com.br\\\/trabalhe-conosco-o-boticario\\\/#primaryimage\",\"url\":\"https:\\\/\\\/www.vagadeempregorj.com.br\\\/wp-content\\\/uploads\\\/2022\\\/03\\\/boticario.jpg\",\"contentUrl\":\"https:\\\/\\\/www.vagadeempregorj.com.br\\\/wp-content\\\/uploads\\\/2022\\\/03\\\/boticario.jpg\",\"width\":1200,\"height\":675,\"caption\":\"boticario\"},{\"@type\":\"BreadcrumbList\",\"@id\":\"https:\\\/\\\/www.vagadeempregorj.com.br\\\/trabalhe-conosco-o-boticario\\\/#breadcrumb\",\"itemListElement\":[{\"@type\":\"ListItem\",\"position\":1,\"name\":\"In\u00edcio\",\"item\":\"https:\\\/\\\/www.vagadeempregorj.com.br\\\/\"},{\"@type\":\"ListItem\",\"position\":2,\"name\":\"Vagas de Emprego Nacionais\",\"item\":\"https:\\\/\\\/www.vagadeempregorj.com.br\\\/vagas-de-emprego-nacionais\\\/\"},{\"@type\":\"ListItem\",\"position\":3,\"name\":\"Trabalhe Conosco O Botic\u00e1rio, verifique\"}]},{\"@type\":\"WebSite\",\"@id\":\"https:\\\/\\\/www.vagadeempregorj.com.br\\\/#website\",\"url\":\"https:\\\/\\\/www.vagadeempregorj.com.br\\\/\",\"name\":\"\",\"description\":\"Conquiste Sonhos: Vagas, Benef\u00edcios e Economia para Transformar Vidas e Alcan\u00e7ar Melhorias Cotidianas\",\"potentialAction\":[{\"@type\":\"SearchAction\",\"target\":{\"@type\":\"EntryPoint\",\"urlTemplate\":\"https:\\\/\\\/www.vagadeempregorj.com.br\\\/?s={search_term_string}\"},\"query-input\":{\"@type\":\"PropertyValueSpecification\",\"valueRequired\":true,\"valueName\":\"search_term_string\"}}],\"inLanguage\":\"es\"},{\"@type\":\"Person\",\"@id\":\"https:\\\/\\\/www.vagadeempregorj.com.br\\\/#\\\/schema\\\/person\\\/ff7c1ede281066d35b2813eb13f662ef\",\"name\":\"Pedro Santos\",\"image\":{\"@type\":\"ImageObject\",\"inLanguage\":\"es\",\"@id\":\"https:\\\/\\\/secure.gravatar.com\\\/avatar\\\/0f569c1b80e91280c9dc54d2dec96d0c5562a072cef4b08b7e3807948546027c?s=96&r=g\",\"url\":\"https:\\\/\\\/secure.gravatar.com\\\/avatar\\\/0f569c1b80e91280c9dc54d2dec96d0c5562a072cef4b08b7e3807948546027c?s=96&r=g\",\"contentUrl\":\"https:\\\/\\\/secure.gravatar.com\\\/avatar\\\/0f569c1b80e91280c9dc54d2dec96d0c5562a072cef4b08b7e3807948546027c?s=96&r=g\",\"caption\":\"Pedro Santos\"},\"description\":\"Meu nome \u00e9 Pedro e sou redator. Dedico meu tempo escrevendo vagas de emprego diariamente no portal Vaga de Emprego RJ\",\"url\":\"https:\\\/\\\/www.vagadeempregorj.com.br\\\/es\\\/author\\\/fabio\\\/\"}]}<\/script>\n<!-- \/ Yoast SEO plugin. -->","yoast_head_json":{"title":"Trabalhe Conosco O Botic\u00e1rio, verifique -","description":"Trabalhe Conosco O Botic\u00e1rio, oportunidades para trainees e estagi\u00e1rios em um grande conglomerado da cosm\u00e9tica.","robots":{"index":"index","follow":"follow","max-snippet":"max-snippet:-1","max-image-preview":"max-image-preview:large","max-video-preview":"max-video-preview:-1"},"canonical":"https:\/\/www.vagadeempregorj.com.br\/es\/trabalhe-conosco-o-boticario\/","og_locale":"es_MX","og_type":"article","og_title":"Trabalhe Conosco O Botic\u00e1rio, verifique -","og_description":"Trabalhe Conosco O Botic\u00e1rio, oportunidades para trainees e estagi\u00e1rios em um grande conglomerado da cosm\u00e9tica.","og_url":"https:\/\/www.vagadeempregorj.com.br\/es\/trabalhe-conosco-o-boticario\/","article_publisher":"https:\/\/www.facebook.com\/empregobrasiloficial","article_published_time":"2023-08-11T03:02:00+00:00","article_modified_time":"2023-12-12T18:46:58+00:00","og_image":[{"width":1200,"height":675,"url":"https:\/\/www.vagadeempregorj.com.br\/wp-content\/uploads\/2022\/03\/boticario.jpg","type":"image\/jpeg"}],"author":"Pedro Santos","twitter_card":"summary_large_image","twitter_misc":{"Written by":"Pedro Santos","Est. reading time":"2 minutos"},"schema":{"@context":"https:\/\/schema.org","@graph":[{"@type":"Article","@id":"https:\/\/www.vagadeempregorj.com.br\/trabalhe-conosco-o-boticario\/#article","isPartOf":{"@id":"https:\/\/www.vagadeempregorj.com.br\/trabalhe-conosco-o-boticario\/"},"author":{"name":"Pedro Santos","@id":"https:\/\/www.vagadeempregorj.com.br\/#\/schema\/person\/ff7c1ede281066d35b2813eb13f662ef"},"headline":"Trabalhe Conosco O Botic\u00e1rio, verifique","datePublished":"2023-08-11T03:02:00+00:00","dateModified":"2023-12-12T18:46:58+00:00","mainEntityOfPage":{"@id":"https:\/\/www.vagadeempregorj.com.br\/trabalhe-conosco-o-boticario\/"},"wordCount":387,"image":{"@id":"https:\/\/www.vagadeempregorj.com.br\/trabalhe-conosco-o-boticario\/#primaryimage"},"thumbnailUrl":"https:\/\/www.vagadeempregorj.com.br\/wp-content\/uploads\/2022\/03\/boticario.jpg","keywords":["boticario","vaga de emprego"],"articleSection":["Vagas de Emprego Nacionais"],"inLanguage":"es"},{"@type":"WebPage","@id":"https:\/\/www.vagadeempregorj.com.br\/trabalhe-conosco-o-boticario\/","url":"https:\/\/www.vagadeempregorj.com.br\/trabalhe-conosco-o-boticario\/","name":"Trabalhe Conosco O Botic\u00e1rio, verifique -","isPartOf":{"@id":"https:\/\/www.vagadeempregorj.com.br\/#website"},"primaryImageOfPage":{"@id":"https:\/\/www.vagadeempregorj.com.br\/trabalhe-conosco-o-boticario\/#primaryimage"},"image":{"@id":"https:\/\/www.vagadeempregorj.com.br\/trabalhe-conosco-o-boticario\/#primaryimage"},"thumbnailUrl":"https:\/\/www.vagadeempregorj.com.br\/wp-content\/uploads\/2022\/03\/boticario.jpg","datePublished":"2023-08-11T03:02:00+00:00","dateModified":"2023-12-12T18:46:58+00:00","author":{"@id":"https:\/\/www.vagadeempregorj.com.br\/#\/schema\/person\/ff7c1ede281066d35b2813eb13f662ef"},"description":"Trabalhe Conosco O Botic\u00e1rio, oportunidades para trainees e estagi\u00e1rios em um grande conglomerado da cosm\u00e9tica.","breadcrumb":{"@id":"https:\/\/www.vagadeempregorj.com.br\/trabalhe-conosco-o-boticario\/#breadcrumb"},"inLanguage":"es","potentialAction":[{"@type":"ReadAction","target":["https:\/\/www.vagadeempregorj.com.br\/trabalhe-conosco-o-boticario\/"]}]},{"@type":"ImageObject","inLanguage":"es","@id":"https:\/\/www.vagadeempregorj.com.br\/trabalhe-conosco-o-boticario\/#primaryimage","url":"https:\/\/www.vagadeempregorj.com.br\/wp-content\/uploads\/2022\/03\/boticario.jpg","contentUrl":"https:\/\/www.vagadeempregorj.com.br\/wp-content\/uploads\/2022\/03\/boticario.jpg","width":1200,"height":675,"caption":"boticario"},{"@type":"BreadcrumbList","@id":"https:\/\/www.vagadeempregorj.com.br\/trabalhe-conosco-o-boticario\/#breadcrumb","itemListElement":[{"@type":"ListItem","position":1,"name":"In\u00edcio","item":"https:\/\/www.vagadeempregorj.com.br\/"},{"@type":"ListItem","position":2,"name":"Vagas de Emprego Nacionais","item":"https:\/\/www.vagadeempregorj.com.br\/vagas-de-emprego-nacionais\/"},{"@type":"ListItem","position":3,"name":"Trabalhe Conosco O Botic\u00e1rio, verifique"}]},{"@type":"WebSite","@id":"https:\/\/www.vagadeempregorj.com.br\/#website","url":"https:\/\/www.vagadeempregorj.com.br\/","name":"","description":"Conquiste Sonhos: Vagas, Benef\u00edcios e Economia para Transformar Vidas e Alcan\u00e7ar Melhorias Cotidianas","potentialAction":[{"@type":"SearchAction","target":{"@type":"EntryPoint","urlTemplate":"https:\/\/www.vagadeempregorj.com.br\/?s={search_term_string}"},"query-input":{"@type":"PropertyValueSpecification","valueRequired":true,"valueName":"search_term_string"}}],"inLanguage":"es"},{"@type":"Person","@id":"https:\/\/www.vagadeempregorj.com.br\/#\/schema\/person\/ff7c1ede281066d35b2813eb13f662ef","name":"Pedro Santos","image":{"@type":"ImageObject","inLanguage":"es","@id":"https:\/\/secure.gravatar.com\/avatar\/0f569c1b80e91280c9dc54d2dec96d0c5562a072cef4b08b7e3807948546027c?s=96&r=g","url":"https:\/\/secure.gravatar.com\/avatar\/0f569c1b80e91280c9dc54d2dec96d0c5562a072cef4b08b7e3807948546027c?s=96&r=g","contentUrl":"https:\/\/secure.gravatar.com\/avatar\/0f569c1b80e91280c9dc54d2dec96d0c5562a072cef4b08b7e3807948546027c?s=96&r=g","caption":"Pedro Santos"},"description":"Meu nome \u00e9 Pedro e sou redator. Dedico meu tempo escrevendo vagas de emprego diariamente no portal Vaga de Emprego RJ","url":"https:\/\/www.vagadeempregorj.com.br\/es\/author\/fabio\/"}]}},"_links":{"self":[{"href":"https:\/\/www.vagadeempregorj.com.br\/es\/wp-json\/wp\/v2\/posts\/26217","targetHints":{"allow":["GET"]}}],"collection":[{"href":"https:\/\/www.vagadeempregorj.com.br\/es\/wp-json\/wp\/v2\/posts"}],"about":[{"href":"https:\/\/www.vagadeempregorj.com.br\/es\/wp-json\/wp\/v2\/types\/post"}],"author":[{"embeddable":true,"href":"https:\/\/www.vagadeempregorj.com.br\/es\/wp-json\/wp\/v2\/users\/10"}],"replies":[{"embeddable":true,"href":"https:\/\/www.vagadeempregorj.com.br\/es\/wp-json\/wp\/v2\/comments?post=26217"}],"version-history":[{"count":0,"href":"https:\/\/www.vagadeempregorj.com.br\/es\/wp-json\/wp\/v2\/posts\/26217\/revisions"}],"wp:featuredmedia":[{"embeddable":true,"href":"https:\/\/www.vagadeempregorj.com.br\/es\/wp-json\/wp\/v2\/media\/26267"}],"wp:attachment":[{"href":"https:\/\/www.vagadeempregorj.com.br\/es\/wp-json\/wp\/v2\/media?parent=26217"}],"wp:term":[{"taxonomy":"category","embeddable":true,"href":"https:\/\/www.vagadeempregorj.com.br\/es\/wp-json\/wp\/v2\/categories?post=26217"},{"taxonomy":"post_tag","embeddable":true,"href":"https:\/\/www.vagadeempregorj.com.br\/es\/wp-json\/wp\/v2\/tags?post=26217"}],"curies":[{"name":"wp","href":"https:\/\/api.w.org\/{rel}","templated":true}]}}