{"id":26219,"date":"2023-08-11T00:03:00","date_gmt":"2023-08-11T03:03:00","guid":{"rendered":"https:\/\/www.vagadeempregorj.com.br\/?p=26219"},"modified":"2023-12-15T13:38:16","modified_gmt":"2023-12-15T16:38:16","slug":"vagas-de-emprego-toyota","status":"publish","type":"post","link":"https:\/\/www.vagadeempregorj.com.br\/es\/vagas-de-emprego-toyota\/","title":{"rendered":"Vagas de emprego Toyota, confira"},"content":{"rendered":"<p>Atualizado em<\/p>\n\n\n<div class=\"wp-block-post-date\"><time datetime=\"2023-08-11T00:03:00-03:00\">11\/08\/2023<\/time><\/div>\n\n\n<p>Vagas de emprego Toyota, produtora de carros que s\u00e3o sensa\u00e7\u00e3o nas concession\u00e1rias.<\/p>\n\n\n\n<p>De origem japonesa e h\u00e1 muitos anos atuando no Brasil.<br><br>A Toyota \u00e9 uma grande companhia do setor automobil\u00edstico, com seus ve\u00edculos sendo vendidos em concession\u00e1rias do pa\u00eds todo.<br><br>Sem d\u00favida, fazer parte de uma montadora desse n\u00edvel abre espa\u00e7o na carreira para ascender cada vez mais.<br><br>Por isso, vale a pena saber para quais fun\u00e7\u00f5es a empresa est\u00e1 contratando:<\/p>\n\n\n\n<ul class=\"wp-block-list\">\n<li>Analista comunica\u00e7\u00e3o corporativa junior<\/li>\n\n\n\n<li>Analista engenharia de produtos pleno<\/li>\n\n\n\n<li>Coordenador de planejamento<\/li>\n\n\n\n<li>Analista comercial Junior Marketing<\/li>\n\n\n\n<li>Analista de recursos humanos junior<\/li>\n\n\n\n<li>Analista de suporte t\u00e9cnico pleno<\/li>\n\n\n\n<li>Coordenador de tecnologia da informa\u00e7\u00e3o<\/li>\n\n\n\n<li>E muito mais<\/li>\n<\/ul>\n\n\n\n<p>N\u00e3o h\u00e1 informa\u00e7\u00f5es no site sobre os benef\u00edcios que a Toyota paga.<\/p>\n\n\n\n<div class=\"wp-block-buttons is-horizontal is-content-justification-center is-layout-flex wp-container-core-buttons-is-layout-499968f5 wp-block-buttons-is-layout-flex\">\n<div class=\"wp-block-button\"><a class=\"wp-block-button__link has-black-color has-text-color has-background wp-element-button\" href=\"https:\/\/www.vagadeempregorj.com.br\/es\/enviando-seu-curriculo-rapidamente\/\" style=\"background:linear-gradient(2deg,rgb(255,134,50) 64%,rgb(255,197,71) 100%)\"><strong>VEJA COMO SE CANDIDATAR<\/strong><\/a><\/div>\n<\/div>\n\n\n\n<h2 class=\"wp-block-heading\"><strong>Vagas de emprego Toyota, como se inscrever<\/strong><\/h2>\n\n\n\n<p>Para concorrer \u00e0s oportunidades na Toyota \u00e9 preciso acessar o site <strong><a href=\"https:\/\/www.toyota.com.br\/\">https:\/\/www.toyota.com.br\/<\/a><\/strong> role para baixo at\u00e9 o rodap\u00e9 do site e  clique no link Trabalhe Conosco.<\/p>\n\n\n\n<p>Site da Toyota: <a href=\"https:\/\/www.toyota.com.br\/\"><strong>https:\/\/www.toyota.com.br\/<\/strong><\/a><\/p>\n\n\n\n<p>O LinkedIn da montadora tem a mesma finalidade: dar informa\u00e7\u00f5es corporativas e instruir sobre vagas abertas. Basta acessar <a href=\"https:\/\/br.linkedin.com\/company\/toyota-do-brasil\">https:\/\/br.linkedin.com\/company\/toyota-do-brasil<\/a>.<\/p>\n\n\n\n<p>Muitos sites especializados em vagas de emprego trazem as vagas da Toyota dentre as anunciadas e, normalmente, o cadastro nelas \u00e9 gratuito.<\/p>\n\n\n\n<h2 class=\"wp-block-heading\"><strong>Descubra mais sobre a Toyota<\/strong><\/h2>\n\n\n\n<p>Fabricante de modelos de ve\u00edculos como o Hilux, a Toyota \u00e9 uma das montadoras de mais sucesso no Jap\u00e3o.<\/p>\n\n\n\n<p>Levando os seus carros para v\u00e1rias outras localidades do mundo.<\/p>\n\n\n\n<p>Sempre dispondo de tecnologia \u00edmpar, essa empresa tamb\u00e9m fabrica o Lexus e o Corolla, outros ve\u00edculos de passeio que chamam a aten\u00e7\u00e3o pelo seu porte.<\/p>\n\n\n\n<p>\u00c9 claro que, al\u00e9m da montagem dos ve\u00edculos, a Toyota tem concession\u00e1rias que realizam as vendas e postos de atendimento.<\/p>\n\n\n\n<p>Estes oferecem servi\u00e7os de p\u00f3s-venda aos donos, incluindo venda de acess\u00f3rios, recall, troca de pe\u00e7as, troca de \u00f3leo, revis\u00e3o, blindagem e muito mais.<\/p>\n\n\n\n<p>Vale salientar que a montadora japonesa tem um servi\u00e7o chamado CICLO.<\/p>\n\n\n\n<p>O propriet\u00e1rio de um dos seus ve\u00edculos o leva at\u00e9 a concession\u00e1ria para fazer a troca por um mais novo, com a cobran\u00e7a do diferencial.<\/p>\n\n\n\n<div class=\"wp-block-buttons is-horizontal is-content-justification-center is-layout-flex wp-container-core-buttons-is-layout-499968f5 wp-block-buttons-is-layout-flex\">\n<div class=\"wp-block-button\"><a class=\"wp-block-button__link has-black-color has-text-color has-background wp-element-button\" href=\"https:\/\/www.vagadeempregorj.com.br\/es\/vagas-de-emprego\/rio-de-janeiro\/\" style=\"border-radius:29px;background:linear-gradient(2deg,rgb(255,134,50) 60%,rgb(255,197,71) 100%)\"><strong>VEJA NOVAS VAGAS PARA SE CANDIDATAR<\/strong><\/a><\/div>\n<\/div>","protected":false},"excerpt":{"rendered":"<p>Vagas de emprego Toyota, produtora de carros que s\u00e3o sensa\u00e7\u00e3o nas concession\u00e1rias.<\/p>","protected":false},"author":10,"featured_media":26278,"comment_status":"closed","ping_status":"closed","sticky":false,"template":"","format":"standard","meta":{"neve_meta_sidebar":"","neve_meta_container":"","neve_meta_enable_content_width":"","neve_meta_content_width":0,"neve_meta_title_alignment":"","neve_meta_author_avatar":"","neve_post_elements_order":"","neve_meta_disable_header":"","neve_meta_disable_footer":"","neve_meta_disable_title":"","footnotes":""},"categories":[123],"tags":[227,147],"class_list":["post-26219","post","type-post","status-publish","format-standard","has-post-thumbnail","hentry","category-vagas-de-emprego-nacionais","tag-toyota","tag-vaga-de-emprego"],"yoast_head":"<!-- This site is optimized with the Yoast SEO plugin v27.5 - https:\/\/yoast.com\/product\/yoast-seo-wordpress\/ -->\n<title>Vagas de emprego Toyota, confira -<\/title>\n<meta name=\"description\" content=\"Vagas de emprego Toyota, produtora de carros que s\u00e3o sensa\u00e7\u00e3o nas concession\u00e1rias. Confira e envie seu curr\u00edculo!\" \/>\n<meta name=\"robots\" content=\"index, follow, max-snippet:-1, max-image-preview:large, max-video-preview:-1\" \/>\n<link rel=\"canonical\" href=\"https:\/\/www.vagadeempregorj.com.br\/es\/vagas-de-emprego-toyota\/\" \/>\n<meta property=\"og:locale\" content=\"es_MX\" \/>\n<meta property=\"og:type\" content=\"article\" \/>\n<meta property=\"og:title\" content=\"Vagas de emprego Toyota, confira -\" \/>\n<meta property=\"og:description\" content=\"Vagas de emprego Toyota, produtora de carros que s\u00e3o sensa\u00e7\u00e3o nas concession\u00e1rias. Confira e envie seu curr\u00edculo!\" \/>\n<meta property=\"og:url\" content=\"https:\/\/www.vagadeempregorj.com.br\/es\/vagas-de-emprego-toyota\/\" \/>\n<meta property=\"article:publisher\" content=\"https:\/\/www.facebook.com\/empregobrasiloficial\" \/>\n<meta property=\"article:published_time\" content=\"2023-08-11T03:03:00+00:00\" \/>\n<meta property=\"article:modified_time\" content=\"2023-12-15T16:38:16+00:00\" \/>\n<meta property=\"og:image\" content=\"https:\/\/www.vagadeempregorj.com.br\/wp-content\/uploads\/2022\/03\/toyota.jpg\" \/>\n\t<meta property=\"og:image:width\" content=\"1200\" \/>\n\t<meta property=\"og:image:height\" content=\"675\" \/>\n\t<meta property=\"og:image:type\" content=\"image\/jpeg\" \/>\n<meta name=\"author\" content=\"Pedro Santos\" \/>\n<meta name=\"twitter:card\" content=\"summary_large_image\" \/>\n<meta name=\"twitter:label1\" content=\"Written by\" \/>\n\t<meta name=\"twitter:data1\" content=\"Pedro Santos\" \/>\n\t<meta name=\"twitter:label2\" content=\"Est. reading time\" \/>\n\t<meta name=\"twitter:data2\" content=\"2 minutos\" \/>\n<script type=\"application\/ld+json\" class=\"yoast-schema-graph\">{\"@context\":\"https:\\\/\\\/schema.org\",\"@graph\":[{\"@type\":\"Article\",\"@id\":\"https:\\\/\\\/www.vagadeempregorj.com.br\\\/vagas-de-emprego-toyota\\\/#article\",\"isPartOf\":{\"@id\":\"https:\\\/\\\/www.vagadeempregorj.com.br\\\/vagas-de-emprego-toyota\\\/\"},\"author\":{\"name\":\"Pedro Santos\",\"@id\":\"https:\\\/\\\/www.vagadeempregorj.com.br\\\/#\\\/schema\\\/person\\\/ff7c1ede281066d35b2813eb13f662ef\"},\"headline\":\"Vagas de emprego Toyota, confira\",\"datePublished\":\"2023-08-11T03:03:00+00:00\",\"dateModified\":\"2023-12-15T16:38:16+00:00\",\"mainEntityOfPage\":{\"@id\":\"https:\\\/\\\/www.vagadeempregorj.com.br\\\/vagas-de-emprego-toyota\\\/\"},\"wordCount\":396,\"image\":{\"@id\":\"https:\\\/\\\/www.vagadeempregorj.com.br\\\/vagas-de-emprego-toyota\\\/#primaryimage\"},\"thumbnailUrl\":\"https:\\\/\\\/www.vagadeempregorj.com.br\\\/wp-content\\\/uploads\\\/2022\\\/03\\\/toyota.jpg\",\"keywords\":[\"toyota\",\"vaga de emprego\"],\"articleSection\":[\"Vagas de Emprego Nacionais\"],\"inLanguage\":\"es\"},{\"@type\":\"WebPage\",\"@id\":\"https:\\\/\\\/www.vagadeempregorj.com.br\\\/vagas-de-emprego-toyota\\\/\",\"url\":\"https:\\\/\\\/www.vagadeempregorj.com.br\\\/vagas-de-emprego-toyota\\\/\",\"name\":\"Vagas de emprego Toyota, confira -\",\"isPartOf\":{\"@id\":\"https:\\\/\\\/www.vagadeempregorj.com.br\\\/#website\"},\"primaryImageOfPage\":{\"@id\":\"https:\\\/\\\/www.vagadeempregorj.com.br\\\/vagas-de-emprego-toyota\\\/#primaryimage\"},\"image\":{\"@id\":\"https:\\\/\\\/www.vagadeempregorj.com.br\\\/vagas-de-emprego-toyota\\\/#primaryimage\"},\"thumbnailUrl\":\"https:\\\/\\\/www.vagadeempregorj.com.br\\\/wp-content\\\/uploads\\\/2022\\\/03\\\/toyota.jpg\",\"datePublished\":\"2023-08-11T03:03:00+00:00\",\"dateModified\":\"2023-12-15T16:38:16+00:00\",\"author\":{\"@id\":\"https:\\\/\\\/www.vagadeempregorj.com.br\\\/#\\\/schema\\\/person\\\/ff7c1ede281066d35b2813eb13f662ef\"},\"description\":\"Vagas de emprego Toyota, produtora de carros que s\u00e3o sensa\u00e7\u00e3o nas concession\u00e1rias. Confira e envie seu curr\u00edculo!\",\"breadcrumb\":{\"@id\":\"https:\\\/\\\/www.vagadeempregorj.com.br\\\/vagas-de-emprego-toyota\\\/#breadcrumb\"},\"inLanguage\":\"es\",\"potentialAction\":[{\"@type\":\"ReadAction\",\"target\":[\"https:\\\/\\\/www.vagadeempregorj.com.br\\\/vagas-de-emprego-toyota\\\/\"]}]},{\"@type\":\"ImageObject\",\"inLanguage\":\"es\",\"@id\":\"https:\\\/\\\/www.vagadeempregorj.com.br\\\/vagas-de-emprego-toyota\\\/#primaryimage\",\"url\":\"https:\\\/\\\/www.vagadeempregorj.com.br\\\/wp-content\\\/uploads\\\/2022\\\/03\\\/toyota.jpg\",\"contentUrl\":\"https:\\\/\\\/www.vagadeempregorj.com.br\\\/wp-content\\\/uploads\\\/2022\\\/03\\\/toyota.jpg\",\"width\":1200,\"height\":675,\"caption\":\"toyota\"},{\"@type\":\"BreadcrumbList\",\"@id\":\"https:\\\/\\\/www.vagadeempregorj.com.br\\\/vagas-de-emprego-toyota\\\/#breadcrumb\",\"itemListElement\":[{\"@type\":\"ListItem\",\"position\":1,\"name\":\"In\u00edcio\",\"item\":\"https:\\\/\\\/www.vagadeempregorj.com.br\\\/\"},{\"@type\":\"ListItem\",\"position\":2,\"name\":\"Vagas de Emprego Nacionais\",\"item\":\"https:\\\/\\\/www.vagadeempregorj.com.br\\\/vagas-de-emprego-nacionais\\\/\"},{\"@type\":\"ListItem\",\"position\":3,\"name\":\"Vagas de emprego Toyota, confira\"}]},{\"@type\":\"WebSite\",\"@id\":\"https:\\\/\\\/www.vagadeempregorj.com.br\\\/#website\",\"url\":\"https:\\\/\\\/www.vagadeempregorj.com.br\\\/\",\"name\":\"\",\"description\":\"Conquiste Sonhos: Vagas, Benef\u00edcios e Economia para Transformar Vidas e Alcan\u00e7ar Melhorias Cotidianas\",\"potentialAction\":[{\"@type\":\"SearchAction\",\"target\":{\"@type\":\"EntryPoint\",\"urlTemplate\":\"https:\\\/\\\/www.vagadeempregorj.com.br\\\/?s={search_term_string}\"},\"query-input\":{\"@type\":\"PropertyValueSpecification\",\"valueRequired\":true,\"valueName\":\"search_term_string\"}}],\"inLanguage\":\"es\"},{\"@type\":\"Person\",\"@id\":\"https:\\\/\\\/www.vagadeempregorj.com.br\\\/#\\\/schema\\\/person\\\/ff7c1ede281066d35b2813eb13f662ef\",\"name\":\"Pedro Santos\",\"image\":{\"@type\":\"ImageObject\",\"inLanguage\":\"es\",\"@id\":\"https:\\\/\\\/secure.gravatar.com\\\/avatar\\\/0f569c1b80e91280c9dc54d2dec96d0c5562a072cef4b08b7e3807948546027c?s=96&r=g\",\"url\":\"https:\\\/\\\/secure.gravatar.com\\\/avatar\\\/0f569c1b80e91280c9dc54d2dec96d0c5562a072cef4b08b7e3807948546027c?s=96&r=g\",\"contentUrl\":\"https:\\\/\\\/secure.gravatar.com\\\/avatar\\\/0f569c1b80e91280c9dc54d2dec96d0c5562a072cef4b08b7e3807948546027c?s=96&r=g\",\"caption\":\"Pedro Santos\"},\"description\":\"Meu nome \u00e9 Pedro e sou redator. Dedico meu tempo escrevendo vagas de emprego diariamente no portal Vaga de Emprego RJ\",\"url\":\"https:\\\/\\\/www.vagadeempregorj.com.br\\\/es\\\/author\\\/fabio\\\/\"}]}<\/script>\n<!-- \/ Yoast SEO plugin. -->","yoast_head_json":{"title":"Vagas de emprego Toyota, confira -","description":"Vagas de emprego Toyota, produtora de carros que s\u00e3o sensa\u00e7\u00e3o nas concession\u00e1rias. Confira e envie seu curr\u00edculo!","robots":{"index":"index","follow":"follow","max-snippet":"max-snippet:-1","max-image-preview":"max-image-preview:large","max-video-preview":"max-video-preview:-1"},"canonical":"https:\/\/www.vagadeempregorj.com.br\/es\/vagas-de-emprego-toyota\/","og_locale":"es_MX","og_type":"article","og_title":"Vagas de emprego Toyota, confira -","og_description":"Vagas de emprego Toyota, produtora de carros que s\u00e3o sensa\u00e7\u00e3o nas concession\u00e1rias. Confira e envie seu curr\u00edculo!","og_url":"https:\/\/www.vagadeempregorj.com.br\/es\/vagas-de-emprego-toyota\/","article_publisher":"https:\/\/www.facebook.com\/empregobrasiloficial","article_published_time":"2023-08-11T03:03:00+00:00","article_modified_time":"2023-12-15T16:38:16+00:00","og_image":[{"width":1200,"height":675,"url":"https:\/\/www.vagadeempregorj.com.br\/wp-content\/uploads\/2022\/03\/toyota.jpg","type":"image\/jpeg"}],"author":"Pedro Santos","twitter_card":"summary_large_image","twitter_misc":{"Written by":"Pedro Santos","Est. reading time":"2 minutos"},"schema":{"@context":"https:\/\/schema.org","@graph":[{"@type":"Article","@id":"https:\/\/www.vagadeempregorj.com.br\/vagas-de-emprego-toyota\/#article","isPartOf":{"@id":"https:\/\/www.vagadeempregorj.com.br\/vagas-de-emprego-toyota\/"},"author":{"name":"Pedro Santos","@id":"https:\/\/www.vagadeempregorj.com.br\/#\/schema\/person\/ff7c1ede281066d35b2813eb13f662ef"},"headline":"Vagas de emprego Toyota, confira","datePublished":"2023-08-11T03:03:00+00:00","dateModified":"2023-12-15T16:38:16+00:00","mainEntityOfPage":{"@id":"https:\/\/www.vagadeempregorj.com.br\/vagas-de-emprego-toyota\/"},"wordCount":396,"image":{"@id":"https:\/\/www.vagadeempregorj.com.br\/vagas-de-emprego-toyota\/#primaryimage"},"thumbnailUrl":"https:\/\/www.vagadeempregorj.com.br\/wp-content\/uploads\/2022\/03\/toyota.jpg","keywords":["toyota","vaga de emprego"],"articleSection":["Vagas de Emprego Nacionais"],"inLanguage":"es"},{"@type":"WebPage","@id":"https:\/\/www.vagadeempregorj.com.br\/vagas-de-emprego-toyota\/","url":"https:\/\/www.vagadeempregorj.com.br\/vagas-de-emprego-toyota\/","name":"Vagas de emprego Toyota, confira -","isPartOf":{"@id":"https:\/\/www.vagadeempregorj.com.br\/#website"},"primaryImageOfPage":{"@id":"https:\/\/www.vagadeempregorj.com.br\/vagas-de-emprego-toyota\/#primaryimage"},"image":{"@id":"https:\/\/www.vagadeempregorj.com.br\/vagas-de-emprego-toyota\/#primaryimage"},"thumbnailUrl":"https:\/\/www.vagadeempregorj.com.br\/wp-content\/uploads\/2022\/03\/toyota.jpg","datePublished":"2023-08-11T03:03:00+00:00","dateModified":"2023-12-15T16:38:16+00:00","author":{"@id":"https:\/\/www.vagadeempregorj.com.br\/#\/schema\/person\/ff7c1ede281066d35b2813eb13f662ef"},"description":"Vagas de emprego Toyota, produtora de carros que s\u00e3o sensa\u00e7\u00e3o nas concession\u00e1rias. Confira e envie seu curr\u00edculo!","breadcrumb":{"@id":"https:\/\/www.vagadeempregorj.com.br\/vagas-de-emprego-toyota\/#breadcrumb"},"inLanguage":"es","potentialAction":[{"@type":"ReadAction","target":["https:\/\/www.vagadeempregorj.com.br\/vagas-de-emprego-toyota\/"]}]},{"@type":"ImageObject","inLanguage":"es","@id":"https:\/\/www.vagadeempregorj.com.br\/vagas-de-emprego-toyota\/#primaryimage","url":"https:\/\/www.vagadeempregorj.com.br\/wp-content\/uploads\/2022\/03\/toyota.jpg","contentUrl":"https:\/\/www.vagadeempregorj.com.br\/wp-content\/uploads\/2022\/03\/toyota.jpg","width":1200,"height":675,"caption":"toyota"},{"@type":"BreadcrumbList","@id":"https:\/\/www.vagadeempregorj.com.br\/vagas-de-emprego-toyota\/#breadcrumb","itemListElement":[{"@type":"ListItem","position":1,"name":"In\u00edcio","item":"https:\/\/www.vagadeempregorj.com.br\/"},{"@type":"ListItem","position":2,"name":"Vagas de Emprego Nacionais","item":"https:\/\/www.vagadeempregorj.com.br\/vagas-de-emprego-nacionais\/"},{"@type":"ListItem","position":3,"name":"Vagas de emprego Toyota, confira"}]},{"@type":"WebSite","@id":"https:\/\/www.vagadeempregorj.com.br\/#website","url":"https:\/\/www.vagadeempregorj.com.br\/","name":"","description":"Conquiste Sonhos: Vagas, Benef\u00edcios e Economia para Transformar Vidas e Alcan\u00e7ar Melhorias Cotidianas","potentialAction":[{"@type":"SearchAction","target":{"@type":"EntryPoint","urlTemplate":"https:\/\/www.vagadeempregorj.com.br\/?s={search_term_string}"},"query-input":{"@type":"PropertyValueSpecification","valueRequired":true,"valueName":"search_term_string"}}],"inLanguage":"es"},{"@type":"Person","@id":"https:\/\/www.vagadeempregorj.com.br\/#\/schema\/person\/ff7c1ede281066d35b2813eb13f662ef","name":"Pedro Santos","image":{"@type":"ImageObject","inLanguage":"es","@id":"https:\/\/secure.gravatar.com\/avatar\/0f569c1b80e91280c9dc54d2dec96d0c5562a072cef4b08b7e3807948546027c?s=96&r=g","url":"https:\/\/secure.gravatar.com\/avatar\/0f569c1b80e91280c9dc54d2dec96d0c5562a072cef4b08b7e3807948546027c?s=96&r=g","contentUrl":"https:\/\/secure.gravatar.com\/avatar\/0f569c1b80e91280c9dc54d2dec96d0c5562a072cef4b08b7e3807948546027c?s=96&r=g","caption":"Pedro Santos"},"description":"Meu nome \u00e9 Pedro e sou redator. Dedico meu tempo escrevendo vagas de emprego diariamente no portal Vaga de Emprego RJ","url":"https:\/\/www.vagadeempregorj.com.br\/es\/author\/fabio\/"}]}},"_links":{"self":[{"href":"https:\/\/www.vagadeempregorj.com.br\/es\/wp-json\/wp\/v2\/posts\/26219","targetHints":{"allow":["GET"]}}],"collection":[{"href":"https:\/\/www.vagadeempregorj.com.br\/es\/wp-json\/wp\/v2\/posts"}],"about":[{"href":"https:\/\/www.vagadeempregorj.com.br\/es\/wp-json\/wp\/v2\/types\/post"}],"author":[{"embeddable":true,"href":"https:\/\/www.vagadeempregorj.com.br\/es\/wp-json\/wp\/v2\/users\/10"}],"replies":[{"embeddable":true,"href":"https:\/\/www.vagadeempregorj.com.br\/es\/wp-json\/wp\/v2\/comments?post=26219"}],"version-history":[{"count":0,"href":"https:\/\/www.vagadeempregorj.com.br\/es\/wp-json\/wp\/v2\/posts\/26219\/revisions"}],"wp:featuredmedia":[{"embeddable":true,"href":"https:\/\/www.vagadeempregorj.com.br\/es\/wp-json\/wp\/v2\/media\/26278"}],"wp:attachment":[{"href":"https:\/\/www.vagadeempregorj.com.br\/es\/wp-json\/wp\/v2\/media?parent=26219"}],"wp:term":[{"taxonomy":"category","embeddable":true,"href":"https:\/\/www.vagadeempregorj.com.br\/es\/wp-json\/wp\/v2\/categories?post=26219"},{"taxonomy":"post_tag","embeddable":true,"href":"https:\/\/www.vagadeempregorj.com.br\/es\/wp-json\/wp\/v2\/tags?post=26219"}],"curies":[{"name":"wp","href":"https:\/\/api.w.org\/{rel}","templated":true}]}}