{"id":26660,"date":"2023-08-15T00:01:00","date_gmt":"2023-08-15T03:01:00","guid":{"rendered":"https:\/\/www.vagadeempregorj.com.br\/?p=26660"},"modified":"2024-08-12T17:41:10","modified_gmt":"2024-08-12T20:41:10","slug":"trabalhe-conosco-sanofi","status":"publish","type":"post","link":"https:\/\/www.vagadeempregorj.com.br\/es\/trabalhe-conosco-sanofi\/","title":{"rendered":"Trabalhe Conosco Sanofi, veja agora"},"content":{"rendered":"<p><strong>Atualizado em 12\/08\/2024<\/strong><\/p>\n\n\n\n<p>Trabalhe Conosco Sanofi, suas unidades contratam em v\u00e1rios pa\u00edses, com admiss\u00f5es espec\u00edficas para as minorias.<\/p>\n\n\n\n<p>Com uma grande trajet\u00f3ria no setor sanit\u00e1rio, a empresa Sanofi tem unidades no Brasil e cria diversas medica\u00e7\u00f5es para tratamento das condi\u00e7\u00f5es mais comuns.<br><br>Para conseguir criar tantos produtos de sa\u00fade com efici\u00eancia e seguran\u00e7a, a empresa tem as seguintes \u00e1reas: m\u00e9dica, pesquisa, desenvolvimento, marketing, estudantis e industrial.<br><br>Por enquanto, quem quiser trabalhar na Sanofi pode concorrer a uma das fun\u00e7\u00f5es listadas abaixo:<\/p>\n\n\n\n<ul class=\"wp-block-list\">\n<li>CMC Project manager<\/li>\n\n\n\n<li>Senior medical regulatory writer<\/li>\n\n\n\n<li>GSO<\/li>\n\n\n\n<li>Medical Advisor Oncology<\/li>\n\n\n\n<li>Associate director<\/li>\n\n\n\n<li>Gerente de e-commerce<\/li>\n\n\n\n<li>Brand lead<\/li>\n\n\n\n<li>Marketing Support Manager<\/li>\n\n\n\n<li>E muito mais<\/li>\n<\/ul>\n\n\n\n<p>As vagas oferecidas pela empresa s\u00e3o em pa\u00edses como China, Fran\u00e7a, Brasil e Estados Unidos. Contudo n\u00e3o h\u00e1 informa\u00e7\u00f5es claras com rela\u00e7\u00e3o aos benef\u00edcios pagos.<\/p>\n\n\n\n<div class=\"wp-block-buttons is-horizontal is-content-justification-center is-layout-flex wp-container-core-buttons-is-layout-499968f5 wp-block-buttons-is-layout-flex\">\n<div class=\"wp-block-button\"><a class=\"wp-block-button__link has-black-color has-text-color has-background wp-element-button\" href=\"https:\/\/www.vagadeempregorj.com.br\/es\/enviando-seu-curriculo-rapidamente\/\" style=\"background:linear-gradient(2deg,rgb(255,134,50) 64%,rgb(255,197,71) 100%)\"><strong>VEJA COMO SE CANDIDATAR<\/strong><\/a><\/div>\n<\/div>\n\n\n\n<h2 class=\"wp-block-heading\"><strong>Trabalhe Conosco Sanofi, como se inscrever<\/strong><\/h2>\n\n\n\n<p>As candidaturas na Sanofi podem ser efetuadas no site. Copie e cole o endere\u00e7o <strong>https:\/\/www.sanofi.com.br\/pt\/carreiras<\/strong> em seu navegador. Basta ir verificando todas as \u00e1reas nas quais \u00e9 poss\u00edvel se candidatar.<\/p>\n\n\n\n<p>Destaca-se que a empresa promete plano de carreira e tem projetos para facilitar a contrata\u00e7\u00e3o de pessoas portadoras de defici\u00eancia e de negros. A Sanofi tamb\u00e9m pode ser encontrada no LinkedIn, com todas as suas principais vagas divulgadas: <a href=\"https:\/\/www.linkedin.com\/company\/sanofi\/\">https:\/\/www.linkedin.com\/company\/sanofi\/<\/a>.<\/p>\n\n\n\n<h2 class=\"wp-block-heading\"><strong>Descubra mais sobre a Sanofi<\/strong><\/h2>\n\n\n\n<p>Muitas pessoas compram medicamentos feitos pelo laborat\u00f3rio Sanofi, mas n\u00e3o sabem que a pr\u00f3pria Medley, outro fabricante conhecido, faz parte da mesma empresa.<\/p>\n\n\n\n<p>Essa ind\u00fastria farmac\u00eautica tem um alcance bem amplo, apenas para a realiza\u00e7\u00e3o de pesquisas, s\u00e3o mais de 20 unidades pelo mundo.<\/p>\n\n\n\n<p>O setor de responsabilidade corporativa da Sanofi \u00e9 um dos mais extensos. Essas iniciativas s\u00e3o para meio ambiente, projetos sociais, diversidade, inclus\u00e3o e ainda \u00e9tica.<\/p>\n\n\n\n<p>Os pacientes podem acessar o Programa Viva, que tem uma s\u00e9rie de dicas e outras coisas que ajudam na conquista de mais qualidade de vida.<\/p>\n\n\n\n<p>Dentre os assuntos abordados, est\u00e1 depress\u00e3o, diabetes, esclerose m\u00faltipla, trombose, asma, dermatite at\u00f3pica, doen\u00e7as raras, ins\u00f4nia e a sa\u00fade dos ossos.<\/p>\n\n\n\n<div class=\"wp-block-buttons is-horizontal is-content-justification-center is-layout-flex wp-container-core-buttons-is-layout-499968f5 wp-block-buttons-is-layout-flex\">\n<div class=\"wp-block-button\"><a class=\"wp-block-button__link has-black-color has-text-color has-background wp-element-button\" href=\"https:\/\/www.vagadeempregorj.com.br\/es\/vagas-de-emprego\/rio-de-janeiro\/\" style=\"border-radius:29px;background:linear-gradient(2deg,rgb(255,134,50) 60%,rgb(255,197,71) 100%)\"><strong>VEJA NOVAS VAGAS PARA SE CANDIDATAR<\/strong><\/a><\/div>\n<\/div>","protected":false},"excerpt":{"rendered":"<p>Trabalhe Conosco Sanofi, suas unidades contratam em v\u00e1rios pa\u00edses, com admiss\u00f5es espec\u00edficas para as minorias.<\/p>","protected":false},"author":10,"featured_media":26727,"comment_status":"closed","ping_status":"closed","sticky":false,"template":"","format":"standard","meta":{"neve_meta_sidebar":"","neve_meta_container":"","neve_meta_enable_content_width":"","neve_meta_content_width":0,"neve_meta_title_alignment":"","neve_meta_author_avatar":"","neve_post_elements_order":"","neve_meta_disable_header":"","neve_meta_disable_footer":"","neve_meta_disable_title":"","footnotes":""},"categories":[123],"tags":[250,147],"class_list":["post-26660","post","type-post","status-publish","format-standard","has-post-thumbnail","hentry","category-vagas-de-emprego-nacionais","tag-sanofi","tag-vaga-de-emprego"],"yoast_head":"<!-- This site is optimized with the Yoast SEO plugin v27.5 - https:\/\/yoast.com\/product\/yoast-seo-wordpress\/ -->\n<title>Trabalhe Conosco Sanofi, veja agora -<\/title>\n<meta name=\"description\" content=\"Trabalhe Conosco Sanofi, suas unidades contratam em v\u00e1rios pa\u00edses, com admiss\u00f5es espec\u00edficas para as minorias.\" \/>\n<meta name=\"robots\" content=\"index, follow, max-snippet:-1, max-image-preview:large, max-video-preview:-1\" \/>\n<link rel=\"canonical\" href=\"https:\/\/www.vagadeempregorj.com.br\/es\/trabalhe-conosco-sanofi\/\" \/>\n<meta property=\"og:locale\" content=\"es_MX\" \/>\n<meta property=\"og:type\" content=\"article\" \/>\n<meta property=\"og:title\" content=\"Trabalhe Conosco Sanofi, veja agora -\" \/>\n<meta property=\"og:description\" content=\"Trabalhe Conosco Sanofi, suas unidades contratam em v\u00e1rios pa\u00edses, com admiss\u00f5es espec\u00edficas para as minorias.\" \/>\n<meta property=\"og:url\" content=\"https:\/\/www.vagadeempregorj.com.br\/es\/trabalhe-conosco-sanofi\/\" \/>\n<meta property=\"article:publisher\" content=\"https:\/\/www.facebook.com\/empregobrasiloficial\" \/>\n<meta property=\"article:published_time\" content=\"2023-08-15T03:01:00+00:00\" \/>\n<meta property=\"article:modified_time\" content=\"2024-08-12T20:41:10+00:00\" \/>\n<meta property=\"og:image\" content=\"https:\/\/www.vagadeempregorj.com.br\/wp-content\/uploads\/2022\/03\/sanofi.jpg\" \/>\n\t<meta property=\"og:image:width\" content=\"1200\" \/>\n\t<meta property=\"og:image:height\" content=\"675\" \/>\n\t<meta property=\"og:image:type\" content=\"image\/jpeg\" \/>\n<meta name=\"author\" content=\"Pedro Santos\" \/>\n<meta name=\"twitter:card\" content=\"summary_large_image\" \/>\n<meta name=\"twitter:label1\" content=\"Written by\" \/>\n\t<meta name=\"twitter:data1\" content=\"Pedro Santos\" \/>\n\t<meta name=\"twitter:label2\" content=\"Est. reading time\" \/>\n\t<meta name=\"twitter:data2\" content=\"3 minutos\" \/>\n<script type=\"application\/ld+json\" class=\"yoast-schema-graph\">{\"@context\":\"https:\\\/\\\/schema.org\",\"@graph\":[{\"@type\":\"Article\",\"@id\":\"https:\\\/\\\/www.vagadeempregorj.com.br\\\/trabalhe-conosco-sanofi\\\/#article\",\"isPartOf\":{\"@id\":\"https:\\\/\\\/www.vagadeempregorj.com.br\\\/trabalhe-conosco-sanofi\\\/\"},\"author\":{\"name\":\"Pedro Santos\",\"@id\":\"https:\\\/\\\/www.vagadeempregorj.com.br\\\/#\\\/schema\\\/person\\\/ff7c1ede281066d35b2813eb13f662ef\"},\"headline\":\"Trabalhe Conosco Sanofi, veja agora\",\"datePublished\":\"2023-08-15T03:01:00+00:00\",\"dateModified\":\"2024-08-12T20:41:10+00:00\",\"mainEntityOfPage\":{\"@id\":\"https:\\\/\\\/www.vagadeempregorj.com.br\\\/trabalhe-conosco-sanofi\\\/\"},\"wordCount\":388,\"image\":{\"@id\":\"https:\\\/\\\/www.vagadeempregorj.com.br\\\/trabalhe-conosco-sanofi\\\/#primaryimage\"},\"thumbnailUrl\":\"https:\\\/\\\/www.vagadeempregorj.com.br\\\/wp-content\\\/uploads\\\/2022\\\/03\\\/sanofi.jpg\",\"keywords\":[\"sanofi\",\"vaga de emprego\"],\"articleSection\":[\"Vagas de Emprego Nacionais\"],\"inLanguage\":\"es\"},{\"@type\":\"WebPage\",\"@id\":\"https:\\\/\\\/www.vagadeempregorj.com.br\\\/trabalhe-conosco-sanofi\\\/\",\"url\":\"https:\\\/\\\/www.vagadeempregorj.com.br\\\/trabalhe-conosco-sanofi\\\/\",\"name\":\"Trabalhe Conosco Sanofi, veja agora -\",\"isPartOf\":{\"@id\":\"https:\\\/\\\/www.vagadeempregorj.com.br\\\/#website\"},\"primaryImageOfPage\":{\"@id\":\"https:\\\/\\\/www.vagadeempregorj.com.br\\\/trabalhe-conosco-sanofi\\\/#primaryimage\"},\"image\":{\"@id\":\"https:\\\/\\\/www.vagadeempregorj.com.br\\\/trabalhe-conosco-sanofi\\\/#primaryimage\"},\"thumbnailUrl\":\"https:\\\/\\\/www.vagadeempregorj.com.br\\\/wp-content\\\/uploads\\\/2022\\\/03\\\/sanofi.jpg\",\"datePublished\":\"2023-08-15T03:01:00+00:00\",\"dateModified\":\"2024-08-12T20:41:10+00:00\",\"author\":{\"@id\":\"https:\\\/\\\/www.vagadeempregorj.com.br\\\/#\\\/schema\\\/person\\\/ff7c1ede281066d35b2813eb13f662ef\"},\"description\":\"Trabalhe Conosco Sanofi, suas unidades contratam em v\u00e1rios pa\u00edses, com admiss\u00f5es espec\u00edficas para as minorias.\",\"breadcrumb\":{\"@id\":\"https:\\\/\\\/www.vagadeempregorj.com.br\\\/trabalhe-conosco-sanofi\\\/#breadcrumb\"},\"inLanguage\":\"es\",\"potentialAction\":[{\"@type\":\"ReadAction\",\"target\":[\"https:\\\/\\\/www.vagadeempregorj.com.br\\\/trabalhe-conosco-sanofi\\\/\"]}]},{\"@type\":\"ImageObject\",\"inLanguage\":\"es\",\"@id\":\"https:\\\/\\\/www.vagadeempregorj.com.br\\\/trabalhe-conosco-sanofi\\\/#primaryimage\",\"url\":\"https:\\\/\\\/www.vagadeempregorj.com.br\\\/wp-content\\\/uploads\\\/2022\\\/03\\\/sanofi.jpg\",\"contentUrl\":\"https:\\\/\\\/www.vagadeempregorj.com.br\\\/wp-content\\\/uploads\\\/2022\\\/03\\\/sanofi.jpg\",\"width\":1200,\"height\":675,\"caption\":\"sanofi\"},{\"@type\":\"BreadcrumbList\",\"@id\":\"https:\\\/\\\/www.vagadeempregorj.com.br\\\/trabalhe-conosco-sanofi\\\/#breadcrumb\",\"itemListElement\":[{\"@type\":\"ListItem\",\"position\":1,\"name\":\"In\u00edcio\",\"item\":\"https:\\\/\\\/www.vagadeempregorj.com.br\\\/\"},{\"@type\":\"ListItem\",\"position\":2,\"name\":\"Vagas de Emprego Nacionais\",\"item\":\"https:\\\/\\\/www.vagadeempregorj.com.br\\\/vagas-de-emprego-nacionais\\\/\"},{\"@type\":\"ListItem\",\"position\":3,\"name\":\"Trabalhe Conosco Sanofi, veja agora\"}]},{\"@type\":\"WebSite\",\"@id\":\"https:\\\/\\\/www.vagadeempregorj.com.br\\\/#website\",\"url\":\"https:\\\/\\\/www.vagadeempregorj.com.br\\\/\",\"name\":\"\",\"description\":\"Conquiste Sonhos: Vagas, Benef\u00edcios e Economia para Transformar Vidas e Alcan\u00e7ar Melhorias Cotidianas\",\"potentialAction\":[{\"@type\":\"SearchAction\",\"target\":{\"@type\":\"EntryPoint\",\"urlTemplate\":\"https:\\\/\\\/www.vagadeempregorj.com.br\\\/?s={search_term_string}\"},\"query-input\":{\"@type\":\"PropertyValueSpecification\",\"valueRequired\":true,\"valueName\":\"search_term_string\"}}],\"inLanguage\":\"es\"},{\"@type\":\"Person\",\"@id\":\"https:\\\/\\\/www.vagadeempregorj.com.br\\\/#\\\/schema\\\/person\\\/ff7c1ede281066d35b2813eb13f662ef\",\"name\":\"Pedro Santos\",\"image\":{\"@type\":\"ImageObject\",\"inLanguage\":\"es\",\"@id\":\"https:\\\/\\\/secure.gravatar.com\\\/avatar\\\/0f569c1b80e91280c9dc54d2dec96d0c5562a072cef4b08b7e3807948546027c?s=96&r=g\",\"url\":\"https:\\\/\\\/secure.gravatar.com\\\/avatar\\\/0f569c1b80e91280c9dc54d2dec96d0c5562a072cef4b08b7e3807948546027c?s=96&r=g\",\"contentUrl\":\"https:\\\/\\\/secure.gravatar.com\\\/avatar\\\/0f569c1b80e91280c9dc54d2dec96d0c5562a072cef4b08b7e3807948546027c?s=96&r=g\",\"caption\":\"Pedro Santos\"},\"description\":\"Meu nome \u00e9 Pedro e sou redator. Dedico meu tempo escrevendo vagas de emprego diariamente no portal Vaga de Emprego RJ\",\"url\":\"https:\\\/\\\/www.vagadeempregorj.com.br\\\/es\\\/author\\\/fabio\\\/\"}]}<\/script>\n<!-- \/ Yoast SEO plugin. -->","yoast_head_json":{"title":"Trabalhe Conosco Sanofi, veja agora -","description":"Trabalhe Conosco Sanofi, suas unidades contratam em v\u00e1rios pa\u00edses, com admiss\u00f5es espec\u00edficas para as minorias.","robots":{"index":"index","follow":"follow","max-snippet":"max-snippet:-1","max-image-preview":"max-image-preview:large","max-video-preview":"max-video-preview:-1"},"canonical":"https:\/\/www.vagadeempregorj.com.br\/es\/trabalhe-conosco-sanofi\/","og_locale":"es_MX","og_type":"article","og_title":"Trabalhe Conosco Sanofi, veja agora -","og_description":"Trabalhe Conosco Sanofi, suas unidades contratam em v\u00e1rios pa\u00edses, com admiss\u00f5es espec\u00edficas para as minorias.","og_url":"https:\/\/www.vagadeempregorj.com.br\/es\/trabalhe-conosco-sanofi\/","article_publisher":"https:\/\/www.facebook.com\/empregobrasiloficial","article_published_time":"2023-08-15T03:01:00+00:00","article_modified_time":"2024-08-12T20:41:10+00:00","og_image":[{"width":1200,"height":675,"url":"https:\/\/www.vagadeempregorj.com.br\/wp-content\/uploads\/2022\/03\/sanofi.jpg","type":"image\/jpeg"}],"author":"Pedro Santos","twitter_card":"summary_large_image","twitter_misc":{"Written by":"Pedro Santos","Est. reading time":"3 minutos"},"schema":{"@context":"https:\/\/schema.org","@graph":[{"@type":"Article","@id":"https:\/\/www.vagadeempregorj.com.br\/trabalhe-conosco-sanofi\/#article","isPartOf":{"@id":"https:\/\/www.vagadeempregorj.com.br\/trabalhe-conosco-sanofi\/"},"author":{"name":"Pedro Santos","@id":"https:\/\/www.vagadeempregorj.com.br\/#\/schema\/person\/ff7c1ede281066d35b2813eb13f662ef"},"headline":"Trabalhe Conosco Sanofi, veja agora","datePublished":"2023-08-15T03:01:00+00:00","dateModified":"2024-08-12T20:41:10+00:00","mainEntityOfPage":{"@id":"https:\/\/www.vagadeempregorj.com.br\/trabalhe-conosco-sanofi\/"},"wordCount":388,"image":{"@id":"https:\/\/www.vagadeempregorj.com.br\/trabalhe-conosco-sanofi\/#primaryimage"},"thumbnailUrl":"https:\/\/www.vagadeempregorj.com.br\/wp-content\/uploads\/2022\/03\/sanofi.jpg","keywords":["sanofi","vaga de emprego"],"articleSection":["Vagas de Emprego Nacionais"],"inLanguage":"es"},{"@type":"WebPage","@id":"https:\/\/www.vagadeempregorj.com.br\/trabalhe-conosco-sanofi\/","url":"https:\/\/www.vagadeempregorj.com.br\/trabalhe-conosco-sanofi\/","name":"Trabalhe Conosco Sanofi, veja agora -","isPartOf":{"@id":"https:\/\/www.vagadeempregorj.com.br\/#website"},"primaryImageOfPage":{"@id":"https:\/\/www.vagadeempregorj.com.br\/trabalhe-conosco-sanofi\/#primaryimage"},"image":{"@id":"https:\/\/www.vagadeempregorj.com.br\/trabalhe-conosco-sanofi\/#primaryimage"},"thumbnailUrl":"https:\/\/www.vagadeempregorj.com.br\/wp-content\/uploads\/2022\/03\/sanofi.jpg","datePublished":"2023-08-15T03:01:00+00:00","dateModified":"2024-08-12T20:41:10+00:00","author":{"@id":"https:\/\/www.vagadeempregorj.com.br\/#\/schema\/person\/ff7c1ede281066d35b2813eb13f662ef"},"description":"Trabalhe Conosco Sanofi, suas unidades contratam em v\u00e1rios pa\u00edses, com admiss\u00f5es espec\u00edficas para as minorias.","breadcrumb":{"@id":"https:\/\/www.vagadeempregorj.com.br\/trabalhe-conosco-sanofi\/#breadcrumb"},"inLanguage":"es","potentialAction":[{"@type":"ReadAction","target":["https:\/\/www.vagadeempregorj.com.br\/trabalhe-conosco-sanofi\/"]}]},{"@type":"ImageObject","inLanguage":"es","@id":"https:\/\/www.vagadeempregorj.com.br\/trabalhe-conosco-sanofi\/#primaryimage","url":"https:\/\/www.vagadeempregorj.com.br\/wp-content\/uploads\/2022\/03\/sanofi.jpg","contentUrl":"https:\/\/www.vagadeempregorj.com.br\/wp-content\/uploads\/2022\/03\/sanofi.jpg","width":1200,"height":675,"caption":"sanofi"},{"@type":"BreadcrumbList","@id":"https:\/\/www.vagadeempregorj.com.br\/trabalhe-conosco-sanofi\/#breadcrumb","itemListElement":[{"@type":"ListItem","position":1,"name":"In\u00edcio","item":"https:\/\/www.vagadeempregorj.com.br\/"},{"@type":"ListItem","position":2,"name":"Vagas de Emprego Nacionais","item":"https:\/\/www.vagadeempregorj.com.br\/vagas-de-emprego-nacionais\/"},{"@type":"ListItem","position":3,"name":"Trabalhe Conosco Sanofi, veja agora"}]},{"@type":"WebSite","@id":"https:\/\/www.vagadeempregorj.com.br\/#website","url":"https:\/\/www.vagadeempregorj.com.br\/","name":"","description":"Conquiste Sonhos: Vagas, Benef\u00edcios e Economia para Transformar Vidas e Alcan\u00e7ar Melhorias Cotidianas","potentialAction":[{"@type":"SearchAction","target":{"@type":"EntryPoint","urlTemplate":"https:\/\/www.vagadeempregorj.com.br\/?s={search_term_string}"},"query-input":{"@type":"PropertyValueSpecification","valueRequired":true,"valueName":"search_term_string"}}],"inLanguage":"es"},{"@type":"Person","@id":"https:\/\/www.vagadeempregorj.com.br\/#\/schema\/person\/ff7c1ede281066d35b2813eb13f662ef","name":"Pedro Santos","image":{"@type":"ImageObject","inLanguage":"es","@id":"https:\/\/secure.gravatar.com\/avatar\/0f569c1b80e91280c9dc54d2dec96d0c5562a072cef4b08b7e3807948546027c?s=96&r=g","url":"https:\/\/secure.gravatar.com\/avatar\/0f569c1b80e91280c9dc54d2dec96d0c5562a072cef4b08b7e3807948546027c?s=96&r=g","contentUrl":"https:\/\/secure.gravatar.com\/avatar\/0f569c1b80e91280c9dc54d2dec96d0c5562a072cef4b08b7e3807948546027c?s=96&r=g","caption":"Pedro Santos"},"description":"Meu nome \u00e9 Pedro e sou redator. Dedico meu tempo escrevendo vagas de emprego diariamente no portal Vaga de Emprego RJ","url":"https:\/\/www.vagadeempregorj.com.br\/es\/author\/fabio\/"}]}},"_links":{"self":[{"href":"https:\/\/www.vagadeempregorj.com.br\/es\/wp-json\/wp\/v2\/posts\/26660","targetHints":{"allow":["GET"]}}],"collection":[{"href":"https:\/\/www.vagadeempregorj.com.br\/es\/wp-json\/wp\/v2\/posts"}],"about":[{"href":"https:\/\/www.vagadeempregorj.com.br\/es\/wp-json\/wp\/v2\/types\/post"}],"author":[{"embeddable":true,"href":"https:\/\/www.vagadeempregorj.com.br\/es\/wp-json\/wp\/v2\/users\/10"}],"replies":[{"embeddable":true,"href":"https:\/\/www.vagadeempregorj.com.br\/es\/wp-json\/wp\/v2\/comments?post=26660"}],"version-history":[{"count":0,"href":"https:\/\/www.vagadeempregorj.com.br\/es\/wp-json\/wp\/v2\/posts\/26660\/revisions"}],"wp:featuredmedia":[{"embeddable":true,"href":"https:\/\/www.vagadeempregorj.com.br\/es\/wp-json\/wp\/v2\/media\/26727"}],"wp:attachment":[{"href":"https:\/\/www.vagadeempregorj.com.br\/es\/wp-json\/wp\/v2\/media?parent=26660"}],"wp:term":[{"taxonomy":"category","embeddable":true,"href":"https:\/\/www.vagadeempregorj.com.br\/es\/wp-json\/wp\/v2\/categories?post=26660"},{"taxonomy":"post_tag","embeddable":true,"href":"https:\/\/www.vagadeempregorj.com.br\/es\/wp-json\/wp\/v2\/tags?post=26660"}],"curies":[{"name":"wp","href":"https:\/\/api.w.org\/{rel}","templated":true}]}}