{"id":26810,"date":"2023-08-17T00:03:00","date_gmt":"2023-08-17T03:03:00","guid":{"rendered":"https:\/\/www.vagadeempregorj.com.br\/?p=26810"},"modified":"2024-08-12T17:50:27","modified_gmt":"2024-08-12T20:50:27","slug":"vagas-de-emprego-danone","status":"publish","type":"post","link":"https:\/\/www.vagadeempregorj.com.br\/es\/vagas-de-emprego-danone\/","title":{"rendered":"Vagas de emprego Danone, envie seu curr\u00edculo hoje"},"content":{"rendered":"<p><strong>Atualizado em 12\/08\/2024<\/strong><\/p>\n\n\n\n<p>Vagas de emprego Danone, suas oportunidades est\u00e3o em diversos continentes, destacando-se a sua produ\u00e7\u00e3o de \u00e1gua mineral.<\/p>\n\n\n\n<p>Como uma das fabricantes mais famosas do pa\u00eds, a Danone tem enorme import\u00e2ncia corporativa no mundo todo.<br><br>Isso porque os seus leites em p\u00f3, iogurtes e outros produtos s\u00e3o mandados para v\u00e1rios pa\u00edses, recebendo at\u00e9 recomenda\u00e7\u00f5es de nutricionistas e de pediatras.<br><br>As vagas na Danone s\u00e3o uma oportunidade que nenhum trabalhador quer perder e algumas das que est\u00e3o abertas agora s\u00e3o:<\/p>\n\n\n\n<ul class=\"wp-block-list\">\n<li>Gerente de qualidade e seguran\u00e7a dos alimentos<\/li>\n\n\n\n<li>CoManufacturing Sourcing<\/li>\n\n\n\n<li>Gerente associado comercial<\/li>\n\n\n\n<li>Administrador de Recursos Humanos<\/li>\n\n\n\n<li>Mec\u00e2nico de manuten\u00e7\u00e3o<\/li>\n\n\n\n<li>Gerente de empacotamento<\/li>\n\n\n\n<li>Supervisor de log\u00edstica<\/li>\n\n\n\n<li>E muito<\/li>\n<\/ul>\n\n\n\n<p>Infelizmente, a empresa aliment\u00edcia n\u00e3o revela o que paga como benef\u00edcios para os seus colaboradores.<\/p>\n\n\n\n<div class=\"wp-block-buttons is-horizontal is-content-justification-center is-layout-flex wp-container-core-buttons-is-layout-499968f5 wp-block-buttons-is-layout-flex\">\n<div class=\"wp-block-button\"><a class=\"wp-block-button__link has-black-color has-text-color has-background wp-element-button\" href=\"https:\/\/www.vagadeempregorj.com.br\/es\/enviando-seu-curriculo-rapidamente\/\" style=\"background:linear-gradient(2deg,rgb(255,134,50) 64%,rgb(255,197,71) 100%)\"><strong>VEJA COMO SE CANDIDATAR<\/strong><\/a><\/div>\n<\/div>\n\n\n\n<h2 class=\"wp-block-heading\"><strong>Vagas de emprego Danone, como se inscrever<\/strong><\/h2>\n\n\n\n<p>A candidatura para as vagas da Danone pode ser efetuada na p\u00e1gina de Carreiras da empresa. Copie e cole o endere\u00e7o <strong>https:\/\/careers.danone.com\/br\/pt\/home.html<\/strong> em seu navegador.<\/p>\n\n\n\n<p>\u00c9 fundamental levar em conta o filtro: se n\u00e3o for escrito BRAZIL, as vagas apresentadas podem ser para qualquer parte do mundo.<\/p>\n\n\n\n<p>Mesmo assim, quem tiver a inten\u00e7\u00e3o de ir para outra na\u00e7\u00e3o pode tentar isso concorrendo \u00e0s vagas internacionais da marca.<\/p>\n\n\n\n<p>O LinkedIn da Danone tamb\u00e9m serve para saber as vagas abertas, os processos seletivos em andamento, as inova\u00e7\u00f5es de seus departamentos e muito mais: <a href=\"https:\/\/br.linkedin.com\/company\/danone\">https:\/\/br.linkedin.com\/company\/danone<\/a>.<\/p>\n\n\n\n<h2 class=\"wp-block-heading\"><strong>Descubra mais sobre a Danone<\/strong><\/h2>\n\n\n\n<p>Surgida na Espanha, a Danone \u00e9 uma das maiores representantes dos latic\u00ednios no mundo.<\/p>\n\n\n\n<p>Sendo respons\u00e1vel pela marca de leite Aptamil, que \u00e9 usada largamente pelas m\u00e3es na amamenta\u00e7\u00e3o das crian\u00e7as.<\/p>\n\n\n\n<p>Al\u00e9m disso, os seus iogurtes, tanto os naturais quanto os saborizados, s\u00e3o alguns dos mais conhecidos do mercado, com vers\u00f5es para beber tamb\u00e9m.<\/p>\n\n\n\n<p>Com 190 f\u00e1bricas pelo mundo, est\u00e1 em 140 pa\u00edses e suas marcas s\u00e3o Silk, Danoninho, Danette, Corpus, YoPro, Paulista, Danone, Actimel, Activia, Bonafont e Nutr\u00edcia.<\/p>\n\n\n\n<p>Um dos diferenciais da Danone \u00e9 o cuidado com o impacto ambiental; com iniciativas voltadas ao empreendedorismo para a prote\u00e7\u00e3o da natureza.<\/p>\n\n\n\n<p>A empresa tem muitos pr\u00eamios referentes \u00e0 qualidade das suas f\u00e1bricas e mesmo devido \u00e0 sua atua\u00e7\u00e3o social. Inclusive, h\u00e1 projetos com startups.<\/p>\n\n\n\n<div class=\"wp-block-buttons is-horizontal is-content-justification-center is-layout-flex wp-container-core-buttons-is-layout-499968f5 wp-block-buttons-is-layout-flex\">\n<div class=\"wp-block-button\"><a class=\"wp-block-button__link has-black-color has-text-color has-background wp-element-button\" href=\"https:\/\/www.vagadeempregorj.com.br\/es\/vagas-de-emprego\/rio-de-janeiro\/\" style=\"border-radius:29px;background:linear-gradient(2deg,rgb(255,134,50) 60%,rgb(255,197,71) 100%)\"><strong>VEJA NOVAS VAGAS PARA SE CANDIDATAR<\/strong><\/a><\/div>\n<\/div>","protected":false},"excerpt":{"rendered":"<p>Vagas de emprego Danone, suas oportunidades est\u00e3o em diversos continentes, destacando-se a sua produ\u00e7\u00e3o de \u00e1gua mineral.<\/p>","protected":false},"author":10,"featured_media":26866,"comment_status":"closed","ping_status":"closed","sticky":false,"template":"","format":"standard","meta":{"neve_meta_sidebar":"","neve_meta_container":"","neve_meta_enable_content_width":"","neve_meta_content_width":0,"neve_meta_title_alignment":"","neve_meta_author_avatar":"","neve_post_elements_order":"","neve_meta_disable_header":"","neve_meta_disable_footer":"","neve_meta_disable_title":"","footnotes":""},"categories":[123],"tags":[258,147],"class_list":["post-26810","post","type-post","status-publish","format-standard","has-post-thumbnail","hentry","category-vagas-de-emprego-nacionais","tag-danone","tag-vaga-de-emprego"],"yoast_head":"<!-- This site is optimized with the Yoast SEO plugin v27.5 - https:\/\/yoast.com\/product\/yoast-seo-wordpress\/ -->\n<title>Vagas de emprego Danone, envie seu curr\u00edculo hoje -<\/title>\n<meta name=\"description\" content=\"Vagas de emprego Danone, suas oportunidades est\u00e3o em diversos continentes, destacando-se a sua produ\u00e7\u00e3o de \u00e1gua mineral.\" \/>\n<meta name=\"robots\" content=\"index, follow, max-snippet:-1, max-image-preview:large, max-video-preview:-1\" \/>\n<link rel=\"canonical\" href=\"https:\/\/www.vagadeempregorj.com.br\/es\/vagas-de-emprego-danone\/\" \/>\n<meta property=\"og:locale\" content=\"es_MX\" \/>\n<meta property=\"og:type\" content=\"article\" \/>\n<meta property=\"og:title\" content=\"Vagas de emprego Danone, envie seu curr\u00edculo hoje -\" \/>\n<meta property=\"og:description\" content=\"Vagas de emprego Danone, suas oportunidades est\u00e3o em diversos continentes, destacando-se a sua produ\u00e7\u00e3o de \u00e1gua mineral.\" \/>\n<meta property=\"og:url\" content=\"https:\/\/www.vagadeempregorj.com.br\/es\/vagas-de-emprego-danone\/\" \/>\n<meta property=\"article:publisher\" content=\"https:\/\/www.facebook.com\/empregobrasiloficial\" \/>\n<meta property=\"article:published_time\" content=\"2023-08-17T03:03:00+00:00\" \/>\n<meta property=\"article:modified_time\" content=\"2024-08-12T20:50:27+00:00\" \/>\n<meta property=\"og:image\" content=\"https:\/\/www.vagadeempregorj.com.br\/wp-content\/uploads\/2022\/03\/danone.jpg\" \/>\n\t<meta property=\"og:image:width\" content=\"1200\" \/>\n\t<meta property=\"og:image:height\" content=\"675\" \/>\n\t<meta property=\"og:image:type\" content=\"image\/jpeg\" \/>\n<meta name=\"author\" content=\"Pedro Santos\" \/>\n<meta name=\"twitter:card\" content=\"summary_large_image\" \/>\n<meta name=\"twitter:label1\" content=\"Written by\" \/>\n\t<meta name=\"twitter:data1\" content=\"Pedro Santos\" \/>\n\t<meta name=\"twitter:label2\" content=\"Est. reading time\" \/>\n\t<meta name=\"twitter:data2\" content=\"3 minutos\" \/>\n<script type=\"application\/ld+json\" class=\"yoast-schema-graph\">{\"@context\":\"https:\\\/\\\/schema.org\",\"@graph\":[{\"@type\":\"Article\",\"@id\":\"https:\\\/\\\/www.vagadeempregorj.com.br\\\/vagas-de-emprego-danone\\\/#article\",\"isPartOf\":{\"@id\":\"https:\\\/\\\/www.vagadeempregorj.com.br\\\/vagas-de-emprego-danone\\\/\"},\"author\":{\"name\":\"Pedro Santos\",\"@id\":\"https:\\\/\\\/www.vagadeempregorj.com.br\\\/#\\\/schema\\\/person\\\/ff7c1ede281066d35b2813eb13f662ef\"},\"headline\":\"Vagas de emprego Danone, envie seu curr\u00edculo hoje\",\"datePublished\":\"2023-08-17T03:03:00+00:00\",\"dateModified\":\"2024-08-12T20:50:27+00:00\",\"mainEntityOfPage\":{\"@id\":\"https:\\\/\\\/www.vagadeempregorj.com.br\\\/vagas-de-emprego-danone\\\/\"},\"wordCount\":415,\"image\":{\"@id\":\"https:\\\/\\\/www.vagadeempregorj.com.br\\\/vagas-de-emprego-danone\\\/#primaryimage\"},\"thumbnailUrl\":\"https:\\\/\\\/www.vagadeempregorj.com.br\\\/wp-content\\\/uploads\\\/2022\\\/03\\\/danone.jpg\",\"keywords\":[\"danone\",\"vaga de emprego\"],\"articleSection\":[\"Vagas de Emprego Nacionais\"],\"inLanguage\":\"es\"},{\"@type\":\"WebPage\",\"@id\":\"https:\\\/\\\/www.vagadeempregorj.com.br\\\/vagas-de-emprego-danone\\\/\",\"url\":\"https:\\\/\\\/www.vagadeempregorj.com.br\\\/vagas-de-emprego-danone\\\/\",\"name\":\"Vagas de emprego Danone, envie seu curr\u00edculo hoje -\",\"isPartOf\":{\"@id\":\"https:\\\/\\\/www.vagadeempregorj.com.br\\\/#website\"},\"primaryImageOfPage\":{\"@id\":\"https:\\\/\\\/www.vagadeempregorj.com.br\\\/vagas-de-emprego-danone\\\/#primaryimage\"},\"image\":{\"@id\":\"https:\\\/\\\/www.vagadeempregorj.com.br\\\/vagas-de-emprego-danone\\\/#primaryimage\"},\"thumbnailUrl\":\"https:\\\/\\\/www.vagadeempregorj.com.br\\\/wp-content\\\/uploads\\\/2022\\\/03\\\/danone.jpg\",\"datePublished\":\"2023-08-17T03:03:00+00:00\",\"dateModified\":\"2024-08-12T20:50:27+00:00\",\"author\":{\"@id\":\"https:\\\/\\\/www.vagadeempregorj.com.br\\\/#\\\/schema\\\/person\\\/ff7c1ede281066d35b2813eb13f662ef\"},\"description\":\"Vagas de emprego Danone, suas oportunidades est\u00e3o em diversos continentes, destacando-se a sua produ\u00e7\u00e3o de \u00e1gua mineral.\",\"breadcrumb\":{\"@id\":\"https:\\\/\\\/www.vagadeempregorj.com.br\\\/vagas-de-emprego-danone\\\/#breadcrumb\"},\"inLanguage\":\"es\",\"potentialAction\":[{\"@type\":\"ReadAction\",\"target\":[\"https:\\\/\\\/www.vagadeempregorj.com.br\\\/vagas-de-emprego-danone\\\/\"]}]},{\"@type\":\"ImageObject\",\"inLanguage\":\"es\",\"@id\":\"https:\\\/\\\/www.vagadeempregorj.com.br\\\/vagas-de-emprego-danone\\\/#primaryimage\",\"url\":\"https:\\\/\\\/www.vagadeempregorj.com.br\\\/wp-content\\\/uploads\\\/2022\\\/03\\\/danone.jpg\",\"contentUrl\":\"https:\\\/\\\/www.vagadeempregorj.com.br\\\/wp-content\\\/uploads\\\/2022\\\/03\\\/danone.jpg\",\"width\":1200,\"height\":675,\"caption\":\"danone\"},{\"@type\":\"BreadcrumbList\",\"@id\":\"https:\\\/\\\/www.vagadeempregorj.com.br\\\/vagas-de-emprego-danone\\\/#breadcrumb\",\"itemListElement\":[{\"@type\":\"ListItem\",\"position\":1,\"name\":\"In\u00edcio\",\"item\":\"https:\\\/\\\/www.vagadeempregorj.com.br\\\/\"},{\"@type\":\"ListItem\",\"position\":2,\"name\":\"Vagas de Emprego Nacionais\",\"item\":\"https:\\\/\\\/www.vagadeempregorj.com.br\\\/vagas-de-emprego-nacionais\\\/\"},{\"@type\":\"ListItem\",\"position\":3,\"name\":\"Vagas de emprego Danone, envie seu curr\u00edculo hoje\"}]},{\"@type\":\"WebSite\",\"@id\":\"https:\\\/\\\/www.vagadeempregorj.com.br\\\/#website\",\"url\":\"https:\\\/\\\/www.vagadeempregorj.com.br\\\/\",\"name\":\"\",\"description\":\"Conquiste Sonhos: Vagas, Benef\u00edcios e Economia para Transformar Vidas e Alcan\u00e7ar Melhorias Cotidianas\",\"potentialAction\":[{\"@type\":\"SearchAction\",\"target\":{\"@type\":\"EntryPoint\",\"urlTemplate\":\"https:\\\/\\\/www.vagadeempregorj.com.br\\\/?s={search_term_string}\"},\"query-input\":{\"@type\":\"PropertyValueSpecification\",\"valueRequired\":true,\"valueName\":\"search_term_string\"}}],\"inLanguage\":\"es\"},{\"@type\":\"Person\",\"@id\":\"https:\\\/\\\/www.vagadeempregorj.com.br\\\/#\\\/schema\\\/person\\\/ff7c1ede281066d35b2813eb13f662ef\",\"name\":\"Pedro Santos\",\"image\":{\"@type\":\"ImageObject\",\"inLanguage\":\"es\",\"@id\":\"https:\\\/\\\/secure.gravatar.com\\\/avatar\\\/0f569c1b80e91280c9dc54d2dec96d0c5562a072cef4b08b7e3807948546027c?s=96&r=g\",\"url\":\"https:\\\/\\\/secure.gravatar.com\\\/avatar\\\/0f569c1b80e91280c9dc54d2dec96d0c5562a072cef4b08b7e3807948546027c?s=96&r=g\",\"contentUrl\":\"https:\\\/\\\/secure.gravatar.com\\\/avatar\\\/0f569c1b80e91280c9dc54d2dec96d0c5562a072cef4b08b7e3807948546027c?s=96&r=g\",\"caption\":\"Pedro Santos\"},\"description\":\"Meu nome \u00e9 Pedro e sou redator. Dedico meu tempo escrevendo vagas de emprego diariamente no portal Vaga de Emprego RJ\",\"url\":\"https:\\\/\\\/www.vagadeempregorj.com.br\\\/es\\\/author\\\/fabio\\\/\"}]}<\/script>\n<!-- \/ Yoast SEO plugin. -->","yoast_head_json":{"title":"Vagas de emprego Danone, envie seu curr\u00edculo hoje -","description":"Vagas de emprego Danone, suas oportunidades est\u00e3o em diversos continentes, destacando-se a sua produ\u00e7\u00e3o de \u00e1gua mineral.","robots":{"index":"index","follow":"follow","max-snippet":"max-snippet:-1","max-image-preview":"max-image-preview:large","max-video-preview":"max-video-preview:-1"},"canonical":"https:\/\/www.vagadeempregorj.com.br\/es\/vagas-de-emprego-danone\/","og_locale":"es_MX","og_type":"article","og_title":"Vagas de emprego Danone, envie seu curr\u00edculo hoje -","og_description":"Vagas de emprego Danone, suas oportunidades est\u00e3o em diversos continentes, destacando-se a sua produ\u00e7\u00e3o de \u00e1gua mineral.","og_url":"https:\/\/www.vagadeempregorj.com.br\/es\/vagas-de-emprego-danone\/","article_publisher":"https:\/\/www.facebook.com\/empregobrasiloficial","article_published_time":"2023-08-17T03:03:00+00:00","article_modified_time":"2024-08-12T20:50:27+00:00","og_image":[{"width":1200,"height":675,"url":"https:\/\/www.vagadeempregorj.com.br\/wp-content\/uploads\/2022\/03\/danone.jpg","type":"image\/jpeg"}],"author":"Pedro Santos","twitter_card":"summary_large_image","twitter_misc":{"Written by":"Pedro Santos","Est. reading time":"3 minutos"},"schema":{"@context":"https:\/\/schema.org","@graph":[{"@type":"Article","@id":"https:\/\/www.vagadeempregorj.com.br\/vagas-de-emprego-danone\/#article","isPartOf":{"@id":"https:\/\/www.vagadeempregorj.com.br\/vagas-de-emprego-danone\/"},"author":{"name":"Pedro Santos","@id":"https:\/\/www.vagadeempregorj.com.br\/#\/schema\/person\/ff7c1ede281066d35b2813eb13f662ef"},"headline":"Vagas de emprego Danone, envie seu curr\u00edculo hoje","datePublished":"2023-08-17T03:03:00+00:00","dateModified":"2024-08-12T20:50:27+00:00","mainEntityOfPage":{"@id":"https:\/\/www.vagadeempregorj.com.br\/vagas-de-emprego-danone\/"},"wordCount":415,"image":{"@id":"https:\/\/www.vagadeempregorj.com.br\/vagas-de-emprego-danone\/#primaryimage"},"thumbnailUrl":"https:\/\/www.vagadeempregorj.com.br\/wp-content\/uploads\/2022\/03\/danone.jpg","keywords":["danone","vaga de emprego"],"articleSection":["Vagas de Emprego Nacionais"],"inLanguage":"es"},{"@type":"WebPage","@id":"https:\/\/www.vagadeempregorj.com.br\/vagas-de-emprego-danone\/","url":"https:\/\/www.vagadeempregorj.com.br\/vagas-de-emprego-danone\/","name":"Vagas de emprego Danone, envie seu curr\u00edculo hoje -","isPartOf":{"@id":"https:\/\/www.vagadeempregorj.com.br\/#website"},"primaryImageOfPage":{"@id":"https:\/\/www.vagadeempregorj.com.br\/vagas-de-emprego-danone\/#primaryimage"},"image":{"@id":"https:\/\/www.vagadeempregorj.com.br\/vagas-de-emprego-danone\/#primaryimage"},"thumbnailUrl":"https:\/\/www.vagadeempregorj.com.br\/wp-content\/uploads\/2022\/03\/danone.jpg","datePublished":"2023-08-17T03:03:00+00:00","dateModified":"2024-08-12T20:50:27+00:00","author":{"@id":"https:\/\/www.vagadeempregorj.com.br\/#\/schema\/person\/ff7c1ede281066d35b2813eb13f662ef"},"description":"Vagas de emprego Danone, suas oportunidades est\u00e3o em diversos continentes, destacando-se a sua produ\u00e7\u00e3o de \u00e1gua mineral.","breadcrumb":{"@id":"https:\/\/www.vagadeempregorj.com.br\/vagas-de-emprego-danone\/#breadcrumb"},"inLanguage":"es","potentialAction":[{"@type":"ReadAction","target":["https:\/\/www.vagadeempregorj.com.br\/vagas-de-emprego-danone\/"]}]},{"@type":"ImageObject","inLanguage":"es","@id":"https:\/\/www.vagadeempregorj.com.br\/vagas-de-emprego-danone\/#primaryimage","url":"https:\/\/www.vagadeempregorj.com.br\/wp-content\/uploads\/2022\/03\/danone.jpg","contentUrl":"https:\/\/www.vagadeempregorj.com.br\/wp-content\/uploads\/2022\/03\/danone.jpg","width":1200,"height":675,"caption":"danone"},{"@type":"BreadcrumbList","@id":"https:\/\/www.vagadeempregorj.com.br\/vagas-de-emprego-danone\/#breadcrumb","itemListElement":[{"@type":"ListItem","position":1,"name":"In\u00edcio","item":"https:\/\/www.vagadeempregorj.com.br\/"},{"@type":"ListItem","position":2,"name":"Vagas de Emprego Nacionais","item":"https:\/\/www.vagadeempregorj.com.br\/vagas-de-emprego-nacionais\/"},{"@type":"ListItem","position":3,"name":"Vagas de emprego Danone, envie seu curr\u00edculo hoje"}]},{"@type":"WebSite","@id":"https:\/\/www.vagadeempregorj.com.br\/#website","url":"https:\/\/www.vagadeempregorj.com.br\/","name":"","description":"Conquiste Sonhos: Vagas, Benef\u00edcios e Economia para Transformar Vidas e Alcan\u00e7ar Melhorias Cotidianas","potentialAction":[{"@type":"SearchAction","target":{"@type":"EntryPoint","urlTemplate":"https:\/\/www.vagadeempregorj.com.br\/?s={search_term_string}"},"query-input":{"@type":"PropertyValueSpecification","valueRequired":true,"valueName":"search_term_string"}}],"inLanguage":"es"},{"@type":"Person","@id":"https:\/\/www.vagadeempregorj.com.br\/#\/schema\/person\/ff7c1ede281066d35b2813eb13f662ef","name":"Pedro Santos","image":{"@type":"ImageObject","inLanguage":"es","@id":"https:\/\/secure.gravatar.com\/avatar\/0f569c1b80e91280c9dc54d2dec96d0c5562a072cef4b08b7e3807948546027c?s=96&r=g","url":"https:\/\/secure.gravatar.com\/avatar\/0f569c1b80e91280c9dc54d2dec96d0c5562a072cef4b08b7e3807948546027c?s=96&r=g","contentUrl":"https:\/\/secure.gravatar.com\/avatar\/0f569c1b80e91280c9dc54d2dec96d0c5562a072cef4b08b7e3807948546027c?s=96&r=g","caption":"Pedro Santos"},"description":"Meu nome \u00e9 Pedro e sou redator. Dedico meu tempo escrevendo vagas de emprego diariamente no portal Vaga de Emprego RJ","url":"https:\/\/www.vagadeempregorj.com.br\/es\/author\/fabio\/"}]}},"_links":{"self":[{"href":"https:\/\/www.vagadeempregorj.com.br\/es\/wp-json\/wp\/v2\/posts\/26810","targetHints":{"allow":["GET"]}}],"collection":[{"href":"https:\/\/www.vagadeempregorj.com.br\/es\/wp-json\/wp\/v2\/posts"}],"about":[{"href":"https:\/\/www.vagadeempregorj.com.br\/es\/wp-json\/wp\/v2\/types\/post"}],"author":[{"embeddable":true,"href":"https:\/\/www.vagadeempregorj.com.br\/es\/wp-json\/wp\/v2\/users\/10"}],"replies":[{"embeddable":true,"href":"https:\/\/www.vagadeempregorj.com.br\/es\/wp-json\/wp\/v2\/comments?post=26810"}],"version-history":[{"count":0,"href":"https:\/\/www.vagadeempregorj.com.br\/es\/wp-json\/wp\/v2\/posts\/26810\/revisions"}],"wp:featuredmedia":[{"embeddable":true,"href":"https:\/\/www.vagadeempregorj.com.br\/es\/wp-json\/wp\/v2\/media\/26866"}],"wp:attachment":[{"href":"https:\/\/www.vagadeempregorj.com.br\/es\/wp-json\/wp\/v2\/media?parent=26810"}],"wp:term":[{"taxonomy":"category","embeddable":true,"href":"https:\/\/www.vagadeempregorj.com.br\/es\/wp-json\/wp\/v2\/categories?post=26810"},{"taxonomy":"post_tag","embeddable":true,"href":"https:\/\/www.vagadeempregorj.com.br\/es\/wp-json\/wp\/v2\/tags?post=26810"}],"curies":[{"name":"wp","href":"https:\/\/api.w.org\/{rel}","templated":true}]}}