{"id":27189,"date":"2023-08-28T00:02:00","date_gmt":"2023-08-28T03:02:00","guid":{"rendered":"https:\/\/www.vagadeempregorj.com.br\/?p=27189"},"modified":"2025-10-03T07:02:22","modified_gmt":"2025-10-03T10:02:22","slug":"vagas-de-emprego-siemens","status":"publish","type":"post","link":"https:\/\/www.vagadeempregorj.com.br\/es\/vagas-de-emprego-siemens\/","title":{"rendered":"Vagas de emprego Siemens, veja vagas dispon\u00edveis"},"content":{"rendered":"<p>Atualizado<\/p>\n\n\n<div class=\"wp-block-post-date\"><time datetime=\"2023-08-28T00:02:00-03:00\">28\/08\/2023<\/time><\/div>\n\n\n<p>Vagas de emprego Siemens, as suas vagas globais abrangem as oportunidades da empresa no Brasil.<\/p>\n\n\n\n<p>A Siemens \u00e9 uma companhia tecnol\u00f3gica que come\u00e7ou a ser mais conhecida por aqui devido aos seus celulares, h\u00e1 alguns anos.<br><br>Hoje em dia, a empresa consegue oferecer aos seus clientes um n\u00famero muito alto de tecnologias, especialmente para finalidades corporativas.<br><br>Algumas vagas na Siemens s\u00e3o:<\/p>\n\n\n\n<ul class=\"wp-block-list\">\n<li>SSMR ME Financial Controller<\/li>\n\n\n\n<li>Strategic Buyer<\/li>\n\n\n\n<li>Expert Finance Analyst<\/li>\n\n\n\n<li>Enterprise Account Executive<\/li>\n\n\n\n<li>Software\/Firmware Engineer<\/li>\n\n\n\n<li>Sales Professional (w\/m\/d)<\/li>\n\n\n\n<li>Equipment Management Engineer<\/li>\n\n\n\n<li>Junior Software Engineer<\/li>\n\n\n\n<li>System Administrator<\/li>\n\n\n\n<li>E mais<\/li>\n<\/ul>\n\n\n\n<p>A empresa n\u00e3o lista o que paga de benef\u00edcios e destaca-se que tudo sobre as candidaturas na Siemens \u00e9 disponibilizado em Ingl\u00eas.<\/p>\n\n\n\n<div class=\"wp-block-buttons is-horizontal is-content-justification-center is-layout-flex wp-container-core-buttons-is-layout-499968f5 wp-block-buttons-is-layout-flex\">\n<div class=\"wp-block-button\"><a class=\"wp-block-button__link has-black-color has-text-color has-background wp-element-button\" href=\"https:\/\/www.vagadeempregorj.com.br\/es\/enviando-seu-curriculo-rapidamente\/\" style=\"background:linear-gradient(2deg,rgb(255,134,50) 64%,rgb(255,197,71) 100%)\"><strong>VEJA COMO SE CANDIDATAR<\/strong><\/a><\/div>\n<\/div>\n\n\n\n<h2 class=\"wp-block-heading\"><strong>Vagas de emprego Siemens, como se inscrever<\/strong><\/h2>\n\n\n\n<p>Os trabalhadores que quiserem uma oportunidade na Siemens t\u00eam de acessar https:\/\/jobs.siemens.com\/jobs?page=1 e cadastrar seu curr\u00edculo.<\/p>\n\n\n\n<p>Os candidatos veem diversos caracteres em Chin\u00eas, al\u00e9m do Ingl\u00eas, destacando que essa \u00e9 uma das l\u00ednguas que a empresa mais usa.<\/p>\n\n\n\n<p>\u00c0 direita, est\u00e1 o bot\u00e3o de se candidatar, com a indica\u00e7\u00e3o de qual \u00e9 o idioma no qual as informa\u00e7\u00f5es est\u00e3o redigidas.<\/p>\n\n\n\n<p>Na parte de cima, \u00e9 indicado escrever \u201cBRAZIL\u201d para ter certeza de que somente as oportunidades nesse pa\u00eds ser\u00e3o apresentadas.<\/p>\n\n\n\n<p>Caso contr\u00e1rio, os candidatos poder\u00e3o receber em sua tela vagas para todas as unidades da Siemens ao redor do mundo.<\/p>\n\n\n\n<h2 class=\"wp-block-heading\"><strong>Descubra mais sobre a Siemens<\/strong><\/h2>\n\n\n\n<p>A Siemens \u00e9 respons\u00e1vel por conceder aos consumidores o m\u00e1ximo de tecnologias, inclusive as corporativas, que s\u00e3o fundamentais para que as empresas estejam em funcionamento.<\/p>\n\n\n\n<p>Ativa na ind\u00fastria de: baterias, ind\u00fastria de pneus, papel e celulose, saneamento, vidro, a\u00e7\u00facar e etanol, cimento, data center, ind\u00fastria qu\u00edmica, minera\u00e7\u00e3o e energias renov\u00e1veis.<\/p>\n\n\n\n<p>Algumas das solu\u00e7\u00f5es que a Siemens tem para os seus consumidores s\u00e3o as digitais.<\/p>\n\n\n\n<p>As ind\u00fastrias atendidas s\u00e3o um pouco diferentes, como micro redes, Ciber seguran\u00e7a, efici\u00eancia energ\u00e9tica, f\u00e1brica aditiva, redes de comunica\u00e7\u00e3o industrial e outras.<\/p>\n\n\n\n<p>Os clientes da empresa podem fazer parte de Webinares, s\u00e3o eventos para divulga\u00e7\u00e3o de conhecimento relacionado aos produtos da Siemens e aplica\u00e7\u00e3o no mercado profissional.<\/p>\n\n\n\n<div class=\"wp-block-buttons is-horizontal is-content-justification-center is-layout-flex wp-container-core-buttons-is-layout-499968f5 wp-block-buttons-is-layout-flex\">\n<div class=\"wp-block-button\"><a class=\"wp-block-button__link has-black-color has-text-color has-background wp-element-button\" href=\"https:\/\/www.vagadeempregorj.com.br\/es\/vagas-de-emprego-nacionais\/\" style=\"border-radius:29px;background:linear-gradient(2deg,rgb(255,134,50) 60%,rgb(255,197,71) 100%)\"><strong>VEJA NOVAS VAGAS PARA SE CANDIDATAR<\/strong><\/a><\/div>\n<\/div>","protected":false},"excerpt":{"rendered":"<p>Vagas de emprego Siemens, as suas vagas globais abrangem as oportunidades da empresa no Brasil.<\/p>","protected":false},"author":10,"featured_media":27237,"comment_status":"closed","ping_status":"closed","sticky":false,"template":"","format":"standard","meta":{"neve_meta_sidebar":"","neve_meta_container":"","neve_meta_enable_content_width":"","neve_meta_content_width":0,"neve_meta_title_alignment":"","neve_meta_author_avatar":"","neve_post_elements_order":"","neve_meta_disable_header":"","neve_meta_disable_footer":"","neve_meta_disable_title":"","footnotes":""},"categories":[123],"tags":[295,147],"class_list":["post-27189","post","type-post","status-publish","format-standard","has-post-thumbnail","hentry","category-vagas-de-emprego-nacionais","tag-siemens","tag-vaga-de-emprego"],"yoast_head":"<!-- This site is optimized with the Yoast SEO plugin v27.5 - https:\/\/yoast.com\/product\/yoast-seo-wordpress\/ -->\n<title>Vagas de emprego Siemens, veja vagas dispon\u00edveis -<\/title>\n<meta name=\"description\" content=\"Vagas de emprego Siemens, as suas vagas globais abrangem as oportunidades da empresa no Brasil. Envie seu curr\u00edculo.\" \/>\n<meta name=\"robots\" content=\"index, follow, max-snippet:-1, max-image-preview:large, max-video-preview:-1\" \/>\n<link rel=\"canonical\" href=\"https:\/\/www.vagadeempregorj.com.br\/es\/vagas-de-emprego-siemens\/\" \/>\n<meta property=\"og:locale\" content=\"es_MX\" \/>\n<meta property=\"og:type\" content=\"article\" \/>\n<meta property=\"og:title\" content=\"Vagas de emprego Siemens, veja vagas dispon\u00edveis -\" \/>\n<meta property=\"og:description\" content=\"Vagas de emprego Siemens, as suas vagas globais abrangem as oportunidades da empresa no Brasil. Envie seu curr\u00edculo.\" \/>\n<meta property=\"og:url\" content=\"https:\/\/www.vagadeempregorj.com.br\/es\/vagas-de-emprego-siemens\/\" \/>\n<meta property=\"article:publisher\" content=\"https:\/\/www.facebook.com\/empregobrasiloficial\" \/>\n<meta property=\"article:published_time\" content=\"2023-08-28T03:02:00+00:00\" \/>\n<meta property=\"article:modified_time\" content=\"2025-10-03T10:02:22+00:00\" \/>\n<meta property=\"og:image\" content=\"https:\/\/www.vagadeempregorj.com.br\/wp-content\/uploads\/2022\/04\/siemens.jpg\" \/>\n\t<meta property=\"og:image:width\" content=\"1200\" \/>\n\t<meta property=\"og:image:height\" content=\"675\" \/>\n\t<meta property=\"og:image:type\" content=\"image\/jpeg\" \/>\n<meta name=\"author\" content=\"Pedro Santos\" \/>\n<meta name=\"twitter:card\" content=\"summary_large_image\" \/>\n<meta name=\"twitter:label1\" content=\"Written by\" \/>\n\t<meta name=\"twitter:data1\" content=\"Pedro Santos\" \/>\n\t<meta name=\"twitter:label2\" content=\"Est. reading time\" \/>\n\t<meta name=\"twitter:data2\" content=\"3 minutos\" \/>\n<script type=\"application\/ld+json\" class=\"yoast-schema-graph\">{\"@context\":\"https:\\\/\\\/schema.org\",\"@graph\":[{\"@type\":\"Article\",\"@id\":\"https:\\\/\\\/www.vagadeempregorj.com.br\\\/vagas-de-emprego-siemens\\\/#article\",\"isPartOf\":{\"@id\":\"https:\\\/\\\/www.vagadeempregorj.com.br\\\/vagas-de-emprego-siemens\\\/\"},\"author\":{\"name\":\"Pedro Santos\",\"@id\":\"https:\\\/\\\/www.vagadeempregorj.com.br\\\/#\\\/schema\\\/person\\\/ff7c1ede281066d35b2813eb13f662ef\"},\"headline\":\"Vagas de emprego Siemens, veja vagas dispon\u00edveis\",\"datePublished\":\"2023-08-28T03:02:00+00:00\",\"dateModified\":\"2025-10-03T10:02:22+00:00\",\"mainEntityOfPage\":{\"@id\":\"https:\\\/\\\/www.vagadeempregorj.com.br\\\/vagas-de-emprego-siemens\\\/\"},\"wordCount\":396,\"image\":{\"@id\":\"https:\\\/\\\/www.vagadeempregorj.com.br\\\/vagas-de-emprego-siemens\\\/#primaryimage\"},\"thumbnailUrl\":\"https:\\\/\\\/www.vagadeempregorj.com.br\\\/wp-content\\\/uploads\\\/2022\\\/04\\\/siemens.jpg\",\"keywords\":[\"siemens\",\"vaga de emprego\"],\"articleSection\":[\"Vagas de Emprego Nacionais\"],\"inLanguage\":\"es\"},{\"@type\":\"WebPage\",\"@id\":\"https:\\\/\\\/www.vagadeempregorj.com.br\\\/vagas-de-emprego-siemens\\\/\",\"url\":\"https:\\\/\\\/www.vagadeempregorj.com.br\\\/vagas-de-emprego-siemens\\\/\",\"name\":\"Vagas de emprego Siemens, veja vagas dispon\u00edveis -\",\"isPartOf\":{\"@id\":\"https:\\\/\\\/www.vagadeempregorj.com.br\\\/#website\"},\"primaryImageOfPage\":{\"@id\":\"https:\\\/\\\/www.vagadeempregorj.com.br\\\/vagas-de-emprego-siemens\\\/#primaryimage\"},\"image\":{\"@id\":\"https:\\\/\\\/www.vagadeempregorj.com.br\\\/vagas-de-emprego-siemens\\\/#primaryimage\"},\"thumbnailUrl\":\"https:\\\/\\\/www.vagadeempregorj.com.br\\\/wp-content\\\/uploads\\\/2022\\\/04\\\/siemens.jpg\",\"datePublished\":\"2023-08-28T03:02:00+00:00\",\"dateModified\":\"2025-10-03T10:02:22+00:00\",\"author\":{\"@id\":\"https:\\\/\\\/www.vagadeempregorj.com.br\\\/#\\\/schema\\\/person\\\/ff7c1ede281066d35b2813eb13f662ef\"},\"description\":\"Vagas de emprego Siemens, as suas vagas globais abrangem as oportunidades da empresa no Brasil. Envie seu curr\u00edculo.\",\"breadcrumb\":{\"@id\":\"https:\\\/\\\/www.vagadeempregorj.com.br\\\/vagas-de-emprego-siemens\\\/#breadcrumb\"},\"inLanguage\":\"es\",\"potentialAction\":[{\"@type\":\"ReadAction\",\"target\":[\"https:\\\/\\\/www.vagadeempregorj.com.br\\\/vagas-de-emprego-siemens\\\/\"]}]},{\"@type\":\"ImageObject\",\"inLanguage\":\"es\",\"@id\":\"https:\\\/\\\/www.vagadeempregorj.com.br\\\/vagas-de-emprego-siemens\\\/#primaryimage\",\"url\":\"https:\\\/\\\/www.vagadeempregorj.com.br\\\/wp-content\\\/uploads\\\/2022\\\/04\\\/siemens.jpg\",\"contentUrl\":\"https:\\\/\\\/www.vagadeempregorj.com.br\\\/wp-content\\\/uploads\\\/2022\\\/04\\\/siemens.jpg\",\"width\":1200,\"height\":675,\"caption\":\"siemens\"},{\"@type\":\"BreadcrumbList\",\"@id\":\"https:\\\/\\\/www.vagadeempregorj.com.br\\\/vagas-de-emprego-siemens\\\/#breadcrumb\",\"itemListElement\":[{\"@type\":\"ListItem\",\"position\":1,\"name\":\"In\u00edcio\",\"item\":\"https:\\\/\\\/www.vagadeempregorj.com.br\\\/\"},{\"@type\":\"ListItem\",\"position\":2,\"name\":\"Vagas de Emprego Nacionais\",\"item\":\"https:\\\/\\\/www.vagadeempregorj.com.br\\\/vagas-de-emprego-nacionais\\\/\"},{\"@type\":\"ListItem\",\"position\":3,\"name\":\"Vagas de emprego Siemens, veja vagas dispon\u00edveis\"}]},{\"@type\":\"WebSite\",\"@id\":\"https:\\\/\\\/www.vagadeempregorj.com.br\\\/#website\",\"url\":\"https:\\\/\\\/www.vagadeempregorj.com.br\\\/\",\"name\":\"\",\"description\":\"Conquiste Sonhos: Vagas, Benef\u00edcios e Economia para Transformar Vidas e Alcan\u00e7ar Melhorias Cotidianas\",\"potentialAction\":[{\"@type\":\"SearchAction\",\"target\":{\"@type\":\"EntryPoint\",\"urlTemplate\":\"https:\\\/\\\/www.vagadeempregorj.com.br\\\/?s={search_term_string}\"},\"query-input\":{\"@type\":\"PropertyValueSpecification\",\"valueRequired\":true,\"valueName\":\"search_term_string\"}}],\"inLanguage\":\"es\"},{\"@type\":\"Person\",\"@id\":\"https:\\\/\\\/www.vagadeempregorj.com.br\\\/#\\\/schema\\\/person\\\/ff7c1ede281066d35b2813eb13f662ef\",\"name\":\"Pedro Santos\",\"image\":{\"@type\":\"ImageObject\",\"inLanguage\":\"es\",\"@id\":\"https:\\\/\\\/secure.gravatar.com\\\/avatar\\\/0f569c1b80e91280c9dc54d2dec96d0c5562a072cef4b08b7e3807948546027c?s=96&r=g\",\"url\":\"https:\\\/\\\/secure.gravatar.com\\\/avatar\\\/0f569c1b80e91280c9dc54d2dec96d0c5562a072cef4b08b7e3807948546027c?s=96&r=g\",\"contentUrl\":\"https:\\\/\\\/secure.gravatar.com\\\/avatar\\\/0f569c1b80e91280c9dc54d2dec96d0c5562a072cef4b08b7e3807948546027c?s=96&r=g\",\"caption\":\"Pedro Santos\"},\"description\":\"Meu nome \u00e9 Pedro e sou redator. Dedico meu tempo escrevendo vagas de emprego diariamente no portal Vaga de Emprego RJ\",\"url\":\"https:\\\/\\\/www.vagadeempregorj.com.br\\\/es\\\/author\\\/fabio\\\/\"}]}<\/script>\n<!-- \/ Yoast SEO plugin. -->","yoast_head_json":{"title":"Vagas de emprego Siemens, veja vagas dispon\u00edveis -","description":"Vagas de emprego Siemens, as suas vagas globais abrangem as oportunidades da empresa no Brasil. Envie seu curr\u00edculo.","robots":{"index":"index","follow":"follow","max-snippet":"max-snippet:-1","max-image-preview":"max-image-preview:large","max-video-preview":"max-video-preview:-1"},"canonical":"https:\/\/www.vagadeempregorj.com.br\/es\/vagas-de-emprego-siemens\/","og_locale":"es_MX","og_type":"article","og_title":"Vagas de emprego Siemens, veja vagas dispon\u00edveis -","og_description":"Vagas de emprego Siemens, as suas vagas globais abrangem as oportunidades da empresa no Brasil. Envie seu curr\u00edculo.","og_url":"https:\/\/www.vagadeempregorj.com.br\/es\/vagas-de-emprego-siemens\/","article_publisher":"https:\/\/www.facebook.com\/empregobrasiloficial","article_published_time":"2023-08-28T03:02:00+00:00","article_modified_time":"2025-10-03T10:02:22+00:00","og_image":[{"width":1200,"height":675,"url":"https:\/\/www.vagadeempregorj.com.br\/wp-content\/uploads\/2022\/04\/siemens.jpg","type":"image\/jpeg"}],"author":"Pedro Santos","twitter_card":"summary_large_image","twitter_misc":{"Written by":"Pedro Santos","Est. reading time":"3 minutos"},"schema":{"@context":"https:\/\/schema.org","@graph":[{"@type":"Article","@id":"https:\/\/www.vagadeempregorj.com.br\/vagas-de-emprego-siemens\/#article","isPartOf":{"@id":"https:\/\/www.vagadeempregorj.com.br\/vagas-de-emprego-siemens\/"},"author":{"name":"Pedro Santos","@id":"https:\/\/www.vagadeempregorj.com.br\/#\/schema\/person\/ff7c1ede281066d35b2813eb13f662ef"},"headline":"Vagas de emprego Siemens, veja vagas dispon\u00edveis","datePublished":"2023-08-28T03:02:00+00:00","dateModified":"2025-10-03T10:02:22+00:00","mainEntityOfPage":{"@id":"https:\/\/www.vagadeempregorj.com.br\/vagas-de-emprego-siemens\/"},"wordCount":396,"image":{"@id":"https:\/\/www.vagadeempregorj.com.br\/vagas-de-emprego-siemens\/#primaryimage"},"thumbnailUrl":"https:\/\/www.vagadeempregorj.com.br\/wp-content\/uploads\/2022\/04\/siemens.jpg","keywords":["siemens","vaga de emprego"],"articleSection":["Vagas de Emprego Nacionais"],"inLanguage":"es"},{"@type":"WebPage","@id":"https:\/\/www.vagadeempregorj.com.br\/vagas-de-emprego-siemens\/","url":"https:\/\/www.vagadeempregorj.com.br\/vagas-de-emprego-siemens\/","name":"Vagas de emprego Siemens, veja vagas dispon\u00edveis -","isPartOf":{"@id":"https:\/\/www.vagadeempregorj.com.br\/#website"},"primaryImageOfPage":{"@id":"https:\/\/www.vagadeempregorj.com.br\/vagas-de-emprego-siemens\/#primaryimage"},"image":{"@id":"https:\/\/www.vagadeempregorj.com.br\/vagas-de-emprego-siemens\/#primaryimage"},"thumbnailUrl":"https:\/\/www.vagadeempregorj.com.br\/wp-content\/uploads\/2022\/04\/siemens.jpg","datePublished":"2023-08-28T03:02:00+00:00","dateModified":"2025-10-03T10:02:22+00:00","author":{"@id":"https:\/\/www.vagadeempregorj.com.br\/#\/schema\/person\/ff7c1ede281066d35b2813eb13f662ef"},"description":"Vagas de emprego Siemens, as suas vagas globais abrangem as oportunidades da empresa no Brasil. Envie seu curr\u00edculo.","breadcrumb":{"@id":"https:\/\/www.vagadeempregorj.com.br\/vagas-de-emprego-siemens\/#breadcrumb"},"inLanguage":"es","potentialAction":[{"@type":"ReadAction","target":["https:\/\/www.vagadeempregorj.com.br\/vagas-de-emprego-siemens\/"]}]},{"@type":"ImageObject","inLanguage":"es","@id":"https:\/\/www.vagadeempregorj.com.br\/vagas-de-emprego-siemens\/#primaryimage","url":"https:\/\/www.vagadeempregorj.com.br\/wp-content\/uploads\/2022\/04\/siemens.jpg","contentUrl":"https:\/\/www.vagadeempregorj.com.br\/wp-content\/uploads\/2022\/04\/siemens.jpg","width":1200,"height":675,"caption":"siemens"},{"@type":"BreadcrumbList","@id":"https:\/\/www.vagadeempregorj.com.br\/vagas-de-emprego-siemens\/#breadcrumb","itemListElement":[{"@type":"ListItem","position":1,"name":"In\u00edcio","item":"https:\/\/www.vagadeempregorj.com.br\/"},{"@type":"ListItem","position":2,"name":"Vagas de Emprego Nacionais","item":"https:\/\/www.vagadeempregorj.com.br\/vagas-de-emprego-nacionais\/"},{"@type":"ListItem","position":3,"name":"Vagas de emprego Siemens, veja vagas dispon\u00edveis"}]},{"@type":"WebSite","@id":"https:\/\/www.vagadeempregorj.com.br\/#website","url":"https:\/\/www.vagadeempregorj.com.br\/","name":"","description":"Conquiste Sonhos: Vagas, Benef\u00edcios e Economia para Transformar Vidas e Alcan\u00e7ar Melhorias Cotidianas","potentialAction":[{"@type":"SearchAction","target":{"@type":"EntryPoint","urlTemplate":"https:\/\/www.vagadeempregorj.com.br\/?s={search_term_string}"},"query-input":{"@type":"PropertyValueSpecification","valueRequired":true,"valueName":"search_term_string"}}],"inLanguage":"es"},{"@type":"Person","@id":"https:\/\/www.vagadeempregorj.com.br\/#\/schema\/person\/ff7c1ede281066d35b2813eb13f662ef","name":"Pedro Santos","image":{"@type":"ImageObject","inLanguage":"es","@id":"https:\/\/secure.gravatar.com\/avatar\/0f569c1b80e91280c9dc54d2dec96d0c5562a072cef4b08b7e3807948546027c?s=96&r=g","url":"https:\/\/secure.gravatar.com\/avatar\/0f569c1b80e91280c9dc54d2dec96d0c5562a072cef4b08b7e3807948546027c?s=96&r=g","contentUrl":"https:\/\/secure.gravatar.com\/avatar\/0f569c1b80e91280c9dc54d2dec96d0c5562a072cef4b08b7e3807948546027c?s=96&r=g","caption":"Pedro Santos"},"description":"Meu nome \u00e9 Pedro e sou redator. Dedico meu tempo escrevendo vagas de emprego diariamente no portal Vaga de Emprego RJ","url":"https:\/\/www.vagadeempregorj.com.br\/es\/author\/fabio\/"}]}},"_links":{"self":[{"href":"https:\/\/www.vagadeempregorj.com.br\/es\/wp-json\/wp\/v2\/posts\/27189","targetHints":{"allow":["GET"]}}],"collection":[{"href":"https:\/\/www.vagadeempregorj.com.br\/es\/wp-json\/wp\/v2\/posts"}],"about":[{"href":"https:\/\/www.vagadeempregorj.com.br\/es\/wp-json\/wp\/v2\/types\/post"}],"author":[{"embeddable":true,"href":"https:\/\/www.vagadeempregorj.com.br\/es\/wp-json\/wp\/v2\/users\/10"}],"replies":[{"embeddable":true,"href":"https:\/\/www.vagadeempregorj.com.br\/es\/wp-json\/wp\/v2\/comments?post=27189"}],"version-history":[{"count":1,"href":"https:\/\/www.vagadeempregorj.com.br\/es\/wp-json\/wp\/v2\/posts\/27189\/revisions"}],"predecessor-version":[{"id":43814,"href":"https:\/\/www.vagadeempregorj.com.br\/es\/wp-json\/wp\/v2\/posts\/27189\/revisions\/43814"}],"wp:featuredmedia":[{"embeddable":true,"href":"https:\/\/www.vagadeempregorj.com.br\/es\/wp-json\/wp\/v2\/media\/27237"}],"wp:attachment":[{"href":"https:\/\/www.vagadeempregorj.com.br\/es\/wp-json\/wp\/v2\/media?parent=27189"}],"wp:term":[{"taxonomy":"category","embeddable":true,"href":"https:\/\/www.vagadeempregorj.com.br\/es\/wp-json\/wp\/v2\/categories?post=27189"},{"taxonomy":"post_tag","embeddable":true,"href":"https:\/\/www.vagadeempregorj.com.br\/es\/wp-json\/wp\/v2\/tags?post=27189"}],"curies":[{"name":"wp","href":"https:\/\/api.w.org\/{rel}","templated":true}]}}