{"id":27490,"date":"2023-08-31T00:04:00","date_gmt":"2023-08-31T03:04:00","guid":{"rendered":"https:\/\/www.vagadeempregorj.com.br\/?p=27490"},"modified":"2023-09-02T15:31:31","modified_gmt":"2023-09-02T18:31:31","slug":"vagas-de-emprego-novartis","status":"publish","type":"post","link":"https:\/\/www.vagadeempregorj.com.br\/es\/vagas-de-emprego-novartis\/","title":{"rendered":"Vagas de emprego Novartis, veja vagas dispon\u00edveis e inscreva-se"},"content":{"rendered":"<p>Atualizado<\/p>\n\n\n<div class=\"wp-block-post-date\"><time datetime=\"2023-08-31T00:04:00-03:00\">31\/08\/2023<\/time><\/div>\n\n\n<p>Vagas de emprego Novartis, a empresa m\u00e9dica coleciona premia\u00e7\u00f5es e fabrica produtos como o famoso antibi\u00f3tico amoxicilina.<\/p>\n\n\n\n<p>A Novartis \u00e9 uma companhia da \u00e1rea da sa\u00fade que cria medica\u00e7\u00f5es indispens\u00e1veis para o controle de doen\u00e7as.<\/p>\n\n\n\n<p>Com m\u00faltiplas premia\u00e7\u00f5es e incentivando os seus colaboradores a repensar a medicina, essa empresa internacional tem vagas como:<\/p>\n\n\n\n<ul class=\"wp-block-list\">\n<li>Analista de performance digital para oncologia<\/li>\n\n\n\n<li>Coordenador de HSE e facilities<\/li>\n\n\n\n<li>Assistente administrativo Farma<\/li>\n\n\n\n<li>Analista BPA Junior de planejamento financeiro<\/li>\n\n\n\n<li>Analista de lan\u00e7amento<\/li>\n\n\n\n<li>Analista ambiental<\/li>\n\n\n\n<li>Secret\u00e1ria<\/li>\n\n\n\n<li>Consultor t\u00e9cnico de especialidades<\/li>\n\n\n\n<li>Monitor de pesquisa cl\u00ednica<\/li>\n\n\n\n<li>Consultor de planejamento financeiro<\/li>\n\n\n\n<li>Medical science<\/li>\n\n\n\n<li>Gerente de produtos s\u00eanior<\/li>\n\n\n\n<li>Banco de talentos para pessoas negras<\/li>\n\n\n\n<li>Banco de talentos para portadores de defici\u00eancia<\/li>\n\n\n\n<li>E outros<\/li>\n<\/ul>\n\n\n\n<p>A Novartis n\u00e3o declara os benef\u00edcios que seus funcion\u00e1rios recebem.<\/p>\n\n\n\n<div class=\"wp-block-buttons is-horizontal is-content-justification-center is-layout-flex wp-container-core-buttons-is-layout-499968f5 wp-block-buttons-is-layout-flex\">\n<div class=\"wp-block-button\"><a class=\"wp-block-button__link has-black-color has-text-color has-background wp-element-button\" href=\"https:\/\/www.vagadeempregorj.com.br\/es\/enviando-seu-curriculo-rapidamente\/\" style=\"background:linear-gradient(2deg,rgb(255,134,50) 64%,rgb(255,197,71) 100%)\"><strong>VEJA COMO SE CANDIDATAR<\/strong><\/a><\/div>\n<\/div>\n\n\n\n<h2 class=\"wp-block-heading\"><strong>Vagas de emprego Novartis, como se inscrever<\/strong><\/h2>\n\n\n\n<p>A inscri\u00e7\u00e3o para as vagas da empresa no Brasil pode ser feita em <a href=\"https:\/\/www.novartis.com\/br-pt\/talentos\/buscar-vagas?search_api_fulltext=&country%5B0%5D=LOC_BR&field_alternative_country%5B0%5D=LOC_BR\">https:\/\/www.novartis.com.br\/carreiras\/buscar-vagas#country=BR<\/a>.<\/p>\n\n\n\n<p>Clicar nas vagas em \u201cApply job\u201d para realizar o cadastro, destacando que o trabalhador pode modificar os filtros de pesquisa da maneira que preferir.<\/p>\n\n\n\n<p>A divis\u00e3o brasileira da Novartis tamb\u00e9m \u00e9 encontrada no LinkedIn: <a href=\"https:\/\/www.linkedin.com\/company\/novartisbrasil?originalSubdomain=br\">https:\/\/www.linkedin.com\/company\/novartisbrasil?originalSubdomain=br<\/a>.<\/p>\n\n\n\n<p>Salienta-se que sites de empregos podem se uma ferramenta para a empresa m\u00e9dica encontrar novos funcion\u00e1rios, como o Vagas.com e o Glassdoor, dentre outros.<\/p>\n\n\n\n<h2 class=\"wp-block-heading\"><strong>Descubra mais sobre a Novartis<\/strong><\/h2>\n\n\n\n<p>A Novartis surgiu nos anos 90 e j\u00e1 recebeu pr\u00eamios variados demonstrando que a sua atua\u00e7\u00e3o na \u00e1rea m\u00e9dica n\u00e3o passa despercebida.<\/p>\n\n\n\n<p>Alguns dos pr\u00eamios s\u00e3o: Melhores Empresas para Trabalhar \u2013 GPTW, As Melhores da Dinheiro, Valor Inova\u00e7\u00e3o, Top Employer, \u00c9poca Neg\u00f3cios 360\u00ba, Melhores e Maiores da Exame.<\/p>\n\n\n\n<p>Os produtos dispon\u00edveis para os profissionais da sa\u00fade s\u00e3o os famosos gen\u00e9ricos (conhecidos como biossimilares), os inovadores e os produzidos por terceiros.<\/p>\n\n\n\n<p>A Novartis tem diversas f\u00e1bricas, elas ficam localizadas em Camb\u00e9 e no Butant\u00e3, o laborat\u00f3rio e a sede administrativa ficam na capital paulista.<\/p>\n\n\n\n<p>Contando com programas de apoio ao paciente, como o Programa Bem-Estar, para que os pacientes consigam medicamentos de forma mais r\u00e1pida e acelerando o diagn\u00f3stico.<\/p>\n\n\n\n<div class=\"wp-block-buttons is-horizontal is-content-justification-center is-layout-flex wp-container-core-buttons-is-layout-499968f5 wp-block-buttons-is-layout-flex\">\n<div class=\"wp-block-button\"><a class=\"wp-block-button__link has-black-color has-text-color has-background wp-element-button\" href=\"https:\/\/www.vagadeempregorj.com.br\/es\/vagas-de-emprego-nacionais\/\" style=\"border-radius:29px;background:linear-gradient(2deg,rgb(255,134,50) 60%,rgb(255,197,71) 100%)\"><strong>VEJA NOVAS VAGAS PARA SE CANDIDATAR<\/strong><\/a><\/div>\n<\/div>","protected":false},"excerpt":{"rendered":"<p>Vagas de emprego Novartis, a empresa m\u00e9dica coleciona premia\u00e7\u00f5es e fabrica produtos como o famoso antibi\u00f3tico amoxicilina.<\/p>","protected":false},"author":10,"featured_media":27522,"comment_status":"closed","ping_status":"closed","sticky":false,"template":"","format":"standard","meta":{"neve_meta_sidebar":"","neve_meta_container":"","neve_meta_enable_content_width":"","neve_meta_content_width":0,"neve_meta_title_alignment":"","neve_meta_author_avatar":"","neve_post_elements_order":"","neve_meta_disable_header":"","neve_meta_disable_footer":"","neve_meta_disable_title":"","footnotes":""},"categories":[123],"tags":[313,147],"class_list":["post-27490","post","type-post","status-publish","format-standard","has-post-thumbnail","hentry","category-vagas-de-emprego-nacionais","tag-novartis","tag-vaga-de-emprego"],"yoast_head":"<!-- This site is optimized with the Yoast SEO plugin v27.5 - https:\/\/yoast.com\/product\/yoast-seo-wordpress\/ -->\n<title>Vagas de emprego Novartis, veja vagas dispon\u00edveis e inscreva-se -<\/title>\n<meta name=\"description\" content=\"Vagas de emprego Novartis, a empresa m\u00e9dica coleciona premia\u00e7\u00f5es e fabrica produtos como o famoso antibi\u00f3tico amoxicilina.\" \/>\n<meta name=\"robots\" content=\"index, follow, max-snippet:-1, max-image-preview:large, max-video-preview:-1\" \/>\n<link rel=\"canonical\" href=\"https:\/\/www.vagadeempregorj.com.br\/es\/vagas-de-emprego-novartis\/\" \/>\n<meta property=\"og:locale\" content=\"es_MX\" \/>\n<meta property=\"og:type\" content=\"article\" \/>\n<meta property=\"og:title\" content=\"Vagas de emprego Novartis, veja vagas dispon\u00edveis e inscreva-se -\" \/>\n<meta property=\"og:description\" content=\"Vagas de emprego Novartis, a empresa m\u00e9dica coleciona premia\u00e7\u00f5es e fabrica produtos como o famoso antibi\u00f3tico amoxicilina.\" \/>\n<meta property=\"og:url\" content=\"https:\/\/www.vagadeempregorj.com.br\/es\/vagas-de-emprego-novartis\/\" \/>\n<meta property=\"article:publisher\" content=\"https:\/\/www.facebook.com\/empregobrasiloficial\" \/>\n<meta property=\"article:published_time\" content=\"2023-08-31T03:04:00+00:00\" \/>\n<meta property=\"article:modified_time\" content=\"2023-09-02T18:31:31+00:00\" \/>\n<meta property=\"og:image\" content=\"https:\/\/www.vagadeempregorj.com.br\/wp-content\/uploads\/2022\/04\/NOVARTIS.jpg\" \/>\n\t<meta property=\"og:image:width\" content=\"1200\" \/>\n\t<meta property=\"og:image:height\" content=\"675\" \/>\n\t<meta property=\"og:image:type\" content=\"image\/jpeg\" \/>\n<meta name=\"author\" content=\"Pedro Santos\" \/>\n<meta name=\"twitter:card\" content=\"summary_large_image\" \/>\n<meta name=\"twitter:label1\" content=\"Written by\" \/>\n\t<meta name=\"twitter:data1\" content=\"Pedro Santos\" \/>\n\t<meta name=\"twitter:label2\" content=\"Est. reading time\" \/>\n\t<meta name=\"twitter:data2\" content=\"3 minutos\" \/>\n<script type=\"application\/ld+json\" class=\"yoast-schema-graph\">{\"@context\":\"https:\\\/\\\/schema.org\",\"@graph\":[{\"@type\":\"Article\",\"@id\":\"https:\\\/\\\/www.vagadeempregorj.com.br\\\/vagas-de-emprego-novartis\\\/#article\",\"isPartOf\":{\"@id\":\"https:\\\/\\\/www.vagadeempregorj.com.br\\\/vagas-de-emprego-novartis\\\/\"},\"author\":{\"name\":\"Pedro Santos\",\"@id\":\"https:\\\/\\\/www.vagadeempregorj.com.br\\\/#\\\/schema\\\/person\\\/ff7c1ede281066d35b2813eb13f662ef\"},\"headline\":\"Vagas de emprego Novartis, veja vagas dispon\u00edveis e inscreva-se\",\"datePublished\":\"2023-08-31T03:04:00+00:00\",\"dateModified\":\"2023-09-02T18:31:31+00:00\",\"mainEntityOfPage\":{\"@id\":\"https:\\\/\\\/www.vagadeempregorj.com.br\\\/vagas-de-emprego-novartis\\\/\"},\"wordCount\":396,\"image\":{\"@id\":\"https:\\\/\\\/www.vagadeempregorj.com.br\\\/vagas-de-emprego-novartis\\\/#primaryimage\"},\"thumbnailUrl\":\"https:\\\/\\\/www.vagadeempregorj.com.br\\\/wp-content\\\/uploads\\\/2022\\\/04\\\/NOVARTIS.jpg\",\"keywords\":[\"Novartis\",\"vaga de emprego\"],\"articleSection\":[\"Vagas de Emprego Nacionais\"],\"inLanguage\":\"es\"},{\"@type\":\"WebPage\",\"@id\":\"https:\\\/\\\/www.vagadeempregorj.com.br\\\/vagas-de-emprego-novartis\\\/\",\"url\":\"https:\\\/\\\/www.vagadeempregorj.com.br\\\/vagas-de-emprego-novartis\\\/\",\"name\":\"Vagas de emprego Novartis, veja vagas dispon\u00edveis e inscreva-se -\",\"isPartOf\":{\"@id\":\"https:\\\/\\\/www.vagadeempregorj.com.br\\\/#website\"},\"primaryImageOfPage\":{\"@id\":\"https:\\\/\\\/www.vagadeempregorj.com.br\\\/vagas-de-emprego-novartis\\\/#primaryimage\"},\"image\":{\"@id\":\"https:\\\/\\\/www.vagadeempregorj.com.br\\\/vagas-de-emprego-novartis\\\/#primaryimage\"},\"thumbnailUrl\":\"https:\\\/\\\/www.vagadeempregorj.com.br\\\/wp-content\\\/uploads\\\/2022\\\/04\\\/NOVARTIS.jpg\",\"datePublished\":\"2023-08-31T03:04:00+00:00\",\"dateModified\":\"2023-09-02T18:31:31+00:00\",\"author\":{\"@id\":\"https:\\\/\\\/www.vagadeempregorj.com.br\\\/#\\\/schema\\\/person\\\/ff7c1ede281066d35b2813eb13f662ef\"},\"description\":\"Vagas de emprego Novartis, a empresa m\u00e9dica coleciona premia\u00e7\u00f5es e fabrica produtos como o famoso antibi\u00f3tico amoxicilina.\",\"breadcrumb\":{\"@id\":\"https:\\\/\\\/www.vagadeempregorj.com.br\\\/vagas-de-emprego-novartis\\\/#breadcrumb\"},\"inLanguage\":\"es\",\"potentialAction\":[{\"@type\":\"ReadAction\",\"target\":[\"https:\\\/\\\/www.vagadeempregorj.com.br\\\/vagas-de-emprego-novartis\\\/\"]}]},{\"@type\":\"ImageObject\",\"inLanguage\":\"es\",\"@id\":\"https:\\\/\\\/www.vagadeempregorj.com.br\\\/vagas-de-emprego-novartis\\\/#primaryimage\",\"url\":\"https:\\\/\\\/www.vagadeempregorj.com.br\\\/wp-content\\\/uploads\\\/2022\\\/04\\\/NOVARTIS.jpg\",\"contentUrl\":\"https:\\\/\\\/www.vagadeempregorj.com.br\\\/wp-content\\\/uploads\\\/2022\\\/04\\\/NOVARTIS.jpg\",\"width\":1200,\"height\":675,\"caption\":\"NOVARTIS\"},{\"@type\":\"BreadcrumbList\",\"@id\":\"https:\\\/\\\/www.vagadeempregorj.com.br\\\/vagas-de-emprego-novartis\\\/#breadcrumb\",\"itemListElement\":[{\"@type\":\"ListItem\",\"position\":1,\"name\":\"In\u00edcio\",\"item\":\"https:\\\/\\\/www.vagadeempregorj.com.br\\\/\"},{\"@type\":\"ListItem\",\"position\":2,\"name\":\"Vagas de Emprego Nacionais\",\"item\":\"https:\\\/\\\/www.vagadeempregorj.com.br\\\/vagas-de-emprego-nacionais\\\/\"},{\"@type\":\"ListItem\",\"position\":3,\"name\":\"Vagas de emprego Novartis, veja vagas dispon\u00edveis e inscreva-se\"}]},{\"@type\":\"WebSite\",\"@id\":\"https:\\\/\\\/www.vagadeempregorj.com.br\\\/#website\",\"url\":\"https:\\\/\\\/www.vagadeempregorj.com.br\\\/\",\"name\":\"\",\"description\":\"Conquiste Sonhos: Vagas, Benef\u00edcios e Economia para Transformar Vidas e Alcan\u00e7ar Melhorias Cotidianas\",\"potentialAction\":[{\"@type\":\"SearchAction\",\"target\":{\"@type\":\"EntryPoint\",\"urlTemplate\":\"https:\\\/\\\/www.vagadeempregorj.com.br\\\/?s={search_term_string}\"},\"query-input\":{\"@type\":\"PropertyValueSpecification\",\"valueRequired\":true,\"valueName\":\"search_term_string\"}}],\"inLanguage\":\"es\"},{\"@type\":\"Person\",\"@id\":\"https:\\\/\\\/www.vagadeempregorj.com.br\\\/#\\\/schema\\\/person\\\/ff7c1ede281066d35b2813eb13f662ef\",\"name\":\"Pedro Santos\",\"image\":{\"@type\":\"ImageObject\",\"inLanguage\":\"es\",\"@id\":\"https:\\\/\\\/secure.gravatar.com\\\/avatar\\\/0f569c1b80e91280c9dc54d2dec96d0c5562a072cef4b08b7e3807948546027c?s=96&r=g\",\"url\":\"https:\\\/\\\/secure.gravatar.com\\\/avatar\\\/0f569c1b80e91280c9dc54d2dec96d0c5562a072cef4b08b7e3807948546027c?s=96&r=g\",\"contentUrl\":\"https:\\\/\\\/secure.gravatar.com\\\/avatar\\\/0f569c1b80e91280c9dc54d2dec96d0c5562a072cef4b08b7e3807948546027c?s=96&r=g\",\"caption\":\"Pedro Santos\"},\"description\":\"Meu nome \u00e9 Pedro e sou redator. Dedico meu tempo escrevendo vagas de emprego diariamente no portal Vaga de Emprego RJ\",\"url\":\"https:\\\/\\\/www.vagadeempregorj.com.br\\\/es\\\/author\\\/fabio\\\/\"}]}<\/script>\n<!-- \/ Yoast SEO plugin. -->","yoast_head_json":{"title":"Vagas de emprego Novartis, veja vagas dispon\u00edveis e inscreva-se -","description":"Vagas de emprego Novartis, a empresa m\u00e9dica coleciona premia\u00e7\u00f5es e fabrica produtos como o famoso antibi\u00f3tico amoxicilina.","robots":{"index":"index","follow":"follow","max-snippet":"max-snippet:-1","max-image-preview":"max-image-preview:large","max-video-preview":"max-video-preview:-1"},"canonical":"https:\/\/www.vagadeempregorj.com.br\/es\/vagas-de-emprego-novartis\/","og_locale":"es_MX","og_type":"article","og_title":"Vagas de emprego Novartis, veja vagas dispon\u00edveis e inscreva-se -","og_description":"Vagas de emprego Novartis, a empresa m\u00e9dica coleciona premia\u00e7\u00f5es e fabrica produtos como o famoso antibi\u00f3tico amoxicilina.","og_url":"https:\/\/www.vagadeempregorj.com.br\/es\/vagas-de-emprego-novartis\/","article_publisher":"https:\/\/www.facebook.com\/empregobrasiloficial","article_published_time":"2023-08-31T03:04:00+00:00","article_modified_time":"2023-09-02T18:31:31+00:00","og_image":[{"width":1200,"height":675,"url":"https:\/\/www.vagadeempregorj.com.br\/wp-content\/uploads\/2022\/04\/NOVARTIS.jpg","type":"image\/jpeg"}],"author":"Pedro Santos","twitter_card":"summary_large_image","twitter_misc":{"Written by":"Pedro Santos","Est. reading time":"3 minutos"},"schema":{"@context":"https:\/\/schema.org","@graph":[{"@type":"Article","@id":"https:\/\/www.vagadeempregorj.com.br\/vagas-de-emprego-novartis\/#article","isPartOf":{"@id":"https:\/\/www.vagadeempregorj.com.br\/vagas-de-emprego-novartis\/"},"author":{"name":"Pedro Santos","@id":"https:\/\/www.vagadeempregorj.com.br\/#\/schema\/person\/ff7c1ede281066d35b2813eb13f662ef"},"headline":"Vagas de emprego Novartis, veja vagas dispon\u00edveis e inscreva-se","datePublished":"2023-08-31T03:04:00+00:00","dateModified":"2023-09-02T18:31:31+00:00","mainEntityOfPage":{"@id":"https:\/\/www.vagadeempregorj.com.br\/vagas-de-emprego-novartis\/"},"wordCount":396,"image":{"@id":"https:\/\/www.vagadeempregorj.com.br\/vagas-de-emprego-novartis\/#primaryimage"},"thumbnailUrl":"https:\/\/www.vagadeempregorj.com.br\/wp-content\/uploads\/2022\/04\/NOVARTIS.jpg","keywords":["Novartis","vaga de emprego"],"articleSection":["Vagas de Emprego Nacionais"],"inLanguage":"es"},{"@type":"WebPage","@id":"https:\/\/www.vagadeempregorj.com.br\/vagas-de-emprego-novartis\/","url":"https:\/\/www.vagadeempregorj.com.br\/vagas-de-emprego-novartis\/","name":"Vagas de emprego Novartis, veja vagas dispon\u00edveis e inscreva-se -","isPartOf":{"@id":"https:\/\/www.vagadeempregorj.com.br\/#website"},"primaryImageOfPage":{"@id":"https:\/\/www.vagadeempregorj.com.br\/vagas-de-emprego-novartis\/#primaryimage"},"image":{"@id":"https:\/\/www.vagadeempregorj.com.br\/vagas-de-emprego-novartis\/#primaryimage"},"thumbnailUrl":"https:\/\/www.vagadeempregorj.com.br\/wp-content\/uploads\/2022\/04\/NOVARTIS.jpg","datePublished":"2023-08-31T03:04:00+00:00","dateModified":"2023-09-02T18:31:31+00:00","author":{"@id":"https:\/\/www.vagadeempregorj.com.br\/#\/schema\/person\/ff7c1ede281066d35b2813eb13f662ef"},"description":"Vagas de emprego Novartis, a empresa m\u00e9dica coleciona premia\u00e7\u00f5es e fabrica produtos como o famoso antibi\u00f3tico amoxicilina.","breadcrumb":{"@id":"https:\/\/www.vagadeempregorj.com.br\/vagas-de-emprego-novartis\/#breadcrumb"},"inLanguage":"es","potentialAction":[{"@type":"ReadAction","target":["https:\/\/www.vagadeempregorj.com.br\/vagas-de-emprego-novartis\/"]}]},{"@type":"ImageObject","inLanguage":"es","@id":"https:\/\/www.vagadeempregorj.com.br\/vagas-de-emprego-novartis\/#primaryimage","url":"https:\/\/www.vagadeempregorj.com.br\/wp-content\/uploads\/2022\/04\/NOVARTIS.jpg","contentUrl":"https:\/\/www.vagadeempregorj.com.br\/wp-content\/uploads\/2022\/04\/NOVARTIS.jpg","width":1200,"height":675,"caption":"NOVARTIS"},{"@type":"BreadcrumbList","@id":"https:\/\/www.vagadeempregorj.com.br\/vagas-de-emprego-novartis\/#breadcrumb","itemListElement":[{"@type":"ListItem","position":1,"name":"In\u00edcio","item":"https:\/\/www.vagadeempregorj.com.br\/"},{"@type":"ListItem","position":2,"name":"Vagas de Emprego Nacionais","item":"https:\/\/www.vagadeempregorj.com.br\/vagas-de-emprego-nacionais\/"},{"@type":"ListItem","position":3,"name":"Vagas de emprego Novartis, veja vagas dispon\u00edveis e inscreva-se"}]},{"@type":"WebSite","@id":"https:\/\/www.vagadeempregorj.com.br\/#website","url":"https:\/\/www.vagadeempregorj.com.br\/","name":"","description":"Conquiste Sonhos: Vagas, Benef\u00edcios e Economia para Transformar Vidas e Alcan\u00e7ar Melhorias Cotidianas","potentialAction":[{"@type":"SearchAction","target":{"@type":"EntryPoint","urlTemplate":"https:\/\/www.vagadeempregorj.com.br\/?s={search_term_string}"},"query-input":{"@type":"PropertyValueSpecification","valueRequired":true,"valueName":"search_term_string"}}],"inLanguage":"es"},{"@type":"Person","@id":"https:\/\/www.vagadeempregorj.com.br\/#\/schema\/person\/ff7c1ede281066d35b2813eb13f662ef","name":"Pedro Santos","image":{"@type":"ImageObject","inLanguage":"es","@id":"https:\/\/secure.gravatar.com\/avatar\/0f569c1b80e91280c9dc54d2dec96d0c5562a072cef4b08b7e3807948546027c?s=96&r=g","url":"https:\/\/secure.gravatar.com\/avatar\/0f569c1b80e91280c9dc54d2dec96d0c5562a072cef4b08b7e3807948546027c?s=96&r=g","contentUrl":"https:\/\/secure.gravatar.com\/avatar\/0f569c1b80e91280c9dc54d2dec96d0c5562a072cef4b08b7e3807948546027c?s=96&r=g","caption":"Pedro Santos"},"description":"Meu nome \u00e9 Pedro e sou redator. Dedico meu tempo escrevendo vagas de emprego diariamente no portal Vaga de Emprego RJ","url":"https:\/\/www.vagadeempregorj.com.br\/es\/author\/fabio\/"}]}},"_links":{"self":[{"href":"https:\/\/www.vagadeempregorj.com.br\/es\/wp-json\/wp\/v2\/posts\/27490","targetHints":{"allow":["GET"]}}],"collection":[{"href":"https:\/\/www.vagadeempregorj.com.br\/es\/wp-json\/wp\/v2\/posts"}],"about":[{"href":"https:\/\/www.vagadeempregorj.com.br\/es\/wp-json\/wp\/v2\/types\/post"}],"author":[{"embeddable":true,"href":"https:\/\/www.vagadeempregorj.com.br\/es\/wp-json\/wp\/v2\/users\/10"}],"replies":[{"embeddable":true,"href":"https:\/\/www.vagadeempregorj.com.br\/es\/wp-json\/wp\/v2\/comments?post=27490"}],"version-history":[{"count":0,"href":"https:\/\/www.vagadeempregorj.com.br\/es\/wp-json\/wp\/v2\/posts\/27490\/revisions"}],"wp:featuredmedia":[{"embeddable":true,"href":"https:\/\/www.vagadeempregorj.com.br\/es\/wp-json\/wp\/v2\/media\/27522"}],"wp:attachment":[{"href":"https:\/\/www.vagadeempregorj.com.br\/es\/wp-json\/wp\/v2\/media?parent=27490"}],"wp:term":[{"taxonomy":"category","embeddable":true,"href":"https:\/\/www.vagadeempregorj.com.br\/es\/wp-json\/wp\/v2\/categories?post=27490"},{"taxonomy":"post_tag","embeddable":true,"href":"https:\/\/www.vagadeempregorj.com.br\/es\/wp-json\/wp\/v2\/tags?post=27490"}],"curies":[{"name":"wp","href":"https:\/\/api.w.org\/{rel}","templated":true}]}}