{"id":27584,"date":"2023-08-31T00:04:00","date_gmt":"2023-08-31T03:04:00","guid":{"rendered":"https:\/\/www.vagadeempregorj.com.br\/?p=27584"},"modified":"2023-08-26T11:53:31","modified_gmt":"2023-08-26T14:53:31","slug":"operador-de-maquina-4","status":"publish","type":"post","link":"https:\/\/www.vagadeempregorj.com.br\/es\/operador-de-maquina-4\/","title":{"rendered":"Operador de M\u00e1quina, Auxiliar de Produ\u00e7\u00e3o e outras vagas na empresa Momenta Farmac\u00eautica, envie seu curr\u00edculo"},"content":{"rendered":"<p>Atualizado<\/p>\n\n\n<div class=\"wp-block-post-date\"><time datetime=\"2023-08-31T00:04:00-03:00\">31\/08\/2023<\/time><\/div>\n\n\n<p>Operador de M\u00e1quina, Auxiliar de Produ\u00e7\u00e3o e outras vagas na empresa Momenta Farmac\u00eautica, marca da Eurofarma tem servi\u00e7os para nutricionistas e ainda medica\u00e7\u00f5es feitas com princ\u00edpios ativos reconhecidos.<\/p>\n\n\n\n<p>A Momenta Farmac\u00eautica desenvolve produtos laboratoriais usando princ\u00edpios ativos muito confi\u00e1veis e certificados pelos \u00f3rg\u00e3os de sa\u00fade, como a Ag\u00eancia Nacional de Vigil\u00e2ncia Sanit\u00e1ria (ANVISA).<\/p>\n\n\n\n<p>Esse laborat\u00f3rio farmac\u00eautico j\u00e1 proporcionou a muitos funcion\u00e1rios oportunidades em suas carreiras e alguns cargos que se pode tentar atualmente s\u00e3o os seguintes:<\/p>\n\n\n\n<ul class=\"wp-block-list\">\n<li>Analista de Marketing Junior<\/li>\n\n\n\n<li>Engenheiro pleno<\/li>\n\n\n\n<li>L\u00edder de produ\u00e7\u00e3o<\/li>\n\n\n\n<li>Propagandista<\/li>\n\n\n\n<li>Analista de controle de qualidade<\/li>\n\n\n\n<li>Auxiliar de produ\u00e7\u00e3o<\/li>\n\n\n\n<li>Est\u00e1gio em Engenharia<\/li>\n\n\n\n<li>Operador de m\u00e1quina<\/li>\n\n\n\n<li>E outros<\/li>\n<\/ul>\n\n\n\n<p>Seus benef\u00edcios s\u00e3o: assist\u00eancia odontol\u00f3gica, conv\u00eanios, previd\u00eancia privada, seguro de vida, programa escolar, plano de sa\u00fade, bolsa de estudos, cart\u00e3o alimenta\u00e7\u00e3o e descontos em medicamento.<\/p>\n\n\n\n<div class=\"wp-block-buttons is-horizontal is-content-justification-center is-layout-flex wp-container-core-buttons-is-layout-499968f5 wp-block-buttons-is-layout-flex\">\n<div class=\"wp-block-button\"><a class=\"wp-block-button__link has-black-color has-text-color has-background wp-element-button\" href=\"https:\/\/www.vagadeempregorj.com.br\/es\/enviando-seu-curriculo-rapidamente\/\" style=\"background:linear-gradient(2deg,rgb(255,134,50) 64%,rgb(255,197,71) 100%)\"><strong>VEJA COMO SE CANDIDATAR<\/strong><\/a><\/div>\n<\/div>\n\n\n\n<h2 class=\"wp-block-heading\"><strong>Trabalhe Conosco Momenta Farmac\u00eautica, como se inscrever<\/strong><\/h2>\n\n\n\n<p>Quem quiser ocupar alguma vaga de trabalho na Momenta Farmac\u00eautica acesse <a href=\"https:\/\/momentafarma.com.br\/trabalhe-conosco\">https:\/\/momentafarma.com.br\/gestao-pessoas\/trabalhe-conosco<\/a> e clicar onde \u00e9 indicado \u201cConsulta de vagas e envio de curr\u00edculos\u201d.<\/p>\n\n\n\n<p>O laborat\u00f3rio tamb\u00e9m se encontra no LinkedIn <a href=\"https:\/\/www.linkedin.com\/company\/momenta-farmac%C3%AAutica\/?originalSubdomain=br\">https:\/\/www.linkedin.com\/company\/momenta-farmac%C3%AAutica\/?originalSubdomain=br<\/a>. Acessando \u201cvagas\u201d, o candidato pode at\u00e9 ser avisado quando houver algum novo processo seletivo.<\/p>\n\n\n\n<h2 class=\"wp-block-heading\"><strong>Descubra mais sobre a Momenta Farmac\u00eautica<\/strong><\/h2>\n\n\n\n<p>A Momenta Farmac\u00eautica \u00e9 um laborat\u00f3rio que consegue preparar quase 3.000.000 de embalagens de medicamentos.<\/p>\n\n\n\n<p>Com cuidados rigorosos em todos os ambientes da empresa, ela trabalha com princ\u00edpios ativos como acetilciste\u00edna, betametasona, cetoprofeno, gel silicone, lute\u00edna, zorbitol, vitaminas.<\/p>\n\n\n\n<p>Pertencendo \u00e0 Eurofarma, ela realiza revis\u00e3o gerencial constante em seu laborat\u00f3rio, al\u00e9m de planejamento para diminuir impactos \u00e0 natureza e usa ferramentas de melhoria cont\u00ednua.<\/p>\n\n\n\n<p>Os profissionais de sa\u00fade que usam recursos da Momenta Farmac\u00eautica encontram orienta\u00e7\u00f5es especiais em seu site em um \u00e1rea exclusiva.<\/p>\n\n\n\n<p>Para os nutricionistas, existem materiais especiais feitos periodicamente pela empresa, inclusive com a disponibiliza\u00e7\u00e3o de uma visita digital.<\/p>\n\n\n\n<div class=\"wp-block-buttons is-horizontal is-content-justification-center is-layout-flex wp-container-core-buttons-is-layout-499968f5 wp-block-buttons-is-layout-flex\">\n<div class=\"wp-block-button\"><a class=\"wp-block-button__link has-black-color has-text-color has-background wp-element-button\" href=\"https:\/\/www.vagadeempregorj.com.br\/es\/vagas-de-emprego-nacionais\/\" style=\"border-radius:29px;background:linear-gradient(2deg,rgb(255,134,50) 60%,rgb(255,197,71) 100%)\"><strong>VEJA NOVAS VAGAS PARA SE CANDIDATAR<\/strong><\/a><\/div>\n<\/div>","protected":false},"excerpt":{"rendered":"<p>Benef\u00edcios s\u00e3o: assist\u00eancia odontol\u00f3gica, conv\u00eanios, previd\u00eancia privada, seguro de vida, programa escolar, plano de sa\u00fade, bolsa de estudos, cart\u00e3o alimenta\u00e7\u00e3o e descontos em medicamento.<\/p>","protected":false},"author":10,"featured_media":27593,"comment_status":"closed","ping_status":"closed","sticky":false,"template":"","format":"standard","meta":{"neve_meta_sidebar":"","neve_meta_container":"","neve_meta_enable_content_width":"","neve_meta_content_width":0,"neve_meta_title_alignment":"","neve_meta_author_avatar":"","neve_post_elements_order":"","neve_meta_disable_header":"","neve_meta_disable_footer":"","neve_meta_disable_title":"","footnotes":""},"categories":[123],"tags":[321,147],"class_list":["post-27584","post","type-post","status-publish","format-standard","has-post-thumbnail","hentry","category-vagas-de-emprego-nacionais","tag-momenta-farmaceutica","tag-vaga-de-emprego"],"yoast_head":"<!-- This site is optimized with the Yoast SEO plugin v27.5 - https:\/\/yoast.com\/product\/yoast-seo-wordpress\/ -->\n<title>Operador de M\u00e1quina, Auxiliar de Produ\u00e7\u00e3o e outras vagas na empresa Momenta Farmac\u00eautica, envie seu curr\u00edculo -<\/title>\n<meta name=\"description\" content=\"Benef\u00edcios: assist. odont., conv., previd. privada, seg. vida, programa escolar, plano sa\u00fade, bolsa estudos, cart\u00e3o alim. e descontos medic.\" \/>\n<meta name=\"robots\" content=\"index, follow, max-snippet:-1, max-image-preview:large, max-video-preview:-1\" \/>\n<link rel=\"canonical\" href=\"https:\/\/www.vagadeempregorj.com.br\/es\/operador-de-maquina-4\/\" \/>\n<meta property=\"og:locale\" content=\"es_MX\" \/>\n<meta property=\"og:type\" content=\"article\" \/>\n<meta property=\"og:title\" content=\"Operador de M\u00e1quina, Auxiliar de Produ\u00e7\u00e3o e outras vagas na empresa Momenta Farmac\u00eautica, envie seu curr\u00edculo -\" \/>\n<meta property=\"og:description\" content=\"Benef\u00edcios: assist. odont., conv., previd. privada, seg. vida, programa escolar, plano sa\u00fade, bolsa estudos, cart\u00e3o alim. e descontos medic.\" \/>\n<meta property=\"og:url\" content=\"https:\/\/www.vagadeempregorj.com.br\/es\/operador-de-maquina-4\/\" \/>\n<meta property=\"article:publisher\" content=\"https:\/\/www.facebook.com\/empregobrasiloficial\" \/>\n<meta property=\"article:published_time\" content=\"2023-08-31T03:04:00+00:00\" \/>\n<meta property=\"og:image\" content=\"https:\/\/www.vagadeempregorj.com.br\/wp-content\/uploads\/2022\/04\/momenta.jpg\" \/>\n\t<meta property=\"og:image:width\" content=\"1200\" \/>\n\t<meta property=\"og:image:height\" content=\"675\" \/>\n\t<meta property=\"og:image:type\" content=\"image\/jpeg\" \/>\n<meta name=\"author\" content=\"Pedro Santos\" \/>\n<meta name=\"twitter:card\" content=\"summary_large_image\" \/>\n<meta name=\"twitter:label1\" content=\"Written by\" \/>\n\t<meta name=\"twitter:data1\" content=\"Pedro Santos\" \/>\n\t<meta name=\"twitter:label2\" content=\"Est. reading time\" \/>\n\t<meta name=\"twitter:data2\" content=\"2 minutos\" \/>\n<script type=\"application\/ld+json\" class=\"yoast-schema-graph\">{\"@context\":\"https:\\\/\\\/schema.org\",\"@graph\":[{\"@type\":\"Article\",\"@id\":\"https:\\\/\\\/www.vagadeempregorj.com.br\\\/operador-de-maquina-4\\\/#article\",\"isPartOf\":{\"@id\":\"https:\\\/\\\/www.vagadeempregorj.com.br\\\/operador-de-maquina-4\\\/\"},\"author\":{\"name\":\"Pedro Santos\",\"@id\":\"https:\\\/\\\/www.vagadeempregorj.com.br\\\/#\\\/schema\\\/person\\\/ff7c1ede281066d35b2813eb13f662ef\"},\"headline\":\"Operador de M\u00e1quina, Auxiliar de Produ\u00e7\u00e3o e outras vagas na empresa Momenta Farmac\u00eautica, envie seu curr\u00edculo\",\"datePublished\":\"2023-08-31T03:04:00+00:00\",\"mainEntityOfPage\":{\"@id\":\"https:\\\/\\\/www.vagadeempregorj.com.br\\\/operador-de-maquina-4\\\/\"},\"wordCount\":378,\"image\":{\"@id\":\"https:\\\/\\\/www.vagadeempregorj.com.br\\\/operador-de-maquina-4\\\/#primaryimage\"},\"thumbnailUrl\":\"https:\\\/\\\/www.vagadeempregorj.com.br\\\/wp-content\\\/uploads\\\/2022\\\/04\\\/momenta.jpg\",\"keywords\":[\"Momenta Farmac\u00eautica\",\"vaga de emprego\"],\"articleSection\":[\"Vagas de Emprego Nacionais\"],\"inLanguage\":\"es\"},{\"@type\":\"WebPage\",\"@id\":\"https:\\\/\\\/www.vagadeempregorj.com.br\\\/operador-de-maquina-4\\\/\",\"url\":\"https:\\\/\\\/www.vagadeempregorj.com.br\\\/operador-de-maquina-4\\\/\",\"name\":\"Operador de M\u00e1quina, Auxiliar de Produ\u00e7\u00e3o e outras vagas na empresa Momenta Farmac\u00eautica, envie seu curr\u00edculo -\",\"isPartOf\":{\"@id\":\"https:\\\/\\\/www.vagadeempregorj.com.br\\\/#website\"},\"primaryImageOfPage\":{\"@id\":\"https:\\\/\\\/www.vagadeempregorj.com.br\\\/operador-de-maquina-4\\\/#primaryimage\"},\"image\":{\"@id\":\"https:\\\/\\\/www.vagadeempregorj.com.br\\\/operador-de-maquina-4\\\/#primaryimage\"},\"thumbnailUrl\":\"https:\\\/\\\/www.vagadeempregorj.com.br\\\/wp-content\\\/uploads\\\/2022\\\/04\\\/momenta.jpg\",\"datePublished\":\"2023-08-31T03:04:00+00:00\",\"author\":{\"@id\":\"https:\\\/\\\/www.vagadeempregorj.com.br\\\/#\\\/schema\\\/person\\\/ff7c1ede281066d35b2813eb13f662ef\"},\"description\":\"Benef\u00edcios: assist. odont., conv., previd. privada, seg. vida, programa escolar, plano sa\u00fade, bolsa estudos, cart\u00e3o alim. e descontos medic.\",\"breadcrumb\":{\"@id\":\"https:\\\/\\\/www.vagadeempregorj.com.br\\\/operador-de-maquina-4\\\/#breadcrumb\"},\"inLanguage\":\"es\",\"potentialAction\":[{\"@type\":\"ReadAction\",\"target\":[\"https:\\\/\\\/www.vagadeempregorj.com.br\\\/operador-de-maquina-4\\\/\"]}]},{\"@type\":\"ImageObject\",\"inLanguage\":\"es\",\"@id\":\"https:\\\/\\\/www.vagadeempregorj.com.br\\\/operador-de-maquina-4\\\/#primaryimage\",\"url\":\"https:\\\/\\\/www.vagadeempregorj.com.br\\\/wp-content\\\/uploads\\\/2022\\\/04\\\/momenta.jpg\",\"contentUrl\":\"https:\\\/\\\/www.vagadeempregorj.com.br\\\/wp-content\\\/uploads\\\/2022\\\/04\\\/momenta.jpg\",\"width\":1200,\"height\":675,\"caption\":\"momenta\"},{\"@type\":\"BreadcrumbList\",\"@id\":\"https:\\\/\\\/www.vagadeempregorj.com.br\\\/operador-de-maquina-4\\\/#breadcrumb\",\"itemListElement\":[{\"@type\":\"ListItem\",\"position\":1,\"name\":\"In\u00edcio\",\"item\":\"https:\\\/\\\/www.vagadeempregorj.com.br\\\/\"},{\"@type\":\"ListItem\",\"position\":2,\"name\":\"Vagas de Emprego Nacionais\",\"item\":\"https:\\\/\\\/www.vagadeempregorj.com.br\\\/vagas-de-emprego-nacionais\\\/\"},{\"@type\":\"ListItem\",\"position\":3,\"name\":\"Operador de M\u00e1quina, Auxiliar de Produ\u00e7\u00e3o e outras vagas na empresa Momenta Farmac\u00eautica, envie seu curr\u00edculo\"}]},{\"@type\":\"WebSite\",\"@id\":\"https:\\\/\\\/www.vagadeempregorj.com.br\\\/#website\",\"url\":\"https:\\\/\\\/www.vagadeempregorj.com.br\\\/\",\"name\":\"\",\"description\":\"Conquiste Sonhos: Vagas, Benef\u00edcios e Economia para Transformar Vidas e Alcan\u00e7ar Melhorias Cotidianas\",\"potentialAction\":[{\"@type\":\"SearchAction\",\"target\":{\"@type\":\"EntryPoint\",\"urlTemplate\":\"https:\\\/\\\/www.vagadeempregorj.com.br\\\/?s={search_term_string}\"},\"query-input\":{\"@type\":\"PropertyValueSpecification\",\"valueRequired\":true,\"valueName\":\"search_term_string\"}}],\"inLanguage\":\"es\"},{\"@type\":\"Person\",\"@id\":\"https:\\\/\\\/www.vagadeempregorj.com.br\\\/#\\\/schema\\\/person\\\/ff7c1ede281066d35b2813eb13f662ef\",\"name\":\"Pedro Santos\",\"image\":{\"@type\":\"ImageObject\",\"inLanguage\":\"es\",\"@id\":\"https:\\\/\\\/secure.gravatar.com\\\/avatar\\\/0f569c1b80e91280c9dc54d2dec96d0c5562a072cef4b08b7e3807948546027c?s=96&r=g\",\"url\":\"https:\\\/\\\/secure.gravatar.com\\\/avatar\\\/0f569c1b80e91280c9dc54d2dec96d0c5562a072cef4b08b7e3807948546027c?s=96&r=g\",\"contentUrl\":\"https:\\\/\\\/secure.gravatar.com\\\/avatar\\\/0f569c1b80e91280c9dc54d2dec96d0c5562a072cef4b08b7e3807948546027c?s=96&r=g\",\"caption\":\"Pedro Santos\"},\"description\":\"Meu nome \u00e9 Pedro e sou redator. Dedico meu tempo escrevendo vagas de emprego diariamente no portal Vaga de Emprego RJ\",\"url\":\"https:\\\/\\\/www.vagadeempregorj.com.br\\\/es\\\/author\\\/fabio\\\/\"}]}<\/script>\n<!-- \/ Yoast SEO plugin. -->","yoast_head_json":{"title":"Operador de M\u00e1quina, Auxiliar de Produ\u00e7\u00e3o e outras vagas na empresa Momenta Farmac\u00eautica, envie seu curr\u00edculo -","description":"Benef\u00edcios: assist. odont., conv., previd. privada, seg. vida, programa escolar, plano sa\u00fade, bolsa estudos, cart\u00e3o alim. e descontos medic.","robots":{"index":"index","follow":"follow","max-snippet":"max-snippet:-1","max-image-preview":"max-image-preview:large","max-video-preview":"max-video-preview:-1"},"canonical":"https:\/\/www.vagadeempregorj.com.br\/es\/operador-de-maquina-4\/","og_locale":"es_MX","og_type":"article","og_title":"Operador de M\u00e1quina, Auxiliar de Produ\u00e7\u00e3o e outras vagas na empresa Momenta Farmac\u00eautica, envie seu curr\u00edculo -","og_description":"Benef\u00edcios: assist. odont., conv., previd. privada, seg. vida, programa escolar, plano sa\u00fade, bolsa estudos, cart\u00e3o alim. e descontos medic.","og_url":"https:\/\/www.vagadeempregorj.com.br\/es\/operador-de-maquina-4\/","article_publisher":"https:\/\/www.facebook.com\/empregobrasiloficial","article_published_time":"2023-08-31T03:04:00+00:00","og_image":[{"width":1200,"height":675,"url":"https:\/\/www.vagadeempregorj.com.br\/wp-content\/uploads\/2022\/04\/momenta.jpg","type":"image\/jpeg"}],"author":"Pedro Santos","twitter_card":"summary_large_image","twitter_misc":{"Written by":"Pedro Santos","Est. reading time":"2 minutos"},"schema":{"@context":"https:\/\/schema.org","@graph":[{"@type":"Article","@id":"https:\/\/www.vagadeempregorj.com.br\/operador-de-maquina-4\/#article","isPartOf":{"@id":"https:\/\/www.vagadeempregorj.com.br\/operador-de-maquina-4\/"},"author":{"name":"Pedro Santos","@id":"https:\/\/www.vagadeempregorj.com.br\/#\/schema\/person\/ff7c1ede281066d35b2813eb13f662ef"},"headline":"Operador de M\u00e1quina, Auxiliar de Produ\u00e7\u00e3o e outras vagas na empresa Momenta Farmac\u00eautica, envie seu curr\u00edculo","datePublished":"2023-08-31T03:04:00+00:00","mainEntityOfPage":{"@id":"https:\/\/www.vagadeempregorj.com.br\/operador-de-maquina-4\/"},"wordCount":378,"image":{"@id":"https:\/\/www.vagadeempregorj.com.br\/operador-de-maquina-4\/#primaryimage"},"thumbnailUrl":"https:\/\/www.vagadeempregorj.com.br\/wp-content\/uploads\/2022\/04\/momenta.jpg","keywords":["Momenta Farmac\u00eautica","vaga de emprego"],"articleSection":["Vagas de Emprego Nacionais"],"inLanguage":"es"},{"@type":"WebPage","@id":"https:\/\/www.vagadeempregorj.com.br\/operador-de-maquina-4\/","url":"https:\/\/www.vagadeempregorj.com.br\/operador-de-maquina-4\/","name":"Operador de M\u00e1quina, Auxiliar de Produ\u00e7\u00e3o e outras vagas na empresa Momenta Farmac\u00eautica, envie seu curr\u00edculo -","isPartOf":{"@id":"https:\/\/www.vagadeempregorj.com.br\/#website"},"primaryImageOfPage":{"@id":"https:\/\/www.vagadeempregorj.com.br\/operador-de-maquina-4\/#primaryimage"},"image":{"@id":"https:\/\/www.vagadeempregorj.com.br\/operador-de-maquina-4\/#primaryimage"},"thumbnailUrl":"https:\/\/www.vagadeempregorj.com.br\/wp-content\/uploads\/2022\/04\/momenta.jpg","datePublished":"2023-08-31T03:04:00+00:00","author":{"@id":"https:\/\/www.vagadeempregorj.com.br\/#\/schema\/person\/ff7c1ede281066d35b2813eb13f662ef"},"description":"Benef\u00edcios: assist. odont., conv., previd. privada, seg. vida, programa escolar, plano sa\u00fade, bolsa estudos, cart\u00e3o alim. e descontos medic.","breadcrumb":{"@id":"https:\/\/www.vagadeempregorj.com.br\/operador-de-maquina-4\/#breadcrumb"},"inLanguage":"es","potentialAction":[{"@type":"ReadAction","target":["https:\/\/www.vagadeempregorj.com.br\/operador-de-maquina-4\/"]}]},{"@type":"ImageObject","inLanguage":"es","@id":"https:\/\/www.vagadeempregorj.com.br\/operador-de-maquina-4\/#primaryimage","url":"https:\/\/www.vagadeempregorj.com.br\/wp-content\/uploads\/2022\/04\/momenta.jpg","contentUrl":"https:\/\/www.vagadeempregorj.com.br\/wp-content\/uploads\/2022\/04\/momenta.jpg","width":1200,"height":675,"caption":"momenta"},{"@type":"BreadcrumbList","@id":"https:\/\/www.vagadeempregorj.com.br\/operador-de-maquina-4\/#breadcrumb","itemListElement":[{"@type":"ListItem","position":1,"name":"In\u00edcio","item":"https:\/\/www.vagadeempregorj.com.br\/"},{"@type":"ListItem","position":2,"name":"Vagas de Emprego Nacionais","item":"https:\/\/www.vagadeempregorj.com.br\/vagas-de-emprego-nacionais\/"},{"@type":"ListItem","position":3,"name":"Operador de M\u00e1quina, Auxiliar de Produ\u00e7\u00e3o e outras vagas na empresa Momenta Farmac\u00eautica, envie seu curr\u00edculo"}]},{"@type":"WebSite","@id":"https:\/\/www.vagadeempregorj.com.br\/#website","url":"https:\/\/www.vagadeempregorj.com.br\/","name":"","description":"Conquiste Sonhos: Vagas, Benef\u00edcios e Economia para Transformar Vidas e Alcan\u00e7ar Melhorias Cotidianas","potentialAction":[{"@type":"SearchAction","target":{"@type":"EntryPoint","urlTemplate":"https:\/\/www.vagadeempregorj.com.br\/?s={search_term_string}"},"query-input":{"@type":"PropertyValueSpecification","valueRequired":true,"valueName":"search_term_string"}}],"inLanguage":"es"},{"@type":"Person","@id":"https:\/\/www.vagadeempregorj.com.br\/#\/schema\/person\/ff7c1ede281066d35b2813eb13f662ef","name":"Pedro Santos","image":{"@type":"ImageObject","inLanguage":"es","@id":"https:\/\/secure.gravatar.com\/avatar\/0f569c1b80e91280c9dc54d2dec96d0c5562a072cef4b08b7e3807948546027c?s=96&r=g","url":"https:\/\/secure.gravatar.com\/avatar\/0f569c1b80e91280c9dc54d2dec96d0c5562a072cef4b08b7e3807948546027c?s=96&r=g","contentUrl":"https:\/\/secure.gravatar.com\/avatar\/0f569c1b80e91280c9dc54d2dec96d0c5562a072cef4b08b7e3807948546027c?s=96&r=g","caption":"Pedro Santos"},"description":"Meu nome \u00e9 Pedro e sou redator. Dedico meu tempo escrevendo vagas de emprego diariamente no portal Vaga de Emprego RJ","url":"https:\/\/www.vagadeempregorj.com.br\/es\/author\/fabio\/"}]}},"_links":{"self":[{"href":"https:\/\/www.vagadeempregorj.com.br\/es\/wp-json\/wp\/v2\/posts\/27584","targetHints":{"allow":["GET"]}}],"collection":[{"href":"https:\/\/www.vagadeempregorj.com.br\/es\/wp-json\/wp\/v2\/posts"}],"about":[{"href":"https:\/\/www.vagadeempregorj.com.br\/es\/wp-json\/wp\/v2\/types\/post"}],"author":[{"embeddable":true,"href":"https:\/\/www.vagadeempregorj.com.br\/es\/wp-json\/wp\/v2\/users\/10"}],"replies":[{"embeddable":true,"href":"https:\/\/www.vagadeempregorj.com.br\/es\/wp-json\/wp\/v2\/comments?post=27584"}],"version-history":[{"count":0,"href":"https:\/\/www.vagadeempregorj.com.br\/es\/wp-json\/wp\/v2\/posts\/27584\/revisions"}],"wp:featuredmedia":[{"embeddable":true,"href":"https:\/\/www.vagadeempregorj.com.br\/es\/wp-json\/wp\/v2\/media\/27593"}],"wp:attachment":[{"href":"https:\/\/www.vagadeempregorj.com.br\/es\/wp-json\/wp\/v2\/media?parent=27584"}],"wp:term":[{"taxonomy":"category","embeddable":true,"href":"https:\/\/www.vagadeempregorj.com.br\/es\/wp-json\/wp\/v2\/categories?post=27584"},{"taxonomy":"post_tag","embeddable":true,"href":"https:\/\/www.vagadeempregorj.com.br\/es\/wp-json\/wp\/v2\/tags?post=27584"}],"curies":[{"name":"wp","href":"https:\/\/api.w.org\/{rel}","templated":true}]}}