{"id":27598,"date":"2023-08-31T00:02:00","date_gmt":"2023-08-31T03:02:00","guid":{"rendered":"https:\/\/www.vagadeempregorj.com.br\/?p=27598"},"modified":"2025-03-09T13:27:57","modified_gmt":"2025-03-09T16:27:57","slug":"vagas-de-trabalho-lideranca-servicos","status":"publish","type":"post","link":"https:\/\/www.vagadeempregorj.com.br\/es\/vagas-de-trabalho-lideranca-servicos\/","title":{"rendered":"Encarregado, Auxiliar, Assistente e outras vagas de trabalho na Lideran\u00e7a Servi\u00e7os, acesse e adicione seu curr\u00edculo"},"content":{"rendered":"<p>Atualizado<\/p>\n\n\n<div class=\"wp-block-post-date\"><time datetime=\"2023-08-31T00:02:00-03:00\">31\/08\/2023<\/time><\/div>\n\n\n<p>Vagas de trabalho Lideran\u00e7a Servi\u00e7os, oferece terceirizados para empresas grandes, como a Kellogg\u2019s.<\/p>\n\n\n\n<p>Dedicada ao oferecimento de terceiriza\u00e7\u00e3o, a Lideran\u00e7a Servi\u00e7os \u00e9 uma companhia que atende a clientes que est\u00e3o precisando de funcion\u00e1rios em seus neg\u00f3cios.<br><br>Dessa maneira, a empresa n\u00e3o precisa ficar cuidando de sele\u00e7\u00e3o de funcion\u00e1rios, poupando o seu tempo para outras decis\u00f5es mais relevantes.<\/p>\n\n\n\n<p>As vagas que a Lideran\u00e7a Servi\u00e7os oferece atualmente s\u00e3o:<\/p>\n\n\n\n<ul class=\"wp-block-list\">\n<li>Supervisor operacional<\/li>\n\n\n\n<li>Encarregado<\/li>\n\n\n\n<li>Coordenador administrativo<\/li>\n\n\n\n<li>Auxiliar meteorol\u00f3gico<\/li>\n\n\n\n<li>Assistente de Recursos Humanos<\/li>\n\n\n\n<li>Assistente administrativo<\/li>\n\n\n\n<li>E outros<\/li>\n<\/ul>\n\n\n\n<p>N\u00e3o h\u00e1 dados sobre o que a Lideran\u00e7a Servi\u00e7os paga como benef\u00edcios para os seus funcion\u00e1rios.<\/p>\n\n\n\n<div class=\"wp-block-buttons is-horizontal is-content-justification-center is-layout-flex wp-container-core-buttons-is-layout-499968f5 wp-block-buttons-is-layout-flex\">\n<div class=\"wp-block-button\"><a class=\"wp-block-button__link has-black-color has-text-color has-background wp-element-button\" href=\"https:\/\/www.vagadeempregorj.com.br\/es\/enviando-seu-curriculo-rapidamente\/\" style=\"background:linear-gradient(2deg,rgb(255,134,50) 64%,rgb(255,197,71) 100%)\"><strong>VEJA COMO SE CANDIDATAR<\/strong><\/a><\/div>\n<\/div>\n\n\n\n<h2 class=\"wp-block-heading\"><strong>Vagas de trabalho Lideran\u00e7a Servi\u00e7os, como se inscrever<\/strong><\/h2>\n\n\n\n<p>Todas as vagas que a Lideran\u00e7a Servi\u00e7os tem \u00e0 disposi\u00e7\u00e3o recebem inscri\u00e7\u00f5es em https:\/\/www.lideranca.com.br\/vagas\/. Clique em \u201cAplicar para esta vaga\u201d para come\u00e7ar a se candidatar.<\/p>\n\n\n\n<p>A empresa de terceiriza\u00e7\u00e3o tamb\u00e9m est\u00e1 no LinkedIn, sendo poss\u00edvel que as pessoas que querem concorrer a alguma oportunidade usem essa rede social para ajudar.<\/p>\n\n\n\n<p>O perfil da Lideran\u00e7a Servi\u00e7os no LinkedIn \u00e9 o https:\/\/www.lideranca.com.br\/vagas\/ e quem tiver cadastro nessa rede social pode at\u00e9 saber de oportunidades clicando em \u201cVagas\u201d.<\/p>\n\n\n\n<h2 class=\"wp-block-heading\"><strong>Descubra mais sobre a Lideran\u00e7a Servi\u00e7os<\/strong><\/h2>\n\n\n\n<p>A Lideran\u00e7a Servi\u00e7os tem muitos anos levando aos seus clientes diferentes profissionais para somar ao seu quadro de funcion\u00e1rios.<\/p>\n\n\n\n<p>Com isso, os seus gestores conseguem ter mais foco em outros quesitos enquanto a terceirizadoras cuida de oferecer a m\u00e3o de obra necess\u00e1ria.<\/p>\n\n\n\n<p>Tendo ISO 9001, oferece or\u00e7amentos online e s\u00e3o muitos os servi\u00e7os que as empresas podem pedir, como copa e caf\u00e9, facilities, digita\u00e7\u00e3o e jardinagem.<\/p>\n\n\n\n<p>H\u00e1 escrit\u00f3rios em v\u00e1rias partes do pa\u00eds e muitas empresas que buscam os seus servi\u00e7os, incluindo Kellogg\u2019s, Pernambucanas, Gol Linhas A\u00e9reas Inteligentes, BRF e Energisa.<\/p>\n\n\n\n<p>A Lideran\u00e7a Servi\u00e7os respeita a Lei Geral de Prote\u00e7\u00e3o de Dados e explica a todos os trabalhadores como disp\u00f5e das informa\u00e7\u00f5es.<\/p>\n\n\n\n<div class=\"wp-block-buttons is-horizontal is-content-justification-center is-layout-flex wp-container-core-buttons-is-layout-499968f5 wp-block-buttons-is-layout-flex\">\n<div class=\"wp-block-button\"><a class=\"wp-block-button__link has-black-color has-text-color has-background wp-element-button\" href=\"https:\/\/www.vagadeempregorj.com.br\/es\/vagas-de-emprego-nacionais\/\" style=\"border-radius:29px;background:linear-gradient(2deg,rgb(255,134,50) 60%,rgb(255,197,71) 100%)\"><strong>VEJA NOVAS VAGAS PARA SE CANDIDATAR<\/strong><\/a><\/div>\n<\/div>","protected":false},"excerpt":{"rendered":"<p>Vagas de trabalho Lideran\u00e7a Servi\u00e7os, oferece terceirizados para empresas grandes, como a Kellogg\u2019s.<\/p>","protected":false},"author":10,"featured_media":27621,"comment_status":"closed","ping_status":"closed","sticky":false,"template":"","format":"standard","meta":{"neve_meta_sidebar":"","neve_meta_container":"","neve_meta_enable_content_width":"","neve_meta_content_width":0,"neve_meta_title_alignment":"","neve_meta_author_avatar":"","neve_post_elements_order":"","neve_meta_disable_header":"","neve_meta_disable_footer":"","neve_meta_disable_title":"","footnotes":""},"categories":[123],"tags":[327,147],"class_list":["post-27598","post","type-post","status-publish","format-standard","has-post-thumbnail","hentry","category-vagas-de-emprego-nacionais","tag-lideranca-servicos","tag-vaga-de-emprego"],"yoast_head":"<!-- This site is optimized with the Yoast SEO plugin v27.5 - https:\/\/yoast.com\/product\/yoast-seo-wordpress\/ -->\n<title>Encarregado, Auxiliar, Assistente e outras vagas de trabalho na Lideran\u00e7a Servi\u00e7os, acesse e adicione seu curr\u00edculo -<\/title>\n<meta name=\"description\" content=\"Vagas de trabalho Lideran\u00e7a Servi\u00e7os, oferece terceirizados para empresas grandes, como a Kellogg\u2019s. Envie seu curr\u00edculo.\" \/>\n<meta name=\"robots\" content=\"index, follow, max-snippet:-1, max-image-preview:large, max-video-preview:-1\" \/>\n<link rel=\"canonical\" href=\"https:\/\/www.vagadeempregorj.com.br\/es\/vagas-de-trabalho-lideranca-servicos\/\" \/>\n<meta property=\"og:locale\" content=\"es_MX\" \/>\n<meta property=\"og:type\" content=\"article\" \/>\n<meta property=\"og:title\" content=\"Encarregado, Auxiliar, Assistente e outras vagas de trabalho na Lideran\u00e7a Servi\u00e7os, acesse e adicione seu curr\u00edculo -\" \/>\n<meta property=\"og:description\" content=\"Vagas de trabalho Lideran\u00e7a Servi\u00e7os, oferece terceirizados para empresas grandes, como a Kellogg\u2019s. Envie seu curr\u00edculo.\" \/>\n<meta property=\"og:url\" content=\"https:\/\/www.vagadeempregorj.com.br\/es\/vagas-de-trabalho-lideranca-servicos\/\" \/>\n<meta property=\"article:publisher\" content=\"https:\/\/www.facebook.com\/empregobrasiloficial\" \/>\n<meta property=\"article:published_time\" content=\"2023-08-31T03:02:00+00:00\" \/>\n<meta property=\"article:modified_time\" content=\"2025-03-09T16:27:57+00:00\" \/>\n<meta property=\"og:image\" content=\"https:\/\/www.vagadeempregorj.com.br\/wp-content\/uploads\/2022\/04\/lideranca-servicos.jpg\" \/>\n\t<meta property=\"og:image:width\" content=\"1200\" \/>\n\t<meta property=\"og:image:height\" content=\"675\" \/>\n\t<meta property=\"og:image:type\" content=\"image\/jpeg\" \/>\n<meta name=\"author\" content=\"Pedro Santos\" \/>\n<meta name=\"twitter:card\" content=\"summary_large_image\" \/>\n<meta name=\"twitter:label1\" content=\"Written by\" \/>\n\t<meta name=\"twitter:data1\" content=\"Pedro Santos\" \/>\n\t<meta name=\"twitter:label2\" content=\"Est. reading time\" \/>\n\t<meta name=\"twitter:data2\" content=\"2 minutos\" \/>\n<script type=\"application\/ld+json\" class=\"yoast-schema-graph\">{\"@context\":\"https:\\\/\\\/schema.org\",\"@graph\":[{\"@type\":\"Article\",\"@id\":\"https:\\\/\\\/www.vagadeempregorj.com.br\\\/vagas-de-trabalho-lideranca-servicos\\\/#article\",\"isPartOf\":{\"@id\":\"https:\\\/\\\/www.vagadeempregorj.com.br\\\/vagas-de-trabalho-lideranca-servicos\\\/\"},\"author\":{\"name\":\"Pedro Santos\",\"@id\":\"https:\\\/\\\/www.vagadeempregorj.com.br\\\/#\\\/schema\\\/person\\\/ff7c1ede281066d35b2813eb13f662ef\"},\"headline\":\"Encarregado, Auxiliar, Assistente e outras vagas de trabalho na Lideran\u00e7a Servi\u00e7os, acesse e adicione seu curr\u00edculo\",\"datePublished\":\"2023-08-31T03:02:00+00:00\",\"dateModified\":\"2025-03-09T16:27:57+00:00\",\"mainEntityOfPage\":{\"@id\":\"https:\\\/\\\/www.vagadeempregorj.com.br\\\/vagas-de-trabalho-lideranca-servicos\\\/\"},\"wordCount\":390,\"image\":{\"@id\":\"https:\\\/\\\/www.vagadeempregorj.com.br\\\/vagas-de-trabalho-lideranca-servicos\\\/#primaryimage\"},\"thumbnailUrl\":\"https:\\\/\\\/www.vagadeempregorj.com.br\\\/wp-content\\\/uploads\\\/2022\\\/04\\\/lideranca-servicos.jpg\",\"keywords\":[\"Lideran\u00e7a Servi\u00e7os\",\"vaga de emprego\"],\"articleSection\":[\"Vagas de Emprego Nacionais\"],\"inLanguage\":\"es\"},{\"@type\":\"WebPage\",\"@id\":\"https:\\\/\\\/www.vagadeempregorj.com.br\\\/vagas-de-trabalho-lideranca-servicos\\\/\",\"url\":\"https:\\\/\\\/www.vagadeempregorj.com.br\\\/vagas-de-trabalho-lideranca-servicos\\\/\",\"name\":\"Encarregado, Auxiliar, Assistente e outras vagas de trabalho na Lideran\u00e7a Servi\u00e7os, acesse e adicione seu curr\u00edculo -\",\"isPartOf\":{\"@id\":\"https:\\\/\\\/www.vagadeempregorj.com.br\\\/#website\"},\"primaryImageOfPage\":{\"@id\":\"https:\\\/\\\/www.vagadeempregorj.com.br\\\/vagas-de-trabalho-lideranca-servicos\\\/#primaryimage\"},\"image\":{\"@id\":\"https:\\\/\\\/www.vagadeempregorj.com.br\\\/vagas-de-trabalho-lideranca-servicos\\\/#primaryimage\"},\"thumbnailUrl\":\"https:\\\/\\\/www.vagadeempregorj.com.br\\\/wp-content\\\/uploads\\\/2022\\\/04\\\/lideranca-servicos.jpg\",\"datePublished\":\"2023-08-31T03:02:00+00:00\",\"dateModified\":\"2025-03-09T16:27:57+00:00\",\"author\":{\"@id\":\"https:\\\/\\\/www.vagadeempregorj.com.br\\\/#\\\/schema\\\/person\\\/ff7c1ede281066d35b2813eb13f662ef\"},\"description\":\"Vagas de trabalho Lideran\u00e7a Servi\u00e7os, oferece terceirizados para empresas grandes, como a Kellogg\u2019s. Envie seu curr\u00edculo.\",\"breadcrumb\":{\"@id\":\"https:\\\/\\\/www.vagadeempregorj.com.br\\\/vagas-de-trabalho-lideranca-servicos\\\/#breadcrumb\"},\"inLanguage\":\"es\",\"potentialAction\":[{\"@type\":\"ReadAction\",\"target\":[\"https:\\\/\\\/www.vagadeempregorj.com.br\\\/vagas-de-trabalho-lideranca-servicos\\\/\"]}]},{\"@type\":\"ImageObject\",\"inLanguage\":\"es\",\"@id\":\"https:\\\/\\\/www.vagadeempregorj.com.br\\\/vagas-de-trabalho-lideranca-servicos\\\/#primaryimage\",\"url\":\"https:\\\/\\\/www.vagadeempregorj.com.br\\\/wp-content\\\/uploads\\\/2022\\\/04\\\/lideranca-servicos.jpg\",\"contentUrl\":\"https:\\\/\\\/www.vagadeempregorj.com.br\\\/wp-content\\\/uploads\\\/2022\\\/04\\\/lideranca-servicos.jpg\",\"width\":1200,\"height\":675,\"caption\":\"lideranca servicos\"},{\"@type\":\"BreadcrumbList\",\"@id\":\"https:\\\/\\\/www.vagadeempregorj.com.br\\\/vagas-de-trabalho-lideranca-servicos\\\/#breadcrumb\",\"itemListElement\":[{\"@type\":\"ListItem\",\"position\":1,\"name\":\"In\u00edcio\",\"item\":\"https:\\\/\\\/www.vagadeempregorj.com.br\\\/\"},{\"@type\":\"ListItem\",\"position\":2,\"name\":\"Vagas de Emprego Nacionais\",\"item\":\"https:\\\/\\\/www.vagadeempregorj.com.br\\\/vagas-de-emprego-nacionais\\\/\"},{\"@type\":\"ListItem\",\"position\":3,\"name\":\"Encarregado, Auxiliar, Assistente e outras vagas de trabalho na Lideran\u00e7a Servi\u00e7os, acesse e adicione seu curr\u00edculo\"}]},{\"@type\":\"WebSite\",\"@id\":\"https:\\\/\\\/www.vagadeempregorj.com.br\\\/#website\",\"url\":\"https:\\\/\\\/www.vagadeempregorj.com.br\\\/\",\"name\":\"\",\"description\":\"Conquiste Sonhos: Vagas, Benef\u00edcios e Economia para Transformar Vidas e Alcan\u00e7ar Melhorias Cotidianas\",\"potentialAction\":[{\"@type\":\"SearchAction\",\"target\":{\"@type\":\"EntryPoint\",\"urlTemplate\":\"https:\\\/\\\/www.vagadeempregorj.com.br\\\/?s={search_term_string}\"},\"query-input\":{\"@type\":\"PropertyValueSpecification\",\"valueRequired\":true,\"valueName\":\"search_term_string\"}}],\"inLanguage\":\"es\"},{\"@type\":\"Person\",\"@id\":\"https:\\\/\\\/www.vagadeempregorj.com.br\\\/#\\\/schema\\\/person\\\/ff7c1ede281066d35b2813eb13f662ef\",\"name\":\"Pedro Santos\",\"image\":{\"@type\":\"ImageObject\",\"inLanguage\":\"es\",\"@id\":\"https:\\\/\\\/secure.gravatar.com\\\/avatar\\\/0f569c1b80e91280c9dc54d2dec96d0c5562a072cef4b08b7e3807948546027c?s=96&r=g\",\"url\":\"https:\\\/\\\/secure.gravatar.com\\\/avatar\\\/0f569c1b80e91280c9dc54d2dec96d0c5562a072cef4b08b7e3807948546027c?s=96&r=g\",\"contentUrl\":\"https:\\\/\\\/secure.gravatar.com\\\/avatar\\\/0f569c1b80e91280c9dc54d2dec96d0c5562a072cef4b08b7e3807948546027c?s=96&r=g\",\"caption\":\"Pedro Santos\"},\"description\":\"Meu nome \u00e9 Pedro e sou redator. Dedico meu tempo escrevendo vagas de emprego diariamente no portal Vaga de Emprego RJ\",\"url\":\"https:\\\/\\\/www.vagadeempregorj.com.br\\\/es\\\/author\\\/fabio\\\/\"}]}<\/script>\n<!-- \/ Yoast SEO plugin. -->","yoast_head_json":{"title":"Encarregado, Auxiliar, Assistente e outras vagas de trabalho na Lideran\u00e7a Servi\u00e7os, acesse e adicione seu curr\u00edculo -","description":"Vagas de trabalho Lideran\u00e7a Servi\u00e7os, oferece terceirizados para empresas grandes, como a Kellogg\u2019s. Envie seu curr\u00edculo.","robots":{"index":"index","follow":"follow","max-snippet":"max-snippet:-1","max-image-preview":"max-image-preview:large","max-video-preview":"max-video-preview:-1"},"canonical":"https:\/\/www.vagadeempregorj.com.br\/es\/vagas-de-trabalho-lideranca-servicos\/","og_locale":"es_MX","og_type":"article","og_title":"Encarregado, Auxiliar, Assistente e outras vagas de trabalho na Lideran\u00e7a Servi\u00e7os, acesse e adicione seu curr\u00edculo -","og_description":"Vagas de trabalho Lideran\u00e7a Servi\u00e7os, oferece terceirizados para empresas grandes, como a Kellogg\u2019s. Envie seu curr\u00edculo.","og_url":"https:\/\/www.vagadeempregorj.com.br\/es\/vagas-de-trabalho-lideranca-servicos\/","article_publisher":"https:\/\/www.facebook.com\/empregobrasiloficial","article_published_time":"2023-08-31T03:02:00+00:00","article_modified_time":"2025-03-09T16:27:57+00:00","og_image":[{"width":1200,"height":675,"url":"https:\/\/www.vagadeempregorj.com.br\/wp-content\/uploads\/2022\/04\/lideranca-servicos.jpg","type":"image\/jpeg"}],"author":"Pedro Santos","twitter_card":"summary_large_image","twitter_misc":{"Written by":"Pedro Santos","Est. reading time":"2 minutos"},"schema":{"@context":"https:\/\/schema.org","@graph":[{"@type":"Article","@id":"https:\/\/www.vagadeempregorj.com.br\/vagas-de-trabalho-lideranca-servicos\/#article","isPartOf":{"@id":"https:\/\/www.vagadeempregorj.com.br\/vagas-de-trabalho-lideranca-servicos\/"},"author":{"name":"Pedro Santos","@id":"https:\/\/www.vagadeempregorj.com.br\/#\/schema\/person\/ff7c1ede281066d35b2813eb13f662ef"},"headline":"Encarregado, Auxiliar, Assistente e outras vagas de trabalho na Lideran\u00e7a Servi\u00e7os, acesse e adicione seu curr\u00edculo","datePublished":"2023-08-31T03:02:00+00:00","dateModified":"2025-03-09T16:27:57+00:00","mainEntityOfPage":{"@id":"https:\/\/www.vagadeempregorj.com.br\/vagas-de-trabalho-lideranca-servicos\/"},"wordCount":390,"image":{"@id":"https:\/\/www.vagadeempregorj.com.br\/vagas-de-trabalho-lideranca-servicos\/#primaryimage"},"thumbnailUrl":"https:\/\/www.vagadeempregorj.com.br\/wp-content\/uploads\/2022\/04\/lideranca-servicos.jpg","keywords":["Lideran\u00e7a Servi\u00e7os","vaga de emprego"],"articleSection":["Vagas de Emprego Nacionais"],"inLanguage":"es"},{"@type":"WebPage","@id":"https:\/\/www.vagadeempregorj.com.br\/vagas-de-trabalho-lideranca-servicos\/","url":"https:\/\/www.vagadeempregorj.com.br\/vagas-de-trabalho-lideranca-servicos\/","name":"Encarregado, Auxiliar, Assistente e outras vagas de trabalho na Lideran\u00e7a Servi\u00e7os, acesse e adicione seu curr\u00edculo -","isPartOf":{"@id":"https:\/\/www.vagadeempregorj.com.br\/#website"},"primaryImageOfPage":{"@id":"https:\/\/www.vagadeempregorj.com.br\/vagas-de-trabalho-lideranca-servicos\/#primaryimage"},"image":{"@id":"https:\/\/www.vagadeempregorj.com.br\/vagas-de-trabalho-lideranca-servicos\/#primaryimage"},"thumbnailUrl":"https:\/\/www.vagadeempregorj.com.br\/wp-content\/uploads\/2022\/04\/lideranca-servicos.jpg","datePublished":"2023-08-31T03:02:00+00:00","dateModified":"2025-03-09T16:27:57+00:00","author":{"@id":"https:\/\/www.vagadeempregorj.com.br\/#\/schema\/person\/ff7c1ede281066d35b2813eb13f662ef"},"description":"Vagas de trabalho Lideran\u00e7a Servi\u00e7os, oferece terceirizados para empresas grandes, como a Kellogg\u2019s. Envie seu curr\u00edculo.","breadcrumb":{"@id":"https:\/\/www.vagadeempregorj.com.br\/vagas-de-trabalho-lideranca-servicos\/#breadcrumb"},"inLanguage":"es","potentialAction":[{"@type":"ReadAction","target":["https:\/\/www.vagadeempregorj.com.br\/vagas-de-trabalho-lideranca-servicos\/"]}]},{"@type":"ImageObject","inLanguage":"es","@id":"https:\/\/www.vagadeempregorj.com.br\/vagas-de-trabalho-lideranca-servicos\/#primaryimage","url":"https:\/\/www.vagadeempregorj.com.br\/wp-content\/uploads\/2022\/04\/lideranca-servicos.jpg","contentUrl":"https:\/\/www.vagadeempregorj.com.br\/wp-content\/uploads\/2022\/04\/lideranca-servicos.jpg","width":1200,"height":675,"caption":"lideranca servicos"},{"@type":"BreadcrumbList","@id":"https:\/\/www.vagadeempregorj.com.br\/vagas-de-trabalho-lideranca-servicos\/#breadcrumb","itemListElement":[{"@type":"ListItem","position":1,"name":"In\u00edcio","item":"https:\/\/www.vagadeempregorj.com.br\/"},{"@type":"ListItem","position":2,"name":"Vagas de Emprego Nacionais","item":"https:\/\/www.vagadeempregorj.com.br\/vagas-de-emprego-nacionais\/"},{"@type":"ListItem","position":3,"name":"Encarregado, Auxiliar, Assistente e outras vagas de trabalho na Lideran\u00e7a Servi\u00e7os, acesse e adicione seu curr\u00edculo"}]},{"@type":"WebSite","@id":"https:\/\/www.vagadeempregorj.com.br\/#website","url":"https:\/\/www.vagadeempregorj.com.br\/","name":"","description":"Conquiste Sonhos: Vagas, Benef\u00edcios e Economia para Transformar Vidas e Alcan\u00e7ar Melhorias Cotidianas","potentialAction":[{"@type":"SearchAction","target":{"@type":"EntryPoint","urlTemplate":"https:\/\/www.vagadeempregorj.com.br\/?s={search_term_string}"},"query-input":{"@type":"PropertyValueSpecification","valueRequired":true,"valueName":"search_term_string"}}],"inLanguage":"es"},{"@type":"Person","@id":"https:\/\/www.vagadeempregorj.com.br\/#\/schema\/person\/ff7c1ede281066d35b2813eb13f662ef","name":"Pedro Santos","image":{"@type":"ImageObject","inLanguage":"es","@id":"https:\/\/secure.gravatar.com\/avatar\/0f569c1b80e91280c9dc54d2dec96d0c5562a072cef4b08b7e3807948546027c?s=96&r=g","url":"https:\/\/secure.gravatar.com\/avatar\/0f569c1b80e91280c9dc54d2dec96d0c5562a072cef4b08b7e3807948546027c?s=96&r=g","contentUrl":"https:\/\/secure.gravatar.com\/avatar\/0f569c1b80e91280c9dc54d2dec96d0c5562a072cef4b08b7e3807948546027c?s=96&r=g","caption":"Pedro Santos"},"description":"Meu nome \u00e9 Pedro e sou redator. Dedico meu tempo escrevendo vagas de emprego diariamente no portal Vaga de Emprego RJ","url":"https:\/\/www.vagadeempregorj.com.br\/es\/author\/fabio\/"}]}},"_links":{"self":[{"href":"https:\/\/www.vagadeempregorj.com.br\/es\/wp-json\/wp\/v2\/posts\/27598","targetHints":{"allow":["GET"]}}],"collection":[{"href":"https:\/\/www.vagadeempregorj.com.br\/es\/wp-json\/wp\/v2\/posts"}],"about":[{"href":"https:\/\/www.vagadeempregorj.com.br\/es\/wp-json\/wp\/v2\/types\/post"}],"author":[{"embeddable":true,"href":"https:\/\/www.vagadeempregorj.com.br\/es\/wp-json\/wp\/v2\/users\/10"}],"replies":[{"embeddable":true,"href":"https:\/\/www.vagadeempregorj.com.br\/es\/wp-json\/wp\/v2\/comments?post=27598"}],"version-history":[{"count":0,"href":"https:\/\/www.vagadeempregorj.com.br\/es\/wp-json\/wp\/v2\/posts\/27598\/revisions"}],"wp:featuredmedia":[{"embeddable":true,"href":"https:\/\/www.vagadeempregorj.com.br\/es\/wp-json\/wp\/v2\/media\/27621"}],"wp:attachment":[{"href":"https:\/\/www.vagadeempregorj.com.br\/es\/wp-json\/wp\/v2\/media?parent=27598"}],"wp:term":[{"taxonomy":"category","embeddable":true,"href":"https:\/\/www.vagadeempregorj.com.br\/es\/wp-json\/wp\/v2\/categories?post=27598"},{"taxonomy":"post_tag","embeddable":true,"href":"https:\/\/www.vagadeempregorj.com.br\/es\/wp-json\/wp\/v2\/tags?post=27598"}],"curies":[{"name":"wp","href":"https:\/\/api.w.org\/{rel}","templated":true}]}}