{"id":27662,"date":"2023-09-21T00:03:00","date_gmt":"2023-09-21T03:03:00","guid":{"rendered":"https:\/\/www.vagadeempregorj.com.br\/?p=27662"},"modified":"2023-09-20T17:55:12","modified_gmt":"2023-09-20T20:55:12","slug":"balconista-de-drogaria","status":"publish","type":"post","link":"https:\/\/www.vagadeempregorj.com.br\/es\/balconista-de-drogaria\/","title":{"rendered":"Balconista de Drogaria, Vendedor, Conferente e outras vagas no Grupo Elfa, envie seu curr\u00edculo j\u00e1"},"content":{"rendered":"<p>Atualizado em <\/p>\n\n\n<div class=\"wp-block-post-date\"><time datetime=\"2023-09-21T00:03:00-03:00\">21\/09\/2023<\/time><\/div>\n\n\n<p>Balconista de Drogaria, Vendedor, Conferente e outras vagas no Grupo Elfa, a empresa disponibiliza medicamentos para hospitais e para uso em casa, sendo parceiro da Astrazeneca.<\/p>\n\n\n\n<p>O Grupo Elfa atua na \u00e1rea de sa\u00fade e tem v\u00e1rias marcas com produtos voltados \u00e0 manuten\u00e7\u00e3o do bem-estar, muitas delas sendo procuradas por hospitais.<\/p>\n\n\n\n<p>Ao se candidatar a qualquer vaga nesse grupo, as pessoas podem ser redirecionadas para uma das marcas e as oportunidades atualmente encontradas s\u00e3o:<\/p>\n\n\n\n<ul class=\"wp-block-list\">\n<li>Analista cont\u00e1bil<\/li>\n\n\n\n<li>Analista de ESG<\/li>\n\n\n\n<li>Analista de log\u00edstica<\/li>\n\n\n\n<li>Analista de seguran\u00e7a da informa\u00e7\u00e3o pleno<\/li>\n\n\n\n<li>Analista de transporte<\/li>\n\n\n\n<li>Assistente administrativo<\/li>\n\n\n\n<li>Assistente de infraestrutura<\/li>\n\n\n\n<li>Balconista de drogaria<\/li>\n\n\n\n<li>Conferente<\/li>\n\n\n\n<li>Desenvolvedor full stack pleno<\/li>\n\n\n\n<li>Especializa em ponto eletr\u00f4nico<\/li>\n\n\n\n<li>Gerente regional<\/li>\n\n\n\n<li>Vendedor interno<\/li>\n\n\n\n<li>E mais<\/li>\n<\/ul>\n\n\n\n<p>O grupo empresarial n\u00e3o informa o que \u00e9 pago como benef\u00edcio aos seus funcion\u00e1rios.<\/p>\n\n\n\n<div class=\"wp-block-buttons is-horizontal is-content-justification-center is-layout-flex wp-container-core-buttons-is-layout-499968f5 wp-block-buttons-is-layout-flex\">\n<div class=\"wp-block-button\"><a class=\"wp-block-button__link has-black-color has-text-color has-background wp-element-button\" href=\"https:\/\/www.vagadeempregorj.com.br\/es\/enviando-seu-curriculo-rapidamente\/\" style=\"background:linear-gradient(2deg,rgb(255,134,50) 64%,rgb(255,197,71) 100%)\"><strong>VEJA COMO SE CANDIDATAR<\/strong><\/a><\/div>\n<\/div>\n\n\n\n<h2 class=\"wp-block-heading\"><strong>Trabalhe Conosco Grupo Elfa, como se inscrever<\/strong><\/h2>\n\n\n\n<p>Qualquer pessoa que j\u00e1 tenha tido um cadastro na GUPY pode mandar o curr\u00edculo para o Grupo Elfa, bastando acessar <a href=\"https:\/\/grupoelfa.gupy.io\/\">https:\/\/grupoelfa.gupy.io\/<\/a>.<\/p>\n\n\n\n<p>Na \u00e1rea \u201cSou candidato\u201d, \u00e9 s\u00f3 fazer algumas atualiza\u00e7\u00f5es no curr\u00edculo para que ele fique pronto para o envio \u00e0 empresa.<\/p>\n\n\n\n<p>O uso da plataforma GUPY para se candidatar \u00e0s oportunidades \u00e9 gratuito e o LinkedIn \u00e9 outra ferramenta interessante para ter informa\u00e7\u00f5es da empresa: <a href=\"https:\/\/www.linkedin.com\/company\/grupo-elfa\/\">https:\/\/www.linkedin.com\/company\/grupo-elfa\/<\/a>.<\/p>\n\n\n\n<h2 class=\"wp-block-heading\"><strong>Descubra um pouco sobre o Grupo Elfa<\/strong><\/h2>\n\n\n\n<p>O Grupo Elfa faz produtos para uso dentro dos hospitais e que os pacientes podem usar dentro das suas casas, como controle das suas enfermidades.<\/p>\n\n\n\n<p>Suas marcas s\u00e3o: Ambioton, Biodente Materiais Odontol\u00f3gicos, Comercial Mostaert, Group DRS, Fenergy, JAW, Medcom, Prescrita Medicamentos, TLS Log\u00edstica e Gest\u00e3o em Sa\u00fade e Atrial Sa\u00fade.<\/p>\n\n\n\n<p>As premia\u00e7\u00f5es obtidas s\u00e3o: Great Place To Work, Selo WOB, Selo Empresa Pr\u00f3-\u00c9tica, Valor 1000, ISO 37001 e 100+ Inovadoras no Uso de TI.<\/p>\n\n\n\n<p>H\u00e1 v\u00e1rios parceiros regulares do Grupo Elfa, como MSD, Pfizer, Eurofarma, Sandoz, Novartis, Sanofi, Astrazeneca, CSL Behring, Roche, Bayer e muitos outros.<\/p>\n\n\n\n<div class=\"wp-block-buttons is-horizontal is-content-justification-center is-layout-flex wp-container-core-buttons-is-layout-499968f5 wp-block-buttons-is-layout-flex\">\n<div class=\"wp-block-button\"><a class=\"wp-block-button__link has-black-color has-text-color has-background wp-element-button\" href=\"https:\/\/www.vagadeempregorj.com.br\/es\/vagas-de-emprego-nacionais\/\" style=\"border-radius:29px;background:linear-gradient(2deg,rgb(255,134,50) 60%,rgb(255,197,71) 100%)\"><strong>VEJA NOVAS VAGAS PARA SE CANDIDATAR<\/strong><\/a><\/div>\n<\/div>","protected":false},"excerpt":{"rendered":"<p>Balconista de Drogaria, Vendedor, Conferente e outras vagas no Grupo Elfa, a empresa disponibiliza medicamentos para hospitais e para&#8230;.<\/p>","protected":false},"author":10,"featured_media":27674,"comment_status":"closed","ping_status":"closed","sticky":false,"template":"","format":"standard","meta":{"neve_meta_sidebar":"","neve_meta_container":"","neve_meta_enable_content_width":"","neve_meta_content_width":0,"neve_meta_title_alignment":"","neve_meta_author_avatar":"","neve_post_elements_order":"","neve_meta_disable_header":"","neve_meta_disable_footer":"","neve_meta_disable_title":"","footnotes":""},"categories":[123],"tags":[328,147],"class_list":["post-27662","post","type-post","status-publish","format-standard","has-post-thumbnail","hentry","category-vagas-de-emprego-nacionais","tag-grupo-elfa","tag-vaga-de-emprego"],"yoast_head":"<!-- This site is optimized with the Yoast SEO plugin v27.5 - https:\/\/yoast.com\/product\/yoast-seo-wordpress\/ -->\n<title>Balconista de Drogaria, Vendedor, Conferente e outras vagas no Grupo Elfa, envie seu curr\u00edculo j\u00e1 -<\/title>\n<meta name=\"description\" content=\"Balconista de Drogaria, Vendedor, Conferente e outras vagas no Grupo Elfa, a empresa disponibiliza medicamentos para hospitais e para....\" \/>\n<meta name=\"robots\" content=\"index, follow, max-snippet:-1, max-image-preview:large, max-video-preview:-1\" \/>\n<link rel=\"canonical\" href=\"https:\/\/www.vagadeempregorj.com.br\/es\/balconista-de-drogaria\/\" \/>\n<meta property=\"og:locale\" content=\"es_MX\" \/>\n<meta property=\"og:type\" content=\"article\" \/>\n<meta property=\"og:title\" content=\"Balconista de Drogaria, Vendedor, Conferente e outras vagas no Grupo Elfa, envie seu curr\u00edculo j\u00e1 -\" \/>\n<meta property=\"og:description\" content=\"Balconista de Drogaria, Vendedor, Conferente e outras vagas no Grupo Elfa, a empresa disponibiliza medicamentos para hospitais e para....\" \/>\n<meta property=\"og:url\" content=\"https:\/\/www.vagadeempregorj.com.br\/es\/balconista-de-drogaria\/\" \/>\n<meta property=\"article:publisher\" content=\"https:\/\/www.facebook.com\/empregobrasiloficial\" \/>\n<meta property=\"article:published_time\" content=\"2023-09-21T03:03:00+00:00\" \/>\n<meta property=\"og:image\" content=\"https:\/\/www.vagadeempregorj.com.br\/wp-content\/uploads\/2022\/04\/elfa.jpg\" \/>\n\t<meta property=\"og:image:width\" content=\"1200\" \/>\n\t<meta property=\"og:image:height\" content=\"675\" \/>\n\t<meta property=\"og:image:type\" content=\"image\/jpeg\" \/>\n<meta name=\"author\" content=\"Pedro Santos\" \/>\n<meta name=\"twitter:card\" content=\"summary_large_image\" \/>\n<meta name=\"twitter:label1\" content=\"Written by\" \/>\n\t<meta name=\"twitter:data1\" content=\"Pedro Santos\" \/>\n\t<meta name=\"twitter:label2\" content=\"Est. reading time\" \/>\n\t<meta name=\"twitter:data2\" content=\"2 minutos\" \/>\n<script type=\"application\/ld+json\" class=\"yoast-schema-graph\">{\"@context\":\"https:\\\/\\\/schema.org\",\"@graph\":[{\"@type\":\"Article\",\"@id\":\"https:\\\/\\\/www.vagadeempregorj.com.br\\\/balconista-de-drogaria\\\/#article\",\"isPartOf\":{\"@id\":\"https:\\\/\\\/www.vagadeempregorj.com.br\\\/balconista-de-drogaria\\\/\"},\"author\":{\"name\":\"Pedro Santos\",\"@id\":\"https:\\\/\\\/www.vagadeempregorj.com.br\\\/#\\\/schema\\\/person\\\/ff7c1ede281066d35b2813eb13f662ef\"},\"headline\":\"Balconista de Drogaria, Vendedor, Conferente e outras vagas no Grupo Elfa, envie seu curr\u00edculo j\u00e1\",\"datePublished\":\"2023-09-21T03:03:00+00:00\",\"mainEntityOfPage\":{\"@id\":\"https:\\\/\\\/www.vagadeempregorj.com.br\\\/balconista-de-drogaria\\\/\"},\"wordCount\":359,\"image\":{\"@id\":\"https:\\\/\\\/www.vagadeempregorj.com.br\\\/balconista-de-drogaria\\\/#primaryimage\"},\"thumbnailUrl\":\"https:\\\/\\\/www.vagadeempregorj.com.br\\\/wp-content\\\/uploads\\\/2022\\\/04\\\/elfa.jpg\",\"keywords\":[\"Grupo Elfa\",\"vaga de emprego\"],\"articleSection\":[\"Vagas de Emprego Nacionais\"],\"inLanguage\":\"es\"},{\"@type\":\"WebPage\",\"@id\":\"https:\\\/\\\/www.vagadeempregorj.com.br\\\/balconista-de-drogaria\\\/\",\"url\":\"https:\\\/\\\/www.vagadeempregorj.com.br\\\/balconista-de-drogaria\\\/\",\"name\":\"Balconista de Drogaria, Vendedor, Conferente e outras vagas no Grupo Elfa, envie seu curr\u00edculo j\u00e1 -\",\"isPartOf\":{\"@id\":\"https:\\\/\\\/www.vagadeempregorj.com.br\\\/#website\"},\"primaryImageOfPage\":{\"@id\":\"https:\\\/\\\/www.vagadeempregorj.com.br\\\/balconista-de-drogaria\\\/#primaryimage\"},\"image\":{\"@id\":\"https:\\\/\\\/www.vagadeempregorj.com.br\\\/balconista-de-drogaria\\\/#primaryimage\"},\"thumbnailUrl\":\"https:\\\/\\\/www.vagadeempregorj.com.br\\\/wp-content\\\/uploads\\\/2022\\\/04\\\/elfa.jpg\",\"datePublished\":\"2023-09-21T03:03:00+00:00\",\"author\":{\"@id\":\"https:\\\/\\\/www.vagadeempregorj.com.br\\\/#\\\/schema\\\/person\\\/ff7c1ede281066d35b2813eb13f662ef\"},\"description\":\"Balconista de Drogaria, Vendedor, Conferente e outras vagas no Grupo Elfa, a empresa disponibiliza medicamentos para hospitais e para....\",\"breadcrumb\":{\"@id\":\"https:\\\/\\\/www.vagadeempregorj.com.br\\\/balconista-de-drogaria\\\/#breadcrumb\"},\"inLanguage\":\"es\",\"potentialAction\":[{\"@type\":\"ReadAction\",\"target\":[\"https:\\\/\\\/www.vagadeempregorj.com.br\\\/balconista-de-drogaria\\\/\"]}]},{\"@type\":\"ImageObject\",\"inLanguage\":\"es\",\"@id\":\"https:\\\/\\\/www.vagadeempregorj.com.br\\\/balconista-de-drogaria\\\/#primaryimage\",\"url\":\"https:\\\/\\\/www.vagadeempregorj.com.br\\\/wp-content\\\/uploads\\\/2022\\\/04\\\/elfa.jpg\",\"contentUrl\":\"https:\\\/\\\/www.vagadeempregorj.com.br\\\/wp-content\\\/uploads\\\/2022\\\/04\\\/elfa.jpg\",\"width\":1200,\"height\":675,\"caption\":\"elfa\"},{\"@type\":\"BreadcrumbList\",\"@id\":\"https:\\\/\\\/www.vagadeempregorj.com.br\\\/balconista-de-drogaria\\\/#breadcrumb\",\"itemListElement\":[{\"@type\":\"ListItem\",\"position\":1,\"name\":\"In\u00edcio\",\"item\":\"https:\\\/\\\/www.vagadeempregorj.com.br\\\/\"},{\"@type\":\"ListItem\",\"position\":2,\"name\":\"Vagas de Emprego Nacionais\",\"item\":\"https:\\\/\\\/www.vagadeempregorj.com.br\\\/vagas-de-emprego-nacionais\\\/\"},{\"@type\":\"ListItem\",\"position\":3,\"name\":\"Balconista de Drogaria, Vendedor, Conferente e outras vagas no Grupo Elfa, envie seu curr\u00edculo j\u00e1\"}]},{\"@type\":\"WebSite\",\"@id\":\"https:\\\/\\\/www.vagadeempregorj.com.br\\\/#website\",\"url\":\"https:\\\/\\\/www.vagadeempregorj.com.br\\\/\",\"name\":\"\",\"description\":\"Conquiste Sonhos: Vagas, Benef\u00edcios e Economia para Transformar Vidas e Alcan\u00e7ar Melhorias Cotidianas\",\"potentialAction\":[{\"@type\":\"SearchAction\",\"target\":{\"@type\":\"EntryPoint\",\"urlTemplate\":\"https:\\\/\\\/www.vagadeempregorj.com.br\\\/?s={search_term_string}\"},\"query-input\":{\"@type\":\"PropertyValueSpecification\",\"valueRequired\":true,\"valueName\":\"search_term_string\"}}],\"inLanguage\":\"es\"},{\"@type\":\"Person\",\"@id\":\"https:\\\/\\\/www.vagadeempregorj.com.br\\\/#\\\/schema\\\/person\\\/ff7c1ede281066d35b2813eb13f662ef\",\"name\":\"Pedro Santos\",\"image\":{\"@type\":\"ImageObject\",\"inLanguage\":\"es\",\"@id\":\"https:\\\/\\\/secure.gravatar.com\\\/avatar\\\/0f569c1b80e91280c9dc54d2dec96d0c5562a072cef4b08b7e3807948546027c?s=96&r=g\",\"url\":\"https:\\\/\\\/secure.gravatar.com\\\/avatar\\\/0f569c1b80e91280c9dc54d2dec96d0c5562a072cef4b08b7e3807948546027c?s=96&r=g\",\"contentUrl\":\"https:\\\/\\\/secure.gravatar.com\\\/avatar\\\/0f569c1b80e91280c9dc54d2dec96d0c5562a072cef4b08b7e3807948546027c?s=96&r=g\",\"caption\":\"Pedro Santos\"},\"description\":\"Meu nome \u00e9 Pedro e sou redator. Dedico meu tempo escrevendo vagas de emprego diariamente no portal Vaga de Emprego RJ\",\"url\":\"https:\\\/\\\/www.vagadeempregorj.com.br\\\/es\\\/author\\\/fabio\\\/\"}]}<\/script>\n<!-- \/ Yoast SEO plugin. -->","yoast_head_json":{"title":"Balconista de Drogaria, Vendedor, Conferente e outras vagas no Grupo Elfa, envie seu curr\u00edculo j\u00e1 -","description":"Balconista de Drogaria, Vendedor, Conferente e outras vagas no Grupo Elfa, a empresa disponibiliza medicamentos para hospitais e para....","robots":{"index":"index","follow":"follow","max-snippet":"max-snippet:-1","max-image-preview":"max-image-preview:large","max-video-preview":"max-video-preview:-1"},"canonical":"https:\/\/www.vagadeempregorj.com.br\/es\/balconista-de-drogaria\/","og_locale":"es_MX","og_type":"article","og_title":"Balconista de Drogaria, Vendedor, Conferente e outras vagas no Grupo Elfa, envie seu curr\u00edculo j\u00e1 -","og_description":"Balconista de Drogaria, Vendedor, Conferente e outras vagas no Grupo Elfa, a empresa disponibiliza medicamentos para hospitais e para....","og_url":"https:\/\/www.vagadeempregorj.com.br\/es\/balconista-de-drogaria\/","article_publisher":"https:\/\/www.facebook.com\/empregobrasiloficial","article_published_time":"2023-09-21T03:03:00+00:00","og_image":[{"width":1200,"height":675,"url":"https:\/\/www.vagadeempregorj.com.br\/wp-content\/uploads\/2022\/04\/elfa.jpg","type":"image\/jpeg"}],"author":"Pedro Santos","twitter_card":"summary_large_image","twitter_misc":{"Written by":"Pedro Santos","Est. reading time":"2 minutos"},"schema":{"@context":"https:\/\/schema.org","@graph":[{"@type":"Article","@id":"https:\/\/www.vagadeempregorj.com.br\/balconista-de-drogaria\/#article","isPartOf":{"@id":"https:\/\/www.vagadeempregorj.com.br\/balconista-de-drogaria\/"},"author":{"name":"Pedro Santos","@id":"https:\/\/www.vagadeempregorj.com.br\/#\/schema\/person\/ff7c1ede281066d35b2813eb13f662ef"},"headline":"Balconista de Drogaria, Vendedor, Conferente e outras vagas no Grupo Elfa, envie seu curr\u00edculo j\u00e1","datePublished":"2023-09-21T03:03:00+00:00","mainEntityOfPage":{"@id":"https:\/\/www.vagadeempregorj.com.br\/balconista-de-drogaria\/"},"wordCount":359,"image":{"@id":"https:\/\/www.vagadeempregorj.com.br\/balconista-de-drogaria\/#primaryimage"},"thumbnailUrl":"https:\/\/www.vagadeempregorj.com.br\/wp-content\/uploads\/2022\/04\/elfa.jpg","keywords":["Grupo Elfa","vaga de emprego"],"articleSection":["Vagas de Emprego Nacionais"],"inLanguage":"es"},{"@type":"WebPage","@id":"https:\/\/www.vagadeempregorj.com.br\/balconista-de-drogaria\/","url":"https:\/\/www.vagadeempregorj.com.br\/balconista-de-drogaria\/","name":"Balconista de Drogaria, Vendedor, Conferente e outras vagas no Grupo Elfa, envie seu curr\u00edculo j\u00e1 -","isPartOf":{"@id":"https:\/\/www.vagadeempregorj.com.br\/#website"},"primaryImageOfPage":{"@id":"https:\/\/www.vagadeempregorj.com.br\/balconista-de-drogaria\/#primaryimage"},"image":{"@id":"https:\/\/www.vagadeempregorj.com.br\/balconista-de-drogaria\/#primaryimage"},"thumbnailUrl":"https:\/\/www.vagadeempregorj.com.br\/wp-content\/uploads\/2022\/04\/elfa.jpg","datePublished":"2023-09-21T03:03:00+00:00","author":{"@id":"https:\/\/www.vagadeempregorj.com.br\/#\/schema\/person\/ff7c1ede281066d35b2813eb13f662ef"},"description":"Balconista de Drogaria, Vendedor, Conferente e outras vagas no Grupo Elfa, a empresa disponibiliza medicamentos para hospitais e para....","breadcrumb":{"@id":"https:\/\/www.vagadeempregorj.com.br\/balconista-de-drogaria\/#breadcrumb"},"inLanguage":"es","potentialAction":[{"@type":"ReadAction","target":["https:\/\/www.vagadeempregorj.com.br\/balconista-de-drogaria\/"]}]},{"@type":"ImageObject","inLanguage":"es","@id":"https:\/\/www.vagadeempregorj.com.br\/balconista-de-drogaria\/#primaryimage","url":"https:\/\/www.vagadeempregorj.com.br\/wp-content\/uploads\/2022\/04\/elfa.jpg","contentUrl":"https:\/\/www.vagadeempregorj.com.br\/wp-content\/uploads\/2022\/04\/elfa.jpg","width":1200,"height":675,"caption":"elfa"},{"@type":"BreadcrumbList","@id":"https:\/\/www.vagadeempregorj.com.br\/balconista-de-drogaria\/#breadcrumb","itemListElement":[{"@type":"ListItem","position":1,"name":"In\u00edcio","item":"https:\/\/www.vagadeempregorj.com.br\/"},{"@type":"ListItem","position":2,"name":"Vagas de Emprego Nacionais","item":"https:\/\/www.vagadeempregorj.com.br\/vagas-de-emprego-nacionais\/"},{"@type":"ListItem","position":3,"name":"Balconista de Drogaria, Vendedor, Conferente e outras vagas no Grupo Elfa, envie seu curr\u00edculo j\u00e1"}]},{"@type":"WebSite","@id":"https:\/\/www.vagadeempregorj.com.br\/#website","url":"https:\/\/www.vagadeempregorj.com.br\/","name":"","description":"Conquiste Sonhos: Vagas, Benef\u00edcios e Economia para Transformar Vidas e Alcan\u00e7ar Melhorias Cotidianas","potentialAction":[{"@type":"SearchAction","target":{"@type":"EntryPoint","urlTemplate":"https:\/\/www.vagadeempregorj.com.br\/?s={search_term_string}"},"query-input":{"@type":"PropertyValueSpecification","valueRequired":true,"valueName":"search_term_string"}}],"inLanguage":"es"},{"@type":"Person","@id":"https:\/\/www.vagadeempregorj.com.br\/#\/schema\/person\/ff7c1ede281066d35b2813eb13f662ef","name":"Pedro Santos","image":{"@type":"ImageObject","inLanguage":"es","@id":"https:\/\/secure.gravatar.com\/avatar\/0f569c1b80e91280c9dc54d2dec96d0c5562a072cef4b08b7e3807948546027c?s=96&r=g","url":"https:\/\/secure.gravatar.com\/avatar\/0f569c1b80e91280c9dc54d2dec96d0c5562a072cef4b08b7e3807948546027c?s=96&r=g","contentUrl":"https:\/\/secure.gravatar.com\/avatar\/0f569c1b80e91280c9dc54d2dec96d0c5562a072cef4b08b7e3807948546027c?s=96&r=g","caption":"Pedro Santos"},"description":"Meu nome \u00e9 Pedro e sou redator. Dedico meu tempo escrevendo vagas de emprego diariamente no portal Vaga de Emprego RJ","url":"https:\/\/www.vagadeempregorj.com.br\/es\/author\/fabio\/"}]}},"_links":{"self":[{"href":"https:\/\/www.vagadeempregorj.com.br\/es\/wp-json\/wp\/v2\/posts\/27662","targetHints":{"allow":["GET"]}}],"collection":[{"href":"https:\/\/www.vagadeempregorj.com.br\/es\/wp-json\/wp\/v2\/posts"}],"about":[{"href":"https:\/\/www.vagadeempregorj.com.br\/es\/wp-json\/wp\/v2\/types\/post"}],"author":[{"embeddable":true,"href":"https:\/\/www.vagadeempregorj.com.br\/es\/wp-json\/wp\/v2\/users\/10"}],"replies":[{"embeddable":true,"href":"https:\/\/www.vagadeempregorj.com.br\/es\/wp-json\/wp\/v2\/comments?post=27662"}],"version-history":[{"count":0,"href":"https:\/\/www.vagadeempregorj.com.br\/es\/wp-json\/wp\/v2\/posts\/27662\/revisions"}],"wp:featuredmedia":[{"embeddable":true,"href":"https:\/\/www.vagadeempregorj.com.br\/es\/wp-json\/wp\/v2\/media\/27674"}],"wp:attachment":[{"href":"https:\/\/www.vagadeempregorj.com.br\/es\/wp-json\/wp\/v2\/media?parent=27662"}],"wp:term":[{"taxonomy":"category","embeddable":true,"href":"https:\/\/www.vagadeempregorj.com.br\/es\/wp-json\/wp\/v2\/categories?post=27662"},{"taxonomy":"post_tag","embeddable":true,"href":"https:\/\/www.vagadeempregorj.com.br\/es\/wp-json\/wp\/v2\/tags?post=27662"}],"curies":[{"name":"wp","href":"https:\/\/api.w.org\/{rel}","templated":true}]}}