{"id":29149,"date":"2023-08-04T00:01:00","date_gmt":"2023-08-04T03:01:00","guid":{"rendered":"https:\/\/www.vagadeempregorj.com.br\/?p=29149"},"modified":"2023-08-01T07:56:26","modified_gmt":"2023-08-01T10:56:26","slug":"mecanico-de-manutencao-2","status":"publish","type":"post","link":"https:\/\/www.vagadeempregorj.com.br\/es\/mecanico-de-manutencao-2\/","title":{"rendered":"Mec\u00e2nico de manuten\u00e7\u00e3o, Assistente de Departamento Pessoal, Gerente e outras Vagas de emprego Biolab, inscreva-se agora"},"content":{"rendered":"<p>Atualizado<\/p>\n\n\n<div class=\"wp-block-post-date\"><time datetime=\"2023-08-04T00:01:00-03:00\">04\/08\/2023<\/time><\/div>\n\n\n<p>Mec\u00e2nico de manuten\u00e7\u00e3o, Assistente de Departamento Pessoal, Gerente e outras Vagas de emprego Biolab, a companhia possui a marca Avert Sa\u00fade Animal e trabalha com medica\u00e7\u00f5es gen\u00e9ricas para humanos.<\/p>\n\n\n\n<p>A Biolab \u00e9 um dos grandes laborat\u00f3rios do pa\u00eds, trazendo \u00e0s pessoas os tratamentos mais seguros para diferentes males da sa\u00fade.<br><br>Apostando em parcerias que fa\u00e7am com que as suas pesquisas sejam eficientes, esse laborat\u00f3rio tem unidades de fabrica\u00e7\u00e3o de rem\u00e9dios em v\u00e1rios pontos do pa\u00eds.<\/p>\n\n\n\n<p>As suas oportunidades profissionais s\u00e3o extensas e abrangem:<\/p>\n\n\n\n<ul class=\"wp-block-list\">\n<li>Assistente de Tecnologia da Informa\u00e7\u00e3o<\/li>\n\n\n\n<li>Gerente de produtos Avert<\/li>\n\n\n\n<li>Mec\u00e2nico de Manuten\u00e7\u00e3o<\/li>\n\n\n\n<li>Assistente de departamento pessoal<\/li>\n\n\n\n<li>E outros<\/li>\n<\/ul>\n\n\n\n<p>A empresa tem vagas exclusivas para pessoas que portam defici\u00eancia, mas ela n\u00e3o informa os benef\u00edcios para quem ela contrata, apenas em caso de entrevista.<\/p>\n\n\n\n<div class=\"wp-block-buttons is-horizontal is-content-justification-center is-layout-flex wp-container-core-buttons-is-layout-499968f5 wp-block-buttons-is-layout-flex\">\n<div class=\"wp-block-button\"><a class=\"wp-block-button__link has-black-color has-text-color has-background wp-element-button\" href=\"https:\/\/www.vagadeempregorj.com.br\/es\/enviando-seu-curriculo-rapidamente\/\" style=\"background:linear-gradient(2deg,rgb(255,134,50) 64%,rgb(255,197,71) 100%)\"><strong>VEJA COMO SE CANDIDATAR<\/strong><\/a><\/div>\n<\/div>\n\n\n\n<h2 class=\"wp-block-heading\"><strong>Vagas de emprego Biolab, como se inscrever<\/strong><\/h2>\n\n\n\n<p>A p\u00e1gina na qual o Biolab coloca as suas oportunidades profissionais \u00e0 disposi\u00e7\u00e3o \u00e9 a <a href=\"https:\/\/site.vagas.com.br\/PagEmprCust_biolab-2.html\">https:\/\/site.vagas.com.br\/PagEmprCust_biolab-2.html<\/a>.<\/p>\n\n\n\n<p>O trabalhador precisa clicar em \u201cConhe\u00e7a nossas vagas\u201d, na parte de cima, para verificar quais s\u00e3o as oportunidades recebendo curr\u00edculo naquele momento.<\/p>\n\n\n\n<p>Apesar de haver indica\u00e7\u00e3o do LinkedIn, quando se tenta acessar o LinkedIn da Biolab, v\u00ea-se um aviso de que ele n\u00e3o pode ser encontrado.<\/p>\n\n\n\n<p>Vale dizer que, de forma bem geral, os funcion\u00e1rios desse laborat\u00f3rio t\u00eam acesso \u00e0 qualidade de vida, ao desenvolvimento profissional e \u00e0 sa\u00fade.<\/p>\n\n\n\n<h2 class=\"wp-block-heading\"><strong>Descubra mais sobre a Biolab<\/strong><\/h2>\n\n\n\n<p>A Biolab surgiu em 1997 com a proposta de trazer ao mercado v\u00e1rias medica\u00e7\u00f5es que ajudem a controlar problemas de sa\u00fade do dia a dia.<\/p>\n\n\n\n<p>Nos anos seguintes, esse laborat\u00f3rio foi criando constantemente novos produtos para o mercado farmac\u00eautico, anualmente, novos compostos s\u00e3o lan\u00e7ados.<\/p>\n\n\n\n<p>Inclusive, essa empresa tem uma extensa linha de gen\u00e9ricos, que s\u00e3o medica\u00e7\u00f5es que fazem com que os consumidores gastem uma quantia mais baixa de dinheiro.<\/p>\n\n\n\n<p>Alguns desses gen\u00e9ricos s\u00e3o: atenolol, col\u00e1geno hidrolisado, losartana, simeticona, zinco e muito mais. A Biolab \u00e1 a respons\u00e1vel pela marca Avert, que se dedica a solu\u00e7\u00f5es voltadas aos animais, tratamentos articulares, gastrointestinais, cuidado cr\u00edtico, dermatol\u00f3gicos, OTC e terap\u00eauticos.<\/p>\n\n\n\n<div class=\"wp-block-buttons is-horizontal is-content-justification-center is-layout-flex wp-container-core-buttons-is-layout-499968f5 wp-block-buttons-is-layout-flex\">\n<div class=\"wp-block-button\"><a class=\"wp-block-button__link has-black-color has-text-color has-background wp-element-button\" href=\"https:\/\/www.vagadeempregorj.com.br\/es\/vagas-de-emprego-nacionais\/\" style=\"border-radius:29px;background:linear-gradient(2deg,rgb(255,134,50) 60%,rgb(255,197,71) 100%)\"><strong>VEJA NOVAS VAGAS PARA SE CANDIDATAR<\/strong><\/a><\/div>\n<\/div>","protected":false},"excerpt":{"rendered":"<p>Mec\u00e2nico de manuten\u00e7\u00e3o, Assistente de Departamento Pessoal, Gerente e outras Vagas de emprego Biolab, a companhia possui a marca Avert Sa\u00fade Animal e trabalha com medica\u00e7\u00f5es gen\u00e9ricas para humanos.<\/p>","protected":false},"author":10,"featured_media":29165,"comment_status":"closed","ping_status":"closed","sticky":false,"template":"","format":"standard","meta":{"neve_meta_sidebar":"","neve_meta_container":"","neve_meta_enable_content_width":"","neve_meta_content_width":0,"neve_meta_title_alignment":"","neve_meta_author_avatar":"","neve_post_elements_order":"","neve_meta_disable_header":"","neve_meta_disable_footer":"","neve_meta_disable_title":"","footnotes":""},"categories":[123],"tags":[405,147],"class_list":["post-29149","post","type-post","status-publish","format-standard","has-post-thumbnail","hentry","category-vagas-de-emprego-nacionais","tag-biolab","tag-vaga-de-emprego"],"yoast_head":"<!-- This site is optimized with the Yoast SEO plugin v27.5 - https:\/\/yoast.com\/product\/yoast-seo-wordpress\/ -->\n<title>Mec\u00e2nico de manuten\u00e7\u00e3o, Assistente de Departamento Pessoal, Gerente e outras Vagas de emprego Biolab, inscreva-se agora -<\/title>\n<meta name=\"description\" content=\"Mec\u00e2nico de manuten\u00e7\u00e3o, Assistente de Departamento Pessoal, Gerente e outras Vagas de emprego Biolab, a companhia possui a marca Avert..\" \/>\n<meta name=\"robots\" content=\"index, follow, max-snippet:-1, max-image-preview:large, max-video-preview:-1\" \/>\n<link rel=\"canonical\" href=\"https:\/\/www.vagadeempregorj.com.br\/es\/mecanico-de-manutencao-2\/\" \/>\n<meta property=\"og:locale\" content=\"es_MX\" \/>\n<meta property=\"og:type\" content=\"article\" \/>\n<meta property=\"og:title\" content=\"Mec\u00e2nico de manuten\u00e7\u00e3o, Assistente de Departamento Pessoal, Gerente e outras Vagas de emprego Biolab, inscreva-se agora -\" \/>\n<meta property=\"og:description\" content=\"Mec\u00e2nico de manuten\u00e7\u00e3o, Assistente de Departamento Pessoal, Gerente e outras Vagas de emprego Biolab, a companhia possui a marca Avert..\" \/>\n<meta property=\"og:url\" content=\"https:\/\/www.vagadeempregorj.com.br\/es\/mecanico-de-manutencao-2\/\" \/>\n<meta property=\"article:publisher\" content=\"https:\/\/www.facebook.com\/empregobrasiloficial\" \/>\n<meta property=\"article:published_time\" content=\"2023-08-04T03:01:00+00:00\" \/>\n<meta property=\"og:image\" content=\"https:\/\/www.vagadeempregorj.com.br\/wp-content\/uploads\/2022\/05\/mecanico-2.jpg\" \/>\n\t<meta property=\"og:image:width\" content=\"1200\" \/>\n\t<meta property=\"og:image:height\" content=\"675\" \/>\n\t<meta property=\"og:image:type\" content=\"image\/jpeg\" \/>\n<meta name=\"author\" content=\"Pedro Santos\" \/>\n<meta name=\"twitter:card\" content=\"summary_large_image\" \/>\n<meta name=\"twitter:label1\" content=\"Written by\" \/>\n\t<meta name=\"twitter:data1\" content=\"Pedro Santos\" \/>\n\t<meta name=\"twitter:label2\" content=\"Est. reading time\" \/>\n\t<meta name=\"twitter:data2\" content=\"3 minutos\" \/>\n<script type=\"application\/ld+json\" class=\"yoast-schema-graph\">{\"@context\":\"https:\\\/\\\/schema.org\",\"@graph\":[{\"@type\":\"Article\",\"@id\":\"https:\\\/\\\/www.vagadeempregorj.com.br\\\/mecanico-de-manutencao-2\\\/#article\",\"isPartOf\":{\"@id\":\"https:\\\/\\\/www.vagadeempregorj.com.br\\\/mecanico-de-manutencao-2\\\/\"},\"author\":{\"name\":\"Pedro Santos\",\"@id\":\"https:\\\/\\\/www.vagadeempregorj.com.br\\\/#\\\/schema\\\/person\\\/ff7c1ede281066d35b2813eb13f662ef\"},\"headline\":\"Mec\u00e2nico de manuten\u00e7\u00e3o, Assistente de Departamento Pessoal, Gerente e outras Vagas de emprego Biolab, inscreva-se agora\",\"datePublished\":\"2023-08-04T03:01:00+00:00\",\"mainEntityOfPage\":{\"@id\":\"https:\\\/\\\/www.vagadeempregorj.com.br\\\/mecanico-de-manutencao-2\\\/\"},\"wordCount\":410,\"image\":{\"@id\":\"https:\\\/\\\/www.vagadeempregorj.com.br\\\/mecanico-de-manutencao-2\\\/#primaryimage\"},\"thumbnailUrl\":\"https:\\\/\\\/www.vagadeempregorj.com.br\\\/wp-content\\\/uploads\\\/2022\\\/05\\\/mecanico-2.jpg\",\"keywords\":[\"Biolab\",\"vaga de emprego\"],\"articleSection\":[\"Vagas de Emprego Nacionais\"],\"inLanguage\":\"es\"},{\"@type\":\"WebPage\",\"@id\":\"https:\\\/\\\/www.vagadeempregorj.com.br\\\/mecanico-de-manutencao-2\\\/\",\"url\":\"https:\\\/\\\/www.vagadeempregorj.com.br\\\/mecanico-de-manutencao-2\\\/\",\"name\":\"Mec\u00e2nico de manuten\u00e7\u00e3o, Assistente de Departamento Pessoal, Gerente e outras Vagas de emprego Biolab, inscreva-se agora -\",\"isPartOf\":{\"@id\":\"https:\\\/\\\/www.vagadeempregorj.com.br\\\/#website\"},\"primaryImageOfPage\":{\"@id\":\"https:\\\/\\\/www.vagadeempregorj.com.br\\\/mecanico-de-manutencao-2\\\/#primaryimage\"},\"image\":{\"@id\":\"https:\\\/\\\/www.vagadeempregorj.com.br\\\/mecanico-de-manutencao-2\\\/#primaryimage\"},\"thumbnailUrl\":\"https:\\\/\\\/www.vagadeempregorj.com.br\\\/wp-content\\\/uploads\\\/2022\\\/05\\\/mecanico-2.jpg\",\"datePublished\":\"2023-08-04T03:01:00+00:00\",\"author\":{\"@id\":\"https:\\\/\\\/www.vagadeempregorj.com.br\\\/#\\\/schema\\\/person\\\/ff7c1ede281066d35b2813eb13f662ef\"},\"description\":\"Mec\u00e2nico de manuten\u00e7\u00e3o, Assistente de Departamento Pessoal, Gerente e outras Vagas de emprego Biolab, a companhia possui a marca Avert..\",\"breadcrumb\":{\"@id\":\"https:\\\/\\\/www.vagadeempregorj.com.br\\\/mecanico-de-manutencao-2\\\/#breadcrumb\"},\"inLanguage\":\"es\",\"potentialAction\":[{\"@type\":\"ReadAction\",\"target\":[\"https:\\\/\\\/www.vagadeempregorj.com.br\\\/mecanico-de-manutencao-2\\\/\"]}]},{\"@type\":\"ImageObject\",\"inLanguage\":\"es\",\"@id\":\"https:\\\/\\\/www.vagadeempregorj.com.br\\\/mecanico-de-manutencao-2\\\/#primaryimage\",\"url\":\"https:\\\/\\\/www.vagadeempregorj.com.br\\\/wp-content\\\/uploads\\\/2022\\\/05\\\/mecanico-2.jpg\",\"contentUrl\":\"https:\\\/\\\/www.vagadeempregorj.com.br\\\/wp-content\\\/uploads\\\/2022\\\/05\\\/mecanico-2.jpg\",\"width\":1200,\"height\":675,\"caption\":\"mecanico (2)\"},{\"@type\":\"BreadcrumbList\",\"@id\":\"https:\\\/\\\/www.vagadeempregorj.com.br\\\/mecanico-de-manutencao-2\\\/#breadcrumb\",\"itemListElement\":[{\"@type\":\"ListItem\",\"position\":1,\"name\":\"In\u00edcio\",\"item\":\"https:\\\/\\\/www.vagadeempregorj.com.br\\\/\"},{\"@type\":\"ListItem\",\"position\":2,\"name\":\"Vagas de Emprego Nacionais\",\"item\":\"https:\\\/\\\/www.vagadeempregorj.com.br\\\/vagas-de-emprego-nacionais\\\/\"},{\"@type\":\"ListItem\",\"position\":3,\"name\":\"Mec\u00e2nico de manuten\u00e7\u00e3o, Assistente de Departamento Pessoal, Gerente e outras Vagas de emprego Biolab, inscreva-se agora\"}]},{\"@type\":\"WebSite\",\"@id\":\"https:\\\/\\\/www.vagadeempregorj.com.br\\\/#website\",\"url\":\"https:\\\/\\\/www.vagadeempregorj.com.br\\\/\",\"name\":\"\",\"description\":\"Conquiste Sonhos: Vagas, Benef\u00edcios e Economia para Transformar Vidas e Alcan\u00e7ar Melhorias Cotidianas\",\"potentialAction\":[{\"@type\":\"SearchAction\",\"target\":{\"@type\":\"EntryPoint\",\"urlTemplate\":\"https:\\\/\\\/www.vagadeempregorj.com.br\\\/?s={search_term_string}\"},\"query-input\":{\"@type\":\"PropertyValueSpecification\",\"valueRequired\":true,\"valueName\":\"search_term_string\"}}],\"inLanguage\":\"es\"},{\"@type\":\"Person\",\"@id\":\"https:\\\/\\\/www.vagadeempregorj.com.br\\\/#\\\/schema\\\/person\\\/ff7c1ede281066d35b2813eb13f662ef\",\"name\":\"Pedro Santos\",\"image\":{\"@type\":\"ImageObject\",\"inLanguage\":\"es\",\"@id\":\"https:\\\/\\\/secure.gravatar.com\\\/avatar\\\/0f569c1b80e91280c9dc54d2dec96d0c5562a072cef4b08b7e3807948546027c?s=96&r=g\",\"url\":\"https:\\\/\\\/secure.gravatar.com\\\/avatar\\\/0f569c1b80e91280c9dc54d2dec96d0c5562a072cef4b08b7e3807948546027c?s=96&r=g\",\"contentUrl\":\"https:\\\/\\\/secure.gravatar.com\\\/avatar\\\/0f569c1b80e91280c9dc54d2dec96d0c5562a072cef4b08b7e3807948546027c?s=96&r=g\",\"caption\":\"Pedro Santos\"},\"description\":\"Meu nome \u00e9 Pedro e sou redator. Dedico meu tempo escrevendo vagas de emprego diariamente no portal Vaga de Emprego RJ\",\"url\":\"https:\\\/\\\/www.vagadeempregorj.com.br\\\/es\\\/author\\\/fabio\\\/\"}]}<\/script>\n<!-- \/ Yoast SEO plugin. -->","yoast_head_json":{"title":"Mec\u00e2nico de manuten\u00e7\u00e3o, Assistente de Departamento Pessoal, Gerente e outras Vagas de emprego Biolab, inscreva-se agora -","description":"Mec\u00e2nico de manuten\u00e7\u00e3o, Assistente de Departamento Pessoal, Gerente e outras Vagas de emprego Biolab, a companhia possui a marca Avert..","robots":{"index":"index","follow":"follow","max-snippet":"max-snippet:-1","max-image-preview":"max-image-preview:large","max-video-preview":"max-video-preview:-1"},"canonical":"https:\/\/www.vagadeempregorj.com.br\/es\/mecanico-de-manutencao-2\/","og_locale":"es_MX","og_type":"article","og_title":"Mec\u00e2nico de manuten\u00e7\u00e3o, Assistente de Departamento Pessoal, Gerente e outras Vagas de emprego Biolab, inscreva-se agora -","og_description":"Mec\u00e2nico de manuten\u00e7\u00e3o, Assistente de Departamento Pessoal, Gerente e outras Vagas de emprego Biolab, a companhia possui a marca Avert..","og_url":"https:\/\/www.vagadeempregorj.com.br\/es\/mecanico-de-manutencao-2\/","article_publisher":"https:\/\/www.facebook.com\/empregobrasiloficial","article_published_time":"2023-08-04T03:01:00+00:00","og_image":[{"width":1200,"height":675,"url":"https:\/\/www.vagadeempregorj.com.br\/wp-content\/uploads\/2022\/05\/mecanico-2.jpg","type":"image\/jpeg"}],"author":"Pedro Santos","twitter_card":"summary_large_image","twitter_misc":{"Written by":"Pedro Santos","Est. reading time":"3 minutos"},"schema":{"@context":"https:\/\/schema.org","@graph":[{"@type":"Article","@id":"https:\/\/www.vagadeempregorj.com.br\/mecanico-de-manutencao-2\/#article","isPartOf":{"@id":"https:\/\/www.vagadeempregorj.com.br\/mecanico-de-manutencao-2\/"},"author":{"name":"Pedro Santos","@id":"https:\/\/www.vagadeempregorj.com.br\/#\/schema\/person\/ff7c1ede281066d35b2813eb13f662ef"},"headline":"Mec\u00e2nico de manuten\u00e7\u00e3o, Assistente de Departamento Pessoal, Gerente e outras Vagas de emprego Biolab, inscreva-se agora","datePublished":"2023-08-04T03:01:00+00:00","mainEntityOfPage":{"@id":"https:\/\/www.vagadeempregorj.com.br\/mecanico-de-manutencao-2\/"},"wordCount":410,"image":{"@id":"https:\/\/www.vagadeempregorj.com.br\/mecanico-de-manutencao-2\/#primaryimage"},"thumbnailUrl":"https:\/\/www.vagadeempregorj.com.br\/wp-content\/uploads\/2022\/05\/mecanico-2.jpg","keywords":["Biolab","vaga de emprego"],"articleSection":["Vagas de Emprego Nacionais"],"inLanguage":"es"},{"@type":"WebPage","@id":"https:\/\/www.vagadeempregorj.com.br\/mecanico-de-manutencao-2\/","url":"https:\/\/www.vagadeempregorj.com.br\/mecanico-de-manutencao-2\/","name":"Mec\u00e2nico de manuten\u00e7\u00e3o, Assistente de Departamento Pessoal, Gerente e outras Vagas de emprego Biolab, inscreva-se agora -","isPartOf":{"@id":"https:\/\/www.vagadeempregorj.com.br\/#website"},"primaryImageOfPage":{"@id":"https:\/\/www.vagadeempregorj.com.br\/mecanico-de-manutencao-2\/#primaryimage"},"image":{"@id":"https:\/\/www.vagadeempregorj.com.br\/mecanico-de-manutencao-2\/#primaryimage"},"thumbnailUrl":"https:\/\/www.vagadeempregorj.com.br\/wp-content\/uploads\/2022\/05\/mecanico-2.jpg","datePublished":"2023-08-04T03:01:00+00:00","author":{"@id":"https:\/\/www.vagadeempregorj.com.br\/#\/schema\/person\/ff7c1ede281066d35b2813eb13f662ef"},"description":"Mec\u00e2nico de manuten\u00e7\u00e3o, Assistente de Departamento Pessoal, Gerente e outras Vagas de emprego Biolab, a companhia possui a marca Avert..","breadcrumb":{"@id":"https:\/\/www.vagadeempregorj.com.br\/mecanico-de-manutencao-2\/#breadcrumb"},"inLanguage":"es","potentialAction":[{"@type":"ReadAction","target":["https:\/\/www.vagadeempregorj.com.br\/mecanico-de-manutencao-2\/"]}]},{"@type":"ImageObject","inLanguage":"es","@id":"https:\/\/www.vagadeempregorj.com.br\/mecanico-de-manutencao-2\/#primaryimage","url":"https:\/\/www.vagadeempregorj.com.br\/wp-content\/uploads\/2022\/05\/mecanico-2.jpg","contentUrl":"https:\/\/www.vagadeempregorj.com.br\/wp-content\/uploads\/2022\/05\/mecanico-2.jpg","width":1200,"height":675,"caption":"mecanico (2)"},{"@type":"BreadcrumbList","@id":"https:\/\/www.vagadeempregorj.com.br\/mecanico-de-manutencao-2\/#breadcrumb","itemListElement":[{"@type":"ListItem","position":1,"name":"In\u00edcio","item":"https:\/\/www.vagadeempregorj.com.br\/"},{"@type":"ListItem","position":2,"name":"Vagas de Emprego Nacionais","item":"https:\/\/www.vagadeempregorj.com.br\/vagas-de-emprego-nacionais\/"},{"@type":"ListItem","position":3,"name":"Mec\u00e2nico de manuten\u00e7\u00e3o, Assistente de Departamento Pessoal, Gerente e outras Vagas de emprego Biolab, inscreva-se agora"}]},{"@type":"WebSite","@id":"https:\/\/www.vagadeempregorj.com.br\/#website","url":"https:\/\/www.vagadeempregorj.com.br\/","name":"","description":"Conquiste Sonhos: Vagas, Benef\u00edcios e Economia para Transformar Vidas e Alcan\u00e7ar Melhorias Cotidianas","potentialAction":[{"@type":"SearchAction","target":{"@type":"EntryPoint","urlTemplate":"https:\/\/www.vagadeempregorj.com.br\/?s={search_term_string}"},"query-input":{"@type":"PropertyValueSpecification","valueRequired":true,"valueName":"search_term_string"}}],"inLanguage":"es"},{"@type":"Person","@id":"https:\/\/www.vagadeempregorj.com.br\/#\/schema\/person\/ff7c1ede281066d35b2813eb13f662ef","name":"Pedro Santos","image":{"@type":"ImageObject","inLanguage":"es","@id":"https:\/\/secure.gravatar.com\/avatar\/0f569c1b80e91280c9dc54d2dec96d0c5562a072cef4b08b7e3807948546027c?s=96&r=g","url":"https:\/\/secure.gravatar.com\/avatar\/0f569c1b80e91280c9dc54d2dec96d0c5562a072cef4b08b7e3807948546027c?s=96&r=g","contentUrl":"https:\/\/secure.gravatar.com\/avatar\/0f569c1b80e91280c9dc54d2dec96d0c5562a072cef4b08b7e3807948546027c?s=96&r=g","caption":"Pedro Santos"},"description":"Meu nome \u00e9 Pedro e sou redator. Dedico meu tempo escrevendo vagas de emprego diariamente no portal Vaga de Emprego RJ","url":"https:\/\/www.vagadeempregorj.com.br\/es\/author\/fabio\/"}]}},"_links":{"self":[{"href":"https:\/\/www.vagadeempregorj.com.br\/es\/wp-json\/wp\/v2\/posts\/29149","targetHints":{"allow":["GET"]}}],"collection":[{"href":"https:\/\/www.vagadeempregorj.com.br\/es\/wp-json\/wp\/v2\/posts"}],"about":[{"href":"https:\/\/www.vagadeempregorj.com.br\/es\/wp-json\/wp\/v2\/types\/post"}],"author":[{"embeddable":true,"href":"https:\/\/www.vagadeempregorj.com.br\/es\/wp-json\/wp\/v2\/users\/10"}],"replies":[{"embeddable":true,"href":"https:\/\/www.vagadeempregorj.com.br\/es\/wp-json\/wp\/v2\/comments?post=29149"}],"version-history":[{"count":0,"href":"https:\/\/www.vagadeempregorj.com.br\/es\/wp-json\/wp\/v2\/posts\/29149\/revisions"}],"wp:featuredmedia":[{"embeddable":true,"href":"https:\/\/www.vagadeempregorj.com.br\/es\/wp-json\/wp\/v2\/media\/29165"}],"wp:attachment":[{"href":"https:\/\/www.vagadeempregorj.com.br\/es\/wp-json\/wp\/v2\/media?parent=29149"}],"wp:term":[{"taxonomy":"category","embeddable":true,"href":"https:\/\/www.vagadeempregorj.com.br\/es\/wp-json\/wp\/v2\/categories?post=29149"},{"taxonomy":"post_tag","embeddable":true,"href":"https:\/\/www.vagadeempregorj.com.br\/es\/wp-json\/wp\/v2\/tags?post=29149"}],"curies":[{"name":"wp","href":"https:\/\/api.w.org\/{rel}","templated":true}]}}