{"id":33764,"date":"2022-08-10T16:46:43","date_gmt":"2022-08-10T19:46:43","guid":{"rendered":"https:\/\/www.vagadeempregorj.com.br\/?p=33764"},"modified":"2023-08-01T08:11:27","modified_gmt":"2023-08-01T11:11:27","slug":"cartao-de-credito-para-desempregados","status":"publish","type":"post","link":"https:\/\/www.vagadeempregorj.com.br\/es\/cartao-de-credito-para-desempregados\/","title":{"rendered":"Cart\u00e3o de cr\u00e9dito para desempregados"},"content":{"rendered":"<p>O cart\u00e3o de cr\u00e9dito \u00e9 uma sa\u00edda e tanto para quem precisa fazer compras e est\u00e1 sem dinheiro vivo. Afinal, quantas pessoas n\u00e3o passam por imprevistos, como um filho doente, um eletrodom\u00e9stico que quebra e coisas desse tipo?<\/p>\n\n\n\n<p>No entanto, ser\u00e1 que quem est\u00e1 desempregado pode pedir cart\u00e3o de credito? Ser\u00e1 que as financeiras e os bancos concedem esse servi\u00e7o a quem n\u00e3o tem um emprego?<\/p>\n\n\n\n<p>Fique sabendo aqui se voc\u00ea, estando sem emprego fixo, pode pedir cart\u00e3o de cr\u00e9dito e como funciona, no caso de ele ser liberado!<\/p>\n\n\n<div class=\"wp-block-image\">\n<figure class=\"aligncenter size-large is-resized\"><a href=\"https:\/\/www.vagadeempregorj.com.br\/es\/descubra-mais-sobre-o-cartao-de-credito-santander\/\"><img loading=\"lazy\" decoding=\"async\" src=\"https:\/\/www.vagadeempregorj.com.br\/wp-content\/uploads\/2022\/08\/Inserir-um-subtitulo15-1024x1024.jpg\" alt=\"\" class=\"wp-image-33783\" width=\"512\" height=\"512\" srcset=\"https:\/\/www.vagadeempregorj.com.br\/wp-content\/uploads\/2022\/08\/Inserir-um-subtitulo15-1024x1024.jpg 1024w, https:\/\/www.vagadeempregorj.com.br\/wp-content\/uploads\/2022\/08\/Inserir-um-subtitulo15-300x300.jpg 300w, https:\/\/www.vagadeempregorj.com.br\/wp-content\/uploads\/2022\/08\/Inserir-um-subtitulo15-150x150.jpg 150w, https:\/\/www.vagadeempregorj.com.br\/wp-content\/uploads\/2022\/08\/Inserir-um-subtitulo15-768x768.jpg 768w, https:\/\/www.vagadeempregorj.com.br\/wp-content\/uploads\/2022\/08\/Inserir-um-subtitulo15-96x96.jpg 96w, https:\/\/www.vagadeempregorj.com.br\/wp-content\/uploads\/2022\/08\/Inserir-um-subtitulo15.jpg 1200w\" sizes=\"auto, (max-width: 512px) 100vw, 512px\" \/><\/a><\/figure>\n<\/div>\n\n\n<h2 class=\"wp-block-heading\"><strong>Por que \u00e9 t\u00e3o dif\u00edcil para os desempregados conseguirem cart\u00e3o de cr\u00e9dito?<\/strong><\/h2>\n\n\n\n<p>Quando se fala em \u201ccr\u00e9dito\u201d, fala-se em algo que ser\u00e1 pago em um per\u00edodo determinado de tempo. No caso dos cart\u00f5es, esse per\u00edodo \u00e9 um m\u00eas, sendo esse o tempo durante o qual a fatura \u00e9 fechada.<\/p>\n\n\n\n<p>Contudo, se a pessoa n\u00e3o tem um emprego fixo, com registro, h\u00e1 certo receio por parte do banco de que n\u00e3o seja poss\u00edvel que o cr\u00e9dito concedido seja pago no futuro.<\/p>\n\n\n\n<p>\u00c9 por isso que os cart\u00f5es de cr\u00e9dito s\u00e3o um pouco mais dif\u00edceis de ser conseguidos por pessoas que n\u00e3o t\u00eam emprego.<\/p>\n\n\n\n<h2 class=\"wp-block-heading\"><strong>Como saber se eu posso pedir cart\u00e3o de cr\u00e9dito estando desempregado?<\/strong><\/h2>\n\n\n\n<p>Quem quiser saber se pode ter esse servi\u00e7o banc\u00e1rio mesmo sem um emprego precisa fazer uma simula\u00e7\u00e3o no site das financeiras e dos bancos.<\/p>\n\n\n\n<p>Nessa simula\u00e7\u00e3o, o cidad\u00e3o escolhe qual \u00e9 o cart\u00e3o que ele gostaria de ter, informa sobre a sua situa\u00e7\u00e3o financeira, a renda por m\u00eas e aguarda a an\u00e1lise de cr\u00e9dito por parte dos especialistas.<\/p>\n\n\n\n<p>Em aproximadamente 48 horas, a institui\u00e7\u00e3o financeira responde se o cart\u00e3o de cr\u00e9dito ser\u00e1 autorizado e informa como ser\u00e1 o recebimento: h\u00e1 quem prefira retirar o cart\u00e3o em alguma ag\u00eancia banc\u00e1ria pr\u00f3xima.<br><\/p>\n\n\n\n<h2 class=\"wp-block-heading\"><strong>O que \u00e9 preciso para o desempregado pedir o cart\u00e3o de cr\u00e9dito?<\/strong><\/h2>\n\n\n\n<p>Normalmente, quem est\u00e1 desempregado pode pedir seu cart\u00e3o de cr\u00e9dito fornecendo documentos como:<\/p>\n\n\n\n<ul class=\"wp-block-list\">\n<li>Comprovante de endere\u00e7o atualizado<\/li>\n\n\n\n<li>CPF<\/li>\n\n\n\n<li>Documento de identidade com foto<\/li>\n<\/ul>\n\n\n\n<p>\u00c9 claro que, normalmente, a financeira ou o banco pede o comprovante de renda, mas isso deixa de ser exigido quando a pessoa informa que est\u00e1 desempregada.<\/p>\n\n\n\n<p>No geral, o pedido do cart\u00e3o de cr\u00e9dito pode ser feito nas ag\u00eancias ou unidades das financeiras, mas muitas delas oferecem a op\u00e7\u00e3o de solicitar cart\u00f5es pelo site.<\/p>\n\n\n\n<h2 class=\"wp-block-heading\"><strong>Est\u00e1 dif\u00edcil? Tente os bancos que n\u00e3o pedem comprova\u00e7\u00e3o de renda!<\/strong><\/h2>\n\n\n\n<p>Geralmente, os bancos mais tradicionais n\u00e3o emitem cart\u00e3o de cr\u00e9dito para pessoas desempregadas porque ter um comprovante de renda atualizado \u00e9 uma exig\u00eancia.<\/p>\n\n\n\n<p>Todavia, as financeiras e bancos mais modernos costumam deixar de lado esse crit\u00e9rio: afinal, o importante \u00e9 que os clientes paguem a fatura e, muitas vezes, eles fazem isso mesmo sem ser registrados em nenhuma empresa.<\/p>\n\n\n\n<p>Sendo assim, se voc\u00ea quer um cart\u00e3o der cr\u00e9dito, est\u00e1 desempregado e tem recebido apenas negativas at\u00e9 agora, tente as institui\u00e7\u00f5es financeiras que n\u00e3o pedem comprova\u00e7\u00e3o de renda, especialmente os bancos virtuais!<\/p>\n\n\n\n<p>Inclusive, preencha seus dados e descubra mais cart\u00f5es podem ser pedidos!<\/p>","protected":false},"excerpt":{"rendered":"<p>O cart\u00e3o de cr\u00e9dito \u00e9 uma sa\u00edda e tanto para quem precisa fazer compras e est\u00e1 sem dinheiro vivo. Afinal, quantas pessoas n\u00e3o passam por imprevistos, como um filho doente, um eletrodom\u00e9stico que quebra e coisas desse tipo?<\/p>","protected":false},"author":1,"featured_media":33767,"comment_status":"closed","ping_status":"closed","sticky":false,"template":"","format":"standard","meta":{"neve_meta_sidebar":"","neve_meta_container":"","neve_meta_enable_content_width":"","neve_meta_content_width":0,"neve_meta_title_alignment":"","neve_meta_author_avatar":"","neve_post_elements_order":"","neve_meta_disable_header":"","neve_meta_disable_footer":"","neve_meta_disable_title":"","footnotes":""},"categories":[804],"tags":[550],"class_list":["post-33764","post","type-post","status-publish","format-standard","has-post-thumbnail","hentry","category-economia","tag-cartao-de-credito-para-desempregado"],"yoast_head":"<!-- This site is optimized with the Yoast SEO plugin v27.5 - https:\/\/yoast.com\/product\/yoast-seo-wordpress\/ -->\n<title>Cart\u00e3o de cr\u00e9dito para desempregados -<\/title>\n<meta name=\"description\" content=\"O cart\u00e3o de cr\u00e9dito \u00e9 uma sa\u00edda e tanto para quem precisa fazer compras e est\u00e1 sem dinheiro vivo. Afinal, quantas pessoas n\u00e3o passam por...\" \/>\n<meta name=\"robots\" content=\"index, follow, max-snippet:-1, max-image-preview:large, max-video-preview:-1\" \/>\n<link rel=\"canonical\" href=\"https:\/\/www.vagadeempregorj.com.br\/es\/cartao-de-credito-para-desempregados\/\" \/>\n<meta property=\"og:locale\" content=\"es_MX\" \/>\n<meta property=\"og:type\" content=\"article\" \/>\n<meta property=\"og:title\" content=\"Cart\u00e3o de cr\u00e9dito para desempregados -\" \/>\n<meta property=\"og:description\" content=\"O cart\u00e3o de cr\u00e9dito \u00e9 uma sa\u00edda e tanto para quem precisa fazer compras e est\u00e1 sem dinheiro vivo. Afinal, quantas pessoas n\u00e3o passam por...\" \/>\n<meta property=\"og:url\" content=\"https:\/\/www.vagadeempregorj.com.br\/es\/cartao-de-credito-para-desempregados\/\" \/>\n<meta property=\"article:publisher\" content=\"https:\/\/www.facebook.com\/empregobrasiloficial\" \/>\n<meta property=\"article:published_time\" content=\"2022-08-10T19:46:43+00:00\" \/>\n<meta property=\"article:modified_time\" content=\"2023-08-01T11:11:27+00:00\" \/>\n<meta property=\"og:image\" content=\"https:\/\/www.vagadeempregorj.com.br\/wp-content\/uploads\/2022\/08\/CARTAO-DE-CREDITO-PARA-DESEMPREGADOS.png\" \/>\n\t<meta property=\"og:image:width\" content=\"1200\" \/>\n\t<meta property=\"og:image:height\" content=\"675\" \/>\n\t<meta property=\"og:image:type\" content=\"image\/png\" \/>\n<meta name=\"author\" content=\"Ana B.\" \/>\n<meta name=\"twitter:card\" content=\"summary_large_image\" \/>\n<meta name=\"twitter:label1\" content=\"Written by\" \/>\n\t<meta name=\"twitter:data1\" content=\"Ana B.\" \/>\n\t<meta name=\"twitter:label2\" content=\"Est. reading time\" \/>\n\t<meta name=\"twitter:data2\" content=\"1 minuto\" \/>\n<script type=\"application\/ld+json\" class=\"yoast-schema-graph\">{\"@context\":\"https:\\\/\\\/schema.org\",\"@graph\":[{\"@type\":\"Article\",\"@id\":\"https:\\\/\\\/www.vagadeempregorj.com.br\\\/cartao-de-credito-para-desempregados\\\/#article\",\"isPartOf\":{\"@id\":\"https:\\\/\\\/www.vagadeempregorj.com.br\\\/cartao-de-credito-para-desempregados\\\/\"},\"author\":{\"name\":\"Ana B.\",\"@id\":\"https:\\\/\\\/www.vagadeempregorj.com.br\\\/#\\\/schema\\\/person\\\/c0c38d5d765e86c3b7c8f12fb1ae6477\"},\"headline\":\"Cart\u00e3o de cr\u00e9dito para desempregados\",\"datePublished\":\"2022-08-10T19:46:43+00:00\",\"dateModified\":\"2023-08-01T11:11:27+00:00\",\"mainEntityOfPage\":{\"@id\":\"https:\\\/\\\/www.vagadeempregorj.com.br\\\/cartao-de-credito-para-desempregados\\\/\"},\"wordCount\":563,\"image\":{\"@id\":\"https:\\\/\\\/www.vagadeempregorj.com.br\\\/cartao-de-credito-para-desempregados\\\/#primaryimage\"},\"thumbnailUrl\":\"https:\\\/\\\/www.vagadeempregorj.com.br\\\/wp-content\\\/uploads\\\/2022\\\/08\\\/CARTAO-DE-CREDITO-PARA-DESEMPREGADOS.png\",\"keywords\":[\"cartao de credito para desempregado\"],\"articleSection\":[\"Economia\"],\"inLanguage\":\"es\"},{\"@type\":\"WebPage\",\"@id\":\"https:\\\/\\\/www.vagadeempregorj.com.br\\\/cartao-de-credito-para-desempregados\\\/\",\"url\":\"https:\\\/\\\/www.vagadeempregorj.com.br\\\/cartao-de-credito-para-desempregados\\\/\",\"name\":\"Cart\u00e3o de cr\u00e9dito para desempregados -\",\"isPartOf\":{\"@id\":\"https:\\\/\\\/www.vagadeempregorj.com.br\\\/#website\"},\"primaryImageOfPage\":{\"@id\":\"https:\\\/\\\/www.vagadeempregorj.com.br\\\/cartao-de-credito-para-desempregados\\\/#primaryimage\"},\"image\":{\"@id\":\"https:\\\/\\\/www.vagadeempregorj.com.br\\\/cartao-de-credito-para-desempregados\\\/#primaryimage\"},\"thumbnailUrl\":\"https:\\\/\\\/www.vagadeempregorj.com.br\\\/wp-content\\\/uploads\\\/2022\\\/08\\\/CARTAO-DE-CREDITO-PARA-DESEMPREGADOS.png\",\"datePublished\":\"2022-08-10T19:46:43+00:00\",\"dateModified\":\"2023-08-01T11:11:27+00:00\",\"author\":{\"@id\":\"https:\\\/\\\/www.vagadeempregorj.com.br\\\/#\\\/schema\\\/person\\\/c0c38d5d765e86c3b7c8f12fb1ae6477\"},\"description\":\"O cart\u00e3o de cr\u00e9dito \u00e9 uma sa\u00edda e tanto para quem precisa fazer compras e est\u00e1 sem dinheiro vivo. Afinal, quantas pessoas n\u00e3o passam por...\",\"breadcrumb\":{\"@id\":\"https:\\\/\\\/www.vagadeempregorj.com.br\\\/cartao-de-credito-para-desempregados\\\/#breadcrumb\"},\"inLanguage\":\"es\",\"potentialAction\":[{\"@type\":\"ReadAction\",\"target\":[\"https:\\\/\\\/www.vagadeempregorj.com.br\\\/cartao-de-credito-para-desempregados\\\/\"]}]},{\"@type\":\"ImageObject\",\"inLanguage\":\"es\",\"@id\":\"https:\\\/\\\/www.vagadeempregorj.com.br\\\/cartao-de-credito-para-desempregados\\\/#primaryimage\",\"url\":\"https:\\\/\\\/www.vagadeempregorj.com.br\\\/wp-content\\\/uploads\\\/2022\\\/08\\\/CARTAO-DE-CREDITO-PARA-DESEMPREGADOS.png\",\"contentUrl\":\"https:\\\/\\\/www.vagadeempregorj.com.br\\\/wp-content\\\/uploads\\\/2022\\\/08\\\/CARTAO-DE-CREDITO-PARA-DESEMPREGADOS.png\",\"width\":1200,\"height\":675,\"caption\":\"CART\u00c3O DE CR\u00c9DITO PARA DESEMPREGADOS\"},{\"@type\":\"BreadcrumbList\",\"@id\":\"https:\\\/\\\/www.vagadeempregorj.com.br\\\/cartao-de-credito-para-desempregados\\\/#breadcrumb\",\"itemListElement\":[{\"@type\":\"ListItem\",\"position\":1,\"name\":\"In\u00edcio\",\"item\":\"https:\\\/\\\/www.vagadeempregorj.com.br\\\/\"},{\"@type\":\"ListItem\",\"position\":2,\"name\":\"Economia\",\"item\":\"https:\\\/\\\/www.vagadeempregorj.com.br\\\/economia\\\/\"},{\"@type\":\"ListItem\",\"position\":3,\"name\":\"Cart\u00e3o de cr\u00e9dito para desempregados\"}]},{\"@type\":\"WebSite\",\"@id\":\"https:\\\/\\\/www.vagadeempregorj.com.br\\\/#website\",\"url\":\"https:\\\/\\\/www.vagadeempregorj.com.br\\\/\",\"name\":\"\",\"description\":\"Conquiste Sonhos: Vagas, Benef\u00edcios e Economia para Transformar Vidas e Alcan\u00e7ar Melhorias Cotidianas\",\"potentialAction\":[{\"@type\":\"SearchAction\",\"target\":{\"@type\":\"EntryPoint\",\"urlTemplate\":\"https:\\\/\\\/www.vagadeempregorj.com.br\\\/?s={search_term_string}\"},\"query-input\":{\"@type\":\"PropertyValueSpecification\",\"valueRequired\":true,\"valueName\":\"search_term_string\"}}],\"inLanguage\":\"es\"},{\"@type\":\"Person\",\"@id\":\"https:\\\/\\\/www.vagadeempregorj.com.br\\\/#\\\/schema\\\/person\\\/c0c38d5d765e86c3b7c8f12fb1ae6477\",\"name\":\"Ana B.\",\"image\":{\"@type\":\"ImageObject\",\"inLanguage\":\"es\",\"@id\":\"https:\\\/\\\/secure.gravatar.com\\\/avatar\\\/f5efa58599e07f8dd92f26c7cfbc442fd115582bc681245452e503c2ef2334f3?s=96&r=g\",\"url\":\"https:\\\/\\\/secure.gravatar.com\\\/avatar\\\/f5efa58599e07f8dd92f26c7cfbc442fd115582bc681245452e503c2ef2334f3?s=96&r=g\",\"contentUrl\":\"https:\\\/\\\/secure.gravatar.com\\\/avatar\\\/f5efa58599e07f8dd92f26c7cfbc442fd115582bc681245452e503c2ef2334f3?s=96&r=g\",\"caption\":\"Ana B.\"},\"description\":\"Meu nome \u00e9 Ana e sou apaixonada em escrever. Dedico meu tempo escrevendo not\u00edcias e vagas de emprego diariamente no portal Vaga de Emprego RJ.\",\"url\":\"https:\\\/\\\/www.vagadeempregorj.com.br\\\/es\\\/author\\\/vgrj\\\/\"}]}<\/script>\n<!-- \/ Yoast SEO plugin. -->","yoast_head_json":{"title":"Cart\u00e3o de cr\u00e9dito para desempregados -","description":"O cart\u00e3o de cr\u00e9dito \u00e9 uma sa\u00edda e tanto para quem precisa fazer compras e est\u00e1 sem dinheiro vivo. Afinal, quantas pessoas n\u00e3o passam por...","robots":{"index":"index","follow":"follow","max-snippet":"max-snippet:-1","max-image-preview":"max-image-preview:large","max-video-preview":"max-video-preview:-1"},"canonical":"https:\/\/www.vagadeempregorj.com.br\/es\/cartao-de-credito-para-desempregados\/","og_locale":"es_MX","og_type":"article","og_title":"Cart\u00e3o de cr\u00e9dito para desempregados -","og_description":"O cart\u00e3o de cr\u00e9dito \u00e9 uma sa\u00edda e tanto para quem precisa fazer compras e est\u00e1 sem dinheiro vivo. Afinal, quantas pessoas n\u00e3o passam por...","og_url":"https:\/\/www.vagadeempregorj.com.br\/es\/cartao-de-credito-para-desempregados\/","article_publisher":"https:\/\/www.facebook.com\/empregobrasiloficial","article_published_time":"2022-08-10T19:46:43+00:00","article_modified_time":"2023-08-01T11:11:27+00:00","og_image":[{"width":1200,"height":675,"url":"https:\/\/www.vagadeempregorj.com.br\/wp-content\/uploads\/2022\/08\/CARTAO-DE-CREDITO-PARA-DESEMPREGADOS.png","type":"image\/png"}],"author":"Ana B.","twitter_card":"summary_large_image","twitter_misc":{"Written by":"Ana B.","Est. reading time":"1 minuto"},"schema":{"@context":"https:\/\/schema.org","@graph":[{"@type":"Article","@id":"https:\/\/www.vagadeempregorj.com.br\/cartao-de-credito-para-desempregados\/#article","isPartOf":{"@id":"https:\/\/www.vagadeempregorj.com.br\/cartao-de-credito-para-desempregados\/"},"author":{"name":"Ana B.","@id":"https:\/\/www.vagadeempregorj.com.br\/#\/schema\/person\/c0c38d5d765e86c3b7c8f12fb1ae6477"},"headline":"Cart\u00e3o de cr\u00e9dito para desempregados","datePublished":"2022-08-10T19:46:43+00:00","dateModified":"2023-08-01T11:11:27+00:00","mainEntityOfPage":{"@id":"https:\/\/www.vagadeempregorj.com.br\/cartao-de-credito-para-desempregados\/"},"wordCount":563,"image":{"@id":"https:\/\/www.vagadeempregorj.com.br\/cartao-de-credito-para-desempregados\/#primaryimage"},"thumbnailUrl":"https:\/\/www.vagadeempregorj.com.br\/wp-content\/uploads\/2022\/08\/CARTAO-DE-CREDITO-PARA-DESEMPREGADOS.png","keywords":["cartao de credito para desempregado"],"articleSection":["Economia"],"inLanguage":"es"},{"@type":"WebPage","@id":"https:\/\/www.vagadeempregorj.com.br\/cartao-de-credito-para-desempregados\/","url":"https:\/\/www.vagadeempregorj.com.br\/cartao-de-credito-para-desempregados\/","name":"Cart\u00e3o de cr\u00e9dito para desempregados -","isPartOf":{"@id":"https:\/\/www.vagadeempregorj.com.br\/#website"},"primaryImageOfPage":{"@id":"https:\/\/www.vagadeempregorj.com.br\/cartao-de-credito-para-desempregados\/#primaryimage"},"image":{"@id":"https:\/\/www.vagadeempregorj.com.br\/cartao-de-credito-para-desempregados\/#primaryimage"},"thumbnailUrl":"https:\/\/www.vagadeempregorj.com.br\/wp-content\/uploads\/2022\/08\/CARTAO-DE-CREDITO-PARA-DESEMPREGADOS.png","datePublished":"2022-08-10T19:46:43+00:00","dateModified":"2023-08-01T11:11:27+00:00","author":{"@id":"https:\/\/www.vagadeempregorj.com.br\/#\/schema\/person\/c0c38d5d765e86c3b7c8f12fb1ae6477"},"description":"O cart\u00e3o de cr\u00e9dito \u00e9 uma sa\u00edda e tanto para quem precisa fazer compras e est\u00e1 sem dinheiro vivo. Afinal, quantas pessoas n\u00e3o passam por...","breadcrumb":{"@id":"https:\/\/www.vagadeempregorj.com.br\/cartao-de-credito-para-desempregados\/#breadcrumb"},"inLanguage":"es","potentialAction":[{"@type":"ReadAction","target":["https:\/\/www.vagadeempregorj.com.br\/cartao-de-credito-para-desempregados\/"]}]},{"@type":"ImageObject","inLanguage":"es","@id":"https:\/\/www.vagadeempregorj.com.br\/cartao-de-credito-para-desempregados\/#primaryimage","url":"https:\/\/www.vagadeempregorj.com.br\/wp-content\/uploads\/2022\/08\/CARTAO-DE-CREDITO-PARA-DESEMPREGADOS.png","contentUrl":"https:\/\/www.vagadeempregorj.com.br\/wp-content\/uploads\/2022\/08\/CARTAO-DE-CREDITO-PARA-DESEMPREGADOS.png","width":1200,"height":675,"caption":"CART\u00c3O DE CR\u00c9DITO PARA DESEMPREGADOS"},{"@type":"BreadcrumbList","@id":"https:\/\/www.vagadeempregorj.com.br\/cartao-de-credito-para-desempregados\/#breadcrumb","itemListElement":[{"@type":"ListItem","position":1,"name":"In\u00edcio","item":"https:\/\/www.vagadeempregorj.com.br\/"},{"@type":"ListItem","position":2,"name":"Economia","item":"https:\/\/www.vagadeempregorj.com.br\/economia\/"},{"@type":"ListItem","position":3,"name":"Cart\u00e3o de cr\u00e9dito para desempregados"}]},{"@type":"WebSite","@id":"https:\/\/www.vagadeempregorj.com.br\/#website","url":"https:\/\/www.vagadeempregorj.com.br\/","name":"","description":"Conquiste Sonhos: Vagas, Benef\u00edcios e Economia para Transformar Vidas e Alcan\u00e7ar Melhorias Cotidianas","potentialAction":[{"@type":"SearchAction","target":{"@type":"EntryPoint","urlTemplate":"https:\/\/www.vagadeempregorj.com.br\/?s={search_term_string}"},"query-input":{"@type":"PropertyValueSpecification","valueRequired":true,"valueName":"search_term_string"}}],"inLanguage":"es"},{"@type":"Person","@id":"https:\/\/www.vagadeempregorj.com.br\/#\/schema\/person\/c0c38d5d765e86c3b7c8f12fb1ae6477","name":"Ana B.","image":{"@type":"ImageObject","inLanguage":"es","@id":"https:\/\/secure.gravatar.com\/avatar\/f5efa58599e07f8dd92f26c7cfbc442fd115582bc681245452e503c2ef2334f3?s=96&r=g","url":"https:\/\/secure.gravatar.com\/avatar\/f5efa58599e07f8dd92f26c7cfbc442fd115582bc681245452e503c2ef2334f3?s=96&r=g","contentUrl":"https:\/\/secure.gravatar.com\/avatar\/f5efa58599e07f8dd92f26c7cfbc442fd115582bc681245452e503c2ef2334f3?s=96&r=g","caption":"Ana B."},"description":"Meu nome \u00e9 Ana e sou apaixonada em escrever. Dedico meu tempo escrevendo not\u00edcias e vagas de emprego diariamente no portal Vaga de Emprego RJ.","url":"https:\/\/www.vagadeempregorj.com.br\/es\/author\/vgrj\/"}]}},"_links":{"self":[{"href":"https:\/\/www.vagadeempregorj.com.br\/es\/wp-json\/wp\/v2\/posts\/33764","targetHints":{"allow":["GET"]}}],"collection":[{"href":"https:\/\/www.vagadeempregorj.com.br\/es\/wp-json\/wp\/v2\/posts"}],"about":[{"href":"https:\/\/www.vagadeempregorj.com.br\/es\/wp-json\/wp\/v2\/types\/post"}],"author":[{"embeddable":true,"href":"https:\/\/www.vagadeempregorj.com.br\/es\/wp-json\/wp\/v2\/users\/1"}],"replies":[{"embeddable":true,"href":"https:\/\/www.vagadeempregorj.com.br\/es\/wp-json\/wp\/v2\/comments?post=33764"}],"version-history":[{"count":0,"href":"https:\/\/www.vagadeempregorj.com.br\/es\/wp-json\/wp\/v2\/posts\/33764\/revisions"}],"wp:featuredmedia":[{"embeddable":true,"href":"https:\/\/www.vagadeempregorj.com.br\/es\/wp-json\/wp\/v2\/media\/33767"}],"wp:attachment":[{"href":"https:\/\/www.vagadeempregorj.com.br\/es\/wp-json\/wp\/v2\/media?parent=33764"}],"wp:term":[{"taxonomy":"category","embeddable":true,"href":"https:\/\/www.vagadeempregorj.com.br\/es\/wp-json\/wp\/v2\/categories?post=33764"},{"taxonomy":"post_tag","embeddable":true,"href":"https:\/\/www.vagadeempregorj.com.br\/es\/wp-json\/wp\/v2\/tags?post=33764"}],"curies":[{"name":"wp","href":"https:\/\/api.w.org\/{rel}","templated":true}]}}