{"id":34672,"date":"2023-10-19T00:05:00","date_gmt":"2023-10-19T03:05:00","guid":{"rendered":"https:\/\/www.vagadeempregorj.com.br\/?p=34672"},"modified":"2023-10-17T11:06:18","modified_gmt":"2023-10-17T14:06:18","slug":"vagas-de-emprego-transportadora-minuano","status":"publish","type":"post","link":"https:\/\/www.vagadeempregorj.com.br\/es\/vagas-de-emprego-transportadora-minuano\/","title":{"rendered":"Vagas de Emprego Transportadora Minuano"},"content":{"rendered":"<p>Atualizado:<\/p>\n\n\n<div class=\"wp-block-post-date\"><time datetime=\"2023-10-19T00:05:00-03:00\">19\/10\/2023<\/time><\/div>\n\n\n<p>Realizando atividades log\u00edsticas para muitas outras empresas, como as de medicamentos, a Transportadora Minuano tem diferenciais importantes, como o rastreamento da carga, sendo esse um ponto que faz com que os contratantes possam ficar sossegados.<\/p>\n\n\n\n<p><\/p>\n\n\n\n<p>Atuando com prioridade para certos tipos de cargas, essa empresa log\u00edstica tamb\u00e9m sai \u00e0 frente na hora de fazer atendimentos, j\u00e1 que conta com um time de analistas que ajudam a determinar qual \u00e9 a melhor forma de fazer o transporte de cada produto.&nbsp;<\/p>\n\n\n\n<p>Profissionais de v\u00e1rias \u00e1reas podem enriquecer a sua carreira trabalhando na Transportadora Minuano, como:<\/p>\n\n\n\n<ul class=\"wp-block-list\">\n<li>Auxiliar de carga e descarga<\/li>\n\n\n\n<li>Assistente de SAC<\/li>\n\n\n\n<li>Motorista<\/li>\n\n\n\n<li>Assistente de Recursos Humanos<\/li>\n\n\n\n<li>Conferente<\/li>\n\n\n\n<li>Assistente administrativo<\/li>\n\n\n\n<li>Consultor de neg\u00f3cios<\/li>\n\n\n\n<li>E mais<\/li>\n<\/ul>\n\n\n\n<p>No site oficial, a transportadora n\u00e3o especifica o que ela paga em seu pacote de benef\u00edcios. Entretanto, tendo como fonte os pr\u00f3prios funcion\u00e1rios, \u00e9 poss\u00edvel receber vale mercado, dentre outros.&nbsp;<\/p>\n\n\n\n<div class=\"wp-block-buttons is-horizontal is-content-justification-center is-layout-flex wp-container-core-buttons-is-layout-499968f5 wp-block-buttons-is-layout-flex\">\n<div class=\"wp-block-button\"><a class=\"wp-block-button__link has-black-color has-text-color has-background wp-element-button\" href=\"https:\/\/www.vagadeempregorj.com.br\/es\/enviando-seu-curriculo-rapidamente\/\" style=\"background:linear-gradient(2deg,rgb(255,134,50) 64%,rgb(255,197,71) 100%)\"><strong>VEJA COMO SE CANDIDATAR<\/strong><\/a><\/div>\n<\/div>\n\n\n\n<h2 class=\"wp-block-heading\"><strong>Como se inscrever<\/strong><\/h2>\n\n\n\n<p>O curr\u00edculo \u00e9 recebido pela Transportadora Minuano por meio do link <a href=\"http:\/\/www.transminuano.com.br\/servicos\/trabalhe-conosco\">http:\/\/www.transminuano.com.br\/servicos\/trabalhe-conosco<\/a>, no qual os candidatos precisam anexar o documento j\u00e1 feito e colocar as formas mais atualizadas de a empresa entrar em contato.&nbsp;<\/p>\n\n\n\n<p>No caso de questionamentos ou de dificuldades, d\u00e1 para usar o e-mail do SAC: <a href=\"mailto:atendimento@transminuano.com.br\">atendimento@transminuano.com.br<\/a>. Vale dizer que os trabalhadores conseguem deixar curr\u00edculos pessoalmente indo at\u00e9 as suas instala\u00e7\u00f5es.&nbsp;<\/p>\n\n\n\n<h2 class=\"wp-block-heading\"><strong>Descubra mais sobre a Transportadora Minuano<\/strong><\/h2>\n\n\n\n<p>Iniciando as suas atividades na d\u00e9cada de 70, essa empresa de Log\u00edstica abriu filiais conforme a quantidade de cargas a ser transportadas foi aumentando.&nbsp;<\/p>\n\n\n\n<p>Hoje em dia, a Transportadora Minuano faz a coleta de cargas em v\u00e1rios lugares e os seus clientes conseguem fazer o acompanhamento do trajeto usando o login no seu site.&nbsp;<\/p>\n\n\n\n<p>A quantidade de produtos que podem ser levados em sua frota \u00e9 enorme:<\/p>\n\n\n\n<ul class=\"wp-block-list\">\n<li>Artigos de presentes<\/li>\n\n\n\n<li>Com\u00e9rcio atacadista e varejista<\/li>\n\n\n\n<li>Equipamentos de inform\u00e1tica<\/li>\n\n\n\n<li>Materiais de ferragens<\/li>\n\n\n\n<li>Pl\u00e1sticos e borrachas<\/li>\n\n\n\n<li>Setor Moveleiro<\/li>\n\n\n\n<li>Telecomunica\u00e7\u00f5es<\/li>\n\n\n\n<li>Autope\u00e7as e acess\u00f3rios automobil\u00edsticos<\/li>\n\n\n\n<li>Cargas completas e fracionadas<\/li>\n\n\n\n<li>Eletroeletr\u00f4nicos<\/li>\n\n\n\n<li>Livrarias<\/li>\n\n\n\n<li>Materiais de higiene<\/li>\n\n\n\n<li>Pneus e c\u00e2maras<\/li>\n\n\n\n<li>Suprimentos de ind\u00fastria<\/li>\n\n\n\n<li>E mais<\/li>\n<\/ul>\n\n\n\n<p>Todavia, a transportadora deixa claro que n\u00e3o trabalha com produtos perec\u00edveis.&nbsp;<\/p>\n\n\n\n<div class=\"wp-block-buttons is-horizontal is-content-justification-center is-layout-flex wp-container-core-buttons-is-layout-499968f5 wp-block-buttons-is-layout-flex\">\n<div class=\"wp-block-button\"><a class=\"wp-block-button__link has-black-color has-text-color has-background wp-element-button\" href=\"https:\/\/www.vagadeempregorj.com.br\/es\/vagas-de-emprego-nacionais\/\" style=\"border-radius:29px;background:linear-gradient(2deg,rgb(255,134,50) 60%,rgb(255,197,71) 100%)\"><strong>VEJA NOVAS VAGAS PARA SE CANDIDATAR<\/strong><\/a><\/div>\n<\/div>","protected":false},"excerpt":{"rendered":"<p>Vagas de emprego Transportadora Minuano. Esteja pronto para no ato da entrevista, em momento oportuno, negociar o sal\u00e1rio. Importante: entenda sobre a empresa, privilegie as raz\u00f5es para o valor em prol da empresa e n\u00e3o de argumentos pessoais, como: pagamento de financiamento, cart\u00e3o de cr\u00e9dito, faculdade, empr\u00e9stimo ou d\u00edvida. <\/p>","protected":false},"author":10,"featured_media":34688,"comment_status":"closed","ping_status":"closed","sticky":false,"template":"","format":"standard","meta":{"neve_meta_sidebar":"","neve_meta_container":"","neve_meta_enable_content_width":"","neve_meta_content_width":0,"neve_meta_title_alignment":"","neve_meta_author_avatar":"","neve_post_elements_order":"","neve_meta_disable_header":"","neve_meta_disable_footer":"","neve_meta_disable_title":"","footnotes":""},"categories":[123],"tags":[557,147],"class_list":["post-34672","post","type-post","status-publish","format-standard","has-post-thumbnail","hentry","category-vagas-de-emprego-nacionais","tag-transportadora-minuano","tag-vaga-de-emprego"],"yoast_head":"<!-- This site is optimized with the Yoast SEO plugin v27.5 - https:\/\/yoast.com\/product\/yoast-seo-wordpress\/ -->\n<title>Vagas de Emprego Transportadora Minuano -<\/title>\n<meta name=\"description\" content=\"Vagas de emprego Transportadora Minuano. Esteja pronto para no ato da entrevista, em momento oportuno, negociar o sal\u00e1rio. Importante...\" \/>\n<meta name=\"robots\" content=\"index, follow, max-snippet:-1, max-image-preview:large, max-video-preview:-1\" \/>\n<link rel=\"canonical\" href=\"https:\/\/www.vagadeempregorj.com.br\/es\/vagas-de-emprego-transportadora-minuano\/\" \/>\n<meta property=\"og:locale\" content=\"es_MX\" \/>\n<meta property=\"og:type\" content=\"article\" \/>\n<meta property=\"og:title\" content=\"Vagas de Emprego Transportadora Minuano -\" \/>\n<meta property=\"og:description\" content=\"Vagas de emprego Transportadora Minuano. Esteja pronto para no ato da entrevista, em momento oportuno, negociar o sal\u00e1rio. Importante...\" \/>\n<meta property=\"og:url\" content=\"https:\/\/www.vagadeempregorj.com.br\/es\/vagas-de-emprego-transportadora-minuano\/\" \/>\n<meta property=\"article:publisher\" content=\"https:\/\/www.facebook.com\/empregobrasiloficial\" \/>\n<meta property=\"article:published_time\" content=\"2023-10-19T03:05:00+00:00\" \/>\n<meta property=\"og:image\" content=\"https:\/\/www.vagadeempregorj.com.br\/wp-content\/uploads\/2022\/09\/Vagas-de-emprego-Transportadora-Minuano.png\" \/>\n\t<meta property=\"og:image:width\" content=\"1200\" \/>\n\t<meta property=\"og:image:height\" content=\"675\" \/>\n\t<meta property=\"og:image:type\" content=\"image\/png\" \/>\n<meta name=\"author\" content=\"Pedro Santos\" \/>\n<meta name=\"twitter:card\" content=\"summary_large_image\" \/>\n<meta name=\"twitter:label1\" content=\"Written by\" \/>\n\t<meta name=\"twitter:data1\" content=\"Pedro Santos\" \/>\n\t<meta name=\"twitter:label2\" content=\"Est. reading time\" \/>\n\t<meta name=\"twitter:data2\" content=\"1 minuto\" \/>\n<script type=\"application\/ld+json\" class=\"yoast-schema-graph\">{\"@context\":\"https:\\\/\\\/schema.org\",\"@graph\":[{\"@type\":\"Article\",\"@id\":\"https:\\\/\\\/www.vagadeempregorj.com.br\\\/vagas-de-emprego-transportadora-minuano\\\/#article\",\"isPartOf\":{\"@id\":\"https:\\\/\\\/www.vagadeempregorj.com.br\\\/vagas-de-emprego-transportadora-minuano\\\/\"},\"author\":{\"name\":\"Pedro Santos\",\"@id\":\"https:\\\/\\\/www.vagadeempregorj.com.br\\\/#\\\/schema\\\/person\\\/ff7c1ede281066d35b2813eb13f662ef\"},\"headline\":\"Vagas de Emprego Transportadora Minuano\",\"datePublished\":\"2023-10-19T03:05:00+00:00\",\"mainEntityOfPage\":{\"@id\":\"https:\\\/\\\/www.vagadeempregorj.com.br\\\/vagas-de-emprego-transportadora-minuano\\\/\"},\"wordCount\":388,\"image\":{\"@id\":\"https:\\\/\\\/www.vagadeempregorj.com.br\\\/vagas-de-emprego-transportadora-minuano\\\/#primaryimage\"},\"thumbnailUrl\":\"https:\\\/\\\/www.vagadeempregorj.com.br\\\/wp-content\\\/uploads\\\/2022\\\/09\\\/Vagas-de-emprego-Transportadora-Minuano.png\",\"keywords\":[\"Transportadora Minuano\",\"vaga de emprego\"],\"articleSection\":[\"Vagas de Emprego Nacionais\"],\"inLanguage\":\"es\"},{\"@type\":\"WebPage\",\"@id\":\"https:\\\/\\\/www.vagadeempregorj.com.br\\\/vagas-de-emprego-transportadora-minuano\\\/\",\"url\":\"https:\\\/\\\/www.vagadeempregorj.com.br\\\/vagas-de-emprego-transportadora-minuano\\\/\",\"name\":\"Vagas de Emprego Transportadora Minuano -\",\"isPartOf\":{\"@id\":\"https:\\\/\\\/www.vagadeempregorj.com.br\\\/#website\"},\"primaryImageOfPage\":{\"@id\":\"https:\\\/\\\/www.vagadeempregorj.com.br\\\/vagas-de-emprego-transportadora-minuano\\\/#primaryimage\"},\"image\":{\"@id\":\"https:\\\/\\\/www.vagadeempregorj.com.br\\\/vagas-de-emprego-transportadora-minuano\\\/#primaryimage\"},\"thumbnailUrl\":\"https:\\\/\\\/www.vagadeempregorj.com.br\\\/wp-content\\\/uploads\\\/2022\\\/09\\\/Vagas-de-emprego-Transportadora-Minuano.png\",\"datePublished\":\"2023-10-19T03:05:00+00:00\",\"author\":{\"@id\":\"https:\\\/\\\/www.vagadeempregorj.com.br\\\/#\\\/schema\\\/person\\\/ff7c1ede281066d35b2813eb13f662ef\"},\"description\":\"Vagas de emprego Transportadora Minuano. Esteja pronto para no ato da entrevista, em momento oportuno, negociar o sal\u00e1rio. Importante...\",\"breadcrumb\":{\"@id\":\"https:\\\/\\\/www.vagadeempregorj.com.br\\\/vagas-de-emprego-transportadora-minuano\\\/#breadcrumb\"},\"inLanguage\":\"es\",\"potentialAction\":[{\"@type\":\"ReadAction\",\"target\":[\"https:\\\/\\\/www.vagadeempregorj.com.br\\\/vagas-de-emprego-transportadora-minuano\\\/\"]}]},{\"@type\":\"ImageObject\",\"inLanguage\":\"es\",\"@id\":\"https:\\\/\\\/www.vagadeempregorj.com.br\\\/vagas-de-emprego-transportadora-minuano\\\/#primaryimage\",\"url\":\"https:\\\/\\\/www.vagadeempregorj.com.br\\\/wp-content\\\/uploads\\\/2022\\\/09\\\/Vagas-de-emprego-Transportadora-Minuano.png\",\"contentUrl\":\"https:\\\/\\\/www.vagadeempregorj.com.br\\\/wp-content\\\/uploads\\\/2022\\\/09\\\/Vagas-de-emprego-Transportadora-Minuano.png\",\"width\":1200,\"height\":675},{\"@type\":\"BreadcrumbList\",\"@id\":\"https:\\\/\\\/www.vagadeempregorj.com.br\\\/vagas-de-emprego-transportadora-minuano\\\/#breadcrumb\",\"itemListElement\":[{\"@type\":\"ListItem\",\"position\":1,\"name\":\"In\u00edcio\",\"item\":\"https:\\\/\\\/www.vagadeempregorj.com.br\\\/\"},{\"@type\":\"ListItem\",\"position\":2,\"name\":\"Vagas de Emprego Nacionais\",\"item\":\"https:\\\/\\\/www.vagadeempregorj.com.br\\\/vagas-de-emprego-nacionais\\\/\"},{\"@type\":\"ListItem\",\"position\":3,\"name\":\"Vagas de Emprego Transportadora Minuano\"}]},{\"@type\":\"WebSite\",\"@id\":\"https:\\\/\\\/www.vagadeempregorj.com.br\\\/#website\",\"url\":\"https:\\\/\\\/www.vagadeempregorj.com.br\\\/\",\"name\":\"\",\"description\":\"Conquiste Sonhos: Vagas, Benef\u00edcios e Economia para Transformar Vidas e Alcan\u00e7ar Melhorias Cotidianas\",\"potentialAction\":[{\"@type\":\"SearchAction\",\"target\":{\"@type\":\"EntryPoint\",\"urlTemplate\":\"https:\\\/\\\/www.vagadeempregorj.com.br\\\/?s={search_term_string}\"},\"query-input\":{\"@type\":\"PropertyValueSpecification\",\"valueRequired\":true,\"valueName\":\"search_term_string\"}}],\"inLanguage\":\"es\"},{\"@type\":\"Person\",\"@id\":\"https:\\\/\\\/www.vagadeempregorj.com.br\\\/#\\\/schema\\\/person\\\/ff7c1ede281066d35b2813eb13f662ef\",\"name\":\"Pedro Santos\",\"image\":{\"@type\":\"ImageObject\",\"inLanguage\":\"es\",\"@id\":\"https:\\\/\\\/secure.gravatar.com\\\/avatar\\\/0f569c1b80e91280c9dc54d2dec96d0c5562a072cef4b08b7e3807948546027c?s=96&r=g\",\"url\":\"https:\\\/\\\/secure.gravatar.com\\\/avatar\\\/0f569c1b80e91280c9dc54d2dec96d0c5562a072cef4b08b7e3807948546027c?s=96&r=g\",\"contentUrl\":\"https:\\\/\\\/secure.gravatar.com\\\/avatar\\\/0f569c1b80e91280c9dc54d2dec96d0c5562a072cef4b08b7e3807948546027c?s=96&r=g\",\"caption\":\"Pedro Santos\"},\"description\":\"Meu nome \u00e9 Pedro e sou redator. Dedico meu tempo escrevendo vagas de emprego diariamente no portal Vaga de Emprego RJ\",\"url\":\"https:\\\/\\\/www.vagadeempregorj.com.br\\\/es\\\/author\\\/fabio\\\/\"}]}<\/script>\n<!-- \/ Yoast SEO plugin. -->","yoast_head_json":{"title":"Vagas de Emprego Transportadora Minuano -","description":"Vagas de emprego Transportadora Minuano. Esteja pronto para no ato da entrevista, em momento oportuno, negociar o sal\u00e1rio. Importante...","robots":{"index":"index","follow":"follow","max-snippet":"max-snippet:-1","max-image-preview":"max-image-preview:large","max-video-preview":"max-video-preview:-1"},"canonical":"https:\/\/www.vagadeempregorj.com.br\/es\/vagas-de-emprego-transportadora-minuano\/","og_locale":"es_MX","og_type":"article","og_title":"Vagas de Emprego Transportadora Minuano -","og_description":"Vagas de emprego Transportadora Minuano. Esteja pronto para no ato da entrevista, em momento oportuno, negociar o sal\u00e1rio. Importante...","og_url":"https:\/\/www.vagadeempregorj.com.br\/es\/vagas-de-emprego-transportadora-minuano\/","article_publisher":"https:\/\/www.facebook.com\/empregobrasiloficial","article_published_time":"2023-10-19T03:05:00+00:00","og_image":[{"width":1200,"height":675,"url":"https:\/\/www.vagadeempregorj.com.br\/wp-content\/uploads\/2022\/09\/Vagas-de-emprego-Transportadora-Minuano.png","type":"image\/png"}],"author":"Pedro Santos","twitter_card":"summary_large_image","twitter_misc":{"Written by":"Pedro Santos","Est. reading time":"1 minuto"},"schema":{"@context":"https:\/\/schema.org","@graph":[{"@type":"Article","@id":"https:\/\/www.vagadeempregorj.com.br\/vagas-de-emprego-transportadora-minuano\/#article","isPartOf":{"@id":"https:\/\/www.vagadeempregorj.com.br\/vagas-de-emprego-transportadora-minuano\/"},"author":{"name":"Pedro Santos","@id":"https:\/\/www.vagadeempregorj.com.br\/#\/schema\/person\/ff7c1ede281066d35b2813eb13f662ef"},"headline":"Vagas de Emprego Transportadora Minuano","datePublished":"2023-10-19T03:05:00+00:00","mainEntityOfPage":{"@id":"https:\/\/www.vagadeempregorj.com.br\/vagas-de-emprego-transportadora-minuano\/"},"wordCount":388,"image":{"@id":"https:\/\/www.vagadeempregorj.com.br\/vagas-de-emprego-transportadora-minuano\/#primaryimage"},"thumbnailUrl":"https:\/\/www.vagadeempregorj.com.br\/wp-content\/uploads\/2022\/09\/Vagas-de-emprego-Transportadora-Minuano.png","keywords":["Transportadora Minuano","vaga de emprego"],"articleSection":["Vagas de Emprego Nacionais"],"inLanguage":"es"},{"@type":"WebPage","@id":"https:\/\/www.vagadeempregorj.com.br\/vagas-de-emprego-transportadora-minuano\/","url":"https:\/\/www.vagadeempregorj.com.br\/vagas-de-emprego-transportadora-minuano\/","name":"Vagas de Emprego Transportadora Minuano -","isPartOf":{"@id":"https:\/\/www.vagadeempregorj.com.br\/#website"},"primaryImageOfPage":{"@id":"https:\/\/www.vagadeempregorj.com.br\/vagas-de-emprego-transportadora-minuano\/#primaryimage"},"image":{"@id":"https:\/\/www.vagadeempregorj.com.br\/vagas-de-emprego-transportadora-minuano\/#primaryimage"},"thumbnailUrl":"https:\/\/www.vagadeempregorj.com.br\/wp-content\/uploads\/2022\/09\/Vagas-de-emprego-Transportadora-Minuano.png","datePublished":"2023-10-19T03:05:00+00:00","author":{"@id":"https:\/\/www.vagadeempregorj.com.br\/#\/schema\/person\/ff7c1ede281066d35b2813eb13f662ef"},"description":"Vagas de emprego Transportadora Minuano. Esteja pronto para no ato da entrevista, em momento oportuno, negociar o sal\u00e1rio. Importante...","breadcrumb":{"@id":"https:\/\/www.vagadeempregorj.com.br\/vagas-de-emprego-transportadora-minuano\/#breadcrumb"},"inLanguage":"es","potentialAction":[{"@type":"ReadAction","target":["https:\/\/www.vagadeempregorj.com.br\/vagas-de-emprego-transportadora-minuano\/"]}]},{"@type":"ImageObject","inLanguage":"es","@id":"https:\/\/www.vagadeempregorj.com.br\/vagas-de-emprego-transportadora-minuano\/#primaryimage","url":"https:\/\/www.vagadeempregorj.com.br\/wp-content\/uploads\/2022\/09\/Vagas-de-emprego-Transportadora-Minuano.png","contentUrl":"https:\/\/www.vagadeempregorj.com.br\/wp-content\/uploads\/2022\/09\/Vagas-de-emprego-Transportadora-Minuano.png","width":1200,"height":675},{"@type":"BreadcrumbList","@id":"https:\/\/www.vagadeempregorj.com.br\/vagas-de-emprego-transportadora-minuano\/#breadcrumb","itemListElement":[{"@type":"ListItem","position":1,"name":"In\u00edcio","item":"https:\/\/www.vagadeempregorj.com.br\/"},{"@type":"ListItem","position":2,"name":"Vagas de Emprego Nacionais","item":"https:\/\/www.vagadeempregorj.com.br\/vagas-de-emprego-nacionais\/"},{"@type":"ListItem","position":3,"name":"Vagas de Emprego Transportadora Minuano"}]},{"@type":"WebSite","@id":"https:\/\/www.vagadeempregorj.com.br\/#website","url":"https:\/\/www.vagadeempregorj.com.br\/","name":"","description":"Conquiste Sonhos: Vagas, Benef\u00edcios e Economia para Transformar Vidas e Alcan\u00e7ar Melhorias Cotidianas","potentialAction":[{"@type":"SearchAction","target":{"@type":"EntryPoint","urlTemplate":"https:\/\/www.vagadeempregorj.com.br\/?s={search_term_string}"},"query-input":{"@type":"PropertyValueSpecification","valueRequired":true,"valueName":"search_term_string"}}],"inLanguage":"es"},{"@type":"Person","@id":"https:\/\/www.vagadeempregorj.com.br\/#\/schema\/person\/ff7c1ede281066d35b2813eb13f662ef","name":"Pedro Santos","image":{"@type":"ImageObject","inLanguage":"es","@id":"https:\/\/secure.gravatar.com\/avatar\/0f569c1b80e91280c9dc54d2dec96d0c5562a072cef4b08b7e3807948546027c?s=96&r=g","url":"https:\/\/secure.gravatar.com\/avatar\/0f569c1b80e91280c9dc54d2dec96d0c5562a072cef4b08b7e3807948546027c?s=96&r=g","contentUrl":"https:\/\/secure.gravatar.com\/avatar\/0f569c1b80e91280c9dc54d2dec96d0c5562a072cef4b08b7e3807948546027c?s=96&r=g","caption":"Pedro Santos"},"description":"Meu nome \u00e9 Pedro e sou redator. Dedico meu tempo escrevendo vagas de emprego diariamente no portal Vaga de Emprego RJ","url":"https:\/\/www.vagadeempregorj.com.br\/es\/author\/fabio\/"}]}},"_links":{"self":[{"href":"https:\/\/www.vagadeempregorj.com.br\/es\/wp-json\/wp\/v2\/posts\/34672","targetHints":{"allow":["GET"]}}],"collection":[{"href":"https:\/\/www.vagadeempregorj.com.br\/es\/wp-json\/wp\/v2\/posts"}],"about":[{"href":"https:\/\/www.vagadeempregorj.com.br\/es\/wp-json\/wp\/v2\/types\/post"}],"author":[{"embeddable":true,"href":"https:\/\/www.vagadeempregorj.com.br\/es\/wp-json\/wp\/v2\/users\/10"}],"replies":[{"embeddable":true,"href":"https:\/\/www.vagadeempregorj.com.br\/es\/wp-json\/wp\/v2\/comments?post=34672"}],"version-history":[{"count":0,"href":"https:\/\/www.vagadeempregorj.com.br\/es\/wp-json\/wp\/v2\/posts\/34672\/revisions"}],"wp:featuredmedia":[{"embeddable":true,"href":"https:\/\/www.vagadeempregorj.com.br\/es\/wp-json\/wp\/v2\/media\/34688"}],"wp:attachment":[{"href":"https:\/\/www.vagadeempregorj.com.br\/es\/wp-json\/wp\/v2\/media?parent=34672"}],"wp:term":[{"taxonomy":"category","embeddable":true,"href":"https:\/\/www.vagadeempregorj.com.br\/es\/wp-json\/wp\/v2\/categories?post=34672"},{"taxonomy":"post_tag","embeddable":true,"href":"https:\/\/www.vagadeempregorj.com.br\/es\/wp-json\/wp\/v2\/tags?post=34672"}],"curies":[{"name":"wp","href":"https:\/\/api.w.org\/{rel}","templated":true}]}}