{"id":34816,"date":"2023-09-06T00:01:00","date_gmt":"2023-09-06T03:01:00","guid":{"rendered":"https:\/\/www.vagadeempregorj.com.br\/?p=34816"},"modified":"2023-09-18T20:23:18","modified_gmt":"2023-09-18T23:23:18","slug":"vagas-de-emprego-ituran","status":"publish","type":"post","link":"https:\/\/www.vagadeempregorj.com.br\/es\/vagas-de-emprego-ituran\/","title":{"rendered":"Auxiliar Administrativo, Consultor de Atendimento, Promotor Comercial, Executivo de Contas e muito mais na Empresa Ituran"},"content":{"rendered":"<p>Atualizado em<\/p>\n\n\n<div class=\"wp-block-post-date\"><time datetime=\"2023-09-06T00:01:00-03:00\">06\/09\/2023<\/time><\/div>\n\n\n<p>A Ituran \u00e9 uma empresa que realiza rastreamento veicular, prometendo prote\u00e7\u00e3o para ve\u00edculos de diferentes portes, j\u00e1 que uma equipe completa acompanha deslocamentos e, em caso de qualquer furto ou roubo, fica mais f\u00e1cil reaver o bem.&nbsp;<\/p>\n\n\n\n<p><\/p>\n\n\n\n<p>Com aplicativo na Play Store e na Apple Store, ela permite que os seus clientes usem o sistema m\u00f3vel para acompanhar suas faturas, respostas a solicita\u00e7\u00f5es e muito mais coisas.&nbsp;<\/p>\n\n\n\n<p>Fazer parte dos funcion\u00e1rios da Ituran \u00e9 algo recompensador pela fama da empresa e as vagas atualmente abertas s\u00e3o:<\/p>\n\n\n\n<ul class=\"wp-block-list\">\n<li>Auxiliar administrativo<\/li>\n\n\n\n<li>Executivo de contas<\/li>\n\n\n\n<li>Analista de contratos<\/li>\n\n\n\n<li>Analista de Recursos Humanos<\/li>\n\n\n\n<li>Analista de planejamento<\/li>\n\n\n\n<li>Est\u00e1gio de Tecnologia da Informa\u00e7\u00e3o<\/li>\n\n\n\n<li>Consultor de atendimento<\/li>\n\n\n\n<li>Promotor comercial<\/li>\n\n\n\n<li>Supervisor comercial de concession\u00e1ria<\/li>\n\n\n\n<li>T\u00e9cnico de garantia de qualidade<\/li>\n\n\n\n<li>Analista de desenvolvimento<\/li>\n\n\n\n<li>E mais<\/li>\n<\/ul>\n\n\n\n<p>Ao se tornar parte da Ituran, os profissionais recebem benef\u00edcios que valem a pena, apesar de o seu departamento pessoal s\u00f3 os informar durante o recrutamento.<\/p>\n\n\n\n<div class=\"wp-block-buttons is-horizontal is-content-justification-center is-layout-flex wp-container-core-buttons-is-layout-499968f5 wp-block-buttons-is-layout-flex\">\n<div class=\"wp-block-button\"><a class=\"wp-block-button__link has-black-color has-text-color has-background wp-element-button\" href=\"https:\/\/www.vagadeempregorj.com.br\/es\/enviando-seu-curriculo-rapidamente\/\" style=\"background:linear-gradient(2deg,rgb(255,134,50) 64%,rgb(255,197,71) 100%)\"><strong>VEJA COMO SE CANDIDATAR<\/strong><\/a><\/div>\n<\/div>\n\n\n\n<h2 class=\"wp-block-heading\"><strong>Como se inscrever<\/strong><\/h2>\n\n\n\n<p>As candidaturas a vagas na empresa devem ser feitas de gra\u00e7a pelo sistema Kenoby, no qual os profissionais podem atualizar seu curr\u00edculo quando desejarem, colocando foto de perfil e ainda passando por algumas \u201cfiltragens\u201d online mesmo. Para tudo isso, o link \u00e9 <strong><a href=\"https:\/\/vagasituran.gupy.io\/\">https:\/\/vagasituran.gupy.io\/<\/a><\/strong><\/p>\n\n\n\n<p>A Ituran usa o LinkedIn tamb\u00e9m como forma de comunicar o que acontece no seu cotidiano, seus novos projetos e suas oportunidades profissionais: <a href=\"https:\/\/www.linkedin.com\/company\/ituran-brasil\/\">https:\/\/www.linkedin.com\/company\/ituran-brasil\/<\/a>.&nbsp;<\/p>\n\n\n\n<h2 class=\"wp-block-heading\"><strong>Descubra mais sobre a Ituran<\/strong><\/h2>\n\n\n\n<p>Com 700.000 clientes apenas em territ\u00f3rio nacional, a Ituran tem um diferencial important\u00edssimo quando o assunto \u00e9 rastrear ve\u00edculos: o fato de os seus equipamentos serem importados de pa\u00edses que se dedicam a novas tecnologias.&nbsp;<\/p>\n\n\n\n<p>Levando em conta todos os pa\u00edses atendidos, ela j\u00e1 atingiu os 2.000.000 de clientes e disponibiliza gest\u00e3o de frotas, o que \u00e9 uma necessidade para empresas que lidam com ve\u00edculos.&nbsp;<\/p>\n\n\n\n<p>J\u00e1 as pessoas f\u00edsicas podem contar com a Ituran para proteger o seu patrim\u00f4nio, pois a empresa vende seus rastreadores, al\u00e9m de ter servi\u00e7os adicionais e at\u00e9 mesmo oferecer cobertura de seguros. Inclusive, a rastreadora tamb\u00e9m tem servi\u00e7os voltados \u00e0 prote\u00e7\u00e3o de motos.&nbsp;<\/p>\n\n\n\n<div class=\"wp-block-buttons is-horizontal is-content-justification-center is-layout-flex wp-container-core-buttons-is-layout-499968f5 wp-block-buttons-is-layout-flex\">\n<div class=\"wp-block-button\"><a class=\"wp-block-button__link has-black-color has-text-color has-background wp-element-button\" href=\"https:\/\/www.vagadeempregorj.com.br\/es\/vagas-de-emprego-nacionais\/\" style=\"border-radius:29px;background:linear-gradient(2deg,rgb(255,134,50) 60%,rgb(255,197,71) 100%)\"><strong>VEJA NOVAS VAGAS PARA SE CANDIDATAR<\/strong><\/a><\/div>\n<\/div>","protected":false},"excerpt":{"rendered":"<p>Vagas de emprego Ituran. Esteja pronto para no ato da entrevista, em momento oportuno, negociar o sal\u00e1rio. Importante: entenda sobre a empresa, privilegie as raz\u00f5es para o valor em prol da empresa e n\u00e3o de argumentos pessoais, como: pagamento de financiamento, cart\u00e3o de cr\u00e9dito, faculdade, empr\u00e9stimo ou d\u00edvida. <\/p>","protected":false},"author":10,"featured_media":34817,"comment_status":"closed","ping_status":"closed","sticky":false,"template":"","format":"standard","meta":{"neve_meta_sidebar":"","neve_meta_container":"","neve_meta_enable_content_width":"","neve_meta_content_width":0,"neve_meta_title_alignment":"","neve_meta_author_avatar":"","neve_post_elements_order":"","neve_meta_disable_header":"","neve_meta_disable_footer":"","neve_meta_disable_title":"","footnotes":""},"categories":[123],"tags":[568,147],"class_list":["post-34816","post","type-post","status-publish","format-standard","has-post-thumbnail","hentry","category-vagas-de-emprego-nacionais","tag-ituran","tag-vaga-de-emprego"],"yoast_head":"<!-- This site is optimized with the Yoast SEO plugin v27.5 - https:\/\/yoast.com\/product\/yoast-seo-wordpress\/ -->\n<title>Auxiliar Administrativo, Consultor de Atendimento, Promotor Comercial, Executivo de Contas e muito mais na Empresa Ituran -<\/title>\n<meta name=\"description\" content=\"Vagas de emprego Ituran. Esteja pronto para no ato da entrevista, em momento oportuno, negociar o sal\u00e1rio. Importante: entenda sobre...\" \/>\n<meta name=\"robots\" content=\"index, follow, max-snippet:-1, max-image-preview:large, max-video-preview:-1\" \/>\n<link rel=\"canonical\" href=\"https:\/\/www.vagadeempregorj.com.br\/es\/vagas-de-emprego-ituran\/\" \/>\n<meta property=\"og:locale\" content=\"es_MX\" \/>\n<meta property=\"og:type\" content=\"article\" \/>\n<meta property=\"og:title\" content=\"Auxiliar Administrativo, Consultor de Atendimento, Promotor Comercial, Executivo de Contas e muito mais na Empresa Ituran -\" \/>\n<meta property=\"og:description\" content=\"Vagas de emprego Ituran. Esteja pronto para no ato da entrevista, em momento oportuno, negociar o sal\u00e1rio. Importante: entenda sobre...\" \/>\n<meta property=\"og:url\" content=\"https:\/\/www.vagadeempregorj.com.br\/es\/vagas-de-emprego-ituran\/\" \/>\n<meta property=\"article:publisher\" content=\"https:\/\/www.facebook.com\/empregobrasiloficial\" \/>\n<meta property=\"article:published_time\" content=\"2023-09-06T03:01:00+00:00\" \/>\n<meta property=\"article:modified_time\" content=\"2023-09-18T23:23:18+00:00\" \/>\n<meta property=\"og:image\" content=\"https:\/\/www.vagadeempregorj.com.br\/wp-content\/uploads\/2022\/09\/Vagas-de-emprego-Ituran.png\" \/>\n\t<meta property=\"og:image:width\" content=\"1200\" \/>\n\t<meta property=\"og:image:height\" content=\"675\" \/>\n\t<meta property=\"og:image:type\" content=\"image\/png\" \/>\n<meta name=\"author\" content=\"Pedro Santos\" \/>\n<meta name=\"twitter:card\" content=\"summary_large_image\" \/>\n<meta name=\"twitter:label1\" content=\"Written by\" \/>\n\t<meta name=\"twitter:data1\" content=\"Pedro Santos\" \/>\n\t<meta name=\"twitter:label2\" content=\"Est. reading time\" \/>\n\t<meta name=\"twitter:data2\" content=\"1 minuto\" \/>\n<script type=\"application\/ld+json\" class=\"yoast-schema-graph\">{\"@context\":\"https:\\\/\\\/schema.org\",\"@graph\":[{\"@type\":\"Article\",\"@id\":\"https:\\\/\\\/www.vagadeempregorj.com.br\\\/vagas-de-emprego-ituran\\\/#article\",\"isPartOf\":{\"@id\":\"https:\\\/\\\/www.vagadeempregorj.com.br\\\/vagas-de-emprego-ituran\\\/\"},\"author\":{\"name\":\"Pedro Santos\",\"@id\":\"https:\\\/\\\/www.vagadeempregorj.com.br\\\/#\\\/schema\\\/person\\\/ff7c1ede281066d35b2813eb13f662ef\"},\"headline\":\"Auxiliar Administrativo, Consultor de Atendimento, Promotor Comercial, Executivo de Contas e muito mais na Empresa Ituran\",\"datePublished\":\"2023-09-06T03:01:00+00:00\",\"dateModified\":\"2023-09-18T23:23:18+00:00\",\"mainEntityOfPage\":{\"@id\":\"https:\\\/\\\/www.vagadeempregorj.com.br\\\/vagas-de-emprego-ituran\\\/\"},\"wordCount\":397,\"image\":{\"@id\":\"https:\\\/\\\/www.vagadeempregorj.com.br\\\/vagas-de-emprego-ituran\\\/#primaryimage\"},\"thumbnailUrl\":\"https:\\\/\\\/www.vagadeempregorj.com.br\\\/wp-content\\\/uploads\\\/2022\\\/09\\\/Vagas-de-emprego-Ituran.png\",\"keywords\":[\"Ituran\",\"vaga de emprego\"],\"articleSection\":[\"Vagas de Emprego Nacionais\"],\"inLanguage\":\"es\"},{\"@type\":\"WebPage\",\"@id\":\"https:\\\/\\\/www.vagadeempregorj.com.br\\\/vagas-de-emprego-ituran\\\/\",\"url\":\"https:\\\/\\\/www.vagadeempregorj.com.br\\\/vagas-de-emprego-ituran\\\/\",\"name\":\"Auxiliar Administrativo, Consultor de Atendimento, Promotor Comercial, Executivo de Contas e muito mais na Empresa Ituran -\",\"isPartOf\":{\"@id\":\"https:\\\/\\\/www.vagadeempregorj.com.br\\\/#website\"},\"primaryImageOfPage\":{\"@id\":\"https:\\\/\\\/www.vagadeempregorj.com.br\\\/vagas-de-emprego-ituran\\\/#primaryimage\"},\"image\":{\"@id\":\"https:\\\/\\\/www.vagadeempregorj.com.br\\\/vagas-de-emprego-ituran\\\/#primaryimage\"},\"thumbnailUrl\":\"https:\\\/\\\/www.vagadeempregorj.com.br\\\/wp-content\\\/uploads\\\/2022\\\/09\\\/Vagas-de-emprego-Ituran.png\",\"datePublished\":\"2023-09-06T03:01:00+00:00\",\"dateModified\":\"2023-09-18T23:23:18+00:00\",\"author\":{\"@id\":\"https:\\\/\\\/www.vagadeempregorj.com.br\\\/#\\\/schema\\\/person\\\/ff7c1ede281066d35b2813eb13f662ef\"},\"description\":\"Vagas de emprego Ituran. Esteja pronto para no ato da entrevista, em momento oportuno, negociar o sal\u00e1rio. Importante: entenda sobre...\",\"breadcrumb\":{\"@id\":\"https:\\\/\\\/www.vagadeempregorj.com.br\\\/vagas-de-emprego-ituran\\\/#breadcrumb\"},\"inLanguage\":\"es\",\"potentialAction\":[{\"@type\":\"ReadAction\",\"target\":[\"https:\\\/\\\/www.vagadeempregorj.com.br\\\/vagas-de-emprego-ituran\\\/\"]}]},{\"@type\":\"ImageObject\",\"inLanguage\":\"es\",\"@id\":\"https:\\\/\\\/www.vagadeempregorj.com.br\\\/vagas-de-emprego-ituran\\\/#primaryimage\",\"url\":\"https:\\\/\\\/www.vagadeempregorj.com.br\\\/wp-content\\\/uploads\\\/2022\\\/09\\\/Vagas-de-emprego-Ituran.png\",\"contentUrl\":\"https:\\\/\\\/www.vagadeempregorj.com.br\\\/wp-content\\\/uploads\\\/2022\\\/09\\\/Vagas-de-emprego-Ituran.png\",\"width\":1200,\"height\":675},{\"@type\":\"BreadcrumbList\",\"@id\":\"https:\\\/\\\/www.vagadeempregorj.com.br\\\/vagas-de-emprego-ituran\\\/#breadcrumb\",\"itemListElement\":[{\"@type\":\"ListItem\",\"position\":1,\"name\":\"In\u00edcio\",\"item\":\"https:\\\/\\\/www.vagadeempregorj.com.br\\\/\"},{\"@type\":\"ListItem\",\"position\":2,\"name\":\"Vagas de Emprego Nacionais\",\"item\":\"https:\\\/\\\/www.vagadeempregorj.com.br\\\/vagas-de-emprego-nacionais\\\/\"},{\"@type\":\"ListItem\",\"position\":3,\"name\":\"Auxiliar Administrativo, Consultor de Atendimento, Promotor Comercial, Executivo de Contas e muito mais na Empresa Ituran\"}]},{\"@type\":\"WebSite\",\"@id\":\"https:\\\/\\\/www.vagadeempregorj.com.br\\\/#website\",\"url\":\"https:\\\/\\\/www.vagadeempregorj.com.br\\\/\",\"name\":\"\",\"description\":\"Conquiste Sonhos: Vagas, Benef\u00edcios e Economia para Transformar Vidas e Alcan\u00e7ar Melhorias Cotidianas\",\"potentialAction\":[{\"@type\":\"SearchAction\",\"target\":{\"@type\":\"EntryPoint\",\"urlTemplate\":\"https:\\\/\\\/www.vagadeempregorj.com.br\\\/?s={search_term_string}\"},\"query-input\":{\"@type\":\"PropertyValueSpecification\",\"valueRequired\":true,\"valueName\":\"search_term_string\"}}],\"inLanguage\":\"es\"},{\"@type\":\"Person\",\"@id\":\"https:\\\/\\\/www.vagadeempregorj.com.br\\\/#\\\/schema\\\/person\\\/ff7c1ede281066d35b2813eb13f662ef\",\"name\":\"Pedro Santos\",\"image\":{\"@type\":\"ImageObject\",\"inLanguage\":\"es\",\"@id\":\"https:\\\/\\\/secure.gravatar.com\\\/avatar\\\/0f569c1b80e91280c9dc54d2dec96d0c5562a072cef4b08b7e3807948546027c?s=96&r=g\",\"url\":\"https:\\\/\\\/secure.gravatar.com\\\/avatar\\\/0f569c1b80e91280c9dc54d2dec96d0c5562a072cef4b08b7e3807948546027c?s=96&r=g\",\"contentUrl\":\"https:\\\/\\\/secure.gravatar.com\\\/avatar\\\/0f569c1b80e91280c9dc54d2dec96d0c5562a072cef4b08b7e3807948546027c?s=96&r=g\",\"caption\":\"Pedro Santos\"},\"description\":\"Meu nome \u00e9 Pedro e sou redator. Dedico meu tempo escrevendo vagas de emprego diariamente no portal Vaga de Emprego RJ\",\"url\":\"https:\\\/\\\/www.vagadeempregorj.com.br\\\/es\\\/author\\\/fabio\\\/\"}]}<\/script>\n<!-- \/ Yoast SEO plugin. -->","yoast_head_json":{"title":"Auxiliar Administrativo, Consultor de Atendimento, Promotor Comercial, Executivo de Contas e muito mais na Empresa Ituran -","description":"Vagas de emprego Ituran. Esteja pronto para no ato da entrevista, em momento oportuno, negociar o sal\u00e1rio. Importante: entenda sobre...","robots":{"index":"index","follow":"follow","max-snippet":"max-snippet:-1","max-image-preview":"max-image-preview:large","max-video-preview":"max-video-preview:-1"},"canonical":"https:\/\/www.vagadeempregorj.com.br\/es\/vagas-de-emprego-ituran\/","og_locale":"es_MX","og_type":"article","og_title":"Auxiliar Administrativo, Consultor de Atendimento, Promotor Comercial, Executivo de Contas e muito mais na Empresa Ituran -","og_description":"Vagas de emprego Ituran. Esteja pronto para no ato da entrevista, em momento oportuno, negociar o sal\u00e1rio. Importante: entenda sobre...","og_url":"https:\/\/www.vagadeempregorj.com.br\/es\/vagas-de-emprego-ituran\/","article_publisher":"https:\/\/www.facebook.com\/empregobrasiloficial","article_published_time":"2023-09-06T03:01:00+00:00","article_modified_time":"2023-09-18T23:23:18+00:00","og_image":[{"width":1200,"height":675,"url":"https:\/\/www.vagadeempregorj.com.br\/wp-content\/uploads\/2022\/09\/Vagas-de-emprego-Ituran.png","type":"image\/png"}],"author":"Pedro Santos","twitter_card":"summary_large_image","twitter_misc":{"Written by":"Pedro Santos","Est. reading time":"1 minuto"},"schema":{"@context":"https:\/\/schema.org","@graph":[{"@type":"Article","@id":"https:\/\/www.vagadeempregorj.com.br\/vagas-de-emprego-ituran\/#article","isPartOf":{"@id":"https:\/\/www.vagadeempregorj.com.br\/vagas-de-emprego-ituran\/"},"author":{"name":"Pedro Santos","@id":"https:\/\/www.vagadeempregorj.com.br\/#\/schema\/person\/ff7c1ede281066d35b2813eb13f662ef"},"headline":"Auxiliar Administrativo, Consultor de Atendimento, Promotor Comercial, Executivo de Contas e muito mais na Empresa Ituran","datePublished":"2023-09-06T03:01:00+00:00","dateModified":"2023-09-18T23:23:18+00:00","mainEntityOfPage":{"@id":"https:\/\/www.vagadeempregorj.com.br\/vagas-de-emprego-ituran\/"},"wordCount":397,"image":{"@id":"https:\/\/www.vagadeempregorj.com.br\/vagas-de-emprego-ituran\/#primaryimage"},"thumbnailUrl":"https:\/\/www.vagadeempregorj.com.br\/wp-content\/uploads\/2022\/09\/Vagas-de-emprego-Ituran.png","keywords":["Ituran","vaga de emprego"],"articleSection":["Vagas de Emprego Nacionais"],"inLanguage":"es"},{"@type":"WebPage","@id":"https:\/\/www.vagadeempregorj.com.br\/vagas-de-emprego-ituran\/","url":"https:\/\/www.vagadeempregorj.com.br\/vagas-de-emprego-ituran\/","name":"Auxiliar Administrativo, Consultor de Atendimento, Promotor Comercial, Executivo de Contas e muito mais na Empresa Ituran -","isPartOf":{"@id":"https:\/\/www.vagadeempregorj.com.br\/#website"},"primaryImageOfPage":{"@id":"https:\/\/www.vagadeempregorj.com.br\/vagas-de-emprego-ituran\/#primaryimage"},"image":{"@id":"https:\/\/www.vagadeempregorj.com.br\/vagas-de-emprego-ituran\/#primaryimage"},"thumbnailUrl":"https:\/\/www.vagadeempregorj.com.br\/wp-content\/uploads\/2022\/09\/Vagas-de-emprego-Ituran.png","datePublished":"2023-09-06T03:01:00+00:00","dateModified":"2023-09-18T23:23:18+00:00","author":{"@id":"https:\/\/www.vagadeempregorj.com.br\/#\/schema\/person\/ff7c1ede281066d35b2813eb13f662ef"},"description":"Vagas de emprego Ituran. Esteja pronto para no ato da entrevista, em momento oportuno, negociar o sal\u00e1rio. Importante: entenda sobre...","breadcrumb":{"@id":"https:\/\/www.vagadeempregorj.com.br\/vagas-de-emprego-ituran\/#breadcrumb"},"inLanguage":"es","potentialAction":[{"@type":"ReadAction","target":["https:\/\/www.vagadeempregorj.com.br\/vagas-de-emprego-ituran\/"]}]},{"@type":"ImageObject","inLanguage":"es","@id":"https:\/\/www.vagadeempregorj.com.br\/vagas-de-emprego-ituran\/#primaryimage","url":"https:\/\/www.vagadeempregorj.com.br\/wp-content\/uploads\/2022\/09\/Vagas-de-emprego-Ituran.png","contentUrl":"https:\/\/www.vagadeempregorj.com.br\/wp-content\/uploads\/2022\/09\/Vagas-de-emprego-Ituran.png","width":1200,"height":675},{"@type":"BreadcrumbList","@id":"https:\/\/www.vagadeempregorj.com.br\/vagas-de-emprego-ituran\/#breadcrumb","itemListElement":[{"@type":"ListItem","position":1,"name":"In\u00edcio","item":"https:\/\/www.vagadeempregorj.com.br\/"},{"@type":"ListItem","position":2,"name":"Vagas de Emprego Nacionais","item":"https:\/\/www.vagadeempregorj.com.br\/vagas-de-emprego-nacionais\/"},{"@type":"ListItem","position":3,"name":"Auxiliar Administrativo, Consultor de Atendimento, Promotor Comercial, Executivo de Contas e muito mais na Empresa Ituran"}]},{"@type":"WebSite","@id":"https:\/\/www.vagadeempregorj.com.br\/#website","url":"https:\/\/www.vagadeempregorj.com.br\/","name":"","description":"Conquiste Sonhos: Vagas, Benef\u00edcios e Economia para Transformar Vidas e Alcan\u00e7ar Melhorias Cotidianas","potentialAction":[{"@type":"SearchAction","target":{"@type":"EntryPoint","urlTemplate":"https:\/\/www.vagadeempregorj.com.br\/?s={search_term_string}"},"query-input":{"@type":"PropertyValueSpecification","valueRequired":true,"valueName":"search_term_string"}}],"inLanguage":"es"},{"@type":"Person","@id":"https:\/\/www.vagadeempregorj.com.br\/#\/schema\/person\/ff7c1ede281066d35b2813eb13f662ef","name":"Pedro Santos","image":{"@type":"ImageObject","inLanguage":"es","@id":"https:\/\/secure.gravatar.com\/avatar\/0f569c1b80e91280c9dc54d2dec96d0c5562a072cef4b08b7e3807948546027c?s=96&r=g","url":"https:\/\/secure.gravatar.com\/avatar\/0f569c1b80e91280c9dc54d2dec96d0c5562a072cef4b08b7e3807948546027c?s=96&r=g","contentUrl":"https:\/\/secure.gravatar.com\/avatar\/0f569c1b80e91280c9dc54d2dec96d0c5562a072cef4b08b7e3807948546027c?s=96&r=g","caption":"Pedro Santos"},"description":"Meu nome \u00e9 Pedro e sou redator. Dedico meu tempo escrevendo vagas de emprego diariamente no portal Vaga de Emprego RJ","url":"https:\/\/www.vagadeempregorj.com.br\/es\/author\/fabio\/"}]}},"_links":{"self":[{"href":"https:\/\/www.vagadeempregorj.com.br\/es\/wp-json\/wp\/v2\/posts\/34816","targetHints":{"allow":["GET"]}}],"collection":[{"href":"https:\/\/www.vagadeempregorj.com.br\/es\/wp-json\/wp\/v2\/posts"}],"about":[{"href":"https:\/\/www.vagadeempregorj.com.br\/es\/wp-json\/wp\/v2\/types\/post"}],"author":[{"embeddable":true,"href":"https:\/\/www.vagadeempregorj.com.br\/es\/wp-json\/wp\/v2\/users\/10"}],"replies":[{"embeddable":true,"href":"https:\/\/www.vagadeempregorj.com.br\/es\/wp-json\/wp\/v2\/comments?post=34816"}],"version-history":[{"count":0,"href":"https:\/\/www.vagadeempregorj.com.br\/es\/wp-json\/wp\/v2\/posts\/34816\/revisions"}],"wp:featuredmedia":[{"embeddable":true,"href":"https:\/\/www.vagadeempregorj.com.br\/es\/wp-json\/wp\/v2\/media\/34817"}],"wp:attachment":[{"href":"https:\/\/www.vagadeempregorj.com.br\/es\/wp-json\/wp\/v2\/media?parent=34816"}],"wp:term":[{"taxonomy":"category","embeddable":true,"href":"https:\/\/www.vagadeempregorj.com.br\/es\/wp-json\/wp\/v2\/categories?post=34816"},{"taxonomy":"post_tag","embeddable":true,"href":"https:\/\/www.vagadeempregorj.com.br\/es\/wp-json\/wp\/v2\/tags?post=34816"}],"curies":[{"name":"wp","href":"https:\/\/api.w.org\/{rel}","templated":true}]}}