{"id":35444,"date":"2023-09-18T00:01:00","date_gmt":"2023-09-18T03:01:00","guid":{"rendered":"https:\/\/www.vagadeempregorj.com.br\/?p=35444"},"modified":"2024-08-12T17:54:58","modified_gmt":"2024-08-12T20:54:58","slug":"empregos-dufrio","status":"publish","type":"post","link":"https:\/\/www.vagadeempregorj.com.br\/es\/empregos-dufrio\/","title":{"rendered":"Assistente de Log\u00edstica, Vendedor, Caixa Conferente, Auxiliar de Log\u00edstica, Assistente Administrativo, Operador de Televendas e muito mais na Empresa Dufrio"},"content":{"rendered":"<p><strong>Atualizado em 12\/08\/2024<\/strong><\/p>\n\n\n\n<p>Os <strong>Empregos Dufrio<\/strong> podem ser considerados como agentes transformadores de vidas na sociedade. Essa afirma\u00e7\u00e3o \u00e9 verdadeira uma vez que a empresa proporciona diversas chances de empregos para muitos brasileiros mudarem suas condi\u00e7\u00f5es e retornarem ao mercado de trabalho. \u00c9 importante tamb\u00e9m para jovens que desejam ter o primeiro sal\u00e1rio e experi\u00eancia na profiss\u00e3o que escolheram. A Dufrio est\u00e1 presente em 13 estados do pa\u00eds, al\u00e9m do marketing digital, conferindo a empregabilidade de v\u00e1rias pessoas.<\/p>\n\n\n\n<figure class=\"wp-block-image size-full\"><img loading=\"lazy\" decoding=\"async\" width=\"1000\" height=\"650\" src=\"https:\/\/www.vagadeempregorj.com.br\/wp-content\/uploads\/2022\/10\/Empregos-Dufrio.jpg\" alt=\"Empregos Dufrio\" class=\"wp-image-35452\" srcset=\"https:\/\/www.vagadeempregorj.com.br\/wp-content\/uploads\/2022\/10\/Empregos-Dufrio.jpg 1000w, https:\/\/www.vagadeempregorj.com.br\/wp-content\/uploads\/2022\/10\/Empregos-Dufrio-300x195.jpg 300w, https:\/\/www.vagadeempregorj.com.br\/wp-content\/uploads\/2022\/10\/Empregos-Dufrio-768x499.jpg 768w, https:\/\/www.vagadeempregorj.com.br\/wp-content\/uploads\/2022\/10\/Empregos-Dufrio-150x98.jpg 150w\" sizes=\"auto, (max-width: 1000px) 100vw, 1000px\" \/><figcaption class=\"wp-element-caption\">Imagem: Dufrio &#8211; Reprodu\u00e7\u00e3o<\/figcaption><\/figure>\n\n\n\n<h2 class=\"wp-block-heading\">Conhe\u00e7a as oportunidades de Empregos Dufrio<\/h2>\n\n\n\n<p>A <strong>Dufrio <\/strong>\u00e9 uma empresa com mais de 20 anos de hist\u00f3ria que preza por virtudes essenciais no processo de bom desenvolvimento de um projeto: humildade, obstina\u00e7\u00e3o por resultados, comprometimento, esp\u00edrito de equipe, foco no cliente, visionarismo e sentimento de dono. <\/p>\n\n\n\n<p>Com essas caracter\u00edsticas a Dufrio alcan\u00e7ou o posto de uma das principais empresas especializadas em climatiza\u00e7\u00e3o e refrigera\u00e7\u00e3o do pa\u00eds, e deixando seus funcion\u00e1rios a vontade para apresentarem esse perfil, ela conseguiu a certifica\u00e7\u00e3o de uma das melhores empresas para se trabalhar no Ranking Nacional Varejo 2021, pela GPTW.&nbsp;<\/p>\n\n\n\n<p>Para os interessados em fazer parte dessa equipe promissora, \u00e9 de import\u00e2ncia que se avalie todas as exig\u00eancias que cabem ao cargo escolhido. Dessa maneira, uma pessoa que queira ser Assistente de P\u00f3s-Vendas precisa ter conhecimento do C\u00f3digo de Defesa do Consumidor, assim como conhecimentos b\u00e1sicos em contabilidade.&nbsp;<\/p>\n\n\n\n<p>A Dufrio disponibiliza alguns benef\u00edcios a seus funcion\u00e1rios, e a quantidade deles, bem como sua abrang\u00eancia dependem de cada cargo. Podemos citar o Plano de Sa\u00fade, Programa de Incentivo \u00e0 Educa\u00e7\u00e3o, Descontos em produtos da Dufrio, Vale Transporte, Vale-Refei\u00e7\u00e3o (podendo ser Vale-Alimenta\u00e7\u00e3o tamb\u00e9m).<\/p>\n\n\n\n<p>Veja as vagas que podem ficar dispon\u00edveis na Dufrio:<\/p>\n\n\n\n<ul class=\"wp-block-list\">\n<li>Analista Administrativo &#8211; Pleno (Foco em Projetos)&nbsp;<\/li>\n\n\n\n<li>Analista de Compras Indiretas &#8211; Pleno<\/li>\n\n\n\n<li>Arquiteto de Sistemas<\/li>\n\n\n\n<li>Assistente de Log\u00edstica<\/li>\n\n\n\n<li>Assistente de Marketing<\/li>\n\n\n\n<li>Assistente Administrativo<\/li>\n\n\n\n<li>Auxiliar de Log\u00edstica<\/li>\n\n\n\n<li>L\u00edder de Log\u00edstica<\/li>\n\n\n\n<li>Operador de Televendas<\/li>\n\n\n\n<li>Desenvolvedor &#8211; s\u00eanior<\/li>\n\n\n\n<li>Vendedor<\/li>\n\n\n\n<li>Superior de Vendas<\/li>\n\n\n\n<li>Or\u00e7amentista &#8211; Pleno<\/li>\n\n\n\n<li>Separador de Linha de Montagem<\/li>\n\n\n\n<li>Caixa<\/li>\n\n\n\n<li>Conferente<\/li>\n\n\n\n<li>Analista de Endomarketing &#8211; Pleno<\/li>\n\n\n\n<li>Assistente de Obras e Expans\u00e3o &#8211; Jr&nbsp;<\/li>\n\n\n\n<li>Analista Fiscal &#8211; Jr<\/li>\n\n\n\n<li>Analista de Infraestrutura &#8211; Pleno.<\/li>\n\n\n\n<li><\/li>\n<\/ul>\n\n\n\n<h3 class=\"wp-block-heading\">Como se candidatar<\/h3>\n\n\n\n<p>As pessoas que t\u00eam os atributos necess\u00e1rios, como n\u00edvel de conhecimento ou experi\u00eancia pr\u00e9via &#8211; se exigido -,&nbsp; e queiram se candidatar a oportunidade, podem acessar o site concedido e verificar se o cargo est\u00e1 dispon\u00edvel:<\/p>\n\n\n\n<ul class=\"wp-block-list\">\n<li>Copie e cole o endere\u00e7o <strong>https:\/\/www.dufrio.com.br\/trabalhe-conosco<\/strong> em seu navegador;<\/li>\n\n\n\n<li>Siga as instru\u00e7\u00f5es da p\u00e1gina para encontrar vagas abertas.<\/li>\n<\/ul>\n\n\n\n<p>Lembrando que os interessados em vagas tempor\u00e1rias, para PCD, Jovem Aprendiz e estagi\u00e1rios tamb\u00e9m t\u00eam chances.<\/p>\n\n\n\n<p><strong>Veja tamb\u00e9m: <a href=\"https:\/\/www.vagadeempregorj.com.br\/es\/empregos-riachuelo\/\">Empregos Riachuelo<\/a><\/strong><\/p>\n\n\n\n<h2 class=\"wp-block-heading\">Sobre a Dufrio<\/h2>\n\n\n\n<p>A Dufrio \u00e9 uma empresa que presta servi\u00e7os para conserto e manuten\u00e7\u00e3o de c\u00e2maras frias, ar-condicionado, eletro, lavadoras, refrigera\u00e7\u00e3o comercial, energia solar e sistema VRF. Com todo o crescimento e expans\u00e3o de projetos sustent\u00e1veis e consumidores em busca de economia em contas de eletricidade, fica poss\u00edvel dizer que \u00e9 um mercado em destaque e lucrativo.&nbsp;<\/p>\n\n\n\n<p>A empresa aposta em profissionais capacitados e especializados na \u00e1rea para garantir qualidade em seu trabalho e, por conseguinte, a fidelidade do cliente. Os colaboradores ter\u00e3o um ambiente de trabalho motivador, inovador e tamb\u00e9m facilitador, que permite o conforto suficiente para que a criatividade e a atitude vision\u00e1ria sejam bem desenvolvidas e estimuladas.&nbsp;<\/p>","protected":false},"excerpt":{"rendered":"<p>Atualizado em 12\/08\/2024 Os Empregos Dufrio podem ser considerados como agentes transformadores de vidas na sociedade. Essa afirma\u00e7\u00e3o \u00e9 verdadeira uma vez que a empresa proporciona diversas chances de empregos para muitos brasileiros mudarem suas condi\u00e7\u00f5es e retornarem ao mercado de trabalho. \u00c9 importante tamb\u00e9m para jovens que desejam ter o primeiro sal\u00e1rio e experi\u00eancia&hellip;&nbsp;<\/p>","protected":false},"author":16,"featured_media":35452,"comment_status":"open","ping_status":"closed","sticky":false,"template":"","format":"standard","meta":{"neve_meta_sidebar":"","neve_meta_container":"","neve_meta_enable_content_width":"","neve_meta_content_width":0,"neve_meta_title_alignment":"","neve_meta_author_avatar":"","neve_post_elements_order":"","neve_meta_disable_header":"","neve_meta_disable_footer":"","neve_meta_disable_title":"","footnotes":""},"categories":[123],"tags":[611,608,211],"class_list":["post-35444","post","type-post","status-publish","format-standard","has-post-thumbnail","hentry","category-vagas-de-emprego-nacionais","tag-dufrio","tag-oportunidades","tag-vagas-de-emprego"],"yoast_head":"<!-- This site is optimized with the Yoast SEO plugin v27.5 - https:\/\/yoast.com\/product\/yoast-seo-wordpress\/ -->\n<title>Assistente de Log\u00edstica, Vendedor, Caixa Conferente, Auxiliar de Log\u00edstica, Assistente Administrativo, Operador de Televendas e muito mais na Empresa Dufrio<\/title>\n<meta name=\"description\" content=\"Veja em Vagas de Emprego RJ as vagas de emprego com e sem experi\u00eancia no seu Estado e Regi\u00e3o!\" \/>\n<meta name=\"robots\" content=\"index, follow, max-snippet:-1, max-image-preview:large, max-video-preview:-1\" \/>\n<link rel=\"canonical\" href=\"https:\/\/www.vagadeempregorj.com.br\/es\/empregos-dufrio\/\" \/>\n<meta property=\"og:locale\" content=\"es_MX\" \/>\n<meta property=\"og:type\" content=\"article\" \/>\n<meta property=\"og:title\" content=\"Assistente de Log\u00edstica, Vendedor, Caixa Conferente, Auxiliar de Log\u00edstica, Assistente Administrativo, Operador de Televendas e muito mais na Empresa Dufrio\" \/>\n<meta property=\"og:description\" content=\"Veja em Vagas de Emprego RJ as vagas de emprego com e sem experi\u00eancia no seu Estado e Regi\u00e3o!\" \/>\n<meta property=\"og:url\" content=\"https:\/\/www.vagadeempregorj.com.br\/es\/empregos-dufrio\/\" \/>\n<meta property=\"article:publisher\" content=\"https:\/\/www.facebook.com\/empregobrasiloficial\" \/>\n<meta property=\"article:published_time\" content=\"2023-09-18T03:01:00+00:00\" \/>\n<meta property=\"article:modified_time\" content=\"2024-08-12T20:54:58+00:00\" \/>\n<meta property=\"og:image\" content=\"https:\/\/www.vagadeempregorj.com.br\/wp-content\/uploads\/2022\/10\/Empregos-Dufrio.jpg\" \/>\n\t<meta property=\"og:image:width\" content=\"1000\" \/>\n\t<meta property=\"og:image:height\" content=\"650\" \/>\n\t<meta property=\"og:image:type\" content=\"image\/jpeg\" \/>\n<meta name=\"author\" content=\"Michele\" \/>\n<meta name=\"twitter:card\" content=\"summary_large_image\" \/>\n<meta name=\"twitter:label1\" content=\"Written by\" \/>\n\t<meta name=\"twitter:data1\" content=\"Michele\" \/>\n\t<meta name=\"twitter:label2\" content=\"Est. reading time\" \/>\n\t<meta name=\"twitter:data2\" content=\"3 minutos\" \/>\n<script type=\"application\/ld+json\" class=\"yoast-schema-graph\">{\"@context\":\"https:\\\/\\\/schema.org\",\"@graph\":[{\"@type\":\"Article\",\"@id\":\"https:\\\/\\\/www.vagadeempregorj.com.br\\\/empregos-dufrio\\\/#article\",\"isPartOf\":{\"@id\":\"https:\\\/\\\/www.vagadeempregorj.com.br\\\/empregos-dufrio\\\/\"},\"author\":{\"name\":\"Michele\",\"@id\":\"https:\\\/\\\/www.vagadeempregorj.com.br\\\/#\\\/schema\\\/person\\\/3ddb19fa0539706786e502152f3aae95\"},\"headline\":\"Assistente de Log\u00edstica, Vendedor, Caixa Conferente, Auxiliar de Log\u00edstica, Assistente Administrativo, Operador de Televendas e muito mais na Empresa Dufrio\",\"datePublished\":\"2023-09-18T03:01:00+00:00\",\"dateModified\":\"2024-08-12T20:54:58+00:00\",\"mainEntityOfPage\":{\"@id\":\"https:\\\/\\\/www.vagadeempregorj.com.br\\\/empregos-dufrio\\\/\"},\"wordCount\":626,\"commentCount\":0,\"image\":{\"@id\":\"https:\\\/\\\/www.vagadeempregorj.com.br\\\/empregos-dufrio\\\/#primaryimage\"},\"thumbnailUrl\":\"https:\\\/\\\/www.vagadeempregorj.com.br\\\/wp-content\\\/uploads\\\/2022\\\/10\\\/Empregos-Dufrio.jpg\",\"keywords\":[\"Dufrio\",\"oportunidades\",\"vagas de emprego\"],\"articleSection\":[\"Vagas de Emprego Nacionais\"],\"inLanguage\":\"es\",\"potentialAction\":[{\"@type\":\"CommentAction\",\"name\":\"Comment\",\"target\":[\"https:\\\/\\\/www.vagadeempregorj.com.br\\\/empregos-dufrio\\\/#respond\"]}]},{\"@type\":\"WebPage\",\"@id\":\"https:\\\/\\\/www.vagadeempregorj.com.br\\\/empregos-dufrio\\\/\",\"url\":\"https:\\\/\\\/www.vagadeempregorj.com.br\\\/empregos-dufrio\\\/\",\"name\":\"Assistente de Log\u00edstica, Vendedor, Caixa Conferente, Auxiliar de Log\u00edstica, Assistente Administrativo, Operador de Televendas e muito mais na Empresa Dufrio\",\"isPartOf\":{\"@id\":\"https:\\\/\\\/www.vagadeempregorj.com.br\\\/#website\"},\"primaryImageOfPage\":{\"@id\":\"https:\\\/\\\/www.vagadeempregorj.com.br\\\/empregos-dufrio\\\/#primaryimage\"},\"image\":{\"@id\":\"https:\\\/\\\/www.vagadeempregorj.com.br\\\/empregos-dufrio\\\/#primaryimage\"},\"thumbnailUrl\":\"https:\\\/\\\/www.vagadeempregorj.com.br\\\/wp-content\\\/uploads\\\/2022\\\/10\\\/Empregos-Dufrio.jpg\",\"datePublished\":\"2023-09-18T03:01:00+00:00\",\"dateModified\":\"2024-08-12T20:54:58+00:00\",\"author\":{\"@id\":\"https:\\\/\\\/www.vagadeempregorj.com.br\\\/#\\\/schema\\\/person\\\/3ddb19fa0539706786e502152f3aae95\"},\"description\":\"Veja em Vagas de Emprego RJ as vagas de emprego com e sem experi\u00eancia no seu Estado e Regi\u00e3o!\",\"breadcrumb\":{\"@id\":\"https:\\\/\\\/www.vagadeempregorj.com.br\\\/empregos-dufrio\\\/#breadcrumb\"},\"inLanguage\":\"es\",\"potentialAction\":[{\"@type\":\"ReadAction\",\"target\":[\"https:\\\/\\\/www.vagadeempregorj.com.br\\\/empregos-dufrio\\\/\"]}]},{\"@type\":\"ImageObject\",\"inLanguage\":\"es\",\"@id\":\"https:\\\/\\\/www.vagadeempregorj.com.br\\\/empregos-dufrio\\\/#primaryimage\",\"url\":\"https:\\\/\\\/www.vagadeempregorj.com.br\\\/wp-content\\\/uploads\\\/2022\\\/10\\\/Empregos-Dufrio.jpg\",\"contentUrl\":\"https:\\\/\\\/www.vagadeempregorj.com.br\\\/wp-content\\\/uploads\\\/2022\\\/10\\\/Empregos-Dufrio.jpg\",\"width\":1000,\"height\":650,\"caption\":\"Imagem: Dufrio - Reprodu\u00e7\u00e3o\"},{\"@type\":\"BreadcrumbList\",\"@id\":\"https:\\\/\\\/www.vagadeempregorj.com.br\\\/empregos-dufrio\\\/#breadcrumb\",\"itemListElement\":[{\"@type\":\"ListItem\",\"position\":1,\"name\":\"In\u00edcio\",\"item\":\"https:\\\/\\\/www.vagadeempregorj.com.br\\\/\"},{\"@type\":\"ListItem\",\"position\":2,\"name\":\"Vagas de Emprego Nacionais\",\"item\":\"https:\\\/\\\/www.vagadeempregorj.com.br\\\/vagas-de-emprego-nacionais\\\/\"},{\"@type\":\"ListItem\",\"position\":3,\"name\":\"Assistente de Log\u00edstica, Vendedor, Caixa Conferente, Auxiliar de Log\u00edstica, Assistente Administrativo, Operador de Televendas e muito mais na Empresa Dufrio\"}]},{\"@type\":\"WebSite\",\"@id\":\"https:\\\/\\\/www.vagadeempregorj.com.br\\\/#website\",\"url\":\"https:\\\/\\\/www.vagadeempregorj.com.br\\\/\",\"name\":\"\",\"description\":\"Conquiste Sonhos: Vagas, Benef\u00edcios e Economia para Transformar Vidas e Alcan\u00e7ar Melhorias Cotidianas\",\"potentialAction\":[{\"@type\":\"SearchAction\",\"target\":{\"@type\":\"EntryPoint\",\"urlTemplate\":\"https:\\\/\\\/www.vagadeempregorj.com.br\\\/?s={search_term_string}\"},\"query-input\":{\"@type\":\"PropertyValueSpecification\",\"valueRequired\":true,\"valueName\":\"search_term_string\"}}],\"inLanguage\":\"es\"},{\"@type\":\"Person\",\"@id\":\"https:\\\/\\\/www.vagadeempregorj.com.br\\\/#\\\/schema\\\/person\\\/3ddb19fa0539706786e502152f3aae95\",\"name\":\"Michele\",\"image\":{\"@type\":\"ImageObject\",\"inLanguage\":\"es\",\"@id\":\"https:\\\/\\\/secure.gravatar.com\\\/avatar\\\/6b0eb9d22841282815e2cd856a0061c45e1761cd54b22e952d98c4746939aa85?s=96&r=g\",\"url\":\"https:\\\/\\\/secure.gravatar.com\\\/avatar\\\/6b0eb9d22841282815e2cd856a0061c45e1761cd54b22e952d98c4746939aa85?s=96&r=g\",\"contentUrl\":\"https:\\\/\\\/secure.gravatar.com\\\/avatar\\\/6b0eb9d22841282815e2cd856a0061c45e1761cd54b22e952d98c4746939aa85?s=96&r=g\",\"caption\":\"Michele\"},\"description\":\"Formada em Letras - Portugu\u00eas\\\/ Ingl\u00eas, e idealizadora do site Escritora de Sucesso, busca expandir o conhecimento de todos com informa\u00e7\u00f5es relevantes sobre diversos assuntos, enquanto redatora. No Vaga de Emprego RJ, traz oportunidades e dicas sobre o mercado de trabalho.\",\"url\":\"https:\\\/\\\/www.vagadeempregorj.com.br\\\/es\\\/author\\\/michele\\\/\"}]}<\/script>\n<!-- \/ Yoast SEO plugin. -->","yoast_head_json":{"title":"Assistente de Log\u00edstica, Vendedor, Caixa Conferente, Auxiliar de Log\u00edstica, Assistente Administrativo, Operador de Televendas e muito mais na Empresa Dufrio","description":"Veja em Vagas de Emprego RJ as vagas de emprego com e sem experi\u00eancia no seu Estado e Regi\u00e3o!","robots":{"index":"index","follow":"follow","max-snippet":"max-snippet:-1","max-image-preview":"max-image-preview:large","max-video-preview":"max-video-preview:-1"},"canonical":"https:\/\/www.vagadeempregorj.com.br\/es\/empregos-dufrio\/","og_locale":"es_MX","og_type":"article","og_title":"Assistente de Log\u00edstica, Vendedor, Caixa Conferente, Auxiliar de Log\u00edstica, Assistente Administrativo, Operador de Televendas e muito mais na Empresa Dufrio","og_description":"Veja em Vagas de Emprego RJ as vagas de emprego com e sem experi\u00eancia no seu Estado e Regi\u00e3o!","og_url":"https:\/\/www.vagadeempregorj.com.br\/es\/empregos-dufrio\/","article_publisher":"https:\/\/www.facebook.com\/empregobrasiloficial","article_published_time":"2023-09-18T03:01:00+00:00","article_modified_time":"2024-08-12T20:54:58+00:00","og_image":[{"width":1000,"height":650,"url":"https:\/\/www.vagadeempregorj.com.br\/wp-content\/uploads\/2022\/10\/Empregos-Dufrio.jpg","type":"image\/jpeg"}],"author":"Michele","twitter_card":"summary_large_image","twitter_misc":{"Written by":"Michele","Est. reading time":"3 minutos"},"schema":{"@context":"https:\/\/schema.org","@graph":[{"@type":"Article","@id":"https:\/\/www.vagadeempregorj.com.br\/empregos-dufrio\/#article","isPartOf":{"@id":"https:\/\/www.vagadeempregorj.com.br\/empregos-dufrio\/"},"author":{"name":"Michele","@id":"https:\/\/www.vagadeempregorj.com.br\/#\/schema\/person\/3ddb19fa0539706786e502152f3aae95"},"headline":"Assistente de Log\u00edstica, Vendedor, Caixa Conferente, Auxiliar de Log\u00edstica, Assistente Administrativo, Operador de Televendas e muito mais na Empresa Dufrio","datePublished":"2023-09-18T03:01:00+00:00","dateModified":"2024-08-12T20:54:58+00:00","mainEntityOfPage":{"@id":"https:\/\/www.vagadeempregorj.com.br\/empregos-dufrio\/"},"wordCount":626,"commentCount":0,"image":{"@id":"https:\/\/www.vagadeempregorj.com.br\/empregos-dufrio\/#primaryimage"},"thumbnailUrl":"https:\/\/www.vagadeempregorj.com.br\/wp-content\/uploads\/2022\/10\/Empregos-Dufrio.jpg","keywords":["Dufrio","oportunidades","vagas de emprego"],"articleSection":["Vagas de Emprego Nacionais"],"inLanguage":"es","potentialAction":[{"@type":"CommentAction","name":"Comment","target":["https:\/\/www.vagadeempregorj.com.br\/empregos-dufrio\/#respond"]}]},{"@type":"WebPage","@id":"https:\/\/www.vagadeempregorj.com.br\/empregos-dufrio\/","url":"https:\/\/www.vagadeempregorj.com.br\/empregos-dufrio\/","name":"Assistente de Log\u00edstica, Vendedor, Caixa Conferente, Auxiliar de Log\u00edstica, Assistente Administrativo, Operador de Televendas e muito mais na Empresa Dufrio","isPartOf":{"@id":"https:\/\/www.vagadeempregorj.com.br\/#website"},"primaryImageOfPage":{"@id":"https:\/\/www.vagadeempregorj.com.br\/empregos-dufrio\/#primaryimage"},"image":{"@id":"https:\/\/www.vagadeempregorj.com.br\/empregos-dufrio\/#primaryimage"},"thumbnailUrl":"https:\/\/www.vagadeempregorj.com.br\/wp-content\/uploads\/2022\/10\/Empregos-Dufrio.jpg","datePublished":"2023-09-18T03:01:00+00:00","dateModified":"2024-08-12T20:54:58+00:00","author":{"@id":"https:\/\/www.vagadeempregorj.com.br\/#\/schema\/person\/3ddb19fa0539706786e502152f3aae95"},"description":"Veja em Vagas de Emprego RJ as vagas de emprego com e sem experi\u00eancia no seu Estado e Regi\u00e3o!","breadcrumb":{"@id":"https:\/\/www.vagadeempregorj.com.br\/empregos-dufrio\/#breadcrumb"},"inLanguage":"es","potentialAction":[{"@type":"ReadAction","target":["https:\/\/www.vagadeempregorj.com.br\/empregos-dufrio\/"]}]},{"@type":"ImageObject","inLanguage":"es","@id":"https:\/\/www.vagadeempregorj.com.br\/empregos-dufrio\/#primaryimage","url":"https:\/\/www.vagadeempregorj.com.br\/wp-content\/uploads\/2022\/10\/Empregos-Dufrio.jpg","contentUrl":"https:\/\/www.vagadeempregorj.com.br\/wp-content\/uploads\/2022\/10\/Empregos-Dufrio.jpg","width":1000,"height":650,"caption":"Imagem: Dufrio - Reprodu\u00e7\u00e3o"},{"@type":"BreadcrumbList","@id":"https:\/\/www.vagadeempregorj.com.br\/empregos-dufrio\/#breadcrumb","itemListElement":[{"@type":"ListItem","position":1,"name":"In\u00edcio","item":"https:\/\/www.vagadeempregorj.com.br\/"},{"@type":"ListItem","position":2,"name":"Vagas de Emprego Nacionais","item":"https:\/\/www.vagadeempregorj.com.br\/vagas-de-emprego-nacionais\/"},{"@type":"ListItem","position":3,"name":"Assistente de Log\u00edstica, Vendedor, Caixa Conferente, Auxiliar de Log\u00edstica, Assistente Administrativo, Operador de Televendas e muito mais na Empresa Dufrio"}]},{"@type":"WebSite","@id":"https:\/\/www.vagadeempregorj.com.br\/#website","url":"https:\/\/www.vagadeempregorj.com.br\/","name":"","description":"Conquiste Sonhos: Vagas, Benef\u00edcios e Economia para Transformar Vidas e Alcan\u00e7ar Melhorias Cotidianas","potentialAction":[{"@type":"SearchAction","target":{"@type":"EntryPoint","urlTemplate":"https:\/\/www.vagadeempregorj.com.br\/?s={search_term_string}"},"query-input":{"@type":"PropertyValueSpecification","valueRequired":true,"valueName":"search_term_string"}}],"inLanguage":"es"},{"@type":"Person","@id":"https:\/\/www.vagadeempregorj.com.br\/#\/schema\/person\/3ddb19fa0539706786e502152f3aae95","name":"Michele","image":{"@type":"ImageObject","inLanguage":"es","@id":"https:\/\/secure.gravatar.com\/avatar\/6b0eb9d22841282815e2cd856a0061c45e1761cd54b22e952d98c4746939aa85?s=96&r=g","url":"https:\/\/secure.gravatar.com\/avatar\/6b0eb9d22841282815e2cd856a0061c45e1761cd54b22e952d98c4746939aa85?s=96&r=g","contentUrl":"https:\/\/secure.gravatar.com\/avatar\/6b0eb9d22841282815e2cd856a0061c45e1761cd54b22e952d98c4746939aa85?s=96&r=g","caption":"Michele"},"description":"Formada em Letras - Portugu\u00eas\/ Ingl\u00eas, e idealizadora do site Escritora de Sucesso, busca expandir o conhecimento de todos com informa\u00e7\u00f5es relevantes sobre diversos assuntos, enquanto redatora. No Vaga de Emprego RJ, traz oportunidades e dicas sobre o mercado de trabalho.","url":"https:\/\/www.vagadeempregorj.com.br\/es\/author\/michele\/"}]}},"_links":{"self":[{"href":"https:\/\/www.vagadeempregorj.com.br\/es\/wp-json\/wp\/v2\/posts\/35444","targetHints":{"allow":["GET"]}}],"collection":[{"href":"https:\/\/www.vagadeempregorj.com.br\/es\/wp-json\/wp\/v2\/posts"}],"about":[{"href":"https:\/\/www.vagadeempregorj.com.br\/es\/wp-json\/wp\/v2\/types\/post"}],"author":[{"embeddable":true,"href":"https:\/\/www.vagadeempregorj.com.br\/es\/wp-json\/wp\/v2\/users\/16"}],"replies":[{"embeddable":true,"href":"https:\/\/www.vagadeempregorj.com.br\/es\/wp-json\/wp\/v2\/comments?post=35444"}],"version-history":[{"count":0,"href":"https:\/\/www.vagadeempregorj.com.br\/es\/wp-json\/wp\/v2\/posts\/35444\/revisions"}],"wp:featuredmedia":[{"embeddable":true,"href":"https:\/\/www.vagadeempregorj.com.br\/es\/wp-json\/wp\/v2\/media\/35452"}],"wp:attachment":[{"href":"https:\/\/www.vagadeempregorj.com.br\/es\/wp-json\/wp\/v2\/media?parent=35444"}],"wp:term":[{"taxonomy":"category","embeddable":true,"href":"https:\/\/www.vagadeempregorj.com.br\/es\/wp-json\/wp\/v2\/categories?post=35444"},{"taxonomy":"post_tag","embeddable":true,"href":"https:\/\/www.vagadeempregorj.com.br\/es\/wp-json\/wp\/v2\/tags?post=35444"}],"curies":[{"name":"wp","href":"https:\/\/api.w.org\/{rel}","templated":true}]}}