{"id":35446,"date":"2023-09-18T00:02:00","date_gmt":"2023-09-18T03:02:00","guid":{"rendered":"https:\/\/www.vagadeempregorj.com.br\/?p=35446"},"modified":"2023-09-17T15:17:29","modified_gmt":"2023-09-17T18:17:29","slug":"empregos-telemont","status":"publish","type":"post","link":"https:\/\/www.vagadeempregorj.com.br\/es\/empregos-telemont\/","title":{"rendered":"Motorista, Almoxarife, Auxiliar de Almoxarifado, T\u00e9cnico de Manuten\u00e7\u00e3o Predial, Analistas e muito mais na Empresa Telemont"},"content":{"rendered":"<p>Atualizado em<\/p>\n\n\n<div class=\"wp-block-post-date\"><time datetime=\"2023-09-18T00:02:00-03:00\">18\/09\/2023<\/time><\/div>\n\n\n<p>Os <strong>Empregos Telemont<\/strong> s\u00e3o impulsionadores sociais, visto que t\u00eam a capacidade de melhorar, consideravelmente, as vidas de diversos trabalhadores brasileiros que n\u00e3o conseguem a t\u00e3o aguardada chance de empregabilidade. A Telemont se intitula como realizadora de servi\u00e7os essenciais para o desenvolvimento do Brasil, mas al\u00e9m disso ela tamb\u00e9m faz o imprescind\u00edvel papel de transformadora de hist\u00f3rias brasileiras tamb\u00e9m.<\/p>\n\n\n\n<figure class=\"wp-block-image size-large\"><img loading=\"lazy\" decoding=\"async\" width=\"1024\" height=\"576\" src=\"https:\/\/www.vagadeempregorj.com.br\/wp-content\/uploads\/2022\/10\/Empregos-Telemont-1024x576.jpg\" alt=\"Empregos Telemont\" class=\"wp-image-35450\" srcset=\"https:\/\/www.vagadeempregorj.com.br\/wp-content\/uploads\/2022\/10\/Empregos-Telemont-1024x576.jpg 1024w, https:\/\/www.vagadeempregorj.com.br\/wp-content\/uploads\/2022\/10\/Empregos-Telemont-300x169.jpg 300w, https:\/\/www.vagadeempregorj.com.br\/wp-content\/uploads\/2022\/10\/Empregos-Telemont-768x432.jpg 768w, https:\/\/www.vagadeempregorj.com.br\/wp-content\/uploads\/2022\/10\/Empregos-Telemont-383x215.jpg 383w, https:\/\/www.vagadeempregorj.com.br\/wp-content\/uploads\/2022\/10\/Empregos-Telemont-150x84.jpg 150w, https:\/\/www.vagadeempregorj.com.br\/wp-content\/uploads\/2022\/10\/Empregos-Telemont.jpg 1280w\" sizes=\"auto, (max-width: 1024px) 100vw, 1024px\" \/><figcaption class=\"wp-element-caption\">Imagem: Telemont &#8211; Reprodu\u00e7\u00e3o<\/figcaption><\/figure>\n\n\n\n<h2 class=\"wp-block-heading\">Conhe\u00e7a as oportunidades de Empregos Telemont&nbsp;<\/h2>\n\n\n\n<p>A <strong>Telemont<\/strong> \u00e9 uma empresa de tradi\u00e7\u00e3o, com mais de 45 anos de atua\u00e7\u00e3o, e que pode ser conhecida por sua valoriza\u00e7\u00e3o \u00e0 conex\u00e3o. Isso porque a pr\u00f3pria defende que conectar pessoas, projetos e empresas est\u00e1 em seu DNA. Nesse sentido, sendo bastante tecnol\u00f3gica e atual n\u00e3o poderia ser diferente. Por\u00e9m, al\u00e9m do trivial, a empresa realmente estabelece esse contato entre seus funcion\u00e1rios e o ambiente de trabalho, o que \u00e9 bastante positivo para se criar uma intimidade e aproxima\u00e7\u00e3o com as ideias do grupo.&nbsp;<\/p>\n\n\n\n<p>A Telemont prioriza valores muito importantes em seus colaboradores, os quais tamb\u00e9m s\u00e3o seus princ\u00edpios: trabalhar como time de alta performance, inova\u00e7\u00e3o, respeito, simplicidade, conhecimento de gente, busca pelo melhor resultado considerando a sustentabilidade e operar com seguran\u00e7a.&nbsp;<\/p>\n\n\n\n<p>As pessoas que se identificarem com o perfil descrito e com a ess\u00eancia da marca, desejando participar da equipe, precisam estar alinhados tamb\u00e9m ao que a Telemont pede em rela\u00e7\u00e3o a cada cargo. Assim, um Analista de TI (Jr), precisa ter conhecimentos em redes e hardware, por exemplo, para se candidatar \u00e0 vaga.&nbsp;&nbsp;<\/p>\n\n\n\n<h3 class=\"wp-block-heading\">Cargos poss\u00edveis<\/h3>\n\n\n\n<p>Cabe frisar que a empresa concede alguns benef\u00edcios a seus colaboradores, mas esses dependem de cada cargo e de suas atribui\u00e7\u00f5es. Pode-se mencionar descontos em lojas parceiras e em farm\u00e1cias, aux\u00edlio academia, seguro de vida, vale alimenta\u00e7\u00e3o (ou vale-refei\u00e7\u00e3o),&nbsp; vale-transporte, e tamb\u00e9m assist\u00eancia odontol\u00f3gica e m\u00e9dica.<\/p>\n\n\n\n<p>Analise vagas de emprego disponibilizadas pela Telemont:<\/p>\n\n\n\n<ul class=\"wp-block-list\">\n<li>Agente de solu\u00e7\u00f5es em telecomunica\u00e7\u00f5es (I e II)<\/li>\n\n\n\n<li>Almoxarife<\/li>\n\n\n\n<li>Analista Corp &#8211; comunica\u00e7\u00f5es<\/li>\n\n\n\n<li>Apoio administrativo<\/li>\n\n\n\n<li>Analista Reg &#8211; Projetos (Jr)<\/li>\n\n\n\n<li>Assistente de controle operacional<\/li>\n\n\n\n<li>Assistente Reg &#8211; Frota&nbsp;<\/li>\n\n\n\n<li>Assistente t\u00e9cnico<\/li>\n\n\n\n<li>Auxiliar almoxarifado<\/li>\n\n\n\n<li>Auxiliar confec\u00e7\u00e3o<\/li>\n\n\n\n<li>Emendador de fibra \u00f3ptica<\/li>\n\n\n\n<li>Encarregado almoxarifado&nbsp;<\/li>\n\n\n\n<li>Encarregado de equipe de fibra \u00f3ptica<\/li>\n\n\n\n<li>Instalador e reparador FTTH&nbsp;<\/li>\n\n\n\n<li>Motorista (A e D)<\/li>\n\n\n\n<li>Operador de suporte t\u00e9cnico<\/li>\n\n\n\n<li>Projetista<\/li>\n\n\n\n<li>Supervisor operacional<\/li>\n\n\n\n<li>Supervisor de obras<\/li>\n\n\n\n<li>T\u00e9cnico em manuten\u00e7\u00e3o predial<\/li>\n\n\n\n<li>T\u00e9cnico em seguran\u00e7a do trabalho<\/li>\n\n\n\n<li>Agente de solu\u00e7\u00f5es -TELECOM<\/li>\n\n\n\n<li>Instalador e reparador &#8211; FTTX<\/li>\n\n\n\n<li>Auxiliar de confec\u00e7\u00e3o<\/li>\n\n\n\n<li>Assistente de TI<\/li>\n\n\n\n<li>Assistente CORP &#8211; viagens<\/li>\n<\/ul>\n\n\n\n<h3 class=\"wp-block-heading\">Como se candidatar<\/h3>\n\n\n\n<p>Os profissionais que desejam fazer parte do time da Telemont, e que est\u00e3o enquadrados no que se pede na vaga de interesse do candidato, devem se inscrever por meio do site colocado pela empresa. As oportunidades tamb\u00e9m s\u00e3o para Banco de Talentos, PCD, Trainee, Jovem Aprendiz e estagi\u00e1rios.&nbsp;<\/p>\n\n\n\n<ul class=\"wp-block-list\">\n<li><a href=\"https:\/\/telemont.gupy.io\/eyJzb3VyY2UiOiJndXB5X3BvcnRhbCJ9\">Telemont na gupy<\/a><\/li>\n<\/ul>\n\n\n\n<p><strong>Veja tamb\u00e9m: <a href=\"https:\/\/www.vagadeempregorj.com.br\/es\/empregos-jbs\/\">Empregos JBS<\/a><\/strong><\/p>\n\n\n\n<h2 class=\"wp-block-heading\">Sobre a Telemont<\/h2>\n\n\n\n<p>A empresa atua nos segmentos de TI, energia e telecomunica\u00e7\u00f5es, que s\u00e3o de grande presen\u00e7a no pa\u00eds, e uns dos que mais movimentam a economia global. Trata-se de um neg\u00f3cio que est\u00e1 em 11 estados do Brasil, e que valoriza a inova\u00e7\u00e3o e a sede por desenvolvimento, al\u00e9m de ter como pilares o respeito \u00e0s diferen\u00e7as, a sustentabilidade, bem como o altru\u00edsmo em sua equipe.&nbsp;<\/p>","protected":false},"excerpt":{"rendered":"<p>Atualizado em Os Empregos Telemont s\u00e3o impulsionadores sociais, visto que t\u00eam a capacidade de melhorar, consideravelmente, as vidas de diversos trabalhadores brasileiros que n\u00e3o conseguem a t\u00e3o aguardada chance de empregabilidade. A Telemont se intitula como realizadora de servi\u00e7os essenciais para o desenvolvimento do Brasil, mas al\u00e9m disso ela tamb\u00e9m faz o imprescind\u00edvel papel de&hellip;&nbsp;<\/p>","protected":false},"author":16,"featured_media":35450,"comment_status":"open","ping_status":"closed","sticky":false,"template":"","format":"standard","meta":{"neve_meta_sidebar":"","neve_meta_container":"","neve_meta_enable_content_width":"","neve_meta_content_width":0,"neve_meta_title_alignment":"","neve_meta_author_avatar":"","neve_post_elements_order":"","neve_meta_disable_header":"","neve_meta_disable_footer":"","neve_meta_disable_title":"","footnotes":""},"categories":[123],"tags":[608,612,211],"class_list":["post-35446","post","type-post","status-publish","format-standard","has-post-thumbnail","hentry","category-vagas-de-emprego-nacionais","tag-oportunidades","tag-telemont","tag-vagas-de-emprego"],"yoast_head":"<!-- This site is optimized with the Yoast SEO plugin v27.5 - https:\/\/yoast.com\/product\/yoast-seo-wordpress\/ -->\n<title>Motorista, Almoxarife, Auxiliar de Almoxarifado, T\u00e9cnico de Manuten\u00e7\u00e3o Predial, Analistas e muito mais na Empresa Telemont<\/title>\n<meta name=\"description\" content=\"Veja em Vagas de Emprego RJ as vagas de emprego com e sem experi\u00eancia no seu Estado e Regi\u00e3o!\" \/>\n<meta name=\"robots\" content=\"index, follow, max-snippet:-1, max-image-preview:large, max-video-preview:-1\" \/>\n<link rel=\"canonical\" href=\"https:\/\/www.vagadeempregorj.com.br\/es\/empregos-telemont\/\" \/>\n<meta property=\"og:locale\" content=\"es_MX\" \/>\n<meta property=\"og:type\" content=\"article\" \/>\n<meta property=\"og:title\" content=\"Motorista, Almoxarife, Auxiliar de Almoxarifado, T\u00e9cnico de Manuten\u00e7\u00e3o Predial, Analistas e muito mais na Empresa Telemont\" \/>\n<meta property=\"og:description\" content=\"Veja em Vagas de Emprego RJ as vagas de emprego com e sem experi\u00eancia no seu Estado e Regi\u00e3o!\" \/>\n<meta property=\"og:url\" content=\"https:\/\/www.vagadeempregorj.com.br\/es\/empregos-telemont\/\" \/>\n<meta property=\"article:publisher\" content=\"https:\/\/www.facebook.com\/empregobrasiloficial\" \/>\n<meta property=\"article:published_time\" content=\"2023-09-18T03:02:00+00:00\" \/>\n<meta property=\"og:image\" content=\"https:\/\/www.vagadeempregorj.com.br\/wp-content\/uploads\/2022\/10\/Empregos-Telemont.jpg\" \/>\n\t<meta property=\"og:image:width\" content=\"1280\" \/>\n\t<meta property=\"og:image:height\" content=\"720\" \/>\n\t<meta property=\"og:image:type\" content=\"image\/jpeg\" \/>\n<meta name=\"author\" content=\"Michele\" \/>\n<meta name=\"twitter:card\" content=\"summary_large_image\" \/>\n<meta name=\"twitter:label1\" content=\"Written by\" \/>\n\t<meta name=\"twitter:data1\" content=\"Michele\" \/>\n\t<meta name=\"twitter:label2\" content=\"Est. reading time\" \/>\n\t<meta name=\"twitter:data2\" content=\"3 minutos\" \/>\n<script type=\"application\/ld+json\" class=\"yoast-schema-graph\">{\"@context\":\"https:\\\/\\\/schema.org\",\"@graph\":[{\"@type\":\"Article\",\"@id\":\"https:\\\/\\\/www.vagadeempregorj.com.br\\\/empregos-telemont\\\/#article\",\"isPartOf\":{\"@id\":\"https:\\\/\\\/www.vagadeempregorj.com.br\\\/empregos-telemont\\\/\"},\"author\":{\"name\":\"Michele\",\"@id\":\"https:\\\/\\\/www.vagadeempregorj.com.br\\\/#\\\/schema\\\/person\\\/3ddb19fa0539706786e502152f3aae95\"},\"headline\":\"Motorista, Almoxarife, Auxiliar de Almoxarifado, T\u00e9cnico de Manuten\u00e7\u00e3o Predial, Analistas e muito mais na Empresa Telemont\",\"datePublished\":\"2023-09-18T03:02:00+00:00\",\"mainEntityOfPage\":{\"@id\":\"https:\\\/\\\/www.vagadeempregorj.com.br\\\/empregos-telemont\\\/\"},\"wordCount\":610,\"commentCount\":0,\"image\":{\"@id\":\"https:\\\/\\\/www.vagadeempregorj.com.br\\\/empregos-telemont\\\/#primaryimage\"},\"thumbnailUrl\":\"https:\\\/\\\/www.vagadeempregorj.com.br\\\/wp-content\\\/uploads\\\/2022\\\/10\\\/Empregos-Telemont.jpg\",\"keywords\":[\"oportunidades\",\"Telemont\",\"vagas de emprego\"],\"articleSection\":[\"Vagas de Emprego Nacionais\"],\"inLanguage\":\"es\",\"potentialAction\":[{\"@type\":\"CommentAction\",\"name\":\"Comment\",\"target\":[\"https:\\\/\\\/www.vagadeempregorj.com.br\\\/empregos-telemont\\\/#respond\"]}]},{\"@type\":\"WebPage\",\"@id\":\"https:\\\/\\\/www.vagadeempregorj.com.br\\\/empregos-telemont\\\/\",\"url\":\"https:\\\/\\\/www.vagadeempregorj.com.br\\\/empregos-telemont\\\/\",\"name\":\"Motorista, Almoxarife, Auxiliar de Almoxarifado, T\u00e9cnico de Manuten\u00e7\u00e3o Predial, Analistas e muito mais na Empresa Telemont\",\"isPartOf\":{\"@id\":\"https:\\\/\\\/www.vagadeempregorj.com.br\\\/#website\"},\"primaryImageOfPage\":{\"@id\":\"https:\\\/\\\/www.vagadeempregorj.com.br\\\/empregos-telemont\\\/#primaryimage\"},\"image\":{\"@id\":\"https:\\\/\\\/www.vagadeempregorj.com.br\\\/empregos-telemont\\\/#primaryimage\"},\"thumbnailUrl\":\"https:\\\/\\\/www.vagadeempregorj.com.br\\\/wp-content\\\/uploads\\\/2022\\\/10\\\/Empregos-Telemont.jpg\",\"datePublished\":\"2023-09-18T03:02:00+00:00\",\"author\":{\"@id\":\"https:\\\/\\\/www.vagadeempregorj.com.br\\\/#\\\/schema\\\/person\\\/3ddb19fa0539706786e502152f3aae95\"},\"description\":\"Veja em Vagas de Emprego RJ as vagas de emprego com e sem experi\u00eancia no seu Estado e Regi\u00e3o!\",\"breadcrumb\":{\"@id\":\"https:\\\/\\\/www.vagadeempregorj.com.br\\\/empregos-telemont\\\/#breadcrumb\"},\"inLanguage\":\"es\",\"potentialAction\":[{\"@type\":\"ReadAction\",\"target\":[\"https:\\\/\\\/www.vagadeempregorj.com.br\\\/empregos-telemont\\\/\"]}]},{\"@type\":\"ImageObject\",\"inLanguage\":\"es\",\"@id\":\"https:\\\/\\\/www.vagadeempregorj.com.br\\\/empregos-telemont\\\/#primaryimage\",\"url\":\"https:\\\/\\\/www.vagadeempregorj.com.br\\\/wp-content\\\/uploads\\\/2022\\\/10\\\/Empregos-Telemont.jpg\",\"contentUrl\":\"https:\\\/\\\/www.vagadeempregorj.com.br\\\/wp-content\\\/uploads\\\/2022\\\/10\\\/Empregos-Telemont.jpg\",\"width\":1280,\"height\":720,\"caption\":\"Imagem: Telemont - Reprodu\u00e7\u00e3o\"},{\"@type\":\"BreadcrumbList\",\"@id\":\"https:\\\/\\\/www.vagadeempregorj.com.br\\\/empregos-telemont\\\/#breadcrumb\",\"itemListElement\":[{\"@type\":\"ListItem\",\"position\":1,\"name\":\"In\u00edcio\",\"item\":\"https:\\\/\\\/www.vagadeempregorj.com.br\\\/\"},{\"@type\":\"ListItem\",\"position\":2,\"name\":\"Vagas de Emprego Nacionais\",\"item\":\"https:\\\/\\\/www.vagadeempregorj.com.br\\\/vagas-de-emprego-nacionais\\\/\"},{\"@type\":\"ListItem\",\"position\":3,\"name\":\"Motorista, Almoxarife, Auxiliar de Almoxarifado, T\u00e9cnico de Manuten\u00e7\u00e3o Predial, Analistas e muito mais na Empresa Telemont\"}]},{\"@type\":\"WebSite\",\"@id\":\"https:\\\/\\\/www.vagadeempregorj.com.br\\\/#website\",\"url\":\"https:\\\/\\\/www.vagadeempregorj.com.br\\\/\",\"name\":\"\",\"description\":\"Conquiste Sonhos: Vagas, Benef\u00edcios e Economia para Transformar Vidas e Alcan\u00e7ar Melhorias Cotidianas\",\"potentialAction\":[{\"@type\":\"SearchAction\",\"target\":{\"@type\":\"EntryPoint\",\"urlTemplate\":\"https:\\\/\\\/www.vagadeempregorj.com.br\\\/?s={search_term_string}\"},\"query-input\":{\"@type\":\"PropertyValueSpecification\",\"valueRequired\":true,\"valueName\":\"search_term_string\"}}],\"inLanguage\":\"es\"},{\"@type\":\"Person\",\"@id\":\"https:\\\/\\\/www.vagadeempregorj.com.br\\\/#\\\/schema\\\/person\\\/3ddb19fa0539706786e502152f3aae95\",\"name\":\"Michele\",\"image\":{\"@type\":\"ImageObject\",\"inLanguage\":\"es\",\"@id\":\"https:\\\/\\\/secure.gravatar.com\\\/avatar\\\/6b0eb9d22841282815e2cd856a0061c45e1761cd54b22e952d98c4746939aa85?s=96&r=g\",\"url\":\"https:\\\/\\\/secure.gravatar.com\\\/avatar\\\/6b0eb9d22841282815e2cd856a0061c45e1761cd54b22e952d98c4746939aa85?s=96&r=g\",\"contentUrl\":\"https:\\\/\\\/secure.gravatar.com\\\/avatar\\\/6b0eb9d22841282815e2cd856a0061c45e1761cd54b22e952d98c4746939aa85?s=96&r=g\",\"caption\":\"Michele\"},\"description\":\"Formada em Letras - Portugu\u00eas\\\/ Ingl\u00eas, e idealizadora do site Escritora de Sucesso, busca expandir o conhecimento de todos com informa\u00e7\u00f5es relevantes sobre diversos assuntos, enquanto redatora. No Vaga de Emprego RJ, traz oportunidades e dicas sobre o mercado de trabalho.\",\"url\":\"https:\\\/\\\/www.vagadeempregorj.com.br\\\/es\\\/author\\\/michele\\\/\"}]}<\/script>\n<!-- \/ Yoast SEO plugin. -->","yoast_head_json":{"title":"Motorista, Almoxarife, Auxiliar de Almoxarifado, T\u00e9cnico de Manuten\u00e7\u00e3o Predial, Analistas e muito mais na Empresa Telemont","description":"Veja em Vagas de Emprego RJ as vagas de emprego com e sem experi\u00eancia no seu Estado e Regi\u00e3o!","robots":{"index":"index","follow":"follow","max-snippet":"max-snippet:-1","max-image-preview":"max-image-preview:large","max-video-preview":"max-video-preview:-1"},"canonical":"https:\/\/www.vagadeempregorj.com.br\/es\/empregos-telemont\/","og_locale":"es_MX","og_type":"article","og_title":"Motorista, Almoxarife, Auxiliar de Almoxarifado, T\u00e9cnico de Manuten\u00e7\u00e3o Predial, Analistas e muito mais na Empresa Telemont","og_description":"Veja em Vagas de Emprego RJ as vagas de emprego com e sem experi\u00eancia no seu Estado e Regi\u00e3o!","og_url":"https:\/\/www.vagadeempregorj.com.br\/es\/empregos-telemont\/","article_publisher":"https:\/\/www.facebook.com\/empregobrasiloficial","article_published_time":"2023-09-18T03:02:00+00:00","og_image":[{"width":1280,"height":720,"url":"https:\/\/www.vagadeempregorj.com.br\/wp-content\/uploads\/2022\/10\/Empregos-Telemont.jpg","type":"image\/jpeg"}],"author":"Michele","twitter_card":"summary_large_image","twitter_misc":{"Written by":"Michele","Est. reading time":"3 minutos"},"schema":{"@context":"https:\/\/schema.org","@graph":[{"@type":"Article","@id":"https:\/\/www.vagadeempregorj.com.br\/empregos-telemont\/#article","isPartOf":{"@id":"https:\/\/www.vagadeempregorj.com.br\/empregos-telemont\/"},"author":{"name":"Michele","@id":"https:\/\/www.vagadeempregorj.com.br\/#\/schema\/person\/3ddb19fa0539706786e502152f3aae95"},"headline":"Motorista, Almoxarife, Auxiliar de Almoxarifado, T\u00e9cnico de Manuten\u00e7\u00e3o Predial, Analistas e muito mais na Empresa Telemont","datePublished":"2023-09-18T03:02:00+00:00","mainEntityOfPage":{"@id":"https:\/\/www.vagadeempregorj.com.br\/empregos-telemont\/"},"wordCount":610,"commentCount":0,"image":{"@id":"https:\/\/www.vagadeempregorj.com.br\/empregos-telemont\/#primaryimage"},"thumbnailUrl":"https:\/\/www.vagadeempregorj.com.br\/wp-content\/uploads\/2022\/10\/Empregos-Telemont.jpg","keywords":["oportunidades","Telemont","vagas de emprego"],"articleSection":["Vagas de Emprego Nacionais"],"inLanguage":"es","potentialAction":[{"@type":"CommentAction","name":"Comment","target":["https:\/\/www.vagadeempregorj.com.br\/empregos-telemont\/#respond"]}]},{"@type":"WebPage","@id":"https:\/\/www.vagadeempregorj.com.br\/empregos-telemont\/","url":"https:\/\/www.vagadeempregorj.com.br\/empregos-telemont\/","name":"Motorista, Almoxarife, Auxiliar de Almoxarifado, T\u00e9cnico de Manuten\u00e7\u00e3o Predial, Analistas e muito mais na Empresa Telemont","isPartOf":{"@id":"https:\/\/www.vagadeempregorj.com.br\/#website"},"primaryImageOfPage":{"@id":"https:\/\/www.vagadeempregorj.com.br\/empregos-telemont\/#primaryimage"},"image":{"@id":"https:\/\/www.vagadeempregorj.com.br\/empregos-telemont\/#primaryimage"},"thumbnailUrl":"https:\/\/www.vagadeempregorj.com.br\/wp-content\/uploads\/2022\/10\/Empregos-Telemont.jpg","datePublished":"2023-09-18T03:02:00+00:00","author":{"@id":"https:\/\/www.vagadeempregorj.com.br\/#\/schema\/person\/3ddb19fa0539706786e502152f3aae95"},"description":"Veja em Vagas de Emprego RJ as vagas de emprego com e sem experi\u00eancia no seu Estado e Regi\u00e3o!","breadcrumb":{"@id":"https:\/\/www.vagadeempregorj.com.br\/empregos-telemont\/#breadcrumb"},"inLanguage":"es","potentialAction":[{"@type":"ReadAction","target":["https:\/\/www.vagadeempregorj.com.br\/empregos-telemont\/"]}]},{"@type":"ImageObject","inLanguage":"es","@id":"https:\/\/www.vagadeempregorj.com.br\/empregos-telemont\/#primaryimage","url":"https:\/\/www.vagadeempregorj.com.br\/wp-content\/uploads\/2022\/10\/Empregos-Telemont.jpg","contentUrl":"https:\/\/www.vagadeempregorj.com.br\/wp-content\/uploads\/2022\/10\/Empregos-Telemont.jpg","width":1280,"height":720,"caption":"Imagem: Telemont - Reprodu\u00e7\u00e3o"},{"@type":"BreadcrumbList","@id":"https:\/\/www.vagadeempregorj.com.br\/empregos-telemont\/#breadcrumb","itemListElement":[{"@type":"ListItem","position":1,"name":"In\u00edcio","item":"https:\/\/www.vagadeempregorj.com.br\/"},{"@type":"ListItem","position":2,"name":"Vagas de Emprego Nacionais","item":"https:\/\/www.vagadeempregorj.com.br\/vagas-de-emprego-nacionais\/"},{"@type":"ListItem","position":3,"name":"Motorista, Almoxarife, Auxiliar de Almoxarifado, T\u00e9cnico de Manuten\u00e7\u00e3o Predial, Analistas e muito mais na Empresa Telemont"}]},{"@type":"WebSite","@id":"https:\/\/www.vagadeempregorj.com.br\/#website","url":"https:\/\/www.vagadeempregorj.com.br\/","name":"","description":"Conquiste Sonhos: Vagas, Benef\u00edcios e Economia para Transformar Vidas e Alcan\u00e7ar Melhorias Cotidianas","potentialAction":[{"@type":"SearchAction","target":{"@type":"EntryPoint","urlTemplate":"https:\/\/www.vagadeempregorj.com.br\/?s={search_term_string}"},"query-input":{"@type":"PropertyValueSpecification","valueRequired":true,"valueName":"search_term_string"}}],"inLanguage":"es"},{"@type":"Person","@id":"https:\/\/www.vagadeempregorj.com.br\/#\/schema\/person\/3ddb19fa0539706786e502152f3aae95","name":"Michele","image":{"@type":"ImageObject","inLanguage":"es","@id":"https:\/\/secure.gravatar.com\/avatar\/6b0eb9d22841282815e2cd856a0061c45e1761cd54b22e952d98c4746939aa85?s=96&r=g","url":"https:\/\/secure.gravatar.com\/avatar\/6b0eb9d22841282815e2cd856a0061c45e1761cd54b22e952d98c4746939aa85?s=96&r=g","contentUrl":"https:\/\/secure.gravatar.com\/avatar\/6b0eb9d22841282815e2cd856a0061c45e1761cd54b22e952d98c4746939aa85?s=96&r=g","caption":"Michele"},"description":"Formada em Letras - Portugu\u00eas\/ Ingl\u00eas, e idealizadora do site Escritora de Sucesso, busca expandir o conhecimento de todos com informa\u00e7\u00f5es relevantes sobre diversos assuntos, enquanto redatora. No Vaga de Emprego RJ, traz oportunidades e dicas sobre o mercado de trabalho.","url":"https:\/\/www.vagadeempregorj.com.br\/es\/author\/michele\/"}]}},"_links":{"self":[{"href":"https:\/\/www.vagadeempregorj.com.br\/es\/wp-json\/wp\/v2\/posts\/35446","targetHints":{"allow":["GET"]}}],"collection":[{"href":"https:\/\/www.vagadeempregorj.com.br\/es\/wp-json\/wp\/v2\/posts"}],"about":[{"href":"https:\/\/www.vagadeempregorj.com.br\/es\/wp-json\/wp\/v2\/types\/post"}],"author":[{"embeddable":true,"href":"https:\/\/www.vagadeempregorj.com.br\/es\/wp-json\/wp\/v2\/users\/16"}],"replies":[{"embeddable":true,"href":"https:\/\/www.vagadeempregorj.com.br\/es\/wp-json\/wp\/v2\/comments?post=35446"}],"version-history":[{"count":0,"href":"https:\/\/www.vagadeempregorj.com.br\/es\/wp-json\/wp\/v2\/posts\/35446\/revisions"}],"wp:featuredmedia":[{"embeddable":true,"href":"https:\/\/www.vagadeempregorj.com.br\/es\/wp-json\/wp\/v2\/media\/35450"}],"wp:attachment":[{"href":"https:\/\/www.vagadeempregorj.com.br\/es\/wp-json\/wp\/v2\/media?parent=35446"}],"wp:term":[{"taxonomy":"category","embeddable":true,"href":"https:\/\/www.vagadeempregorj.com.br\/es\/wp-json\/wp\/v2\/categories?post=35446"},{"taxonomy":"post_tag","embeddable":true,"href":"https:\/\/www.vagadeempregorj.com.br\/es\/wp-json\/wp\/v2\/tags?post=35446"}],"curies":[{"name":"wp","href":"https:\/\/api.w.org\/{rel}","templated":true}]}}