{"id":35448,"date":"2023-09-19T00:03:00","date_gmt":"2023-09-19T03:03:00","guid":{"rendered":"https:\/\/www.vagadeempregorj.com.br\/?p=35448"},"modified":"2023-09-18T18:19:29","modified_gmt":"2023-09-18T21:19:29","slug":"empregos-eurofarma","status":"publish","type":"post","link":"https:\/\/www.vagadeempregorj.com.br\/es\/empregos-eurofarma\/","title":{"rendered":"Comprador, Encarregado de Manuten\u00e7\u00e3o, Auxiliar Administrativo, Analistas e muito mais na Empresa EuroFarma"},"content":{"rendered":"<p>Atualizado em<\/p>\n\n\n<div class=\"wp-block-post-date\"><time datetime=\"2023-09-19T00:03:00-03:00\">19\/09\/2023<\/time><\/div>\n\n\n<p>Os <strong>Empregos EuroFarma<\/strong> s\u00e3o potenciais transformadores sociais atualmente. Essa intitula\u00e7\u00e3o se d\u00e1 devido \u00e0 expressiva quantidade de oportunidades de empregos que a empresa oferece para que diversos brasileiros consigam sua posi\u00e7\u00e3o no mercado de trabalho. Esse grande n\u00famero \u00e9 poss\u00edvel porque a EuroFarma \u00e9 uma renomada empresa, com mais de 430 produtos em circula\u00e7\u00e3o, al\u00e9m de quase 50 anos de hist\u00f3ria.<\/p>\n\n\n\n<figure class=\"wp-block-image size-large\"><img loading=\"lazy\" decoding=\"async\" width=\"1024\" height=\"449\" src=\"https:\/\/www.vagadeempregorj.com.br\/wp-content\/uploads\/2022\/10\/empregos-eurofarma-1024x449.png\" alt=\"empregos eurofarma\" class=\"wp-image-35451\" srcset=\"https:\/\/www.vagadeempregorj.com.br\/wp-content\/uploads\/2022\/10\/empregos-eurofarma-1024x449.png 1024w, https:\/\/www.vagadeempregorj.com.br\/wp-content\/uploads\/2022\/10\/empregos-eurofarma-300x132.png 300w, https:\/\/www.vagadeempregorj.com.br\/wp-content\/uploads\/2022\/10\/empregos-eurofarma-768x337.png 768w, https:\/\/www.vagadeempregorj.com.br\/wp-content\/uploads\/2022\/10\/empregos-eurofarma-150x66.png 150w, https:\/\/www.vagadeempregorj.com.br\/wp-content\/uploads\/2022\/10\/empregos-eurofarma.png 1140w\" sizes=\"auto, (max-width: 1024px) 100vw, 1024px\" \/><figcaption class=\"wp-element-caption\">Imagem: Eurofarma &#8211; Reprodu\u00e7\u00e3o<\/figcaption><\/figure>\n\n\n\n<h2 class=\"wp-block-heading\">Confira oportunidades de Empregos EuroFarma<\/h2>\n\n\n\n<p>A empresa \u00e9 uma multinacional do ramo farmac\u00eautico, sendo uma das mais conhecidas do pa\u00eds. Atuando nessa \u00e1rea h\u00e1 tanto tempo, sua produ\u00e7\u00e3o j\u00e1 fez parte do dia a dia de muitos cidad\u00e3os, e para manter isso, \u00e9 necess\u00e1rio um time de colaboradores eficientes e qualificados.&nbsp;<\/p>\n\n\n\n<p>Os valores da EuroFarma est\u00e3o em saber a import\u00e2ncia de seus servi\u00e7os e de como eles impactam na vida das pessoas. Assim, \u00e9 essencial que seus funcion\u00e1rios sejam respons\u00e1veis, proativos, determinados e emp\u00e1ticos. Outros pontos imprescind\u00edveis para o grupo s\u00e3o a inclus\u00e3o e a diversidade, pois a sociedade \u00e9 feita delas e quadro de profissionais tamb\u00e9m deve ser.<\/p>\n\n\n\n<p>Os interessados em compor essa equipe, assim como se enquadrar no perfil da empresa, tamb\u00e9m precisam estar alinhados com tudo o que \u00e9 pedido ao candidato para o cargo escolhido. A exemplo disso,&nbsp; um Analista de Marketing, como s\u00eanior, tem de ter conhecimentos em pacote Office e em auditorias do mercado farmac\u00eautico.<\/p>\n\n\n\n<p>Conhe\u00e7a algumas vagas que podem ser divulgadas pela EuroFarma:<\/p>\n\n\n\n<ul class=\"wp-block-list\">\n<li>Analista de com\u00e9rcio exterior &#8211; Pleno<\/li>\n\n\n\n<li>Analista de controle de qualidade &#8211; II<\/li>\n\n\n\n<li>Comprador &#8211; Pleno<\/li>\n\n\n\n<li>Encarregado de manuten\u00e7\u00e3o<\/li>\n\n\n\n<li>Consultor &#8211; Engenharia de manuten\u00e7\u00e3o<\/li>\n\n\n\n<li>Auxiliar administrativo<\/li>\n\n\n\n<li>Analista de rela\u00e7\u00f5es com o cliente -Jr<\/li>\n\n\n\n<li>Analista de recursos humanos &#8211; Pleno<\/li>\n\n\n\n<li>Analista de opera\u00e7\u00f5es industriais<\/li>\n\n\n\n<li>Desenvolvimento pr\u00e9-cl\u00ednico &#8211; p\u00f3s doutorando<\/li>\n\n\n\n<li>Operador de tratamento de efluentes<\/li>\n\n\n\n<li>Operador de movimenta\u00e7\u00e3o de materiais &#8211; I&nbsp;<\/li>\n\n\n\n<li>Monitor de almoxarifado<\/li>\n\n\n\n<li>Propagandista vendedor<\/li>\n\n\n\n<li>Supervisor de manuten\u00e7\u00e3o<\/li>\n\n\n\n<li>L\u00edder de produ\u00e7\u00e3o<\/li>\n\n\n\n<li>Gerente de produtos&nbsp;<\/li>\n\n\n\n<li>Gerente de novos neg\u00f3cios<\/li>\n\n\n\n<li>Farmacot\u00e9cnico &#8211; s\u00eanior<\/li>\n\n\n\n<li>Est\u00e1gio em projetos<\/li>\n\n\n\n<li>Est\u00e1gio em controle de qualidade f\u00edsico-qu\u00edmico<\/li>\n\n\n\n<li>Coordenador de log\u00edstica<\/li>\n\n\n\n<li>Especialista em investiga\u00e7\u00e3o interna<\/li>\n\n\n\n<li>Especialista em documenta\u00e7\u00e3o t\u00e9cnica internacional<\/li>\n\n\n\n<li>Est\u00e1gio em gest\u00e3o ambiental<\/li>\n\n\n\n<li>Est\u00e1gio em projetos internacionais<\/li>\n<\/ul>\n\n\n\n<h3 class=\"wp-block-heading\">Como se candidatar<\/h3>\n\n\n\n<p>Aos que est\u00e3o interessados em alguma das oportunidades mencionadas, \u00e9 importante, al\u00e9m de conferir se t\u00eam todas as certifica\u00e7\u00f5es exigidas pela empresa, acessar a p\u00e1gina destinada ao cadastro de curr\u00edculos. As vagas tamb\u00e9m s\u00e3o oferecidas para PCD, Trainee e Jovem Aprendiz.<\/p>\n\n\n\n<ul class=\"wp-block-list\">\n<li><a href=\"https:\/\/eurofarma.gupy.io\/eyJzb3VyY2UiOiJndXB5X3BvcnRhbCJ9\">EuroFarma na gupy<\/a><\/li>\n<\/ul>\n\n\n\n<p><strong>Veja tamb\u00e9m: <a href=\"https:\/\/www.vagadeempregorj.com.br\/es\/empregos-jbs\/\">Empregos JBS<\/a><\/strong><\/p>\n\n\n\n<h2 class=\"wp-block-heading\">Conhe\u00e7a mais sobre a EuroFarma<\/h2>\n\n\n\n<p>A empresa, que tem sua sede em S\u00e3o Paulo e possui todo seu capital sendo nacional, ultrapassa a marca de 8 mil profissionais contribuindo para a evolu\u00e7\u00e3o do neg\u00f3cio e tamb\u00e9m para o bem-estar de diversos brasileiros que fazem uso de seus v\u00e1rios produtos. Presente em mais de 20 pa\u00edses, \u00e9 not\u00f3ria sua vontade de inovar e aperfei\u00e7oar o que j\u00e1 h\u00e1 de positivo em sua ess\u00eancia.&nbsp;<\/p>\n\n\n\n<p>\u00c9 de import\u00e2ncia destacar que a valoriza a identidade de seus colaboradores, visando a sua contribui\u00e7\u00e3o por meio do seu ponto de vista \u00fanico, o que auxilia a encontrar solu\u00e7\u00f5es aut\u00eanticas, eficazes e sustent\u00e1veis para poss\u00edveis quest\u00f5es. Permitindo, dessa forma, um crescimento ainda maior da EuroFarma, bem como o desenvolvimento pessoal e profissional de seu time.<\/p>","protected":false},"excerpt":{"rendered":"<p>Atualizado em Os Empregos EuroFarma s\u00e3o potenciais transformadores sociais atualmente. Essa intitula\u00e7\u00e3o se d\u00e1 devido \u00e0 expressiva quantidade de oportunidades de empregos que a empresa oferece para que diversos brasileiros consigam sua posi\u00e7\u00e3o no mercado de trabalho. Esse grande n\u00famero \u00e9 poss\u00edvel porque a EuroFarma \u00e9 uma renomada empresa, com mais de 430 produtos em&hellip;&nbsp;<\/p>","protected":false},"author":16,"featured_media":35451,"comment_status":"open","ping_status":"closed","sticky":false,"template":"","format":"standard","meta":{"neve_meta_sidebar":"","neve_meta_container":"","neve_meta_enable_content_width":"","neve_meta_content_width":0,"neve_meta_title_alignment":"","neve_meta_author_avatar":"","neve_post_elements_order":"","neve_meta_disable_header":"","neve_meta_disable_footer":"","neve_meta_disable_title":"","footnotes":""},"categories":[123],"tags":[193,608,211],"class_list":["post-35448","post","type-post","status-publish","format-standard","has-post-thumbnail","hentry","category-vagas-de-emprego-nacionais","tag-eurofarma","tag-oportunidades","tag-vagas-de-emprego"],"yoast_head":"<!-- This site is optimized with the Yoast SEO plugin v27.5 - https:\/\/yoast.com\/product\/yoast-seo-wordpress\/ -->\n<title>Comprador, Encarregado de Manuten\u00e7\u00e3o, Auxiliar Administrativo, Analistas e muito mais na Empresa EuroFarma<\/title>\n<meta name=\"description\" content=\"Veja em Vagas de Emprego RJ as vagas de emprego com e sem experi\u00eancia no seu Estado e Regi\u00e3o!\" \/>\n<meta name=\"robots\" content=\"index, follow, max-snippet:-1, max-image-preview:large, max-video-preview:-1\" \/>\n<link rel=\"canonical\" href=\"https:\/\/www.vagadeempregorj.com.br\/es\/empregos-eurofarma\/\" \/>\n<meta property=\"og:locale\" content=\"es_MX\" \/>\n<meta property=\"og:type\" content=\"article\" \/>\n<meta property=\"og:title\" content=\"Comprador, Encarregado de Manuten\u00e7\u00e3o, Auxiliar Administrativo, Analistas e muito mais na Empresa EuroFarma\" \/>\n<meta property=\"og:description\" content=\"Veja em Vagas de Emprego RJ as vagas de emprego com e sem experi\u00eancia no seu Estado e Regi\u00e3o!\" \/>\n<meta property=\"og:url\" content=\"https:\/\/www.vagadeempregorj.com.br\/es\/empregos-eurofarma\/\" \/>\n<meta property=\"article:publisher\" content=\"https:\/\/www.facebook.com\/empregobrasiloficial\" \/>\n<meta property=\"article:published_time\" content=\"2023-09-19T03:03:00+00:00\" \/>\n<meta property=\"og:image\" content=\"https:\/\/www.vagadeempregorj.com.br\/wp-content\/uploads\/2022\/10\/empregos-eurofarma.png\" \/>\n\t<meta property=\"og:image:width\" content=\"1140\" \/>\n\t<meta property=\"og:image:height\" content=\"500\" \/>\n\t<meta property=\"og:image:type\" content=\"image\/png\" \/>\n<meta name=\"author\" content=\"Michele\" \/>\n<meta name=\"twitter:card\" content=\"summary_large_image\" \/>\n<meta name=\"twitter:label1\" content=\"Escrito por\" \/>\n\t<meta name=\"twitter:data1\" content=\"Michele\" \/>\n\t<meta name=\"twitter:label2\" content=\"Tiempo de lectura\" \/>\n\t<meta name=\"twitter:data2\" content=\"3 minutos\" \/>\n<script type=\"application\/ld+json\" class=\"yoast-schema-graph\">{\"@context\":\"https:\\\/\\\/schema.org\",\"@graph\":[{\"@type\":\"Article\",\"@id\":\"https:\\\/\\\/www.vagadeempregorj.com.br\\\/empregos-eurofarma\\\/#article\",\"isPartOf\":{\"@id\":\"https:\\\/\\\/www.vagadeempregorj.com.br\\\/empregos-eurofarma\\\/\"},\"author\":{\"name\":\"Michele\",\"@id\":\"https:\\\/\\\/www.vagadeempregorj.com.br\\\/#\\\/schema\\\/person\\\/3ddb19fa0539706786e502152f3aae95\"},\"headline\":\"Comprador, Encarregado de Manuten\u00e7\u00e3o, Auxiliar Administrativo, Analistas e muito mais na Empresa EuroFarma\",\"datePublished\":\"2023-09-19T03:03:00+00:00\",\"mainEntityOfPage\":{\"@id\":\"https:\\\/\\\/www.vagadeempregorj.com.br\\\/empregos-eurofarma\\\/\"},\"wordCount\":610,\"commentCount\":0,\"image\":{\"@id\":\"https:\\\/\\\/www.vagadeempregorj.com.br\\\/empregos-eurofarma\\\/#primaryimage\"},\"thumbnailUrl\":\"https:\\\/\\\/www.vagadeempregorj.com.br\\\/wp-content\\\/uploads\\\/2022\\\/10\\\/empregos-eurofarma.png\",\"keywords\":[\"eurofarma\",\"oportunidades\",\"vagas de emprego\"],\"articleSection\":[\"Vagas de Emprego Nacionais\"],\"inLanguage\":\"es\",\"potentialAction\":[{\"@type\":\"CommentAction\",\"name\":\"Comment\",\"target\":[\"https:\\\/\\\/www.vagadeempregorj.com.br\\\/empregos-eurofarma\\\/#respond\"]}]},{\"@type\":\"WebPage\",\"@id\":\"https:\\\/\\\/www.vagadeempregorj.com.br\\\/empregos-eurofarma\\\/\",\"url\":\"https:\\\/\\\/www.vagadeempregorj.com.br\\\/empregos-eurofarma\\\/\",\"name\":\"Comprador, Encarregado de Manuten\u00e7\u00e3o, Auxiliar Administrativo, Analistas e muito mais na Empresa EuroFarma\",\"isPartOf\":{\"@id\":\"https:\\\/\\\/www.vagadeempregorj.com.br\\\/#website\"},\"primaryImageOfPage\":{\"@id\":\"https:\\\/\\\/www.vagadeempregorj.com.br\\\/empregos-eurofarma\\\/#primaryimage\"},\"image\":{\"@id\":\"https:\\\/\\\/www.vagadeempregorj.com.br\\\/empregos-eurofarma\\\/#primaryimage\"},\"thumbnailUrl\":\"https:\\\/\\\/www.vagadeempregorj.com.br\\\/wp-content\\\/uploads\\\/2022\\\/10\\\/empregos-eurofarma.png\",\"datePublished\":\"2023-09-19T03:03:00+00:00\",\"author\":{\"@id\":\"https:\\\/\\\/www.vagadeempregorj.com.br\\\/#\\\/schema\\\/person\\\/3ddb19fa0539706786e502152f3aae95\"},\"description\":\"Veja em Vagas de Emprego RJ as vagas de emprego com e sem experi\u00eancia no seu Estado e Regi\u00e3o!\",\"breadcrumb\":{\"@id\":\"https:\\\/\\\/www.vagadeempregorj.com.br\\\/empregos-eurofarma\\\/#breadcrumb\"},\"inLanguage\":\"es\",\"potentialAction\":[{\"@type\":\"ReadAction\",\"target\":[\"https:\\\/\\\/www.vagadeempregorj.com.br\\\/empregos-eurofarma\\\/\"]}]},{\"@type\":\"ImageObject\",\"inLanguage\":\"es\",\"@id\":\"https:\\\/\\\/www.vagadeempregorj.com.br\\\/empregos-eurofarma\\\/#primaryimage\",\"url\":\"https:\\\/\\\/www.vagadeempregorj.com.br\\\/wp-content\\\/uploads\\\/2022\\\/10\\\/empregos-eurofarma.png\",\"contentUrl\":\"https:\\\/\\\/www.vagadeempregorj.com.br\\\/wp-content\\\/uploads\\\/2022\\\/10\\\/empregos-eurofarma.png\",\"width\":1140,\"height\":500,\"caption\":\"Imagem: Eurofarma - Reprodu\u00e7\u00e3o\"},{\"@type\":\"BreadcrumbList\",\"@id\":\"https:\\\/\\\/www.vagadeempregorj.com.br\\\/empregos-eurofarma\\\/#breadcrumb\",\"itemListElement\":[{\"@type\":\"ListItem\",\"position\":1,\"name\":\"In\u00edcio\",\"item\":\"https:\\\/\\\/www.vagadeempregorj.com.br\\\/\"},{\"@type\":\"ListItem\",\"position\":2,\"name\":\"Vagas de Emprego Nacionais\",\"item\":\"https:\\\/\\\/www.vagadeempregorj.com.br\\\/vagas-de-emprego-nacionais\\\/\"},{\"@type\":\"ListItem\",\"position\":3,\"name\":\"Comprador, Encarregado de Manuten\u00e7\u00e3o, Auxiliar Administrativo, Analistas e muito mais na Empresa EuroFarma\"}]},{\"@type\":\"WebSite\",\"@id\":\"https:\\\/\\\/www.vagadeempregorj.com.br\\\/#website\",\"url\":\"https:\\\/\\\/www.vagadeempregorj.com.br\\\/\",\"name\":\"\",\"description\":\"Conquiste Sonhos: Vagas, Benef\u00edcios e Economia para Transformar Vidas e Alcan\u00e7ar Melhorias Cotidianas\",\"potentialAction\":[{\"@type\":\"SearchAction\",\"target\":{\"@type\":\"EntryPoint\",\"urlTemplate\":\"https:\\\/\\\/www.vagadeempregorj.com.br\\\/?s={search_term_string}\"},\"query-input\":{\"@type\":\"PropertyValueSpecification\",\"valueRequired\":true,\"valueName\":\"search_term_string\"}}],\"inLanguage\":\"es\"},{\"@type\":\"Person\",\"@id\":\"https:\\\/\\\/www.vagadeempregorj.com.br\\\/#\\\/schema\\\/person\\\/3ddb19fa0539706786e502152f3aae95\",\"name\":\"Michele\",\"image\":{\"@type\":\"ImageObject\",\"inLanguage\":\"es\",\"@id\":\"https:\\\/\\\/secure.gravatar.com\\\/avatar\\\/6b0eb9d22841282815e2cd856a0061c45e1761cd54b22e952d98c4746939aa85?s=96&r=g\",\"url\":\"https:\\\/\\\/secure.gravatar.com\\\/avatar\\\/6b0eb9d22841282815e2cd856a0061c45e1761cd54b22e952d98c4746939aa85?s=96&r=g\",\"contentUrl\":\"https:\\\/\\\/secure.gravatar.com\\\/avatar\\\/6b0eb9d22841282815e2cd856a0061c45e1761cd54b22e952d98c4746939aa85?s=96&r=g\",\"caption\":\"Michele\"},\"description\":\"Formada em Letras - Portugu\u00eas\\\/ Ingl\u00eas, e idealizadora do site Escritora de Sucesso, busca expandir o conhecimento de todos com informa\u00e7\u00f5es relevantes sobre diversos assuntos, enquanto redatora. No Vaga de Emprego RJ, traz oportunidades e dicas sobre o mercado de trabalho.\",\"url\":\"https:\\\/\\\/www.vagadeempregorj.com.br\\\/es\\\/author\\\/michele\\\/\"}]}<\/script>\n<!-- \/ Yoast SEO plugin. -->","yoast_head_json":{"title":"Comprador, Encarregado de Manuten\u00e7\u00e3o, Auxiliar Administrativo, Analistas e muito mais na Empresa EuroFarma","description":"Veja em Vagas de Emprego RJ as vagas de emprego com e sem experi\u00eancia no seu Estado e Regi\u00e3o!","robots":{"index":"index","follow":"follow","max-snippet":"max-snippet:-1","max-image-preview":"max-image-preview:large","max-video-preview":"max-video-preview:-1"},"canonical":"https:\/\/www.vagadeempregorj.com.br\/es\/empregos-eurofarma\/","og_locale":"es_MX","og_type":"article","og_title":"Comprador, Encarregado de Manuten\u00e7\u00e3o, Auxiliar Administrativo, Analistas e muito mais na Empresa EuroFarma","og_description":"Veja em Vagas de Emprego RJ as vagas de emprego com e sem experi\u00eancia no seu Estado e Regi\u00e3o!","og_url":"https:\/\/www.vagadeempregorj.com.br\/es\/empregos-eurofarma\/","article_publisher":"https:\/\/www.facebook.com\/empregobrasiloficial","article_published_time":"2023-09-19T03:03:00+00:00","og_image":[{"width":1140,"height":500,"url":"https:\/\/www.vagadeempregorj.com.br\/wp-content\/uploads\/2022\/10\/empregos-eurofarma.png","type":"image\/png"}],"author":"Michele","twitter_card":"summary_large_image","twitter_misc":{"Escrito por":"Michele","Tiempo de lectura":"3 minutos"},"schema":{"@context":"https:\/\/schema.org","@graph":[{"@type":"Article","@id":"https:\/\/www.vagadeempregorj.com.br\/empregos-eurofarma\/#article","isPartOf":{"@id":"https:\/\/www.vagadeempregorj.com.br\/empregos-eurofarma\/"},"author":{"name":"Michele","@id":"https:\/\/www.vagadeempregorj.com.br\/#\/schema\/person\/3ddb19fa0539706786e502152f3aae95"},"headline":"Comprador, Encarregado de Manuten\u00e7\u00e3o, Auxiliar Administrativo, Analistas e muito mais na Empresa EuroFarma","datePublished":"2023-09-19T03:03:00+00:00","mainEntityOfPage":{"@id":"https:\/\/www.vagadeempregorj.com.br\/empregos-eurofarma\/"},"wordCount":610,"commentCount":0,"image":{"@id":"https:\/\/www.vagadeempregorj.com.br\/empregos-eurofarma\/#primaryimage"},"thumbnailUrl":"https:\/\/www.vagadeempregorj.com.br\/wp-content\/uploads\/2022\/10\/empregos-eurofarma.png","keywords":["eurofarma","oportunidades","vagas de emprego"],"articleSection":["Vagas de Emprego Nacionais"],"inLanguage":"es","potentialAction":[{"@type":"CommentAction","name":"Comment","target":["https:\/\/www.vagadeempregorj.com.br\/empregos-eurofarma\/#respond"]}]},{"@type":"WebPage","@id":"https:\/\/www.vagadeempregorj.com.br\/empregos-eurofarma\/","url":"https:\/\/www.vagadeempregorj.com.br\/empregos-eurofarma\/","name":"Comprador, Encarregado de Manuten\u00e7\u00e3o, Auxiliar Administrativo, Analistas e muito mais na Empresa EuroFarma","isPartOf":{"@id":"https:\/\/www.vagadeempregorj.com.br\/#website"},"primaryImageOfPage":{"@id":"https:\/\/www.vagadeempregorj.com.br\/empregos-eurofarma\/#primaryimage"},"image":{"@id":"https:\/\/www.vagadeempregorj.com.br\/empregos-eurofarma\/#primaryimage"},"thumbnailUrl":"https:\/\/www.vagadeempregorj.com.br\/wp-content\/uploads\/2022\/10\/empregos-eurofarma.png","datePublished":"2023-09-19T03:03:00+00:00","author":{"@id":"https:\/\/www.vagadeempregorj.com.br\/#\/schema\/person\/3ddb19fa0539706786e502152f3aae95"},"description":"Veja em Vagas de Emprego RJ as vagas de emprego com e sem experi\u00eancia no seu Estado e Regi\u00e3o!","breadcrumb":{"@id":"https:\/\/www.vagadeempregorj.com.br\/empregos-eurofarma\/#breadcrumb"},"inLanguage":"es","potentialAction":[{"@type":"ReadAction","target":["https:\/\/www.vagadeempregorj.com.br\/empregos-eurofarma\/"]}]},{"@type":"ImageObject","inLanguage":"es","@id":"https:\/\/www.vagadeempregorj.com.br\/empregos-eurofarma\/#primaryimage","url":"https:\/\/www.vagadeempregorj.com.br\/wp-content\/uploads\/2022\/10\/empregos-eurofarma.png","contentUrl":"https:\/\/www.vagadeempregorj.com.br\/wp-content\/uploads\/2022\/10\/empregos-eurofarma.png","width":1140,"height":500,"caption":"Imagem: Eurofarma - Reprodu\u00e7\u00e3o"},{"@type":"BreadcrumbList","@id":"https:\/\/www.vagadeempregorj.com.br\/empregos-eurofarma\/#breadcrumb","itemListElement":[{"@type":"ListItem","position":1,"name":"In\u00edcio","item":"https:\/\/www.vagadeempregorj.com.br\/"},{"@type":"ListItem","position":2,"name":"Vagas de Emprego Nacionais","item":"https:\/\/www.vagadeempregorj.com.br\/vagas-de-emprego-nacionais\/"},{"@type":"ListItem","position":3,"name":"Comprador, Encarregado de Manuten\u00e7\u00e3o, Auxiliar Administrativo, Analistas e muito mais na Empresa EuroFarma"}]},{"@type":"WebSite","@id":"https:\/\/www.vagadeempregorj.com.br\/#website","url":"https:\/\/www.vagadeempregorj.com.br\/","name":"","description":"Haz realidad tus sue\u00f1os: Ofertas de empleo, beneficios y ahorros para transformar vidas y lograr mejoras cotidianas.","potentialAction":[{"@type":"SearchAction","target":{"@type":"EntryPoint","urlTemplate":"https:\/\/www.vagadeempregorj.com.br\/?s={search_term_string}"},"query-input":{"@type":"PropertyValueSpecification","valueRequired":true,"valueName":"search_term_string"}}],"inLanguage":"es"},{"@type":"Person","@id":"https:\/\/www.vagadeempregorj.com.br\/#\/schema\/person\/3ddb19fa0539706786e502152f3aae95","name":"Michele","image":{"@type":"ImageObject","inLanguage":"es","@id":"https:\/\/secure.gravatar.com\/avatar\/6b0eb9d22841282815e2cd856a0061c45e1761cd54b22e952d98c4746939aa85?s=96&r=g","url":"https:\/\/secure.gravatar.com\/avatar\/6b0eb9d22841282815e2cd856a0061c45e1761cd54b22e952d98c4746939aa85?s=96&r=g","contentUrl":"https:\/\/secure.gravatar.com\/avatar\/6b0eb9d22841282815e2cd856a0061c45e1761cd54b22e952d98c4746939aa85?s=96&r=g","caption":"Michele"},"description":"Formada em Letras - Portugu\u00eas\/ Ingl\u00eas, e idealizadora do site Escritora de Sucesso, busca expandir o conhecimento de todos com informa\u00e7\u00f5es relevantes sobre diversos assuntos, enquanto redatora. No Vaga de Emprego RJ, traz oportunidades e dicas sobre o mercado de trabalho.","url":"https:\/\/www.vagadeempregorj.com.br\/es\/author\/michele\/"}]}},"_links":{"self":[{"href":"https:\/\/www.vagadeempregorj.com.br\/es\/wp-json\/wp\/v2\/posts\/35448","targetHints":{"allow":["GET"]}}],"collection":[{"href":"https:\/\/www.vagadeempregorj.com.br\/es\/wp-json\/wp\/v2\/posts"}],"about":[{"href":"https:\/\/www.vagadeempregorj.com.br\/es\/wp-json\/wp\/v2\/types\/post"}],"author":[{"embeddable":true,"href":"https:\/\/www.vagadeempregorj.com.br\/es\/wp-json\/wp\/v2\/users\/16"}],"replies":[{"embeddable":true,"href":"https:\/\/www.vagadeempregorj.com.br\/es\/wp-json\/wp\/v2\/comments?post=35448"}],"version-history":[{"count":0,"href":"https:\/\/www.vagadeempregorj.com.br\/es\/wp-json\/wp\/v2\/posts\/35448\/revisions"}],"wp:featuredmedia":[{"embeddable":true,"href":"https:\/\/www.vagadeempregorj.com.br\/es\/wp-json\/wp\/v2\/media\/35451"}],"wp:attachment":[{"href":"https:\/\/www.vagadeempregorj.com.br\/es\/wp-json\/wp\/v2\/media?parent=35448"}],"wp:term":[{"taxonomy":"category","embeddable":true,"href":"https:\/\/www.vagadeempregorj.com.br\/es\/wp-json\/wp\/v2\/categories?post=35448"},{"taxonomy":"post_tag","embeddable":true,"href":"https:\/\/www.vagadeempregorj.com.br\/es\/wp-json\/wp\/v2\/tags?post=35448"}],"curies":[{"name":"wp","href":"https:\/\/api.w.org\/{rel}","templated":true}]}}