{"id":35534,"date":"2023-10-04T01:01:00","date_gmt":"2023-10-04T04:01:00","guid":{"rendered":"https:\/\/www.vagadeempregorj.com.br\/?p=35534"},"modified":"2023-10-03T13:28:58","modified_gmt":"2023-10-03T16:28:58","slug":"empregos-gpa","status":"publish","type":"post","link":"https:\/\/www.vagadeempregorj.com.br\/es\/empregos-gpa\/","title":{"rendered":"Operador de Caixa, T\u00e9cnico de Manuten\u00e7\u00e3o, A\u00e7ougueiro, Atendente de Balc\u00e3o, Empacotador, Frentista e muito mais na Empresa GPA"},"content":{"rendered":"<p>Atualizado em<\/p>\n\n\n<div class=\"wp-block-post-date\"><time datetime=\"2023-10-04T01:01:00-03:00\">04\/10\/2023<\/time><\/div>\n\n\n<p>Veja a seguir quais s\u00e3o as vagas de <strong>empregos GPA<\/strong>. Quer se tornar mais um membro do maior grupo varejista da Am\u00e9rica do Sul? Nele os colaboradores trabalham felizes e t\u00eam muitas oportunidades de desenvolvimento e crescimento profissional. A empresa valoriza o respeito pelas pessoas diferentes e se d\u00e1 bem com elas, o que garante uma boa troca de experi\u00eancias. Seu conhecimento e habilidades contribuir\u00e3o para este grande neg\u00f3cio e alcan\u00e7ar\u00e3o o objetivo: ser a melhor op\u00e7\u00e3o de compra para nossos milh\u00f5es de clientes a qualquer hora, em qualquer lugar. Al\u00e9m de participar ativamente de toda a jornada de inova\u00e7\u00e3o, h\u00e1 liberdade para desenvolver e criar novas solu\u00e7\u00f5es em e-commerce e aplicativos.<\/p>\n\n\n\n<figure class=\"wp-block-image size-full\"><img loading=\"lazy\" decoding=\"async\" width=\"700\" height=\"445\" src=\"https:\/\/www.vagadeempregorj.com.br\/wp-content\/uploads\/2022\/10\/empregos-GPA.jpg\" alt=\"empregos GPA\" class=\"wp-image-35538\" srcset=\"https:\/\/www.vagadeempregorj.com.br\/wp-content\/uploads\/2022\/10\/empregos-GPA.jpg 700w, https:\/\/www.vagadeempregorj.com.br\/wp-content\/uploads\/2022\/10\/empregos-GPA-300x191.jpg 300w, https:\/\/www.vagadeempregorj.com.br\/wp-content\/uploads\/2022\/10\/empregos-GPA-150x95.jpg 150w\" sizes=\"auto, (max-width: 700px) 100vw, 700px\" \/><figcaption class=\"wp-element-caption\">Imagem: GPA &#8211; Reprodu\u00e7\u00e3o<\/figcaption><\/figure>\n\n\n\n<h2 class=\"wp-block-heading\">Conhe\u00e7a todas as oportunidades de Empregos GPA<\/h2>\n\n\n\n<p>A empresa oferta diversos benef\u00edcios dependendo do cargo como, por exemplo: cooperativa de cr\u00e9dito, plano odontol\u00f3gico, descontos exclusivos, Gympass, cart\u00e3o Multicheque, Total Pass, cesta b\u00e1sica, vale refei\u00e7\u00e3o e transporte. As vagas ofertadas s\u00e3o, em sua maioria, para S\u00e3o Paulo e regi\u00e3o.<\/p>\n\n\n\n<p>Para garantir a melhor experi\u00eancia de compra aos seus clientes, ela conta com uma equipe dedicada e motivada em suas lojas. \u00c9 poss\u00edvel fazer parte dessa equipe e atuar em diferentes cargos, todos essenciais para o pleno funcionamento de sua unidade e atividades voltadas para o melhor atendimento aos seus clientes. Confira a seguir quais s\u00e3o os cargos divulgados e descubra em seguida como se inscrever:<\/p>\n\n\n\n<ul class=\"wp-block-list\">\n<li>Tec. de Manuten\u00e7\u00e3o;<\/li>\n\n\n\n<li>A\u00e7ougueiro;<\/li>\n\n\n\n<li>Repositor;<\/li>\n\n\n\n<li>Ass. Administrativo I PcD;<\/li>\n\n\n\n<li>Shopper PcD;<\/li>\n\n\n\n<li>Ass. de Recursos Humanos;<\/li>\n\n\n\n<li>Sushiman;<\/li>\n\n\n\n<li>Op. Caixa PcD;<\/li>\n\n\n\n<li>Atendente de Balc\u00e3o;<\/li>\n\n\n\n<li>Peixeiro;<\/li>\n\n\n\n<li>Atendente de Loja;<\/li>\n\n\n\n<li>Op. Loja PcD;<\/li>\n\n\n\n<li>Atendente de Vinhos;<\/li>\n\n\n\n<li>Padeiro;<\/li>\n\n\n\n<li>Atendente Loja I PcD;<\/li>\n\n\n\n<li>Empacotador;<\/li>\n\n\n\n<li>Aux. de A\u00e7ougue;<\/li>\n\n\n\n<li>Frentista;<\/li>\n\n\n\n<li>Aux. de Manuten\u00e7\u00e3o;<\/li>\n\n\n\n<li>Espec. Vendas em Atacado;<\/li>\n\n\n\n<li>CHEFE \u00c1REA;<\/li>\n\n\n\n<li>Fiscal de Loja;<\/li>\n\n\n\n<li>Chefe de Se\u00e7\u00e3o;<\/li>\n\n\n\n<li>Confeiteiro;<\/li>\n\n\n\n<li>Cozinheiro.<\/li>\n<\/ul>\n\n\n\n<h3 class=\"wp-block-heading\">Como se candidatar<\/h3>\n\n\n\n<p>Para enviar o seu curr\u00edculo para qualquer um dos cargos que informamos, basta acessar o site em que \u00e9 realizado o processo de recrutamento e de sele\u00e7\u00e3o das vagas. Para isso, clique no link abaixo:<\/p>\n\n\n\n<ul class=\"wp-block-list\">\n<li><a href=\"https:\/\/gpa.gupy.io\/eyJzb3VyY2UiOiJndXB5X3BvcnRhbCJ9\">GPA Gupy<\/a>.<\/li>\n<\/ul>\n\n\n\n<p>Em seguida, ser\u00e1 necess\u00e1rio ler com cuidado todas as exig\u00eancias e as atribui\u00e7\u00f5es da fun\u00e7\u00e3o escolhida para entender se ela realmente \u00e9 compat\u00edvel com o seu perfil profissional antes de realizar a sua inscri\u00e7\u00e3o.<\/p>\n\n\n\n<p><strong>Veja tamb\u00e9m: <a href=\"https:\/\/vagadeempregosp.com\/empregos-localiza\/\">Empregos Localiza<\/a><\/strong><\/p>\n\n\n\n<h2 class=\"wp-block-heading\">Sobre a GPA<\/h2>\n\n\n\n<p>\u00c9 uma empresa do Grupo Casino com atua\u00e7\u00e3o em v\u00e1rias partes do pa\u00eds, al\u00e9m da Argentina, Col\u00f4mbia e Uruguai atrav\u00e9s do Grupo \u00caxito. Possui quase mil lojas l\u00edderes de e-commerce de alimentos no Brasil, temos o compromisso de oferecer aos seus consumidores a melhor experi\u00eancia de compra.<\/p>\n\n\n\n<p>Chama-se &#8220;GPA&#8221; e tem o nome oficial desde 2013, quando deixou de ser Grupo P\u00e3o de A\u00e7\u00facar, e a empresa ainda \u00e9 comumente conhecida por esse nome. A empresa tem suas origens na cria\u00e7\u00e3o da Doceira P\u00e3o de A\u00e7\u00facar, fundada na cidade de S\u00e3o Paulo em 1948 pelo imigrante portugu\u00eas Valentim dos Santos Diniz que decidiu entrar no mercado varejista na d\u00e9cada seguinte, criando a Supermercado hom\u00f4nimo, inaugurado em 1959.<\/p>\n\n\n\n<p>Na d\u00e9cada seguinte, a empresa expandiu-se adquirindo empresas concorrentes e abrindo novas lojas, inaugurando o Jumbo em 1970, o primeiro hipermercado brasileiro.<\/p>","protected":false},"excerpt":{"rendered":"<p>Atualizado em Veja a seguir quais s\u00e3o as vagas de empregos GPA. Quer se tornar mais um membro do maior grupo varejista da Am\u00e9rica do Sul? Nele os colaboradores trabalham felizes e t\u00eam muitas oportunidades de desenvolvimento e crescimento profissional. A empresa valoriza o respeito pelas pessoas diferentes e se d\u00e1 bem com elas, o&hellip;&nbsp;<\/p>","protected":false},"author":16,"featured_media":35538,"comment_status":"open","ping_status":"closed","sticky":false,"template":"","format":"standard","meta":{"neve_meta_sidebar":"","neve_meta_container":"","neve_meta_enable_content_width":"","neve_meta_content_width":0,"neve_meta_title_alignment":"","neve_meta_author_avatar":"","neve_post_elements_order":"","neve_meta_disable_header":"","neve_meta_disable_footer":"","neve_meta_disable_title":"","footnotes":""},"categories":[123],"tags":[621,211],"class_list":["post-35534","post","type-post","status-publish","format-standard","has-post-thumbnail","hentry","category-vagas-de-emprego-nacionais","tag-gpa","tag-vagas-de-emprego"],"yoast_head":"<!-- This site is optimized with the Yoast SEO plugin v27.5 - https:\/\/yoast.com\/product\/yoast-seo-wordpress\/ -->\n<title>Operador de Caixa, T\u00e9cnico de Manuten\u00e7\u00e3o, A\u00e7ougueiro, Atendente de Balc\u00e3o, Empacotador, Frentista e muito mais na Empresa GPA<\/title>\n<meta name=\"description\" content=\"Veja em Vagas de Emprego RJ as vagas de emprego com e sem experi\u00eancia no seu Estado e Regi\u00e3o!\" \/>\n<meta name=\"robots\" content=\"index, follow, max-snippet:-1, max-image-preview:large, max-video-preview:-1\" \/>\n<link rel=\"canonical\" href=\"https:\/\/www.vagadeempregorj.com.br\/es\/empregos-gpa\/\" \/>\n<meta property=\"og:locale\" content=\"es_MX\" \/>\n<meta property=\"og:type\" content=\"article\" \/>\n<meta property=\"og:title\" content=\"Operador de Caixa, T\u00e9cnico de Manuten\u00e7\u00e3o, A\u00e7ougueiro, Atendente de Balc\u00e3o, Empacotador, Frentista e muito mais na Empresa GPA\" \/>\n<meta property=\"og:description\" content=\"Veja em Vagas de Emprego RJ as vagas de emprego com e sem experi\u00eancia no seu Estado e Regi\u00e3o!\" \/>\n<meta property=\"og:url\" content=\"https:\/\/www.vagadeempregorj.com.br\/es\/empregos-gpa\/\" \/>\n<meta property=\"article:publisher\" content=\"https:\/\/www.facebook.com\/empregobrasiloficial\" \/>\n<meta property=\"article:published_time\" content=\"2023-10-04T04:01:00+00:00\" \/>\n<meta property=\"og:image\" content=\"https:\/\/www.vagadeempregorj.com.br\/wp-content\/uploads\/2022\/10\/empregos-GPA.jpg\" \/>\n\t<meta property=\"og:image:width\" content=\"700\" \/>\n\t<meta property=\"og:image:height\" content=\"445\" \/>\n\t<meta property=\"og:image:type\" content=\"image\/jpeg\" \/>\n<meta name=\"author\" content=\"Michele\" \/>\n<meta name=\"twitter:card\" content=\"summary_large_image\" \/>\n<meta name=\"twitter:label1\" content=\"Escrito por\" \/>\n\t<meta name=\"twitter:data1\" content=\"Michele\" \/>\n\t<meta name=\"twitter:label2\" content=\"Tiempo de lectura\" \/>\n\t<meta name=\"twitter:data2\" content=\"3 minutos\" \/>\n<script type=\"application\/ld+json\" class=\"yoast-schema-graph\">{\"@context\":\"https:\\\/\\\/schema.org\",\"@graph\":[{\"@type\":\"Article\",\"@id\":\"https:\\\/\\\/www.vagadeempregorj.com.br\\\/empregos-gpa\\\/#article\",\"isPartOf\":{\"@id\":\"https:\\\/\\\/www.vagadeempregorj.com.br\\\/empregos-gpa\\\/\"},\"author\":{\"name\":\"Michele\",\"@id\":\"https:\\\/\\\/www.vagadeempregorj.com.br\\\/#\\\/schema\\\/person\\\/3ddb19fa0539706786e502152f3aae95\"},\"headline\":\"Operador de Caixa, T\u00e9cnico de Manuten\u00e7\u00e3o, A\u00e7ougueiro, Atendente de Balc\u00e3o, Empacotador, Frentista e muito mais na Empresa GPA\",\"datePublished\":\"2023-10-04T04:01:00+00:00\",\"mainEntityOfPage\":{\"@id\":\"https:\\\/\\\/www.vagadeempregorj.com.br\\\/empregos-gpa\\\/\"},\"wordCount\":584,\"commentCount\":0,\"image\":{\"@id\":\"https:\\\/\\\/www.vagadeempregorj.com.br\\\/empregos-gpa\\\/#primaryimage\"},\"thumbnailUrl\":\"https:\\\/\\\/www.vagadeempregorj.com.br\\\/wp-content\\\/uploads\\\/2022\\\/10\\\/empregos-GPA.jpg\",\"keywords\":[\"GPA\",\"vagas de emprego\"],\"articleSection\":[\"Vagas de Emprego Nacionais\"],\"inLanguage\":\"es\",\"potentialAction\":[{\"@type\":\"CommentAction\",\"name\":\"Comment\",\"target\":[\"https:\\\/\\\/www.vagadeempregorj.com.br\\\/empregos-gpa\\\/#respond\"]}]},{\"@type\":\"WebPage\",\"@id\":\"https:\\\/\\\/www.vagadeempregorj.com.br\\\/empregos-gpa\\\/\",\"url\":\"https:\\\/\\\/www.vagadeempregorj.com.br\\\/empregos-gpa\\\/\",\"name\":\"Operador de Caixa, T\u00e9cnico de Manuten\u00e7\u00e3o, A\u00e7ougueiro, Atendente de Balc\u00e3o, Empacotador, Frentista e muito mais na Empresa GPA\",\"isPartOf\":{\"@id\":\"https:\\\/\\\/www.vagadeempregorj.com.br\\\/#website\"},\"primaryImageOfPage\":{\"@id\":\"https:\\\/\\\/www.vagadeempregorj.com.br\\\/empregos-gpa\\\/#primaryimage\"},\"image\":{\"@id\":\"https:\\\/\\\/www.vagadeempregorj.com.br\\\/empregos-gpa\\\/#primaryimage\"},\"thumbnailUrl\":\"https:\\\/\\\/www.vagadeempregorj.com.br\\\/wp-content\\\/uploads\\\/2022\\\/10\\\/empregos-GPA.jpg\",\"datePublished\":\"2023-10-04T04:01:00+00:00\",\"author\":{\"@id\":\"https:\\\/\\\/www.vagadeempregorj.com.br\\\/#\\\/schema\\\/person\\\/3ddb19fa0539706786e502152f3aae95\"},\"description\":\"Veja em Vagas de Emprego RJ as vagas de emprego com e sem experi\u00eancia no seu Estado e Regi\u00e3o!\",\"breadcrumb\":{\"@id\":\"https:\\\/\\\/www.vagadeempregorj.com.br\\\/empregos-gpa\\\/#breadcrumb\"},\"inLanguage\":\"es\",\"potentialAction\":[{\"@type\":\"ReadAction\",\"target\":[\"https:\\\/\\\/www.vagadeempregorj.com.br\\\/empregos-gpa\\\/\"]}]},{\"@type\":\"ImageObject\",\"inLanguage\":\"es\",\"@id\":\"https:\\\/\\\/www.vagadeempregorj.com.br\\\/empregos-gpa\\\/#primaryimage\",\"url\":\"https:\\\/\\\/www.vagadeempregorj.com.br\\\/wp-content\\\/uploads\\\/2022\\\/10\\\/empregos-GPA.jpg\",\"contentUrl\":\"https:\\\/\\\/www.vagadeempregorj.com.br\\\/wp-content\\\/uploads\\\/2022\\\/10\\\/empregos-GPA.jpg\",\"width\":700,\"height\":445,\"caption\":\"Imagem: GPA - Reprodu\u00e7\u00e3o\"},{\"@type\":\"BreadcrumbList\",\"@id\":\"https:\\\/\\\/www.vagadeempregorj.com.br\\\/empregos-gpa\\\/#breadcrumb\",\"itemListElement\":[{\"@type\":\"ListItem\",\"position\":1,\"name\":\"In\u00edcio\",\"item\":\"https:\\\/\\\/www.vagadeempregorj.com.br\\\/\"},{\"@type\":\"ListItem\",\"position\":2,\"name\":\"Vagas de Emprego Nacionais\",\"item\":\"https:\\\/\\\/www.vagadeempregorj.com.br\\\/vagas-de-emprego-nacionais\\\/\"},{\"@type\":\"ListItem\",\"position\":3,\"name\":\"Operador de Caixa, T\u00e9cnico de Manuten\u00e7\u00e3o, A\u00e7ougueiro, Atendente de Balc\u00e3o, Empacotador, Frentista e muito mais na Empresa GPA\"}]},{\"@type\":\"WebSite\",\"@id\":\"https:\\\/\\\/www.vagadeempregorj.com.br\\\/#website\",\"url\":\"https:\\\/\\\/www.vagadeempregorj.com.br\\\/\",\"name\":\"\",\"description\":\"Conquiste Sonhos: Vagas, Benef\u00edcios e Economia para Transformar Vidas e Alcan\u00e7ar Melhorias Cotidianas\",\"potentialAction\":[{\"@type\":\"SearchAction\",\"target\":{\"@type\":\"EntryPoint\",\"urlTemplate\":\"https:\\\/\\\/www.vagadeempregorj.com.br\\\/?s={search_term_string}\"},\"query-input\":{\"@type\":\"PropertyValueSpecification\",\"valueRequired\":true,\"valueName\":\"search_term_string\"}}],\"inLanguage\":\"es\"},{\"@type\":\"Person\",\"@id\":\"https:\\\/\\\/www.vagadeempregorj.com.br\\\/#\\\/schema\\\/person\\\/3ddb19fa0539706786e502152f3aae95\",\"name\":\"Michele\",\"image\":{\"@type\":\"ImageObject\",\"inLanguage\":\"es\",\"@id\":\"https:\\\/\\\/secure.gravatar.com\\\/avatar\\\/6b0eb9d22841282815e2cd856a0061c45e1761cd54b22e952d98c4746939aa85?s=96&r=g\",\"url\":\"https:\\\/\\\/secure.gravatar.com\\\/avatar\\\/6b0eb9d22841282815e2cd856a0061c45e1761cd54b22e952d98c4746939aa85?s=96&r=g\",\"contentUrl\":\"https:\\\/\\\/secure.gravatar.com\\\/avatar\\\/6b0eb9d22841282815e2cd856a0061c45e1761cd54b22e952d98c4746939aa85?s=96&r=g\",\"caption\":\"Michele\"},\"description\":\"Formada em Letras - Portugu\u00eas\\\/ Ingl\u00eas, e idealizadora do site Escritora de Sucesso, busca expandir o conhecimento de todos com informa\u00e7\u00f5es relevantes sobre diversos assuntos, enquanto redatora. No Vaga de Emprego RJ, traz oportunidades e dicas sobre o mercado de trabalho.\",\"url\":\"https:\\\/\\\/www.vagadeempregorj.com.br\\\/es\\\/author\\\/michele\\\/\"}]}<\/script>\n<!-- \/ Yoast SEO plugin. -->","yoast_head_json":{"title":"Operador de Caixa, T\u00e9cnico de Manuten\u00e7\u00e3o, A\u00e7ougueiro, Atendente de Balc\u00e3o, Empacotador, Frentista e muito mais na Empresa GPA","description":"Veja em Vagas de Emprego RJ as vagas de emprego com e sem experi\u00eancia no seu Estado e Regi\u00e3o!","robots":{"index":"index","follow":"follow","max-snippet":"max-snippet:-1","max-image-preview":"max-image-preview:large","max-video-preview":"max-video-preview:-1"},"canonical":"https:\/\/www.vagadeempregorj.com.br\/es\/empregos-gpa\/","og_locale":"es_MX","og_type":"article","og_title":"Operador de Caixa, T\u00e9cnico de Manuten\u00e7\u00e3o, A\u00e7ougueiro, Atendente de Balc\u00e3o, Empacotador, Frentista e muito mais na Empresa GPA","og_description":"Veja em Vagas de Emprego RJ as vagas de emprego com e sem experi\u00eancia no seu Estado e Regi\u00e3o!","og_url":"https:\/\/www.vagadeempregorj.com.br\/es\/empregos-gpa\/","article_publisher":"https:\/\/www.facebook.com\/empregobrasiloficial","article_published_time":"2023-10-04T04:01:00+00:00","og_image":[{"width":700,"height":445,"url":"https:\/\/www.vagadeempregorj.com.br\/wp-content\/uploads\/2022\/10\/empregos-GPA.jpg","type":"image\/jpeg"}],"author":"Michele","twitter_card":"summary_large_image","twitter_misc":{"Escrito por":"Michele","Tiempo de lectura":"3 minutos"},"schema":{"@context":"https:\/\/schema.org","@graph":[{"@type":"Article","@id":"https:\/\/www.vagadeempregorj.com.br\/empregos-gpa\/#article","isPartOf":{"@id":"https:\/\/www.vagadeempregorj.com.br\/empregos-gpa\/"},"author":{"name":"Michele","@id":"https:\/\/www.vagadeempregorj.com.br\/#\/schema\/person\/3ddb19fa0539706786e502152f3aae95"},"headline":"Operador de Caixa, T\u00e9cnico de Manuten\u00e7\u00e3o, A\u00e7ougueiro, Atendente de Balc\u00e3o, Empacotador, Frentista e muito mais na Empresa GPA","datePublished":"2023-10-04T04:01:00+00:00","mainEntityOfPage":{"@id":"https:\/\/www.vagadeempregorj.com.br\/empregos-gpa\/"},"wordCount":584,"commentCount":0,"image":{"@id":"https:\/\/www.vagadeempregorj.com.br\/empregos-gpa\/#primaryimage"},"thumbnailUrl":"https:\/\/www.vagadeempregorj.com.br\/wp-content\/uploads\/2022\/10\/empregos-GPA.jpg","keywords":["GPA","vagas de emprego"],"articleSection":["Vagas de Emprego Nacionais"],"inLanguage":"es","potentialAction":[{"@type":"CommentAction","name":"Comment","target":["https:\/\/www.vagadeempregorj.com.br\/empregos-gpa\/#respond"]}]},{"@type":"WebPage","@id":"https:\/\/www.vagadeempregorj.com.br\/empregos-gpa\/","url":"https:\/\/www.vagadeempregorj.com.br\/empregos-gpa\/","name":"Operador de Caixa, T\u00e9cnico de Manuten\u00e7\u00e3o, A\u00e7ougueiro, Atendente de Balc\u00e3o, Empacotador, Frentista e muito mais na Empresa GPA","isPartOf":{"@id":"https:\/\/www.vagadeempregorj.com.br\/#website"},"primaryImageOfPage":{"@id":"https:\/\/www.vagadeempregorj.com.br\/empregos-gpa\/#primaryimage"},"image":{"@id":"https:\/\/www.vagadeempregorj.com.br\/empregos-gpa\/#primaryimage"},"thumbnailUrl":"https:\/\/www.vagadeempregorj.com.br\/wp-content\/uploads\/2022\/10\/empregos-GPA.jpg","datePublished":"2023-10-04T04:01:00+00:00","author":{"@id":"https:\/\/www.vagadeempregorj.com.br\/#\/schema\/person\/3ddb19fa0539706786e502152f3aae95"},"description":"Veja em Vagas de Emprego RJ as vagas de emprego com e sem experi\u00eancia no seu Estado e Regi\u00e3o!","breadcrumb":{"@id":"https:\/\/www.vagadeempregorj.com.br\/empregos-gpa\/#breadcrumb"},"inLanguage":"es","potentialAction":[{"@type":"ReadAction","target":["https:\/\/www.vagadeempregorj.com.br\/empregos-gpa\/"]}]},{"@type":"ImageObject","inLanguage":"es","@id":"https:\/\/www.vagadeempregorj.com.br\/empregos-gpa\/#primaryimage","url":"https:\/\/www.vagadeempregorj.com.br\/wp-content\/uploads\/2022\/10\/empregos-GPA.jpg","contentUrl":"https:\/\/www.vagadeempregorj.com.br\/wp-content\/uploads\/2022\/10\/empregos-GPA.jpg","width":700,"height":445,"caption":"Imagem: GPA - Reprodu\u00e7\u00e3o"},{"@type":"BreadcrumbList","@id":"https:\/\/www.vagadeempregorj.com.br\/empregos-gpa\/#breadcrumb","itemListElement":[{"@type":"ListItem","position":1,"name":"In\u00edcio","item":"https:\/\/www.vagadeempregorj.com.br\/"},{"@type":"ListItem","position":2,"name":"Vagas de Emprego Nacionais","item":"https:\/\/www.vagadeempregorj.com.br\/vagas-de-emprego-nacionais\/"},{"@type":"ListItem","position":3,"name":"Operador de Caixa, T\u00e9cnico de Manuten\u00e7\u00e3o, A\u00e7ougueiro, Atendente de Balc\u00e3o, Empacotador, Frentista e muito mais na Empresa GPA"}]},{"@type":"WebSite","@id":"https:\/\/www.vagadeempregorj.com.br\/#website","url":"https:\/\/www.vagadeempregorj.com.br\/","name":"","description":"Haz realidad tus sue\u00f1os: Ofertas de empleo, beneficios y ahorros para transformar vidas y lograr mejoras cotidianas.","potentialAction":[{"@type":"SearchAction","target":{"@type":"EntryPoint","urlTemplate":"https:\/\/www.vagadeempregorj.com.br\/?s={search_term_string}"},"query-input":{"@type":"PropertyValueSpecification","valueRequired":true,"valueName":"search_term_string"}}],"inLanguage":"es"},{"@type":"Person","@id":"https:\/\/www.vagadeempregorj.com.br\/#\/schema\/person\/3ddb19fa0539706786e502152f3aae95","name":"Michele","image":{"@type":"ImageObject","inLanguage":"es","@id":"https:\/\/secure.gravatar.com\/avatar\/6b0eb9d22841282815e2cd856a0061c45e1761cd54b22e952d98c4746939aa85?s=96&r=g","url":"https:\/\/secure.gravatar.com\/avatar\/6b0eb9d22841282815e2cd856a0061c45e1761cd54b22e952d98c4746939aa85?s=96&r=g","contentUrl":"https:\/\/secure.gravatar.com\/avatar\/6b0eb9d22841282815e2cd856a0061c45e1761cd54b22e952d98c4746939aa85?s=96&r=g","caption":"Michele"},"description":"Formada em Letras - Portugu\u00eas\/ Ingl\u00eas, e idealizadora do site Escritora de Sucesso, busca expandir o conhecimento de todos com informa\u00e7\u00f5es relevantes sobre diversos assuntos, enquanto redatora. No Vaga de Emprego RJ, traz oportunidades e dicas sobre o mercado de trabalho.","url":"https:\/\/www.vagadeempregorj.com.br\/es\/author\/michele\/"}]}},"_links":{"self":[{"href":"https:\/\/www.vagadeempregorj.com.br\/es\/wp-json\/wp\/v2\/posts\/35534","targetHints":{"allow":["GET"]}}],"collection":[{"href":"https:\/\/www.vagadeempregorj.com.br\/es\/wp-json\/wp\/v2\/posts"}],"about":[{"href":"https:\/\/www.vagadeempregorj.com.br\/es\/wp-json\/wp\/v2\/types\/post"}],"author":[{"embeddable":true,"href":"https:\/\/www.vagadeempregorj.com.br\/es\/wp-json\/wp\/v2\/users\/16"}],"replies":[{"embeddable":true,"href":"https:\/\/www.vagadeempregorj.com.br\/es\/wp-json\/wp\/v2\/comments?post=35534"}],"version-history":[{"count":0,"href":"https:\/\/www.vagadeempregorj.com.br\/es\/wp-json\/wp\/v2\/posts\/35534\/revisions"}],"wp:featuredmedia":[{"embeddable":true,"href":"https:\/\/www.vagadeempregorj.com.br\/es\/wp-json\/wp\/v2\/media\/35538"}],"wp:attachment":[{"href":"https:\/\/www.vagadeempregorj.com.br\/es\/wp-json\/wp\/v2\/media?parent=35534"}],"wp:term":[{"taxonomy":"category","embeddable":true,"href":"https:\/\/www.vagadeempregorj.com.br\/es\/wp-json\/wp\/v2\/categories?post=35534"},{"taxonomy":"post_tag","embeddable":true,"href":"https:\/\/www.vagadeempregorj.com.br\/es\/wp-json\/wp\/v2\/tags?post=35534"}],"curies":[{"name":"wp","href":"https:\/\/api.w.org\/{rel}","templated":true}]}}