{"id":35602,"date":"2023-10-09T00:03:00","date_gmt":"2023-10-09T03:03:00","guid":{"rendered":"https:\/\/www.vagadeempregorj.com.br\/?p=35602"},"modified":"2024-12-12T14:48:46","modified_gmt":"2024-12-12T17:48:46","slug":"empregos-ache","status":"publish","type":"post","link":"https:\/\/www.vagadeempregorj.com.br\/es\/empregos-ache\/","title":{"rendered":"Vendedor, T\u00e9cnico em Seguran\u00e7a do Trabalho, Est\u00e1gios, Analistas e muito mais na Empresa Ach\u00e9"},"content":{"rendered":"<p>Atualizado em<\/p>\n\n\n<div class=\"wp-block-post-date\"><time datetime=\"2023-10-09T00:03:00-03:00\">09\/10\/2023<\/time><\/div>\n\n\n<p>Os <strong>empregos Ach\u00e9 <\/strong>s\u00e3o importantes meios de melhoria de vida para diversos brasileiros que est\u00e3o sem uma fonte de renda. Nesse sentido, pessoas que n\u00e3o conseguem uma oportunidade de emprego que ofere\u00e7a sal\u00e1rios condizentes com o mercado de trabalho, e um ambiente laboral apropriado, veem uma esperan\u00e7a. A Ach\u00e9 proporciona essas condi\u00e7\u00f5es a v\u00e1rios jovens e adultos que precisam apenas de uma chance para mostrarem sua capacidade profissional.&nbsp;<\/p>\n\n\n\n<figure class=\"wp-block-image size-full is-resized\"><img loading=\"lazy\" decoding=\"async\" width=\"500\" height=\"324\" src=\"https:\/\/www.vagadeempregorj.com.br\/wp-content\/uploads\/2022\/10\/empregos-ache.jpg\" alt=\"Empregos Ach\u00e9\" class=\"wp-image-35608\" style=\"width:840px;height:auto\" srcset=\"https:\/\/www.vagadeempregorj.com.br\/wp-content\/uploads\/2022\/10\/empregos-ache.jpg 500w, https:\/\/www.vagadeempregorj.com.br\/wp-content\/uploads\/2022\/10\/empregos-ache-300x194.jpg 300w, https:\/\/www.vagadeempregorj.com.br\/wp-content\/uploads\/2022\/10\/empregos-ache-150x97.jpg 150w\" sizes=\"auto, (max-width: 500px) 100vw, 500px\" \/><figcaption class=\"wp-element-caption\">Imagem: Ach\u00e9 &#8211; Reprodu\u00e7\u00e3o<\/figcaption><\/figure>\n\n\n\n<h2 class=\"wp-block-heading\">Confira oportunidades de empregos Ach\u00e9<\/h2>\n\n\n\n<p>A empresa, que foi criada h\u00e1 mais de 50 anos, tem tradi\u00e7\u00e3o, experi\u00eancias e muitas metas atingidas. Sendo um dos principais laborat\u00f3rios farmac\u00eauticos de reconhecimento, o Ach\u00e9 ganhou diversos pr\u00eamios que evidenciam a inova\u00e7\u00e3o, a determina\u00e7\u00e3o e o comprometimento que est\u00e3o na sua ess\u00eancia.&nbsp;<\/p>\n\n\n\n<p>Tendo como premissa seguir alguns valores necess\u00e1rios para o seu desenvolvimento, a empresa acredita que seus funcion\u00e1rios devem prezar pelo o mesmo. Logo, busca-se pessoas que consideram importantes a excel\u00eancia no seu trabalho, a \u00e9tica, o empenho em querer fazer o melhor, o respeito \u00e0s diferen\u00e7as, a solidariedade com o pr\u00f3ximo e o zelo pela sustentabilidade.<\/p>\n\n\n\n<p>Pessoas que desejam fazer parte do time Ach\u00e9 precisam, tamb\u00e9m, atender \u00e0s exig\u00eancias feitas para o cargo de escolha. Por exemplo, um Propagandista Vendedor deve ter bons conhecimentos de Inform\u00e1tica e viv\u00eancia na \u00e1rea comercial para ocupar a vaga. Faz-se necess\u00e1rio verificar as atribui\u00e7\u00f5es da oportunidade desejada, como as tarefas a serem realizadas.<\/p>\n\n\n\n<p>Veja alguns cargos com vagas na equipe Ach\u00e9:<\/p>\n\n\n\n<ul class=\"wp-block-list\">\n<li>Analista cont\u00e1bil &#8211; Jr<\/li>\n\n\n\n<li>Analista de controle de qualidade &#8211; Pleno<\/li>\n\n\n\n<li>Analista de remunera\u00e7\u00e3o &#8211; s\u00eanior<\/li>\n\n\n\n<li>Analista de garantia de qualidade &#8211; Pleno<\/li>\n\n\n\n<li>Consultor virtual<\/li>\n\n\n\n<li>Banco de talentos &#8211; desenvolvimento farmacot\u00e9cnico<\/li>\n\n\n\n<li>Coordenador de opera\u00e7\u00f5es log\u00edsticas<\/li>\n\n\n\n<li>Coordenador de treinamento de vendas (demanda m\u00e9dica)<\/li>\n\n\n\n<li>Coordenador de Trade marketing<\/li>\n\n\n\n<li>Engenheiro de seguran\u00e7a do trabalho &#8211; Pleno<\/li>\n\n\n\n<li>Propagandista vendedor<\/li>\n\n\n\n<li>Estagi\u00e1rio em excel\u00eancia operacional &#8211; foco em processos<\/li>\n\n\n\n<li>Est\u00e1gio em intelig\u00eancia de mercado<\/li>\n\n\n\n<li>Gerente departamental de suprimentos diretos<\/li>\n\n\n\n<li>Gerente de produtos &#8211; s\u00eanior<\/li>\n\n\n\n<li>T\u00e9cnico em seguran\u00e7a do trabalho &#8211; Jr<\/li>\n\n\n\n<li>Vendedor<\/li>\n<\/ul>\n\n\n\n<h3 class=\"wp-block-heading\">Como se candidatar<\/h3>\n\n\n\n<p>Profissionais que queiram compor a equipe de funcion\u00e1rios do Ach\u00e9, e estejam alinhados ao que \u00e9 solicitado para o cargo, precisam acessar o link da p\u00e1gina fornecida pela empresa para fins de cadastro de curr\u00edculos. \u00e9 importante destacar que h\u00e1 vagas efetivas e tempor\u00e1rias tamb\u00e9m.<\/p>\n\n\n\n<ul class=\"wp-block-list\">\n<li><a href=\"https:\/\/www.ache.com.br\/trabalhe-no-ache\/\">Ach\u00e9 &#8211; Trabalhe conosco<\/a><\/li>\n<\/ul>\n\n\n\n<h2 class=\"wp-block-heading\">Saiba mais sobre o Ach\u00e9<\/h2>\n\n\n\n<p>O Ach\u00e9 \u00e9 um laborat\u00f3rio farmac\u00eautico de grandes objetivos que geram potentes realiza\u00e7\u00f5es. Tendo determina\u00e7\u00e3o e foco, a empresa possui diversas certifica\u00e7\u00f5es que provam, em documentos, o que \u00e9 mostrado no dia a dia: o Ach\u00e9 tem a inova\u00e7\u00e3o em seu DNA.&nbsp;<\/p>\n\n\n\n<p>Com unidades em S\u00e3o Paulo, Pernambuco, Goi\u00e1s e Paran\u00e1, o Ach\u00e9 deseja mais e certamente conquistar\u00e1. Com diversos pr\u00eamios, como o de Laborat\u00f3rio mais Inovador do Setor Farmac\u00eautico, pelo Jornal Valor Econ\u00f4mico, em parceria com a Strategy &. Al\u00e9m de outros, a empresa venceu o Pr\u00eamio Lupa de Ouro, concedido pelo Sindicato da Ind\u00fastria de Produtos Farmac\u00eauticos, o que denota toda a seriedade, responsabilidade e dedica\u00e7\u00e3o da marca.<\/p>\n\n\n\n<p>Firmando parcerias muito agregadoras com neg\u00f3cios de destaque, o Ach\u00e9 tamb\u00e9m expande seus conhecimentos por meio da atua\u00e7\u00e3o em \u00e1reas como a de biof\u00e1rmacos e fitomedicamentos. Assim, sempre pensando no futuro e como melhor\u00e1-lo, a empresa se consolida como moderna, revolucion\u00e1ria e bastante promissora.&nbsp;<\/p>","protected":false},"excerpt":{"rendered":"<p>Atualizado em Os empregos Ach\u00e9 s\u00e3o importantes meios de melhoria de vida para diversos brasileiros que est\u00e3o sem uma fonte de renda. Nesse sentido, pessoas que n\u00e3o conseguem uma oportunidade de emprego que ofere\u00e7a sal\u00e1rios condizentes com o mercado de trabalho, e um ambiente laboral apropriado, veem uma esperan\u00e7a. A Ach\u00e9 proporciona essas condi\u00e7\u00f5es a&hellip;&nbsp;<\/p>","protected":false},"author":16,"featured_media":35608,"comment_status":"open","ping_status":"closed","sticky":false,"template":"","format":"standard","meta":{"neve_meta_sidebar":"","neve_meta_container":"","neve_meta_enable_content_width":"","neve_meta_content_width":0,"neve_meta_title_alignment":"","neve_meta_author_avatar":"","neve_post_elements_order":"","neve_meta_disable_header":"","neve_meta_disable_footer":"","neve_meta_disable_title":"","footnotes":""},"categories":[123],"tags":[629,211],"class_list":["post-35602","post","type-post","status-publish","format-standard","has-post-thumbnail","hentry","category-vagas-de-emprego-nacionais","tag-ache","tag-vagas-de-emprego"],"yoast_head":"<!-- This site is optimized with the Yoast SEO plugin v27.5 - https:\/\/yoast.com\/product\/yoast-seo-wordpress\/ -->\n<title>Vendedor, T\u00e9cnico em Seguran\u00e7a do Trabalho, Est\u00e1gios, Analistas e muito mais na Empresa Ach\u00e9<\/title>\n<meta name=\"description\" content=\"Veja em Vagas de Emprego RJ as vagas de emprego com e sem experi\u00eancia no seu Estado e Regi\u00e3o!\" \/>\n<meta name=\"robots\" content=\"index, follow, max-snippet:-1, max-image-preview:large, max-video-preview:-1\" \/>\n<link rel=\"canonical\" href=\"https:\/\/www.vagadeempregorj.com.br\/es\/empregos-ache\/\" \/>\n<meta property=\"og:locale\" content=\"es_MX\" \/>\n<meta property=\"og:type\" content=\"article\" \/>\n<meta property=\"og:title\" content=\"Vendedor, T\u00e9cnico em Seguran\u00e7a do Trabalho, Est\u00e1gios, Analistas e muito mais na Empresa Ach\u00e9\" \/>\n<meta property=\"og:description\" content=\"Veja em Vagas de Emprego RJ as vagas de emprego com e sem experi\u00eancia no seu Estado e Regi\u00e3o!\" \/>\n<meta property=\"og:url\" content=\"https:\/\/www.vagadeempregorj.com.br\/es\/empregos-ache\/\" \/>\n<meta property=\"article:publisher\" content=\"https:\/\/www.facebook.com\/empregobrasiloficial\" \/>\n<meta property=\"article:published_time\" content=\"2023-10-09T03:03:00+00:00\" \/>\n<meta property=\"article:modified_time\" content=\"2024-12-12T17:48:46+00:00\" \/>\n<meta property=\"og:image\" content=\"https:\/\/www.vagadeempregorj.com.br\/wp-content\/uploads\/2022\/10\/empregos-ache.jpg\" \/>\n\t<meta property=\"og:image:width\" content=\"500\" \/>\n\t<meta property=\"og:image:height\" content=\"324\" \/>\n\t<meta property=\"og:image:type\" content=\"image\/jpeg\" \/>\n<meta name=\"author\" content=\"Michele\" \/>\n<meta name=\"twitter:card\" content=\"summary_large_image\" \/>\n<meta name=\"twitter:label1\" content=\"Written by\" \/>\n\t<meta name=\"twitter:data1\" content=\"Michele\" \/>\n\t<meta name=\"twitter:label2\" content=\"Est. reading time\" \/>\n\t<meta name=\"twitter:data2\" content=\"3 minutos\" \/>\n<script type=\"application\/ld+json\" class=\"yoast-schema-graph\">{\"@context\":\"https:\\\/\\\/schema.org\",\"@graph\":[{\"@type\":\"Article\",\"@id\":\"https:\\\/\\\/www.vagadeempregorj.com.br\\\/empregos-ache\\\/#article\",\"isPartOf\":{\"@id\":\"https:\\\/\\\/www.vagadeempregorj.com.br\\\/empregos-ache\\\/\"},\"author\":{\"name\":\"Michele\",\"@id\":\"https:\\\/\\\/www.vagadeempregorj.com.br\\\/#\\\/schema\\\/person\\\/3ddb19fa0539706786e502152f3aae95\"},\"headline\":\"Vendedor, T\u00e9cnico em Seguran\u00e7a do Trabalho, Est\u00e1gios, Analistas e muito mais na Empresa Ach\u00e9\",\"datePublished\":\"2023-10-09T03:03:00+00:00\",\"dateModified\":\"2024-12-12T17:48:46+00:00\",\"mainEntityOfPage\":{\"@id\":\"https:\\\/\\\/www.vagadeempregorj.com.br\\\/empregos-ache\\\/\"},\"wordCount\":625,\"commentCount\":0,\"image\":{\"@id\":\"https:\\\/\\\/www.vagadeempregorj.com.br\\\/empregos-ache\\\/#primaryimage\"},\"thumbnailUrl\":\"https:\\\/\\\/www.vagadeempregorj.com.br\\\/wp-content\\\/uploads\\\/2022\\\/10\\\/empregos-ache.jpg\",\"keywords\":[\"Ach\u00e9\",\"vagas de emprego\"],\"articleSection\":[\"Vagas de Emprego Nacionais\"],\"inLanguage\":\"es\",\"potentialAction\":[{\"@type\":\"CommentAction\",\"name\":\"Comment\",\"target\":[\"https:\\\/\\\/www.vagadeempregorj.com.br\\\/empregos-ache\\\/#respond\"]}]},{\"@type\":\"WebPage\",\"@id\":\"https:\\\/\\\/www.vagadeempregorj.com.br\\\/empregos-ache\\\/\",\"url\":\"https:\\\/\\\/www.vagadeempregorj.com.br\\\/empregos-ache\\\/\",\"name\":\"Vendedor, T\u00e9cnico em Seguran\u00e7a do Trabalho, Est\u00e1gios, Analistas e muito mais na Empresa Ach\u00e9\",\"isPartOf\":{\"@id\":\"https:\\\/\\\/www.vagadeempregorj.com.br\\\/#website\"},\"primaryImageOfPage\":{\"@id\":\"https:\\\/\\\/www.vagadeempregorj.com.br\\\/empregos-ache\\\/#primaryimage\"},\"image\":{\"@id\":\"https:\\\/\\\/www.vagadeempregorj.com.br\\\/empregos-ache\\\/#primaryimage\"},\"thumbnailUrl\":\"https:\\\/\\\/www.vagadeempregorj.com.br\\\/wp-content\\\/uploads\\\/2022\\\/10\\\/empregos-ache.jpg\",\"datePublished\":\"2023-10-09T03:03:00+00:00\",\"dateModified\":\"2024-12-12T17:48:46+00:00\",\"author\":{\"@id\":\"https:\\\/\\\/www.vagadeempregorj.com.br\\\/#\\\/schema\\\/person\\\/3ddb19fa0539706786e502152f3aae95\"},\"description\":\"Veja em Vagas de Emprego RJ as vagas de emprego com e sem experi\u00eancia no seu Estado e Regi\u00e3o!\",\"breadcrumb\":{\"@id\":\"https:\\\/\\\/www.vagadeempregorj.com.br\\\/empregos-ache\\\/#breadcrumb\"},\"inLanguage\":\"es\",\"potentialAction\":[{\"@type\":\"ReadAction\",\"target\":[\"https:\\\/\\\/www.vagadeempregorj.com.br\\\/empregos-ache\\\/\"]}]},{\"@type\":\"ImageObject\",\"inLanguage\":\"es\",\"@id\":\"https:\\\/\\\/www.vagadeempregorj.com.br\\\/empregos-ache\\\/#primaryimage\",\"url\":\"https:\\\/\\\/www.vagadeempregorj.com.br\\\/wp-content\\\/uploads\\\/2022\\\/10\\\/empregos-ache.jpg\",\"contentUrl\":\"https:\\\/\\\/www.vagadeempregorj.com.br\\\/wp-content\\\/uploads\\\/2022\\\/10\\\/empregos-ache.jpg\",\"width\":500,\"height\":324,\"caption\":\"Imagem: Ach\u00e9 - Reprodu\u00e7\u00e3o\"},{\"@type\":\"BreadcrumbList\",\"@id\":\"https:\\\/\\\/www.vagadeempregorj.com.br\\\/empregos-ache\\\/#breadcrumb\",\"itemListElement\":[{\"@type\":\"ListItem\",\"position\":1,\"name\":\"In\u00edcio\",\"item\":\"https:\\\/\\\/www.vagadeempregorj.com.br\\\/\"},{\"@type\":\"ListItem\",\"position\":2,\"name\":\"Vagas de Emprego Nacionais\",\"item\":\"https:\\\/\\\/www.vagadeempregorj.com.br\\\/vagas-de-emprego-nacionais\\\/\"},{\"@type\":\"ListItem\",\"position\":3,\"name\":\"Vendedor, T\u00e9cnico em Seguran\u00e7a do Trabalho, Est\u00e1gios, Analistas e muito mais na Empresa Ach\u00e9\"}]},{\"@type\":\"WebSite\",\"@id\":\"https:\\\/\\\/www.vagadeempregorj.com.br\\\/#website\",\"url\":\"https:\\\/\\\/www.vagadeempregorj.com.br\\\/\",\"name\":\"\",\"description\":\"Conquiste Sonhos: Vagas, Benef\u00edcios e Economia para Transformar Vidas e Alcan\u00e7ar Melhorias Cotidianas\",\"potentialAction\":[{\"@type\":\"SearchAction\",\"target\":{\"@type\":\"EntryPoint\",\"urlTemplate\":\"https:\\\/\\\/www.vagadeempregorj.com.br\\\/?s={search_term_string}\"},\"query-input\":{\"@type\":\"PropertyValueSpecification\",\"valueRequired\":true,\"valueName\":\"search_term_string\"}}],\"inLanguage\":\"es\"},{\"@type\":\"Person\",\"@id\":\"https:\\\/\\\/www.vagadeempregorj.com.br\\\/#\\\/schema\\\/person\\\/3ddb19fa0539706786e502152f3aae95\",\"name\":\"Michele\",\"image\":{\"@type\":\"ImageObject\",\"inLanguage\":\"es\",\"@id\":\"https:\\\/\\\/secure.gravatar.com\\\/avatar\\\/6b0eb9d22841282815e2cd856a0061c45e1761cd54b22e952d98c4746939aa85?s=96&r=g\",\"url\":\"https:\\\/\\\/secure.gravatar.com\\\/avatar\\\/6b0eb9d22841282815e2cd856a0061c45e1761cd54b22e952d98c4746939aa85?s=96&r=g\",\"contentUrl\":\"https:\\\/\\\/secure.gravatar.com\\\/avatar\\\/6b0eb9d22841282815e2cd856a0061c45e1761cd54b22e952d98c4746939aa85?s=96&r=g\",\"caption\":\"Michele\"},\"description\":\"Formada em Letras - Portugu\u00eas\\\/ Ingl\u00eas, e idealizadora do site Escritora de Sucesso, busca expandir o conhecimento de todos com informa\u00e7\u00f5es relevantes sobre diversos assuntos, enquanto redatora. No Vaga de Emprego RJ, traz oportunidades e dicas sobre o mercado de trabalho.\",\"url\":\"https:\\\/\\\/www.vagadeempregorj.com.br\\\/es\\\/author\\\/michele\\\/\"}]}<\/script>\n<!-- \/ Yoast SEO plugin. -->","yoast_head_json":{"title":"Vendedor, T\u00e9cnico em Seguran\u00e7a do Trabalho, Est\u00e1gios, Analistas e muito mais na Empresa Ach\u00e9","description":"Veja em Vagas de Emprego RJ as vagas de emprego com e sem experi\u00eancia no seu Estado e Regi\u00e3o!","robots":{"index":"index","follow":"follow","max-snippet":"max-snippet:-1","max-image-preview":"max-image-preview:large","max-video-preview":"max-video-preview:-1"},"canonical":"https:\/\/www.vagadeempregorj.com.br\/es\/empregos-ache\/","og_locale":"es_MX","og_type":"article","og_title":"Vendedor, T\u00e9cnico em Seguran\u00e7a do Trabalho, Est\u00e1gios, Analistas e muito mais na Empresa Ach\u00e9","og_description":"Veja em Vagas de Emprego RJ as vagas de emprego com e sem experi\u00eancia no seu Estado e Regi\u00e3o!","og_url":"https:\/\/www.vagadeempregorj.com.br\/es\/empregos-ache\/","article_publisher":"https:\/\/www.facebook.com\/empregobrasiloficial","article_published_time":"2023-10-09T03:03:00+00:00","article_modified_time":"2024-12-12T17:48:46+00:00","og_image":[{"width":500,"height":324,"url":"https:\/\/www.vagadeempregorj.com.br\/wp-content\/uploads\/2022\/10\/empregos-ache.jpg","type":"image\/jpeg"}],"author":"Michele","twitter_card":"summary_large_image","twitter_misc":{"Written by":"Michele","Est. reading time":"3 minutos"},"schema":{"@context":"https:\/\/schema.org","@graph":[{"@type":"Article","@id":"https:\/\/www.vagadeempregorj.com.br\/empregos-ache\/#article","isPartOf":{"@id":"https:\/\/www.vagadeempregorj.com.br\/empregos-ache\/"},"author":{"name":"Michele","@id":"https:\/\/www.vagadeempregorj.com.br\/#\/schema\/person\/3ddb19fa0539706786e502152f3aae95"},"headline":"Vendedor, T\u00e9cnico em Seguran\u00e7a do Trabalho, Est\u00e1gios, Analistas e muito mais na Empresa Ach\u00e9","datePublished":"2023-10-09T03:03:00+00:00","dateModified":"2024-12-12T17:48:46+00:00","mainEntityOfPage":{"@id":"https:\/\/www.vagadeempregorj.com.br\/empregos-ache\/"},"wordCount":625,"commentCount":0,"image":{"@id":"https:\/\/www.vagadeempregorj.com.br\/empregos-ache\/#primaryimage"},"thumbnailUrl":"https:\/\/www.vagadeempregorj.com.br\/wp-content\/uploads\/2022\/10\/empregos-ache.jpg","keywords":["Ach\u00e9","vagas de emprego"],"articleSection":["Vagas de Emprego Nacionais"],"inLanguage":"es","potentialAction":[{"@type":"CommentAction","name":"Comment","target":["https:\/\/www.vagadeempregorj.com.br\/empregos-ache\/#respond"]}]},{"@type":"WebPage","@id":"https:\/\/www.vagadeempregorj.com.br\/empregos-ache\/","url":"https:\/\/www.vagadeempregorj.com.br\/empregos-ache\/","name":"Vendedor, T\u00e9cnico em Seguran\u00e7a do Trabalho, Est\u00e1gios, Analistas e muito mais na Empresa Ach\u00e9","isPartOf":{"@id":"https:\/\/www.vagadeempregorj.com.br\/#website"},"primaryImageOfPage":{"@id":"https:\/\/www.vagadeempregorj.com.br\/empregos-ache\/#primaryimage"},"image":{"@id":"https:\/\/www.vagadeempregorj.com.br\/empregos-ache\/#primaryimage"},"thumbnailUrl":"https:\/\/www.vagadeempregorj.com.br\/wp-content\/uploads\/2022\/10\/empregos-ache.jpg","datePublished":"2023-10-09T03:03:00+00:00","dateModified":"2024-12-12T17:48:46+00:00","author":{"@id":"https:\/\/www.vagadeempregorj.com.br\/#\/schema\/person\/3ddb19fa0539706786e502152f3aae95"},"description":"Veja em Vagas de Emprego RJ as vagas de emprego com e sem experi\u00eancia no seu Estado e Regi\u00e3o!","breadcrumb":{"@id":"https:\/\/www.vagadeempregorj.com.br\/empregos-ache\/#breadcrumb"},"inLanguage":"es","potentialAction":[{"@type":"ReadAction","target":["https:\/\/www.vagadeempregorj.com.br\/empregos-ache\/"]}]},{"@type":"ImageObject","inLanguage":"es","@id":"https:\/\/www.vagadeempregorj.com.br\/empregos-ache\/#primaryimage","url":"https:\/\/www.vagadeempregorj.com.br\/wp-content\/uploads\/2022\/10\/empregos-ache.jpg","contentUrl":"https:\/\/www.vagadeempregorj.com.br\/wp-content\/uploads\/2022\/10\/empregos-ache.jpg","width":500,"height":324,"caption":"Imagem: Ach\u00e9 - Reprodu\u00e7\u00e3o"},{"@type":"BreadcrumbList","@id":"https:\/\/www.vagadeempregorj.com.br\/empregos-ache\/#breadcrumb","itemListElement":[{"@type":"ListItem","position":1,"name":"In\u00edcio","item":"https:\/\/www.vagadeempregorj.com.br\/"},{"@type":"ListItem","position":2,"name":"Vagas de Emprego Nacionais","item":"https:\/\/www.vagadeempregorj.com.br\/vagas-de-emprego-nacionais\/"},{"@type":"ListItem","position":3,"name":"Vendedor, T\u00e9cnico em Seguran\u00e7a do Trabalho, Est\u00e1gios, Analistas e muito mais na Empresa Ach\u00e9"}]},{"@type":"WebSite","@id":"https:\/\/www.vagadeempregorj.com.br\/#website","url":"https:\/\/www.vagadeempregorj.com.br\/","name":"","description":"Conquiste Sonhos: Vagas, Benef\u00edcios e Economia para Transformar Vidas e Alcan\u00e7ar Melhorias Cotidianas","potentialAction":[{"@type":"SearchAction","target":{"@type":"EntryPoint","urlTemplate":"https:\/\/www.vagadeempregorj.com.br\/?s={search_term_string}"},"query-input":{"@type":"PropertyValueSpecification","valueRequired":true,"valueName":"search_term_string"}}],"inLanguage":"es"},{"@type":"Person","@id":"https:\/\/www.vagadeempregorj.com.br\/#\/schema\/person\/3ddb19fa0539706786e502152f3aae95","name":"Michele","image":{"@type":"ImageObject","inLanguage":"es","@id":"https:\/\/secure.gravatar.com\/avatar\/6b0eb9d22841282815e2cd856a0061c45e1761cd54b22e952d98c4746939aa85?s=96&r=g","url":"https:\/\/secure.gravatar.com\/avatar\/6b0eb9d22841282815e2cd856a0061c45e1761cd54b22e952d98c4746939aa85?s=96&r=g","contentUrl":"https:\/\/secure.gravatar.com\/avatar\/6b0eb9d22841282815e2cd856a0061c45e1761cd54b22e952d98c4746939aa85?s=96&r=g","caption":"Michele"},"description":"Formada em Letras - Portugu\u00eas\/ Ingl\u00eas, e idealizadora do site Escritora de Sucesso, busca expandir o conhecimento de todos com informa\u00e7\u00f5es relevantes sobre diversos assuntos, enquanto redatora. No Vaga de Emprego RJ, traz oportunidades e dicas sobre o mercado de trabalho.","url":"https:\/\/www.vagadeempregorj.com.br\/es\/author\/michele\/"}]}},"_links":{"self":[{"href":"https:\/\/www.vagadeempregorj.com.br\/es\/wp-json\/wp\/v2\/posts\/35602","targetHints":{"allow":["GET"]}}],"collection":[{"href":"https:\/\/www.vagadeempregorj.com.br\/es\/wp-json\/wp\/v2\/posts"}],"about":[{"href":"https:\/\/www.vagadeempregorj.com.br\/es\/wp-json\/wp\/v2\/types\/post"}],"author":[{"embeddable":true,"href":"https:\/\/www.vagadeempregorj.com.br\/es\/wp-json\/wp\/v2\/users\/16"}],"replies":[{"embeddable":true,"href":"https:\/\/www.vagadeempregorj.com.br\/es\/wp-json\/wp\/v2\/comments?post=35602"}],"version-history":[{"count":0,"href":"https:\/\/www.vagadeempregorj.com.br\/es\/wp-json\/wp\/v2\/posts\/35602\/revisions"}],"wp:featuredmedia":[{"embeddable":true,"href":"https:\/\/www.vagadeempregorj.com.br\/es\/wp-json\/wp\/v2\/media\/35608"}],"wp:attachment":[{"href":"https:\/\/www.vagadeempregorj.com.br\/es\/wp-json\/wp\/v2\/media?parent=35602"}],"wp:term":[{"taxonomy":"category","embeddable":true,"href":"https:\/\/www.vagadeempregorj.com.br\/es\/wp-json\/wp\/v2\/categories?post=35602"},{"taxonomy":"post_tag","embeddable":true,"href":"https:\/\/www.vagadeempregorj.com.br\/es\/wp-json\/wp\/v2\/tags?post=35602"}],"curies":[{"name":"wp","href":"https:\/\/api.w.org\/{rel}","templated":true}]}}