{"id":35604,"date":"2023-10-06T00:02:00","date_gmt":"2023-10-06T03:02:00","guid":{"rendered":"https:\/\/www.vagadeempregorj.com.br\/?p=35604"},"modified":"2023-10-06T12:15:01","modified_gmt":"2023-10-06T15:15:01","slug":"empregos-suzano","status":"publish","type":"post","link":"https:\/\/www.vagadeempregorj.com.br\/es\/empregos-suzano\/","title":{"rendered":"Ajudante Geral, Assistente Administrativo, Mec\u00e2nico de Manuten\u00e7\u00e3o, Auxiliar de Manuten\u00e7\u00e3o e muito mais na Empresa Suzano"},"content":{"rendered":"<p>Atualizado em<\/p>\n\n\n<div class=\"wp-block-post-date\"><time datetime=\"2023-10-06T00:02:00-03:00\">06\/10\/2023<\/time><\/div>\n\n\n<p>Os<strong> empregos Suzano <\/strong>s\u00e3o, para muitas pessoas, a porta de entrada no mercado de trabalho. Seja pela primeira vez ou depois de um per\u00edodo, diversos brasileiros conseguem uma oportunidade de emprego atrav\u00e9s das vagas disponibilizadas pela Suzano, uma empresa comprometida com o meio ambiente, e que para isso conta com colaboradores empenhados e respons\u00e1veis. Dessa forma, promove-se o desenvolvimento econ\u00f4mico e o sustent\u00e1vel juntos.&nbsp;<\/p>\n\n\n\n<figure class=\"wp-block-image size-full\"><img loading=\"lazy\" decoding=\"async\" width=\"552\" height=\"368\" src=\"https:\/\/www.vagadeempregorj.com.br\/wp-content\/uploads\/2022\/10\/empregos-suzano.jpg\" alt=\"empregos suzano\" class=\"wp-image-35609\" srcset=\"https:\/\/www.vagadeempregorj.com.br\/wp-content\/uploads\/2022\/10\/empregos-suzano.jpg 552w, https:\/\/www.vagadeempregorj.com.br\/wp-content\/uploads\/2022\/10\/empregos-suzano-300x200.jpg 300w, https:\/\/www.vagadeempregorj.com.br\/wp-content\/uploads\/2022\/10\/empregos-suzano-150x100.jpg 150w\" sizes=\"auto, (max-width: 552px) 100vw, 552px\" \/><figcaption class=\"wp-element-caption\">Imagem: Suzano &#8211; Reprodu\u00e7\u00e3o<\/figcaption><\/figure>\n\n\n\n<h2 class=\"wp-block-heading\">Conhe\u00e7a oportunidades de empregos Suzano<\/h2>\n\n\n\n<p>A <strong>Suzano<\/strong> est\u00e1 presente em muitos momentos da vida dos brasileiros. Isso porque, sendo a maior empresa global em produ\u00e7\u00e3o de celulose de eucalipto, se inclui na fabrica\u00e7\u00e3o da fralda do beb\u00ea, de documentos necess\u00e1rios, livros marcantes e muitos outros artigos.&nbsp;<\/p>\n\n\n\n<p>H\u00e1 mais de 90 anos atuando nesse segmento, a empresa tem experi\u00eancia e muitos objetivos alcan\u00e7ados. Com os prop\u00f3sitos de contribuir para um futuro sustent\u00e1vel, inovabilidade (inova\u00e7\u00e3o aliada \u00e0 sustentabilidade) e renova\u00e7\u00e3o com criatividade, a Suzano precisa de colaboradores engajados no que a marca acredita e dispostos a fazer o melhor.<\/p>\n\n\n\n<p>\u00c9 importante que as pessoas interessadas em compor a equipe da empresa, estejam alinhadas, profissionalmente, com o que \u00e9 pedido para o cargo de escolha. Dessa maneira, um Supervisor de Log\u00edstica II, precisa ter boa experi\u00eancia com gest\u00e3o de times operacionais e administrativos, assim como Dom\u00ednio Pacote office e Power BI.<\/p>\n\n\n\n<p>A Suzano concede benef\u00edcios aos seus funcion\u00e1rios. Seu oferecimento pode depender do cargo escolhido pelo candidato. Alguns possivelmente disponibilizados:<\/p>\n\n\n\n<ul class=\"wp-block-list\">\n<li>Plano m\u00e9dico e odontol\u00f3gico<\/li>\n\n\n\n<li>Seguro de vida<\/li>\n\n\n\n<li>Programa de remunera\u00e7\u00e3o vari\u00e1vel, sendo anual<\/li>\n\n\n\n<li>Previd\u00eancia privada<\/li>\n\n\n\n<li>Clube de benef\u00edcios<\/li>\n\n\n\n<li>Cursos e treinamentos pela plataforma Universuzano<\/li>\n\n\n\n<li>Home office<\/li>\n\n\n\n<li>Dress code (c\u00f3digo de roupa) casual<\/li>\n\n\n\n<li>Extens\u00e3o de licen\u00e7a paternidade (20 dias) e maternidade (180 dias)<\/li>\n\n\n\n<li>Pr\u00eamio em dinheiro para filhos de funcion\u00e1rios com boas notas (ver regras)<\/li>\n\n\n\n<li>Atendimento nutricional<\/li>\n\n\n\n<li>Gympass<\/li>\n\n\n\n<li>Assessoria Disque Viver Bem, com atendimento psicol\u00f3gico, pet consultoria, orienta\u00e7\u00e3o jur\u00eddica, educador f\u00edsico e assistente social.<\/li>\n<\/ul>\n\n\n\n<p>Conhe\u00e7a algumas vagas que podem ser ofertadas:<\/p>\n\n\n\n<ul class=\"wp-block-list\">\n<li>Assistente administrativo<\/li>\n\n\n\n<li>Gerente de transporte e projetos<\/li>\n\n\n\n<li>Caldeireiro I<\/li>\n\n\n\n<li>Consultor de manuten\u00e7\u00e3o II<\/li>\n\n\n\n<li>Mec\u00e2nico de manuten\u00e7\u00e3o II<\/li>\n\n\n\n<li>Coordenador facilities&nbsp;<\/li>\n\n\n\n<li>Coordenador de tecnologia da informa\u00e7\u00e3o<\/li>\n\n\n\n<li>Gerente de manuten\u00e7\u00e3o&nbsp;<\/li>\n\n\n\n<li>Auxiliar de laborat\u00f3rio<\/li>\n\n\n\n<li>Auxiliar de manuten\u00e7\u00e3o<\/li>\n\n\n\n<li>Montador de andaime<\/li>\n\n\n\n<li>Encarregado de manuten\u00e7\u00e3o<\/li>\n\n\n\n<li>Analista de excel\u00eancia de opera\u00e7\u00e3o industrial &#8211; s\u00eanior<\/li>\n\n\n\n<li>Analista de recursos humanos &#8211; parceiro de neg\u00f3cios<\/li>\n\n\n\n<li>Assistente executiva<\/li>\n\n\n\n<li>Consultor de recursos humanos II<\/li>\n\n\n\n<li>Analista de ativos florestais &#8211; Pleno<\/li>\n\n\n\n<li>Consultor t\u00e9cnico de produ\u00e7\u00e3o<\/li>\n\n\n\n<li>Coordenador de opera\u00e7\u00f5es comerciais&nbsp;<\/li>\n\n\n\n<li>Auditor &#8211; Pleno<\/li>\n\n\n\n<li>Retificador corrente<\/li>\n\n\n\n<li>Banco de talentos &#8211; operador de m\u00e1quinas florestais<\/li>\n<\/ul>\n\n\n\n<h3 class=\"wp-block-heading\">Como se candidatar<\/h3>\n\n\n\n<p>Faz-se fundamental que as pessoas interessadas em uma oportunidade de compor o time Suzano, al\u00e9m de ter todos os atributos requisitados para o cargo, acessem a p\u00e1gina disponibilizada pela empresa. \u00c9 importante ressaltar que h\u00e1 vagas para pessoas com defici\u00eancia, e tamb\u00e9m estagi\u00e1rios.<\/p>\n\n\n\n<ul class=\"wp-block-list\">\n<li><a href=\"https:\/\/www.suzano.com.br\/trabalhe-conosco\/\">Suzano &#8211; Trabalhe Conosco<\/a>.<\/li>\n<\/ul>\n\n\n\n<p><strong>Veja tamb\u00e9m: <a href=\"https:\/\/www.vagadeempregorj.com.br\/es\/empregos-alpargatas\/\">Analista de log\u00edstica \u2013 s\u00eanior\u00a0, Analista de marketing \u2013 s\u00eanior entre outros na Alpargatas<\/a><\/strong><\/p>\n\n\n\n<h2 class=\"wp-block-heading\">Saiba mais sobre a Suzano<\/h2>\n\n\n\n<p>Com o anseio de transformar a realidade para que se tenha um futuro melhor para viver, a Suzano tem a sustentabilidade como seu principal guia em todos os seus projetos.&nbsp;<\/p>\n\n\n\n<p>O cuidado com o meio ambiente reflete em todas as a\u00e7\u00f5es da empresa, como a cria\u00e7\u00e3o da Eucafluff. Trata-se de uma solu\u00e7\u00e3o inovadora que, al\u00e9m de toda a proposta ambiental, tamb\u00e9m traz mais conforto ao consumidor pelo seu alto poder de absor\u00e7\u00e3o e sua estrutura fina.<\/p>\n\n\n\n<p>A Suzano fez e quer fazer muito mais pelas pessoas e pelo planeta, e com certeza conseguir\u00e1.&nbsp;<\/p>","protected":false},"excerpt":{"rendered":"<p>Atualizado em Os empregos Suzano s\u00e3o, para muitas pessoas, a porta de entrada no mercado de trabalho. Seja pela primeira vez ou depois de um per\u00edodo, diversos brasileiros conseguem uma oportunidade de emprego atrav\u00e9s das vagas disponibilizadas pela Suzano, uma empresa comprometida com o meio ambiente, e que para isso conta com colaboradores empenhados e&hellip;&nbsp;<\/p>","protected":false},"author":16,"featured_media":35609,"comment_status":"open","ping_status":"closed","sticky":false,"template":"","format":"standard","meta":{"neve_meta_sidebar":"","neve_meta_container":"","neve_meta_enable_content_width":"","neve_meta_content_width":0,"neve_meta_title_alignment":"","neve_meta_author_avatar":"","neve_post_elements_order":"","neve_meta_disable_header":"","neve_meta_disable_footer":"","neve_meta_disable_title":"","footnotes":""},"categories":[123],"tags":[608,630,211],"class_list":["post-35604","post","type-post","status-publish","format-standard","has-post-thumbnail","hentry","category-vagas-de-emprego-nacionais","tag-oportunidades","tag-suzano","tag-vagas-de-emprego"],"yoast_head":"<!-- This site is optimized with the Yoast SEO plugin v27.5 - https:\/\/yoast.com\/product\/yoast-seo-wordpress\/ -->\n<title>Ajudante Geral, Assistente Administrativo, Mec\u00e2nico de Manuten\u00e7\u00e3o, Auxiliar de Manuten\u00e7\u00e3o e muito mais na Empresa Suzano<\/title>\n<meta name=\"description\" content=\"Veja em Vagas de Emprego RJ as vagas de emprego com e sem experi\u00eancia no seu Estado e Regi\u00e3o!\" \/>\n<meta name=\"robots\" content=\"index, follow, max-snippet:-1, max-image-preview:large, max-video-preview:-1\" \/>\n<link rel=\"canonical\" href=\"https:\/\/www.vagadeempregorj.com.br\/es\/empregos-suzano\/\" \/>\n<meta property=\"og:locale\" content=\"es_MX\" \/>\n<meta property=\"og:type\" content=\"article\" \/>\n<meta property=\"og:title\" content=\"Ajudante Geral, Assistente Administrativo, Mec\u00e2nico de Manuten\u00e7\u00e3o, Auxiliar de Manuten\u00e7\u00e3o e muito mais na Empresa Suzano\" \/>\n<meta property=\"og:description\" content=\"Veja em Vagas de Emprego RJ as vagas de emprego com e sem experi\u00eancia no seu Estado e Regi\u00e3o!\" \/>\n<meta property=\"og:url\" content=\"https:\/\/www.vagadeempregorj.com.br\/es\/empregos-suzano\/\" \/>\n<meta property=\"article:publisher\" content=\"https:\/\/www.facebook.com\/empregobrasiloficial\" \/>\n<meta property=\"article:published_time\" content=\"2023-10-06T03:02:00+00:00\" \/>\n<meta property=\"article:modified_time\" content=\"2023-10-06T15:15:01+00:00\" \/>\n<meta property=\"og:image\" content=\"https:\/\/www.vagadeempregorj.com.br\/wp-content\/uploads\/2022\/10\/empregos-suzano.jpg\" \/>\n\t<meta property=\"og:image:width\" content=\"552\" \/>\n\t<meta property=\"og:image:height\" content=\"368\" \/>\n\t<meta property=\"og:image:type\" content=\"image\/jpeg\" \/>\n<meta name=\"author\" content=\"Michele\" \/>\n<meta name=\"twitter:card\" content=\"summary_large_image\" \/>\n<meta name=\"twitter:label1\" content=\"Escrito por\" \/>\n\t<meta name=\"twitter:data1\" content=\"Michele\" \/>\n\t<meta name=\"twitter:label2\" content=\"Tiempo de lectura\" \/>\n\t<meta name=\"twitter:data2\" content=\"3 minutos\" \/>\n<script type=\"application\/ld+json\" class=\"yoast-schema-graph\">{\"@context\":\"https:\\\/\\\/schema.org\",\"@graph\":[{\"@type\":\"Article\",\"@id\":\"https:\\\/\\\/www.vagadeempregorj.com.br\\\/empregos-suzano\\\/#article\",\"isPartOf\":{\"@id\":\"https:\\\/\\\/www.vagadeempregorj.com.br\\\/empregos-suzano\\\/\"},\"author\":{\"name\":\"Michele\",\"@id\":\"https:\\\/\\\/www.vagadeempregorj.com.br\\\/#\\\/schema\\\/person\\\/3ddb19fa0539706786e502152f3aae95\"},\"headline\":\"Ajudante Geral, Assistente Administrativo, Mec\u00e2nico de Manuten\u00e7\u00e3o, Auxiliar de Manuten\u00e7\u00e3o e muito mais na Empresa Suzano\",\"datePublished\":\"2023-10-06T03:02:00+00:00\",\"dateModified\":\"2023-10-06T15:15:01+00:00\",\"mainEntityOfPage\":{\"@id\":\"https:\\\/\\\/www.vagadeempregorj.com.br\\\/empregos-suzano\\\/\"},\"wordCount\":657,\"commentCount\":0,\"image\":{\"@id\":\"https:\\\/\\\/www.vagadeempregorj.com.br\\\/empregos-suzano\\\/#primaryimage\"},\"thumbnailUrl\":\"https:\\\/\\\/www.vagadeempregorj.com.br\\\/wp-content\\\/uploads\\\/2022\\\/10\\\/empregos-suzano.jpg\",\"keywords\":[\"oportunidades\",\"Suzano\",\"vagas de emprego\"],\"articleSection\":[\"Vagas de Emprego Nacionais\"],\"inLanguage\":\"es\",\"potentialAction\":[{\"@type\":\"CommentAction\",\"name\":\"Comment\",\"target\":[\"https:\\\/\\\/www.vagadeempregorj.com.br\\\/empregos-suzano\\\/#respond\"]}]},{\"@type\":\"WebPage\",\"@id\":\"https:\\\/\\\/www.vagadeempregorj.com.br\\\/empregos-suzano\\\/\",\"url\":\"https:\\\/\\\/www.vagadeempregorj.com.br\\\/empregos-suzano\\\/\",\"name\":\"Ajudante Geral, Assistente Administrativo, Mec\u00e2nico de Manuten\u00e7\u00e3o, Auxiliar de Manuten\u00e7\u00e3o e muito mais na Empresa Suzano\",\"isPartOf\":{\"@id\":\"https:\\\/\\\/www.vagadeempregorj.com.br\\\/#website\"},\"primaryImageOfPage\":{\"@id\":\"https:\\\/\\\/www.vagadeempregorj.com.br\\\/empregos-suzano\\\/#primaryimage\"},\"image\":{\"@id\":\"https:\\\/\\\/www.vagadeempregorj.com.br\\\/empregos-suzano\\\/#primaryimage\"},\"thumbnailUrl\":\"https:\\\/\\\/www.vagadeempregorj.com.br\\\/wp-content\\\/uploads\\\/2022\\\/10\\\/empregos-suzano.jpg\",\"datePublished\":\"2023-10-06T03:02:00+00:00\",\"dateModified\":\"2023-10-06T15:15:01+00:00\",\"author\":{\"@id\":\"https:\\\/\\\/www.vagadeempregorj.com.br\\\/#\\\/schema\\\/person\\\/3ddb19fa0539706786e502152f3aae95\"},\"description\":\"Veja em Vagas de Emprego RJ as vagas de emprego com e sem experi\u00eancia no seu Estado e Regi\u00e3o!\",\"breadcrumb\":{\"@id\":\"https:\\\/\\\/www.vagadeempregorj.com.br\\\/empregos-suzano\\\/#breadcrumb\"},\"inLanguage\":\"es\",\"potentialAction\":[{\"@type\":\"ReadAction\",\"target\":[\"https:\\\/\\\/www.vagadeempregorj.com.br\\\/empregos-suzano\\\/\"]}]},{\"@type\":\"ImageObject\",\"inLanguage\":\"es\",\"@id\":\"https:\\\/\\\/www.vagadeempregorj.com.br\\\/empregos-suzano\\\/#primaryimage\",\"url\":\"https:\\\/\\\/www.vagadeempregorj.com.br\\\/wp-content\\\/uploads\\\/2022\\\/10\\\/empregos-suzano.jpg\",\"contentUrl\":\"https:\\\/\\\/www.vagadeempregorj.com.br\\\/wp-content\\\/uploads\\\/2022\\\/10\\\/empregos-suzano.jpg\",\"width\":552,\"height\":368,\"caption\":\"Imagem: Suzano - Reprodu\u00e7\u00e3o\"},{\"@type\":\"BreadcrumbList\",\"@id\":\"https:\\\/\\\/www.vagadeempregorj.com.br\\\/empregos-suzano\\\/#breadcrumb\",\"itemListElement\":[{\"@type\":\"ListItem\",\"position\":1,\"name\":\"In\u00edcio\",\"item\":\"https:\\\/\\\/www.vagadeempregorj.com.br\\\/\"},{\"@type\":\"ListItem\",\"position\":2,\"name\":\"Vagas de Emprego Nacionais\",\"item\":\"https:\\\/\\\/www.vagadeempregorj.com.br\\\/vagas-de-emprego-nacionais\\\/\"},{\"@type\":\"ListItem\",\"position\":3,\"name\":\"Ajudante Geral, Assistente Administrativo, Mec\u00e2nico de Manuten\u00e7\u00e3o, Auxiliar de Manuten\u00e7\u00e3o e muito mais na Empresa Suzano\"}]},{\"@type\":\"WebSite\",\"@id\":\"https:\\\/\\\/www.vagadeempregorj.com.br\\\/#website\",\"url\":\"https:\\\/\\\/www.vagadeempregorj.com.br\\\/\",\"name\":\"\",\"description\":\"Conquiste Sonhos: Vagas, Benef\u00edcios e Economia para Transformar Vidas e Alcan\u00e7ar Melhorias Cotidianas\",\"potentialAction\":[{\"@type\":\"SearchAction\",\"target\":{\"@type\":\"EntryPoint\",\"urlTemplate\":\"https:\\\/\\\/www.vagadeempregorj.com.br\\\/?s={search_term_string}\"},\"query-input\":{\"@type\":\"PropertyValueSpecification\",\"valueRequired\":true,\"valueName\":\"search_term_string\"}}],\"inLanguage\":\"es\"},{\"@type\":\"Person\",\"@id\":\"https:\\\/\\\/www.vagadeempregorj.com.br\\\/#\\\/schema\\\/person\\\/3ddb19fa0539706786e502152f3aae95\",\"name\":\"Michele\",\"image\":{\"@type\":\"ImageObject\",\"inLanguage\":\"es\",\"@id\":\"https:\\\/\\\/secure.gravatar.com\\\/avatar\\\/6b0eb9d22841282815e2cd856a0061c45e1761cd54b22e952d98c4746939aa85?s=96&r=g\",\"url\":\"https:\\\/\\\/secure.gravatar.com\\\/avatar\\\/6b0eb9d22841282815e2cd856a0061c45e1761cd54b22e952d98c4746939aa85?s=96&r=g\",\"contentUrl\":\"https:\\\/\\\/secure.gravatar.com\\\/avatar\\\/6b0eb9d22841282815e2cd856a0061c45e1761cd54b22e952d98c4746939aa85?s=96&r=g\",\"caption\":\"Michele\"},\"description\":\"Formada em Letras - Portugu\u00eas\\\/ Ingl\u00eas, e idealizadora do site Escritora de Sucesso, busca expandir o conhecimento de todos com informa\u00e7\u00f5es relevantes sobre diversos assuntos, enquanto redatora. No Vaga de Emprego RJ, traz oportunidades e dicas sobre o mercado de trabalho.\",\"url\":\"https:\\\/\\\/www.vagadeempregorj.com.br\\\/es\\\/author\\\/michele\\\/\"}]}<\/script>\n<!-- \/ Yoast SEO plugin. -->","yoast_head_json":{"title":"Ajudante Geral, Assistente Administrativo, Mec\u00e2nico de Manuten\u00e7\u00e3o, Auxiliar de Manuten\u00e7\u00e3o e muito mais na Empresa Suzano","description":"Veja em Vagas de Emprego RJ as vagas de emprego com e sem experi\u00eancia no seu Estado e Regi\u00e3o!","robots":{"index":"index","follow":"follow","max-snippet":"max-snippet:-1","max-image-preview":"max-image-preview:large","max-video-preview":"max-video-preview:-1"},"canonical":"https:\/\/www.vagadeempregorj.com.br\/es\/empregos-suzano\/","og_locale":"es_MX","og_type":"article","og_title":"Ajudante Geral, Assistente Administrativo, Mec\u00e2nico de Manuten\u00e7\u00e3o, Auxiliar de Manuten\u00e7\u00e3o e muito mais na Empresa Suzano","og_description":"Veja em Vagas de Emprego RJ as vagas de emprego com e sem experi\u00eancia no seu Estado e Regi\u00e3o!","og_url":"https:\/\/www.vagadeempregorj.com.br\/es\/empregos-suzano\/","article_publisher":"https:\/\/www.facebook.com\/empregobrasiloficial","article_published_time":"2023-10-06T03:02:00+00:00","article_modified_time":"2023-10-06T15:15:01+00:00","og_image":[{"width":552,"height":368,"url":"https:\/\/www.vagadeempregorj.com.br\/wp-content\/uploads\/2022\/10\/empregos-suzano.jpg","type":"image\/jpeg"}],"author":"Michele","twitter_card":"summary_large_image","twitter_misc":{"Escrito por":"Michele","Tiempo de lectura":"3 minutos"},"schema":{"@context":"https:\/\/schema.org","@graph":[{"@type":"Article","@id":"https:\/\/www.vagadeempregorj.com.br\/empregos-suzano\/#article","isPartOf":{"@id":"https:\/\/www.vagadeempregorj.com.br\/empregos-suzano\/"},"author":{"name":"Michele","@id":"https:\/\/www.vagadeempregorj.com.br\/#\/schema\/person\/3ddb19fa0539706786e502152f3aae95"},"headline":"Ajudante Geral, Assistente Administrativo, Mec\u00e2nico de Manuten\u00e7\u00e3o, Auxiliar de Manuten\u00e7\u00e3o e muito mais na Empresa Suzano","datePublished":"2023-10-06T03:02:00+00:00","dateModified":"2023-10-06T15:15:01+00:00","mainEntityOfPage":{"@id":"https:\/\/www.vagadeempregorj.com.br\/empregos-suzano\/"},"wordCount":657,"commentCount":0,"image":{"@id":"https:\/\/www.vagadeempregorj.com.br\/empregos-suzano\/#primaryimage"},"thumbnailUrl":"https:\/\/www.vagadeempregorj.com.br\/wp-content\/uploads\/2022\/10\/empregos-suzano.jpg","keywords":["oportunidades","Suzano","vagas de emprego"],"articleSection":["Vagas de Emprego Nacionais"],"inLanguage":"es","potentialAction":[{"@type":"CommentAction","name":"Comment","target":["https:\/\/www.vagadeempregorj.com.br\/empregos-suzano\/#respond"]}]},{"@type":"WebPage","@id":"https:\/\/www.vagadeempregorj.com.br\/empregos-suzano\/","url":"https:\/\/www.vagadeempregorj.com.br\/empregos-suzano\/","name":"Ajudante Geral, Assistente Administrativo, Mec\u00e2nico de Manuten\u00e7\u00e3o, Auxiliar de Manuten\u00e7\u00e3o e muito mais na Empresa Suzano","isPartOf":{"@id":"https:\/\/www.vagadeempregorj.com.br\/#website"},"primaryImageOfPage":{"@id":"https:\/\/www.vagadeempregorj.com.br\/empregos-suzano\/#primaryimage"},"image":{"@id":"https:\/\/www.vagadeempregorj.com.br\/empregos-suzano\/#primaryimage"},"thumbnailUrl":"https:\/\/www.vagadeempregorj.com.br\/wp-content\/uploads\/2022\/10\/empregos-suzano.jpg","datePublished":"2023-10-06T03:02:00+00:00","dateModified":"2023-10-06T15:15:01+00:00","author":{"@id":"https:\/\/www.vagadeempregorj.com.br\/#\/schema\/person\/3ddb19fa0539706786e502152f3aae95"},"description":"Veja em Vagas de Emprego RJ as vagas de emprego com e sem experi\u00eancia no seu Estado e Regi\u00e3o!","breadcrumb":{"@id":"https:\/\/www.vagadeempregorj.com.br\/empregos-suzano\/#breadcrumb"},"inLanguage":"es","potentialAction":[{"@type":"ReadAction","target":["https:\/\/www.vagadeempregorj.com.br\/empregos-suzano\/"]}]},{"@type":"ImageObject","inLanguage":"es","@id":"https:\/\/www.vagadeempregorj.com.br\/empregos-suzano\/#primaryimage","url":"https:\/\/www.vagadeempregorj.com.br\/wp-content\/uploads\/2022\/10\/empregos-suzano.jpg","contentUrl":"https:\/\/www.vagadeempregorj.com.br\/wp-content\/uploads\/2022\/10\/empregos-suzano.jpg","width":552,"height":368,"caption":"Imagem: Suzano - Reprodu\u00e7\u00e3o"},{"@type":"BreadcrumbList","@id":"https:\/\/www.vagadeempregorj.com.br\/empregos-suzano\/#breadcrumb","itemListElement":[{"@type":"ListItem","position":1,"name":"In\u00edcio","item":"https:\/\/www.vagadeempregorj.com.br\/"},{"@type":"ListItem","position":2,"name":"Vagas de Emprego Nacionais","item":"https:\/\/www.vagadeempregorj.com.br\/vagas-de-emprego-nacionais\/"},{"@type":"ListItem","position":3,"name":"Ajudante Geral, Assistente Administrativo, Mec\u00e2nico de Manuten\u00e7\u00e3o, Auxiliar de Manuten\u00e7\u00e3o e muito mais na Empresa Suzano"}]},{"@type":"WebSite","@id":"https:\/\/www.vagadeempregorj.com.br\/#website","url":"https:\/\/www.vagadeempregorj.com.br\/","name":"","description":"Haz realidad tus sue\u00f1os: Ofertas de empleo, beneficios y ahorros para transformar vidas y lograr mejoras cotidianas.","potentialAction":[{"@type":"SearchAction","target":{"@type":"EntryPoint","urlTemplate":"https:\/\/www.vagadeempregorj.com.br\/?s={search_term_string}"},"query-input":{"@type":"PropertyValueSpecification","valueRequired":true,"valueName":"search_term_string"}}],"inLanguage":"es"},{"@type":"Person","@id":"https:\/\/www.vagadeempregorj.com.br\/#\/schema\/person\/3ddb19fa0539706786e502152f3aae95","name":"Michele","image":{"@type":"ImageObject","inLanguage":"es","@id":"https:\/\/secure.gravatar.com\/avatar\/6b0eb9d22841282815e2cd856a0061c45e1761cd54b22e952d98c4746939aa85?s=96&r=g","url":"https:\/\/secure.gravatar.com\/avatar\/6b0eb9d22841282815e2cd856a0061c45e1761cd54b22e952d98c4746939aa85?s=96&r=g","contentUrl":"https:\/\/secure.gravatar.com\/avatar\/6b0eb9d22841282815e2cd856a0061c45e1761cd54b22e952d98c4746939aa85?s=96&r=g","caption":"Michele"},"description":"Formada em Letras - Portugu\u00eas\/ Ingl\u00eas, e idealizadora do site Escritora de Sucesso, busca expandir o conhecimento de todos com informa\u00e7\u00f5es relevantes sobre diversos assuntos, enquanto redatora. No Vaga de Emprego RJ, traz oportunidades e dicas sobre o mercado de trabalho.","url":"https:\/\/www.vagadeempregorj.com.br\/es\/author\/michele\/"}]}},"_links":{"self":[{"href":"https:\/\/www.vagadeempregorj.com.br\/es\/wp-json\/wp\/v2\/posts\/35604","targetHints":{"allow":["GET"]}}],"collection":[{"href":"https:\/\/www.vagadeempregorj.com.br\/es\/wp-json\/wp\/v2\/posts"}],"about":[{"href":"https:\/\/www.vagadeempregorj.com.br\/es\/wp-json\/wp\/v2\/types\/post"}],"author":[{"embeddable":true,"href":"https:\/\/www.vagadeempregorj.com.br\/es\/wp-json\/wp\/v2\/users\/16"}],"replies":[{"embeddable":true,"href":"https:\/\/www.vagadeempregorj.com.br\/es\/wp-json\/wp\/v2\/comments?post=35604"}],"version-history":[{"count":0,"href":"https:\/\/www.vagadeempregorj.com.br\/es\/wp-json\/wp\/v2\/posts\/35604\/revisions"}],"wp:featuredmedia":[{"embeddable":true,"href":"https:\/\/www.vagadeempregorj.com.br\/es\/wp-json\/wp\/v2\/media\/35609"}],"wp:attachment":[{"href":"https:\/\/www.vagadeempregorj.com.br\/es\/wp-json\/wp\/v2\/media?parent=35604"}],"wp:term":[{"taxonomy":"category","embeddable":true,"href":"https:\/\/www.vagadeempregorj.com.br\/es\/wp-json\/wp\/v2\/categories?post=35604"},{"taxonomy":"post_tag","embeddable":true,"href":"https:\/\/www.vagadeempregorj.com.br\/es\/wp-json\/wp\/v2\/tags?post=35604"}],"curies":[{"name":"wp","href":"https:\/\/api.w.org\/{rel}","templated":true}]}}