{"id":35659,"date":"2023-10-11T00:03:00","date_gmt":"2023-10-11T03:03:00","guid":{"rendered":"https:\/\/www.vagadeempregorj.com.br\/?p=35659"},"modified":"2023-10-10T14:30:12","modified_gmt":"2023-10-10T17:30:12","slug":"empregos-nestle","status":"publish","type":"post","link":"https:\/\/www.vagadeempregorj.com.br\/es\/empregos-nestle\/","title":{"rendered":"Assistente de Fretes, Almoxarife, Auxiliar de Embalagem, Manuten\u00e7\u00e3o Mec\u00e2nica e muito mais na Empresa Nestl\u00e9"},"content":{"rendered":"<p>Atualizado em<\/p>\n\n\n<div class=\"wp-block-post-date\"><time datetime=\"2023-10-11T00:03:00-03:00\">11\/10\/2023<\/time><\/div>\n\n\n<p>Os<strong> empregos Nestl\u00e9<\/strong> s\u00e3o de grande import\u00e2ncia nas vidas de muitos cidad\u00e3os que n\u00e3o est\u00e3o no mercado de trabalho. Isso porque a empresa divulga diversas vagas de emprego, as quais oferecem sal\u00e1rios justos, dignos das atividades realizadas, al\u00e9m de benef\u00edcios. Assim, v\u00e1rios jovens e adultos conseguem sua primeira experi\u00eancia profissional, ou at\u00e9 mesmo retornam a executar fun\u00e7\u00f5es remuneradas em sua \u00e1rea de atua\u00e7\u00e3o depois de um longo per\u00edodo.&nbsp;<\/p>\n\n\n\n<figure class=\"wp-block-image size-large\"><img loading=\"lazy\" decoding=\"async\" width=\"1024\" height=\"580\" src=\"https:\/\/www.vagadeempregorj.com.br\/wp-content\/uploads\/2022\/10\/empregos-nestle-1024x580.jpg\" alt=\"empregos nestl\u00e9\" class=\"wp-image-35665\" srcset=\"https:\/\/www.vagadeempregorj.com.br\/wp-content\/uploads\/2022\/10\/empregos-nestle-1024x580.jpg 1024w, https:\/\/www.vagadeempregorj.com.br\/wp-content\/uploads\/2022\/10\/empregos-nestle-300x170.jpg 300w, https:\/\/www.vagadeempregorj.com.br\/wp-content\/uploads\/2022\/10\/empregos-nestle-768x435.jpg 768w, https:\/\/www.vagadeempregorj.com.br\/wp-content\/uploads\/2022\/10\/empregos-nestle-150x85.jpg 150w, https:\/\/www.vagadeempregorj.com.br\/wp-content\/uploads\/2022\/10\/empregos-nestle.jpg 1200w\" sizes=\"auto, (max-width: 1024px) 100vw, 1024px\" \/><figcaption class=\"wp-element-caption\">Imagem: Nestl\u00e9 &#8211; Reprodu\u00e7\u00e3o<\/figcaption><\/figure>\n\n\n\n<h2 class=\"wp-block-heading\">Conhe\u00e7a oportunidades de empregos Nestl\u00e9<\/h2>\n\n\n\n<p>A <strong>Nestl\u00e9 <\/strong>\u00e9 uma c\u00e9lebre empresa do segmento aliment\u00edcio, considerada a maior do mundo nessa \u00e1rea. Essa certifica\u00e7\u00e3o se d\u00e1, n\u00e3o s\u00f3 por meio de estudos e pesquisas, mas tamb\u00e9m pela pr\u00e1tica. Isso porque a Nestl\u00e9 est\u00e1 presente em muitos lares, sendo extremamente popular no Brasil devido aos seus produtos de grande qualidade.<\/p>\n\n\n\n<p>A empresa su\u00ed\u00e7a, que foi fundada em 1867, al\u00e9m de muita experi\u00eancia e feitos em sua hist\u00f3ria, tem muitos valores que foram seguidos disciplinadamente para que se alcan\u00e7asse esse patamar atual. Assim, responsabilidade com a sa\u00fade de seus clientes, aten\u00e7\u00e3o \u00e0s suas prefer\u00eancias, vontade de inovar e atingir objetivos, e amor pelo o que o que faz precisam ser prezados por seus colaboradores.<\/p>\n\n\n\n<p>Al\u00e9m disso, os candidatos interessados em uma vaga de emprego na Nestl\u00e9 devem estar alinhados ao que se pede para o cargo que se pretende ocupar. Logo, um Assistente Cont\u00e1bil precisa ter conhecimento intermedi\u00e1rio em Excel e gradua\u00e7\u00e3o em Administra\u00e7\u00e3o, Economia, Ci\u00eancias Cont\u00e1beis ou \u00e1reas relacionadas.&nbsp;<\/p>\n\n\n\n<p>S\u00e3o oferecidos alguns benef\u00edcios aos seus profissionais. Por\u00e9m, vale destacar que sua inclus\u00e3o pode depender da oportunidade desejada. \u00c9 poss\u00edvel citar:<\/p>\n\n\n\n<ul class=\"wp-block-list\">\n<li>Assist\u00eancia m\u00e9dica<\/li>\n\n\n\n<li>Aux\u00edlio home office<\/li>\n\n\n\n<li>Assist\u00eancia odontol\u00f3gica<\/li>\n\n\n\n<li>Previd\u00eancia privada<\/li>\n\n\n\n<li>Seguro de vida<\/li>\n\n\n\n<li>Vale-alimenta\u00e7\u00e3o<\/li>\n\n\n\n<li>Vale-refei\u00e7\u00e3o<\/li>\n\n\n\n<li>Cesta de natal<\/li>\n\n\n\n<li>Vale-transporte<\/li>\n\n\n\n<li>Desconto nos produtos da marca<\/li>\n<\/ul>\n\n\n\n<p>Veja exemplos de vagas que podem ser disponibilizadas no quadro de funcion\u00e1rios da Nestl\u00e9:<\/p>\n\n\n\n<ul class=\"wp-block-list\">\n<li>Especialista de contabilidade<\/li>\n\n\n\n<li>Analista de qualidade &#8211; pleno<\/li>\n\n\n\n<li>Editor de conte\u00fado para website &#8211; s\u00eanior<\/li>\n\n\n\n<li>Banco de talentos<\/li>\n\n\n\n<li>Jovem aprendiz<\/li>\n\n\n\n<li>Operador de empilhadeiras<\/li>\n\n\n\n<li>Supervisor de compras<\/li>\n\n\n\n<li>Assistente fiscal<\/li>\n\n\n\n<li>Analista financeiro &#8211; pleno<\/li>\n\n\n\n<li>Assistente de fretes<\/li>\n\n\n\n<li>Repositor de merchandising<\/li>\n\n\n\n<li>Analista de social media<\/li>\n\n\n\n<li>Analista de gest\u00e3o de pessoas &#8211; pleno<\/li>\n\n\n\n<li>Auxiliar de embalagem<\/li>\n\n\n\n<li>Analista de contas a pagar &#8211; Jr<\/li>\n\n\n\n<li>Especialista em Data analytics&nbsp;<\/li>\n\n\n\n<li>Engenheiro de projetos &#8211; s\u00eanior<\/li>\n\n\n\n<li>Especialista em portf\u00f3lio<\/li>\n\n\n\n<li>Supervisor em atendimento ao consumidor<\/li>\n\n\n\n<li>Assistente de transportes<\/li>\n\n\n\n<li>Est\u00e1gio em talent acquisition<\/li>\n\n\n\n<li>Ger\u00eancia de planejamento &#8211; centro de relacionamento com o consumidor<\/li>\n\n\n\n<li>Est\u00e1gio em seguran\u00e7a e meio ambiente<\/li>\n\n\n\n<li>Pessoa executiva em vendas<\/li>\n\n\n\n<li>Analista em meio ambiente<\/li>\n\n\n\n<li>Consultoria de boutique &#8211; Jr<\/li>\n\n\n\n<li>Representante de nutri\u00e7\u00e3o cl\u00ednica Jr<\/li>\n\n\n\n<li>Almoxarife<\/li>\n\n\n\n<li>Operador de utilidades<\/li>\n\n\n\n<li>Analista de contas a receber &#8211; s\u00eanior<\/li>\n\n\n\n<li>T\u00e9cnico em seguran\u00e7a do trabalho<\/li>\n\n\n\n<li>Manuten\u00e7\u00e3o mec\u00e2nica &#8211; pleno<\/li>\n\n\n\n<li>Analista de dep\u00f3sito &#8211; pleno<\/li>\n\n\n\n<li>Auxiliar de fabrica\u00e7\u00e3o<\/li>\n\n\n\n<li>Coordena\u00e7\u00e3o de remunera\u00e7\u00e3o<\/li>\n<\/ul>\n\n\n\n<h3 class=\"wp-block-heading\">Como se candidatar<\/h3>\n\n\n\n<p>Os profissionais que desejam compor o time Nestl\u00e9, e que tenham todas as certifica\u00e7\u00f5es vinculadas ao cargo, devem acessar o site oferecido pela empresa para inscri\u00e7\u00e3o de curr\u00edculos. \u00c9 relevante dizer que Pessoas com Defici\u00eancia (PCD) tamb\u00e9m podem se cadastrar.<\/p>\n\n\n\n<ul class=\"wp-block-list\">\n<li><a href=\"https:\/\/www.nestle.com.br\/carreiras\/trabalha-na-nestle\">Nestl\u00e9 &#8211; Trabalhe conosco<\/a>.<\/li>\n<\/ul>\n\n\n\n<p><strong>Veja tamb\u00e9m: <a href=\"https:\/\/www.vagadeempregorj.com.br\/es\/empregos-nubank\/\">Empregos Nubank<\/a><\/strong><\/p>\n\n\n\n<h2 class=\"wp-block-heading\">Sobre a Nestl\u00e9<\/h2>\n\n\n\n<p>A <strong>Nestl\u00e9 <\/strong>\u00e9 uma empresa que dispensa apresenta\u00e7\u00f5es, pois parece estar presente nas vidas das pessoas desde sempre, em v\u00e1rios momentos.<\/p>\n\n\n\n<p>Seja com seus chocolates, cereais, achocolatados ou biscoitos, a marca fabrica com qualidade, excel\u00eancia e muita responsabilidade. Para manter o padr\u00e3o de l\u00edder global em alimentos e bebidas, a Nestl\u00e9, que est\u00e1 em mais de 170 pa\u00edses, precisa de colaboradores que acreditem no que fazem, tenham empenho, dedica\u00e7\u00e3o e criatividade para realizar ainda mais.<\/p>","protected":false},"excerpt":{"rendered":"<p>Atualizado em Os empregos Nestl\u00e9 s\u00e3o de grande import\u00e2ncia nas vidas de muitos cidad\u00e3os que n\u00e3o est\u00e3o no mercado de trabalho. Isso porque a empresa divulga diversas vagas de emprego, as quais oferecem sal\u00e1rios justos, dignos das atividades realizadas, al\u00e9m de benef\u00edcios. Assim, v\u00e1rios jovens e adultos conseguem sua primeira experi\u00eancia profissional, ou at\u00e9 mesmo&hellip;&nbsp;<\/p>","protected":false},"author":16,"featured_media":35665,"comment_status":"open","ping_status":"closed","sticky":false,"template":"","format":"standard","meta":{"neve_meta_sidebar":"","neve_meta_container":"","neve_meta_enable_content_width":"","neve_meta_content_width":0,"neve_meta_title_alignment":"","neve_meta_author_avatar":"","neve_post_elements_order":"","neve_meta_disable_header":"","neve_meta_disable_footer":"","neve_meta_disable_title":"","footnotes":""},"categories":[123],"tags":[637,211],"class_list":["post-35659","post","type-post","status-publish","format-standard","has-post-thumbnail","hentry","category-vagas-de-emprego-nacionais","tag-nestle-2","tag-vagas-de-emprego"],"yoast_head":"<!-- This site is optimized with the Yoast SEO plugin v27.5 - https:\/\/yoast.com\/product\/yoast-seo-wordpress\/ -->\n<title>Assistente de Fretes, Almoxarife, Auxiliar de Embalagem, Manuten\u00e7\u00e3o Mec\u00e2nica e muito mais na Empresa Nestl\u00e9<\/title>\n<meta name=\"description\" content=\"Veja em Vagas de Emprego RJ as vagas de emprego com e sem experi\u00eancia no seu Estado e Regi\u00e3o!\" \/>\n<meta name=\"robots\" content=\"index, follow, max-snippet:-1, max-image-preview:large, max-video-preview:-1\" \/>\n<link rel=\"canonical\" href=\"https:\/\/www.vagadeempregorj.com.br\/es\/empregos-nestle\/\" \/>\n<meta property=\"og:locale\" content=\"es_MX\" \/>\n<meta property=\"og:type\" content=\"article\" \/>\n<meta property=\"og:title\" content=\"Assistente de Fretes, Almoxarife, Auxiliar de Embalagem, Manuten\u00e7\u00e3o Mec\u00e2nica e muito mais na Empresa Nestl\u00e9\" \/>\n<meta property=\"og:description\" content=\"Veja em Vagas de Emprego RJ as vagas de emprego com e sem experi\u00eancia no seu Estado e Regi\u00e3o!\" \/>\n<meta property=\"og:url\" content=\"https:\/\/www.vagadeempregorj.com.br\/es\/empregos-nestle\/\" \/>\n<meta property=\"article:publisher\" content=\"https:\/\/www.facebook.com\/empregobrasiloficial\" \/>\n<meta property=\"article:published_time\" content=\"2023-10-11T03:03:00+00:00\" \/>\n<meta property=\"og:image\" content=\"https:\/\/www.vagadeempregorj.com.br\/wp-content\/uploads\/2022\/10\/empregos-nestle.jpg\" \/>\n\t<meta property=\"og:image:width\" content=\"1200\" \/>\n\t<meta property=\"og:image:height\" content=\"680\" \/>\n\t<meta property=\"og:image:type\" content=\"image\/jpeg\" \/>\n<meta name=\"author\" content=\"Michele\" \/>\n<meta name=\"twitter:card\" content=\"summary_large_image\" \/>\n<meta name=\"twitter:label1\" content=\"Written by\" \/>\n\t<meta name=\"twitter:data1\" content=\"Michele\" \/>\n\t<meta name=\"twitter:label2\" content=\"Est. reading time\" \/>\n\t<meta name=\"twitter:data2\" content=\"3 minutos\" \/>\n<script type=\"application\/ld+json\" class=\"yoast-schema-graph\">{\"@context\":\"https:\\\/\\\/schema.org\",\"@graph\":[{\"@type\":\"Article\",\"@id\":\"https:\\\/\\\/www.vagadeempregorj.com.br\\\/empregos-nestle\\\/#article\",\"isPartOf\":{\"@id\":\"https:\\\/\\\/www.vagadeempregorj.com.br\\\/empregos-nestle\\\/\"},\"author\":{\"name\":\"Michele\",\"@id\":\"https:\\\/\\\/www.vagadeempregorj.com.br\\\/#\\\/schema\\\/person\\\/3ddb19fa0539706786e502152f3aae95\"},\"headline\":\"Assistente de Fretes, Almoxarife, Auxiliar de Embalagem, Manuten\u00e7\u00e3o Mec\u00e2nica e muito mais na Empresa Nestl\u00e9\",\"datePublished\":\"2023-10-11T03:03:00+00:00\",\"mainEntityOfPage\":{\"@id\":\"https:\\\/\\\/www.vagadeempregorj.com.br\\\/empregos-nestle\\\/\"},\"wordCount\":673,\"commentCount\":0,\"image\":{\"@id\":\"https:\\\/\\\/www.vagadeempregorj.com.br\\\/empregos-nestle\\\/#primaryimage\"},\"thumbnailUrl\":\"https:\\\/\\\/www.vagadeempregorj.com.br\\\/wp-content\\\/uploads\\\/2022\\\/10\\\/empregos-nestle.jpg\",\"keywords\":[\"Nestl\u00e9\",\"vagas de emprego\"],\"articleSection\":[\"Vagas de Emprego Nacionais\"],\"inLanguage\":\"es\",\"potentialAction\":[{\"@type\":\"CommentAction\",\"name\":\"Comment\",\"target\":[\"https:\\\/\\\/www.vagadeempregorj.com.br\\\/empregos-nestle\\\/#respond\"]}]},{\"@type\":\"WebPage\",\"@id\":\"https:\\\/\\\/www.vagadeempregorj.com.br\\\/empregos-nestle\\\/\",\"url\":\"https:\\\/\\\/www.vagadeempregorj.com.br\\\/empregos-nestle\\\/\",\"name\":\"Assistente de Fretes, Almoxarife, Auxiliar de Embalagem, Manuten\u00e7\u00e3o Mec\u00e2nica e muito mais na Empresa Nestl\u00e9\",\"isPartOf\":{\"@id\":\"https:\\\/\\\/www.vagadeempregorj.com.br\\\/#website\"},\"primaryImageOfPage\":{\"@id\":\"https:\\\/\\\/www.vagadeempregorj.com.br\\\/empregos-nestle\\\/#primaryimage\"},\"image\":{\"@id\":\"https:\\\/\\\/www.vagadeempregorj.com.br\\\/empregos-nestle\\\/#primaryimage\"},\"thumbnailUrl\":\"https:\\\/\\\/www.vagadeempregorj.com.br\\\/wp-content\\\/uploads\\\/2022\\\/10\\\/empregos-nestle.jpg\",\"datePublished\":\"2023-10-11T03:03:00+00:00\",\"author\":{\"@id\":\"https:\\\/\\\/www.vagadeempregorj.com.br\\\/#\\\/schema\\\/person\\\/3ddb19fa0539706786e502152f3aae95\"},\"description\":\"Veja em Vagas de Emprego RJ as vagas de emprego com e sem experi\u00eancia no seu Estado e Regi\u00e3o!\",\"breadcrumb\":{\"@id\":\"https:\\\/\\\/www.vagadeempregorj.com.br\\\/empregos-nestle\\\/#breadcrumb\"},\"inLanguage\":\"es\",\"potentialAction\":[{\"@type\":\"ReadAction\",\"target\":[\"https:\\\/\\\/www.vagadeempregorj.com.br\\\/empregos-nestle\\\/\"]}]},{\"@type\":\"ImageObject\",\"inLanguage\":\"es\",\"@id\":\"https:\\\/\\\/www.vagadeempregorj.com.br\\\/empregos-nestle\\\/#primaryimage\",\"url\":\"https:\\\/\\\/www.vagadeempregorj.com.br\\\/wp-content\\\/uploads\\\/2022\\\/10\\\/empregos-nestle.jpg\",\"contentUrl\":\"https:\\\/\\\/www.vagadeempregorj.com.br\\\/wp-content\\\/uploads\\\/2022\\\/10\\\/empregos-nestle.jpg\",\"width\":1200,\"height\":680,\"caption\":\"Imagem: Nestl\u00e9 - Reprodu\u00e7\u00e3o\"},{\"@type\":\"BreadcrumbList\",\"@id\":\"https:\\\/\\\/www.vagadeempregorj.com.br\\\/empregos-nestle\\\/#breadcrumb\",\"itemListElement\":[{\"@type\":\"ListItem\",\"position\":1,\"name\":\"In\u00edcio\",\"item\":\"https:\\\/\\\/www.vagadeempregorj.com.br\\\/\"},{\"@type\":\"ListItem\",\"position\":2,\"name\":\"Vagas de Emprego Nacionais\",\"item\":\"https:\\\/\\\/www.vagadeempregorj.com.br\\\/vagas-de-emprego-nacionais\\\/\"},{\"@type\":\"ListItem\",\"position\":3,\"name\":\"Assistente de Fretes, Almoxarife, Auxiliar de Embalagem, Manuten\u00e7\u00e3o Mec\u00e2nica e muito mais na Empresa Nestl\u00e9\"}]},{\"@type\":\"WebSite\",\"@id\":\"https:\\\/\\\/www.vagadeempregorj.com.br\\\/#website\",\"url\":\"https:\\\/\\\/www.vagadeempregorj.com.br\\\/\",\"name\":\"\",\"description\":\"Conquiste Sonhos: Vagas, Benef\u00edcios e Economia para Transformar Vidas e Alcan\u00e7ar Melhorias Cotidianas\",\"potentialAction\":[{\"@type\":\"SearchAction\",\"target\":{\"@type\":\"EntryPoint\",\"urlTemplate\":\"https:\\\/\\\/www.vagadeempregorj.com.br\\\/?s={search_term_string}\"},\"query-input\":{\"@type\":\"PropertyValueSpecification\",\"valueRequired\":true,\"valueName\":\"search_term_string\"}}],\"inLanguage\":\"es\"},{\"@type\":\"Person\",\"@id\":\"https:\\\/\\\/www.vagadeempregorj.com.br\\\/#\\\/schema\\\/person\\\/3ddb19fa0539706786e502152f3aae95\",\"name\":\"Michele\",\"image\":{\"@type\":\"ImageObject\",\"inLanguage\":\"es\",\"@id\":\"https:\\\/\\\/secure.gravatar.com\\\/avatar\\\/6b0eb9d22841282815e2cd856a0061c45e1761cd54b22e952d98c4746939aa85?s=96&r=g\",\"url\":\"https:\\\/\\\/secure.gravatar.com\\\/avatar\\\/6b0eb9d22841282815e2cd856a0061c45e1761cd54b22e952d98c4746939aa85?s=96&r=g\",\"contentUrl\":\"https:\\\/\\\/secure.gravatar.com\\\/avatar\\\/6b0eb9d22841282815e2cd856a0061c45e1761cd54b22e952d98c4746939aa85?s=96&r=g\",\"caption\":\"Michele\"},\"description\":\"Formada em Letras - Portugu\u00eas\\\/ Ingl\u00eas, e idealizadora do site Escritora de Sucesso, busca expandir o conhecimento de todos com informa\u00e7\u00f5es relevantes sobre diversos assuntos, enquanto redatora. No Vaga de Emprego RJ, traz oportunidades e dicas sobre o mercado de trabalho.\",\"url\":\"https:\\\/\\\/www.vagadeempregorj.com.br\\\/es\\\/author\\\/michele\\\/\"}]}<\/script>\n<!-- \/ Yoast SEO plugin. -->","yoast_head_json":{"title":"Assistente de Fretes, Almoxarife, Auxiliar de Embalagem, Manuten\u00e7\u00e3o Mec\u00e2nica e muito mais na Empresa Nestl\u00e9","description":"Veja em Vagas de Emprego RJ as vagas de emprego com e sem experi\u00eancia no seu Estado e Regi\u00e3o!","robots":{"index":"index","follow":"follow","max-snippet":"max-snippet:-1","max-image-preview":"max-image-preview:large","max-video-preview":"max-video-preview:-1"},"canonical":"https:\/\/www.vagadeempregorj.com.br\/es\/empregos-nestle\/","og_locale":"es_MX","og_type":"article","og_title":"Assistente de Fretes, Almoxarife, Auxiliar de Embalagem, Manuten\u00e7\u00e3o Mec\u00e2nica e muito mais na Empresa Nestl\u00e9","og_description":"Veja em Vagas de Emprego RJ as vagas de emprego com e sem experi\u00eancia no seu Estado e Regi\u00e3o!","og_url":"https:\/\/www.vagadeempregorj.com.br\/es\/empregos-nestle\/","article_publisher":"https:\/\/www.facebook.com\/empregobrasiloficial","article_published_time":"2023-10-11T03:03:00+00:00","og_image":[{"width":1200,"height":680,"url":"https:\/\/www.vagadeempregorj.com.br\/wp-content\/uploads\/2022\/10\/empregos-nestle.jpg","type":"image\/jpeg"}],"author":"Michele","twitter_card":"summary_large_image","twitter_misc":{"Written by":"Michele","Est. reading time":"3 minutos"},"schema":{"@context":"https:\/\/schema.org","@graph":[{"@type":"Article","@id":"https:\/\/www.vagadeempregorj.com.br\/empregos-nestle\/#article","isPartOf":{"@id":"https:\/\/www.vagadeempregorj.com.br\/empregos-nestle\/"},"author":{"name":"Michele","@id":"https:\/\/www.vagadeempregorj.com.br\/#\/schema\/person\/3ddb19fa0539706786e502152f3aae95"},"headline":"Assistente de Fretes, Almoxarife, Auxiliar de Embalagem, Manuten\u00e7\u00e3o Mec\u00e2nica e muito mais na Empresa Nestl\u00e9","datePublished":"2023-10-11T03:03:00+00:00","mainEntityOfPage":{"@id":"https:\/\/www.vagadeempregorj.com.br\/empregos-nestle\/"},"wordCount":673,"commentCount":0,"image":{"@id":"https:\/\/www.vagadeempregorj.com.br\/empregos-nestle\/#primaryimage"},"thumbnailUrl":"https:\/\/www.vagadeempregorj.com.br\/wp-content\/uploads\/2022\/10\/empregos-nestle.jpg","keywords":["Nestl\u00e9","vagas de emprego"],"articleSection":["Vagas de Emprego Nacionais"],"inLanguage":"es","potentialAction":[{"@type":"CommentAction","name":"Comment","target":["https:\/\/www.vagadeempregorj.com.br\/empregos-nestle\/#respond"]}]},{"@type":"WebPage","@id":"https:\/\/www.vagadeempregorj.com.br\/empregos-nestle\/","url":"https:\/\/www.vagadeempregorj.com.br\/empregos-nestle\/","name":"Assistente de Fretes, Almoxarife, Auxiliar de Embalagem, Manuten\u00e7\u00e3o Mec\u00e2nica e muito mais na Empresa Nestl\u00e9","isPartOf":{"@id":"https:\/\/www.vagadeempregorj.com.br\/#website"},"primaryImageOfPage":{"@id":"https:\/\/www.vagadeempregorj.com.br\/empregos-nestle\/#primaryimage"},"image":{"@id":"https:\/\/www.vagadeempregorj.com.br\/empregos-nestle\/#primaryimage"},"thumbnailUrl":"https:\/\/www.vagadeempregorj.com.br\/wp-content\/uploads\/2022\/10\/empregos-nestle.jpg","datePublished":"2023-10-11T03:03:00+00:00","author":{"@id":"https:\/\/www.vagadeempregorj.com.br\/#\/schema\/person\/3ddb19fa0539706786e502152f3aae95"},"description":"Veja em Vagas de Emprego RJ as vagas de emprego com e sem experi\u00eancia no seu Estado e Regi\u00e3o!","breadcrumb":{"@id":"https:\/\/www.vagadeempregorj.com.br\/empregos-nestle\/#breadcrumb"},"inLanguage":"es","potentialAction":[{"@type":"ReadAction","target":["https:\/\/www.vagadeempregorj.com.br\/empregos-nestle\/"]}]},{"@type":"ImageObject","inLanguage":"es","@id":"https:\/\/www.vagadeempregorj.com.br\/empregos-nestle\/#primaryimage","url":"https:\/\/www.vagadeempregorj.com.br\/wp-content\/uploads\/2022\/10\/empregos-nestle.jpg","contentUrl":"https:\/\/www.vagadeempregorj.com.br\/wp-content\/uploads\/2022\/10\/empregos-nestle.jpg","width":1200,"height":680,"caption":"Imagem: Nestl\u00e9 - Reprodu\u00e7\u00e3o"},{"@type":"BreadcrumbList","@id":"https:\/\/www.vagadeempregorj.com.br\/empregos-nestle\/#breadcrumb","itemListElement":[{"@type":"ListItem","position":1,"name":"In\u00edcio","item":"https:\/\/www.vagadeempregorj.com.br\/"},{"@type":"ListItem","position":2,"name":"Vagas de Emprego Nacionais","item":"https:\/\/www.vagadeempregorj.com.br\/vagas-de-emprego-nacionais\/"},{"@type":"ListItem","position":3,"name":"Assistente de Fretes, Almoxarife, Auxiliar de Embalagem, Manuten\u00e7\u00e3o Mec\u00e2nica e muito mais na Empresa Nestl\u00e9"}]},{"@type":"WebSite","@id":"https:\/\/www.vagadeempregorj.com.br\/#website","url":"https:\/\/www.vagadeempregorj.com.br\/","name":"","description":"Conquiste Sonhos: Vagas, Benef\u00edcios e Economia para Transformar Vidas e Alcan\u00e7ar Melhorias Cotidianas","potentialAction":[{"@type":"SearchAction","target":{"@type":"EntryPoint","urlTemplate":"https:\/\/www.vagadeempregorj.com.br\/?s={search_term_string}"},"query-input":{"@type":"PropertyValueSpecification","valueRequired":true,"valueName":"search_term_string"}}],"inLanguage":"es"},{"@type":"Person","@id":"https:\/\/www.vagadeempregorj.com.br\/#\/schema\/person\/3ddb19fa0539706786e502152f3aae95","name":"Michele","image":{"@type":"ImageObject","inLanguage":"es","@id":"https:\/\/secure.gravatar.com\/avatar\/6b0eb9d22841282815e2cd856a0061c45e1761cd54b22e952d98c4746939aa85?s=96&r=g","url":"https:\/\/secure.gravatar.com\/avatar\/6b0eb9d22841282815e2cd856a0061c45e1761cd54b22e952d98c4746939aa85?s=96&r=g","contentUrl":"https:\/\/secure.gravatar.com\/avatar\/6b0eb9d22841282815e2cd856a0061c45e1761cd54b22e952d98c4746939aa85?s=96&r=g","caption":"Michele"},"description":"Formada em Letras - Portugu\u00eas\/ Ingl\u00eas, e idealizadora do site Escritora de Sucesso, busca expandir o conhecimento de todos com informa\u00e7\u00f5es relevantes sobre diversos assuntos, enquanto redatora. No Vaga de Emprego RJ, traz oportunidades e dicas sobre o mercado de trabalho.","url":"https:\/\/www.vagadeempregorj.com.br\/es\/author\/michele\/"}]}},"_links":{"self":[{"href":"https:\/\/www.vagadeempregorj.com.br\/es\/wp-json\/wp\/v2\/posts\/35659","targetHints":{"allow":["GET"]}}],"collection":[{"href":"https:\/\/www.vagadeempregorj.com.br\/es\/wp-json\/wp\/v2\/posts"}],"about":[{"href":"https:\/\/www.vagadeempregorj.com.br\/es\/wp-json\/wp\/v2\/types\/post"}],"author":[{"embeddable":true,"href":"https:\/\/www.vagadeempregorj.com.br\/es\/wp-json\/wp\/v2\/users\/16"}],"replies":[{"embeddable":true,"href":"https:\/\/www.vagadeempregorj.com.br\/es\/wp-json\/wp\/v2\/comments?post=35659"}],"version-history":[{"count":0,"href":"https:\/\/www.vagadeempregorj.com.br\/es\/wp-json\/wp\/v2\/posts\/35659\/revisions"}],"wp:featuredmedia":[{"embeddable":true,"href":"https:\/\/www.vagadeempregorj.com.br\/es\/wp-json\/wp\/v2\/media\/35665"}],"wp:attachment":[{"href":"https:\/\/www.vagadeempregorj.com.br\/es\/wp-json\/wp\/v2\/media?parent=35659"}],"wp:term":[{"taxonomy":"category","embeddable":true,"href":"https:\/\/www.vagadeempregorj.com.br\/es\/wp-json\/wp\/v2\/categories?post=35659"},{"taxonomy":"post_tag","embeddable":true,"href":"https:\/\/www.vagadeempregorj.com.br\/es\/wp-json\/wp\/v2\/tags?post=35659"}],"curies":[{"name":"wp","href":"https:\/\/api.w.org\/{rel}","templated":true}]}}