{"id":36013,"date":"2023-09-25T01:02:00","date_gmt":"2023-09-25T04:02:00","guid":{"rendered":"https:\/\/www.vagadeempregorj.com.br\/?p=36013"},"modified":"2023-09-24T15:51:02","modified_gmt":"2023-09-24T18:51:02","slug":"empregos-daf-caminhoes","status":"publish","type":"post","link":"https:\/\/www.vagadeempregorj.com.br\/es\/empregos-daf-caminhoes\/","title":{"rendered":"Consultor de Vendas, Analistas, Operador de Vendas, Gerente e muito mais na Empresa DAF Caminh\u00f5es"},"content":{"rendered":"<p>Atualizado em<\/p>\n\n\n<div class=\"wp-block-post-date\"><time datetime=\"2023-09-25T01:02:00-03:00\">25\/09\/2023<\/time><\/div>\n\n\n<p>Os <strong>Empregos DAF Caminh\u00f5es<\/strong> requerem um desenvolvimento profissional cont\u00ednuo. A empresa oferece aos seus colaboradores um ambiente colaborativo, onde permite um compromisso abrangente com sua estrat\u00e9gia de neg\u00f3cios, sempre de maneira direcionada e com total liberdade criativa. Qualidade e inova\u00e7\u00e3o est\u00e3o enraizadas no DNA da empresa, portanto, o conhecimento, as iniciativas e as ideias de seus colaboradores s\u00e3o sempre vitais para a sua expans\u00e3o. Continue lendo e tenha acesso a todas as informa\u00e7\u00f5es.<\/p>\n\n\n\n<figure class=\"wp-block-image size-full\"><img loading=\"lazy\" decoding=\"async\" width=\"800\" height=\"453\" src=\"https:\/\/www.vagadeempregorj.com.br\/wp-content\/uploads\/2022\/11\/empregos-daf-caminhoes.jpg\" alt=\"empregos daf caminh\u00f5es\" class=\"wp-image-36018\" srcset=\"https:\/\/www.vagadeempregorj.com.br\/wp-content\/uploads\/2022\/11\/empregos-daf-caminhoes.jpg 800w, https:\/\/www.vagadeempregorj.com.br\/wp-content\/uploads\/2022\/11\/empregos-daf-caminhoes-300x170.jpg 300w, https:\/\/www.vagadeempregorj.com.br\/wp-content\/uploads\/2022\/11\/empregos-daf-caminhoes-768x435.jpg 768w, https:\/\/www.vagadeempregorj.com.br\/wp-content\/uploads\/2022\/11\/empregos-daf-caminhoes-150x85.jpg 150w\" sizes=\"auto, (max-width: 800px) 100vw, 800px\" \/><figcaption class=\"wp-element-caption\">Imagem: DAF Caminh\u00f5es &#8211; Reprodu\u00e7\u00e3o<\/figcaption><\/figure>\n\n\n\n<h2 class=\"wp-block-heading\">Confira as oportunidades de empregos DAF Caminh\u00f5es<\/h2>\n\n\n\n<p>Viver em uma regi\u00e3o pr\u00f3xima \u00e0s unidades de contrata\u00e7\u00e3o aumenta significativamente sua probabilidade de ser contratado pela empresa DAF Caminh\u00f5es. A empresa tem unidades em todo o pa\u00eds. Aqueles que est\u00e3o interessados devem atender aos padr\u00f5es m\u00ednimos estabelecidos dentro da \u00e1rea desejada. A empresa oferece vagas efetivas, oportunidades de est\u00e1gio, oportunidades de aprendiz e um banco de talentos onde os indiv\u00edduos podem registrar seus curr\u00edculos para poss\u00edveis oportunidades futuras se n\u00e3o conseguirem encontrar vagas que se encaixem em seu perfil.<\/p>\n\n\n\n<p>Atualmente, a empresa emprega em v\u00e1rias regi\u00f5es brasileiras e internacionalmente. Como resultado, todos os profissionais, independentemente de g\u00eanero, ra\u00e7a, cor, defici\u00eancia, orienta\u00e7\u00e3o sexual ou religi\u00e3o, s\u00e3o bem-vindos para enviar seus curr\u00edculos e se candidatar a vagas abertas. Confira as vagas dispon\u00edveis para serem preenchidas:<\/p>\n\n\n\n<ul class=\"wp-block-list\">\n<li>Analista de Produtos Senior;<\/li>\n\n\n\n<li>Consultor de Vendas Remarketing;<\/li>\n\n\n\n<li>Trainee de Engenharia II;<\/li>\n\n\n\n<li>Trainee de Engenharia Manufatura;<\/li>\n\n\n\n<li>Engenheiro de Manufatura para o Segundo Turno;<\/li>\n\n\n\n<li>Gerente Regional de Neg\u00f3cios;<\/li>\n\n\n\n<li>Gerente de Produtos de P\u00f3s Vendas;<\/li>\n\n\n\n<li>Engenheiro de Desenvolvimento de Produto (Driveline);<\/li>\n\n\n\n<li>Engenheiro de Desenvolvimento de Produto (Testes).<\/li>\n<\/ul>\n\n\n\n<h3 class=\"wp-block-heading\">Como se cadastrar<\/h3>\n\n\n\n<p>Existem alguns requisitos que devem ser atendidos para se juntar \u00e0 equipe DAF Caminh\u00f5es. A empresa oferece vagas com frequ\u00eancia, portanto, se o candidato n\u00e3o encontrar nenhuma que corresponda ao seu perfil, ele poder\u00e1 realizar novas consultas mais tarde, porque o link estar\u00e1 ativo por um per\u00edodo arbitr\u00e1rio de tempo. Suas oportunidades variam do n\u00edvel m\u00e9dio, intermedi\u00e1rio e superior, e voc\u00ea pode acessar todas as informa\u00e7\u00f5es necess\u00e1rias atrav\u00e9s do site:<\/p>\n\n\n\n<ul class=\"wp-block-list\">\n<li><a href=\"https:\/\/www.dafcaminhoes.com.br\/pt-br\/a-daf\/trabalhar-na-daf-caminhoes\">Carreiras DAF Caminh\u00f5es<\/a>.&nbsp;&nbsp;<\/li>\n<\/ul>\n\n\n\n<p><strong>Veja tamb\u00e9m: <a href=\"https:\/\/www.vagadeempregorj.com.br\/es\/empregos-estacio-2\/\">Assistente Administrativo PCD, Auxiliar Administrativo, Auxiliar de Inform\u00e1tica e muito mais na Empresa Est\u00e1cio<\/a><\/strong><\/p>\n\n\n\n<h2 class=\"wp-block-heading\">Sobre a empresa DAF Caminh\u00f5es&nbsp;<\/h2>\n\n\n\n<p>Fundada no ano de 1928, a DAF Caminh\u00f5es \u00e9 uma marca holandesa, onde oferece qualidade e efici\u00eancia em todos os detalhes que dizem respeito a caminh\u00f5es. Atualmente a companhia \u00e9 refer\u00eancia internacional em cavalos mec\u00e2nicos.&nbsp;<\/p>\n\n\n\n<p>A DAF tamb\u00e9m \u00e9 integrante da PACCAR, uma das maiores montadoras de caminh\u00f5es do mundo, onde lidera o setor de design, tecnologia, suporte ao cliente e fabrica\u00e7\u00e3o de caminh\u00f5es com porte pesado, m\u00e9dio e leve, dentro das marcas Peterbilt, Kenworth e DAF.&nbsp;<\/p>\n\n\n\n<p>A PACCAR \u00e9 respons\u00e1vel pela fabrica\u00e7\u00e3o de motores a diesel e oferece aos seus colaboradores servi\u00e7os financeiros de maneira personalizada, onde pe\u00e7as de caminh\u00e3o s\u00e3o o seu neg\u00f3cio principal, o que a tornou uma das maiores f\u00e1bricas de caminh\u00f5es de todo o mundo.<\/p>","protected":false},"excerpt":{"rendered":"<p>Atualizado em Os Empregos DAF Caminh\u00f5es requerem um desenvolvimento profissional cont\u00ednuo. A empresa oferece aos seus colaboradores um ambiente colaborativo, onde permite um compromisso abrangente com sua estrat\u00e9gia de neg\u00f3cios, sempre de maneira direcionada e com total liberdade criativa. Qualidade e inova\u00e7\u00e3o est\u00e3o enraizadas no DNA da empresa, portanto, o conhecimento, as iniciativas e as&hellip;&nbsp;<\/p>","protected":false},"author":16,"featured_media":36018,"comment_status":"open","ping_status":"closed","sticky":false,"template":"","format":"standard","meta":{"neve_meta_sidebar":"","neve_meta_container":"","neve_meta_enable_content_width":"","neve_meta_content_width":0,"neve_meta_title_alignment":"","neve_meta_author_avatar":"","neve_post_elements_order":"","neve_meta_disable_header":"","neve_meta_disable_footer":"","neve_meta_disable_title":"","footnotes":""},"categories":[123],"tags":[664,608,211],"class_list":["post-36013","post","type-post","status-publish","format-standard","has-post-thumbnail","hentry","category-vagas-de-emprego-nacionais","tag-daf-caminhoes","tag-oportunidades","tag-vagas-de-emprego"],"yoast_head":"<!-- This site is optimized with the Yoast SEO plugin v27.5 - https:\/\/yoast.com\/product\/yoast-seo-wordpress\/ -->\n<title>Consultor de Vendas, Analistas, Operador de Vendas, Gerente e muito mais na Empresa DAF Caminh\u00f5es -<\/title>\n<meta name=\"description\" content=\"Veja em Vagas de Emprego RJ as vagas de emprego com e sem experi\u00eancia no seu Estado e Regi\u00e3o!\" \/>\n<meta name=\"robots\" content=\"index, follow, max-snippet:-1, max-image-preview:large, max-video-preview:-1\" \/>\n<link rel=\"canonical\" href=\"https:\/\/www.vagadeempregorj.com.br\/es\/empregos-daf-caminhoes\/\" \/>\n<meta property=\"og:locale\" content=\"es_MX\" \/>\n<meta property=\"og:type\" content=\"article\" \/>\n<meta property=\"og:title\" content=\"Consultor de Vendas, Analistas, Operador de Vendas, Gerente e muito mais na Empresa DAF Caminh\u00f5es -\" \/>\n<meta property=\"og:description\" content=\"Veja em Vagas de Emprego RJ as vagas de emprego com e sem experi\u00eancia no seu Estado e Regi\u00e3o!\" \/>\n<meta property=\"og:url\" content=\"https:\/\/www.vagadeempregorj.com.br\/es\/empregos-daf-caminhoes\/\" \/>\n<meta property=\"article:publisher\" content=\"https:\/\/www.facebook.com\/empregobrasiloficial\" \/>\n<meta property=\"article:published_time\" content=\"2023-09-25T04:02:00+00:00\" \/>\n<meta property=\"og:image\" content=\"https:\/\/www.vagadeempregorj.com.br\/wp-content\/uploads\/2022\/11\/empregos-daf-caminhoes.jpg\" \/>\n\t<meta property=\"og:image:width\" content=\"800\" \/>\n\t<meta property=\"og:image:height\" content=\"453\" \/>\n\t<meta property=\"og:image:type\" content=\"image\/jpeg\" \/>\n<meta name=\"author\" content=\"Michele\" \/>\n<meta name=\"twitter:card\" content=\"summary_large_image\" \/>\n<meta name=\"twitter:label1\" content=\"Escrito por\" \/>\n\t<meta name=\"twitter:data1\" content=\"Michele\" \/>\n\t<meta name=\"twitter:label2\" content=\"Tiempo de lectura\" \/>\n\t<meta name=\"twitter:data2\" content=\"3 minutos\" \/>\n<script type=\"application\/ld+json\" class=\"yoast-schema-graph\">{\"@context\":\"https:\\\/\\\/schema.org\",\"@graph\":[{\"@type\":\"Article\",\"@id\":\"https:\\\/\\\/www.vagadeempregorj.com.br\\\/empregos-daf-caminhoes\\\/#article\",\"isPartOf\":{\"@id\":\"https:\\\/\\\/www.vagadeempregorj.com.br\\\/empregos-daf-caminhoes\\\/\"},\"author\":{\"name\":\"Michele\",\"@id\":\"https:\\\/\\\/www.vagadeempregorj.com.br\\\/#\\\/schema\\\/person\\\/3ddb19fa0539706786e502152f3aae95\"},\"headline\":\"Consultor de Vendas, Analistas, Operador de Vendas, Gerente e muito mais na Empresa DAF Caminh\u00f5es\",\"datePublished\":\"2023-09-25T04:02:00+00:00\",\"mainEntityOfPage\":{\"@id\":\"https:\\\/\\\/www.vagadeempregorj.com.br\\\/empregos-daf-caminhoes\\\/\"},\"wordCount\":560,\"commentCount\":0,\"image\":{\"@id\":\"https:\\\/\\\/www.vagadeempregorj.com.br\\\/empregos-daf-caminhoes\\\/#primaryimage\"},\"thumbnailUrl\":\"https:\\\/\\\/www.vagadeempregorj.com.br\\\/wp-content\\\/uploads\\\/2022\\\/11\\\/empregos-daf-caminhoes.jpg\",\"keywords\":[\"DAF Caminh\u00f5es\",\"oportunidades\",\"vagas de emprego\"],\"articleSection\":[\"Vagas de Emprego Nacionais\"],\"inLanguage\":\"es\",\"potentialAction\":[{\"@type\":\"CommentAction\",\"name\":\"Comment\",\"target\":[\"https:\\\/\\\/www.vagadeempregorj.com.br\\\/empregos-daf-caminhoes\\\/#respond\"]}]},{\"@type\":\"WebPage\",\"@id\":\"https:\\\/\\\/www.vagadeempregorj.com.br\\\/empregos-daf-caminhoes\\\/\",\"url\":\"https:\\\/\\\/www.vagadeempregorj.com.br\\\/empregos-daf-caminhoes\\\/\",\"name\":\"Consultor de Vendas, Analistas, Operador de Vendas, Gerente e muito mais na Empresa DAF Caminh\u00f5es -\",\"isPartOf\":{\"@id\":\"https:\\\/\\\/www.vagadeempregorj.com.br\\\/#website\"},\"primaryImageOfPage\":{\"@id\":\"https:\\\/\\\/www.vagadeempregorj.com.br\\\/empregos-daf-caminhoes\\\/#primaryimage\"},\"image\":{\"@id\":\"https:\\\/\\\/www.vagadeempregorj.com.br\\\/empregos-daf-caminhoes\\\/#primaryimage\"},\"thumbnailUrl\":\"https:\\\/\\\/www.vagadeempregorj.com.br\\\/wp-content\\\/uploads\\\/2022\\\/11\\\/empregos-daf-caminhoes.jpg\",\"datePublished\":\"2023-09-25T04:02:00+00:00\",\"author\":{\"@id\":\"https:\\\/\\\/www.vagadeempregorj.com.br\\\/#\\\/schema\\\/person\\\/3ddb19fa0539706786e502152f3aae95\"},\"description\":\"Veja em Vagas de Emprego RJ as vagas de emprego com e sem experi\u00eancia no seu Estado e Regi\u00e3o!\",\"breadcrumb\":{\"@id\":\"https:\\\/\\\/www.vagadeempregorj.com.br\\\/empregos-daf-caminhoes\\\/#breadcrumb\"},\"inLanguage\":\"es\",\"potentialAction\":[{\"@type\":\"ReadAction\",\"target\":[\"https:\\\/\\\/www.vagadeempregorj.com.br\\\/empregos-daf-caminhoes\\\/\"]}]},{\"@type\":\"ImageObject\",\"inLanguage\":\"es\",\"@id\":\"https:\\\/\\\/www.vagadeempregorj.com.br\\\/empregos-daf-caminhoes\\\/#primaryimage\",\"url\":\"https:\\\/\\\/www.vagadeempregorj.com.br\\\/wp-content\\\/uploads\\\/2022\\\/11\\\/empregos-daf-caminhoes.jpg\",\"contentUrl\":\"https:\\\/\\\/www.vagadeempregorj.com.br\\\/wp-content\\\/uploads\\\/2022\\\/11\\\/empregos-daf-caminhoes.jpg\",\"width\":800,\"height\":453,\"caption\":\"Imagem: DAF Caminh\u00f5es - Reprodu\u00e7\u00e3o\"},{\"@type\":\"BreadcrumbList\",\"@id\":\"https:\\\/\\\/www.vagadeempregorj.com.br\\\/empregos-daf-caminhoes\\\/#breadcrumb\",\"itemListElement\":[{\"@type\":\"ListItem\",\"position\":1,\"name\":\"In\u00edcio\",\"item\":\"https:\\\/\\\/www.vagadeempregorj.com.br\\\/\"},{\"@type\":\"ListItem\",\"position\":2,\"name\":\"Vagas de Emprego Nacionais\",\"item\":\"https:\\\/\\\/www.vagadeempregorj.com.br\\\/vagas-de-emprego-nacionais\\\/\"},{\"@type\":\"ListItem\",\"position\":3,\"name\":\"Consultor de Vendas, Analistas, Operador de Vendas, Gerente e muito mais na Empresa DAF Caminh\u00f5es\"}]},{\"@type\":\"WebSite\",\"@id\":\"https:\\\/\\\/www.vagadeempregorj.com.br\\\/#website\",\"url\":\"https:\\\/\\\/www.vagadeempregorj.com.br\\\/\",\"name\":\"\",\"description\":\"Conquiste Sonhos: Vagas, Benef\u00edcios e Economia para Transformar Vidas e Alcan\u00e7ar Melhorias Cotidianas\",\"potentialAction\":[{\"@type\":\"SearchAction\",\"target\":{\"@type\":\"EntryPoint\",\"urlTemplate\":\"https:\\\/\\\/www.vagadeempregorj.com.br\\\/?s={search_term_string}\"},\"query-input\":{\"@type\":\"PropertyValueSpecification\",\"valueRequired\":true,\"valueName\":\"search_term_string\"}}],\"inLanguage\":\"es\"},{\"@type\":\"Person\",\"@id\":\"https:\\\/\\\/www.vagadeempregorj.com.br\\\/#\\\/schema\\\/person\\\/3ddb19fa0539706786e502152f3aae95\",\"name\":\"Michele\",\"image\":{\"@type\":\"ImageObject\",\"inLanguage\":\"es\",\"@id\":\"https:\\\/\\\/secure.gravatar.com\\\/avatar\\\/6b0eb9d22841282815e2cd856a0061c45e1761cd54b22e952d98c4746939aa85?s=96&r=g\",\"url\":\"https:\\\/\\\/secure.gravatar.com\\\/avatar\\\/6b0eb9d22841282815e2cd856a0061c45e1761cd54b22e952d98c4746939aa85?s=96&r=g\",\"contentUrl\":\"https:\\\/\\\/secure.gravatar.com\\\/avatar\\\/6b0eb9d22841282815e2cd856a0061c45e1761cd54b22e952d98c4746939aa85?s=96&r=g\",\"caption\":\"Michele\"},\"description\":\"Formada em Letras - Portugu\u00eas\\\/ Ingl\u00eas, e idealizadora do site Escritora de Sucesso, busca expandir o conhecimento de todos com informa\u00e7\u00f5es relevantes sobre diversos assuntos, enquanto redatora. No Vaga de Emprego RJ, traz oportunidades e dicas sobre o mercado de trabalho.\",\"url\":\"https:\\\/\\\/www.vagadeempregorj.com.br\\\/es\\\/author\\\/michele\\\/\"}]}<\/script>\n<!-- \/ Yoast SEO plugin. -->","yoast_head_json":{"title":"Consultor de Vendas, Analistas, Operador de Vendas, Gerente e muito mais na Empresa DAF Caminh\u00f5es -","description":"Veja em Vagas de Emprego RJ as vagas de emprego com e sem experi\u00eancia no seu Estado e Regi\u00e3o!","robots":{"index":"index","follow":"follow","max-snippet":"max-snippet:-1","max-image-preview":"max-image-preview:large","max-video-preview":"max-video-preview:-1"},"canonical":"https:\/\/www.vagadeempregorj.com.br\/es\/empregos-daf-caminhoes\/","og_locale":"es_MX","og_type":"article","og_title":"Consultor de Vendas, Analistas, Operador de Vendas, Gerente e muito mais na Empresa DAF Caminh\u00f5es -","og_description":"Veja em Vagas de Emprego RJ as vagas de emprego com e sem experi\u00eancia no seu Estado e Regi\u00e3o!","og_url":"https:\/\/www.vagadeempregorj.com.br\/es\/empregos-daf-caminhoes\/","article_publisher":"https:\/\/www.facebook.com\/empregobrasiloficial","article_published_time":"2023-09-25T04:02:00+00:00","og_image":[{"width":800,"height":453,"url":"https:\/\/www.vagadeempregorj.com.br\/wp-content\/uploads\/2022\/11\/empregos-daf-caminhoes.jpg","type":"image\/jpeg"}],"author":"Michele","twitter_card":"summary_large_image","twitter_misc":{"Escrito por":"Michele","Tiempo de lectura":"3 minutos"},"schema":{"@context":"https:\/\/schema.org","@graph":[{"@type":"Article","@id":"https:\/\/www.vagadeempregorj.com.br\/empregos-daf-caminhoes\/#article","isPartOf":{"@id":"https:\/\/www.vagadeempregorj.com.br\/empregos-daf-caminhoes\/"},"author":{"name":"Michele","@id":"https:\/\/www.vagadeempregorj.com.br\/#\/schema\/person\/3ddb19fa0539706786e502152f3aae95"},"headline":"Consultor de Vendas, Analistas, Operador de Vendas, Gerente e muito mais na Empresa DAF Caminh\u00f5es","datePublished":"2023-09-25T04:02:00+00:00","mainEntityOfPage":{"@id":"https:\/\/www.vagadeempregorj.com.br\/empregos-daf-caminhoes\/"},"wordCount":560,"commentCount":0,"image":{"@id":"https:\/\/www.vagadeempregorj.com.br\/empregos-daf-caminhoes\/#primaryimage"},"thumbnailUrl":"https:\/\/www.vagadeempregorj.com.br\/wp-content\/uploads\/2022\/11\/empregos-daf-caminhoes.jpg","keywords":["DAF Caminh\u00f5es","oportunidades","vagas de emprego"],"articleSection":["Vagas de Emprego Nacionais"],"inLanguage":"es","potentialAction":[{"@type":"CommentAction","name":"Comment","target":["https:\/\/www.vagadeempregorj.com.br\/empregos-daf-caminhoes\/#respond"]}]},{"@type":"WebPage","@id":"https:\/\/www.vagadeempregorj.com.br\/empregos-daf-caminhoes\/","url":"https:\/\/www.vagadeempregorj.com.br\/empregos-daf-caminhoes\/","name":"Consultor de Vendas, Analistas, Operador de Vendas, Gerente e muito mais na Empresa DAF Caminh\u00f5es -","isPartOf":{"@id":"https:\/\/www.vagadeempregorj.com.br\/#website"},"primaryImageOfPage":{"@id":"https:\/\/www.vagadeempregorj.com.br\/empregos-daf-caminhoes\/#primaryimage"},"image":{"@id":"https:\/\/www.vagadeempregorj.com.br\/empregos-daf-caminhoes\/#primaryimage"},"thumbnailUrl":"https:\/\/www.vagadeempregorj.com.br\/wp-content\/uploads\/2022\/11\/empregos-daf-caminhoes.jpg","datePublished":"2023-09-25T04:02:00+00:00","author":{"@id":"https:\/\/www.vagadeempregorj.com.br\/#\/schema\/person\/3ddb19fa0539706786e502152f3aae95"},"description":"Veja em Vagas de Emprego RJ as vagas de emprego com e sem experi\u00eancia no seu Estado e Regi\u00e3o!","breadcrumb":{"@id":"https:\/\/www.vagadeempregorj.com.br\/empregos-daf-caminhoes\/#breadcrumb"},"inLanguage":"es","potentialAction":[{"@type":"ReadAction","target":["https:\/\/www.vagadeempregorj.com.br\/empregos-daf-caminhoes\/"]}]},{"@type":"ImageObject","inLanguage":"es","@id":"https:\/\/www.vagadeempregorj.com.br\/empregos-daf-caminhoes\/#primaryimage","url":"https:\/\/www.vagadeempregorj.com.br\/wp-content\/uploads\/2022\/11\/empregos-daf-caminhoes.jpg","contentUrl":"https:\/\/www.vagadeempregorj.com.br\/wp-content\/uploads\/2022\/11\/empregos-daf-caminhoes.jpg","width":800,"height":453,"caption":"Imagem: DAF Caminh\u00f5es - Reprodu\u00e7\u00e3o"},{"@type":"BreadcrumbList","@id":"https:\/\/www.vagadeempregorj.com.br\/empregos-daf-caminhoes\/#breadcrumb","itemListElement":[{"@type":"ListItem","position":1,"name":"In\u00edcio","item":"https:\/\/www.vagadeempregorj.com.br\/"},{"@type":"ListItem","position":2,"name":"Vagas de Emprego Nacionais","item":"https:\/\/www.vagadeempregorj.com.br\/vagas-de-emprego-nacionais\/"},{"@type":"ListItem","position":3,"name":"Consultor de Vendas, Analistas, Operador de Vendas, Gerente e muito mais na Empresa DAF Caminh\u00f5es"}]},{"@type":"WebSite","@id":"https:\/\/www.vagadeempregorj.com.br\/#website","url":"https:\/\/www.vagadeempregorj.com.br\/","name":"","description":"Haz realidad tus sue\u00f1os: Ofertas de empleo, beneficios y ahorros para transformar vidas y lograr mejoras cotidianas.","potentialAction":[{"@type":"SearchAction","target":{"@type":"EntryPoint","urlTemplate":"https:\/\/www.vagadeempregorj.com.br\/?s={search_term_string}"},"query-input":{"@type":"PropertyValueSpecification","valueRequired":true,"valueName":"search_term_string"}}],"inLanguage":"es"},{"@type":"Person","@id":"https:\/\/www.vagadeempregorj.com.br\/#\/schema\/person\/3ddb19fa0539706786e502152f3aae95","name":"Michele","image":{"@type":"ImageObject","inLanguage":"es","@id":"https:\/\/secure.gravatar.com\/avatar\/6b0eb9d22841282815e2cd856a0061c45e1761cd54b22e952d98c4746939aa85?s=96&r=g","url":"https:\/\/secure.gravatar.com\/avatar\/6b0eb9d22841282815e2cd856a0061c45e1761cd54b22e952d98c4746939aa85?s=96&r=g","contentUrl":"https:\/\/secure.gravatar.com\/avatar\/6b0eb9d22841282815e2cd856a0061c45e1761cd54b22e952d98c4746939aa85?s=96&r=g","caption":"Michele"},"description":"Formada em Letras - Portugu\u00eas\/ Ingl\u00eas, e idealizadora do site Escritora de Sucesso, busca expandir o conhecimento de todos com informa\u00e7\u00f5es relevantes sobre diversos assuntos, enquanto redatora. No Vaga de Emprego RJ, traz oportunidades e dicas sobre o mercado de trabalho.","url":"https:\/\/www.vagadeempregorj.com.br\/es\/author\/michele\/"}]}},"_links":{"self":[{"href":"https:\/\/www.vagadeempregorj.com.br\/es\/wp-json\/wp\/v2\/posts\/36013","targetHints":{"allow":["GET"]}}],"collection":[{"href":"https:\/\/www.vagadeempregorj.com.br\/es\/wp-json\/wp\/v2\/posts"}],"about":[{"href":"https:\/\/www.vagadeempregorj.com.br\/es\/wp-json\/wp\/v2\/types\/post"}],"author":[{"embeddable":true,"href":"https:\/\/www.vagadeempregorj.com.br\/es\/wp-json\/wp\/v2\/users\/16"}],"replies":[{"embeddable":true,"href":"https:\/\/www.vagadeempregorj.com.br\/es\/wp-json\/wp\/v2\/comments?post=36013"}],"version-history":[{"count":0,"href":"https:\/\/www.vagadeempregorj.com.br\/es\/wp-json\/wp\/v2\/posts\/36013\/revisions"}],"wp:featuredmedia":[{"embeddable":true,"href":"https:\/\/www.vagadeempregorj.com.br\/es\/wp-json\/wp\/v2\/media\/36018"}],"wp:attachment":[{"href":"https:\/\/www.vagadeempregorj.com.br\/es\/wp-json\/wp\/v2\/media?parent=36013"}],"wp:term":[{"taxonomy":"category","embeddable":true,"href":"https:\/\/www.vagadeempregorj.com.br\/es\/wp-json\/wp\/v2\/categories?post=36013"},{"taxonomy":"post_tag","embeddable":true,"href":"https:\/\/www.vagadeempregorj.com.br\/es\/wp-json\/wp\/v2\/tags?post=36013"}],"curies":[{"name":"wp","href":"https:\/\/api.w.org\/{rel}","templated":true}]}}