{"id":36015,"date":"2023-11-16T01:01:00","date_gmt":"2023-11-16T04:01:00","guid":{"rendered":"https:\/\/www.vagadeempregorj.com.br\/?p=36015"},"modified":"2023-11-15T12:32:55","modified_gmt":"2023-11-15T15:32:55","slug":"empregos-tecfil","status":"publish","type":"post","link":"https:\/\/www.vagadeempregorj.com.br\/es\/empregos-tecfil\/","title":{"rendered":"T\u00e9cnico em Seguran\u00e7a do Trabalho, Jovem Aprendiz, Assistente de PCP e mais na Empresa Tecfil"},"content":{"rendered":"<p>Atualizado<\/p>\n\n\n<div class=\"wp-block-post-date\"><time datetime=\"2023-11-16T01:01:00-03:00\">16\/11\/2023<\/time><\/div>\n\n\n<p>Os<strong> Empregos Tecfil<\/strong> prezam o respeito pelas pessoas e a melhoria cont\u00ednua de seus produtos e processos, praticando a agilidade e flexibilidade diariamente em todas as \u00e1reas de atua\u00e7\u00e3o. A companhia encoraja seus funcion\u00e1rios a participar ativamente do desenvolvimento das condi\u00e7\u00f5es de trabalho e oferece a chance de faz\u00ea-lo por meio de uma variedade de metodologias, fortalecendo o trabalho individual e o trabalho em equipe. Continue lendo e tenha acesso a todas as informa\u00e7\u00f5es.<\/p>\n\n\n\n<figure class=\"wp-block-image size-full\"><img loading=\"lazy\" decoding=\"async\" width=\"383\" height=\"131\" src=\"https:\/\/www.vagadeempregorj.com.br\/wp-content\/uploads\/2022\/11\/empregos-tecfil.png\" alt=\"empregos tecfil\" class=\"wp-image-36019\" srcset=\"https:\/\/www.vagadeempregorj.com.br\/wp-content\/uploads\/2022\/11\/empregos-tecfil.png 383w, https:\/\/www.vagadeempregorj.com.br\/wp-content\/uploads\/2022\/11\/empregos-tecfil-300x103.png 300w, https:\/\/www.vagadeempregorj.com.br\/wp-content\/uploads\/2022\/11\/empregos-tecfil-150x51.png 150w\" sizes=\"auto, (max-width: 383px) 100vw, 383px\" \/><figcaption class=\"wp-element-caption\">Imagem: TecFil &#8211; Reprodu\u00e7\u00e3o<\/figcaption><\/figure>\n\n\n\n<h2 class=\"wp-block-heading\">Confira as oportunidades de empregos Tecfil<\/h2>\n\n\n\n<p>Sua probabilidade de ser contratado pela empresa Tecfil aumenta significativamente se voc\u00ea residir em uma regi\u00e3o pr\u00f3xima \u00e0s unidades de contrata\u00e7\u00e3o. A empresa tem locais em todo o pa\u00eds. Aqueles que est\u00e3o interessados devem aderir aos padr\u00f5es m\u00ednimos estabelecidos dentro da \u00e1rea desejada.&nbsp;<\/p>\n\n\n\n<p>A empresa oferece vagas efetivas de n\u00edvel m\u00e9dio, t\u00e9cnico e superior, oportunidades de est\u00e1gio, aprendiz e um banco de talentos onde os indiv\u00edduos podem registrar seus curr\u00edculos para poss\u00edveis oportunidades futuras se n\u00e3o conseguirem encontrar vagas que se encaixem em seus perfis. Veja algumas oportunidades que podem ser preenchidas:<\/p>\n\n\n\n<ul class=\"wp-block-list\">\n<li>Assistente de PCP;<\/li>\n\n\n\n<li>T\u00e9cnico em Seguran\u00e7a do Trabalho J\u00fanior;<\/li>\n\n\n\n<li>Oportunidades para Jovem Aprendiz.&nbsp;<\/li>\n<\/ul>\n\n\n\n<h3 class=\"wp-block-heading\">Como se cadastrar<\/h3>\n\n\n\n<p>Existem alguns requisitos que devem ser atendidos para se juntar \u00e0 equipe Tecfil. A empresa oferece vagas com frequ\u00eancia, portanto, se o candidato n\u00e3o encontrar nenhuma que corresponda ao seu perfil, ele poder\u00e1 realizar novas consultas mais tarde, porque o link estar\u00e1 ativo por um per\u00edodo arbitr\u00e1rio de tempo. Suas oportunidades variam do n\u00edvel m\u00e9dio, intermedi\u00e1rio e superior, e voc\u00ea pode acessar todas as informa\u00e7\u00f5es necess\u00e1rias atrav\u00e9s do site:<\/p>\n\n\n\n<ul class=\"wp-block-list\">\n<li><a href=\"https:\/\/www.tecfil.com.br\/recursos-humanos\/\">Carreiras Tecfil<\/a>.&nbsp;&nbsp;<\/li>\n<\/ul>\n\n\n\n<p>Al\u00e9m de sal\u00e1rios fixos, a companhia tamb\u00e9m oferece v\u00e1rios benef\u00edcios, incluindo restaurante interno, plano de sa\u00fade, cesta b\u00e1sica, seguro de vida, vale alimenta\u00e7\u00e3o, participa\u00e7\u00e3o de lucros e plano odontol\u00f3gico.&nbsp;<\/p>\n\n\n\n<p><strong>Veja tamb\u00e9m: <a href=\"https:\/\/www.vagadeempregorj.com.br\/es\/empregos-estacio-2\/\">Assistente Administrativo PCD, Auxiliar Administrativo, Auxiliar de Inform\u00e1tica e muito mais na Empresa Est\u00e1cio<\/a><\/strong><\/p>\n\n\n\n<h2 class=\"wp-block-heading\">Sobre a empresa Tecfil<\/h2>\n\n\n\n<p>Fundada no ano de 1953, a empresa TECFIL \u00e9 uma das maiores refer\u00eancias em filtros automotivos, presente neste mercado h\u00e1 mais de sessenta anos. Com o passar dos anos a companhia se especializou no segmento, o que a tornou a maior f\u00e1brica de filtros dentro da Am\u00e9rica Latina, reconhecida nacional e internacionalmente.&nbsp;<\/p>\n\n\n\n<p>Suas unidades operam com a mais alta tecnologia, desde as m\u00e1quinas at\u00e9 os laborat\u00f3rios, todos equipados com a \u00faltima gera\u00e7\u00e3o. A Tecfil tamb\u00e9m promove cursos de segmento de filtro, de maneira gratuita, que podem ser assistidos por todo o p\u00fablico. Atualmente a empresa \u00e9 uma das maiores no segmento de reposi\u00e7\u00e3o automotiva.&nbsp;<\/p>\n\n\n\n<p>A companhia tem como miss\u00e3o oferecer aos seus clientes produtos com a mais alta tecnologia, al\u00e9m de valorizar todos os seus colaboradores, preservando o meio ambiente com pr\u00e1ticas que garantem a responsabilidade social.&nbsp;<\/p>\n\n\n\n<p>A Tecfil al\u00e9m de disponibilizar seus produtos por todo o Brasil comercializa para mais de vinte pa\u00edses, sendo reconhecida em diversas regi\u00f5es do mundo.&nbsp;&nbsp;<\/p>","protected":false},"excerpt":{"rendered":"<p>Atualizado Os Empregos Tecfil prezam o respeito pelas pessoas e a melhoria cont\u00ednua de seus produtos e processos, praticando a agilidade e flexibilidade diariamente em todas as \u00e1reas de atua\u00e7\u00e3o. A companhia encoraja seus funcion\u00e1rios a participar ativamente do desenvolvimento das condi\u00e7\u00f5es de trabalho e oferece a chance de faz\u00ea-lo por meio de uma variedade&hellip;&nbsp;<\/p>","protected":false},"author":16,"featured_media":36019,"comment_status":"open","ping_status":"closed","sticky":false,"template":"","format":"standard","meta":{"neve_meta_sidebar":"","neve_meta_container":"","neve_meta_enable_content_width":"","neve_meta_content_width":0,"neve_meta_title_alignment":"","neve_meta_author_avatar":"","neve_post_elements_order":"","neve_meta_disable_header":"","neve_meta_disable_footer":"","neve_meta_disable_title":"","footnotes":""},"categories":[123],"tags":[608,663,211],"class_list":["post-36015","post","type-post","status-publish","format-standard","has-post-thumbnail","hentry","category-vagas-de-emprego-nacionais","tag-oportunidades","tag-tecfil","tag-vagas-de-emprego"],"yoast_head":"<!-- This site is optimized with the Yoast SEO plugin v27.5 - https:\/\/yoast.com\/product\/yoast-seo-wordpress\/ -->\n<title>T\u00e9cnico em Seguran\u00e7a do Trabalho, Jovem Aprendiz, Assistente de PCP e mais na Empresa Tecfil -<\/title>\n<meta name=\"description\" content=\"Veja em Vagas de Emprego RJ as vagas de emprego com e sem experi\u00eancia no seu Estado e Regi\u00e3o!\" \/>\n<meta name=\"robots\" content=\"index, follow, max-snippet:-1, max-image-preview:large, max-video-preview:-1\" \/>\n<link rel=\"canonical\" href=\"https:\/\/www.vagadeempregorj.com.br\/es\/empregos-tecfil\/\" \/>\n<meta property=\"og:locale\" content=\"es_MX\" \/>\n<meta property=\"og:type\" content=\"article\" \/>\n<meta property=\"og:title\" content=\"T\u00e9cnico em Seguran\u00e7a do Trabalho, Jovem Aprendiz, Assistente de PCP e mais na Empresa Tecfil -\" \/>\n<meta property=\"og:description\" content=\"Veja em Vagas de Emprego RJ as vagas de emprego com e sem experi\u00eancia no seu Estado e Regi\u00e3o!\" \/>\n<meta property=\"og:url\" content=\"https:\/\/www.vagadeempregorj.com.br\/es\/empregos-tecfil\/\" \/>\n<meta property=\"article:publisher\" content=\"https:\/\/www.facebook.com\/empregobrasiloficial\" \/>\n<meta property=\"article:published_time\" content=\"2023-11-16T04:01:00+00:00\" \/>\n<meta property=\"og:image\" content=\"https:\/\/www.vagadeempregorj.com.br\/wp-content\/uploads\/2022\/11\/empregos-tecfil.png\" \/>\n\t<meta property=\"og:image:width\" content=\"383\" \/>\n\t<meta property=\"og:image:height\" content=\"131\" \/>\n\t<meta property=\"og:image:type\" content=\"image\/png\" \/>\n<meta name=\"author\" content=\"Michele\" \/>\n<meta name=\"twitter:card\" content=\"summary_large_image\" \/>\n<meta name=\"twitter:label1\" content=\"Written by\" \/>\n\t<meta name=\"twitter:data1\" content=\"Michele\" \/>\n\t<meta name=\"twitter:label2\" content=\"Est. reading time\" \/>\n\t<meta name=\"twitter:data2\" content=\"3 minutos\" \/>\n<script type=\"application\/ld+json\" class=\"yoast-schema-graph\">{\"@context\":\"https:\\\/\\\/schema.org\",\"@graph\":[{\"@type\":\"Article\",\"@id\":\"https:\\\/\\\/www.vagadeempregorj.com.br\\\/empregos-tecfil\\\/#article\",\"isPartOf\":{\"@id\":\"https:\\\/\\\/www.vagadeempregorj.com.br\\\/empregos-tecfil\\\/\"},\"author\":{\"name\":\"Michele\",\"@id\":\"https:\\\/\\\/www.vagadeempregorj.com.br\\\/#\\\/schema\\\/person\\\/3ddb19fa0539706786e502152f3aae95\"},\"headline\":\"T\u00e9cnico em Seguran\u00e7a do Trabalho, Jovem Aprendiz, Assistente de PCP e mais na Empresa Tecfil\",\"datePublished\":\"2023-11-16T04:01:00+00:00\",\"mainEntityOfPage\":{\"@id\":\"https:\\\/\\\/www.vagadeempregorj.com.br\\\/empregos-tecfil\\\/\"},\"wordCount\":560,\"commentCount\":0,\"image\":{\"@id\":\"https:\\\/\\\/www.vagadeempregorj.com.br\\\/empregos-tecfil\\\/#primaryimage\"},\"thumbnailUrl\":\"https:\\\/\\\/www.vagadeempregorj.com.br\\\/wp-content\\\/uploads\\\/2022\\\/11\\\/empregos-tecfil.png\",\"keywords\":[\"oportunidades\",\"TecFil\",\"vagas de emprego\"],\"articleSection\":[\"Vagas de Emprego Nacionais\"],\"inLanguage\":\"es\",\"potentialAction\":[{\"@type\":\"CommentAction\",\"name\":\"Comment\",\"target\":[\"https:\\\/\\\/www.vagadeempregorj.com.br\\\/empregos-tecfil\\\/#respond\"]}]},{\"@type\":\"WebPage\",\"@id\":\"https:\\\/\\\/www.vagadeempregorj.com.br\\\/empregos-tecfil\\\/\",\"url\":\"https:\\\/\\\/www.vagadeempregorj.com.br\\\/empregos-tecfil\\\/\",\"name\":\"T\u00e9cnico em Seguran\u00e7a do Trabalho, Jovem Aprendiz, Assistente de PCP e mais na Empresa Tecfil -\",\"isPartOf\":{\"@id\":\"https:\\\/\\\/www.vagadeempregorj.com.br\\\/#website\"},\"primaryImageOfPage\":{\"@id\":\"https:\\\/\\\/www.vagadeempregorj.com.br\\\/empregos-tecfil\\\/#primaryimage\"},\"image\":{\"@id\":\"https:\\\/\\\/www.vagadeempregorj.com.br\\\/empregos-tecfil\\\/#primaryimage\"},\"thumbnailUrl\":\"https:\\\/\\\/www.vagadeempregorj.com.br\\\/wp-content\\\/uploads\\\/2022\\\/11\\\/empregos-tecfil.png\",\"datePublished\":\"2023-11-16T04:01:00+00:00\",\"author\":{\"@id\":\"https:\\\/\\\/www.vagadeempregorj.com.br\\\/#\\\/schema\\\/person\\\/3ddb19fa0539706786e502152f3aae95\"},\"description\":\"Veja em Vagas de Emprego RJ as vagas de emprego com e sem experi\u00eancia no seu Estado e Regi\u00e3o!\",\"breadcrumb\":{\"@id\":\"https:\\\/\\\/www.vagadeempregorj.com.br\\\/empregos-tecfil\\\/#breadcrumb\"},\"inLanguage\":\"es\",\"potentialAction\":[{\"@type\":\"ReadAction\",\"target\":[\"https:\\\/\\\/www.vagadeempregorj.com.br\\\/empregos-tecfil\\\/\"]}]},{\"@type\":\"ImageObject\",\"inLanguage\":\"es\",\"@id\":\"https:\\\/\\\/www.vagadeempregorj.com.br\\\/empregos-tecfil\\\/#primaryimage\",\"url\":\"https:\\\/\\\/www.vagadeempregorj.com.br\\\/wp-content\\\/uploads\\\/2022\\\/11\\\/empregos-tecfil.png\",\"contentUrl\":\"https:\\\/\\\/www.vagadeempregorj.com.br\\\/wp-content\\\/uploads\\\/2022\\\/11\\\/empregos-tecfil.png\",\"width\":383,\"height\":131,\"caption\":\"Imagem: TecFil - Reprodu\u00e7\u00e3o\"},{\"@type\":\"BreadcrumbList\",\"@id\":\"https:\\\/\\\/www.vagadeempregorj.com.br\\\/empregos-tecfil\\\/#breadcrumb\",\"itemListElement\":[{\"@type\":\"ListItem\",\"position\":1,\"name\":\"In\u00edcio\",\"item\":\"https:\\\/\\\/www.vagadeempregorj.com.br\\\/\"},{\"@type\":\"ListItem\",\"position\":2,\"name\":\"Vagas de Emprego Nacionais\",\"item\":\"https:\\\/\\\/www.vagadeempregorj.com.br\\\/vagas-de-emprego-nacionais\\\/\"},{\"@type\":\"ListItem\",\"position\":3,\"name\":\"T\u00e9cnico em Seguran\u00e7a do Trabalho, Jovem Aprendiz, Assistente de PCP e mais na Empresa Tecfil\"}]},{\"@type\":\"WebSite\",\"@id\":\"https:\\\/\\\/www.vagadeempregorj.com.br\\\/#website\",\"url\":\"https:\\\/\\\/www.vagadeempregorj.com.br\\\/\",\"name\":\"\",\"description\":\"Conquiste Sonhos: Vagas, Benef\u00edcios e Economia para Transformar Vidas e Alcan\u00e7ar Melhorias Cotidianas\",\"potentialAction\":[{\"@type\":\"SearchAction\",\"target\":{\"@type\":\"EntryPoint\",\"urlTemplate\":\"https:\\\/\\\/www.vagadeempregorj.com.br\\\/?s={search_term_string}\"},\"query-input\":{\"@type\":\"PropertyValueSpecification\",\"valueRequired\":true,\"valueName\":\"search_term_string\"}}],\"inLanguage\":\"es\"},{\"@type\":\"Person\",\"@id\":\"https:\\\/\\\/www.vagadeempregorj.com.br\\\/#\\\/schema\\\/person\\\/3ddb19fa0539706786e502152f3aae95\",\"name\":\"Michele\",\"image\":{\"@type\":\"ImageObject\",\"inLanguage\":\"es\",\"@id\":\"https:\\\/\\\/secure.gravatar.com\\\/avatar\\\/6b0eb9d22841282815e2cd856a0061c45e1761cd54b22e952d98c4746939aa85?s=96&r=g\",\"url\":\"https:\\\/\\\/secure.gravatar.com\\\/avatar\\\/6b0eb9d22841282815e2cd856a0061c45e1761cd54b22e952d98c4746939aa85?s=96&r=g\",\"contentUrl\":\"https:\\\/\\\/secure.gravatar.com\\\/avatar\\\/6b0eb9d22841282815e2cd856a0061c45e1761cd54b22e952d98c4746939aa85?s=96&r=g\",\"caption\":\"Michele\"},\"description\":\"Formada em Letras - Portugu\u00eas\\\/ Ingl\u00eas, e idealizadora do site Escritora de Sucesso, busca expandir o conhecimento de todos com informa\u00e7\u00f5es relevantes sobre diversos assuntos, enquanto redatora. No Vaga de Emprego RJ, traz oportunidades e dicas sobre o mercado de trabalho.\",\"url\":\"https:\\\/\\\/www.vagadeempregorj.com.br\\\/es\\\/author\\\/michele\\\/\"}]}<\/script>\n<!-- \/ Yoast SEO plugin. -->","yoast_head_json":{"title":"T\u00e9cnico em Seguran\u00e7a do Trabalho, Jovem Aprendiz, Assistente de PCP e mais na Empresa Tecfil -","description":"Veja em Vagas de Emprego RJ as vagas de emprego com e sem experi\u00eancia no seu Estado e Regi\u00e3o!","robots":{"index":"index","follow":"follow","max-snippet":"max-snippet:-1","max-image-preview":"max-image-preview:large","max-video-preview":"max-video-preview:-1"},"canonical":"https:\/\/www.vagadeempregorj.com.br\/es\/empregos-tecfil\/","og_locale":"es_MX","og_type":"article","og_title":"T\u00e9cnico em Seguran\u00e7a do Trabalho, Jovem Aprendiz, Assistente de PCP e mais na Empresa Tecfil -","og_description":"Veja em Vagas de Emprego RJ as vagas de emprego com e sem experi\u00eancia no seu Estado e Regi\u00e3o!","og_url":"https:\/\/www.vagadeempregorj.com.br\/es\/empregos-tecfil\/","article_publisher":"https:\/\/www.facebook.com\/empregobrasiloficial","article_published_time":"2023-11-16T04:01:00+00:00","og_image":[{"width":383,"height":131,"url":"https:\/\/www.vagadeempregorj.com.br\/wp-content\/uploads\/2022\/11\/empregos-tecfil.png","type":"image\/png"}],"author":"Michele","twitter_card":"summary_large_image","twitter_misc":{"Written by":"Michele","Est. reading time":"3 minutos"},"schema":{"@context":"https:\/\/schema.org","@graph":[{"@type":"Article","@id":"https:\/\/www.vagadeempregorj.com.br\/empregos-tecfil\/#article","isPartOf":{"@id":"https:\/\/www.vagadeempregorj.com.br\/empregos-tecfil\/"},"author":{"name":"Michele","@id":"https:\/\/www.vagadeempregorj.com.br\/#\/schema\/person\/3ddb19fa0539706786e502152f3aae95"},"headline":"T\u00e9cnico em Seguran\u00e7a do Trabalho, Jovem Aprendiz, Assistente de PCP e mais na Empresa Tecfil","datePublished":"2023-11-16T04:01:00+00:00","mainEntityOfPage":{"@id":"https:\/\/www.vagadeempregorj.com.br\/empregos-tecfil\/"},"wordCount":560,"commentCount":0,"image":{"@id":"https:\/\/www.vagadeempregorj.com.br\/empregos-tecfil\/#primaryimage"},"thumbnailUrl":"https:\/\/www.vagadeempregorj.com.br\/wp-content\/uploads\/2022\/11\/empregos-tecfil.png","keywords":["oportunidades","TecFil","vagas de emprego"],"articleSection":["Vagas de Emprego Nacionais"],"inLanguage":"es","potentialAction":[{"@type":"CommentAction","name":"Comment","target":["https:\/\/www.vagadeempregorj.com.br\/empregos-tecfil\/#respond"]}]},{"@type":"WebPage","@id":"https:\/\/www.vagadeempregorj.com.br\/empregos-tecfil\/","url":"https:\/\/www.vagadeempregorj.com.br\/empregos-tecfil\/","name":"T\u00e9cnico em Seguran\u00e7a do Trabalho, Jovem Aprendiz, Assistente de PCP e mais na Empresa Tecfil -","isPartOf":{"@id":"https:\/\/www.vagadeempregorj.com.br\/#website"},"primaryImageOfPage":{"@id":"https:\/\/www.vagadeempregorj.com.br\/empregos-tecfil\/#primaryimage"},"image":{"@id":"https:\/\/www.vagadeempregorj.com.br\/empregos-tecfil\/#primaryimage"},"thumbnailUrl":"https:\/\/www.vagadeempregorj.com.br\/wp-content\/uploads\/2022\/11\/empregos-tecfil.png","datePublished":"2023-11-16T04:01:00+00:00","author":{"@id":"https:\/\/www.vagadeempregorj.com.br\/#\/schema\/person\/3ddb19fa0539706786e502152f3aae95"},"description":"Veja em Vagas de Emprego RJ as vagas de emprego com e sem experi\u00eancia no seu Estado e Regi\u00e3o!","breadcrumb":{"@id":"https:\/\/www.vagadeempregorj.com.br\/empregos-tecfil\/#breadcrumb"},"inLanguage":"es","potentialAction":[{"@type":"ReadAction","target":["https:\/\/www.vagadeempregorj.com.br\/empregos-tecfil\/"]}]},{"@type":"ImageObject","inLanguage":"es","@id":"https:\/\/www.vagadeempregorj.com.br\/empregos-tecfil\/#primaryimage","url":"https:\/\/www.vagadeempregorj.com.br\/wp-content\/uploads\/2022\/11\/empregos-tecfil.png","contentUrl":"https:\/\/www.vagadeempregorj.com.br\/wp-content\/uploads\/2022\/11\/empregos-tecfil.png","width":383,"height":131,"caption":"Imagem: TecFil - Reprodu\u00e7\u00e3o"},{"@type":"BreadcrumbList","@id":"https:\/\/www.vagadeempregorj.com.br\/empregos-tecfil\/#breadcrumb","itemListElement":[{"@type":"ListItem","position":1,"name":"In\u00edcio","item":"https:\/\/www.vagadeempregorj.com.br\/"},{"@type":"ListItem","position":2,"name":"Vagas de Emprego Nacionais","item":"https:\/\/www.vagadeempregorj.com.br\/vagas-de-emprego-nacionais\/"},{"@type":"ListItem","position":3,"name":"T\u00e9cnico em Seguran\u00e7a do Trabalho, Jovem Aprendiz, Assistente de PCP e mais na Empresa Tecfil"}]},{"@type":"WebSite","@id":"https:\/\/www.vagadeempregorj.com.br\/#website","url":"https:\/\/www.vagadeempregorj.com.br\/","name":"","description":"Conquiste Sonhos: Vagas, Benef\u00edcios e Economia para Transformar Vidas e Alcan\u00e7ar Melhorias Cotidianas","potentialAction":[{"@type":"SearchAction","target":{"@type":"EntryPoint","urlTemplate":"https:\/\/www.vagadeempregorj.com.br\/?s={search_term_string}"},"query-input":{"@type":"PropertyValueSpecification","valueRequired":true,"valueName":"search_term_string"}}],"inLanguage":"es"},{"@type":"Person","@id":"https:\/\/www.vagadeempregorj.com.br\/#\/schema\/person\/3ddb19fa0539706786e502152f3aae95","name":"Michele","image":{"@type":"ImageObject","inLanguage":"es","@id":"https:\/\/secure.gravatar.com\/avatar\/6b0eb9d22841282815e2cd856a0061c45e1761cd54b22e952d98c4746939aa85?s=96&r=g","url":"https:\/\/secure.gravatar.com\/avatar\/6b0eb9d22841282815e2cd856a0061c45e1761cd54b22e952d98c4746939aa85?s=96&r=g","contentUrl":"https:\/\/secure.gravatar.com\/avatar\/6b0eb9d22841282815e2cd856a0061c45e1761cd54b22e952d98c4746939aa85?s=96&r=g","caption":"Michele"},"description":"Formada em Letras - Portugu\u00eas\/ Ingl\u00eas, e idealizadora do site Escritora de Sucesso, busca expandir o conhecimento de todos com informa\u00e7\u00f5es relevantes sobre diversos assuntos, enquanto redatora. No Vaga de Emprego RJ, traz oportunidades e dicas sobre o mercado de trabalho.","url":"https:\/\/www.vagadeempregorj.com.br\/es\/author\/michele\/"}]}},"_links":{"self":[{"href":"https:\/\/www.vagadeempregorj.com.br\/es\/wp-json\/wp\/v2\/posts\/36015","targetHints":{"allow":["GET"]}}],"collection":[{"href":"https:\/\/www.vagadeempregorj.com.br\/es\/wp-json\/wp\/v2\/posts"}],"about":[{"href":"https:\/\/www.vagadeempregorj.com.br\/es\/wp-json\/wp\/v2\/types\/post"}],"author":[{"embeddable":true,"href":"https:\/\/www.vagadeempregorj.com.br\/es\/wp-json\/wp\/v2\/users\/16"}],"replies":[{"embeddable":true,"href":"https:\/\/www.vagadeempregorj.com.br\/es\/wp-json\/wp\/v2\/comments?post=36015"}],"version-history":[{"count":0,"href":"https:\/\/www.vagadeempregorj.com.br\/es\/wp-json\/wp\/v2\/posts\/36015\/revisions"}],"wp:featuredmedia":[{"embeddable":true,"href":"https:\/\/www.vagadeempregorj.com.br\/es\/wp-json\/wp\/v2\/media\/36019"}],"wp:attachment":[{"href":"https:\/\/www.vagadeempregorj.com.br\/es\/wp-json\/wp\/v2\/media?parent=36015"}],"wp:term":[{"taxonomy":"category","embeddable":true,"href":"https:\/\/www.vagadeempregorj.com.br\/es\/wp-json\/wp\/v2\/categories?post=36015"},{"taxonomy":"post_tag","embeddable":true,"href":"https:\/\/www.vagadeempregorj.com.br\/es\/wp-json\/wp\/v2\/tags?post=36015"}],"curies":[{"name":"wp","href":"https:\/\/api.w.org\/{rel}","templated":true}]}}