{"id":36035,"date":"2023-09-25T03:34:00","date_gmt":"2023-09-25T06:34:00","guid":{"rendered":"https:\/\/www.vagadeempregorj.com.br\/?p=36035"},"modified":"2023-09-24T15:51:17","modified_gmt":"2023-09-24T18:51:17","slug":"empregos-trifil","status":"publish","type":"post","link":"https:\/\/www.vagadeempregorj.com.br\/es\/empregos-trifil\/","title":{"rendered":"Vendedora Shopping, Gerente de Loja e mais na Empresa TriFil"},"content":{"rendered":"<p>Atualizado em<\/p>\n\n\n<div class=\"wp-block-post-date\"><time datetime=\"2023-09-25T03:34:00-03:00\">25\/09\/2023<\/time><\/div>\n\n\n<p>Os <strong>Empregos TriFil <\/strong>t\u00eam destaque no mercado de trabalho devido aos benef\u00edcios ofertados pela empresa. Fundada pelos vision\u00e1rios Ludwig e Carlos Siegfried Heilberg, rapidamente se expandiu para tamb\u00e9m produzir roupas em tamanhos especiais. Contudo, \u00e9 atrav\u00e9s da fabrica\u00e7\u00e3o de meias femininas que a empresa cresceu. Eles diversificaram e em 1975, come\u00e7aram a produzir camisas polo e shorts de futebol. Depois da companhia expandir, ela foi transferida para Guarulhos em mar\u00e7o de 1980. Seis anos depois, a ind\u00fastria abandonou por completo a produ\u00e7\u00e3o de agasalhos e apostou na roupa interior. Em 1990, a segunda unidade foi conclu\u00edda e o processamento de mat\u00e9rias-primas tornou-se autossuficiente. Em 1998, apostou na \u00e1rea de sem costura, importando m\u00e1quinas italianas.<\/p>\n\n\n\n<figure class=\"wp-block-image size-full\"><img loading=\"lazy\" decoding=\"async\" width=\"300\" height=\"300\" src=\"https:\/\/www.vagadeempregorj.com.br\/wp-content\/uploads\/2022\/11\/Empregos-TriFil.jpg\" alt=\"Empregos TriFil\" class=\"wp-image-36039\" srcset=\"https:\/\/www.vagadeempregorj.com.br\/wp-content\/uploads\/2022\/11\/Empregos-TriFil.jpg 300w, https:\/\/www.vagadeempregorj.com.br\/wp-content\/uploads\/2022\/11\/Empregos-TriFil-150x150.jpg 150w, https:\/\/www.vagadeempregorj.com.br\/wp-content\/uploads\/2022\/11\/Empregos-TriFil-96x96.jpg 96w\" sizes=\"auto, (max-width: 300px) 100vw, 300px\" \/><figcaption class=\"wp-element-caption\">Imagem: TriFil &#8211; Reprodu\u00e7\u00e3o<\/figcaption><\/figure>\n\n\n\n<h2 class=\"wp-block-heading\">Conhe\u00e7a as oportunidades de Empregos TriFil<\/h2>\n\n\n\n<p>A vaga que geralmente sempre est\u00e1 aberta na empresa \u00e9 a de vendedora, que dever\u00e1 atender os clientes, expor as mercadorias, fazer as vendas e passar no caixa e organizar a loja. O cargo \u00e9 de per\u00edodo integral e o sal\u00e1rio pode chegar a R$5.000,00 por m\u00eas, pois \u00e9 pago horas extras, 13 sal\u00e1rio, comiss\u00f5es, adicional de f\u00e9rias e outros b\u00f4nus. Os benef\u00edcios ofertados s\u00e3o vale transporte e alimenta\u00e7\u00e3o. \u00c9 desej\u00e1vel que a candidata j\u00e1 possua experi\u00eancia na \u00e1rea de vendas.<\/p>\n\n\n\n<ul class=\"wp-block-list\">\n<li>Vendedora de Shopping.<\/li>\n<\/ul>\n\n\n\n<h3 class=\"wp-block-heading\">Como se candidatar<\/h3>\n\n\n\n<p>Para fazer o envio do seu curr\u00edculo para qualquer um dos cargos dispon\u00edveis, ser\u00e1 necess\u00e1rio acessar a p\u00e1gina em que \u00e9 realizada a sele\u00e7\u00e3o. Para isso, clique no link, a seguir:<\/p>\n\n\n\n<ul class=\"wp-block-list\">\n<li><a href=\"https:\/\/br.indeed.com\/cmp\/Trifil\">Vagas na Trifil<\/a>.<\/li>\n<\/ul>\n\n\n\n<p>&nbsp;Ap\u00f3s isso, procure pela vaga de interesse e fa\u00e7a a leitura de todas as exig\u00eancias pedidas para se atentar se ela \u00e9 realmente compat\u00edvel com o seu perfil profissional, visto que a maior parte delas requer experi\u00eancia anterior na fun\u00e7\u00e3o, entre outros requisitos. Em caso positivo, fa\u00e7a o seu cadastro na plataforma caso ainda n\u00e3o tenha, se j\u00e1 tiver um basta fazer o login.<\/p>\n\n\n\n<p>Caso n\u00e3o tenha nenhuma vaga especificada, vasta preencher o formul\u00e1rio e colocar todas as suas informa\u00e7\u00f5es pessoais que a empresa entrar\u00e1 em contato.<\/p>\n\n\n\n<p>No momento da entrevisto \u00e9 fundamental que o candidato esteja preparado. Normalmente, uma prova com perguntas de matem\u00e1tica e l\u00edngua portuguesa \u00e9 feita, assim como din\u00e2mica em grupos. \u00c9 poss\u00edvel que o entrevistar pergunte suas qualidades e defeitos, o motivo do candidato querer trabalhar na empresa, sua pretens\u00e3o salarial, entre outras.<\/p>\n\n\n\n<p><strong>Veja tamb\u00e9m: <a href=\"https:\/\/www.vagadeempregorj.com.br\/es\/web-stories\/vagas-de-emprego-na-prevent-senior\/\">Vagas de emprego na Prevent Senior<\/a><\/strong><\/p>\n\n\n\n<h2 class=\"wp-block-heading\">Sobre a TriFil<\/h2>\n\n\n\n<p>A empresa nasceu em Cambuci, S\u00e3o Paulo, em 1963, nome inspirado em um tear com somente 3 fios. Mais de cinquenta anos de inova\u00e7\u00e3o, especialmente em produtos sem costura, criaram uma linha completa de produtos para adultos e crian\u00e7as, oferecendo aos seus consumidores toda a beleza e beleza de nossos <em>bodys<\/em>, leggings, modelos, segundas peles, roupas \u00edntimas confort\u00e1veis, atualmente temos mais de 20 mil pontos de venda em todo o pa\u00eds.<\/p>\n\n\n\n<p>A hist\u00f3ria da Itabuna T\u00eaxtil come\u00e7ou em 1997. Dois anos depois, a empresa mudou-se para as instala\u00e7\u00f5es existentes e abriu oficialmente em 28 de julho de 2000.&nbsp;<\/p>\n\n\n\n<p>A empresa conta com o apoio do governo que junto com a iniciativa privada, decidiu convidar uma empresa de tecnologia avan\u00e7ada para gerar empregos na \u00e1rea.<\/p>","protected":false},"excerpt":{"rendered":"<p>Atualizado em Os Empregos TriFil t\u00eam destaque no mercado de trabalho devido aos benef\u00edcios ofertados pela empresa. Fundada pelos vision\u00e1rios Ludwig e Carlos Siegfried Heilberg, rapidamente se expandiu para tamb\u00e9m produzir roupas em tamanhos especiais. Contudo, \u00e9 atrav\u00e9s da fabrica\u00e7\u00e3o de meias femininas que a empresa cresceu. Eles diversificaram e em 1975, come\u00e7aram a produzir&hellip;&nbsp;<\/p>","protected":false},"author":16,"featured_media":36039,"comment_status":"open","ping_status":"closed","sticky":false,"template":"","format":"standard","meta":{"neve_meta_sidebar":"","neve_meta_container":"","neve_meta_enable_content_width":"","neve_meta_content_width":0,"neve_meta_title_alignment":"","neve_meta_author_avatar":"","neve_post_elements_order":"","neve_meta_disable_header":"","neve_meta_disable_footer":"","neve_meta_disable_title":"","footnotes":""},"categories":[123],"tags":[608,667,211],"class_list":["post-36035","post","type-post","status-publish","format-standard","has-post-thumbnail","hentry","category-vagas-de-emprego-nacionais","tag-oportunidades","tag-trifil","tag-vagas-de-emprego"],"yoast_head":"<!-- This site is optimized with the Yoast SEO plugin v27.5 - https:\/\/yoast.com\/product\/yoast-seo-wordpress\/ -->\n<title>Vendedora Shopping, Gerente de Loja e mais na Empresa TriFil -<\/title>\n<meta name=\"description\" content=\"Veja em Vagas de Emprego RJ as vagas de emprego com e sem experi\u00eancia no seu Estado e Regi\u00e3o!\" \/>\n<meta name=\"robots\" content=\"index, follow, max-snippet:-1, max-image-preview:large, max-video-preview:-1\" \/>\n<link rel=\"canonical\" href=\"https:\/\/www.vagadeempregorj.com.br\/es\/empregos-trifil\/\" \/>\n<meta property=\"og:locale\" content=\"es_MX\" \/>\n<meta property=\"og:type\" content=\"article\" \/>\n<meta property=\"og:title\" content=\"Vendedora Shopping, Gerente de Loja e mais na Empresa TriFil -\" \/>\n<meta property=\"og:description\" content=\"Veja em Vagas de Emprego RJ as vagas de emprego com e sem experi\u00eancia no seu Estado e Regi\u00e3o!\" \/>\n<meta property=\"og:url\" content=\"https:\/\/www.vagadeempregorj.com.br\/es\/empregos-trifil\/\" \/>\n<meta property=\"article:publisher\" content=\"https:\/\/www.facebook.com\/empregobrasiloficial\" \/>\n<meta property=\"article:published_time\" content=\"2023-09-25T06:34:00+00:00\" \/>\n<meta property=\"og:image\" content=\"https:\/\/www.vagadeempregorj.com.br\/wp-content\/uploads\/2022\/11\/Empregos-TriFil.jpg\" \/>\n\t<meta property=\"og:image:width\" content=\"300\" \/>\n\t<meta property=\"og:image:height\" content=\"300\" \/>\n\t<meta property=\"og:image:type\" content=\"image\/jpeg\" \/>\n<meta name=\"author\" content=\"Michele\" \/>\n<meta name=\"twitter:card\" content=\"summary_large_image\" \/>\n<meta name=\"twitter:label1\" content=\"Escrito por\" \/>\n\t<meta name=\"twitter:data1\" content=\"Michele\" \/>\n\t<meta name=\"twitter:label2\" content=\"Tiempo de lectura\" \/>\n\t<meta name=\"twitter:data2\" content=\"3 minutos\" \/>\n<script type=\"application\/ld+json\" class=\"yoast-schema-graph\">{\"@context\":\"https:\\\/\\\/schema.org\",\"@graph\":[{\"@type\":\"Article\",\"@id\":\"https:\\\/\\\/www.vagadeempregorj.com.br\\\/empregos-trifil\\\/#article\",\"isPartOf\":{\"@id\":\"https:\\\/\\\/www.vagadeempregorj.com.br\\\/empregos-trifil\\\/\"},\"author\":{\"name\":\"Michele\",\"@id\":\"https:\\\/\\\/www.vagadeempregorj.com.br\\\/#\\\/schema\\\/person\\\/3ddb19fa0539706786e502152f3aae95\"},\"headline\":\"Vendedora Shopping, Gerente de Loja e mais na Empresa TriFil\",\"datePublished\":\"2023-09-25T06:34:00+00:00\",\"mainEntityOfPage\":{\"@id\":\"https:\\\/\\\/www.vagadeempregorj.com.br\\\/empregos-trifil\\\/\"},\"wordCount\":570,\"commentCount\":0,\"image\":{\"@id\":\"https:\\\/\\\/www.vagadeempregorj.com.br\\\/empregos-trifil\\\/#primaryimage\"},\"thumbnailUrl\":\"https:\\\/\\\/www.vagadeempregorj.com.br\\\/wp-content\\\/uploads\\\/2022\\\/11\\\/Empregos-TriFil.jpg\",\"keywords\":[\"oportunidades\",\"TriFil\",\"vagas de emprego\"],\"articleSection\":[\"Vagas de Emprego Nacionais\"],\"inLanguage\":\"es\",\"potentialAction\":[{\"@type\":\"CommentAction\",\"name\":\"Comment\",\"target\":[\"https:\\\/\\\/www.vagadeempregorj.com.br\\\/empregos-trifil\\\/#respond\"]}]},{\"@type\":\"WebPage\",\"@id\":\"https:\\\/\\\/www.vagadeempregorj.com.br\\\/empregos-trifil\\\/\",\"url\":\"https:\\\/\\\/www.vagadeempregorj.com.br\\\/empregos-trifil\\\/\",\"name\":\"Vendedora Shopping, Gerente de Loja e mais na Empresa TriFil -\",\"isPartOf\":{\"@id\":\"https:\\\/\\\/www.vagadeempregorj.com.br\\\/#website\"},\"primaryImageOfPage\":{\"@id\":\"https:\\\/\\\/www.vagadeempregorj.com.br\\\/empregos-trifil\\\/#primaryimage\"},\"image\":{\"@id\":\"https:\\\/\\\/www.vagadeempregorj.com.br\\\/empregos-trifil\\\/#primaryimage\"},\"thumbnailUrl\":\"https:\\\/\\\/www.vagadeempregorj.com.br\\\/wp-content\\\/uploads\\\/2022\\\/11\\\/Empregos-TriFil.jpg\",\"datePublished\":\"2023-09-25T06:34:00+00:00\",\"author\":{\"@id\":\"https:\\\/\\\/www.vagadeempregorj.com.br\\\/#\\\/schema\\\/person\\\/3ddb19fa0539706786e502152f3aae95\"},\"description\":\"Veja em Vagas de Emprego RJ as vagas de emprego com e sem experi\u00eancia no seu Estado e Regi\u00e3o!\",\"breadcrumb\":{\"@id\":\"https:\\\/\\\/www.vagadeempregorj.com.br\\\/empregos-trifil\\\/#breadcrumb\"},\"inLanguage\":\"es\",\"potentialAction\":[{\"@type\":\"ReadAction\",\"target\":[\"https:\\\/\\\/www.vagadeempregorj.com.br\\\/empregos-trifil\\\/\"]}]},{\"@type\":\"ImageObject\",\"inLanguage\":\"es\",\"@id\":\"https:\\\/\\\/www.vagadeempregorj.com.br\\\/empregos-trifil\\\/#primaryimage\",\"url\":\"https:\\\/\\\/www.vagadeempregorj.com.br\\\/wp-content\\\/uploads\\\/2022\\\/11\\\/Empregos-TriFil.jpg\",\"contentUrl\":\"https:\\\/\\\/www.vagadeempregorj.com.br\\\/wp-content\\\/uploads\\\/2022\\\/11\\\/Empregos-TriFil.jpg\",\"width\":300,\"height\":300,\"caption\":\"Imagem: TriFil - Reprodu\u00e7\u00e3o\"},{\"@type\":\"BreadcrumbList\",\"@id\":\"https:\\\/\\\/www.vagadeempregorj.com.br\\\/empregos-trifil\\\/#breadcrumb\",\"itemListElement\":[{\"@type\":\"ListItem\",\"position\":1,\"name\":\"In\u00edcio\",\"item\":\"https:\\\/\\\/www.vagadeempregorj.com.br\\\/\"},{\"@type\":\"ListItem\",\"position\":2,\"name\":\"Vagas de Emprego Nacionais\",\"item\":\"https:\\\/\\\/www.vagadeempregorj.com.br\\\/vagas-de-emprego-nacionais\\\/\"},{\"@type\":\"ListItem\",\"position\":3,\"name\":\"Vendedora Shopping, Gerente de Loja e mais na Empresa TriFil\"}]},{\"@type\":\"WebSite\",\"@id\":\"https:\\\/\\\/www.vagadeempregorj.com.br\\\/#website\",\"url\":\"https:\\\/\\\/www.vagadeempregorj.com.br\\\/\",\"name\":\"\",\"description\":\"Conquiste Sonhos: Vagas, Benef\u00edcios e Economia para Transformar Vidas e Alcan\u00e7ar Melhorias Cotidianas\",\"potentialAction\":[{\"@type\":\"SearchAction\",\"target\":{\"@type\":\"EntryPoint\",\"urlTemplate\":\"https:\\\/\\\/www.vagadeempregorj.com.br\\\/?s={search_term_string}\"},\"query-input\":{\"@type\":\"PropertyValueSpecification\",\"valueRequired\":true,\"valueName\":\"search_term_string\"}}],\"inLanguage\":\"es\"},{\"@type\":\"Person\",\"@id\":\"https:\\\/\\\/www.vagadeempregorj.com.br\\\/#\\\/schema\\\/person\\\/3ddb19fa0539706786e502152f3aae95\",\"name\":\"Michele\",\"image\":{\"@type\":\"ImageObject\",\"inLanguage\":\"es\",\"@id\":\"https:\\\/\\\/secure.gravatar.com\\\/avatar\\\/6b0eb9d22841282815e2cd856a0061c45e1761cd54b22e952d98c4746939aa85?s=96&r=g\",\"url\":\"https:\\\/\\\/secure.gravatar.com\\\/avatar\\\/6b0eb9d22841282815e2cd856a0061c45e1761cd54b22e952d98c4746939aa85?s=96&r=g\",\"contentUrl\":\"https:\\\/\\\/secure.gravatar.com\\\/avatar\\\/6b0eb9d22841282815e2cd856a0061c45e1761cd54b22e952d98c4746939aa85?s=96&r=g\",\"caption\":\"Michele\"},\"description\":\"Formada em Letras - Portugu\u00eas\\\/ Ingl\u00eas, e idealizadora do site Escritora de Sucesso, busca expandir o conhecimento de todos com informa\u00e7\u00f5es relevantes sobre diversos assuntos, enquanto redatora. No Vaga de Emprego RJ, traz oportunidades e dicas sobre o mercado de trabalho.\",\"url\":\"https:\\\/\\\/www.vagadeempregorj.com.br\\\/es\\\/author\\\/michele\\\/\"}]}<\/script>\n<!-- \/ Yoast SEO plugin. -->","yoast_head_json":{"title":"Vendedora Shopping, Gerente de Loja e mais na Empresa TriFil -","description":"Veja em Vagas de Emprego RJ as vagas de emprego com e sem experi\u00eancia no seu Estado e Regi\u00e3o!","robots":{"index":"index","follow":"follow","max-snippet":"max-snippet:-1","max-image-preview":"max-image-preview:large","max-video-preview":"max-video-preview:-1"},"canonical":"https:\/\/www.vagadeempregorj.com.br\/es\/empregos-trifil\/","og_locale":"es_MX","og_type":"article","og_title":"Vendedora Shopping, Gerente de Loja e mais na Empresa TriFil -","og_description":"Veja em Vagas de Emprego RJ as vagas de emprego com e sem experi\u00eancia no seu Estado e Regi\u00e3o!","og_url":"https:\/\/www.vagadeempregorj.com.br\/es\/empregos-trifil\/","article_publisher":"https:\/\/www.facebook.com\/empregobrasiloficial","article_published_time":"2023-09-25T06:34:00+00:00","og_image":[{"width":300,"height":300,"url":"https:\/\/www.vagadeempregorj.com.br\/wp-content\/uploads\/2022\/11\/Empregos-TriFil.jpg","type":"image\/jpeg"}],"author":"Michele","twitter_card":"summary_large_image","twitter_misc":{"Escrito por":"Michele","Tiempo de lectura":"3 minutos"},"schema":{"@context":"https:\/\/schema.org","@graph":[{"@type":"Article","@id":"https:\/\/www.vagadeempregorj.com.br\/empregos-trifil\/#article","isPartOf":{"@id":"https:\/\/www.vagadeempregorj.com.br\/empregos-trifil\/"},"author":{"name":"Michele","@id":"https:\/\/www.vagadeempregorj.com.br\/#\/schema\/person\/3ddb19fa0539706786e502152f3aae95"},"headline":"Vendedora Shopping, Gerente de Loja e mais na Empresa TriFil","datePublished":"2023-09-25T06:34:00+00:00","mainEntityOfPage":{"@id":"https:\/\/www.vagadeempregorj.com.br\/empregos-trifil\/"},"wordCount":570,"commentCount":0,"image":{"@id":"https:\/\/www.vagadeempregorj.com.br\/empregos-trifil\/#primaryimage"},"thumbnailUrl":"https:\/\/www.vagadeempregorj.com.br\/wp-content\/uploads\/2022\/11\/Empregos-TriFil.jpg","keywords":["oportunidades","TriFil","vagas de emprego"],"articleSection":["Vagas de Emprego Nacionais"],"inLanguage":"es","potentialAction":[{"@type":"CommentAction","name":"Comment","target":["https:\/\/www.vagadeempregorj.com.br\/empregos-trifil\/#respond"]}]},{"@type":"WebPage","@id":"https:\/\/www.vagadeempregorj.com.br\/empregos-trifil\/","url":"https:\/\/www.vagadeempregorj.com.br\/empregos-trifil\/","name":"Vendedora Shopping, Gerente de Loja e mais na Empresa TriFil -","isPartOf":{"@id":"https:\/\/www.vagadeempregorj.com.br\/#website"},"primaryImageOfPage":{"@id":"https:\/\/www.vagadeempregorj.com.br\/empregos-trifil\/#primaryimage"},"image":{"@id":"https:\/\/www.vagadeempregorj.com.br\/empregos-trifil\/#primaryimage"},"thumbnailUrl":"https:\/\/www.vagadeempregorj.com.br\/wp-content\/uploads\/2022\/11\/Empregos-TriFil.jpg","datePublished":"2023-09-25T06:34:00+00:00","author":{"@id":"https:\/\/www.vagadeempregorj.com.br\/#\/schema\/person\/3ddb19fa0539706786e502152f3aae95"},"description":"Veja em Vagas de Emprego RJ as vagas de emprego com e sem experi\u00eancia no seu Estado e Regi\u00e3o!","breadcrumb":{"@id":"https:\/\/www.vagadeempregorj.com.br\/empregos-trifil\/#breadcrumb"},"inLanguage":"es","potentialAction":[{"@type":"ReadAction","target":["https:\/\/www.vagadeempregorj.com.br\/empregos-trifil\/"]}]},{"@type":"ImageObject","inLanguage":"es","@id":"https:\/\/www.vagadeempregorj.com.br\/empregos-trifil\/#primaryimage","url":"https:\/\/www.vagadeempregorj.com.br\/wp-content\/uploads\/2022\/11\/Empregos-TriFil.jpg","contentUrl":"https:\/\/www.vagadeempregorj.com.br\/wp-content\/uploads\/2022\/11\/Empregos-TriFil.jpg","width":300,"height":300,"caption":"Imagem: TriFil - Reprodu\u00e7\u00e3o"},{"@type":"BreadcrumbList","@id":"https:\/\/www.vagadeempregorj.com.br\/empregos-trifil\/#breadcrumb","itemListElement":[{"@type":"ListItem","position":1,"name":"In\u00edcio","item":"https:\/\/www.vagadeempregorj.com.br\/"},{"@type":"ListItem","position":2,"name":"Vagas de Emprego Nacionais","item":"https:\/\/www.vagadeempregorj.com.br\/vagas-de-emprego-nacionais\/"},{"@type":"ListItem","position":3,"name":"Vendedora Shopping, Gerente de Loja e mais na Empresa TriFil"}]},{"@type":"WebSite","@id":"https:\/\/www.vagadeempregorj.com.br\/#website","url":"https:\/\/www.vagadeempregorj.com.br\/","name":"","description":"Haz realidad tus sue\u00f1os: Ofertas de empleo, beneficios y ahorros para transformar vidas y lograr mejoras cotidianas.","potentialAction":[{"@type":"SearchAction","target":{"@type":"EntryPoint","urlTemplate":"https:\/\/www.vagadeempregorj.com.br\/?s={search_term_string}"},"query-input":{"@type":"PropertyValueSpecification","valueRequired":true,"valueName":"search_term_string"}}],"inLanguage":"es"},{"@type":"Person","@id":"https:\/\/www.vagadeempregorj.com.br\/#\/schema\/person\/3ddb19fa0539706786e502152f3aae95","name":"Michele","image":{"@type":"ImageObject","inLanguage":"es","@id":"https:\/\/secure.gravatar.com\/avatar\/6b0eb9d22841282815e2cd856a0061c45e1761cd54b22e952d98c4746939aa85?s=96&r=g","url":"https:\/\/secure.gravatar.com\/avatar\/6b0eb9d22841282815e2cd856a0061c45e1761cd54b22e952d98c4746939aa85?s=96&r=g","contentUrl":"https:\/\/secure.gravatar.com\/avatar\/6b0eb9d22841282815e2cd856a0061c45e1761cd54b22e952d98c4746939aa85?s=96&r=g","caption":"Michele"},"description":"Formada em Letras - Portugu\u00eas\/ Ingl\u00eas, e idealizadora do site Escritora de Sucesso, busca expandir o conhecimento de todos com informa\u00e7\u00f5es relevantes sobre diversos assuntos, enquanto redatora. No Vaga de Emprego RJ, traz oportunidades e dicas sobre o mercado de trabalho.","url":"https:\/\/www.vagadeempregorj.com.br\/es\/author\/michele\/"}]}},"_links":{"self":[{"href":"https:\/\/www.vagadeempregorj.com.br\/es\/wp-json\/wp\/v2\/posts\/36035","targetHints":{"allow":["GET"]}}],"collection":[{"href":"https:\/\/www.vagadeempregorj.com.br\/es\/wp-json\/wp\/v2\/posts"}],"about":[{"href":"https:\/\/www.vagadeempregorj.com.br\/es\/wp-json\/wp\/v2\/types\/post"}],"author":[{"embeddable":true,"href":"https:\/\/www.vagadeempregorj.com.br\/es\/wp-json\/wp\/v2\/users\/16"}],"replies":[{"embeddable":true,"href":"https:\/\/www.vagadeempregorj.com.br\/es\/wp-json\/wp\/v2\/comments?post=36035"}],"version-history":[{"count":0,"href":"https:\/\/www.vagadeempregorj.com.br\/es\/wp-json\/wp\/v2\/posts\/36035\/revisions"}],"wp:featuredmedia":[{"embeddable":true,"href":"https:\/\/www.vagadeempregorj.com.br\/es\/wp-json\/wp\/v2\/media\/36039"}],"wp:attachment":[{"href":"https:\/\/www.vagadeempregorj.com.br\/es\/wp-json\/wp\/v2\/media?parent=36035"}],"wp:term":[{"taxonomy":"category","embeddable":true,"href":"https:\/\/www.vagadeempregorj.com.br\/es\/wp-json\/wp\/v2\/categories?post=36035"},{"taxonomy":"post_tag","embeddable":true,"href":"https:\/\/www.vagadeempregorj.com.br\/es\/wp-json\/wp\/v2\/tags?post=36035"}],"curies":[{"name":"wp","href":"https:\/\/api.w.org\/{rel}","templated":true}]}}