{"id":36104,"date":"2023-09-27T02:01:00","date_gmt":"2023-09-27T05:01:00","guid":{"rendered":"https:\/\/www.vagadeempregorj.com.br\/?p=36104"},"modified":"2023-09-26T17:52:30","modified_gmt":"2023-09-26T20:52:30","slug":"empregos-brainfarma","status":"publish","type":"post","link":"https:\/\/www.vagadeempregorj.com.br\/es\/empregos-brainfarma\/","title":{"rendered":"Operador de Produ\u00e7\u00e3o, Assistente Administrativo, Conferente, Auxiliar de Produ\u00e7\u00e3o, Analistas e muito mais na Empresa BrainFarma\u00a0"},"content":{"rendered":"<p>Atualizado em<\/p>\n\n\n<div class=\"wp-block-post-date\"><time datetime=\"2023-09-27T02:01:00-03:00\">27\/09\/2023<\/time><\/div>\n\n\n<p>Os<strong> Empregos BrainFarma<\/strong> t\u00eam destaque no mercado de trabalho em raz\u00e3o dos benef\u00edcios ofertados pela empresa, que busca pessoas que possam transformar as possibilidades em realidade, pessoas que ajudem a mant\u00ea-los como a melhor e mais completa empresa farmac\u00eautica do Brasil.&nbsp;<\/p>\n\n\n\n<figure class=\"wp-block-image size-full is-resized\"><img loading=\"lazy\" decoding=\"async\" src=\"https:\/\/www.vagadeempregorj.com.br\/wp-content\/uploads\/2022\/11\/empregos-Brainfarma.jpg\" alt=\"empregos Brainfarma\" class=\"wp-image-36108\" style=\"width:365px;height:365px\" width=\"365\" height=\"365\" srcset=\"https:\/\/www.vagadeempregorj.com.br\/wp-content\/uploads\/2022\/11\/empregos-Brainfarma.jpg 200w, https:\/\/www.vagadeempregorj.com.br\/wp-content\/uploads\/2022\/11\/empregos-Brainfarma-150x150.jpg 150w, https:\/\/www.vagadeempregorj.com.br\/wp-content\/uploads\/2022\/11\/empregos-Brainfarma-96x96.jpg 96w\" sizes=\"auto, (max-width: 365px) 100vw, 365px\" \/><figcaption class=\"wp-element-caption\">Imagem: Brainfarma &#8211; Reprodu\u00e7\u00e3o<\/figcaption><\/figure>\n\n\n\n<h2 class=\"wp-block-heading\">Conhe\u00e7a todas as vagas de Empregos BrainFarma<\/h2>\n\n\n\n<p>Todas as oportunidades s\u00e3o abertas a PCDs. Confira todas elas, a seguir:<\/p>\n\n\n\n<ul class=\"wp-block-list\">\n<li>ANA. CONTROLE DE QUALIDADE S\u00caNIOR;<\/li>\n\n\n\n<li>TEC. DE LABORAT\u00d3RIO;<\/li>\n\n\n\n<li>ANA. DE ASSUNTOS REGULAT\u00d3RIOS PL;<\/li>\n\n\n\n<li>OP. DE PRODU\u00c7\u00c3O;<\/li>\n\n\n\n<li>ANA. DE AUTOMA\u00c7\u00c3O;<\/li>\n\n\n\n<li>MANIPULADOR &#8211; PRODU\u00c7\u00c3O L\u00cdQUIDOS;<\/li>\n\n\n\n<li>ANA. DE PESQUISA CL\u00cdNICA JR;<\/li>\n\n\n\n<li>OP. DE EMPILHADEIRA LOG\u00cdSTICA OUTBOUND;<\/li>\n\n\n\n<li>ANA. DE PROJETOS DE ENGENHARIA JR;<\/li>\n\n\n\n<li>MANIPULADOR \u2013 EST\u00c9REIS;<\/li>\n\n\n\n<li>ANA. DE SAC SR;<\/li>\n\n\n\n<li>COORD. DESENVOLVIMENTO ANAL\u00cdTICO;<\/li>\n\n\n\n<li>ANA. DESENVOLVIMENTO ANAL\u00cdTICO SR;<\/li>\n\n\n\n<li>FARMACOT\u00c9CNICO SR;<\/li>\n\n\n\n<li>ANA. DESENVOLVIMENTO EMBALAGENS SR;<\/li>\n\n\n\n<li>JOVEM APRENDIZ;<\/li>\n\n\n\n<li>ANA. DESENVOLVIMENTO FARMACOT\u00c9CNICO PL;<\/li>\n\n\n\n<li>L\u00cdDER PRODU\u00c7\u00c3O &#8211; SETOR DE EST\u00c9REIS;<\/li>\n\n\n\n<li>ANA. DE VALIDA\u00c7\u00c3O DE EQUIPAMENTOS JUNIOR;<\/li>\n\n\n\n<li>TEC. EM MANUTEN\u00c7\u00c3O MEC\u00c2NICA;<\/li>\n\n\n\n<li>ANA. DOCUMENTA\u00c7\u00c3O T\u00c9CNICA PL;<\/li>\n\n\n\n<li>COMPRADOR MAT\u00c9RIA PRIMA;<\/li>\n\n\n\n<li>ANA. GARANTIA QUALIDADE SR (GERENCIAMENTO DE RISCOS);<\/li>\n\n\n\n<li>TEC. DE SEGURAN\u00c7A DO TRABALHO;<\/li>\n\n\n\n<li>ANA. PRODU\u00c7\u00c3O PL;<\/li>\n\n\n\n<li>COMPRADOR SR;<\/li>\n\n\n\n<li>ANA. PROJETOS PL;<\/li>\n\n\n\n<li>CONFERENTE &#8211; LOG\u00cdSTICA INSUMOS;<\/li>\n\n\n\n<li>ASS. ADMINISTRATIVO;<\/li>\n\n\n\n<li>MANIPULADOR &#8211; FABRICA\u00c7\u00c3O S\u00d3LIDOS;<\/li>\n\n\n\n<li>AUX. DE LABORAT\u00d3RIO;<\/li>\n\n\n\n<li>COORD. DE PRODU\u00c7\u00c3O (EMBALAGEM);<\/li>\n\n\n\n<li>AUX. DE MANUTEN\u00c7\u00c3O DE PALETES;<\/li>\n\n\n\n<li>AUX. PRODU\u00c7\u00c3O.<\/li>\n<\/ul>\n\n\n\n<h3 class=\"wp-block-heading\">Como se candidatar<\/h3>\n\n\n\n<p>Para enviar o seu curr\u00edculo para uma das fun\u00e7\u00f5es informadas, acesse o link a seguir, pois \u00e9 atrav\u00e9s dele que a sele\u00e7\u00e3o dos candidatos \u00e9 realizada:<\/p>\n\n\n\n<ul class=\"wp-block-list\">\n<li><a href=\"https:\/\/brainfarma.gupy.io\/\">Brainfarma<\/a>.<\/li>\n<\/ul>\n\n\n\n<p>Depois, \u00e9 preciso encontrar a vaga que deseja e ler com cuidado todas as exig\u00eancias requeridas para entender se ela \u00e9 realmente compat\u00edvel com o seu perfil profissional, uma vez que na maior parte delas \u00e9 exigido experi\u00eancia na \u00e1rea, entre outros requisitos. Se houver correspond\u00eancia, fa\u00e7a o seu login na p\u00e1gina ou crie um caso ainda n\u00e3o tenha.&nbsp;<\/p>\n\n\n\n<p>Se por acaso n\u00e3o tiver nenhum cargo em espec\u00edfico, \u00e9 poss\u00edvel preencher o formul\u00e1rio com todas as suas informa\u00e7\u00f5es e aguardar o contato da empresa.&nbsp;<\/p>\n\n\n\n<p>No dia da entrevista \u00e9 preciso estar preparado para tudo. Geralmente, os candidatos necessitam fazer uma prova de conhecimentos gerais e \u00e0s vezes din\u00e2micas em grupos. \u00c9 poss\u00edvel que o entrevistador pergunte quais s\u00e3o as suas qualidades e defeitos, a pretens\u00e3o salarial, o motivo dos candidatos desejarem trabalhar na companhia, entre outras perguntas.<\/p>\n\n\n\n<p><strong>Veja tamb\u00e9m: <a href=\"https:\/\/www.vagadeempregorj.com.br\/es\/empregos-hennings\/\">Operadores Log\u00edsticos, Auxiliar de Opera\u00e7\u00f5es, Almoxarife, Assistentes, Analistas e muito mais na Empresa Hennings<\/a><\/strong><\/p>\n\n\n\n<h2 class=\"wp-block-heading\">Sobre a BrainFarma<\/h2>\n\n\n\n<p>Atualmente, a empresa possui um dos mais modernos centros de desenvolvimento e pesquisa de produtos farmac\u00eauticos da China. As suas principais unidades est\u00e3o localizadas em Goi\u00e2nia e An\u00e1polis, em Goi\u00e1s, e Barueri, em S\u00e3o Paulo. A sua f\u00e1brica farmac\u00eautica est\u00e1 localizada em An\u00e1polis, uma das maiores da Am\u00e9rica Latina, com \u00e1rea \u00fatil de aproximadamente 174.000 metros quadrados e mais de 5.500 funcion\u00e1rios. A unidade \u00e9 capaz de produzir mais de 830 produtos diferentes, incluindo as mais diversas formas farmac\u00eauticas: aerossol, s\u00f3lido, inje\u00e7\u00e3o, l\u00edquido, efervescente, semi-s\u00f3lido, etc.<\/p>\n\n\n\n<p>O seu moderno centro de inova\u00e7\u00e3o est\u00e1 localizado em Barueri, com um time de profissionais de mestrado e doutorado altamente qualificados, dedicados a desenvolver produtos farmac\u00eauticos, dermatol\u00f3gicos e de sa\u00fade, utilizando a mais avan\u00e7ada tecnologia, para ser o primeiro a comercializar no Brasil novas terapias.<\/p>\n\n\n\n<p>Ela tem uma \u00e1rea constru\u00edda de 5.600 metros quadrados e pode realizar mais de 100 projetos de desenvolvimento ao mesmo tempo.<\/p>","protected":false},"excerpt":{"rendered":"<p>Atualizado em Os Empregos BrainFarma t\u00eam destaque no mercado de trabalho em raz\u00e3o dos benef\u00edcios ofertados pela empresa, que busca pessoas que possam transformar as possibilidades em realidade, pessoas que ajudem a mant\u00ea-los como a melhor e mais completa empresa farmac\u00eautica do Brasil.&nbsp; Conhe\u00e7a todas as vagas de Empregos BrainFarma Todas as oportunidades s\u00e3o abertas&hellip;&nbsp;<\/p>","protected":false},"author":16,"featured_media":36108,"comment_status":"open","ping_status":"closed","sticky":false,"template":"","format":"standard","meta":{"neve_meta_sidebar":"","neve_meta_container":"","neve_meta_enable_content_width":"","neve_meta_content_width":0,"neve_meta_title_alignment":"","neve_meta_author_avatar":"","neve_post_elements_order":"","neve_meta_disable_header":"","neve_meta_disable_footer":"","neve_meta_disable_title":"","footnotes":""},"categories":[123],"tags":[674,211],"class_list":["post-36104","post","type-post","status-publish","format-standard","has-post-thumbnail","hentry","category-vagas-de-emprego-nacionais","tag-brainfarma","tag-vagas-de-emprego"],"yoast_head":"<!-- This site is optimized with the Yoast SEO plugin v27.5 - https:\/\/yoast.com\/product\/yoast-seo-wordpress\/ -->\n<title>Operador de Produ\u00e7\u00e3o, Assistente Administrativo, Conferente, Auxiliar de Produ\u00e7\u00e3o, Analistas e muito mais na Empresa BrainFarma\u00a0 -<\/title>\n<meta name=\"description\" content=\"Veja em Vagas de Emprego RJ as vagas de emprego com e sem experi\u00eancia no seu Estado e Regi\u00e3o!\" \/>\n<meta name=\"robots\" content=\"index, follow, max-snippet:-1, max-image-preview:large, max-video-preview:-1\" \/>\n<link rel=\"canonical\" href=\"https:\/\/www.vagadeempregorj.com.br\/es\/empregos-brainfarma\/\" \/>\n<meta property=\"og:locale\" content=\"es_MX\" \/>\n<meta property=\"og:type\" content=\"article\" \/>\n<meta property=\"og:title\" content=\"Operador de Produ\u00e7\u00e3o, Assistente Administrativo, Conferente, Auxiliar de Produ\u00e7\u00e3o, Analistas e muito mais na Empresa BrainFarma\u00a0 -\" \/>\n<meta property=\"og:description\" content=\"Veja em Vagas de Emprego RJ as vagas de emprego com e sem experi\u00eancia no seu Estado e Regi\u00e3o!\" \/>\n<meta property=\"og:url\" content=\"https:\/\/www.vagadeempregorj.com.br\/es\/empregos-brainfarma\/\" \/>\n<meta property=\"article:publisher\" content=\"https:\/\/www.facebook.com\/empregobrasiloficial\" \/>\n<meta property=\"article:published_time\" content=\"2023-09-27T05:01:00+00:00\" \/>\n<meta property=\"og:image\" content=\"https:\/\/www.vagadeempregorj.com.br\/wp-content\/uploads\/2022\/11\/empregos-Brainfarma.jpg\" \/>\n\t<meta property=\"og:image:width\" content=\"200\" \/>\n\t<meta property=\"og:image:height\" content=\"200\" \/>\n\t<meta property=\"og:image:type\" content=\"image\/jpeg\" \/>\n<meta name=\"author\" content=\"Michele\" \/>\n<meta name=\"twitter:card\" content=\"summary_large_image\" \/>\n<meta name=\"twitter:label1\" content=\"Written by\" \/>\n\t<meta name=\"twitter:data1\" content=\"Michele\" \/>\n\t<meta name=\"twitter:label2\" content=\"Est. reading time\" \/>\n\t<meta name=\"twitter:data2\" content=\"3 minutos\" \/>\n<script type=\"application\/ld+json\" class=\"yoast-schema-graph\">{\"@context\":\"https:\\\/\\\/schema.org\",\"@graph\":[{\"@type\":\"Article\",\"@id\":\"https:\\\/\\\/www.vagadeempregorj.com.br\\\/empregos-brainfarma\\\/#article\",\"isPartOf\":{\"@id\":\"https:\\\/\\\/www.vagadeempregorj.com.br\\\/empregos-brainfarma\\\/\"},\"author\":{\"name\":\"Michele\",\"@id\":\"https:\\\/\\\/www.vagadeempregorj.com.br\\\/#\\\/schema\\\/person\\\/3ddb19fa0539706786e502152f3aae95\"},\"headline\":\"Operador de Produ\u00e7\u00e3o, Assistente Administrativo, Conferente, Auxiliar de Produ\u00e7\u00e3o, Analistas e muito mais na Empresa BrainFarma\u00a0\",\"datePublished\":\"2023-09-27T05:01:00+00:00\",\"mainEntityOfPage\":{\"@id\":\"https:\\\/\\\/www.vagadeempregorj.com.br\\\/empregos-brainfarma\\\/\"},\"wordCount\":627,\"commentCount\":0,\"image\":{\"@id\":\"https:\\\/\\\/www.vagadeempregorj.com.br\\\/empregos-brainfarma\\\/#primaryimage\"},\"thumbnailUrl\":\"https:\\\/\\\/www.vagadeempregorj.com.br\\\/wp-content\\\/uploads\\\/2022\\\/11\\\/empregos-Brainfarma.jpg\",\"keywords\":[\"Brainfarma\",\"vagas de emprego\"],\"articleSection\":[\"Vagas de Emprego Nacionais\"],\"inLanguage\":\"es\",\"potentialAction\":[{\"@type\":\"CommentAction\",\"name\":\"Comment\",\"target\":[\"https:\\\/\\\/www.vagadeempregorj.com.br\\\/empregos-brainfarma\\\/#respond\"]}]},{\"@type\":\"WebPage\",\"@id\":\"https:\\\/\\\/www.vagadeempregorj.com.br\\\/empregos-brainfarma\\\/\",\"url\":\"https:\\\/\\\/www.vagadeempregorj.com.br\\\/empregos-brainfarma\\\/\",\"name\":\"Operador de Produ\u00e7\u00e3o, Assistente Administrativo, Conferente, Auxiliar de Produ\u00e7\u00e3o, Analistas e muito mais na Empresa BrainFarma\u00a0 -\",\"isPartOf\":{\"@id\":\"https:\\\/\\\/www.vagadeempregorj.com.br\\\/#website\"},\"primaryImageOfPage\":{\"@id\":\"https:\\\/\\\/www.vagadeempregorj.com.br\\\/empregos-brainfarma\\\/#primaryimage\"},\"image\":{\"@id\":\"https:\\\/\\\/www.vagadeempregorj.com.br\\\/empregos-brainfarma\\\/#primaryimage\"},\"thumbnailUrl\":\"https:\\\/\\\/www.vagadeempregorj.com.br\\\/wp-content\\\/uploads\\\/2022\\\/11\\\/empregos-Brainfarma.jpg\",\"datePublished\":\"2023-09-27T05:01:00+00:00\",\"author\":{\"@id\":\"https:\\\/\\\/www.vagadeempregorj.com.br\\\/#\\\/schema\\\/person\\\/3ddb19fa0539706786e502152f3aae95\"},\"description\":\"Veja em Vagas de Emprego RJ as vagas de emprego com e sem experi\u00eancia no seu Estado e Regi\u00e3o!\",\"breadcrumb\":{\"@id\":\"https:\\\/\\\/www.vagadeempregorj.com.br\\\/empregos-brainfarma\\\/#breadcrumb\"},\"inLanguage\":\"es\",\"potentialAction\":[{\"@type\":\"ReadAction\",\"target\":[\"https:\\\/\\\/www.vagadeempregorj.com.br\\\/empregos-brainfarma\\\/\"]}]},{\"@type\":\"ImageObject\",\"inLanguage\":\"es\",\"@id\":\"https:\\\/\\\/www.vagadeempregorj.com.br\\\/empregos-brainfarma\\\/#primaryimage\",\"url\":\"https:\\\/\\\/www.vagadeempregorj.com.br\\\/wp-content\\\/uploads\\\/2022\\\/11\\\/empregos-Brainfarma.jpg\",\"contentUrl\":\"https:\\\/\\\/www.vagadeempregorj.com.br\\\/wp-content\\\/uploads\\\/2022\\\/11\\\/empregos-Brainfarma.jpg\",\"width\":200,\"height\":200,\"caption\":\"Imagem: Brainfarma - Reprodu\u00e7\u00e3o\"},{\"@type\":\"BreadcrumbList\",\"@id\":\"https:\\\/\\\/www.vagadeempregorj.com.br\\\/empregos-brainfarma\\\/#breadcrumb\",\"itemListElement\":[{\"@type\":\"ListItem\",\"position\":1,\"name\":\"In\u00edcio\",\"item\":\"https:\\\/\\\/www.vagadeempregorj.com.br\\\/\"},{\"@type\":\"ListItem\",\"position\":2,\"name\":\"Vagas de Emprego Nacionais\",\"item\":\"https:\\\/\\\/www.vagadeempregorj.com.br\\\/vagas-de-emprego-nacionais\\\/\"},{\"@type\":\"ListItem\",\"position\":3,\"name\":\"Operador de Produ\u00e7\u00e3o, Assistente Administrativo, Conferente, Auxiliar de Produ\u00e7\u00e3o, Analistas e muito mais na Empresa BrainFarma\u00a0\"}]},{\"@type\":\"WebSite\",\"@id\":\"https:\\\/\\\/www.vagadeempregorj.com.br\\\/#website\",\"url\":\"https:\\\/\\\/www.vagadeempregorj.com.br\\\/\",\"name\":\"\",\"description\":\"Conquiste Sonhos: Vagas, Benef\u00edcios e Economia para Transformar Vidas e Alcan\u00e7ar Melhorias Cotidianas\",\"potentialAction\":[{\"@type\":\"SearchAction\",\"target\":{\"@type\":\"EntryPoint\",\"urlTemplate\":\"https:\\\/\\\/www.vagadeempregorj.com.br\\\/?s={search_term_string}\"},\"query-input\":{\"@type\":\"PropertyValueSpecification\",\"valueRequired\":true,\"valueName\":\"search_term_string\"}}],\"inLanguage\":\"es\"},{\"@type\":\"Person\",\"@id\":\"https:\\\/\\\/www.vagadeempregorj.com.br\\\/#\\\/schema\\\/person\\\/3ddb19fa0539706786e502152f3aae95\",\"name\":\"Michele\",\"image\":{\"@type\":\"ImageObject\",\"inLanguage\":\"es\",\"@id\":\"https:\\\/\\\/secure.gravatar.com\\\/avatar\\\/6b0eb9d22841282815e2cd856a0061c45e1761cd54b22e952d98c4746939aa85?s=96&r=g\",\"url\":\"https:\\\/\\\/secure.gravatar.com\\\/avatar\\\/6b0eb9d22841282815e2cd856a0061c45e1761cd54b22e952d98c4746939aa85?s=96&r=g\",\"contentUrl\":\"https:\\\/\\\/secure.gravatar.com\\\/avatar\\\/6b0eb9d22841282815e2cd856a0061c45e1761cd54b22e952d98c4746939aa85?s=96&r=g\",\"caption\":\"Michele\"},\"description\":\"Formada em Letras - Portugu\u00eas\\\/ Ingl\u00eas, e idealizadora do site Escritora de Sucesso, busca expandir o conhecimento de todos com informa\u00e7\u00f5es relevantes sobre diversos assuntos, enquanto redatora. No Vaga de Emprego RJ, traz oportunidades e dicas sobre o mercado de trabalho.\",\"url\":\"https:\\\/\\\/www.vagadeempregorj.com.br\\\/es\\\/author\\\/michele\\\/\"}]}<\/script>\n<!-- \/ Yoast SEO plugin. -->","yoast_head_json":{"title":"Operador de Produ\u00e7\u00e3o, Assistente Administrativo, Conferente, Auxiliar de Produ\u00e7\u00e3o, Analistas e muito mais na Empresa BrainFarma\u00a0 -","description":"Veja em Vagas de Emprego RJ as vagas de emprego com e sem experi\u00eancia no seu Estado e Regi\u00e3o!","robots":{"index":"index","follow":"follow","max-snippet":"max-snippet:-1","max-image-preview":"max-image-preview:large","max-video-preview":"max-video-preview:-1"},"canonical":"https:\/\/www.vagadeempregorj.com.br\/es\/empregos-brainfarma\/","og_locale":"es_MX","og_type":"article","og_title":"Operador de Produ\u00e7\u00e3o, Assistente Administrativo, Conferente, Auxiliar de Produ\u00e7\u00e3o, Analistas e muito mais na Empresa BrainFarma\u00a0 -","og_description":"Veja em Vagas de Emprego RJ as vagas de emprego com e sem experi\u00eancia no seu Estado e Regi\u00e3o!","og_url":"https:\/\/www.vagadeempregorj.com.br\/es\/empregos-brainfarma\/","article_publisher":"https:\/\/www.facebook.com\/empregobrasiloficial","article_published_time":"2023-09-27T05:01:00+00:00","og_image":[{"width":200,"height":200,"url":"https:\/\/www.vagadeempregorj.com.br\/wp-content\/uploads\/2022\/11\/empregos-Brainfarma.jpg","type":"image\/jpeg"}],"author":"Michele","twitter_card":"summary_large_image","twitter_misc":{"Written by":"Michele","Est. reading time":"3 minutos"},"schema":{"@context":"https:\/\/schema.org","@graph":[{"@type":"Article","@id":"https:\/\/www.vagadeempregorj.com.br\/empregos-brainfarma\/#article","isPartOf":{"@id":"https:\/\/www.vagadeempregorj.com.br\/empregos-brainfarma\/"},"author":{"name":"Michele","@id":"https:\/\/www.vagadeempregorj.com.br\/#\/schema\/person\/3ddb19fa0539706786e502152f3aae95"},"headline":"Operador de Produ\u00e7\u00e3o, Assistente Administrativo, Conferente, Auxiliar de Produ\u00e7\u00e3o, Analistas e muito mais na Empresa BrainFarma\u00a0","datePublished":"2023-09-27T05:01:00+00:00","mainEntityOfPage":{"@id":"https:\/\/www.vagadeempregorj.com.br\/empregos-brainfarma\/"},"wordCount":627,"commentCount":0,"image":{"@id":"https:\/\/www.vagadeempregorj.com.br\/empregos-brainfarma\/#primaryimage"},"thumbnailUrl":"https:\/\/www.vagadeempregorj.com.br\/wp-content\/uploads\/2022\/11\/empregos-Brainfarma.jpg","keywords":["Brainfarma","vagas de emprego"],"articleSection":["Vagas de Emprego Nacionais"],"inLanguage":"es","potentialAction":[{"@type":"CommentAction","name":"Comment","target":["https:\/\/www.vagadeempregorj.com.br\/empregos-brainfarma\/#respond"]}]},{"@type":"WebPage","@id":"https:\/\/www.vagadeempregorj.com.br\/empregos-brainfarma\/","url":"https:\/\/www.vagadeempregorj.com.br\/empregos-brainfarma\/","name":"Operador de Produ\u00e7\u00e3o, Assistente Administrativo, Conferente, Auxiliar de Produ\u00e7\u00e3o, Analistas e muito mais na Empresa BrainFarma\u00a0 -","isPartOf":{"@id":"https:\/\/www.vagadeempregorj.com.br\/#website"},"primaryImageOfPage":{"@id":"https:\/\/www.vagadeempregorj.com.br\/empregos-brainfarma\/#primaryimage"},"image":{"@id":"https:\/\/www.vagadeempregorj.com.br\/empregos-brainfarma\/#primaryimage"},"thumbnailUrl":"https:\/\/www.vagadeempregorj.com.br\/wp-content\/uploads\/2022\/11\/empregos-Brainfarma.jpg","datePublished":"2023-09-27T05:01:00+00:00","author":{"@id":"https:\/\/www.vagadeempregorj.com.br\/#\/schema\/person\/3ddb19fa0539706786e502152f3aae95"},"description":"Veja em Vagas de Emprego RJ as vagas de emprego com e sem experi\u00eancia no seu Estado e Regi\u00e3o!","breadcrumb":{"@id":"https:\/\/www.vagadeempregorj.com.br\/empregos-brainfarma\/#breadcrumb"},"inLanguage":"es","potentialAction":[{"@type":"ReadAction","target":["https:\/\/www.vagadeempregorj.com.br\/empregos-brainfarma\/"]}]},{"@type":"ImageObject","inLanguage":"es","@id":"https:\/\/www.vagadeempregorj.com.br\/empregos-brainfarma\/#primaryimage","url":"https:\/\/www.vagadeempregorj.com.br\/wp-content\/uploads\/2022\/11\/empregos-Brainfarma.jpg","contentUrl":"https:\/\/www.vagadeempregorj.com.br\/wp-content\/uploads\/2022\/11\/empregos-Brainfarma.jpg","width":200,"height":200,"caption":"Imagem: Brainfarma - Reprodu\u00e7\u00e3o"},{"@type":"BreadcrumbList","@id":"https:\/\/www.vagadeempregorj.com.br\/empregos-brainfarma\/#breadcrumb","itemListElement":[{"@type":"ListItem","position":1,"name":"In\u00edcio","item":"https:\/\/www.vagadeempregorj.com.br\/"},{"@type":"ListItem","position":2,"name":"Vagas de Emprego Nacionais","item":"https:\/\/www.vagadeempregorj.com.br\/vagas-de-emprego-nacionais\/"},{"@type":"ListItem","position":3,"name":"Operador de Produ\u00e7\u00e3o, Assistente Administrativo, Conferente, Auxiliar de Produ\u00e7\u00e3o, Analistas e muito mais na Empresa BrainFarma\u00a0"}]},{"@type":"WebSite","@id":"https:\/\/www.vagadeempregorj.com.br\/#website","url":"https:\/\/www.vagadeempregorj.com.br\/","name":"","description":"Conquiste Sonhos: Vagas, Benef\u00edcios e Economia para Transformar Vidas e Alcan\u00e7ar Melhorias Cotidianas","potentialAction":[{"@type":"SearchAction","target":{"@type":"EntryPoint","urlTemplate":"https:\/\/www.vagadeempregorj.com.br\/?s={search_term_string}"},"query-input":{"@type":"PropertyValueSpecification","valueRequired":true,"valueName":"search_term_string"}}],"inLanguage":"es"},{"@type":"Person","@id":"https:\/\/www.vagadeempregorj.com.br\/#\/schema\/person\/3ddb19fa0539706786e502152f3aae95","name":"Michele","image":{"@type":"ImageObject","inLanguage":"es","@id":"https:\/\/secure.gravatar.com\/avatar\/6b0eb9d22841282815e2cd856a0061c45e1761cd54b22e952d98c4746939aa85?s=96&r=g","url":"https:\/\/secure.gravatar.com\/avatar\/6b0eb9d22841282815e2cd856a0061c45e1761cd54b22e952d98c4746939aa85?s=96&r=g","contentUrl":"https:\/\/secure.gravatar.com\/avatar\/6b0eb9d22841282815e2cd856a0061c45e1761cd54b22e952d98c4746939aa85?s=96&r=g","caption":"Michele"},"description":"Formada em Letras - Portugu\u00eas\/ Ingl\u00eas, e idealizadora do site Escritora de Sucesso, busca expandir o conhecimento de todos com informa\u00e7\u00f5es relevantes sobre diversos assuntos, enquanto redatora. No Vaga de Emprego RJ, traz oportunidades e dicas sobre o mercado de trabalho.","url":"https:\/\/www.vagadeempregorj.com.br\/es\/author\/michele\/"}]}},"_links":{"self":[{"href":"https:\/\/www.vagadeempregorj.com.br\/es\/wp-json\/wp\/v2\/posts\/36104","targetHints":{"allow":["GET"]}}],"collection":[{"href":"https:\/\/www.vagadeempregorj.com.br\/es\/wp-json\/wp\/v2\/posts"}],"about":[{"href":"https:\/\/www.vagadeempregorj.com.br\/es\/wp-json\/wp\/v2\/types\/post"}],"author":[{"embeddable":true,"href":"https:\/\/www.vagadeempregorj.com.br\/es\/wp-json\/wp\/v2\/users\/16"}],"replies":[{"embeddable":true,"href":"https:\/\/www.vagadeempregorj.com.br\/es\/wp-json\/wp\/v2\/comments?post=36104"}],"version-history":[{"count":0,"href":"https:\/\/www.vagadeempregorj.com.br\/es\/wp-json\/wp\/v2\/posts\/36104\/revisions"}],"wp:featuredmedia":[{"embeddable":true,"href":"https:\/\/www.vagadeempregorj.com.br\/es\/wp-json\/wp\/v2\/media\/36108"}],"wp:attachment":[{"href":"https:\/\/www.vagadeempregorj.com.br\/es\/wp-json\/wp\/v2\/media?parent=36104"}],"wp:term":[{"taxonomy":"category","embeddable":true,"href":"https:\/\/www.vagadeempregorj.com.br\/es\/wp-json\/wp\/v2\/categories?post=36104"},{"taxonomy":"post_tag","embeddable":true,"href":"https:\/\/www.vagadeempregorj.com.br\/es\/wp-json\/wp\/v2\/tags?post=36104"}],"curies":[{"name":"wp","href":"https:\/\/api.w.org\/{rel}","templated":true}]}}