{"id":36162,"date":"2023-09-22T03:01:00","date_gmt":"2023-09-22T06:01:00","guid":{"rendered":"https:\/\/www.vagadeempregorj.com.br\/?p=36162"},"modified":"2026-04-22T13:23:18","modified_gmt":"2026-04-22T16:23:18","slug":"empregos-martins","status":"publish","type":"post","link":"https:\/\/www.vagadeempregorj.com.br\/es\/empregos-martins\/","title":{"rendered":"Auxiliar Administrativo PCD, Assistente Administrativo, Gerente, Analistas e muito mais na Empresa Martins"},"content":{"rendered":"<p>Atualizado em<\/p>\n\n\n<div class=\"wp-block-post-date\"><time datetime=\"2023-09-22T03:01:00-03:00\">22\/09\/2023<\/time><\/div>\n\n\n<p>Os <strong>Empregos Martins <\/strong>oferecem aos seus colaboradores uma s\u00e9rie de vantagens, al\u00e9m de sal\u00e1rios compat\u00edveis com o mercado. A companhia est\u00e1 buscando profissionais comprometidos que queiram crescer dentro de sua \u00e1rea e alavancar ainda mais sua carreira. A empresa oferece desenvolvimento cont\u00ednuo para todos os seus funcion\u00e1rios, al\u00e9m de condi\u00e7\u00f5es adequadas para que o desenvolvimento das fun\u00e7\u00f5es sejam realizadas com \u00eaxito.&nbsp;<\/p>\n\n\n\n<figure class=\"wp-block-image size-full\"><img loading=\"lazy\" decoding=\"async\" width=\"626\" height=\"434\" src=\"https:\/\/www.vagadeempregorj.com.br\/wp-content\/uploads\/2022\/11\/empregos-Martins.png\" alt=\"empregos Martins\" class=\"wp-image-36166\" srcset=\"https:\/\/www.vagadeempregorj.com.br\/wp-content\/uploads\/2022\/11\/empregos-Martins.png 626w, https:\/\/www.vagadeempregorj.com.br\/wp-content\/uploads\/2022\/11\/empregos-Martins-300x208.png 300w, https:\/\/www.vagadeempregorj.com.br\/wp-content\/uploads\/2022\/11\/empregos-Martins-150x104.png 150w\" sizes=\"auto, (max-width: 626px) 100vw, 626px\" \/><figcaption class=\"wp-element-caption\">Imagem: Martins &#8211; Reprodu\u00e7\u00e3o<\/figcaption><\/figure>\n\n\n\n<h2 class=\"wp-block-heading\">Confira as oportunidades de empregos Martins&nbsp;<\/h2>\n\n\n\n<p>Al\u00e9m de um sal\u00e1rio definido, os empregos Martins tamb\u00e9m oferecem uma s\u00e9rie de benef\u00edcios que ser\u00e3o divulgados no momento da contrata\u00e7\u00e3o. Esses benef\u00edcios incluem vagas em uma variedade de \u00e1reas funcionais. As oportunidades variam de posi\u00e7\u00f5es de n\u00edvel b\u00e1sico a posi\u00e7\u00f5es especializadas e de n\u00edvel superior, dando aos profissionais com qualquer n\u00edvel de educa\u00e7\u00e3o a chance de trabalhar para a empresa, desde que satisfa\u00e7am os requisitos para a posi\u00e7\u00e3o.<\/p>\n\n\n\n<p>Listados abaixo est\u00e3o algumas das op\u00e7\u00f5es de cargos dispon\u00edveis atualmente:<\/p>\n\n\n\n<ul class=\"wp-block-list\">\n<li>Vaga exclusiva para Portadores de Defici\u00eancia;<\/li>\n\n\n\n<li>Programa de Est\u00e1gio Martins;<\/li>\n\n\n\n<li>Gerente de Investimentos;<\/li>\n\n\n\n<li>Coordenador de Bandeiras e Produtos;<\/li>\n\n\n\n<li>Consultor Varejo Smart;<\/li>\n\n\n\n<li>Consultor de Tecnologia e Gest\u00e3o do Varejo;<\/li>\n\n\n\n<li>Consultor de Neg\u00f3cios;<\/li>\n\n\n\n<li>Comprador E-Commerce;<\/li>\n\n\n\n<li>Comprador de Polo;<\/li>\n\n\n\n<li>Banco de Talentos setor Corporativo;<\/li>\n\n\n\n<li>Banco de Talentos Auxiliar Administrativo (exclusivo para Portadores de Defici\u00eancia);<\/li>\n\n\n\n<li>Auxiliar Administrativo (exclusivo para Portadores de Defici\u00eancia);<\/li>\n\n\n\n<li>Auxiliar Administrativo setor de Log\u00edstica (exclusivo para Portadores de Defici\u00eancia);<\/li>\n\n\n\n<li>Auxiliar Administrativo \u2014 Aprendizagem, Treinamento e Desenvolvimento (exclusivo para Portadores de Defici\u00eancia);<\/li>\n\n\n\n<li>Assistente Gente & Gest\u00e3o;<\/li>\n\n\n\n<li>Assistente Cont\u00e1bil e Fiscal;<\/li>\n\n\n\n<li>Assistente Administrativo;<\/li>\n\n\n\n<li>Analista de Produtos e Solu\u00e7\u00f5es de Bandeiras;<\/li>\n\n\n\n<li>Analista de Precifica\u00e7\u00e3o;<\/li>\n\n\n\n<li>Analista Cont\u00e1bil e Fiscal.&nbsp;&nbsp;<\/li>\n<\/ul>\n\n\n\n<p>Para concluir o processo de inscri\u00e7\u00e3o e aumentar suas chances de serem contratados, os candidatos devem prestar muita aten\u00e7\u00e3o ao preenchimento adequado do formul\u00e1rio de inscri\u00e7\u00e3o. H\u00e1 vagas em muitas cidades onde a empresa tem unidades ativas.<\/p>\n\n\n\n<h3 class=\"wp-block-heading\">Como concorrer \u00e0s vagas<\/h3>\n\n\n\n<p>Devido \u00e0 extensa rede nacional da empresa Martins, o profissional pode optar por se candidatar a uma posi\u00e7\u00e3o mais pr\u00f3xima de onde moram. Para visualizar todas as outras regi\u00f5es, oportunidades e informa\u00e7\u00f5es, a parte interessada deve acessar o site oficial da empresa, digitando no navegador Carreiras Martins. Ap\u00f3s entrar no site, acesse o campo de trabalhe conosco, procure a vaga e envie o curr\u00edculo.\u00a0<\/p>\n\n\n\n<ul class=\"wp-block-list\"><\/ul>\n\n\n\n<p>As oportunidades s\u00e3o atualizadas com frequ\u00eancia, portanto, se um candidato n\u00e3o conseguir encontrar uma posi\u00e7\u00e3o que se adapte ao seu perfil, ele poder\u00e1 realizar novas pesquisas mais tarde para encontrar um emprego que corresponda \u00e0s suas habilidades profissionais.<\/p>\n\n\n\n<p><strong>Veja tamb\u00e9m: <a href=\"https:\/\/www.vagadeempregorj.com.br\/es\/web-stories\/vagas-de-emprego-no-bobs\/\">Vagas de emprego no Bobs<\/a><\/strong><\/p>\n\n\n\n<h2 class=\"wp-block-heading\">Sobre a empresa Martins&nbsp;<\/h2>\n\n\n\n<p>A empresa Martins est\u00e1 apaixonada por sua \u00e1rea de opera\u00e7\u00e3o. Ser o principal membro da cadeia de demanda tem sido o nobre compromisso de longa data da empresa em fornecer o mercado brasileiro de pequeno e m\u00e9dio porte. Todos os anos, seus caminh\u00f5es viajam cerca de 28 milh\u00f5es de quil\u00f4metros, transportando algumas das marcas brasileiras mais conhecidas para todas as regi\u00f5es do pa\u00eds.<\/p>\n\n\n\n<p>O cliente \u00e9 uma de suas raz\u00f5es para ser, ent\u00e3o eles procuram profissionais que trabalham para a melhor Martins todos os dias!<\/p>","protected":false},"excerpt":{"rendered":"<p>Atualizado em Os Empregos Martins oferecem aos seus colaboradores uma s\u00e9rie de vantagens, al\u00e9m de sal\u00e1rios compat\u00edveis com o mercado. A companhia est\u00e1 buscando profissionais comprometidos que queiram crescer dentro de sua \u00e1rea e alavancar ainda mais sua carreira. A empresa oferece desenvolvimento cont\u00ednuo para todos os seus funcion\u00e1rios, al\u00e9m de condi\u00e7\u00f5es adequadas para que&hellip;&nbsp;<\/p>","protected":false},"author":16,"featured_media":36166,"comment_status":"open","ping_status":"closed","sticky":false,"template":"","format":"standard","meta":{"neve_meta_sidebar":"","neve_meta_container":"","neve_meta_enable_content_width":"","neve_meta_content_width":0,"neve_meta_title_alignment":"","neve_meta_author_avatar":"","neve_post_elements_order":"","neve_meta_disable_header":"","neve_meta_disable_footer":"","neve_meta_disable_title":"","footnotes":""},"categories":[123],"tags":[680,608,211],"class_list":["post-36162","post","type-post","status-publish","format-standard","has-post-thumbnail","hentry","category-vagas-de-emprego-nacionais","tag-martins","tag-oportunidades","tag-vagas-de-emprego"],"yoast_head":"<!-- This site is optimized with the Yoast SEO plugin v27.5 - https:\/\/yoast.com\/product\/yoast-seo-wordpress\/ -->\n<title>Auxiliar Administrativo PCD, Assistente Administrativo, Gerente, Analistas e muito mais na Empresa Martins -<\/title>\n<meta name=\"description\" content=\"Veja em Vagas de Emprego RJ as vagas de emprego com e sem experi\u00eancia no seu Estado e Regi\u00e3o!\" \/>\n<meta name=\"robots\" content=\"index, follow, max-snippet:-1, max-image-preview:large, max-video-preview:-1\" \/>\n<link rel=\"canonical\" href=\"https:\/\/www.vagadeempregorj.com.br\/es\/empregos-martins\/\" \/>\n<meta property=\"og:locale\" content=\"es_MX\" \/>\n<meta property=\"og:type\" content=\"article\" \/>\n<meta property=\"og:title\" content=\"Auxiliar Administrativo PCD, Assistente Administrativo, Gerente, Analistas e muito mais na Empresa Martins -\" \/>\n<meta property=\"og:description\" content=\"Veja em Vagas de Emprego RJ as vagas de emprego com e sem experi\u00eancia no seu Estado e Regi\u00e3o!\" \/>\n<meta property=\"og:url\" content=\"https:\/\/www.vagadeempregorj.com.br\/es\/empregos-martins\/\" \/>\n<meta property=\"article:publisher\" content=\"https:\/\/www.facebook.com\/empregobrasiloficial\" \/>\n<meta property=\"article:published_time\" content=\"2023-09-22T06:01:00+00:00\" \/>\n<meta property=\"article:modified_time\" content=\"2026-04-22T16:23:18+00:00\" \/>\n<meta property=\"og:image\" content=\"https:\/\/www.vagadeempregorj.com.br\/wp-content\/uploads\/2022\/11\/empregos-Martins.png\" \/>\n\t<meta property=\"og:image:width\" content=\"626\" \/>\n\t<meta property=\"og:image:height\" content=\"434\" \/>\n\t<meta property=\"og:image:type\" content=\"image\/png\" \/>\n<meta name=\"author\" content=\"Michele\" \/>\n<meta name=\"twitter:card\" content=\"summary_large_image\" \/>\n<meta name=\"twitter:label1\" content=\"Written by\" \/>\n\t<meta name=\"twitter:data1\" content=\"Michele\" \/>\n\t<meta name=\"twitter:label2\" content=\"Est. reading time\" \/>\n\t<meta name=\"twitter:data2\" content=\"3 minutos\" \/>\n<script type=\"application\/ld+json\" class=\"yoast-schema-graph\">{\"@context\":\"https:\\\/\\\/schema.org\",\"@graph\":[{\"@type\":\"Article\",\"@id\":\"https:\\\/\\\/www.vagadeempregorj.com.br\\\/empregos-martins\\\/#article\",\"isPartOf\":{\"@id\":\"https:\\\/\\\/www.vagadeempregorj.com.br\\\/empregos-martins\\\/\"},\"author\":{\"name\":\"Michele\",\"@id\":\"https:\\\/\\\/www.vagadeempregorj.com.br\\\/#\\\/schema\\\/person\\\/3ddb19fa0539706786e502152f3aae95\"},\"headline\":\"Auxiliar Administrativo PCD, Assistente Administrativo, Gerente, Analistas e muito mais na Empresa Martins\",\"datePublished\":\"2023-09-22T06:01:00+00:00\",\"dateModified\":\"2026-04-22T16:23:18+00:00\",\"mainEntityOfPage\":{\"@id\":\"https:\\\/\\\/www.vagadeempregorj.com.br\\\/empregos-martins\\\/\"},\"wordCount\":577,\"commentCount\":0,\"image\":{\"@id\":\"https:\\\/\\\/www.vagadeempregorj.com.br\\\/empregos-martins\\\/#primaryimage\"},\"thumbnailUrl\":\"https:\\\/\\\/www.vagadeempregorj.com.br\\\/wp-content\\\/uploads\\\/2022\\\/11\\\/empregos-Martins.png\",\"keywords\":[\"Martins\",\"oportunidades\",\"vagas de emprego\"],\"articleSection\":[\"Vagas de Emprego Nacionais\"],\"inLanguage\":\"es\",\"potentialAction\":[{\"@type\":\"CommentAction\",\"name\":\"Comment\",\"target\":[\"https:\\\/\\\/www.vagadeempregorj.com.br\\\/empregos-martins\\\/#respond\"]}]},{\"@type\":\"WebPage\",\"@id\":\"https:\\\/\\\/www.vagadeempregorj.com.br\\\/empregos-martins\\\/\",\"url\":\"https:\\\/\\\/www.vagadeempregorj.com.br\\\/empregos-martins\\\/\",\"name\":\"Auxiliar Administrativo PCD, Assistente Administrativo, Gerente, Analistas e muito mais na Empresa Martins -\",\"isPartOf\":{\"@id\":\"https:\\\/\\\/www.vagadeempregorj.com.br\\\/#website\"},\"primaryImageOfPage\":{\"@id\":\"https:\\\/\\\/www.vagadeempregorj.com.br\\\/empregos-martins\\\/#primaryimage\"},\"image\":{\"@id\":\"https:\\\/\\\/www.vagadeempregorj.com.br\\\/empregos-martins\\\/#primaryimage\"},\"thumbnailUrl\":\"https:\\\/\\\/www.vagadeempregorj.com.br\\\/wp-content\\\/uploads\\\/2022\\\/11\\\/empregos-Martins.png\",\"datePublished\":\"2023-09-22T06:01:00+00:00\",\"dateModified\":\"2026-04-22T16:23:18+00:00\",\"author\":{\"@id\":\"https:\\\/\\\/www.vagadeempregorj.com.br\\\/#\\\/schema\\\/person\\\/3ddb19fa0539706786e502152f3aae95\"},\"description\":\"Veja em Vagas de Emprego RJ as vagas de emprego com e sem experi\u00eancia no seu Estado e Regi\u00e3o!\",\"breadcrumb\":{\"@id\":\"https:\\\/\\\/www.vagadeempregorj.com.br\\\/empregos-martins\\\/#breadcrumb\"},\"inLanguage\":\"es\",\"potentialAction\":[{\"@type\":\"ReadAction\",\"target\":[\"https:\\\/\\\/www.vagadeempregorj.com.br\\\/empregos-martins\\\/\"]}]},{\"@type\":\"ImageObject\",\"inLanguage\":\"es\",\"@id\":\"https:\\\/\\\/www.vagadeempregorj.com.br\\\/empregos-martins\\\/#primaryimage\",\"url\":\"https:\\\/\\\/www.vagadeempregorj.com.br\\\/wp-content\\\/uploads\\\/2022\\\/11\\\/empregos-Martins.png\",\"contentUrl\":\"https:\\\/\\\/www.vagadeempregorj.com.br\\\/wp-content\\\/uploads\\\/2022\\\/11\\\/empregos-Martins.png\",\"width\":626,\"height\":434,\"caption\":\"Imagem: Martins - Reprodu\u00e7\u00e3o\"},{\"@type\":\"BreadcrumbList\",\"@id\":\"https:\\\/\\\/www.vagadeempregorj.com.br\\\/empregos-martins\\\/#breadcrumb\",\"itemListElement\":[{\"@type\":\"ListItem\",\"position\":1,\"name\":\"In\u00edcio\",\"item\":\"https:\\\/\\\/www.vagadeempregorj.com.br\\\/\"},{\"@type\":\"ListItem\",\"position\":2,\"name\":\"Vagas de Emprego Nacionais\",\"item\":\"https:\\\/\\\/www.vagadeempregorj.com.br\\\/vagas-de-emprego-nacionais\\\/\"},{\"@type\":\"ListItem\",\"position\":3,\"name\":\"Auxiliar Administrativo PCD, Assistente Administrativo, Gerente, Analistas e muito mais na Empresa Martins\"}]},{\"@type\":\"WebSite\",\"@id\":\"https:\\\/\\\/www.vagadeempregorj.com.br\\\/#website\",\"url\":\"https:\\\/\\\/www.vagadeempregorj.com.br\\\/\",\"name\":\"\",\"description\":\"Conquiste Sonhos: Vagas, Benef\u00edcios e Economia para Transformar Vidas e Alcan\u00e7ar Melhorias Cotidianas\",\"potentialAction\":[{\"@type\":\"SearchAction\",\"target\":{\"@type\":\"EntryPoint\",\"urlTemplate\":\"https:\\\/\\\/www.vagadeempregorj.com.br\\\/?s={search_term_string}\"},\"query-input\":{\"@type\":\"PropertyValueSpecification\",\"valueRequired\":true,\"valueName\":\"search_term_string\"}}],\"inLanguage\":\"es\"},{\"@type\":\"Person\",\"@id\":\"https:\\\/\\\/www.vagadeempregorj.com.br\\\/#\\\/schema\\\/person\\\/3ddb19fa0539706786e502152f3aae95\",\"name\":\"Michele\",\"image\":{\"@type\":\"ImageObject\",\"inLanguage\":\"es\",\"@id\":\"https:\\\/\\\/secure.gravatar.com\\\/avatar\\\/6b0eb9d22841282815e2cd856a0061c45e1761cd54b22e952d98c4746939aa85?s=96&r=g\",\"url\":\"https:\\\/\\\/secure.gravatar.com\\\/avatar\\\/6b0eb9d22841282815e2cd856a0061c45e1761cd54b22e952d98c4746939aa85?s=96&r=g\",\"contentUrl\":\"https:\\\/\\\/secure.gravatar.com\\\/avatar\\\/6b0eb9d22841282815e2cd856a0061c45e1761cd54b22e952d98c4746939aa85?s=96&r=g\",\"caption\":\"Michele\"},\"description\":\"Formada em Letras - Portugu\u00eas\\\/ Ingl\u00eas, e idealizadora do site Escritora de Sucesso, busca expandir o conhecimento de todos com informa\u00e7\u00f5es relevantes sobre diversos assuntos, enquanto redatora. No Vaga de Emprego RJ, traz oportunidades e dicas sobre o mercado de trabalho.\",\"url\":\"https:\\\/\\\/www.vagadeempregorj.com.br\\\/es\\\/author\\\/michele\\\/\"}]}<\/script>\n<!-- \/ Yoast SEO plugin. -->","yoast_head_json":{"title":"Auxiliar Administrativo PCD, Assistente Administrativo, Gerente, Analistas e muito mais na Empresa Martins -","description":"Veja em Vagas de Emprego RJ as vagas de emprego com e sem experi\u00eancia no seu Estado e Regi\u00e3o!","robots":{"index":"index","follow":"follow","max-snippet":"max-snippet:-1","max-image-preview":"max-image-preview:large","max-video-preview":"max-video-preview:-1"},"canonical":"https:\/\/www.vagadeempregorj.com.br\/es\/empregos-martins\/","og_locale":"es_MX","og_type":"article","og_title":"Auxiliar Administrativo PCD, Assistente Administrativo, Gerente, Analistas e muito mais na Empresa Martins -","og_description":"Veja em Vagas de Emprego RJ as vagas de emprego com e sem experi\u00eancia no seu Estado e Regi\u00e3o!","og_url":"https:\/\/www.vagadeempregorj.com.br\/es\/empregos-martins\/","article_publisher":"https:\/\/www.facebook.com\/empregobrasiloficial","article_published_time":"2023-09-22T06:01:00+00:00","article_modified_time":"2026-04-22T16:23:18+00:00","og_image":[{"width":626,"height":434,"url":"https:\/\/www.vagadeempregorj.com.br\/wp-content\/uploads\/2022\/11\/empregos-Martins.png","type":"image\/png"}],"author":"Michele","twitter_card":"summary_large_image","twitter_misc":{"Written by":"Michele","Est. reading time":"3 minutos"},"schema":{"@context":"https:\/\/schema.org","@graph":[{"@type":"Article","@id":"https:\/\/www.vagadeempregorj.com.br\/empregos-martins\/#article","isPartOf":{"@id":"https:\/\/www.vagadeempregorj.com.br\/empregos-martins\/"},"author":{"name":"Michele","@id":"https:\/\/www.vagadeempregorj.com.br\/#\/schema\/person\/3ddb19fa0539706786e502152f3aae95"},"headline":"Auxiliar Administrativo PCD, Assistente Administrativo, Gerente, Analistas e muito mais na Empresa Martins","datePublished":"2023-09-22T06:01:00+00:00","dateModified":"2026-04-22T16:23:18+00:00","mainEntityOfPage":{"@id":"https:\/\/www.vagadeempregorj.com.br\/empregos-martins\/"},"wordCount":577,"commentCount":0,"image":{"@id":"https:\/\/www.vagadeempregorj.com.br\/empregos-martins\/#primaryimage"},"thumbnailUrl":"https:\/\/www.vagadeempregorj.com.br\/wp-content\/uploads\/2022\/11\/empregos-Martins.png","keywords":["Martins","oportunidades","vagas de emprego"],"articleSection":["Vagas de Emprego Nacionais"],"inLanguage":"es","potentialAction":[{"@type":"CommentAction","name":"Comment","target":["https:\/\/www.vagadeempregorj.com.br\/empregos-martins\/#respond"]}]},{"@type":"WebPage","@id":"https:\/\/www.vagadeempregorj.com.br\/empregos-martins\/","url":"https:\/\/www.vagadeempregorj.com.br\/empregos-martins\/","name":"Auxiliar Administrativo PCD, Assistente Administrativo, Gerente, Analistas e muito mais na Empresa Martins -","isPartOf":{"@id":"https:\/\/www.vagadeempregorj.com.br\/#website"},"primaryImageOfPage":{"@id":"https:\/\/www.vagadeempregorj.com.br\/empregos-martins\/#primaryimage"},"image":{"@id":"https:\/\/www.vagadeempregorj.com.br\/empregos-martins\/#primaryimage"},"thumbnailUrl":"https:\/\/www.vagadeempregorj.com.br\/wp-content\/uploads\/2022\/11\/empregos-Martins.png","datePublished":"2023-09-22T06:01:00+00:00","dateModified":"2026-04-22T16:23:18+00:00","author":{"@id":"https:\/\/www.vagadeempregorj.com.br\/#\/schema\/person\/3ddb19fa0539706786e502152f3aae95"},"description":"Veja em Vagas de Emprego RJ as vagas de emprego com e sem experi\u00eancia no seu Estado e Regi\u00e3o!","breadcrumb":{"@id":"https:\/\/www.vagadeempregorj.com.br\/empregos-martins\/#breadcrumb"},"inLanguage":"es","potentialAction":[{"@type":"ReadAction","target":["https:\/\/www.vagadeempregorj.com.br\/empregos-martins\/"]}]},{"@type":"ImageObject","inLanguage":"es","@id":"https:\/\/www.vagadeempregorj.com.br\/empregos-martins\/#primaryimage","url":"https:\/\/www.vagadeempregorj.com.br\/wp-content\/uploads\/2022\/11\/empregos-Martins.png","contentUrl":"https:\/\/www.vagadeempregorj.com.br\/wp-content\/uploads\/2022\/11\/empregos-Martins.png","width":626,"height":434,"caption":"Imagem: Martins - Reprodu\u00e7\u00e3o"},{"@type":"BreadcrumbList","@id":"https:\/\/www.vagadeempregorj.com.br\/empregos-martins\/#breadcrumb","itemListElement":[{"@type":"ListItem","position":1,"name":"In\u00edcio","item":"https:\/\/www.vagadeempregorj.com.br\/"},{"@type":"ListItem","position":2,"name":"Vagas de Emprego Nacionais","item":"https:\/\/www.vagadeempregorj.com.br\/vagas-de-emprego-nacionais\/"},{"@type":"ListItem","position":3,"name":"Auxiliar Administrativo PCD, Assistente Administrativo, Gerente, Analistas e muito mais na Empresa Martins"}]},{"@type":"WebSite","@id":"https:\/\/www.vagadeempregorj.com.br\/#website","url":"https:\/\/www.vagadeempregorj.com.br\/","name":"","description":"Conquiste Sonhos: Vagas, Benef\u00edcios e Economia para Transformar Vidas e Alcan\u00e7ar Melhorias Cotidianas","potentialAction":[{"@type":"SearchAction","target":{"@type":"EntryPoint","urlTemplate":"https:\/\/www.vagadeempregorj.com.br\/?s={search_term_string}"},"query-input":{"@type":"PropertyValueSpecification","valueRequired":true,"valueName":"search_term_string"}}],"inLanguage":"es"},{"@type":"Person","@id":"https:\/\/www.vagadeempregorj.com.br\/#\/schema\/person\/3ddb19fa0539706786e502152f3aae95","name":"Michele","image":{"@type":"ImageObject","inLanguage":"es","@id":"https:\/\/secure.gravatar.com\/avatar\/6b0eb9d22841282815e2cd856a0061c45e1761cd54b22e952d98c4746939aa85?s=96&r=g","url":"https:\/\/secure.gravatar.com\/avatar\/6b0eb9d22841282815e2cd856a0061c45e1761cd54b22e952d98c4746939aa85?s=96&r=g","contentUrl":"https:\/\/secure.gravatar.com\/avatar\/6b0eb9d22841282815e2cd856a0061c45e1761cd54b22e952d98c4746939aa85?s=96&r=g","caption":"Michele"},"description":"Formada em Letras - Portugu\u00eas\/ Ingl\u00eas, e idealizadora do site Escritora de Sucesso, busca expandir o conhecimento de todos com informa\u00e7\u00f5es relevantes sobre diversos assuntos, enquanto redatora. No Vaga de Emprego RJ, traz oportunidades e dicas sobre o mercado de trabalho.","url":"https:\/\/www.vagadeempregorj.com.br\/es\/author\/michele\/"}]}},"_links":{"self":[{"href":"https:\/\/www.vagadeempregorj.com.br\/es\/wp-json\/wp\/v2\/posts\/36162","targetHints":{"allow":["GET"]}}],"collection":[{"href":"https:\/\/www.vagadeempregorj.com.br\/es\/wp-json\/wp\/v2\/posts"}],"about":[{"href":"https:\/\/www.vagadeempregorj.com.br\/es\/wp-json\/wp\/v2\/types\/post"}],"author":[{"embeddable":true,"href":"https:\/\/www.vagadeempregorj.com.br\/es\/wp-json\/wp\/v2\/users\/16"}],"replies":[{"embeddable":true,"href":"https:\/\/www.vagadeempregorj.com.br\/es\/wp-json\/wp\/v2\/comments?post=36162"}],"version-history":[{"count":1,"href":"https:\/\/www.vagadeempregorj.com.br\/es\/wp-json\/wp\/v2\/posts\/36162\/revisions"}],"predecessor-version":[{"id":44234,"href":"https:\/\/www.vagadeempregorj.com.br\/es\/wp-json\/wp\/v2\/posts\/36162\/revisions\/44234"}],"wp:featuredmedia":[{"embeddable":true,"href":"https:\/\/www.vagadeempregorj.com.br\/es\/wp-json\/wp\/v2\/media\/36166"}],"wp:attachment":[{"href":"https:\/\/www.vagadeempregorj.com.br\/es\/wp-json\/wp\/v2\/media?parent=36162"}],"wp:term":[{"taxonomy":"category","embeddable":true,"href":"https:\/\/www.vagadeempregorj.com.br\/es\/wp-json\/wp\/v2\/categories?post=36162"},{"taxonomy":"post_tag","embeddable":true,"href":"https:\/\/www.vagadeempregorj.com.br\/es\/wp-json\/wp\/v2\/tags?post=36162"}],"curies":[{"name":"wp","href":"https:\/\/api.w.org\/{rel}","templated":true}]}}