{"id":36200,"date":"2023-09-29T01:03:00","date_gmt":"2023-09-29T04:03:00","guid":{"rendered":"https:\/\/www.vagadeempregorj.com.br\/?p=36200"},"modified":"2023-12-15T15:48:55","modified_gmt":"2023-12-15T18:48:55","slug":"empregos-renault","status":"publish","type":"post","link":"https:\/\/www.vagadeempregorj.com.br\/es\/empregos-renault\/","title":{"rendered":"Comprador, Est\u00e1gios, Operador de Fabrica\u00e7\u00e3o PCD, T\u00e9cnico em Seguran\u00e7a do Trabalho, Analistas e muito mais na Empresa Renault"},"content":{"rendered":"<p>Atualizado em<\/p>\n\n\n<div class=\"wp-block-post-date\"><time datetime=\"2023-09-29T01:03:00-03:00\">29\/09\/2023<\/time><\/div>\n\n\n<p>Os <strong>Empregos Renault t<\/strong>\u00eam se destacado no mercado de trabalho por causa dos benef\u00edcios que a empresa oferta. A inova\u00e7\u00e3o s\u00f3 pode ocorrer em um ambiente receptivo a ideias e ideias diferentes. Portanto, a companhia incentiva a diversidade entre os seus funcion\u00e1rios, com uma mistura de estilos de vida, forma\u00e7\u00f5es, idades, experi\u00eancias, nacionalidades e g\u00eaneros. Os profissionais com defici\u00eancia s\u00e3o respeitados e incentivados e hoje atuam em quase todas as \u00e1reas da empresa. Protagonistas femininas tamb\u00e9m s\u00e3o uma prioridade para eles, que incentivam a contrata\u00e7\u00e3o de mulheres e promovem o desenvolvimento de suas funcion\u00e1rias para que assumam cargos de lideran\u00e7a.<\/p>\n\n\n\n<figure class=\"wp-block-image size-large\"><img loading=\"lazy\" decoding=\"async\" width=\"1024\" height=\"683\" src=\"https:\/\/www.vagadeempregorj.com.br\/wp-content\/uploads\/2022\/11\/empregos-renault-1024x683.jpg\" alt=\"empregos renault\" class=\"wp-image-36206\" srcset=\"https:\/\/www.vagadeempregorj.com.br\/wp-content\/uploads\/2022\/11\/empregos-renault-1024x683.jpg 1024w, https:\/\/www.vagadeempregorj.com.br\/wp-content\/uploads\/2022\/11\/empregos-renault-300x200.jpg 300w, https:\/\/www.vagadeempregorj.com.br\/wp-content\/uploads\/2022\/11\/empregos-renault-768x512.jpg 768w, https:\/\/www.vagadeempregorj.com.br\/wp-content\/uploads\/2022\/11\/empregos-renault-150x100.jpg 150w, https:\/\/www.vagadeempregorj.com.br\/wp-content\/uploads\/2022\/11\/empregos-renault.jpg 1280w\" sizes=\"auto, (max-width: 1024px) 100vw, 1024px\" \/><figcaption class=\"wp-element-caption\">Imagem: Renault &#8211; Reprodu\u00e7\u00e3o<\/figcaption><\/figure>\n\n\n\n<h2 class=\"wp-block-heading\">Conhe\u00e7a todas as oportunidades de Empregos Renault<\/h2>\n\n\n\n<p>H\u00e1 diversas vagas para v\u00e1rias partes do pa\u00eds, incluindo est\u00e1gios em muitas \u00e1reas. Confira abaixo todos os cargos ofertados e veja como se inscrever em seguida:<\/p>\n\n\n\n<ul class=\"wp-block-list\">\n<li>EST\u00c1GIO &#8211; DIRE\u00c7\u00c3O P\u00d3S-VENDAS;<\/li>\n\n\n\n<li>OPERADOR DE FLUXOS F\u00cdSICOS;<\/li>\n\n\n\n<li>EST\u00c1GIO EM COM\u00c9RCIO P\u00d3S-VENDAS;<\/li>\n\n\n\n<li>MASTER TI &#8211; CP CLOUD DEVOPS ENGINEER;<\/li>\n\n\n\n<li>EST\u00c1GIO EM PERFORMANCE & CONTROLE COMERCIAL;<\/li>\n\n\n\n<li>LIDER FLUXOS FISICOS;<\/li>\n\n\n\n<li>COMPRADOR;&nbsp;<\/li>\n\n\n\n<li>OP FABRICA\u00c7\u00c3O I \u2013 PCD;<\/li>\n\n\n\n<li>EST\u00c1GIO &#8211; FINAN\u00c7AS\/TESOURARIA;<\/li>\n\n\n\n<li>CHEFE PRODU\u00c7\u00c3O \u2013 CIA;<\/li>\n\n\n\n<li>EST\u00c1GIO \u2013 PINTURA;<\/li>\n\n\n\n<li>LIDER FABRICA\u00c7\u00c3O &#8211; CARROCERIA CVP;<\/li>\n\n\n\n<li>EST\u00c1GIO ADMINISTRATIVO;<\/li>\n\n\n\n<li>ANALISTA ENG DESENV PRODUTO;<\/li>\n\n\n\n<li>EST\u00c1GIO &#8211; DLI &#8211; DIRE\u00c7\u00c3O DE LOG\u00cdSTICA INDUSTRIAL;<\/li>\n\n\n\n<li>L\u00cdDER DE ENGENHARIA &#8211; BODY PARTS;<\/li>\n\n\n\n<li>EST\u00c1GIO &#8211; ENGENHARIA DE PROCESSOS;<\/li>\n\n\n\n<li>ANALISTA DE SUPORTE CLOUD GPC;<\/li>\n\n\n\n<li>EST\u00c1GIO &#8211; ENGENHARIA DE PROJETOS;<\/li>\n\n\n\n<li>COORD REGIONAL CYBERSECURITY;<\/li>\n\n\n\n<li>EST\u00c1GIO FINAN\u00c7AS \u2013 COMPLIANCE;<\/li>\n\n\n\n<li>BUSINESS DEVELOPER MANAGER;<\/li>\n\n\n\n<li>EST\u00c1GIO EM ESTRAT\u00c9GIA E DESENVOLVIMENTO NOVOS NEG\u00d3CIOS;<\/li>\n\n\n\n<li>T\u00c9C. SEGURAN\u00c7A DO TRABALHO;<\/li>\n\n\n\n<li>EST\u00c1GIO EM TI;<\/li>\n\n\n\n<li>EST\u00c1GIO \u2013 COMUNICA\u00c7\u00c3O;<\/li>\n\n\n\n<li>EST\u00c1GIO EM ENGENHARIA DE MATERIAIS;<\/li>\n\n\n\n<li>EST\u00c1GIO EM CUSTOMER AND MARKET INTELLIGENCE;<\/li>\n\n\n\n<li>EST\u00c1GIO &#8211; RECURSOS HUMANOS.<\/li>\n<\/ul>\n\n\n\n<h3 class=\"wp-block-heading\">Como se candidatar<\/h3>\n\n\n\n<p>Para concorrer \u00e0s oportunidades na Renault \u00e9 preciso acessar o site <a href=\"https:\/\/www.renault.com.br\/\" target=\"_blank\" rel=\"noreferrer noopener\"><strong>https:\/\/www.renault.com.br\/<\/strong><\/a> role para baixo at\u00e9 o rodap\u00e9 do site e procure e clique no link <strong>Trabalhe Conosco.<\/strong><\/p>\n\n\n\n<p>Site da Renault: <a href=\"https:\/\/www.renault.com.br\/\" target=\"_blank\" rel=\"noreferrer noopener\"><strong>https:\/\/www.renault.com.br\/<\/strong><\/a><\/p>\n\n\n\n<p>Depois disso, basta encontrar a fun\u00e7\u00e3o do seu interesse e ler com aten\u00e7\u00e3o todos os crit\u00e9rios que s\u00e3o exigidos para ter a certeza de que ela \u00e9 adequada ao seu perfil profissional. Caso seja, entre com o seu login na plataforma ou crie um cadastro se ainda n\u00e3o tiver. Por fim, aguarde a empresa entrar em contato. N\u00e3o se esque\u00e7a de estar bem preparado para a entrevista.<\/p>\n\n\n\n<p><strong>Veja tamb\u00e9m: <a href=\"https:\/\/www.vagadeempregorj.com.br\/es\/empregos-randon\/\">Almoxarife, Operador de M\u00e1quinas, Assistente Administrativo, Operador de Empilhadeira e muito mais na Empresa Randon<\/a><\/strong><\/p>\n\n\n\n<h2 class=\"wp-block-heading\">Sobre a Renault<\/h2>\n\n\n\n<p>A empresa est\u00e1 na vanguarda da reinven\u00e7\u00e3o da sua pr\u00f3pria mobilidade. Com suas alian\u00e7as com a Nissan e a Mitsubishi Motors e sua expertise \u00fanica em eletrifica\u00e7\u00e3o, ela&nbsp; inclui 4 marcas complementares &#8211; Renault, Dacia, Alpine e Mobilize &#8211; para oferecer aos seus clientes solu\u00e7\u00f5es de mobilidade inovadoras e sustent\u00e1veis.<\/p>\n\n\n\n<p>O Grupo opera em mais de 130 pa\u00edses e vendeu 2,7 milh\u00f5es de ve\u00edculos em 2021. Os cerca de 111 mil colaboradores do Grupo incorporam o prop\u00f3sito do Grupo em seu dia a dia, por isso a mobilidade aproxima as pessoas. Pronto para enfrentar os desafios nas ruas e nas corridas, a empresa aposta em uma transforma\u00e7\u00e3o ambiciosa para criar valor.<\/p>\n\n\n\n<p>Esta aposta centra-se no desenvolvimento de novas tecnologias e servi\u00e7os, bem como numa gama de ve\u00edculos el\u00e9tricos mais competitiva e equilibrada. Em resposta aos desafios ambientais, a companhia pretende atingir a neutralidade de carbono na Europa at\u00e9 2040.&nbsp;<\/p>","protected":false},"excerpt":{"rendered":"<p>Atualizado em Os Empregos Renault t\u00eam se destacado no mercado de trabalho por causa dos benef\u00edcios que a empresa oferta. A inova\u00e7\u00e3o s\u00f3 pode ocorrer em um ambiente receptivo a ideias e ideias diferentes. Portanto, a companhia incentiva a diversidade entre os seus funcion\u00e1rios, com uma mistura de estilos de vida, forma\u00e7\u00f5es, idades, experi\u00eancias, nacionalidades&hellip;&nbsp;<\/p>","protected":false},"author":16,"featured_media":36206,"comment_status":"open","ping_status":"closed","sticky":false,"template":"","format":"standard","meta":{"neve_meta_sidebar":"","neve_meta_container":"","neve_meta_enable_content_width":"","neve_meta_content_width":0,"neve_meta_title_alignment":"","neve_meta_author_avatar":"","neve_post_elements_order":"","neve_meta_disable_header":"","neve_meta_disable_footer":"","neve_meta_disable_title":"","footnotes":""},"categories":[123],"tags":[608,685,211],"class_list":["post-36200","post","type-post","status-publish","format-standard","has-post-thumbnail","hentry","category-vagas-de-emprego-nacionais","tag-oportunidades","tag-renault","tag-vagas-de-emprego"],"yoast_head":"<!-- This site is optimized with the Yoast SEO plugin v27.5 - https:\/\/yoast.com\/product\/yoast-seo-wordpress\/ -->\n<title>Comprador, Est\u00e1gios, Operador de Fabrica\u00e7\u00e3o PCD, T\u00e9cnico em Seguran\u00e7a do Trabalho, Analistas e muito mais na Empresa Renault -<\/title>\n<meta name=\"description\" content=\"Veja em Vagas de Emprego RJ as vagas de emprego com e sem experi\u00eancia no seu Estado e Regi\u00e3o!\" \/>\n<meta name=\"robots\" content=\"index, follow, max-snippet:-1, max-image-preview:large, max-video-preview:-1\" \/>\n<link rel=\"canonical\" href=\"https:\/\/www.vagadeempregorj.com.br\/es\/empregos-renault\/\" \/>\n<meta property=\"og:locale\" content=\"es_MX\" \/>\n<meta property=\"og:type\" content=\"article\" \/>\n<meta property=\"og:title\" content=\"Comprador, Est\u00e1gios, Operador de Fabrica\u00e7\u00e3o PCD, T\u00e9cnico em Seguran\u00e7a do Trabalho, Analistas e muito mais na Empresa Renault -\" \/>\n<meta property=\"og:description\" content=\"Veja em Vagas de Emprego RJ as vagas de emprego com e sem experi\u00eancia no seu Estado e Regi\u00e3o!\" \/>\n<meta property=\"og:url\" content=\"https:\/\/www.vagadeempregorj.com.br\/es\/empregos-renault\/\" \/>\n<meta property=\"article:publisher\" content=\"https:\/\/www.facebook.com\/empregobrasiloficial\" \/>\n<meta property=\"article:published_time\" content=\"2023-09-29T04:03:00+00:00\" \/>\n<meta property=\"article:modified_time\" content=\"2023-12-15T18:48:55+00:00\" \/>\n<meta property=\"og:image\" content=\"https:\/\/www.vagadeempregorj.com.br\/wp-content\/uploads\/2022\/11\/empregos-renault.jpg\" \/>\n\t<meta property=\"og:image:width\" content=\"1280\" \/>\n\t<meta property=\"og:image:height\" content=\"854\" \/>\n\t<meta property=\"og:image:type\" content=\"image\/jpeg\" \/>\n<meta name=\"author\" content=\"Michele\" \/>\n<meta name=\"twitter:card\" content=\"summary_large_image\" \/>\n<meta name=\"twitter:label1\" content=\"Written by\" \/>\n\t<meta name=\"twitter:data1\" content=\"Michele\" \/>\n\t<meta name=\"twitter:label2\" content=\"Est. reading time\" \/>\n\t<meta name=\"twitter:data2\" content=\"3 minutos\" \/>\n<script type=\"application\/ld+json\" class=\"yoast-schema-graph\">{\"@context\":\"https:\\\/\\\/schema.org\",\"@graph\":[{\"@type\":\"Article\",\"@id\":\"https:\\\/\\\/www.vagadeempregorj.com.br\\\/empregos-renault\\\/#article\",\"isPartOf\":{\"@id\":\"https:\\\/\\\/www.vagadeempregorj.com.br\\\/empregos-renault\\\/\"},\"author\":{\"name\":\"Michele\",\"@id\":\"https:\\\/\\\/www.vagadeempregorj.com.br\\\/#\\\/schema\\\/person\\\/3ddb19fa0539706786e502152f3aae95\"},\"headline\":\"Comprador, Est\u00e1gios, Operador de Fabrica\u00e7\u00e3o PCD, T\u00e9cnico em Seguran\u00e7a do Trabalho, Analistas e muito mais na Empresa Renault\",\"datePublished\":\"2023-09-29T04:03:00+00:00\",\"dateModified\":\"2023-12-15T18:48:55+00:00\",\"mainEntityOfPage\":{\"@id\":\"https:\\\/\\\/www.vagadeempregorj.com.br\\\/empregos-renault\\\/\"},\"wordCount\":633,\"commentCount\":0,\"image\":{\"@id\":\"https:\\\/\\\/www.vagadeempregorj.com.br\\\/empregos-renault\\\/#primaryimage\"},\"thumbnailUrl\":\"https:\\\/\\\/www.vagadeempregorj.com.br\\\/wp-content\\\/uploads\\\/2022\\\/11\\\/empregos-renault.jpg\",\"keywords\":[\"oportunidades\",\"Renault\",\"vagas de emprego\"],\"articleSection\":[\"Vagas de Emprego Nacionais\"],\"inLanguage\":\"es\",\"potentialAction\":[{\"@type\":\"CommentAction\",\"name\":\"Comment\",\"target\":[\"https:\\\/\\\/www.vagadeempregorj.com.br\\\/empregos-renault\\\/#respond\"]}]},{\"@type\":\"WebPage\",\"@id\":\"https:\\\/\\\/www.vagadeempregorj.com.br\\\/empregos-renault\\\/\",\"url\":\"https:\\\/\\\/www.vagadeempregorj.com.br\\\/empregos-renault\\\/\",\"name\":\"Comprador, Est\u00e1gios, Operador de Fabrica\u00e7\u00e3o PCD, T\u00e9cnico em Seguran\u00e7a do Trabalho, Analistas e muito mais na Empresa Renault -\",\"isPartOf\":{\"@id\":\"https:\\\/\\\/www.vagadeempregorj.com.br\\\/#website\"},\"primaryImageOfPage\":{\"@id\":\"https:\\\/\\\/www.vagadeempregorj.com.br\\\/empregos-renault\\\/#primaryimage\"},\"image\":{\"@id\":\"https:\\\/\\\/www.vagadeempregorj.com.br\\\/empregos-renault\\\/#primaryimage\"},\"thumbnailUrl\":\"https:\\\/\\\/www.vagadeempregorj.com.br\\\/wp-content\\\/uploads\\\/2022\\\/11\\\/empregos-renault.jpg\",\"datePublished\":\"2023-09-29T04:03:00+00:00\",\"dateModified\":\"2023-12-15T18:48:55+00:00\",\"author\":{\"@id\":\"https:\\\/\\\/www.vagadeempregorj.com.br\\\/#\\\/schema\\\/person\\\/3ddb19fa0539706786e502152f3aae95\"},\"description\":\"Veja em Vagas de Emprego RJ as vagas de emprego com e sem experi\u00eancia no seu Estado e Regi\u00e3o!\",\"breadcrumb\":{\"@id\":\"https:\\\/\\\/www.vagadeempregorj.com.br\\\/empregos-renault\\\/#breadcrumb\"},\"inLanguage\":\"es\",\"potentialAction\":[{\"@type\":\"ReadAction\",\"target\":[\"https:\\\/\\\/www.vagadeempregorj.com.br\\\/empregos-renault\\\/\"]}]},{\"@type\":\"ImageObject\",\"inLanguage\":\"es\",\"@id\":\"https:\\\/\\\/www.vagadeempregorj.com.br\\\/empregos-renault\\\/#primaryimage\",\"url\":\"https:\\\/\\\/www.vagadeempregorj.com.br\\\/wp-content\\\/uploads\\\/2022\\\/11\\\/empregos-renault.jpg\",\"contentUrl\":\"https:\\\/\\\/www.vagadeempregorj.com.br\\\/wp-content\\\/uploads\\\/2022\\\/11\\\/empregos-renault.jpg\",\"width\":1280,\"height\":854,\"caption\":\"Imagem: Renault - Reprodu\u00e7\u00e3o\"},{\"@type\":\"BreadcrumbList\",\"@id\":\"https:\\\/\\\/www.vagadeempregorj.com.br\\\/empregos-renault\\\/#breadcrumb\",\"itemListElement\":[{\"@type\":\"ListItem\",\"position\":1,\"name\":\"In\u00edcio\",\"item\":\"https:\\\/\\\/www.vagadeempregorj.com.br\\\/\"},{\"@type\":\"ListItem\",\"position\":2,\"name\":\"Vagas de Emprego Nacionais\",\"item\":\"https:\\\/\\\/www.vagadeempregorj.com.br\\\/vagas-de-emprego-nacionais\\\/\"},{\"@type\":\"ListItem\",\"position\":3,\"name\":\"Comprador, Est\u00e1gios, Operador de Fabrica\u00e7\u00e3o PCD, T\u00e9cnico em Seguran\u00e7a do Trabalho, Analistas e muito mais na Empresa Renault\"}]},{\"@type\":\"WebSite\",\"@id\":\"https:\\\/\\\/www.vagadeempregorj.com.br\\\/#website\",\"url\":\"https:\\\/\\\/www.vagadeempregorj.com.br\\\/\",\"name\":\"\",\"description\":\"Conquiste Sonhos: Vagas, Benef\u00edcios e Economia para Transformar Vidas e Alcan\u00e7ar Melhorias Cotidianas\",\"potentialAction\":[{\"@type\":\"SearchAction\",\"target\":{\"@type\":\"EntryPoint\",\"urlTemplate\":\"https:\\\/\\\/www.vagadeempregorj.com.br\\\/?s={search_term_string}\"},\"query-input\":{\"@type\":\"PropertyValueSpecification\",\"valueRequired\":true,\"valueName\":\"search_term_string\"}}],\"inLanguage\":\"es\"},{\"@type\":\"Person\",\"@id\":\"https:\\\/\\\/www.vagadeempregorj.com.br\\\/#\\\/schema\\\/person\\\/3ddb19fa0539706786e502152f3aae95\",\"name\":\"Michele\",\"image\":{\"@type\":\"ImageObject\",\"inLanguage\":\"es\",\"@id\":\"https:\\\/\\\/secure.gravatar.com\\\/avatar\\\/6b0eb9d22841282815e2cd856a0061c45e1761cd54b22e952d98c4746939aa85?s=96&r=g\",\"url\":\"https:\\\/\\\/secure.gravatar.com\\\/avatar\\\/6b0eb9d22841282815e2cd856a0061c45e1761cd54b22e952d98c4746939aa85?s=96&r=g\",\"contentUrl\":\"https:\\\/\\\/secure.gravatar.com\\\/avatar\\\/6b0eb9d22841282815e2cd856a0061c45e1761cd54b22e952d98c4746939aa85?s=96&r=g\",\"caption\":\"Michele\"},\"description\":\"Formada em Letras - Portugu\u00eas\\\/ Ingl\u00eas, e idealizadora do site Escritora de Sucesso, busca expandir o conhecimento de todos com informa\u00e7\u00f5es relevantes sobre diversos assuntos, enquanto redatora. No Vaga de Emprego RJ, traz oportunidades e dicas sobre o mercado de trabalho.\",\"url\":\"https:\\\/\\\/www.vagadeempregorj.com.br\\\/es\\\/author\\\/michele\\\/\"}]}<\/script>\n<!-- \/ Yoast SEO plugin. -->","yoast_head_json":{"title":"Comprador, Est\u00e1gios, Operador de Fabrica\u00e7\u00e3o PCD, T\u00e9cnico em Seguran\u00e7a do Trabalho, Analistas e muito mais na Empresa Renault -","description":"Veja em Vagas de Emprego RJ as vagas de emprego com e sem experi\u00eancia no seu Estado e Regi\u00e3o!","robots":{"index":"index","follow":"follow","max-snippet":"max-snippet:-1","max-image-preview":"max-image-preview:large","max-video-preview":"max-video-preview:-1"},"canonical":"https:\/\/www.vagadeempregorj.com.br\/es\/empregos-renault\/","og_locale":"es_MX","og_type":"article","og_title":"Comprador, Est\u00e1gios, Operador de Fabrica\u00e7\u00e3o PCD, T\u00e9cnico em Seguran\u00e7a do Trabalho, Analistas e muito mais na Empresa Renault -","og_description":"Veja em Vagas de Emprego RJ as vagas de emprego com e sem experi\u00eancia no seu Estado e Regi\u00e3o!","og_url":"https:\/\/www.vagadeempregorj.com.br\/es\/empregos-renault\/","article_publisher":"https:\/\/www.facebook.com\/empregobrasiloficial","article_published_time":"2023-09-29T04:03:00+00:00","article_modified_time":"2023-12-15T18:48:55+00:00","og_image":[{"width":1280,"height":854,"url":"https:\/\/www.vagadeempregorj.com.br\/wp-content\/uploads\/2022\/11\/empregos-renault.jpg","type":"image\/jpeg"}],"author":"Michele","twitter_card":"summary_large_image","twitter_misc":{"Written by":"Michele","Est. reading time":"3 minutos"},"schema":{"@context":"https:\/\/schema.org","@graph":[{"@type":"Article","@id":"https:\/\/www.vagadeempregorj.com.br\/empregos-renault\/#article","isPartOf":{"@id":"https:\/\/www.vagadeempregorj.com.br\/empregos-renault\/"},"author":{"name":"Michele","@id":"https:\/\/www.vagadeempregorj.com.br\/#\/schema\/person\/3ddb19fa0539706786e502152f3aae95"},"headline":"Comprador, Est\u00e1gios, Operador de Fabrica\u00e7\u00e3o PCD, T\u00e9cnico em Seguran\u00e7a do Trabalho, Analistas e muito mais na Empresa Renault","datePublished":"2023-09-29T04:03:00+00:00","dateModified":"2023-12-15T18:48:55+00:00","mainEntityOfPage":{"@id":"https:\/\/www.vagadeempregorj.com.br\/empregos-renault\/"},"wordCount":633,"commentCount":0,"image":{"@id":"https:\/\/www.vagadeempregorj.com.br\/empregos-renault\/#primaryimage"},"thumbnailUrl":"https:\/\/www.vagadeempregorj.com.br\/wp-content\/uploads\/2022\/11\/empregos-renault.jpg","keywords":["oportunidades","Renault","vagas de emprego"],"articleSection":["Vagas de Emprego Nacionais"],"inLanguage":"es","potentialAction":[{"@type":"CommentAction","name":"Comment","target":["https:\/\/www.vagadeempregorj.com.br\/empregos-renault\/#respond"]}]},{"@type":"WebPage","@id":"https:\/\/www.vagadeempregorj.com.br\/empregos-renault\/","url":"https:\/\/www.vagadeempregorj.com.br\/empregos-renault\/","name":"Comprador, Est\u00e1gios, Operador de Fabrica\u00e7\u00e3o PCD, T\u00e9cnico em Seguran\u00e7a do Trabalho, Analistas e muito mais na Empresa Renault -","isPartOf":{"@id":"https:\/\/www.vagadeempregorj.com.br\/#website"},"primaryImageOfPage":{"@id":"https:\/\/www.vagadeempregorj.com.br\/empregos-renault\/#primaryimage"},"image":{"@id":"https:\/\/www.vagadeempregorj.com.br\/empregos-renault\/#primaryimage"},"thumbnailUrl":"https:\/\/www.vagadeempregorj.com.br\/wp-content\/uploads\/2022\/11\/empregos-renault.jpg","datePublished":"2023-09-29T04:03:00+00:00","dateModified":"2023-12-15T18:48:55+00:00","author":{"@id":"https:\/\/www.vagadeempregorj.com.br\/#\/schema\/person\/3ddb19fa0539706786e502152f3aae95"},"description":"Veja em Vagas de Emprego RJ as vagas de emprego com e sem experi\u00eancia no seu Estado e Regi\u00e3o!","breadcrumb":{"@id":"https:\/\/www.vagadeempregorj.com.br\/empregos-renault\/#breadcrumb"},"inLanguage":"es","potentialAction":[{"@type":"ReadAction","target":["https:\/\/www.vagadeempregorj.com.br\/empregos-renault\/"]}]},{"@type":"ImageObject","inLanguage":"es","@id":"https:\/\/www.vagadeempregorj.com.br\/empregos-renault\/#primaryimage","url":"https:\/\/www.vagadeempregorj.com.br\/wp-content\/uploads\/2022\/11\/empregos-renault.jpg","contentUrl":"https:\/\/www.vagadeempregorj.com.br\/wp-content\/uploads\/2022\/11\/empregos-renault.jpg","width":1280,"height":854,"caption":"Imagem: Renault - Reprodu\u00e7\u00e3o"},{"@type":"BreadcrumbList","@id":"https:\/\/www.vagadeempregorj.com.br\/empregos-renault\/#breadcrumb","itemListElement":[{"@type":"ListItem","position":1,"name":"In\u00edcio","item":"https:\/\/www.vagadeempregorj.com.br\/"},{"@type":"ListItem","position":2,"name":"Vagas de Emprego Nacionais","item":"https:\/\/www.vagadeempregorj.com.br\/vagas-de-emprego-nacionais\/"},{"@type":"ListItem","position":3,"name":"Comprador, Est\u00e1gios, Operador de Fabrica\u00e7\u00e3o PCD, T\u00e9cnico em Seguran\u00e7a do Trabalho, Analistas e muito mais na Empresa Renault"}]},{"@type":"WebSite","@id":"https:\/\/www.vagadeempregorj.com.br\/#website","url":"https:\/\/www.vagadeempregorj.com.br\/","name":"","description":"Conquiste Sonhos: Vagas, Benef\u00edcios e Economia para Transformar Vidas e Alcan\u00e7ar Melhorias Cotidianas","potentialAction":[{"@type":"SearchAction","target":{"@type":"EntryPoint","urlTemplate":"https:\/\/www.vagadeempregorj.com.br\/?s={search_term_string}"},"query-input":{"@type":"PropertyValueSpecification","valueRequired":true,"valueName":"search_term_string"}}],"inLanguage":"es"},{"@type":"Person","@id":"https:\/\/www.vagadeempregorj.com.br\/#\/schema\/person\/3ddb19fa0539706786e502152f3aae95","name":"Michele","image":{"@type":"ImageObject","inLanguage":"es","@id":"https:\/\/secure.gravatar.com\/avatar\/6b0eb9d22841282815e2cd856a0061c45e1761cd54b22e952d98c4746939aa85?s=96&r=g","url":"https:\/\/secure.gravatar.com\/avatar\/6b0eb9d22841282815e2cd856a0061c45e1761cd54b22e952d98c4746939aa85?s=96&r=g","contentUrl":"https:\/\/secure.gravatar.com\/avatar\/6b0eb9d22841282815e2cd856a0061c45e1761cd54b22e952d98c4746939aa85?s=96&r=g","caption":"Michele"},"description":"Formada em Letras - Portugu\u00eas\/ Ingl\u00eas, e idealizadora do site Escritora de Sucesso, busca expandir o conhecimento de todos com informa\u00e7\u00f5es relevantes sobre diversos assuntos, enquanto redatora. No Vaga de Emprego RJ, traz oportunidades e dicas sobre o mercado de trabalho.","url":"https:\/\/www.vagadeempregorj.com.br\/es\/author\/michele\/"}]}},"_links":{"self":[{"href":"https:\/\/www.vagadeempregorj.com.br\/es\/wp-json\/wp\/v2\/posts\/36200","targetHints":{"allow":["GET"]}}],"collection":[{"href":"https:\/\/www.vagadeempregorj.com.br\/es\/wp-json\/wp\/v2\/posts"}],"about":[{"href":"https:\/\/www.vagadeempregorj.com.br\/es\/wp-json\/wp\/v2\/types\/post"}],"author":[{"embeddable":true,"href":"https:\/\/www.vagadeempregorj.com.br\/es\/wp-json\/wp\/v2\/users\/16"}],"replies":[{"embeddable":true,"href":"https:\/\/www.vagadeempregorj.com.br\/es\/wp-json\/wp\/v2\/comments?post=36200"}],"version-history":[{"count":0,"href":"https:\/\/www.vagadeempregorj.com.br\/es\/wp-json\/wp\/v2\/posts\/36200\/revisions"}],"wp:featuredmedia":[{"embeddable":true,"href":"https:\/\/www.vagadeempregorj.com.br\/es\/wp-json\/wp\/v2\/media\/36206"}],"wp:attachment":[{"href":"https:\/\/www.vagadeempregorj.com.br\/es\/wp-json\/wp\/v2\/media?parent=36200"}],"wp:term":[{"taxonomy":"category","embeddable":true,"href":"https:\/\/www.vagadeempregorj.com.br\/es\/wp-json\/wp\/v2\/categories?post=36200"},{"taxonomy":"post_tag","embeddable":true,"href":"https:\/\/www.vagadeempregorj.com.br\/es\/wp-json\/wp\/v2\/tags?post=36200"}],"curies":[{"name":"wp","href":"https:\/\/api.w.org\/{rel}","templated":true}]}}