{"id":36267,"date":"2023-10-03T02:02:00","date_gmt":"2023-10-03T05:02:00","guid":{"rendered":"https:\/\/www.vagadeempregorj.com.br\/?p=36267"},"modified":"2025-12-21T12:16:39","modified_gmt":"2025-12-21T15:16:39","slug":"empregos-brivia","status":"publish","type":"post","link":"https:\/\/www.vagadeempregorj.com.br\/es\/empregos-brivia\/","title":{"rendered":"Fot\u00f3grafo, Analista de Dados, Desenvolvedores, Fotografo(a), Social Media, Atendimento Publicit\u00e1rio e muito mais na Empresa Brivia"},"content":{"rendered":"<p>Atualizado em<\/p>\n\n\n<div class=\"wp-block-post-date\"><time datetime=\"2023-10-03T02:02:00-03:00\">03\/10\/2023<\/time><\/div>\n\n\n<p>Os <strong>Empregos Brivia<\/strong> destacam-se no mercado de trabalho pelos benef\u00edcios ofertados pela companhia, que \u00e9 uma das melhores ag\u00eancias do Brasil para se trabalhar! Na empresa \u00e9 preciso manter a mente aberta e um passaporte o tempo todo. Afinal, eles v\u00e3o aonde os seus clientes, seus problemas e nossas solu\u00e7\u00f5es os levam.&nbsp;<\/p>\n\n\n\n<figure class=\"wp-block-image size-full\"><img loading=\"lazy\" decoding=\"async\" width=\"880\" height=\"300\" src=\"https:\/\/www.vagadeempregorj.com.br\/wp-content\/uploads\/2022\/11\/empregos-Brivia.png\" alt=\"empregos Brivia\" class=\"wp-image-36273\" srcset=\"https:\/\/www.vagadeempregorj.com.br\/wp-content\/uploads\/2022\/11\/empregos-Brivia.png 880w, https:\/\/www.vagadeempregorj.com.br\/wp-content\/uploads\/2022\/11\/empregos-Brivia-300x102.png 300w, https:\/\/www.vagadeempregorj.com.br\/wp-content\/uploads\/2022\/11\/empregos-Brivia-768x262.png 768w, https:\/\/www.vagadeempregorj.com.br\/wp-content\/uploads\/2022\/11\/empregos-Brivia-150x51.png 150w\" sizes=\"auto, (max-width: 880px) 100vw, 880px\" \/><figcaption class=\"wp-element-caption\">Imagem: Brivia &#8211; Reprodu\u00e7\u00e3o\n<\/figcaption><\/figure>\n\n\n\n<h2 class=\"wp-block-heading\">Veja todos os Empregos Brivia dispon\u00edveis<\/h2>\n\n\n\n<p>As vagas est\u00e3o distribu\u00eddas em v\u00e1rias cidades do pa\u00eds e a maioria o modelo de trabalho \u00e9 remoto.<\/p>\n\n\n\n<p>\u00c9 ofertado home office, hor\u00e1rio flex\u00edvel, descontos, vale transporte, b\u00f4nus no sal\u00e1rio, vale alimenta\u00e7\u00e3o ou refei\u00e7\u00e3o, aux\u00edlio em cursos, plano odontol\u00f3gico, treinamentos, plano de sa\u00fade,&nbsp; seguro de vida, entre outros.&nbsp; Conhe\u00e7a a seguir todos os cargos divulgados e descubra em seguida de que maneira \u00e9 poss\u00edvel enviar a sua candidatura:<\/p>\n\n\n\n<ul class=\"wp-block-list\">\n<li>Anl. de BI (Web Analytics);<\/li>\n\n\n\n<li>UX &#8211; User Experience;<\/li>\n\n\n\n<li>Anl. de Conte\u00fado;<\/li>\n\n\n\n<li>M\u00eddia Online;<\/li>\n\n\n\n<li>Anl. de Dados Pl;<\/li>\n\n\n\n<li>UI &#8211; User Interface;<\/li>\n\n\n\n<li>Anl. de DevSecOps Pl;<\/li>\n\n\n\n<li>Social Media;<\/li>\n\n\n\n<li>Anl. de Estrat\u00e9gia Pl;<\/li>\n\n\n\n<li>Produtor Publicit\u00e1rio;<\/li>\n\n\n\n<li>Anl. de Inbound Marketing Jr;<\/li>\n\n\n\n<li>Scrum Master;<\/li>\n\n\n\n<li>Anl. de Infraestrutura;<\/li>\n\n\n\n<li>Redator Sr;<\/li>\n\n\n\n<li>Anl. de Infraestrutura Pl;<\/li>\n\n\n\n<li>SAC &#8211; Canais Sociais;<\/li>\n\n\n\n<li>Anl. de M\u00eddia Sr;<\/li>\n\n\n\n<li>Revisor;<\/li>\n\n\n\n<li>Anl. de Opera\u00e7\u00f5es Publicit\u00e1rias Pl\/Sr;<\/li>\n\n\n\n<li>Engenheiro de Sistemas;<\/li>\n\n\n\n<li>Anl. de Plataformas;<\/li>\n\n\n\n<li>L\u00edder de M\u00eddia;<\/li>\n\n\n\n<li>Anl. de Qualidade;<\/li>\n\n\n\n<li>L\u00edder de Inbound\/CRM;<\/li>\n\n\n\n<li>Anl. de Sistemas;<\/li>\n\n\n\n<li>Especialista em Cloud Computing e Devops;<\/li>\n\n\n\n<li>Anl. SEO;<\/li>\n\n\n\n<li>Inbound Marketing;<\/li>\n\n\n\n<li>Arquiteto de Solu\u00e7\u00f5es;<\/li>\n\n\n\n<li>Estrategista;<\/li>\n\n\n\n<li>Arte-finalista;<\/li>\n\n\n\n<li>Growth Hacker;<\/li>\n\n\n\n<li>Ass. de Marketing e Comercial;<\/li>\n\n\n\n<li>Fot\u00f3grafo;<\/li>\n\n\n\n<li>Atendimento Publicit\u00e1rio Pl;<\/li>\n\n\n\n<li>Gerente de Projetos;<\/li>\n\n\n\n<li>Cientista de Dados;<\/li>\n\n\n\n<li>Engenheiro de Dados;<\/li>\n\n\n\n<li>Desenvolvedor Back End PHP;<\/li>\n\n\n\n<li>Diretor de Arte;<\/li>\n\n\n\n<li>Desenvolvedor Front-End;<\/li>\n\n\n\n<li>Editor de Conte\u00fado;<\/li>\n\n\n\n<li>Desenvolvedor .NET Full Stack;<\/li>\n\n\n\n<li>Diretor de Contas Chaves;<\/li>\n\n\n\n<li>Desenvolvedor Node.js;<\/li>\n\n\n\n<li>Desenvolvedor Software.<\/li>\n<\/ul>\n\n\n\n<h3 class=\"wp-block-heading\">Como se candidatar<\/h3>\n\n\n\n<p>O processo para concorrer \u00e0s vagas mencionadas \u00e9 bem f\u00e1cil. O primeiro passo \u00e9 acessar o link oficial da Brivia e enviar seu curr\u00edculo. <\/p>\n\n\n\n<p>Em seguida, ache o cargo desejado e fa\u00e7a leitura dos crit\u00e9rios exigidos para se certificar de que ele \u00e9 adequado ao seu perfil. Caso seja, fa\u00e7a o seu cadastro ou entre com o seu login se j\u00e1 tiver.&nbsp;<\/p>\n\n\n\n<p>Por ultimo, basta aguardar o contato da empresa e lembre-se de se preparar bastante para a entrevista. Para este momento, saiba de antem\u00e3o que existe a possibilidade de que o entrevistador fa\u00e7a perguntas como: qual o motivo de querer trabalhar ne empresa, o que voc\u00ea pode aportar, quais s\u00e3o suas qualidades e defeitos, entre outras. Al\u00e9m disso, tamb\u00e9m \u00e9 prov\u00e1vel que seja necess\u00e1rio realizar uma prova com quest\u00f5es de l\u00edngua portuguesa e matem\u00e1tica, al\u00e9m de participar de din\u00e2micas em grupo.<\/p>\n\n\n\n<p><strong>Veja tamb\u00e9m: <a href=\"https:\/\/www.vagadeempregorj.com.br\/es\/empregos-grupo-bamaq\/\">Vendedor de Pe\u00e7as, Vendedor de M\u00e1quinas, Vendedor de Caminh\u00f5es, Mec\u00e2nico e muito mais na Empresa Grupo Bamaq<\/a><\/strong><\/p>\n\n\n\n<h2 class=\"wp-block-heading\">Sobre a Brivia<\/h2>\n\n\n\n<p>Eles possuem escrit\u00f3rios na Europa, no Brasil e na Am\u00e9rica Latina, mas acreditam no trabalho remoto. Possuem bases em 4 estados do Brasil, mas profissionais em mais de 10 estados. Al\u00e9m dos escrit\u00f3rios na Col\u00f4mbia, no Chile e na Argentina, possuem um escrit\u00f3rio estrat\u00e9gico em Portugal.<\/p>\n\n\n\n<p>Acreditam na autonomia profissional para moldar decis\u00f5es na busca de novos resultados. Est\u00e3o sempre procurando encontrar pessoas gratificantes e valiosas em seu meio, trabalham duro todos os dias para tornar a empresa um lugar pr\u00f3spero e cheio de possibilidades.<\/p>","protected":false},"excerpt":{"rendered":"<p>Atualizado em Os Empregos Brivia destacam-se no mercado de trabalho pelos benef\u00edcios ofertados pela companhia, que \u00e9 uma das melhores ag\u00eancias do Brasil para se trabalhar! Na empresa \u00e9 preciso manter a mente aberta e um passaporte o tempo todo. Afinal, eles v\u00e3o aonde os seus clientes, seus problemas e nossas solu\u00e7\u00f5es os levam.&nbsp; Veja&hellip;&nbsp;<\/p>","protected":false},"author":16,"featured_media":36273,"comment_status":"open","ping_status":"closed","sticky":false,"template":"","format":"standard","meta":{"neve_meta_sidebar":"","neve_meta_container":"","neve_meta_enable_content_width":"","neve_meta_content_width":0,"neve_meta_title_alignment":"","neve_meta_author_avatar":"","neve_post_elements_order":"","neve_meta_disable_header":"","neve_meta_disable_footer":"","neve_meta_disable_title":"","footnotes":""},"categories":[123],"tags":[692,608,211],"class_list":["post-36267","post","type-post","status-publish","format-standard","has-post-thumbnail","hentry","category-vagas-de-emprego-nacionais","tag-brivia","tag-oportunidades","tag-vagas-de-emprego"],"yoast_head":"<!-- This site is optimized with the Yoast SEO plugin v27.5 - https:\/\/yoast.com\/product\/yoast-seo-wordpress\/ -->\n<title>Fot\u00f3grafo, Analista de Dados, Desenvolvedores, Fotografo(a), Social Media, Atendimento Publicit\u00e1rio e muito mais na Empresa Brivia -<\/title>\n<meta name=\"description\" content=\"Veja em Vagas de Emprego RJ as vagas de emprego com e sem experi\u00eancia no seu Estado e Regi\u00e3o!\" \/>\n<meta name=\"robots\" content=\"index, follow, max-snippet:-1, max-image-preview:large, max-video-preview:-1\" \/>\n<link rel=\"canonical\" href=\"https:\/\/www.vagadeempregorj.com.br\/es\/empregos-brivia\/\" \/>\n<meta property=\"og:locale\" content=\"es_MX\" \/>\n<meta property=\"og:type\" content=\"article\" \/>\n<meta property=\"og:title\" content=\"Fot\u00f3grafo, Analista de Dados, Desenvolvedores, Fotografo(a), Social Media, Atendimento Publicit\u00e1rio e muito mais na Empresa Brivia -\" \/>\n<meta property=\"og:description\" content=\"Veja em Vagas de Emprego RJ as vagas de emprego com e sem experi\u00eancia no seu Estado e Regi\u00e3o!\" \/>\n<meta property=\"og:url\" content=\"https:\/\/www.vagadeempregorj.com.br\/es\/empregos-brivia\/\" \/>\n<meta property=\"article:publisher\" content=\"https:\/\/www.facebook.com\/empregobrasiloficial\" \/>\n<meta property=\"article:published_time\" content=\"2023-10-03T05:02:00+00:00\" \/>\n<meta property=\"article:modified_time\" content=\"2025-12-21T15:16:39+00:00\" \/>\n<meta property=\"og:image\" content=\"https:\/\/www.vagadeempregorj.com.br\/wp-content\/uploads\/2022\/11\/empregos-Brivia.png\" \/>\n\t<meta property=\"og:image:width\" content=\"880\" \/>\n\t<meta property=\"og:image:height\" content=\"300\" \/>\n\t<meta property=\"og:image:type\" content=\"image\/png\" \/>\n<meta name=\"author\" content=\"Michele\" \/>\n<meta name=\"twitter:card\" content=\"summary_large_image\" \/>\n<meta name=\"twitter:label1\" content=\"Written by\" \/>\n\t<meta name=\"twitter:data1\" content=\"Michele\" \/>\n\t<meta name=\"twitter:label2\" content=\"Est. reading time\" \/>\n\t<meta name=\"twitter:data2\" content=\"3 minutos\" \/>\n<script type=\"application\/ld+json\" class=\"yoast-schema-graph\">{\"@context\":\"https:\\\/\\\/schema.org\",\"@graph\":[{\"@type\":\"Article\",\"@id\":\"https:\\\/\\\/www.vagadeempregorj.com.br\\\/empregos-brivia\\\/#article\",\"isPartOf\":{\"@id\":\"https:\\\/\\\/www.vagadeempregorj.com.br\\\/empregos-brivia\\\/\"},\"author\":{\"name\":\"Michele\",\"@id\":\"https:\\\/\\\/www.vagadeempregorj.com.br\\\/#\\\/schema\\\/person\\\/3ddb19fa0539706786e502152f3aae95\"},\"headline\":\"Fot\u00f3grafo, Analista de Dados, Desenvolvedores, Fotografo(a), Social Media, Atendimento Publicit\u00e1rio e muito mais na Empresa Brivia\",\"datePublished\":\"2023-10-03T05:02:00+00:00\",\"dateModified\":\"2025-12-21T15:16:39+00:00\",\"mainEntityOfPage\":{\"@id\":\"https:\\\/\\\/www.vagadeempregorj.com.br\\\/empregos-brivia\\\/\"},\"wordCount\":607,\"commentCount\":0,\"image\":{\"@id\":\"https:\\\/\\\/www.vagadeempregorj.com.br\\\/empregos-brivia\\\/#primaryimage\"},\"thumbnailUrl\":\"https:\\\/\\\/www.vagadeempregorj.com.br\\\/wp-content\\\/uploads\\\/2022\\\/11\\\/empregos-Brivia.png\",\"keywords\":[\"Brivia\",\"oportunidades\",\"vagas de emprego\"],\"articleSection\":[\"Vagas de Emprego Nacionais\"],\"inLanguage\":\"es\",\"potentialAction\":[{\"@type\":\"CommentAction\",\"name\":\"Comment\",\"target\":[\"https:\\\/\\\/www.vagadeempregorj.com.br\\\/empregos-brivia\\\/#respond\"]}]},{\"@type\":\"WebPage\",\"@id\":\"https:\\\/\\\/www.vagadeempregorj.com.br\\\/empregos-brivia\\\/\",\"url\":\"https:\\\/\\\/www.vagadeempregorj.com.br\\\/empregos-brivia\\\/\",\"name\":\"Fot\u00f3grafo, Analista de Dados, Desenvolvedores, Fotografo(a), Social Media, Atendimento Publicit\u00e1rio e muito mais na Empresa Brivia -\",\"isPartOf\":{\"@id\":\"https:\\\/\\\/www.vagadeempregorj.com.br\\\/#website\"},\"primaryImageOfPage\":{\"@id\":\"https:\\\/\\\/www.vagadeempregorj.com.br\\\/empregos-brivia\\\/#primaryimage\"},\"image\":{\"@id\":\"https:\\\/\\\/www.vagadeempregorj.com.br\\\/empregos-brivia\\\/#primaryimage\"},\"thumbnailUrl\":\"https:\\\/\\\/www.vagadeempregorj.com.br\\\/wp-content\\\/uploads\\\/2022\\\/11\\\/empregos-Brivia.png\",\"datePublished\":\"2023-10-03T05:02:00+00:00\",\"dateModified\":\"2025-12-21T15:16:39+00:00\",\"author\":{\"@id\":\"https:\\\/\\\/www.vagadeempregorj.com.br\\\/#\\\/schema\\\/person\\\/3ddb19fa0539706786e502152f3aae95\"},\"description\":\"Veja em Vagas de Emprego RJ as vagas de emprego com e sem experi\u00eancia no seu Estado e Regi\u00e3o!\",\"breadcrumb\":{\"@id\":\"https:\\\/\\\/www.vagadeempregorj.com.br\\\/empregos-brivia\\\/#breadcrumb\"},\"inLanguage\":\"es\",\"potentialAction\":[{\"@type\":\"ReadAction\",\"target\":[\"https:\\\/\\\/www.vagadeempregorj.com.br\\\/empregos-brivia\\\/\"]}]},{\"@type\":\"ImageObject\",\"inLanguage\":\"es\",\"@id\":\"https:\\\/\\\/www.vagadeempregorj.com.br\\\/empregos-brivia\\\/#primaryimage\",\"url\":\"https:\\\/\\\/www.vagadeempregorj.com.br\\\/wp-content\\\/uploads\\\/2022\\\/11\\\/empregos-Brivia.png\",\"contentUrl\":\"https:\\\/\\\/www.vagadeempregorj.com.br\\\/wp-content\\\/uploads\\\/2022\\\/11\\\/empregos-Brivia.png\",\"width\":880,\"height\":300,\"caption\":\"Imagem: Brivia - Reprodu\u00e7\u00e3o\"},{\"@type\":\"BreadcrumbList\",\"@id\":\"https:\\\/\\\/www.vagadeempregorj.com.br\\\/empregos-brivia\\\/#breadcrumb\",\"itemListElement\":[{\"@type\":\"ListItem\",\"position\":1,\"name\":\"In\u00edcio\",\"item\":\"https:\\\/\\\/www.vagadeempregorj.com.br\\\/\"},{\"@type\":\"ListItem\",\"position\":2,\"name\":\"Vagas de Emprego Nacionais\",\"item\":\"https:\\\/\\\/www.vagadeempregorj.com.br\\\/vagas-de-emprego-nacionais\\\/\"},{\"@type\":\"ListItem\",\"position\":3,\"name\":\"Fot\u00f3grafo, Analista de Dados, Desenvolvedores, Fotografo(a), Social Media, Atendimento Publicit\u00e1rio e muito mais na Empresa Brivia\"}]},{\"@type\":\"WebSite\",\"@id\":\"https:\\\/\\\/www.vagadeempregorj.com.br\\\/#website\",\"url\":\"https:\\\/\\\/www.vagadeempregorj.com.br\\\/\",\"name\":\"\",\"description\":\"Conquiste Sonhos: Vagas, Benef\u00edcios e Economia para Transformar Vidas e Alcan\u00e7ar Melhorias Cotidianas\",\"potentialAction\":[{\"@type\":\"SearchAction\",\"target\":{\"@type\":\"EntryPoint\",\"urlTemplate\":\"https:\\\/\\\/www.vagadeempregorj.com.br\\\/?s={search_term_string}\"},\"query-input\":{\"@type\":\"PropertyValueSpecification\",\"valueRequired\":true,\"valueName\":\"search_term_string\"}}],\"inLanguage\":\"es\"},{\"@type\":\"Person\",\"@id\":\"https:\\\/\\\/www.vagadeempregorj.com.br\\\/#\\\/schema\\\/person\\\/3ddb19fa0539706786e502152f3aae95\",\"name\":\"Michele\",\"image\":{\"@type\":\"ImageObject\",\"inLanguage\":\"es\",\"@id\":\"https:\\\/\\\/secure.gravatar.com\\\/avatar\\\/6b0eb9d22841282815e2cd856a0061c45e1761cd54b22e952d98c4746939aa85?s=96&r=g\",\"url\":\"https:\\\/\\\/secure.gravatar.com\\\/avatar\\\/6b0eb9d22841282815e2cd856a0061c45e1761cd54b22e952d98c4746939aa85?s=96&r=g\",\"contentUrl\":\"https:\\\/\\\/secure.gravatar.com\\\/avatar\\\/6b0eb9d22841282815e2cd856a0061c45e1761cd54b22e952d98c4746939aa85?s=96&r=g\",\"caption\":\"Michele\"},\"description\":\"Formada em Letras - Portugu\u00eas\\\/ Ingl\u00eas, e idealizadora do site Escritora de Sucesso, busca expandir o conhecimento de todos com informa\u00e7\u00f5es relevantes sobre diversos assuntos, enquanto redatora. No Vaga de Emprego RJ, traz oportunidades e dicas sobre o mercado de trabalho.\",\"url\":\"https:\\\/\\\/www.vagadeempregorj.com.br\\\/es\\\/author\\\/michele\\\/\"}]}<\/script>\n<!-- \/ Yoast SEO plugin. -->","yoast_head_json":{"title":"Fot\u00f3grafo, Analista de Dados, Desenvolvedores, Fotografo(a), Social Media, Atendimento Publicit\u00e1rio e muito mais na Empresa Brivia -","description":"Veja em Vagas de Emprego RJ as vagas de emprego com e sem experi\u00eancia no seu Estado e Regi\u00e3o!","robots":{"index":"index","follow":"follow","max-snippet":"max-snippet:-1","max-image-preview":"max-image-preview:large","max-video-preview":"max-video-preview:-1"},"canonical":"https:\/\/www.vagadeempregorj.com.br\/es\/empregos-brivia\/","og_locale":"es_MX","og_type":"article","og_title":"Fot\u00f3grafo, Analista de Dados, Desenvolvedores, Fotografo(a), Social Media, Atendimento Publicit\u00e1rio e muito mais na Empresa Brivia -","og_description":"Veja em Vagas de Emprego RJ as vagas de emprego com e sem experi\u00eancia no seu Estado e Regi\u00e3o!","og_url":"https:\/\/www.vagadeempregorj.com.br\/es\/empregos-brivia\/","article_publisher":"https:\/\/www.facebook.com\/empregobrasiloficial","article_published_time":"2023-10-03T05:02:00+00:00","article_modified_time":"2025-12-21T15:16:39+00:00","og_image":[{"width":880,"height":300,"url":"https:\/\/www.vagadeempregorj.com.br\/wp-content\/uploads\/2022\/11\/empregos-Brivia.png","type":"image\/png"}],"author":"Michele","twitter_card":"summary_large_image","twitter_misc":{"Written by":"Michele","Est. reading time":"3 minutos"},"schema":{"@context":"https:\/\/schema.org","@graph":[{"@type":"Article","@id":"https:\/\/www.vagadeempregorj.com.br\/empregos-brivia\/#article","isPartOf":{"@id":"https:\/\/www.vagadeempregorj.com.br\/empregos-brivia\/"},"author":{"name":"Michele","@id":"https:\/\/www.vagadeempregorj.com.br\/#\/schema\/person\/3ddb19fa0539706786e502152f3aae95"},"headline":"Fot\u00f3grafo, Analista de Dados, Desenvolvedores, Fotografo(a), Social Media, Atendimento Publicit\u00e1rio e muito mais na Empresa Brivia","datePublished":"2023-10-03T05:02:00+00:00","dateModified":"2025-12-21T15:16:39+00:00","mainEntityOfPage":{"@id":"https:\/\/www.vagadeempregorj.com.br\/empregos-brivia\/"},"wordCount":607,"commentCount":0,"image":{"@id":"https:\/\/www.vagadeempregorj.com.br\/empregos-brivia\/#primaryimage"},"thumbnailUrl":"https:\/\/www.vagadeempregorj.com.br\/wp-content\/uploads\/2022\/11\/empregos-Brivia.png","keywords":["Brivia","oportunidades","vagas de emprego"],"articleSection":["Vagas de Emprego Nacionais"],"inLanguage":"es","potentialAction":[{"@type":"CommentAction","name":"Comment","target":["https:\/\/www.vagadeempregorj.com.br\/empregos-brivia\/#respond"]}]},{"@type":"WebPage","@id":"https:\/\/www.vagadeempregorj.com.br\/empregos-brivia\/","url":"https:\/\/www.vagadeempregorj.com.br\/empregos-brivia\/","name":"Fot\u00f3grafo, Analista de Dados, Desenvolvedores, Fotografo(a), Social Media, Atendimento Publicit\u00e1rio e muito mais na Empresa Brivia -","isPartOf":{"@id":"https:\/\/www.vagadeempregorj.com.br\/#website"},"primaryImageOfPage":{"@id":"https:\/\/www.vagadeempregorj.com.br\/empregos-brivia\/#primaryimage"},"image":{"@id":"https:\/\/www.vagadeempregorj.com.br\/empregos-brivia\/#primaryimage"},"thumbnailUrl":"https:\/\/www.vagadeempregorj.com.br\/wp-content\/uploads\/2022\/11\/empregos-Brivia.png","datePublished":"2023-10-03T05:02:00+00:00","dateModified":"2025-12-21T15:16:39+00:00","author":{"@id":"https:\/\/www.vagadeempregorj.com.br\/#\/schema\/person\/3ddb19fa0539706786e502152f3aae95"},"description":"Veja em Vagas de Emprego RJ as vagas de emprego com e sem experi\u00eancia no seu Estado e Regi\u00e3o!","breadcrumb":{"@id":"https:\/\/www.vagadeempregorj.com.br\/empregos-brivia\/#breadcrumb"},"inLanguage":"es","potentialAction":[{"@type":"ReadAction","target":["https:\/\/www.vagadeempregorj.com.br\/empregos-brivia\/"]}]},{"@type":"ImageObject","inLanguage":"es","@id":"https:\/\/www.vagadeempregorj.com.br\/empregos-brivia\/#primaryimage","url":"https:\/\/www.vagadeempregorj.com.br\/wp-content\/uploads\/2022\/11\/empregos-Brivia.png","contentUrl":"https:\/\/www.vagadeempregorj.com.br\/wp-content\/uploads\/2022\/11\/empregos-Brivia.png","width":880,"height":300,"caption":"Imagem: Brivia - Reprodu\u00e7\u00e3o"},{"@type":"BreadcrumbList","@id":"https:\/\/www.vagadeempregorj.com.br\/empregos-brivia\/#breadcrumb","itemListElement":[{"@type":"ListItem","position":1,"name":"In\u00edcio","item":"https:\/\/www.vagadeempregorj.com.br\/"},{"@type":"ListItem","position":2,"name":"Vagas de Emprego Nacionais","item":"https:\/\/www.vagadeempregorj.com.br\/vagas-de-emprego-nacionais\/"},{"@type":"ListItem","position":3,"name":"Fot\u00f3grafo, Analista de Dados, Desenvolvedores, Fotografo(a), Social Media, Atendimento Publicit\u00e1rio e muito mais na Empresa Brivia"}]},{"@type":"WebSite","@id":"https:\/\/www.vagadeempregorj.com.br\/#website","url":"https:\/\/www.vagadeempregorj.com.br\/","name":"","description":"Conquiste Sonhos: Vagas, Benef\u00edcios e Economia para Transformar Vidas e Alcan\u00e7ar Melhorias Cotidianas","potentialAction":[{"@type":"SearchAction","target":{"@type":"EntryPoint","urlTemplate":"https:\/\/www.vagadeempregorj.com.br\/?s={search_term_string}"},"query-input":{"@type":"PropertyValueSpecification","valueRequired":true,"valueName":"search_term_string"}}],"inLanguage":"es"},{"@type":"Person","@id":"https:\/\/www.vagadeempregorj.com.br\/#\/schema\/person\/3ddb19fa0539706786e502152f3aae95","name":"Michele","image":{"@type":"ImageObject","inLanguage":"es","@id":"https:\/\/secure.gravatar.com\/avatar\/6b0eb9d22841282815e2cd856a0061c45e1761cd54b22e952d98c4746939aa85?s=96&r=g","url":"https:\/\/secure.gravatar.com\/avatar\/6b0eb9d22841282815e2cd856a0061c45e1761cd54b22e952d98c4746939aa85?s=96&r=g","contentUrl":"https:\/\/secure.gravatar.com\/avatar\/6b0eb9d22841282815e2cd856a0061c45e1761cd54b22e952d98c4746939aa85?s=96&r=g","caption":"Michele"},"description":"Formada em Letras - Portugu\u00eas\/ Ingl\u00eas, e idealizadora do site Escritora de Sucesso, busca expandir o conhecimento de todos com informa\u00e7\u00f5es relevantes sobre diversos assuntos, enquanto redatora. No Vaga de Emprego RJ, traz oportunidades e dicas sobre o mercado de trabalho.","url":"https:\/\/www.vagadeempregorj.com.br\/es\/author\/michele\/"}]}},"_links":{"self":[{"href":"https:\/\/www.vagadeempregorj.com.br\/es\/wp-json\/wp\/v2\/posts\/36267","targetHints":{"allow":["GET"]}}],"collection":[{"href":"https:\/\/www.vagadeempregorj.com.br\/es\/wp-json\/wp\/v2\/posts"}],"about":[{"href":"https:\/\/www.vagadeempregorj.com.br\/es\/wp-json\/wp\/v2\/types\/post"}],"author":[{"embeddable":true,"href":"https:\/\/www.vagadeempregorj.com.br\/es\/wp-json\/wp\/v2\/users\/16"}],"replies":[{"embeddable":true,"href":"https:\/\/www.vagadeempregorj.com.br\/es\/wp-json\/wp\/v2\/comments?post=36267"}],"version-history":[{"count":1,"href":"https:\/\/www.vagadeempregorj.com.br\/es\/wp-json\/wp\/v2\/posts\/36267\/revisions"}],"predecessor-version":[{"id":43929,"href":"https:\/\/www.vagadeempregorj.com.br\/es\/wp-json\/wp\/v2\/posts\/36267\/revisions\/43929"}],"wp:featuredmedia":[{"embeddable":true,"href":"https:\/\/www.vagadeempregorj.com.br\/es\/wp-json\/wp\/v2\/media\/36273"}],"wp:attachment":[{"href":"https:\/\/www.vagadeempregorj.com.br\/es\/wp-json\/wp\/v2\/media?parent=36267"}],"wp:term":[{"taxonomy":"category","embeddable":true,"href":"https:\/\/www.vagadeempregorj.com.br\/es\/wp-json\/wp\/v2\/categories?post=36267"},{"taxonomy":"post_tag","embeddable":true,"href":"https:\/\/www.vagadeempregorj.com.br\/es\/wp-json\/wp\/v2\/tags?post=36267"}],"curies":[{"name":"wp","href":"https:\/\/api.w.org\/{rel}","templated":true}]}}