{"id":36269,"date":"2023-10-03T02:01:00","date_gmt":"2023-10-03T05:01:00","guid":{"rendered":"https:\/\/www.vagadeempregorj.com.br\/?p=36269"},"modified":"2023-10-02T13:05:00","modified_gmt":"2023-10-02T16:05:00","slug":"empregos-arvore","status":"publish","type":"post","link":"https:\/\/www.vagadeempregorj.com.br\/es\/empregos-arvore\/","title":{"rendered":"Marketing, Analistas, Caixa, Apoio Administrativo e muito mais na Empresa \u00c1rvore"},"content":{"rendered":"<p>Atualizado em<\/p>\n\n\n<div class=\"wp-block-post-date\"><time datetime=\"2023-10-03T02:01:00-03:00\">03\/10\/2023<\/time><\/div>\n\n\n<p>Os <strong>Empregos \u00c1rvore<\/strong> destacam-se no mercado de trabalho pelos benef\u00edcios ofertados pela companhia, que trabalha todos os dias para levar servi\u00e7os de leitura a milhares de escolas p\u00fablicas e privadas em todos os cantos do Brasil. Em seis anos, as suas solu\u00e7\u00f5es atingiram mais de 1,7 milh\u00e3o de alunos e querem atingir muito mais.&nbsp;<\/p>\n\n\n\n<figure class=\"wp-block-image size-full\"><img loading=\"lazy\" decoding=\"async\" width=\"400\" height=\"400\" src=\"https:\/\/www.vagadeempregorj.com.br\/wp-content\/uploads\/2022\/11\/empregos-arvore.png\" alt=\"empregos \u00e1rvore\" class=\"wp-image-36271\" srcset=\"https:\/\/www.vagadeempregorj.com.br\/wp-content\/uploads\/2022\/11\/empregos-arvore.png 400w, https:\/\/www.vagadeempregorj.com.br\/wp-content\/uploads\/2022\/11\/empregos-arvore-300x300.png 300w, https:\/\/www.vagadeempregorj.com.br\/wp-content\/uploads\/2022\/11\/empregos-arvore-150x150.png 150w, https:\/\/www.vagadeempregorj.com.br\/wp-content\/uploads\/2022\/11\/empregos-arvore-96x96.png 96w\" sizes=\"auto, (max-width: 400px) 100vw, 400px\" \/><figcaption class=\"wp-element-caption\">Imagem: \u00c1rvore &#8211; Reprodu\u00e7\u00e3o<\/figcaption><\/figure>\n\n\n\n<h2 class=\"wp-block-heading\">Veja todos os Empregos \u00c1rvore dispon\u00edveis<\/h2>\n\n\n\n<p>\u00c9 fornecido os seguintes benef\u00edcios: Zenklub, sal\u00e1rio de acordo com o mercado, Gympass, hor\u00e1rio flex\u00edvel, cr\u00e9dito consignado, autonomia, convenio farm\u00e1cia, cultura colaborativa, descontos em cursos e universidades, vale transporte, plano de sa\u00fade, vale refei\u00e7\u00e3o ou alimenta\u00e7\u00e3o, entre outros.<\/p>\n\n\n\n<p>H\u00e1 vagas nas \u00e1reas de:&nbsp; Comercial, Produto, Comunica\u00e7\u00e3o, Gente, Conte\u00fado Editorial, Pedag\u00f3gico, Engenharia e Finan\u00e7as & CSC. Conhe\u00e7a abaixo todos os cargos divulgados:<\/p>\n\n\n\n<ul class=\"wp-block-list\">\n<li>Backender;<\/li>\n\n\n\n<li>Apoio Administrativo;<\/li>\n\n\n\n<li>Sucesso do Cliente;<\/li>\n\n\n\n<li>Contas a Pagar;<\/li>\n\n\n\n<li>Marketing;<\/li>\n\n\n\n<li>An\u00e1lise Fiscal;<\/li>\n\n\n\n<li>Product Manager;<\/li>\n\n\n\n<li>An\u00e1lise Cont\u00e1bil;<\/li>\n\n\n\n<li>CX;<\/li>\n\n\n\n<li>Contas a Receber;<\/li>\n\n\n\n<li>Vendas Corporativas;<\/li>\n\n\n\n<li>Treinamento e Desenvolvimento;<\/li>\n\n\n\n<li>Branding;<\/li>\n\n\n\n<li>Recrutamento e Sele\u00e7\u00e3o;<\/li>\n\n\n\n<li>Designer generalista;<\/li>\n\n\n\n<li>Employee Experience;<\/li>\n\n\n\n<li>Negocia\u00e7\u00e3o com Editoras;<\/li>\n\n\n\n<li>Departamento Pessoal;<\/li>\n\n\n\n<li>Sales Ops;<\/li>\n\n\n\n<li>Consultoria Pedag\u00f3gica;<\/li>\n\n\n\n<li>Revisor;<\/li>\n\n\n\n<li>Especialista em Disciplinas e \u00c1reas de Conhecimento;<\/li>\n\n\n\n<li>Product Owner;<\/li>\n\n\n\n<li>Cria\u00e7\u00e3o de Conte\u00fado Pedag\u00f3gico;<\/li>\n\n\n\n<li>Bibliotec\u00e1rio;<\/li>\n\n\n\n<li>Vendas Governamentais;<\/li>\n\n\n\n<li>Fullstack;<\/li>\n\n\n\n<li>UX\/UI;<\/li>\n\n\n\n<li>Frontender;<\/li>\n\n\n\n<li>Pr\u00e9-venda;<\/li>\n\n\n\n<li>Devops.<\/li>\n<\/ul>\n\n\n\n<h3 class=\"wp-block-heading\">Como se candidatar<\/h3>\n\n\n\n<p>O processo para concorrer \u00e0s vagas mencionadas \u00e9 bem f\u00e1cil. O primeiro passo \u00e9 acessar o link abaixo para realizar o procedimento do recrutamento:<\/p>\n\n\n\n<ul class=\"wp-block-list\">\n<li><a href=\"https:\/\/arvore.gupy.io\/\">Vagas \u00c1rvore.<\/a><\/li>\n<\/ul>\n\n\n\n<p>Em seguida, ache o cargo desejado e fa\u00e7a leitura dos crit\u00e9rios exigidos para se certificar de que ele \u00e9 adequado ao seu perfil. Caso seja, fa\u00e7a o seu cadastro ou entre com o seu login se j\u00e1 tiver.&nbsp;<\/p>\n\n\n\n<p>Por ultimo, basta aguardar o contato da empresa e lembre-se de se preparar bastante para a entrevista. Para este momento, saiba de antem\u00e3o que existe a possibilidade de que o entrevistador fa\u00e7a perguntas como: qual o motivo de querer trabalhar ne empresa, o que voc\u00ea pode aportar, quais s\u00e3o suas qualidades e defeitos, entre outras. Al\u00e9m disso, tamb\u00e9m \u00e9 prov\u00e1vel que seja necess\u00e1rio realizar uma prova com quest\u00f5es de l\u00edngua portuguesa e matem\u00e1tica, al\u00e9m de participar de din\u00e2micas em grupo.<\/p>\n\n\n\n<p><strong>Veja tamb\u00e9m: <a href=\"https:\/\/www.vagadeempregorj.com.br\/es\/empregos-grupo-bamaq\/\">Vendedor de Pe\u00e7as, Vendedor de M\u00e1quinas, Vendedor de Caminh\u00f5es, Mec\u00e2nico e muito mais na Empresa Grupo Bamaq<\/a><\/strong><\/p>\n\n\n\n<h2 class=\"wp-block-heading\">Sobre a empresa<\/h2>\n\n\n\n<p>\u00c9 uma equipe que adora ler e educar. Na empresa trabalham com prop\u00f3sito, o que os motiva todos os dias. Querem que as nossas solu\u00e7\u00f5es sejam experi\u00eancias \u00fanicas, por isso procuram sempre a &#8216;m\u00e1gica', porque acreditam que \u00e9 assim que a educa\u00e7\u00e3o muda! Na empresa encontrar\u00e1 tamb\u00e9m um ambiente descontra\u00eddo e descontra\u00eddo. Em seu escrit\u00f3rio, possuem caf\u00e9 da manh\u00e3, um lugar para descansar, um ambiente amplo, confort\u00e1vel e aberto, e pessoas sempre dispostas a te ajudar e progredir juntos.<\/p>\n\n\n\n<p>N\u00e3o s\u00e3o uma fam\u00edlia: s\u00e3o um time de pessoas muito boas, focadas em resultados e empenhadas em realizar suas tarefas da melhor forma poss\u00edvel, com muito respeito, amizade, paix\u00e3o e humanidade. Sabem da import\u00e2ncia de comemorar resultados e vit\u00f3rias, ent\u00e3o n\u00e3o se surpreenda se ouvir sinos tocando nas vendas ou algu\u00e9m aparecer com comida e bebida para comemorar uma entrega dif\u00edcil.<\/p>\n\n\n\n<p>Acreditam firmemente na inclus\u00e3o e n\u00e3o aceitam qualquer tipo de discrimina\u00e7\u00e3o. Na empresa, cada pensamento \u00e9 ouvido e voc\u00ea encontra espa\u00e7o para ser voc\u00ea mesmo.<\/p>","protected":false},"excerpt":{"rendered":"<p>Atualizado em Os Empregos \u00c1rvore destacam-se no mercado de trabalho pelos benef\u00edcios ofertados pela companhia, que trabalha todos os dias para levar servi\u00e7os de leitura a milhares de escolas p\u00fablicas e privadas em todos os cantos do Brasil. Em seis anos, as suas solu\u00e7\u00f5es atingiram mais de 1,7 milh\u00e3o de alunos e querem atingir muito&hellip;&nbsp;<\/p>","protected":false},"author":16,"featured_media":36271,"comment_status":"open","ping_status":"closed","sticky":false,"template":"","format":"standard","meta":{"neve_meta_sidebar":"","neve_meta_container":"","neve_meta_enable_content_width":"","neve_meta_content_width":0,"neve_meta_title_alignment":"","neve_meta_author_avatar":"","neve_post_elements_order":"","neve_meta_disable_header":"","neve_meta_disable_footer":"","neve_meta_disable_title":"","footnotes":""},"categories":[123],"tags":[691,608,147],"class_list":["post-36269","post","type-post","status-publish","format-standard","has-post-thumbnail","hentry","category-vagas-de-emprego-nacionais","tag-arvore","tag-oportunidades","tag-vaga-de-emprego"],"yoast_head":"<!-- This site is optimized with the Yoast SEO plugin v27.5 - https:\/\/yoast.com\/product\/yoast-seo-wordpress\/ -->\n<title>Marketing, Analistas, Caixa, Apoio Administrativo e muito mais na Empresa \u00c1rvore -<\/title>\n<meta name=\"description\" content=\"Veja em Vagas de Emprego RJ as vagas de emprego com e sem experi\u00eancia no seu Estado e Regi\u00e3o!\" \/>\n<meta name=\"robots\" content=\"index, follow, max-snippet:-1, max-image-preview:large, max-video-preview:-1\" \/>\n<link rel=\"canonical\" href=\"https:\/\/www.vagadeempregorj.com.br\/es\/empregos-arvore\/\" \/>\n<meta property=\"og:locale\" content=\"es_MX\" \/>\n<meta property=\"og:type\" content=\"article\" \/>\n<meta property=\"og:title\" content=\"Marketing, Analistas, Caixa, Apoio Administrativo e muito mais na Empresa \u00c1rvore -\" \/>\n<meta property=\"og:description\" content=\"Veja em Vagas de Emprego RJ as vagas de emprego com e sem experi\u00eancia no seu Estado e Regi\u00e3o!\" \/>\n<meta property=\"og:url\" content=\"https:\/\/www.vagadeempregorj.com.br\/es\/empregos-arvore\/\" \/>\n<meta property=\"article:publisher\" content=\"https:\/\/www.facebook.com\/empregobrasiloficial\" \/>\n<meta property=\"article:published_time\" content=\"2023-10-03T05:01:00+00:00\" \/>\n<meta property=\"og:image\" content=\"https:\/\/www.vagadeempregorj.com.br\/wp-content\/uploads\/2022\/11\/empregos-arvore.png\" \/>\n\t<meta property=\"og:image:width\" content=\"400\" \/>\n\t<meta property=\"og:image:height\" content=\"400\" \/>\n\t<meta property=\"og:image:type\" content=\"image\/png\" \/>\n<meta name=\"author\" content=\"Michele\" \/>\n<meta name=\"twitter:card\" content=\"summary_large_image\" \/>\n<meta name=\"twitter:label1\" content=\"Written by\" \/>\n\t<meta name=\"twitter:data1\" content=\"Michele\" \/>\n\t<meta name=\"twitter:label2\" content=\"Est. reading time\" \/>\n\t<meta name=\"twitter:data2\" content=\"3 minutos\" \/>\n<script type=\"application\/ld+json\" class=\"yoast-schema-graph\">{\"@context\":\"https:\\\/\\\/schema.org\",\"@graph\":[{\"@type\":\"Article\",\"@id\":\"https:\\\/\\\/www.vagadeempregorj.com.br\\\/empregos-arvore\\\/#article\",\"isPartOf\":{\"@id\":\"https:\\\/\\\/www.vagadeempregorj.com.br\\\/empregos-arvore\\\/\"},\"author\":{\"name\":\"Michele\",\"@id\":\"https:\\\/\\\/www.vagadeempregorj.com.br\\\/#\\\/schema\\\/person\\\/3ddb19fa0539706786e502152f3aae95\"},\"headline\":\"Marketing, Analistas, Caixa, Apoio Administrativo e muito mais na Empresa \u00c1rvore\",\"datePublished\":\"2023-10-03T05:01:00+00:00\",\"mainEntityOfPage\":{\"@id\":\"https:\\\/\\\/www.vagadeempregorj.com.br\\\/empregos-arvore\\\/\"},\"wordCount\":610,\"commentCount\":0,\"image\":{\"@id\":\"https:\\\/\\\/www.vagadeempregorj.com.br\\\/empregos-arvore\\\/#primaryimage\"},\"thumbnailUrl\":\"https:\\\/\\\/www.vagadeempregorj.com.br\\\/wp-content\\\/uploads\\\/2022\\\/11\\\/empregos-arvore.png\",\"keywords\":[\"\u00c1rvore\",\"oportunidades\",\"vaga de emprego\"],\"articleSection\":[\"Vagas de Emprego Nacionais\"],\"inLanguage\":\"es\",\"potentialAction\":[{\"@type\":\"CommentAction\",\"name\":\"Comment\",\"target\":[\"https:\\\/\\\/www.vagadeempregorj.com.br\\\/empregos-arvore\\\/#respond\"]}]},{\"@type\":\"WebPage\",\"@id\":\"https:\\\/\\\/www.vagadeempregorj.com.br\\\/empregos-arvore\\\/\",\"url\":\"https:\\\/\\\/www.vagadeempregorj.com.br\\\/empregos-arvore\\\/\",\"name\":\"Marketing, Analistas, Caixa, Apoio Administrativo e muito mais na Empresa \u00c1rvore -\",\"isPartOf\":{\"@id\":\"https:\\\/\\\/www.vagadeempregorj.com.br\\\/#website\"},\"primaryImageOfPage\":{\"@id\":\"https:\\\/\\\/www.vagadeempregorj.com.br\\\/empregos-arvore\\\/#primaryimage\"},\"image\":{\"@id\":\"https:\\\/\\\/www.vagadeempregorj.com.br\\\/empregos-arvore\\\/#primaryimage\"},\"thumbnailUrl\":\"https:\\\/\\\/www.vagadeempregorj.com.br\\\/wp-content\\\/uploads\\\/2022\\\/11\\\/empregos-arvore.png\",\"datePublished\":\"2023-10-03T05:01:00+00:00\",\"author\":{\"@id\":\"https:\\\/\\\/www.vagadeempregorj.com.br\\\/#\\\/schema\\\/person\\\/3ddb19fa0539706786e502152f3aae95\"},\"description\":\"Veja em Vagas de Emprego RJ as vagas de emprego com e sem experi\u00eancia no seu Estado e Regi\u00e3o!\",\"breadcrumb\":{\"@id\":\"https:\\\/\\\/www.vagadeempregorj.com.br\\\/empregos-arvore\\\/#breadcrumb\"},\"inLanguage\":\"es\",\"potentialAction\":[{\"@type\":\"ReadAction\",\"target\":[\"https:\\\/\\\/www.vagadeempregorj.com.br\\\/empregos-arvore\\\/\"]}]},{\"@type\":\"ImageObject\",\"inLanguage\":\"es\",\"@id\":\"https:\\\/\\\/www.vagadeempregorj.com.br\\\/empregos-arvore\\\/#primaryimage\",\"url\":\"https:\\\/\\\/www.vagadeempregorj.com.br\\\/wp-content\\\/uploads\\\/2022\\\/11\\\/empregos-arvore.png\",\"contentUrl\":\"https:\\\/\\\/www.vagadeempregorj.com.br\\\/wp-content\\\/uploads\\\/2022\\\/11\\\/empregos-arvore.png\",\"width\":400,\"height\":400,\"caption\":\"Imagem: \u00c1rvore - Reprodu\u00e7\u00e3o\"},{\"@type\":\"BreadcrumbList\",\"@id\":\"https:\\\/\\\/www.vagadeempregorj.com.br\\\/empregos-arvore\\\/#breadcrumb\",\"itemListElement\":[{\"@type\":\"ListItem\",\"position\":1,\"name\":\"In\u00edcio\",\"item\":\"https:\\\/\\\/www.vagadeempregorj.com.br\\\/\"},{\"@type\":\"ListItem\",\"position\":2,\"name\":\"Vagas de Emprego Nacionais\",\"item\":\"https:\\\/\\\/www.vagadeempregorj.com.br\\\/vagas-de-emprego-nacionais\\\/\"},{\"@type\":\"ListItem\",\"position\":3,\"name\":\"Marketing, Analistas, Caixa, Apoio Administrativo e muito mais na Empresa \u00c1rvore\"}]},{\"@type\":\"WebSite\",\"@id\":\"https:\\\/\\\/www.vagadeempregorj.com.br\\\/#website\",\"url\":\"https:\\\/\\\/www.vagadeempregorj.com.br\\\/\",\"name\":\"\",\"description\":\"Conquiste Sonhos: Vagas, Benef\u00edcios e Economia para Transformar Vidas e Alcan\u00e7ar Melhorias Cotidianas\",\"potentialAction\":[{\"@type\":\"SearchAction\",\"target\":{\"@type\":\"EntryPoint\",\"urlTemplate\":\"https:\\\/\\\/www.vagadeempregorj.com.br\\\/?s={search_term_string}\"},\"query-input\":{\"@type\":\"PropertyValueSpecification\",\"valueRequired\":true,\"valueName\":\"search_term_string\"}}],\"inLanguage\":\"es\"},{\"@type\":\"Person\",\"@id\":\"https:\\\/\\\/www.vagadeempregorj.com.br\\\/#\\\/schema\\\/person\\\/3ddb19fa0539706786e502152f3aae95\",\"name\":\"Michele\",\"image\":{\"@type\":\"ImageObject\",\"inLanguage\":\"es\",\"@id\":\"https:\\\/\\\/secure.gravatar.com\\\/avatar\\\/6b0eb9d22841282815e2cd856a0061c45e1761cd54b22e952d98c4746939aa85?s=96&r=g\",\"url\":\"https:\\\/\\\/secure.gravatar.com\\\/avatar\\\/6b0eb9d22841282815e2cd856a0061c45e1761cd54b22e952d98c4746939aa85?s=96&r=g\",\"contentUrl\":\"https:\\\/\\\/secure.gravatar.com\\\/avatar\\\/6b0eb9d22841282815e2cd856a0061c45e1761cd54b22e952d98c4746939aa85?s=96&r=g\",\"caption\":\"Michele\"},\"description\":\"Formada em Letras - Portugu\u00eas\\\/ Ingl\u00eas, e idealizadora do site Escritora de Sucesso, busca expandir o conhecimento de todos com informa\u00e7\u00f5es relevantes sobre diversos assuntos, enquanto redatora. No Vaga de Emprego RJ, traz oportunidades e dicas sobre o mercado de trabalho.\",\"url\":\"https:\\\/\\\/www.vagadeempregorj.com.br\\\/es\\\/author\\\/michele\\\/\"}]}<\/script>\n<!-- \/ Yoast SEO plugin. -->","yoast_head_json":{"title":"Marketing, Analistas, Caixa, Apoio Administrativo e muito mais na Empresa \u00c1rvore -","description":"Veja em Vagas de Emprego RJ as vagas de emprego com e sem experi\u00eancia no seu Estado e Regi\u00e3o!","robots":{"index":"index","follow":"follow","max-snippet":"max-snippet:-1","max-image-preview":"max-image-preview:large","max-video-preview":"max-video-preview:-1"},"canonical":"https:\/\/www.vagadeempregorj.com.br\/es\/empregos-arvore\/","og_locale":"es_MX","og_type":"article","og_title":"Marketing, Analistas, Caixa, Apoio Administrativo e muito mais na Empresa \u00c1rvore -","og_description":"Veja em Vagas de Emprego RJ as vagas de emprego com e sem experi\u00eancia no seu Estado e Regi\u00e3o!","og_url":"https:\/\/www.vagadeempregorj.com.br\/es\/empregos-arvore\/","article_publisher":"https:\/\/www.facebook.com\/empregobrasiloficial","article_published_time":"2023-10-03T05:01:00+00:00","og_image":[{"width":400,"height":400,"url":"https:\/\/www.vagadeempregorj.com.br\/wp-content\/uploads\/2022\/11\/empregos-arvore.png","type":"image\/png"}],"author":"Michele","twitter_card":"summary_large_image","twitter_misc":{"Written by":"Michele","Est. reading time":"3 minutos"},"schema":{"@context":"https:\/\/schema.org","@graph":[{"@type":"Article","@id":"https:\/\/www.vagadeempregorj.com.br\/empregos-arvore\/#article","isPartOf":{"@id":"https:\/\/www.vagadeempregorj.com.br\/empregos-arvore\/"},"author":{"name":"Michele","@id":"https:\/\/www.vagadeempregorj.com.br\/#\/schema\/person\/3ddb19fa0539706786e502152f3aae95"},"headline":"Marketing, Analistas, Caixa, Apoio Administrativo e muito mais na Empresa \u00c1rvore","datePublished":"2023-10-03T05:01:00+00:00","mainEntityOfPage":{"@id":"https:\/\/www.vagadeempregorj.com.br\/empregos-arvore\/"},"wordCount":610,"commentCount":0,"image":{"@id":"https:\/\/www.vagadeempregorj.com.br\/empregos-arvore\/#primaryimage"},"thumbnailUrl":"https:\/\/www.vagadeempregorj.com.br\/wp-content\/uploads\/2022\/11\/empregos-arvore.png","keywords":["\u00c1rvore","oportunidades","vaga de emprego"],"articleSection":["Vagas de Emprego Nacionais"],"inLanguage":"es","potentialAction":[{"@type":"CommentAction","name":"Comment","target":["https:\/\/www.vagadeempregorj.com.br\/empregos-arvore\/#respond"]}]},{"@type":"WebPage","@id":"https:\/\/www.vagadeempregorj.com.br\/empregos-arvore\/","url":"https:\/\/www.vagadeempregorj.com.br\/empregos-arvore\/","name":"Marketing, Analistas, Caixa, Apoio Administrativo e muito mais na Empresa \u00c1rvore -","isPartOf":{"@id":"https:\/\/www.vagadeempregorj.com.br\/#website"},"primaryImageOfPage":{"@id":"https:\/\/www.vagadeempregorj.com.br\/empregos-arvore\/#primaryimage"},"image":{"@id":"https:\/\/www.vagadeempregorj.com.br\/empregos-arvore\/#primaryimage"},"thumbnailUrl":"https:\/\/www.vagadeempregorj.com.br\/wp-content\/uploads\/2022\/11\/empregos-arvore.png","datePublished":"2023-10-03T05:01:00+00:00","author":{"@id":"https:\/\/www.vagadeempregorj.com.br\/#\/schema\/person\/3ddb19fa0539706786e502152f3aae95"},"description":"Veja em Vagas de Emprego RJ as vagas de emprego com e sem experi\u00eancia no seu Estado e Regi\u00e3o!","breadcrumb":{"@id":"https:\/\/www.vagadeempregorj.com.br\/empregos-arvore\/#breadcrumb"},"inLanguage":"es","potentialAction":[{"@type":"ReadAction","target":["https:\/\/www.vagadeempregorj.com.br\/empregos-arvore\/"]}]},{"@type":"ImageObject","inLanguage":"es","@id":"https:\/\/www.vagadeempregorj.com.br\/empregos-arvore\/#primaryimage","url":"https:\/\/www.vagadeempregorj.com.br\/wp-content\/uploads\/2022\/11\/empregos-arvore.png","contentUrl":"https:\/\/www.vagadeempregorj.com.br\/wp-content\/uploads\/2022\/11\/empregos-arvore.png","width":400,"height":400,"caption":"Imagem: \u00c1rvore - Reprodu\u00e7\u00e3o"},{"@type":"BreadcrumbList","@id":"https:\/\/www.vagadeempregorj.com.br\/empregos-arvore\/#breadcrumb","itemListElement":[{"@type":"ListItem","position":1,"name":"In\u00edcio","item":"https:\/\/www.vagadeempregorj.com.br\/"},{"@type":"ListItem","position":2,"name":"Vagas de Emprego Nacionais","item":"https:\/\/www.vagadeempregorj.com.br\/vagas-de-emprego-nacionais\/"},{"@type":"ListItem","position":3,"name":"Marketing, Analistas, Caixa, Apoio Administrativo e muito mais na Empresa \u00c1rvore"}]},{"@type":"WebSite","@id":"https:\/\/www.vagadeempregorj.com.br\/#website","url":"https:\/\/www.vagadeempregorj.com.br\/","name":"","description":"Conquiste Sonhos: Vagas, Benef\u00edcios e Economia para Transformar Vidas e Alcan\u00e7ar Melhorias Cotidianas","potentialAction":[{"@type":"SearchAction","target":{"@type":"EntryPoint","urlTemplate":"https:\/\/www.vagadeempregorj.com.br\/?s={search_term_string}"},"query-input":{"@type":"PropertyValueSpecification","valueRequired":true,"valueName":"search_term_string"}}],"inLanguage":"es"},{"@type":"Person","@id":"https:\/\/www.vagadeempregorj.com.br\/#\/schema\/person\/3ddb19fa0539706786e502152f3aae95","name":"Michele","image":{"@type":"ImageObject","inLanguage":"es","@id":"https:\/\/secure.gravatar.com\/avatar\/6b0eb9d22841282815e2cd856a0061c45e1761cd54b22e952d98c4746939aa85?s=96&r=g","url":"https:\/\/secure.gravatar.com\/avatar\/6b0eb9d22841282815e2cd856a0061c45e1761cd54b22e952d98c4746939aa85?s=96&r=g","contentUrl":"https:\/\/secure.gravatar.com\/avatar\/6b0eb9d22841282815e2cd856a0061c45e1761cd54b22e952d98c4746939aa85?s=96&r=g","caption":"Michele"},"description":"Formada em Letras - Portugu\u00eas\/ Ingl\u00eas, e idealizadora do site Escritora de Sucesso, busca expandir o conhecimento de todos com informa\u00e7\u00f5es relevantes sobre diversos assuntos, enquanto redatora. No Vaga de Emprego RJ, traz oportunidades e dicas sobre o mercado de trabalho.","url":"https:\/\/www.vagadeempregorj.com.br\/es\/author\/michele\/"}]}},"_links":{"self":[{"href":"https:\/\/www.vagadeempregorj.com.br\/es\/wp-json\/wp\/v2\/posts\/36269","targetHints":{"allow":["GET"]}}],"collection":[{"href":"https:\/\/www.vagadeempregorj.com.br\/es\/wp-json\/wp\/v2\/posts"}],"about":[{"href":"https:\/\/www.vagadeempregorj.com.br\/es\/wp-json\/wp\/v2\/types\/post"}],"author":[{"embeddable":true,"href":"https:\/\/www.vagadeempregorj.com.br\/es\/wp-json\/wp\/v2\/users\/16"}],"replies":[{"embeddable":true,"href":"https:\/\/www.vagadeempregorj.com.br\/es\/wp-json\/wp\/v2\/comments?post=36269"}],"version-history":[{"count":0,"href":"https:\/\/www.vagadeempregorj.com.br\/es\/wp-json\/wp\/v2\/posts\/36269\/revisions"}],"wp:featuredmedia":[{"embeddable":true,"href":"https:\/\/www.vagadeempregorj.com.br\/es\/wp-json\/wp\/v2\/media\/36271"}],"wp:attachment":[{"href":"https:\/\/www.vagadeempregorj.com.br\/es\/wp-json\/wp\/v2\/media?parent=36269"}],"wp:term":[{"taxonomy":"category","embeddable":true,"href":"https:\/\/www.vagadeempregorj.com.br\/es\/wp-json\/wp\/v2\/categories?post=36269"},{"taxonomy":"post_tag","embeddable":true,"href":"https:\/\/www.vagadeempregorj.com.br\/es\/wp-json\/wp\/v2\/tags?post=36269"}],"curies":[{"name":"wp","href":"https:\/\/api.w.org\/{rel}","templated":true}]}}