{"id":36553,"date":"2023-09-05T00:33:00","date_gmt":"2023-09-05T03:33:00","guid":{"rendered":"https:\/\/www.vagadeempregorj.com.br\/?p=36553"},"modified":"2023-09-05T18:02:18","modified_gmt":"2023-09-05T21:02:18","slug":"empregos-faber-castell","status":"publish","type":"post","link":"https:\/\/www.vagadeempregorj.com.br\/es\/empregos-faber-castell\/","title":{"rendered":"Empregos Faber Castell"},"content":{"rendered":"<p>Atualizado<\/p>\n\n\n<div class=\"wp-block-post-date\"><time datetime=\"2023-09-05T00:33:00-03:00\">05\/09\/2023<\/time><\/div>\n\n\n<p>Os <strong>Empregos Faber Castell <\/strong>contam com diversos benef\u00edcios, visto que a empresa \u00e9 l\u00edder na fabrica\u00e7\u00e3o de produtos de escrita, desenho e desenho de alta qualidade e est\u00e3o sempre em busca de criatividade e inova\u00e7\u00e3o. A sua hist\u00f3ria come\u00e7ou na Alemanha em 1761, mas somente no ano de 1930 que a empresa chegou em solo brasileiro, onde, al\u00e9m dos escrit\u00f3rios administrativos, est\u00e3o em 3 sedes: S\u00e3o Paulo e S\u00e3o Carlos, Manaus no Amazonas e Prata em Minas Gerais. Al\u00e9m de ser uma empresa neutra em carbono, somos l\u00edderes no cultivo de madeira para produzir EcoL\u00e1pis e possuem 9.600 hectares de planta\u00e7\u00f5es em Prata.<\/p>\n\n\n\n<figure class=\"wp-block-image size-full\"><img loading=\"lazy\" decoding=\"async\" width=\"480\" height=\"480\" src=\"https:\/\/www.vagadeempregorj.com.br\/wp-content\/uploads\/2022\/12\/Empregos-Faber-Castell.png\" alt=\"Empregos Faber Castell\" class=\"wp-image-36559\" srcset=\"https:\/\/www.vagadeempregorj.com.br\/wp-content\/uploads\/2022\/12\/Empregos-Faber-Castell.png 480w, https:\/\/www.vagadeempregorj.com.br\/wp-content\/uploads\/2022\/12\/Empregos-Faber-Castell-300x300.png 300w, https:\/\/www.vagadeempregorj.com.br\/wp-content\/uploads\/2022\/12\/Empregos-Faber-Castell-150x150.png 150w, https:\/\/www.vagadeempregorj.com.br\/wp-content\/uploads\/2022\/12\/Empregos-Faber-Castell-96x96.png 96w\" sizes=\"auto, (max-width: 480px) 100vw, 480px\" \/><figcaption class=\"wp-element-caption\">Imagem: Faber Castell &#8211; Reprodu\u00e7\u00e3o<\/figcaption><\/figure>\n\n\n\n<h2 class=\"wp-block-heading\">Saiba como se candidatar aos Empregos Faber Castell<\/h2>\n\n\n\n<p>Para obter uma vaga de trabalho nesta empresa, o primeiro passo \u00e9 fazer um cadastro no banco de dados que ela possui. Para isso, clique no link a seguir:<\/p>\n\n\n\n<ul class=\"wp-block-list\">\n<li><a href=\"https:\/\/fabercastell.gupy.io\/\">Vagas Faber Castell<\/a>.<\/li>\n<\/ul>\n\n\n\n<p>Em seguida, preencha o seu perfil com todas as suas informa\u00e7\u00f5es pessoais e profissionais de forma correta para que a companhia possa entrar em contato. Na hora da entrevista n\u00e3o esque\u00e7a de cumprimentar o entrevistador com um aperto de m\u00e3o firme. Olhe nos olhos dele, mesmo se for uma entrevista online. Al\u00e9m disso, n\u00e3o fale mal do seu chefe anterior ou do atual, pois isso ser\u00e1 considerado falta de \u00e9tica. Tamb\u00e9m evite divulgar dados confidenciais a respeito das empresas em que voc\u00ea trabalha ou j\u00e1 trabalhou.<\/p>\n\n\n\n<p><strong>Veja tamb\u00e9m: <a href=\"https:\/\/www.vagadeempregorj.com.br\/es\/empregos-lojas-mm\/\">Assistentes de Lojas, Promotores de Servi\u00e7os, Gerentes, Vendedores e muito mais na Empresa Lojas MM<\/a><\/strong><\/p>\n\n\n\n<h2 class=\"wp-block-heading\">Sobre a Faber Castell<\/h2>\n\n\n\n<p>A companhia come\u00e7ou como uma pequena oficina na Alemanha que foi inaugurado no ano de 1761 atrav\u00e9s do marceneiro Kaspar Faber. Apesar das \u00f3bvias associa\u00e7\u00f5es da profiss\u00e3o, \u00e9 estranho que o primeiro prot\u00f3tipo de Casper n\u00e3o fosse feito de madeira, mas de chumbo. Ap\u00f3s 23 anos, o pequeno neg\u00f3cio \u00e9 comandado pelo herdeiro e vision\u00e1rio de sua \u00e9poca, Anton Wilhelm, que foi o respons\u00e1vel por profissionalizar a marca com o seu sobrenome e iniciais, sendo chamada de A.W. Faber.<\/p>\n\n\n\n<p>Mais tarde, Anton William tamb\u00e9m percebeu que se investisse parte dos recursos da oficina em outras propriedades, poderia acelerar a produ\u00e7\u00e3o e aumentar os lucros em sua cidade, uma decis\u00e3o importante que aumentou os custos no in\u00edcio, mas acelerou no longo prazo. No momento em que a companhia assumiu o cargo de Georg Leonhard Faber, o pa\u00eds alem\u00e3o atravessava uma cont\u00ednua crise pol\u00edtica e econ\u00f4mica de 1810 a 1838. Diante dessa situa\u00e7\u00e3o, o neto de Kaspar n\u00e3o conseguiu evitar a queda na produ\u00e7\u00e3o que amea\u00e7ava falir.<\/p>\n\n\n\n<p>A morte prematura de Georg Leonhard em 1839 levou \u00e0 transfer\u00eancia da administra\u00e7\u00e3o de A.W. Faber para seu filho Lothar von Faber, um jovem com idade de 22 anos na \u00e9poca. Lothar precisava de solu\u00e7\u00f5es para manter o neg\u00f3cio da fam\u00edlia funcionando. Primeiro, ele decidiu aprender mais sobre seu neg\u00f3cio, ent\u00e3o ele viajou, ganhando uma experi\u00eancia valiosa, obtendo informa\u00e7\u00f5es sobre como funcionavam as companhias que produziam instrumentos de escrita na capital da Inglaterra e da Fran\u00e7a. Depois de voltar da A.W. para seu pa\u00eds natal, ele estabeleceu a vis\u00e3o da companhia que conhecemos hoje. A empresa n\u00e3o ser\u00e1 mais apenas um est\u00fadio, mas uma organiza\u00e7\u00e3o comprometida. Seu lema era: alcan\u00e7ar o mais alto status e produzir os melhores produtos do mundo.<\/p>","protected":false},"excerpt":{"rendered":"<p>Atualizado Os Empregos Faber Castell contam com diversos benef\u00edcios, visto que a empresa \u00e9 l\u00edder na fabrica\u00e7\u00e3o de produtos de escrita, desenho e desenho de alta qualidade e est\u00e3o sempre em busca de criatividade e inova\u00e7\u00e3o. A sua hist\u00f3ria come\u00e7ou na Alemanha em 1761, mas somente no ano de 1930 que a empresa chegou em&hellip;&nbsp;<\/p>","protected":false},"author":16,"featured_media":36559,"comment_status":"closed","ping_status":"closed","sticky":false,"template":"","format":"standard","meta":{"neve_meta_sidebar":"","neve_meta_container":"","neve_meta_enable_content_width":"","neve_meta_content_width":0,"neve_meta_title_alignment":"","neve_meta_author_avatar":"","neve_post_elements_order":"","neve_meta_disable_header":"","neve_meta_disable_footer":"","neve_meta_disable_title":"","footnotes":""},"categories":[123],"tags":[727,608,211],"class_list":["post-36553","post","type-post","status-publish","format-standard","has-post-thumbnail","hentry","category-vagas-de-emprego-nacionais","tag-faber-castell","tag-oportunidades","tag-vagas-de-emprego"],"yoast_head":"<!-- This site is optimized with the Yoast SEO plugin v27.5 - https:\/\/yoast.com\/product\/yoast-seo-wordpress\/ -->\n<title>Empregos Faber Castell -<\/title>\n<meta name=\"description\" content=\"Veja em Vagas de Emprego RJ as vagas de emprego com e sem experi\u00eancia no seu Estado e Regi\u00e3o!\" \/>\n<meta name=\"robots\" content=\"index, follow, max-snippet:-1, max-image-preview:large, max-video-preview:-1\" \/>\n<link rel=\"canonical\" href=\"https:\/\/www.vagadeempregorj.com.br\/es\/empregos-faber-castell\/\" \/>\n<meta property=\"og:locale\" content=\"es_MX\" \/>\n<meta property=\"og:type\" content=\"article\" \/>\n<meta property=\"og:title\" content=\"Empregos Faber Castell -\" \/>\n<meta property=\"og:description\" content=\"Veja em Vagas de Emprego RJ as vagas de emprego com e sem experi\u00eancia no seu Estado e Regi\u00e3o!\" \/>\n<meta property=\"og:url\" content=\"https:\/\/www.vagadeempregorj.com.br\/es\/empregos-faber-castell\/\" \/>\n<meta property=\"article:publisher\" content=\"https:\/\/www.facebook.com\/empregobrasiloficial\" \/>\n<meta property=\"article:published_time\" content=\"2023-09-05T03:33:00+00:00\" \/>\n<meta property=\"article:modified_time\" content=\"2023-09-05T21:02:18+00:00\" \/>\n<meta property=\"og:image\" content=\"https:\/\/www.vagadeempregorj.com.br\/wp-content\/uploads\/2022\/12\/Empregos-Faber-Castell.png\" \/>\n\t<meta property=\"og:image:width\" content=\"480\" \/>\n\t<meta property=\"og:image:height\" content=\"480\" \/>\n\t<meta property=\"og:image:type\" content=\"image\/png\" \/>\n<meta name=\"author\" content=\"Michele\" \/>\n<meta name=\"twitter:card\" content=\"summary_large_image\" \/>\n<meta name=\"twitter:label1\" content=\"Written by\" \/>\n\t<meta name=\"twitter:data1\" content=\"Michele\" \/>\n\t<meta name=\"twitter:label2\" content=\"Est. reading time\" \/>\n\t<meta name=\"twitter:data2\" content=\"3 minutos\" \/>\n<script type=\"application\/ld+json\" class=\"yoast-schema-graph\">{\"@context\":\"https:\\\/\\\/schema.org\",\"@graph\":[{\"@type\":\"Article\",\"@id\":\"https:\\\/\\\/www.vagadeempregorj.com.br\\\/empregos-faber-castell\\\/#article\",\"isPartOf\":{\"@id\":\"https:\\\/\\\/www.vagadeempregorj.com.br\\\/empregos-faber-castell\\\/\"},\"author\":{\"name\":\"Michele\",\"@id\":\"https:\\\/\\\/www.vagadeempregorj.com.br\\\/#\\\/schema\\\/person\\\/3ddb19fa0539706786e502152f3aae95\"},\"headline\":\"Empregos Faber Castell\",\"datePublished\":\"2023-09-05T03:33:00+00:00\",\"dateModified\":\"2023-09-05T21:02:18+00:00\",\"mainEntityOfPage\":{\"@id\":\"https:\\\/\\\/www.vagadeempregorj.com.br\\\/empregos-faber-castell\\\/\"},\"wordCount\":598,\"image\":{\"@id\":\"https:\\\/\\\/www.vagadeempregorj.com.br\\\/empregos-faber-castell\\\/#primaryimage\"},\"thumbnailUrl\":\"https:\\\/\\\/www.vagadeempregorj.com.br\\\/wp-content\\\/uploads\\\/2022\\\/12\\\/Empregos-Faber-Castell.png\",\"keywords\":[\"Faber Castell\",\"oportunidades\",\"vagas de emprego\"],\"articleSection\":[\"Vagas de Emprego Nacionais\"],\"inLanguage\":\"es\"},{\"@type\":\"WebPage\",\"@id\":\"https:\\\/\\\/www.vagadeempregorj.com.br\\\/empregos-faber-castell\\\/\",\"url\":\"https:\\\/\\\/www.vagadeempregorj.com.br\\\/empregos-faber-castell\\\/\",\"name\":\"Empregos Faber Castell -\",\"isPartOf\":{\"@id\":\"https:\\\/\\\/www.vagadeempregorj.com.br\\\/#website\"},\"primaryImageOfPage\":{\"@id\":\"https:\\\/\\\/www.vagadeempregorj.com.br\\\/empregos-faber-castell\\\/#primaryimage\"},\"image\":{\"@id\":\"https:\\\/\\\/www.vagadeempregorj.com.br\\\/empregos-faber-castell\\\/#primaryimage\"},\"thumbnailUrl\":\"https:\\\/\\\/www.vagadeempregorj.com.br\\\/wp-content\\\/uploads\\\/2022\\\/12\\\/Empregos-Faber-Castell.png\",\"datePublished\":\"2023-09-05T03:33:00+00:00\",\"dateModified\":\"2023-09-05T21:02:18+00:00\",\"author\":{\"@id\":\"https:\\\/\\\/www.vagadeempregorj.com.br\\\/#\\\/schema\\\/person\\\/3ddb19fa0539706786e502152f3aae95\"},\"description\":\"Veja em Vagas de Emprego RJ as vagas de emprego com e sem experi\u00eancia no seu Estado e Regi\u00e3o!\",\"breadcrumb\":{\"@id\":\"https:\\\/\\\/www.vagadeempregorj.com.br\\\/empregos-faber-castell\\\/#breadcrumb\"},\"inLanguage\":\"es\",\"potentialAction\":[{\"@type\":\"ReadAction\",\"target\":[\"https:\\\/\\\/www.vagadeempregorj.com.br\\\/empregos-faber-castell\\\/\"]}]},{\"@type\":\"ImageObject\",\"inLanguage\":\"es\",\"@id\":\"https:\\\/\\\/www.vagadeempregorj.com.br\\\/empregos-faber-castell\\\/#primaryimage\",\"url\":\"https:\\\/\\\/www.vagadeempregorj.com.br\\\/wp-content\\\/uploads\\\/2022\\\/12\\\/Empregos-Faber-Castell.png\",\"contentUrl\":\"https:\\\/\\\/www.vagadeempregorj.com.br\\\/wp-content\\\/uploads\\\/2022\\\/12\\\/Empregos-Faber-Castell.png\",\"width\":480,\"height\":480,\"caption\":\"Imagem: Faber Castell - Reprodu\u00e7\u00e3o\"},{\"@type\":\"BreadcrumbList\",\"@id\":\"https:\\\/\\\/www.vagadeempregorj.com.br\\\/empregos-faber-castell\\\/#breadcrumb\",\"itemListElement\":[{\"@type\":\"ListItem\",\"position\":1,\"name\":\"In\u00edcio\",\"item\":\"https:\\\/\\\/www.vagadeempregorj.com.br\\\/\"},{\"@type\":\"ListItem\",\"position\":2,\"name\":\"Vagas de Emprego Nacionais\",\"item\":\"https:\\\/\\\/www.vagadeempregorj.com.br\\\/vagas-de-emprego-nacionais\\\/\"},{\"@type\":\"ListItem\",\"position\":3,\"name\":\"Empregos Faber Castell\"}]},{\"@type\":\"WebSite\",\"@id\":\"https:\\\/\\\/www.vagadeempregorj.com.br\\\/#website\",\"url\":\"https:\\\/\\\/www.vagadeempregorj.com.br\\\/\",\"name\":\"\",\"description\":\"Conquiste Sonhos: Vagas, Benef\u00edcios e Economia para Transformar Vidas e Alcan\u00e7ar Melhorias Cotidianas\",\"potentialAction\":[{\"@type\":\"SearchAction\",\"target\":{\"@type\":\"EntryPoint\",\"urlTemplate\":\"https:\\\/\\\/www.vagadeempregorj.com.br\\\/?s={search_term_string}\"},\"query-input\":{\"@type\":\"PropertyValueSpecification\",\"valueRequired\":true,\"valueName\":\"search_term_string\"}}],\"inLanguage\":\"es\"},{\"@type\":\"Person\",\"@id\":\"https:\\\/\\\/www.vagadeempregorj.com.br\\\/#\\\/schema\\\/person\\\/3ddb19fa0539706786e502152f3aae95\",\"name\":\"Michele\",\"image\":{\"@type\":\"ImageObject\",\"inLanguage\":\"es\",\"@id\":\"https:\\\/\\\/secure.gravatar.com\\\/avatar\\\/6b0eb9d22841282815e2cd856a0061c45e1761cd54b22e952d98c4746939aa85?s=96&r=g\",\"url\":\"https:\\\/\\\/secure.gravatar.com\\\/avatar\\\/6b0eb9d22841282815e2cd856a0061c45e1761cd54b22e952d98c4746939aa85?s=96&r=g\",\"contentUrl\":\"https:\\\/\\\/secure.gravatar.com\\\/avatar\\\/6b0eb9d22841282815e2cd856a0061c45e1761cd54b22e952d98c4746939aa85?s=96&r=g\",\"caption\":\"Michele\"},\"description\":\"Formada em Letras - Portugu\u00eas\\\/ Ingl\u00eas, e idealizadora do site Escritora de Sucesso, busca expandir o conhecimento de todos com informa\u00e7\u00f5es relevantes sobre diversos assuntos, enquanto redatora. No Vaga de Emprego RJ, traz oportunidades e dicas sobre o mercado de trabalho.\",\"url\":\"https:\\\/\\\/www.vagadeempregorj.com.br\\\/es\\\/author\\\/michele\\\/\"}]}<\/script>\n<!-- \/ Yoast SEO plugin. -->","yoast_head_json":{"title":"Empregos Faber Castell -","description":"Veja em Vagas de Emprego RJ as vagas de emprego com e sem experi\u00eancia no seu Estado e Regi\u00e3o!","robots":{"index":"index","follow":"follow","max-snippet":"max-snippet:-1","max-image-preview":"max-image-preview:large","max-video-preview":"max-video-preview:-1"},"canonical":"https:\/\/www.vagadeempregorj.com.br\/es\/empregos-faber-castell\/","og_locale":"es_MX","og_type":"article","og_title":"Empregos Faber Castell -","og_description":"Veja em Vagas de Emprego RJ as vagas de emprego com e sem experi\u00eancia no seu Estado e Regi\u00e3o!","og_url":"https:\/\/www.vagadeempregorj.com.br\/es\/empregos-faber-castell\/","article_publisher":"https:\/\/www.facebook.com\/empregobrasiloficial","article_published_time":"2023-09-05T03:33:00+00:00","article_modified_time":"2023-09-05T21:02:18+00:00","og_image":[{"width":480,"height":480,"url":"https:\/\/www.vagadeempregorj.com.br\/wp-content\/uploads\/2022\/12\/Empregos-Faber-Castell.png","type":"image\/png"}],"author":"Michele","twitter_card":"summary_large_image","twitter_misc":{"Written by":"Michele","Est. reading time":"3 minutos"},"schema":{"@context":"https:\/\/schema.org","@graph":[{"@type":"Article","@id":"https:\/\/www.vagadeempregorj.com.br\/empregos-faber-castell\/#article","isPartOf":{"@id":"https:\/\/www.vagadeempregorj.com.br\/empregos-faber-castell\/"},"author":{"name":"Michele","@id":"https:\/\/www.vagadeempregorj.com.br\/#\/schema\/person\/3ddb19fa0539706786e502152f3aae95"},"headline":"Empregos Faber Castell","datePublished":"2023-09-05T03:33:00+00:00","dateModified":"2023-09-05T21:02:18+00:00","mainEntityOfPage":{"@id":"https:\/\/www.vagadeempregorj.com.br\/empregos-faber-castell\/"},"wordCount":598,"image":{"@id":"https:\/\/www.vagadeempregorj.com.br\/empregos-faber-castell\/#primaryimage"},"thumbnailUrl":"https:\/\/www.vagadeempregorj.com.br\/wp-content\/uploads\/2022\/12\/Empregos-Faber-Castell.png","keywords":["Faber Castell","oportunidades","vagas de emprego"],"articleSection":["Vagas de Emprego Nacionais"],"inLanguage":"es"},{"@type":"WebPage","@id":"https:\/\/www.vagadeempregorj.com.br\/empregos-faber-castell\/","url":"https:\/\/www.vagadeempregorj.com.br\/empregos-faber-castell\/","name":"Empregos Faber Castell -","isPartOf":{"@id":"https:\/\/www.vagadeempregorj.com.br\/#website"},"primaryImageOfPage":{"@id":"https:\/\/www.vagadeempregorj.com.br\/empregos-faber-castell\/#primaryimage"},"image":{"@id":"https:\/\/www.vagadeempregorj.com.br\/empregos-faber-castell\/#primaryimage"},"thumbnailUrl":"https:\/\/www.vagadeempregorj.com.br\/wp-content\/uploads\/2022\/12\/Empregos-Faber-Castell.png","datePublished":"2023-09-05T03:33:00+00:00","dateModified":"2023-09-05T21:02:18+00:00","author":{"@id":"https:\/\/www.vagadeempregorj.com.br\/#\/schema\/person\/3ddb19fa0539706786e502152f3aae95"},"description":"Veja em Vagas de Emprego RJ as vagas de emprego com e sem experi\u00eancia no seu Estado e Regi\u00e3o!","breadcrumb":{"@id":"https:\/\/www.vagadeempregorj.com.br\/empregos-faber-castell\/#breadcrumb"},"inLanguage":"es","potentialAction":[{"@type":"ReadAction","target":["https:\/\/www.vagadeempregorj.com.br\/empregos-faber-castell\/"]}]},{"@type":"ImageObject","inLanguage":"es","@id":"https:\/\/www.vagadeempregorj.com.br\/empregos-faber-castell\/#primaryimage","url":"https:\/\/www.vagadeempregorj.com.br\/wp-content\/uploads\/2022\/12\/Empregos-Faber-Castell.png","contentUrl":"https:\/\/www.vagadeempregorj.com.br\/wp-content\/uploads\/2022\/12\/Empregos-Faber-Castell.png","width":480,"height":480,"caption":"Imagem: Faber Castell - Reprodu\u00e7\u00e3o"},{"@type":"BreadcrumbList","@id":"https:\/\/www.vagadeempregorj.com.br\/empregos-faber-castell\/#breadcrumb","itemListElement":[{"@type":"ListItem","position":1,"name":"In\u00edcio","item":"https:\/\/www.vagadeempregorj.com.br\/"},{"@type":"ListItem","position":2,"name":"Vagas de Emprego Nacionais","item":"https:\/\/www.vagadeempregorj.com.br\/vagas-de-emprego-nacionais\/"},{"@type":"ListItem","position":3,"name":"Empregos Faber Castell"}]},{"@type":"WebSite","@id":"https:\/\/www.vagadeempregorj.com.br\/#website","url":"https:\/\/www.vagadeempregorj.com.br\/","name":"","description":"Conquiste Sonhos: Vagas, Benef\u00edcios e Economia para Transformar Vidas e Alcan\u00e7ar Melhorias Cotidianas","potentialAction":[{"@type":"SearchAction","target":{"@type":"EntryPoint","urlTemplate":"https:\/\/www.vagadeempregorj.com.br\/?s={search_term_string}"},"query-input":{"@type":"PropertyValueSpecification","valueRequired":true,"valueName":"search_term_string"}}],"inLanguage":"es"},{"@type":"Person","@id":"https:\/\/www.vagadeempregorj.com.br\/#\/schema\/person\/3ddb19fa0539706786e502152f3aae95","name":"Michele","image":{"@type":"ImageObject","inLanguage":"es","@id":"https:\/\/secure.gravatar.com\/avatar\/6b0eb9d22841282815e2cd856a0061c45e1761cd54b22e952d98c4746939aa85?s=96&r=g","url":"https:\/\/secure.gravatar.com\/avatar\/6b0eb9d22841282815e2cd856a0061c45e1761cd54b22e952d98c4746939aa85?s=96&r=g","contentUrl":"https:\/\/secure.gravatar.com\/avatar\/6b0eb9d22841282815e2cd856a0061c45e1761cd54b22e952d98c4746939aa85?s=96&r=g","caption":"Michele"},"description":"Formada em Letras - Portugu\u00eas\/ Ingl\u00eas, e idealizadora do site Escritora de Sucesso, busca expandir o conhecimento de todos com informa\u00e7\u00f5es relevantes sobre diversos assuntos, enquanto redatora. No Vaga de Emprego RJ, traz oportunidades e dicas sobre o mercado de trabalho.","url":"https:\/\/www.vagadeempregorj.com.br\/es\/author\/michele\/"}]}},"_links":{"self":[{"href":"https:\/\/www.vagadeempregorj.com.br\/es\/wp-json\/wp\/v2\/posts\/36553","targetHints":{"allow":["GET"]}}],"collection":[{"href":"https:\/\/www.vagadeempregorj.com.br\/es\/wp-json\/wp\/v2\/posts"}],"about":[{"href":"https:\/\/www.vagadeempregorj.com.br\/es\/wp-json\/wp\/v2\/types\/post"}],"author":[{"embeddable":true,"href":"https:\/\/www.vagadeempregorj.com.br\/es\/wp-json\/wp\/v2\/users\/16"}],"replies":[{"embeddable":true,"href":"https:\/\/www.vagadeempregorj.com.br\/es\/wp-json\/wp\/v2\/comments?post=36553"}],"version-history":[{"count":0,"href":"https:\/\/www.vagadeempregorj.com.br\/es\/wp-json\/wp\/v2\/posts\/36553\/revisions"}],"wp:featuredmedia":[{"embeddable":true,"href":"https:\/\/www.vagadeempregorj.com.br\/es\/wp-json\/wp\/v2\/media\/36559"}],"wp:attachment":[{"href":"https:\/\/www.vagadeempregorj.com.br\/es\/wp-json\/wp\/v2\/media?parent=36553"}],"wp:term":[{"taxonomy":"category","embeddable":true,"href":"https:\/\/www.vagadeempregorj.com.br\/es\/wp-json\/wp\/v2\/categories?post=36553"},{"taxonomy":"post_tag","embeddable":true,"href":"https:\/\/www.vagadeempregorj.com.br\/es\/wp-json\/wp\/v2\/tags?post=36553"}],"curies":[{"name":"wp","href":"https:\/\/api.w.org\/{rel}","templated":true}]}}